{"id":1286,"date":"2026-04-26T15:39:37","date_gmt":"2026-04-26T12:39:37","guid":{"rendered":"https:\/\/revistapontica.com\/?p=1286"},"modified":"2026-04-26T16:01:09","modified_gmt":"2026-04-26T13:01:09","slug":"pontica-nr-47-2014","status":"publish","type":"post","link":"https:\/\/revistapontica.com\/en\/pontica-nr-47-2014\/","title":{"rendered":"Pontica Nr. 47 (2014)"},"content":{"rendered":"<div class=\"wp-block-image\">\n<figure class=\"aligncenter size-large is-resized\"><img fetchpriority=\"high\" decoding=\"async\" width=\"725\" height=\"1024\" src=\"https:\/\/revistapontica.com\/wp-content\/uploads\/2026\/04\/pontica-47-725x1024.jpg\" alt=\"\" class=\"wp-image-1352\" style=\"width:580px;height:auto\" srcset=\"https:\/\/revistapontica.com\/wp-content\/uploads\/2026\/04\/pontica-47-725x1024.jpg 725w, https:\/\/revistapontica.com\/wp-content\/uploads\/2026\/04\/pontica-47-213x300.jpg 213w, https:\/\/revistapontica.com\/wp-content\/uploads\/2026\/04\/pontica-47-768x1084.jpg 768w, https:\/\/revistapontica.com\/wp-content\/uploads\/2026\/04\/pontica-47-9x12.jpg 9w, https:\/\/revistapontica.com\/wp-content\/uploads\/2026\/04\/pontica-47.jpg 850w\" sizes=\"(max-width: 725px) 100vw, 725px\" \/><\/figure>\n<\/div>\n\n\n<div style=\"height:50px\" aria-hidden=\"true\" class=\"wp-block-spacer\"><\/div>\n\n\n\n<div class=\"wp-block-buttons is-content-justification-center is-layout-flex wp-container-core-buttons-is-layout-16018d1d wp-block-buttons-is-layout-flex\">\n<div class=\"wp-block-button is-style-outline is-style-outline--1\"><a class=\"wp-block-button__link has-small-font-size has-custom-font-size wp-element-button\" href=\"https:\/\/revistapontica.com\/wp-content\/uploads\/2026\/04\/pontica-47.pdf\" style=\"border-top-left-radius:0px;border-top-right-radius:0px;border-bottom-left-radius:0px;border-bottom-right-radius:0px\"><strong>DESCHIDE PONTICA NR. 47 &#8211; VARIANTA COMPLET\u0102 \u00ceN FORMAT .PDF<\/strong> (68 Mb)<\/a><\/div>\n<\/div>\n\n\n\n<div style=\"height:50px\" aria-hidden=\"true\" class=\"wp-block-spacer\"><\/div>\n\n\n\n<p class=\"has-text-align-center\"><strong>SUMAR<\/strong><br>&#8211;<a href=\"https:\/\/revistapontica.com\/wp-content\/uploads\/2026\/04\/1238-Pontica-47-2014-Sumar.pdf\" data-type=\"link\" data-id=\"https:\/\/revistapontica.com\/wp-content\/uploads\/2026\/04\/1238-Pontica-47-2014-Sumar.pdf\">deschide varianta PDF<\/a>&#8211;<\/p>\n\n\n\n<hr class=\"wp-block-separator has-alpha-channel-opacity\"\/>\n\n\n\n<p class=\"has-text-align-center\"><strong>Piissimae memoriae<\/strong><br>&#8211;<a href=\"https:\/\/revistapontica.com\/wp-content\/uploads\/2026\/04\/1239-Pontica-47-2014-Piissimae-memoriae.pdf\" data-type=\"link\" data-id=\"https:\/\/revistapontica.com\/wp-content\/uploads\/2026\/04\/1239-Pontica-47-2014-Piissimae-memoriae.pdf\">deschide varianta PDF<\/a>&#8211;<\/p>\n\n\n\n<hr class=\"wp-block-separator has-alpha-channel-opacity\"\/>\n\n\n\n<details class=\"wp-block-details is-layout-flow wp-block-details-is-layout-flow\"><summary>Nu po\u021bi avea mai multe ceasuri \u00een via\u021b\u0103, doar mai mult\u0103 via\u021b\u0103 \u00een timpul dat<\/summary>\n<p><\/p>\n<\/details>\n\n\n\n<p class=\"has-text-align-center\"><strong><strong><strong><strong>CRISTINA-GEORGETA ALEXANDRESCU<\/strong><\/strong><\/strong><\/strong><br>&#8211;<a href=\"https:\/\/revistapontica.com\/wp-content\/uploads\/2026\/04\/1240-Pontica-47-2014-CRISTINA-GEORGETA-ALEXANDRESCU-\u2013-Nu-poti-avea-mai-multe-ceasuri-in-viata-doar-mai-multa-viata-in-timpul-dat.pdf\" data-type=\"link\" data-id=\"https:\/\/revistapontica.com\/wp-content\/uploads\/2026\/04\/1240-Pontica-47-2014-CRISTINA-GEORGETA-ALEXANDRESCU-\u2013-Nu-poti-avea-mai-multe-ceasuri-in-viata-doar-mai-multa-viata-in-timpul-dat.pdf\">deschide varianta PDF<\/a>&#8211;<\/p>\n\n\n\n<hr class=\"wp-block-separator has-alpha-channel-opacity\"\/>\n\n\n\n<details class=\"wp-block-details is-layout-flow wp-block-details-is-layout-flow\"><summary>Marble Analyses of Sculptures from the Territory of Dobrudja in the Collections of the<\/summary>\n<p><\/p>\n<\/details>\n\n\n\n<p class=\"has-text-align-center\"><strong><strong><strong>CRISTINA-GEORGETA ALEXANDRESCU<\/strong><\/strong><\/strong><br><strong><strong><strong>JUDIT Z\u00d6LDF\u00d6LDI<\/strong><\/strong><\/strong><br><strong><strong><strong>HEINRICH TAUBALD<\/strong><\/strong><\/strong><br>&#8211;<a href=\"https:\/\/revistapontica.com\/wp-content\/uploads\/2026\/04\/1241-Pontica-47-2014-CRISTINA-GEORGETA-ALEXANDRESCU-JUDIT-ZOLDFOLDI-HEINRICH-TAUBALD-\u2013-Marble-Analyses-of-Sculptures-from-the-Territory-of-Dobrudja-in-the-Collections-of-the.pdf\" data-type=\"link\" data-id=\"https:\/\/revistapontica.com\/wp-content\/uploads\/2026\/04\/1241-Pontica-47-2014-CRISTINA-GEORGETA-ALEXANDRESCU-JUDIT-ZOLDFOLDI-HEINRICH-TAUBALD-\u2013-Marble-Analyses-of-Sculptures-from-the-Territory-of-Dobrudja-in-the-Collections-of-the.pdf\">deschide varianta PDF<\/a>&#8211;<\/p>\n\n\n\n<hr class=\"wp-block-separator has-alpha-channel-opacity\"\/>\n\n\n\n<details class=\"wp-block-details is-layout-flow wp-block-details-is-layout-flow\"><summary>Augustus \u00een scrierile antice t\u00e2rzii (cu privire special\u0103 asupra breviariilor istoriografice)<\/summary>\n<p><\/p>\n<\/details>\n\n\n\n<p class=\"has-text-align-center\"><strong><strong><strong>NELU ZUGRAVU <\/strong><\/strong><\/strong><br>&#8211;<a href=\"https:\/\/revistapontica.com\/wp-content\/uploads\/2026\/04\/1242-Pontica-47-2014-NELU-ZUGRAVU-\u2013-Augustus-in-scrierile-antice-tarzii-cu-privire-speciala-asupra-breviariilor-istoriografice.pdf\" data-type=\"link\" data-id=\"https:\/\/revistapontica.com\/wp-content\/uploads\/2026\/04\/1242-Pontica-47-2014-NELU-ZUGRAVU-\u2013-Augustus-in-scrierile-antice-tarzii-cu-privire-speciala-asupra-breviariilor-istoriografice.pdf\">deschide varianta PDF<\/a>&#8211;<\/p>\n\n\n\n<hr class=\"wp-block-separator has-alpha-channel-opacity\"\/>\n\n\n\n<details class=\"wp-block-details is-layout-flow wp-block-details-is-layout-flow\"><summary>Urm\u0103rile hot\u0103r\u00e2rilor Sinodului al III-lea Ecumenic (Efes, 431) asupra \u00eenv\u0103\u021b\u0103turii soteriologice a bisericii din provincia roman\u0103 Scythia<\/summary>\n<p><\/p>\n<\/details>\n\n\n\n<p class=\"has-text-align-center\"><strong><strong><strong>IONU\u021a HOLUBEANU<\/strong><\/strong><\/strong><br>&#8211;<a href=\"https:\/\/revistapontica.com\/wp-content\/uploads\/2026\/04\/1243-Pontica-47-2014-IONUT-HOLUBEANU-\u2013-Urmarile-hotararilor-Sinodului-al-III-lea-Ecumenic-Efes-431-asupra-invataturii-soteriologice-a-bisericii-din-provincia-romana-Scythia.pdf\" data-type=\"link\" data-id=\"https:\/\/revistapontica.com\/wp-content\/uploads\/2026\/04\/1243-Pontica-47-2014-IONUT-HOLUBEANU-\u2013-Urmarile-hotararilor-Sinodului-al-III-lea-Ecumenic-Efes-431-asupra-invataturii-soteriologice-a-bisericii-din-provincia-romana-Scythia.pdf\">deschide varianta PDF<\/a>&#8211;<\/p>\n\n\n\n<hr class=\"wp-block-separator has-alpha-channel-opacity\"\/>\n\n\n\n<details class=\"wp-block-details is-layout-flow wp-block-details-is-layout-flow\"><summary>About the Dating and History of the Urn-Sarcophagus with Relics of St. Dassius from Durostorum (+ 20 November 303 AD)<\/summary>\n<p><\/p>\n<\/details>\n\n\n\n<p class=\"has-text-align-center\"><strong><strong>GEORGI ATANASOV, ZDRAVKO DIMITROV<\/strong><\/strong><br>&#8211;<a href=\"https:\/\/revistapontica.com\/wp-content\/uploads\/2026\/04\/1244-Pontica-47-2014-GEORGI-ATANASOV-ZDRAVKO-DIMITROV-\u2013-About-the-Dating-and-History-of-the-Urn-Sarcophagus-with-Relics-of-St.-Dassius-from-Durostorum-20-November-303-AD.pdf\" data-type=\"link\" data-id=\"https:\/\/revistapontica.com\/wp-content\/uploads\/2026\/04\/1244-Pontica-47-2014-GEORGI-ATANASOV-ZDRAVKO-DIMITROV-\u2013-About-the-Dating-and-History-of-the-Urn-Sarcophagus-with-Relics-of-St.-Dassius-from-Durostorum-20-November-303-AD.pdf\">deschide varianta PDF<\/a>&#8211;<\/p>\n\n\n\n<hr class=\"wp-block-separator has-alpha-channel-opacity\"\/>\n\n\n\n<details class=\"wp-block-details is-layout-flow wp-block-details-is-layout-flow\"><summary>The Image of Nomads of the Black Sea Steppes in the Byzantine Historiography of the 10th-12th centuries.<\/summary>\n<p><\/p>\n<\/details>\n\n\n\n<p class=\"has-text-align-center\"><strong><strong>ALEKSANDER PARO\u0143<\/strong><\/strong><br>&#8211;<a href=\"https:\/\/revistapontica.com\/wp-content\/uploads\/2026\/04\/1245-Pontica-47-2014-ALEKSANDER-PARON-\u2013-The-Image-of-Nomads-of-the-Black-Sea-Steppes-in-the-Byzantine-Historiography-of-the-10th-12th-centuries.-Perceiving-of-the-Other-and-P.pdf\" data-type=\"link\" data-id=\"https:\/\/revistapontica.com\/wp-content\/uploads\/2026\/04\/1245-Pontica-47-2014-ALEKSANDER-PARON-\u2013-The-Image-of-Nomads-of-the-Black-Sea-Steppes-in-the-Byzantine-Historiography-of-the-10th-12th-centuries.-Perceiving-of-the-Other-and-P.pdf\">deschide varianta PDF<\/a>&#8211;<\/p>\n\n\n\n<hr class=\"wp-block-separator has-alpha-channel-opacity\"\/>\n\n\n\n<details class=\"wp-block-details is-layout-flow wp-block-details-is-layout-flow\"><summary>\u201eD\u00e2mbul lui Haralambie&#8221;<\/summary>\n<p><\/p>\n<\/details>\n\n\n\n<p class=\"has-text-align-center\"><strong><strong>F. MIHAIL, C. MICU, L. CAROZZA, J.-M. CAROZZA, T. GROPARU, E. MESSAGER, A. BURENS, S. AILINC\u0102I, M. DANU, C. MIHAIL<\/strong><\/strong><br>&#8211;<a href=\"https:\/\/revistapontica.com\/wp-content\/uploads\/2026\/04\/1246-Pontica-47-2014-F.-MIHAIL-C.-MICU-L.-CAROZZA-J.-M.-CAROZZA-T.-GROPARU-E.-MESSAGER-A.-BURENS-S.-AILINCAI-M.-DANU-C.-MIHAIL-\u2013-\u201eDambul-lui-Haralambie-\u2013-un-nou-sit-e.pdf\" data-type=\"link\" data-id=\"https:\/\/revistapontica.com\/wp-content\/uploads\/2026\/04\/1246-Pontica-47-2014-F.-MIHAIL-C.-MICU-L.-CAROZZA-J.-M.-CAROZZA-T.-GROPARU-E.-MESSAGER-A.-BURENS-S.-AILINCAI-M.-DANU-C.-MIHAIL-\u2013-\u201eDambul-lui-Haralambie-\u2013-un-nou-sit-e.pdf\">deschide varianta PDF<\/a>&#8211;<\/p>\n\n\n\n<hr class=\"wp-block-separator has-alpha-channel-opacity\"\/>\n\n\n\n<details class=\"wp-block-details is-layout-flow wp-block-details-is-layout-flow\"><summary>Chalcolithic Necropolis in the Village of Kamenovo, Kubrat Municipality, District of Razgrad.<\/summary>\n<p><\/p>\n<\/details>\n\n\n\n<p class=\"has-text-align-center\"><strong><strong>DIMITAR CHERNAKOV, DILEN DILOV<\/strong><\/strong><br>&#8211;<a href=\"https:\/\/revistapontica.com\/wp-content\/uploads\/2026\/04\/1247-Pontica-47-2014-DIMITAR-CHERNAKOV-DILEN-DILOV-\u2013-Chalcolithic-Necropolis-in-the-Village-of-Kamenovo-Kubrat-Municipality-District-of-Razgrad.-Unpublished-Finds.pdf\" data-type=\"link\" data-id=\"https:\/\/revistapontica.com\/wp-content\/uploads\/2026\/04\/1247-Pontica-47-2014-DIMITAR-CHERNAKOV-DILEN-DILOV-\u2013-Chalcolithic-Necropolis-in-the-Village-of-Kamenovo-Kubrat-Municipality-District-of-Razgrad.-Unpublished-Finds.pdf\">deschide varianta PDF<\/a>&#8211;<\/p>\n\n\n\n<hr class=\"wp-block-separator has-alpha-channel-opacity\"\/>\n\n\n\n<details class=\"wp-block-details is-layout-flow wp-block-details-is-layout-flow\"><summary>Morm\u00e2ntul \u00een cist\u0103 de piatr\u0103 de la Casimcea (jud. Tulcea)<\/summary>\n<p><\/p>\n<\/details>\n\n\n\n<p class=\"has-text-align-center\"><strong><strong>IOAN VASILIU, MARIAN MOCANU, DOREL PARASCHIV<\/strong><\/strong><br>&#8211;<a href=\"https:\/\/revistapontica.com\/wp-content\/uploads\/2026\/04\/1248-Pontica-47-2014-IOAN-VASILIU-MARIAN-MOCANU-DOREL-PARASCHIV-\u2013-Mormantul-in-cista-de-piatra-de-la-Casimcea-jud.-Tulcea.pdf\" data-type=\"link\" data-id=\"https:\/\/revistapontica.com\/wp-content\/uploads\/2026\/04\/1248-Pontica-47-2014-IOAN-VASILIU-MARIAN-MOCANU-DOREL-PARASCHIV-\u2013-Mormantul-in-cista-de-piatra-de-la-Casimcea-jud.-Tulcea.pdf\">deschide varianta PDF<\/a>&#8211;<\/p>\n\n\n\n<hr class=\"wp-block-separator has-alpha-channel-opacity\"\/>\n\n\n\n<details class=\"wp-block-details is-layout-flow wp-block-details-is-layout-flow\"><summary>Elemente de infrastructur\u0103 tomitan\u0103 &#8211; observa\u021bii preliminare asupra re\u021belei stradale \u00een perioada roman\u0103 \u0219i \u00een cea bizantin\u0103 timpurie<\/summary>\n<p><\/p>\n<\/details>\n\n\n\n<p class=\"has-text-align-center\"><strong><strong>IRINA NASTASI<\/strong><\/strong><br>&#8211;<a href=\"https:\/\/revistapontica.com\/wp-content\/uploads\/2026\/04\/1249-Pontica-47-2014-IRINA-NASTASI-\u2013-Elemente-de-infrastructura-tomitana-observatii-preliminare-asupra-retelei-stradale-in-perioada-romana-si-in-cea-bizantina-timpurie.pdf\" data-type=\"link\" data-id=\"https:\/\/revistapontica.com\/wp-content\/uploads\/2026\/04\/1249-Pontica-47-2014-IRINA-NASTASI-\u2013-Elemente-de-infrastructura-tomitana-observatii-preliminare-asupra-retelei-stradale-in-perioada-romana-si-in-cea-bizantina-timpurie.pdf\">deschide varianta PDF<\/a>&#8211;<\/p>\n\n\n\n<hr class=\"wp-block-separator has-alpha-channel-opacity\"\/>\n\n\n\n<details class=\"wp-block-details is-layout-flow wp-block-details-is-layout-flow\"><summary>Noi descoperiri din necropolele Tomisului (2014)<\/summary>\n<p><\/p>\n<\/details>\n\n\n\n<p class=\"has-text-align-center\"><strong><strong>OCTAVIAN MITROI, CONSTANTIN \u0218OVA<\/strong><\/strong><br>&#8211;<a href=\"https:\/\/revistapontica.com\/wp-content\/uploads\/2026\/04\/1250-Pontica-47-2014-OCTAVIAN-MITROI-CONSTANTIN-SOVA-\u2013-Noi-descoperiri-din-necropolele-Tomisului-2014.pdf\" data-type=\"link\" data-id=\"https:\/\/revistapontica.com\/wp-content\/uploads\/2026\/04\/1250-Pontica-47-2014-OCTAVIAN-MITROI-CONSTANTIN-SOVA-\u2013-Noi-descoperiri-din-necropolele-Tomisului-2014.pdf\">deschide varianta PDF<\/a>&#8211;<\/p>\n\n\n\n<hr class=\"wp-block-separator has-alpha-channel-opacity\"\/>\n\n\n\n<details class=\"wp-block-details is-layout-flow wp-block-details-is-layout-flow\"><summary>Callatis. Cercet\u0103ri arheologice \u00een necropola romano-bizantin\u0103 Callatis<\/summary>\n<p><\/p>\n<\/details>\n\n\n\n<p class=\"has-text-align-center\"><strong><strong>LAUREN\u021aIU RADU, MIHAI IONESCU<\/strong><\/strong><br>&#8211;<a href=\"https:\/\/revistapontica.com\/wp-content\/uploads\/2026\/04\/1251-Pontica-47-2014-LAURENTIU-RADU-MIHAI-IONESCU-\u2013-Callatis.-Cercetari-arheologice-in-necropola-romano-bizantina-Callatis.pdf\" data-type=\"link\" data-id=\"https:\/\/revistapontica.com\/wp-content\/uploads\/2026\/04\/1251-Pontica-47-2014-LAURENTIU-RADU-MIHAI-IONESCU-\u2013-Callatis.-Cercetari-arheologice-in-necropola-romano-bizantina-Callatis.pdf\">deschide varianta PDF<\/a>&#8211;<\/p>\n\n\n\n<hr class=\"wp-block-separator has-alpha-channel-opacity\"\/>\n\n\n\n<details class=\"wp-block-details is-layout-flow wp-block-details-is-layout-flow\"><summary>Observa\u021bii recente asupra a\u0219ez\u0103rii antice de la Tuzla-Far (jude\u021bul Constan\u021ba). Eviden\u0163a ceramic\u0103<\/summary>\n<p><\/p>\n<\/details>\n\n\n\n<p class=\"has-text-align-center\"><strong><strong>COSTEL CHIRIAC, \u0218TEFAN HONCU<\/strong><br><\/strong>&#8211;<a href=\"https:\/\/revistapontica.com\/wp-content\/uploads\/2026\/04\/1252-Pontica-47-2014-COSTEL-CHIRIAC-STEFAN-HONCU-\u2013-Observatii-recente-asupra-asezarii-antice-de-la-Tuzla-Far-judetul-Constanta.-Evidenta-ceramica.pdf\" data-type=\"link\" data-id=\"https:\/\/revistapontica.com\/wp-content\/uploads\/2026\/04\/1252-Pontica-47-2014-COSTEL-CHIRIAC-STEFAN-HONCU-\u2013-Observatii-recente-asupra-asezarii-antice-de-la-Tuzla-Far-judetul-Constanta.-Evidenta-ceramica.pdf\">deschide varianta PDF<\/a>&#8211;<\/p>\n\n\n\n<hr class=\"wp-block-separator has-alpha-channel-opacity\"\/>\n\n\n\n<details class=\"wp-block-details is-layout-flow wp-block-details-is-layout-flow\"><summary>Ceramica getic\u0103 din perioada roman\u0103 descoperit\u0103 la Ulmetum<\/summary>\n<p><\/p>\n<\/details>\n\n\n\n<p class=\"has-text-align-center\"><strong><strong>CONSTANTIN \u0218OVA<\/strong><\/strong><br>&#8211;<a href=\"https:\/\/revistapontica.com\/wp-content\/uploads\/2026\/04\/1253-Pontica-47-2014-CONSTANTIN-SOVA-\u2013-Ceramica-getica-din-perioada-romana-descoperita-la-Ulmetum.pdf\" data-type=\"link\" data-id=\"https:\/\/revistapontica.com\/wp-content\/uploads\/2026\/04\/1253-Pontica-47-2014-CONSTANTIN-SOVA-\u2013-Ceramica-getica-din-perioada-romana-descoperita-la-Ulmetum.pdf\">deschide varianta PDF<\/a>&#8211;<\/p>\n\n\n\n<hr class=\"wp-block-separator has-alpha-channel-opacity\"\/>\n\n\n\n<details class=\"wp-block-details is-layout-flow wp-block-details-is-layout-flow\"><summary>Vasa fictilia et vasa usus communis. Theoretical Approaches on the Circuit of Production and Consumption of Roman Common Pottery<\/summary>\n<p><\/p>\n<\/details>\n\n\n\n<p class=\"has-text-align-center\"><strong>\u0218TEFAN-EMILIAN GAMUREAC<br><\/strong>&#8211;<a href=\"https:\/\/revistapontica.com\/wp-content\/uploads\/2026\/04\/1254-Pontica-47-2014-STEFAN-EMILIAN-GAMUREAC-\u2013-Vasa-fictilia-et-vasa-usus-communis.-Theoretical-Approaches-on-the-Circuit-of-Production-and-Consumption-of-Roman-Common-Pottery-.pdf\" data-type=\"link\" data-id=\"https:\/\/revistapontica.com\/wp-content\/uploads\/2026\/04\/1254-Pontica-47-2014-STEFAN-EMILIAN-GAMUREAC-\u2013-Vasa-fictilia-et-vasa-usus-communis.-Theoretical-Approaches-on-the-Circuit-of-Production-and-Consumption-of-Roman-Common-Pottery-.pdf\">deschide varianta PDF<\/a>&#8211;<\/p>\n\n\n\n<hr class=\"wp-block-separator has-alpha-channel-opacity\"\/>\n\n\n\n<details class=\"wp-block-details is-layout-flow wp-block-details-is-layout-flow\"><summary>R\u00f6mische und fr\u00fchbyzantinische Fibeln aus Argamum (Scythia Minor)<\/summary>\n<p><\/p>\n<\/details>\n\n\n\n<p class=\"has-text-align-center\"><strong><strong>GEORGE NU\u021aU, FLORIN TOPOLEANU, DANIEL ANTON<\/strong><\/strong><br>&#8211;<a href=\"https:\/\/revistapontica.com\/wp-content\/uploads\/2026\/04\/1255-Pontica-47-2014-GEORGE-NUTU-FLORIN-TOPOLEANU-DANIEL-ANTON-\u2013-Romische-und-fruhbyzantinische-Fibeln-aus-Argamum-Scythia-Minor.pdf\" data-type=\"link\" data-id=\"https:\/\/revistapontica.com\/wp-content\/uploads\/2026\/04\/1255-Pontica-47-2014-GEORGE-NUTU-FLORIN-TOPOLEANU-DANIEL-ANTON-\u2013-Romische-und-fruhbyzantinische-Fibeln-aus-Argamum-Scythia-Minor.pdf\">deschide varianta PDF<\/a>&#8211;<\/p>\n\n\n\n<hr class=\"wp-block-separator has-alpha-channel-opacity\"\/>\n\n\n\n<details class=\"wp-block-details is-layout-flow wp-block-details-is-layout-flow\"><summary>Piese ornamentale inedite de la Capidava<\/summary>\n<p><\/p>\n<\/details>\n\n\n\n<p class=\"has-text-align-center\"><strong><strong>IOAN C. OPRI\u0218, TIBERIU POT\u00c2RNICHE<\/strong><\/strong><br>&#8211;<a href=\"https:\/\/revistapontica.com\/wp-content\/uploads\/2026\/04\/1256-Pontica-47-2014-IOAN-C.-OPRIS-TIBERIU-POTARNICHE-\u2013-Piese-ornamentale-inedite-de-la-Capidava.pdf\" data-type=\"link\" data-id=\"https:\/\/revistapontica.com\/wp-content\/uploads\/2026\/04\/1256-Pontica-47-2014-IOAN-C.-OPRIS-TIBERIU-POTARNICHE-\u2013-Piese-ornamentale-inedite-de-la-Capidava.pdf\">deschide varianta PDF<\/a>&#8211;<\/p>\n\n\n\n<hr class=\"wp-block-separator has-alpha-channel-opacity\"\/>\n\n\n\n<details class=\"wp-block-details is-layout-flow wp-block-details-is-layout-flow\"><summary>A \u201eTutulusfibel\u201d from Capidava<\/summary>\n<p><\/p>\n<\/details>\n\n\n\n<p class=\"has-text-align-center\"><strong><strong>GEORGE NU\u021aU, RADU PETCU<\/strong><\/strong><br>&#8211;<a href=\"https:\/\/revistapontica.com\/wp-content\/uploads\/2026\/04\/1257-Pontica-47-2014-GEORGE-NUTU-RADU-PETCU-\u2013-A-\u201eTutulusfibel-from-Capidava.pdf\" data-type=\"link\" data-id=\"https:\/\/revistapontica.com\/wp-content\/uploads\/2026\/04\/1257-Pontica-47-2014-GEORGE-NUTU-RADU-PETCU-\u2013-A-\u201eTutulusfibel-from-Capidava.pdf\">deschide varianta PDF<\/a>&#8211;<\/p>\n\n\n\n<hr class=\"wp-block-separator has-alpha-channel-opacity\"\/>\n\n\n\n<details class=\"wp-block-details is-layout-flow wp-block-details-is-layout-flow\"><summary>Buckles with Images of Animals and Mythological Creatures from Medieval Bulgaria<\/summary>\n<p><\/p>\n<\/details>\n\n\n\n<p class=\"has-text-align-center\"><strong><strong>STELLA DON\u010cHEVA, IVAJLO BUNZELOV<\/strong><\/strong><br>&#8211;<a href=\"https:\/\/revistapontica.com\/wp-content\/uploads\/2026\/04\/1258-Pontica-47-2014-STELLA-DONCHEVA-IVAJLO-BUNZELOV-\u2013-Buckles-with-Images-of-Animals-and-Mythological-Creatures-from-Medieval-Bulgaria.pdf\" data-type=\"link\" data-id=\"https:\/\/revistapontica.com\/wp-content\/uploads\/2026\/04\/1258-Pontica-47-2014-STELLA-DONCHEVA-IVAJLO-BUNZELOV-\u2013-Buckles-with-Images-of-Animals-and-Mythological-Creatures-from-Medieval-Bulgaria.pdf\">deschide varianta PDF<\/a>&#8211;<\/p>\n\n\n\n<hr class=\"wp-block-separator has-alpha-channel-opacity\"\/>\n\n\n\n<details class=\"wp-block-details is-layout-flow wp-block-details-is-layout-flow\"><summary>Cercet\u0103ri arheologice din zona extra muros a cet\u0103\u021bii Ulmetum. Unele aspecte privind locuirea medieval\u0103 timpurie<\/summary>\n<p><\/p>\n<\/details>\n\n\n\n<p class=\"has-text-align-center\"><strong>CRISTINA PARASCHIV-TALMA\u021aCHI<\/strong><br>&#8211;<a href=\"https:\/\/revistapontica.com\/wp-content\/uploads\/2026\/04\/1259-Pontica-47-2014-CRISTINA-PARASCHIV-TALMATCHI-\u2013-Cercetari-arheologice-din-zona-extra-muros-a-cetatii-Ulmetum.-Unele-aspecte-privind-locuirea-medievala-timpurie.pdf\" data-type=\"link\" data-id=\"https:\/\/revistapontica.com\/wp-content\/uploads\/2026\/04\/1259-Pontica-47-2014-CRISTINA-PARASCHIV-TALMATCHI-\u2013-Cercetari-arheologice-din-zona-extra-muros-a-cetatii-Ulmetum.-Unele-aspecte-privind-locuirea-medievala-timpurie.pdf\">deschide varianta PDF<\/a>&#8211;<\/p>\n\n\n\n<hr class=\"wp-block-separator has-alpha-channel-opacity\"\/>\n\n\n\n<details class=\"wp-block-details is-layout-flow wp-block-details-is-layout-flow\"><summary>Incinta cet\u0103\u021bii medievale de la H\u00e2r\u0219ova.<\/summary>\n<p><\/p>\n<\/details>\n\n\n\n<p class=\"has-text-align-center\"><strong><strong>CONSTANTIN NICOLAE<\/strong><\/strong><br>&#8211;<a href=\"https:\/\/revistapontica.com\/wp-content\/uploads\/2026\/04\/1260-Pontica-47-2014-CONSTANTIN-NICOLAE-\u2013-Incinta-cetatii-medievale-de-la-Harsova.-Descoperiri-noi.pdf\" data-type=\"link\" data-id=\"https:\/\/revistapontica.com\/wp-content\/uploads\/2026\/04\/1260-Pontica-47-2014-CONSTANTIN-NICOLAE-\u2013-Incinta-cetatii-medievale-de-la-Harsova.-Descoperiri-noi.pdf\">deschide varianta PDF<\/a>&#8211;<\/p>\n\n\n\n<hr class=\"wp-block-separator has-alpha-channel-opacity\"\/>\n\n\n\n<details class=\"wp-block-details is-layout-flow wp-block-details-is-layout-flow\"><summary>Evolu\u0163ia formularului decretelor de proxenie \u00een spa\u0163iul pontic<\/summary>\n<p><\/p>\n<\/details>\n\n\n\n<p class=\"has-text-align-center\"><strong><strong>VICTOR COJOCARU<\/strong><\/strong><br>&#8211;<a href=\"https:\/\/revistapontica.com\/wp-content\/uploads\/2026\/04\/1261-Pontica-47-2014-VICTOR-COJOCARU-\u2013-Evolutia-formularului-decretelor-de-proxenie-in-spatiul-pontic.pdf\" data-type=\"link\" data-id=\"https:\/\/revistapontica.com\/wp-content\/uploads\/2026\/04\/1261-Pontica-47-2014-VICTOR-COJOCARU-\u2013-Evolutia-formularului-decretelor-de-proxenie-in-spatiul-pontic.pdf\">deschide varianta PDF<\/a>&#8211;<\/p>\n\n\n\n<hr class=\"wp-block-separator has-alpha-channel-opacity\"\/>\n\n\n\n<details class=\"wp-block-details is-layout-flow wp-block-details-is-layout-flow\"><summary>Inscrip\u021bii inedite din Tomis \u0219i din \u00eemprejurimi aflate \u00een colec\u021bia MINAC<\/summary>\n<p><\/p>\n<\/details>\n\n\n\n<p class=\"has-text-align-center\"><strong><strong>MARIA B\u0102RBULESCU, LIVIA BUZOIANU, CONSTANTIN B\u0102JENARU<\/strong><\/strong><br>&#8211;<a href=\"https:\/\/revistapontica.com\/wp-content\/uploads\/2026\/04\/1262-Pontica-47-2014-MARIA-BARBULESCU-LIVIA-BUZOIANU-CONSTANTIN-BAJENARU-\u2013-Inscriptii-inedite-din-Tomis-si-din-imprejurimi-aflate-in-colectia-Muzeului-de-Istorie-Nationala-si.pdf\" data-type=\"link\" data-id=\"https:\/\/revistapontica.com\/wp-content\/uploads\/2026\/04\/1262-Pontica-47-2014-MARIA-BARBULESCU-LIVIA-BUZOIANU-CONSTANTIN-BAJENARU-\u2013-Inscriptii-inedite-din-Tomis-si-din-imprejurimi-aflate-in-colectia-Muzeului-de-Istorie-Nationala-si.pdf\">deschide varianta PDF<\/a>&#8211;<\/p>\n\n\n\n<hr class=\"wp-block-separator has-alpha-channel-opacity\"\/>\n\n\n\n<details class=\"wp-block-details is-layout-flow wp-block-details-is-layout-flow\"><summary>Un v\u00e9t\u00e9ran d\u2019un nvmervs dans une \u00e9pitaphe latine tardoantique de Tomis<\/summary>\n<p><\/p>\n<\/details>\n\n\n\n<p class=\"has-text-align-center\"><strong>COSTEL CHIRIAC, DAN DANA, FLORIAN MATEI-POPESCU<\/strong><br>&#8211;<a href=\"https:\/\/revistapontica.com\/wp-content\/uploads\/2026\/04\/1263-Pontica-47-2014-COSTEL-CHIRIAC-DAN-DANA-FLORIAN-MATEI-POPESCU-\u2013-Un-veteran-dun-nvmervs-dans-une-epitaphe-latine-tardoantique-de-Tomis.pdf\" data-type=\"link\" data-id=\"https:\/\/revistapontica.com\/wp-content\/uploads\/2026\/04\/1263-Pontica-47-2014-COSTEL-CHIRIAC-DAN-DANA-FLORIAN-MATEI-POPESCU-\u2013-Un-veteran-dun-nvmervs-dans-une-epitaphe-latine-tardoantique-de-Tomis.pdf\">deschide varianta PDF<\/a>&#8211;<\/p>\n\n\n\n<hr class=\"wp-block-separator has-alpha-channel-opacity\"\/>\n\n\n\n<details class=\"wp-block-details is-layout-flow wp-block-details-is-layout-flow\"><summary>Notes \u00e9pigraphiques (IV)<\/summary>\n<p><\/p>\n<\/details>\n\n\n\n<p class=\"has-text-align-center\"><strong><strong>ALEXANDRU AVRAM<\/strong><\/strong><br>&#8211;<a href=\"https:\/\/revistapontica.com\/wp-content\/uploads\/2026\/04\/1264-Pontica-47-2014-ALEXANDRU-AVRAM-\u2013-Notes-epigraphiques-IV.pdf\" data-type=\"link\" data-id=\"https:\/\/revistapontica.com\/wp-content\/uploads\/2026\/04\/1264-Pontica-47-2014-ALEXANDRU-AVRAM-\u2013-Notes-epigraphiques-IV.pdf\">deschide varianta PDF<\/a>&#8211;<\/p>\n\n\n\n<hr class=\"wp-block-separator has-alpha-channel-opacity\"\/>\n\n\n\n<details class=\"wp-block-details is-layout-flow wp-block-details-is-layout-flow\"><summary>Notices \u00e9pigraphiques et onomastiques (Scythie Mineure &#8211; Dobroudja). (I)<\/summary>\n<p><\/p>\n<\/details>\n\n\n\n<p class=\"has-text-align-center\"><strong><strong>DAN DAN<\/strong>A<\/strong><br>&#8211;<a href=\"https:\/\/revistapontica.com\/wp-content\/uploads\/2026\/04\/1265-Pontica-47-2014-DAN-DANA-\u2013-Notices-epigraphiques-et-onomastiques-Scythie-Mineure-Dobroudja.-I.pdf\" data-type=\"link\" data-id=\"https:\/\/revistapontica.com\/wp-content\/uploads\/2026\/04\/1265-Pontica-47-2014-DAN-DANA-\u2013-Notices-epigraphiques-et-onomastiques-Scythie-Mineure-Dobroudja.-I.pdf\">deschide varianta PDF<\/a>&#8211;<\/p>\n\n\n\n<hr class=\"wp-block-separator has-alpha-channel-opacity\"\/>\n\n\n\n<details class=\"wp-block-details is-layout-flow wp-block-details-is-layout-flow\"><summary>Microfacies Analysis of Cherts from Pe\u0219tera \u2013 Dealu Guran Site (Lower Palaeolithic), Constan\u021ba County, Romania<\/summary>\n<p><\/p>\n<\/details>\n\n\n\n<p class=\"has-text-align-center\"><strong><strong>ALEXANDRU CIORNEI<\/strong><\/strong><br>&#8211;<a href=\"https:\/\/revistapontica.com\/wp-content\/uploads\/2026\/04\/1266-Pontica-47-2014-ALEXANDRU-CIORNEI-\u2013-Microfacies-Analysis-of-Cherts-from-Pestera-\u2013-Dealu-Guran-Site-Lower-Palaeolithic-Constanta-County-Romania.pdf\" data-type=\"link\" data-id=\"https:\/\/revistapontica.com\/wp-content\/uploads\/2026\/04\/1266-Pontica-47-2014-ALEXANDRU-CIORNEI-\u2013-Microfacies-Analysis-of-Cherts-from-Pestera-\u2013-Dealu-Guran-Site-Lower-Palaeolithic-Constanta-County-Romania.pdf\">deschide varianta PDF<\/a>&#8211;<\/p>\n\n\n\n<hr class=\"wp-block-separator has-alpha-channel-opacity\"\/>\n\n\n\n<details class=\"wp-block-details is-layout-flow wp-block-details-is-layout-flow\"><summary>Les \u201eMamelles\u201d de Polybe (IV, 41) &#8211; R\u00e9flexions sur un banc de sable<\/summary>\n<p><\/p>\n<\/details>\n\n\n\n<p class=\"has-text-align-center\"><strong><strong>THIBAUT CASTELLI<\/strong><\/strong><br>&#8211;<a href=\"https:\/\/revistapontica.com\/wp-content\/uploads\/2026\/04\/1267-Pontica-47-2014-THIBAUT-CASTELLI-\u2013-Les-\u201eMamelles-de-Polybe-IV-41-Reflexions-sur-un-banc-de-sable.pdf\" data-type=\"link\" data-id=\"https:\/\/revistapontica.com\/wp-content\/uploads\/2026\/04\/1267-Pontica-47-2014-THIBAUT-CASTELLI-\u2013-Les-\u201eMamelles-de-Polybe-IV-41-Reflexions-sur-un-banc-de-sable.pdf\">deschide varianta PDF<\/a>&#8211;<\/p>\n\n\n\n<hr class=\"wp-block-separator has-alpha-channel-opacity\"\/>\n\n\n\n<details class=\"wp-block-details is-layout-flow wp-block-details-is-layout-flow\"><summary>Iconography of the Roman Raft<\/summary>\n<p><\/p>\n<\/details>\n\n\n\n<p class=\"has-text-align-center\"><strong>CLAUDIU MUNTEANU<\/strong><br>&#8211;<a href=\"https:\/\/revistapontica.com\/wp-content\/uploads\/2026\/04\/1268-Pontica-47-2014-CLAUDIU-MUNTEANU-\u2013-Iconography-of-the-Roman-Raft.pdf\" data-type=\"link\" data-id=\"https:\/\/revistapontica.com\/wp-content\/uploads\/2026\/04\/1268-Pontica-47-2014-CLAUDIU-MUNTEANU-\u2013-Iconography-of-the-Roman-Raft.pdf\">deschide varianta PDF<\/a>&#8211;<\/p>\n\n\n\n<hr class=\"wp-block-separator has-alpha-channel-opacity\"\/>\n\n\n\n<details class=\"wp-block-details is-layout-flow wp-block-details-is-layout-flow\"><summary>Bulgarian Black Sea Deep Water Archaeology<\/summary>\n<p><\/p>\n<\/details>\n\n\n\n<p class=\"has-text-align-center\"><strong>PRESLAV PEEV<\/strong><br>&#8211;<a href=\"#\" data-type=\"link\" data-id=\"https:\/\/revistapontica.com\/wp-content\/uploads\/2026\/03\/26-2023.pdf\">deschide <\/a><a href=\"https:\/\/revistapontica.com\/wp-content\/uploads\/2026\/04\/1269-Pontica-47-2014-PRESLAV-PEEV-\u2013-Bulgarian-Black-Sea-Deep-Water-Archaeology.pdf\" data-type=\"link\" data-id=\"https:\/\/revistapontica.com\/wp-content\/uploads\/2026\/04\/1269-Pontica-47-2014-PRESLAV-PEEV-\u2013-Bulgarian-Black-Sea-Deep-Water-Archaeology.pdf\">v<\/a><a href=\"#\" data-type=\"link\" data-id=\"https:\/\/revistapontica.com\/wp-content\/uploads\/2026\/03\/26-2023.pdf\">arianta PDF<\/a>&#8211;<\/p>\n\n\n\n<hr class=\"wp-block-separator has-alpha-channel-opacity\"\/>\n\n\n\n<details class=\"wp-block-details is-layout-flow wp-block-details-is-layout-flow\"><summary>Noi ponduri unciale din nordul Dobrogei<\/summary>\n<p><\/p>\n<\/details>\n\n\n\n<p class=\"has-text-align-center\"><strong>DOREL PARASCHIV<\/strong><br>&#8211;<a href=\"https:\/\/revistapontica.com\/wp-content\/uploads\/2026\/04\/1270-Pontica-47-2014-DOREL-PARASCHIV-\u2013-Noi-ponduri-unciale-din-nordul-Dobrogei.pdf\" data-type=\"link\" data-id=\"https:\/\/revistapontica.com\/wp-content\/uploads\/2026\/04\/1270-Pontica-47-2014-DOREL-PARASCHIV-\u2013-Noi-ponduri-unciale-din-nordul-Dobrogei.pdf\">deschide varianta PDF<\/a>&#8211;<\/p>\n\n\n\n<hr class=\"wp-block-separator has-alpha-channel-opacity\"\/>\n\n\n\n<details class=\"wp-block-details is-layout-flow wp-block-details-is-layout-flow\"><summary>A New Lead Seal of Gregorios Kamateros<\/summary>\n<p><\/p>\n<\/details>\n\n\n\n<p class=\"has-text-align-center\"><strong>IOTO VALERIEV<\/strong><br>&#8211;<a href=\"https:\/\/revistapontica.com\/wp-content\/uploads\/2026\/04\/1271-Pontica-47-2014-IOTO-VALERIEV-\u2013-A-New-Lead-Seal-of-Gregorios-Kamateros.pdf\" data-type=\"link\" data-id=\"https:\/\/revistapontica.com\/wp-content\/uploads\/2026\/04\/1271-Pontica-47-2014-IOTO-VALERIEV-\u2013-A-New-Lead-Seal-of-Gregorios-Kamateros.pdf\">deschide varianta PDF<\/a>&#8211;<\/p>\n\n\n\n<hr class=\"wp-block-separator has-alpha-channel-opacity\"\/>\n\n\n\n<details class=\"wp-block-details is-layout-flow wp-block-details-is-layout-flow\"><summary>Considera\u021bii privind \u00eenceputurile locuirii din perioada medie bizantin\u0103 de la Dinogetia-Garv\u0103n [&#8230;]<\/summary>\n<p><\/p>\n<\/details>\n\n\n\n<p class=\"has-text-align-center\"><strong>ALEXANDRU BARNEA, GHEORGHE M\u0102NUCU-ADAME\u0218TEANU<\/strong><br>&#8211;<a href=\"https:\/\/revistapontica.com\/wp-content\/uploads\/2026\/04\/1272-Pontica-47-2014-ALEXANDRU-BARNEA-GHEORGHE-MANUCU-ADAMESTEANU-\u2013-Consideratii-privind-inceputurile-locuirii-din-perioada-medie-bizantina-de-la-Dinogetia-Garvan-in-lumina-n.pdf\" data-type=\"link\" data-id=\"https:\/\/revistapontica.com\/wp-content\/uploads\/2026\/04\/1272-Pontica-47-2014-ALEXANDRU-BARNEA-GHEORGHE-MANUCU-ADAMESTEANU-\u2013-Consideratii-privind-inceputurile-locuirii-din-perioada-medie-bizantina-de-la-Dinogetia-Garvan-in-lumina-n.pdf\">deschide varianta PDF<\/a>&#8211;<\/p>\n\n\n\n<hr class=\"wp-block-separator has-alpha-channel-opacity\"\/>\n\n\n\n<details class=\"wp-block-details is-layout-flow wp-block-details-is-layout-flow\"><summary>Recenzie &#8211; Victor Cojocaru, Christof Schuler (Hg.), Die Aussenbeziehungen pontischer und kleinasiatischer St\u00e4dte in hellenistischer [&#8230;]<\/summary>\n<p><\/p>\n<\/details>\n\n\n\n<p class=\"has-text-align-center\"><strong>CONSTANTIN CHERA<\/strong><br>&#8211;<a href=\"https:\/\/revistapontica.com\/wp-content\/uploads\/2026\/04\/1273-Pontica-47-2014-CONSTANTIN-CHERA-\u2013-Recenzie-Victor-Cojocaru-Christof-Schuler-Hg.-Die-Aussenbeziehungen-pontischer-und-kleinasiatischer-Stadte-in-hellenistischer-und-.pdf\" data-type=\"link\" data-id=\"https:\/\/revistapontica.com\/wp-content\/uploads\/2026\/04\/1273-Pontica-47-2014-CONSTANTIN-CHERA-\u2013-Recenzie-Victor-Cojocaru-Christof-Schuler-Hg.-Die-Aussenbeziehungen-pontischer-und-kleinasiatischer-Stadte-in-hellenistischer-und-.pdf\">deschide varianta PDF<\/a>&#8211;<\/p>\n\n\n\n<hr class=\"wp-block-separator has-alpha-channel-opacity\"\/>\n\n\n\n<details class=\"wp-block-details is-layout-flow wp-block-details-is-layout-flow\"><summary>Recenzie &#8211; Altay Co\u0219kun, Lutz Raphael (ed.), Fremd und Rechtlos Zugeh\u00f6rigkeitsrechte Fremder von der Antike bis zur Gegenwart<\/summary>\n<p><\/p>\n<\/details>\n\n\n\n<p class=\"has-text-align-center\"><strong>VICTOR COJOCARU<\/strong><br>&#8211;<a href=\"https:\/\/revistapontica.com\/wp-content\/uploads\/2026\/04\/1274-Pontica-47-2014-VICTOR-COJOCARU-\u2013-Recenzie-Altay-Coskun-Lutz-Raphael-ed.-Fremd-und-Rechtlos-Zugehorigkeitsrechte-Fremder-von-der-Antike-bis-zur-Gegenwart.pdf\" data-type=\"link\" data-id=\"https:\/\/revistapontica.com\/wp-content\/uploads\/2026\/04\/1274-Pontica-47-2014-VICTOR-COJOCARU-\u2013-Recenzie-Altay-Coskun-Lutz-Raphael-ed.-Fremd-und-Rechtlos-Zugehorigkeitsrechte-Fremder-von-der-Antike-bis-zur-Gegenwart.pdf\">deschide varianta PDF<\/a>&#8211;<\/p>\n\n\n\n<hr class=\"wp-block-separator has-alpha-channel-opacity\"\/>\n\n\n\n<details class=\"wp-block-details is-layout-flow wp-block-details-is-layout-flow\"><summary>Recenzie &#8211; Matteo Taufer (ed.), Sguardi interdisciplinari sulla religiosit\u00e0 dei Geto-Daci<\/summary>\n<p><\/p>\n<\/details>\n\n\n\n<p class=\"has-text-align-center\"><strong>LIVIA BUZOIANU<\/strong><br>&#8211;<a href=\"https:\/\/revistapontica.com\/wp-content\/uploads\/2026\/04\/1275-Pontica-47-2014-LIVIA-BUZOIANU-\u2013-Recenzie-Matteo-Taufer-ed.-Sguardi-interdisciplinari-sulla-religiosita-dei-Geto-Daci.pdf\" data-type=\"link\" data-id=\"https:\/\/revistapontica.com\/wp-content\/uploads\/2026\/04\/1275-Pontica-47-2014-LIVIA-BUZOIANU-\u2013-Recenzie-Matteo-Taufer-ed.-Sguardi-interdisciplinari-sulla-religiosita-dei-Geto-Daci.pdf\">deschide varianta PDF<\/a>&#8211;<\/p>\n\n\n\n<hr class=\"wp-block-separator has-alpha-channel-opacity\"\/>\n\n\n\n<details class=\"wp-block-details is-layout-flow wp-block-details-is-layout-flow\"><summary>Recenzie &#8211; Gabriel Talma\u021bchi, Monet\u0103riile ora\u0219elor vest-pontice Histria, Callatis \u0219i Tomis \u00een epoca autonom\u0103<\/summary>\n<p><\/p>\n<\/details>\n\n\n\n<p class=\"has-text-align-center\"><strong>AUREL V\u00ceLCU<\/strong><br>&#8211;<a href=\"https:\/\/revistapontica.com\/wp-content\/uploads\/2026\/04\/1276-Pontica-47-2014-AUREL-VILCU-\u2013-Recenzie-Gabriel-Talmatchi-Monetariile-oraselor-vest-pontice-Histria-Callatis-si-Tomis-in-epoca-autonoma.pdf\" data-type=\"link\" data-id=\"https:\/\/revistapontica.com\/wp-content\/uploads\/2026\/04\/1276-Pontica-47-2014-AUREL-VILCU-\u2013-Recenzie-Gabriel-Talmatchi-Monetariile-oraselor-vest-pontice-Histria-Callatis-si-Tomis-in-epoca-autonoma.pdf\">deschide varianta PDF<\/a>&#8211;<\/p>\n\n\n\n<hr class=\"wp-block-separator has-alpha-channel-opacity\"\/>\n\n\n\n<details class=\"wp-block-details is-layout-flow wp-block-details-is-layout-flow\"><summary>Recenzie &#8211; Florin Topoleanu, L\u0103mpile antice din colec\u021biile Muzeului Jude\u021bean de Istorie \u0219i Arheologie Prahova<\/summary>\n<p><\/p>\n<\/details>\n\n\n\n<p class=\"has-text-align-center\"><strong>VIOREL \u0218TEFAN GEORGESCU<\/strong><br>&#8211;<a href=\"https:\/\/revistapontica.com\/wp-content\/uploads\/2026\/04\/1277-Pontica-47-2014-VIOREL-STEFAN-GEORGESCU-\u2013-Recenzie-Florin-Topoleanu-Lampile-antice-din-colectiile-Muzeului-Judetean-de-Istorie-si-Arheologie-Prahova.pdf\" data-type=\"link\" data-id=\"https:\/\/revistapontica.com\/wp-content\/uploads\/2026\/04\/1277-Pontica-47-2014-VIOREL-STEFAN-GEORGESCU-\u2013-Recenzie-Florin-Topoleanu-Lampile-antice-din-colectiile-Muzeului-Judetean-de-Istorie-si-Arheologie-Prahova.pdf\">deschide varianta PDF<\/a>&#8211;<\/p>\n\n\n\n<hr class=\"wp-block-separator has-alpha-channel-opacity\"\/>\n\n\n\n<details class=\"wp-block-details is-layout-flow wp-block-details-is-layout-flow\"><summary>Intr\u0103ri de carte str\u0103in\u0103 \u00een biblioteca MINAC (2014)<\/summary>\n<p><\/p>\n<\/details>\n\n\n\n<p class=\"has-text-align-center\"><strong>GEORGETA HA\u0218OTTI<\/strong><br>&#8211;<a href=\"https:\/\/revistapontica.com\/wp-content\/uploads\/2026\/04\/1278-Pontica-47-2014-GEORGETA-HASOTTI-\u2013-Intrari-de-carte-straina-in-biblioteca-MINAC-2014.pdf\" data-type=\"link\" data-id=\"https:\/\/revistapontica.com\/wp-content\/uploads\/2026\/04\/1278-Pontica-47-2014-GEORGETA-HASOTTI-\u2013-Intrari-de-carte-straina-in-biblioteca-MINAC-2014.pdf\">deschide varianta PDF<\/a>&#8211;<\/p>\n\n\n\n<hr class=\"wp-block-separator has-alpha-channel-opacity\"\/>\n\n\n\n<p class=\"has-text-align-center\"><strong>Lista abrevierilor<\/strong><br>&#8211;<a href=\"https:\/\/revistapontica.com\/wp-content\/uploads\/2026\/04\/1279-Pontica-47-2014-Lista-abrevierilor.pdf\" data-type=\"link\" data-id=\"https:\/\/revistapontica.com\/wp-content\/uploads\/2026\/04\/1279-Pontica-47-2014-Lista-abrevierilor.pdf\">deschide varianta PDF<\/a>&#8211;<\/p>\n","protected":false},"excerpt":{"rendered":"<p>SUMAR&#8211;deschide varianta PDF&#8211; Piissimae memoriae&#8211;deschide varianta PDF&#8211; CRISTINA-GEORGETA ALEXANDRESCU&#8211;deschide varianta PDF&#8211; CRISTINA-GEORGETA ALEXANDRESCUJUDIT Z\u00d6LDF\u00d6LDIHEINRICH TAUBALD&#8211;deschide varianta PDF&#8211; NELU ZUGRAVU &#8211;deschide varianta PDF&#8211; IONU\u021a HOLUBEANU&#8211;deschide varianta PDF&#8211; GEORGI ATANASOV, ZDRAVKO DIMITROV&#8211;deschide varianta PDF&#8211; ALEKSANDER PARO\u0143&#8211;deschide varianta PDF&#8211; F. MIHAIL, C. MICU, L. CAROZZA, J.-M. CAROZZA, T. GROPARU, E. MESSAGER, A. BURENS, S. AILINC\u0102I, M. DANU, C. [&hellip;]<\/p>\n","protected":false},"author":2,"featured_media":0,"comment_status":"closed","ping_status":"closed","sticky":false,"template":"","format":"standard","meta":{"footnotes":""},"categories":[18],"tags":[],"class_list":["post-1286","post","type-post","status-publish","format-standard","hentry","category-revista"],"_links":{"self":[{"href":"https:\/\/revistapontica.com\/en\/wp-json\/wp\/v2\/posts\/1286","targetHints":{"allow":["GET"]}}],"collection":[{"href":"https:\/\/revistapontica.com\/en\/wp-json\/wp\/v2\/posts"}],"about":[{"href":"https:\/\/revistapontica.com\/en\/wp-json\/wp\/v2\/types\/post"}],"author":[{"embeddable":true,"href":"https:\/\/revistapontica.com\/en\/wp-json\/wp\/v2\/users\/2"}],"replies":[{"embeddable":true,"href":"https:\/\/revistapontica.com\/en\/wp-json\/wp\/v2\/comments?post=1286"}],"version-history":[{"count":6,"href":"https:\/\/revistapontica.com\/en\/wp-json\/wp\/v2\/posts\/1286\/revisions"}],"predecessor-version":[{"id":1353,"href":"https:\/\/revistapontica.com\/en\/wp-json\/wp\/v2\/posts\/1286\/revisions\/1353"}],"wp:attachment":[{"href":"https:\/\/revistapontica.com\/en\/wp-json\/wp\/v2\/media?parent=1286"}],"wp:term":[{"taxonomy":"category","embeddable":true,"href":"https:\/\/revistapontica.com\/en\/wp-json\/wp\/v2\/categories?post=1286"},{"taxonomy":"post_tag","embeddable":true,"href":"https:\/\/revistapontica.com\/en\/wp-json\/wp\/v2\/tags?post=1286"}],"curies":[{"name":"wp","href":"https:\/\/api.w.org\/{rel}","templated":true}]}}