{"id":1355,"date":"2026-04-26T15:37:41","date_gmt":"2026-04-26T12:37:41","guid":{"rendered":"https:\/\/revistapontica.com\/?p=1355"},"modified":"2026-04-26T16:01:29","modified_gmt":"2026-04-26T13:01:29","slug":"pontica-nr-46-2013","status":"publish","type":"post","link":"https:\/\/revistapontica.com\/en\/pontica-nr-46-2013\/","title":{"rendered":"Pontica Nr. 46 (2013)"},"content":{"rendered":"<div class=\"wp-block-image\">\n<figure class=\"aligncenter size-large is-resized\"><img fetchpriority=\"high\" decoding=\"async\" width=\"725\" height=\"1024\" src=\"https:\/\/revistapontica.com\/wp-content\/uploads\/2026\/04\/pontica-46-725x1024.jpg\" alt=\"\" class=\"wp-image-1358\" style=\"width:569px;height:auto\" srcset=\"https:\/\/revistapontica.com\/wp-content\/uploads\/2026\/04\/pontica-46-725x1024.jpg 725w, https:\/\/revistapontica.com\/wp-content\/uploads\/2026\/04\/pontica-46-213x300.jpg 213w, https:\/\/revistapontica.com\/wp-content\/uploads\/2026\/04\/pontica-46-768x1084.jpg 768w, https:\/\/revistapontica.com\/wp-content\/uploads\/2026\/04\/pontica-46-9x12.jpg 9w, https:\/\/revistapontica.com\/wp-content\/uploads\/2026\/04\/pontica-46.jpg 850w\" sizes=\"(max-width: 725px) 100vw, 725px\" \/><\/figure>\n<\/div>\n\n\n<div style=\"height:50px\" aria-hidden=\"true\" class=\"wp-block-spacer\"><\/div>\n\n\n\n<div class=\"wp-block-buttons is-content-justification-center is-layout-flex wp-container-core-buttons-is-layout-16018d1d wp-block-buttons-is-layout-flex\">\n<div class=\"wp-block-button is-style-outline is-style-outline--1\"><a class=\"wp-block-button__link has-small-font-size has-custom-font-size wp-element-button\" href=\"https:\/\/revistapontica.com\/wp-content\/uploads\/2026\/04\/1174-Pontica-46-2013.pdf\" style=\"border-top-left-radius:0px;border-top-right-radius:0px;border-bottom-left-radius:0px;border-bottom-right-radius:0px\"><strong>OPEN PONTICA NO. 46 \u2013 FULL VARIANT IN .PDF FORMAT<\/strong> (88 Mb)<\/a><\/div>\n<\/div>\n\n\n\n<div style=\"height:50px\" aria-hidden=\"true\" class=\"wp-block-spacer\"><\/div>\n\n\n\n<p class=\"has-text-align-center\"><strong>SUMMARY<\/strong><br>&#8211;<a href=\"https:\/\/revistapontica.com\/wp-content\/uploads\/2026\/04\/1175-Pontica-46-2013-Sumar.pdf\" data-type=\"link\" data-id=\"https:\/\/revistapontica.com\/wp-content\/uploads\/2026\/04\/1175-Pontica-46-2013-Sumar.pdf\">view the PDF version<\/a>&#8211;<\/p>\n\n\n\n<hr class=\"wp-block-separator has-alpha-channel-opacity\"\/>\n\n\n\n<p class=\"has-text-align-center\"><strong>Lista abrevierilor<\/strong><br>&#8211;<a href=\"https:\/\/revistapontica.com\/wp-content\/uploads\/2026\/04\/1175-1-Pontica-46-2013-Lista-abrevierilor.pdf\" data-type=\"link\" data-id=\"https:\/\/revistapontica.com\/wp-content\/uploads\/2026\/04\/1175-1-Pontica-46-2013-Lista-abrevierilor.pdf\">view the PDF version<\/a>&#8211;<\/p>\n\n\n\n<hr class=\"wp-block-separator has-alpha-channel-opacity\"\/>\n\n\n\n<details class=\"wp-block-details is-layout-flow wp-block-details-is-layout-flow\"><summary>Culturi arheologice cu numele Cernavod\u0103 (I, III, II)<\/summary>\n<p><\/p>\n<\/details>\n\n\n\n<p class=\"has-text-align-center\"><strong><strong><strong><strong>PETRE ROMAN<\/strong><\/strong><\/strong><\/strong><br>&#8211;<a href=\"https:\/\/revistapontica.com\/wp-content\/uploads\/2026\/04\/1176-Pontica-46-2013-PETRE-ROMAN-\u2013-Culturi-arheologice-cu-numele-Cernavoda-I-III-II.pdf\" data-type=\"link\" data-id=\"https:\/\/revistapontica.com\/wp-content\/uploads\/2026\/04\/1176-Pontica-46-2013-PETRE-ROMAN-\u2013-Culturi-arheologice-cu-numele-Cernavoda-I-III-II.pdf\">view the PDF version<\/a>&#8211;<\/p>\n\n\n\n<hr class=\"wp-block-separator has-alpha-channel-opacity\"\/>\n\n\n\n<details class=\"wp-block-details is-layout-flow wp-block-details-is-layout-flow\"><summary>A Tell Near the Village of Bazovets, Rousse District<\/summary>\n<p><\/p>\n<\/details>\n\n\n\n<p class=\"has-text-align-center\"><strong><strong><strong>DIMITAR \u010cERNAKOV<\/strong><\/strong><\/strong><br>&#8211;<a href=\"https:\/\/revistapontica.com\/wp-content\/uploads\/2026\/04\/1177-Pontica-46-2013-DIMITAR-CERNAKOV-\u2013-A-Tell-Near-the-Village-of-Bazovets-Rousse-District.pdf\" data-type=\"link\" data-id=\"https:\/\/revistapontica.com\/wp-content\/uploads\/2026\/04\/1177-Pontica-46-2013-DIMITAR-CERNAKOV-\u2013-A-Tell-Near-the-Village-of-Bazovets-Rousse-District.pdf\">view the PDF version<\/a>&#8211;<\/p>\n\n\n\n<hr class=\"wp-block-separator has-alpha-channel-opacity\"\/>\n\n\n\n<details class=\"wp-block-details is-layout-flow wp-block-details-is-layout-flow\"><summary>Contextes c\u00e9ramiques de Tomis. (I). Un ensemble de la fin du IIe \u2010 d\u00e9but du IIIe s. ap. J.\u2010C<\/summary>\n<p><\/p>\n<\/details>\n\n\n\n<p class=\"has-text-align-center\"><strong><strong><strong>CONSTANTIN B\u0102JENARU<\/strong><\/strong><\/strong><br>&#8211;<a href=\"https:\/\/revistapontica.com\/wp-content\/uploads\/2026\/04\/1178-Pontica-46-2013-CONSTANTIN-BAJENARU-\u2013-Contextes-ceramiques-de-Tomis.-I.-Un-ensemble-de-la-fin-du-IIe-\u2010-debut-du-IIIe-s.-ap.-J.\u2010C.pdf\" data-type=\"link\" data-id=\"https:\/\/revistapontica.com\/wp-content\/uploads\/2026\/04\/1178-Pontica-46-2013-CONSTANTIN-BAJENARU-\u2013-Contextes-ceramiques-de-Tomis.-I.-Un-ensemble-de-la-fin-du-IIe-\u2010-debut-du-IIIe-s.-ap.-J.\u2010C.pdf\">view the PDF version<\/a>&#8211;<\/p>\n\n\n\n<hr class=\"wp-block-separator has-alpha-channel-opacity\"\/>\n\n\n\n<details class=\"wp-block-details is-layout-flow wp-block-details-is-layout-flow\"><summary>Noi descoperiri din necropolele romane ale Tomisului (2012\u20102013)<\/summary>\n<p><\/p>\n<\/details>\n\n\n\n<p class=\"has-text-align-center\"><strong><strong><strong>OCTAVIAN MITROI<\/strong><\/strong><\/strong><br>&#8211;<a href=\"https:\/\/revistapontica.com\/wp-content\/uploads\/2026\/04\/1179-Pontica-46-2013-OCTAVIAN-MITROI-\u2013-Noi-descoperiri-din-necropolele-romane-ale-Tomisului-2012\u20102013.pdf\" data-type=\"link\" data-id=\"https:\/\/revistapontica.com\/wp-content\/uploads\/2026\/04\/1179-Pontica-46-2013-OCTAVIAN-MITROI-\u2013-Noi-descoperiri-din-necropolele-romane-ale-Tomisului-2012\u20102013.pdf\">view the PDF version<\/a>&#8211;<\/p>\n\n\n\n<hr class=\"wp-block-separator has-alpha-channel-opacity\"\/>\n\n\n\n<details class=\"wp-block-details is-layout-flow wp-block-details-is-layout-flow\"><summary>Morminte romane de inhuma\u021bie descoperite la Nunta\u0219i \u0219i General Sc\u0103ri\u0219oreanu (jud. Constan\u021ba)<\/summary>\n<p><\/p>\n<\/details>\n\n\n\n<p class=\"has-text-align-center\"><strong><strong>LAUREN\u021aIU RADU, CORINA IORGU\u0218<\/strong><\/strong><br>&#8211;<a href=\"https:\/\/revistapontica.com\/wp-content\/uploads\/2026\/04\/1180-Pontica-46-2013-LAURENTIU-RADU-CORINA-IORGUS-\u2013-Morminte-romane-de-inhumatie-descoperite-la-Nuntasi-si-General-Scarisoreanu-jud.-Constanta.pdf\" data-type=\"link\" data-id=\"https:\/\/revistapontica.com\/wp-content\/uploads\/2026\/04\/1180-Pontica-46-2013-LAURENTIU-RADU-CORINA-IORGUS-\u2013-Morminte-romane-de-inhumatie-descoperite-la-Nuntasi-si-General-Scarisoreanu-jud.-Constanta.pdf\">view the PDF version<\/a>&#8211;<\/p>\n\n\n\n<hr class=\"wp-block-separator has-alpha-channel-opacity\"\/>\n\n\n\n<details class=\"wp-block-details is-layout-flow wp-block-details-is-layout-flow\"><summary>An Amor Statuette from Noviodunum<\/summary>\n<p><\/p>\n<\/details>\n\n\n\n<p class=\"has-text-align-center\"><strong><strong>COSTEL CHIRIAC, GEORGE NU\u021aU<\/strong><\/strong><br>&#8211;<a href=\"https:\/\/revistapontica.com\/wp-content\/uploads\/2026\/04\/1181-Pontica-46-2013-COSTEL-CHIRIAC-GEORGE-NUTU-\u2013-An-Amor-Statuette-from-Noviodunum.pdf\" data-type=\"link\" data-id=\"https:\/\/revistapontica.com\/wp-content\/uploads\/2026\/04\/1181-Pontica-46-2013-COSTEL-CHIRIAC-GEORGE-NUTU-\u2013-An-Amor-Statuette-from-Noviodunum.pdf\">view the PDF version<\/a>&#8211;<\/p>\n\n\n\n<hr class=\"wp-block-separator has-alpha-channel-opacity\"\/>\n\n\n\n<details class=\"wp-block-details is-layout-flow wp-block-details-is-layout-flow\"><summary>Alimentarea cu ap\u0103 \u00een epoca roman\u0103 \u00een zona localit\u0103\u021bii Niculi\u021bel (jud. Tulcea)<\/summary>\n<p><\/p>\n<\/details>\n\n\n\n<p class=\"has-text-align-center\"><strong><strong>DOREL PARASCHIV, GEORGE NU\u021aU, GEORGIC\u0102 COSTEA<\/strong><\/strong><br>&#8211;<a href=\"https:\/\/revistapontica.com\/wp-content\/uploads\/2026\/04\/1182-Pontica-46-2013-DOREL-PARASCHIV-GEORGE-NUTU-GEORGICA-COSTEA-\u2013-Alimentarea-cu-apa-in-epoca-romana-in-zona-localitatii-Niculitel-jud.-Tulcea.pdf\" data-type=\"link\" data-id=\"https:\/\/revistapontica.com\/wp-content\/uploads\/2026\/04\/1182-Pontica-46-2013-DOREL-PARASCHIV-GEORGE-NUTU-GEORGICA-COSTEA-\u2013-Alimentarea-cu-apa-in-epoca-romana-in-zona-localitatii-Niculitel-jud.-Tulcea.pdf\">view the PDF version<\/a>&#8211;<\/p>\n\n\n\n<hr class=\"wp-block-separator has-alpha-channel-opacity\"\/>\n\n\n\n<details class=\"wp-block-details is-layout-flow wp-block-details-is-layout-flow\"><summary>The Edifice A 9 from the Roman\u2010Byzantine Town Tropaeum Traiani<\/summary>\n<p><\/p>\n<\/details>\n\n\n\n<p class=\"has-text-align-center\"><strong><strong>MIHAI SEVERUS IONESCU, \u0218TEFAN EMILIAN GAMUREAC, FILICA DR\u0102GHICI<\/strong><\/strong><br>&#8211;<a href=\"https:\/\/revistapontica.com\/wp-content\/uploads\/2026\/04\/1183-Pontica-46-2013-MIHAI-SEVERUS-IONESCU-STEFAN-EMILIAN-GAMUREAC-FILICA-DRAGHICI-\u2013-The-Edifice-A-9-from-the-Roman\u2010Byzantine-Town-Tropaeum-Traiani.pdf\" data-type=\"link\" data-id=\"https:\/\/revistapontica.com\/wp-content\/uploads\/2026\/04\/1183-Pontica-46-2013-MIHAI-SEVERUS-IONESCU-STEFAN-EMILIAN-GAMUREAC-FILICA-DRAGHICI-\u2013-The-Edifice-A-9-from-the-Roman\u2010Byzantine-Town-Tropaeum-Traiani.pdf\">view the PDF version<\/a>&#8211;<\/p>\n\n\n\n<hr class=\"wp-block-separator has-alpha-channel-opacity\"\/>\n\n\n\n<details class=\"wp-block-details is-layout-flow wp-block-details-is-layout-flow\"><summary>Note on Two Pottery Findings from Tropaeum Traiani<\/summary>\n<p><\/p>\n<\/details>\n\n\n\n<p class=\"has-text-align-center\"><strong><strong>\u0218TEFAN EMILIAN GAMUREAC<\/strong><\/strong><br>&#8211;<a href=\"https:\/\/revistapontica.com\/wp-content\/uploads\/2026\/04\/1184-Pontica-46-2013-STEFAN-EMILIAN-GAMUREAC-\u2013-Note-on-Two-Pottery-Findings-from-Tropaeum-Traiani.pdf\" data-type=\"link\" data-id=\"https:\/\/revistapontica.com\/wp-content\/uploads\/2026\/04\/1184-Pontica-46-2013-STEFAN-EMILIAN-GAMUREAC-\u2013-Note-on-Two-Pottery-Findings-from-Tropaeum-Traiani.pdf\">view the PDF version<\/a>&#8211;<\/p>\n\n\n\n<hr class=\"wp-block-separator has-alpha-channel-opacity\"\/>\n\n\n\n<details class=\"wp-block-details is-layout-flow wp-block-details-is-layout-flow\"><summary>The Archaeological Excavation and Field Survey of Ispanaru and the Surrounding Area<\/summary>\n<p><\/p>\n<\/details>\n\n\n\n<p class=\"has-text-align-center\"><strong><strong>CRISTIAN OLARIU, MIHAI SEVERUS IONESCU, \u0218TEFAN EMILIAN GAMUREAC<\/strong><\/strong><br>&#8211;<a href=\"https:\/\/revistapontica.com\/wp-content\/uploads\/2026\/04\/1185-Pontica-46-2013-CRISTIAN-OLARIU-MIHAI-SEVERUS-IONESCU-STEFAN-EMILIAN-GAMUREAC-\u2013-The-Archaeological-Excavation-and-Field-Survey-of-Ispanaru-and-the-Surrounding-Area-Cons.pdf\" data-type=\"link\" data-id=\"https:\/\/revistapontica.com\/wp-content\/uploads\/2026\/04\/1185-Pontica-46-2013-CRISTIAN-OLARIU-MIHAI-SEVERUS-IONESCU-STEFAN-EMILIAN-GAMUREAC-\u2013-The-Archaeological-Excavation-and-Field-Survey-of-Ispanaru-and-the-Surrounding-Area-Cons.pdf\">view the PDF version<\/a>&#8211;<\/p>\n\n\n\n<hr class=\"wp-block-separator has-alpha-channel-opacity\"\/>\n\n\n\n<details class=\"wp-block-details is-layout-flow wp-block-details-is-layout-flow\"><summary>O spad\u0103 medieval\u0103 transilv\u0103nean\u0103 \u00een colec\u021bia Muzeului de Istorie Na\u021bional\u0103 \u0219i Arheologie din Constan\u021ba<\/summary>\n<p><\/p>\n<\/details>\n\n\n\n<p class=\"has-text-align-center\"><strong><strong>ZENO KARL PINTER<\/strong><\/strong><br>&#8211;<a href=\"https:\/\/revistapontica.com\/wp-content\/uploads\/2026\/04\/1186-Pontica-46-2013-ZENO-KARL-PINTER-\u2013-O-spada-medievala-transilvaneana-in-colectia-Muzeului-de-Istorie-Nationala-si-Arheologie-din-Constanta.pdf\" data-type=\"link\" data-id=\"https:\/\/revistapontica.com\/wp-content\/uploads\/2026\/04\/1186-Pontica-46-2013-ZENO-KARL-PINTER-\u2013-O-spada-medievala-transilvaneana-in-colectia-Muzeului-de-Istorie-Nationala-si-Arheologie-din-Constanta.pdf\">view the PDF version<\/a>&#8211;<\/p>\n\n\n\n<hr class=\"wp-block-separator has-alpha-channel-opacity\"\/>\n\n\n\n<details class=\"wp-block-details is-layout-flow wp-block-details-is-layout-flow\"><summary>10th\u201011th Centuries Amphorae from Capidava<\/summary>\n<p><\/p>\n<\/details>\n\n\n\n<p class=\"has-text-align-center\"><strong><strong>SIMONA MARIA CURSARU HERLEA<\/strong><\/strong><br>&#8211;<a href=\"https:\/\/revistapontica.com\/wp-content\/uploads\/2026\/04\/1187-Pontica-46-2013-SIMONA-MARIA-CURSARU-HERLEA-\u2013-10th\u201011th-Centuries-Amphorae-from-Capidava.pdf\" data-type=\"link\" data-id=\"https:\/\/revistapontica.com\/wp-content\/uploads\/2026\/04\/1187-Pontica-46-2013-SIMONA-MARIA-CURSARU-HERLEA-\u2013-10th\u201011th-Centuries-Amphorae-from-Capidava.pdf\">view the PDF version<\/a>&#8211;<\/p>\n\n\n\n<hr class=\"wp-block-separator has-alpha-channel-opacity\"\/>\n\n\n\n<details class=\"wp-block-details is-layout-flow wp-block-details-is-layout-flow\"><summary>Comer\u021bul la gurile Dun\u0103rii \u00een secolele IX\u2010XII. Un stadiu al cercet\u0103rilor<\/summary>\n<p><\/p>\n<\/details>\n\n\n\n<p class=\"has-text-align-center\"><strong><strong>CRISTINA PARASCHIV\u2010TALMA\u021aCHI, GABRIEL TALMA\u021aCHI<\/strong><br><\/strong>&#8211;<a href=\"https:\/\/revistapontica.com\/wp-content\/uploads\/2026\/04\/1188-Pontica-46-2013-CRISTINA-PARASCHIV\u2010TALMATCHI-GABRIEL-TALMATCHI-\u2013-Comertul-la-gurile-Dunarii-in-secolele-IX\u2010XII.-Un-stadiu-al-cercetarilor.pdf\" data-type=\"link\" data-id=\"https:\/\/revistapontica.com\/wp-content\/uploads\/2026\/04\/1188-Pontica-46-2013-CRISTINA-PARASCHIV\u2010TALMATCHI-GABRIEL-TALMATCHI-\u2013-Comertul-la-gurile-Dunarii-in-secolele-IX\u2010XII.-Un-stadiu-al-cercetarilor.pdf\">view the PDF version<\/a>&#8211;<\/p>\n\n\n\n<hr class=\"wp-block-separator has-alpha-channel-opacity\"\/>\n\n\n\n<details class=\"wp-block-details is-layout-flow wp-block-details-is-layout-flow\"><summary>Notes \u00e9pigraphiques (III)<\/summary>\n<p><\/p>\n<\/details>\n\n\n\n<p class=\"has-text-align-center\"><strong><strong>ALEXANDRU AVRAM<\/strong><\/strong><br>&#8211;<a href=\"https:\/\/revistapontica.com\/wp-content\/uploads\/2026\/04\/1189-Pontica-46-2013-ALEXANDRU-AVRAM-\u2013-Notes-epigraphiques-III.pdf\" data-type=\"link\" data-id=\"https:\/\/revistapontica.com\/wp-content\/uploads\/2026\/04\/1189-Pontica-46-2013-ALEXANDRU-AVRAM-\u2013-Notes-epigraphiques-III.pdf\">view the PDF version<\/a>&#8211;<\/p>\n\n\n\n<hr class=\"wp-block-separator has-alpha-channel-opacity\"\/>\n\n\n\n<details class=\"wp-block-details is-layout-flow wp-block-details-is-layout-flow\"><summary>Epigram\u0103 greac\u0103 inedit\u0103 din Tomis<\/summary>\n<p><\/p>\n<\/details>\n\n\n\n<p class=\"has-text-align-center\"><strong>LIVIA BUZOIANU, MARIA B\u0102RBULESCU<br><\/strong>&#8211;<a href=\"https:\/\/revistapontica.com\/wp-content\/uploads\/2026\/04\/1190-Pontica-46-2013-LIVIA-BUZOIANU-MARIA-BARBULESCU-\u2013-Epigrama-greaca-inedita-din-Tomis.pdf\" data-type=\"link\" data-id=\"https:\/\/revistapontica.com\/wp-content\/uploads\/2026\/04\/1190-Pontica-46-2013-LIVIA-BUZOIANU-MARIA-BARBULESCU-\u2013-Epigrama-greaca-inedita-din-Tomis.pdf\">view the PDF version<\/a>&#8211;<\/p>\n\n\n\n<hr class=\"wp-block-separator has-alpha-channel-opacity\"\/>\n\n\n\n<details class=\"wp-block-details is-layout-flow wp-block-details-is-layout-flow\"><summary>Statui sau portrete ca m\u0103sur\u0103 de cinstire \u00een inscrip\u021biile onorifice din arealul pontic. Observa\u021bii preliminare<\/summary>\n<p><\/p>\n<\/details>\n\n\n\n<p class=\"has-text-align-center\"><strong><strong>VICTOR COJOCARU<\/strong><\/strong><br>&#8211;<a href=\"https:\/\/revistapontica.com\/wp-content\/uploads\/2026\/04\/1191-Pontica-46-2013-VICTOR-COJOCARU-\u2013-Statui-sau-portrete-ca-masura-de-cinstire-in-inscriptiile-onorifice-din-arealul-pontic.-Observatii-preliminare.pdf\" data-type=\"link\" data-id=\"https:\/\/revistapontica.com\/wp-content\/uploads\/2026\/04\/1191-Pontica-46-2013-VICTOR-COJOCARU-\u2013-Statui-sau-portrete-ca-masura-de-cinstire-in-inscriptiile-onorifice-din-arealul-pontic.-Observatii-preliminare.pdf\">view the PDF version<\/a>&#8211;<\/p>\n\n\n\n<hr class=\"wp-block-separator has-alpha-channel-opacity\"\/>\n\n\n\n<details class=\"wp-block-details is-layout-flow wp-block-details-is-layout-flow\"><summary>Protective Deities of Roman Roads in Moesia Inferior<\/summary>\n<p><\/p>\n<\/details>\n\n\n\n<p class=\"has-text-align-center\"><strong><strong>ADRIANA PANAITE<\/strong><\/strong><br>&#8211;<a href=\"https:\/\/revistapontica.com\/wp-content\/uploads\/2026\/04\/1192-Pontica-46-2013-ADRIANA-PANAITE-\u2013-Protective-Deities-of-Roman-Roads-in-Moesia-Inferior.pdf\" data-type=\"link\" data-id=\"https:\/\/revistapontica.com\/wp-content\/uploads\/2026\/04\/1192-Pontica-46-2013-ADRIANA-PANAITE-\u2013-Protective-Deities-of-Roman-Roads-in-Moesia-Inferior.pdf\">view the PDF version<\/a>&#8211;<\/p>\n\n\n\n<hr class=\"wp-block-separator has-alpha-channel-opacity\"\/>\n\n\n\n<details class=\"wp-block-details is-layout-flow wp-block-details-is-layout-flow\"><summary>O \u201eneutralitate religioas\u0103\u201d a breviatorilor latini t\u00e2rzii<\/summary>\n<p><\/p>\n<\/details>\n\n\n\n<p class=\"has-text-align-center\"><strong><strong>NELU ZUGRAVU<\/strong><\/strong><br>&#8211;<a href=\"https:\/\/revistapontica.com\/wp-content\/uploads\/2026\/04\/1193-Pontica-46-2013-NELU-ZUGRAVU-\u2013-O-\u201eneutralitate-religioasa-a-breviatorilor-latini-tarzii.pdf\" data-type=\"link\" data-id=\"https:\/\/revistapontica.com\/wp-content\/uploads\/2026\/04\/1193-Pontica-46-2013-NELU-ZUGRAVU-\u2013-O-\u201eneutralitate-religioasa-a-breviatorilor-latini-tarzii.pdf\">view the PDF version<\/a>&#8211;<\/p>\n\n\n\n<hr class=\"wp-block-separator has-alpha-channel-opacity\"\/>\n\n\n\n<details class=\"wp-block-details is-layout-flow wp-block-details-is-layout-flow\"><summary>A participat Sf\u00e2ntul Theotim I de Tomis la sinodul de la Ad Quercum din 403 p. Chr.<\/summary>\n<p><\/p>\n<\/details>\n\n\n\n<p class=\"has-text-align-center\"><strong><strong>IONU\u021a HOLUBEANU<\/strong><\/strong><br>&#8211;<a href=\"https:\/\/revistapontica.com\/wp-content\/uploads\/2026\/04\/1194-Pontica-46-2013-IONUT-HOLUBEANU-\u2013-A-participat-Sfantul-Theotim-I-de-Tomis-la-sinodul-de-la-Ad-Quercum-din-403-p.-Chr.pdf\" data-type=\"link\" data-id=\"https:\/\/revistapontica.com\/wp-content\/uploads\/2026\/04\/1194-Pontica-46-2013-IONUT-HOLUBEANU-\u2013-A-participat-Sfantul-Theotim-I-de-Tomis-la-sinodul-de-la-Ad-Quercum-din-403-p.-Chr.pdf\">view the PDF version<\/a>&#8211;<\/p>\n\n\n\n<hr class=\"wp-block-separator has-alpha-channel-opacity\"\/>\n\n\n\n<details class=\"wp-block-details is-layout-flow wp-block-details-is-layout-flow\"><summary>Vicina \u0219i mitropolia \u021a\u0103rii Rom\u00e2ne\u0219ti<\/summary>\n<p><\/p>\n<\/details>\n\n\n\n<p class=\"has-text-align-center\"><strong>RADU \u0218TEFAN VERGATTI<\/strong><br>&#8211;<a href=\"#\" data-type=\"link\" data-id=\"https:\/\/revistapontica.com\/wp-content\/uploads\/2026\/03\/19-2023.pdf\">deschide va<\/a><a href=\"https:\/\/revistapontica.com\/wp-content\/uploads\/2026\/04\/1195-Pontica-46-2013-RADU-STEFAN-VERGATTI-\u2013-Vicina-si-mitropolia-Tarii-Romanesti.pdf\" data-type=\"link\" data-id=\"https:\/\/revistapontica.com\/wp-content\/uploads\/2026\/04\/1195-Pontica-46-2013-RADU-STEFAN-VERGATTI-\u2013-Vicina-si-mitropolia-Tarii-Romanesti.pdf\">r<\/a><a href=\"#\" data-type=\"link\" data-id=\"https:\/\/revistapontica.com\/wp-content\/uploads\/2026\/03\/19-2023.pdf\">ianta PDF<\/a>&#8211;<\/p>\n\n\n\n<hr class=\"wp-block-separator has-alpha-channel-opacity\"\/>\n\n\n\n<details class=\"wp-block-details is-layout-flow wp-block-details-is-layout-flow\"><summary>Despre insula Peuce, Halmyris \u0219i traseul drumului militar roman dintre Noviodunum \u0219i Callatis<\/summary>\n<p><\/p>\n<\/details>\n\n\n\n<p class=\"has-text-align-center\"><strong><strong>FLORIN SCURTU<\/strong><\/strong><br>&#8211;<a href=\"https:\/\/revistapontica.com\/wp-content\/uploads\/2026\/04\/1196-Pontica-46-2013-FLORIN-SCURTU-\u2013-Despre-insula-Peuce-Halmyris-si-traseul-drumului-militar-roman-dintre-Noviodunum-si-Callatis.pdf\" data-type=\"link\" data-id=\"https:\/\/revistapontica.com\/wp-content\/uploads\/2026\/04\/1196-Pontica-46-2013-FLORIN-SCURTU-\u2013-Despre-insula-Peuce-Halmyris-si-traseul-drumului-militar-roman-dintre-Noviodunum-si-Callatis.pdf\">view the PDF version<\/a>&#8211;<\/p>\n\n\n\n<hr class=\"wp-block-separator has-alpha-channel-opacity\"\/>\n\n\n\n<details class=\"wp-block-details is-layout-flow wp-block-details-is-layout-flow\"><summary>Antropological Data for the Human Skeleton from Baba Cave<\/summary>\n<p><\/p>\n<\/details>\n\n\n\n<p class=\"has-text-align-center\"><strong><strong>ANDREI DORIAN SOFICARU<\/strong><\/strong><br>&#8211;<a href=\"https:\/\/revistapontica.com\/wp-content\/uploads\/2026\/04\/1197-Pontica-46-2013-ANDREI-DORIAN-SOFICARU-\u2013-Antropological-Data-for-the-Human-Skeleton-from-Baba-Cave.pdf\" data-type=\"link\" data-id=\"https:\/\/revistapontica.com\/wp-content\/uploads\/2026\/04\/1197-Pontica-46-2013-ANDREI-DORIAN-SOFICARU-\u2013-Antropological-Data-for-the-Human-Skeleton-from-Baba-Cave.pdf\">view the PDF version<\/a>&#8211;<\/p>\n\n\n\n<hr class=\"wp-block-separator has-alpha-channel-opacity\"\/>\n\n\n\n<details class=\"wp-block-details is-layout-flow wp-block-details-is-layout-flow\"><summary>Monede din spa\u021biul pontic aflate \u00een colec\u021bia numismatic\u0103 a Muzeului Na\u021bional Brukenthal (secolele IV a. Chr.\u2010III p. C<\/summary>\n<p><\/p>\n<\/details>\n\n\n\n<p class=\"has-text-align-center\"><strong><strong>GABRIEL TALMA\u021aCHI, CLAUDIU MUNTEANU<\/strong><\/strong><br>&#8211;<a href=\"https:\/\/revistapontica.com\/wp-content\/uploads\/2026\/04\/1198-Pontica-46-2013-GABRIEL-TALMATCHI-CLAUDIU-MUNTEANU-\u2013-Monede-din-spatiul-pontic-aflate-in-colectia-numismatica-a-Muzeului-National-Brukenthal-secolele-IV-a.-Chr.\u2010III-p.-C.pdf\" data-type=\"link\" data-id=\"https:\/\/revistapontica.com\/wp-content\/uploads\/2026\/04\/1198-Pontica-46-2013-GABRIEL-TALMATCHI-CLAUDIU-MUNTEANU-\u2013-Monede-din-spatiul-pontic-aflate-in-colectia-numismatica-a-Muzeului-National-Brukenthal-secolele-IV-a.-Chr.\u2010III-p.-C.pdf\">view the PDF version<\/a>&#8211;<\/p>\n\n\n\n<hr class=\"wp-block-separator has-alpha-channel-opacity\"\/>\n\n\n\n<details class=\"wp-block-details is-layout-flow wp-block-details-is-layout-flow\"><summary>Noi descoperiri de monede bizantine \u00een Dobrogea (secolele IX\u2010XIII)<\/summary>\n<p><\/p>\n<\/details>\n\n\n\n<p class=\"has-text-align-center\"><strong>GABRIEL CUSTUREA, LUCIAN ADAMESCU<\/strong><br>&#8211;<a href=\"https:\/\/revistapontica.com\/wp-content\/uploads\/2026\/04\/1199-Pontica-46-2013-GABRIEL-CUSTUREA-LUCIAN-ADAMESCU-\u2013-Noi-descoperiri-de-monede-bizantine-in-Dobrogea-secolele-IX\u2010XIII.pdf\" data-type=\"link\" data-id=\"https:\/\/revistapontica.com\/wp-content\/uploads\/2026\/04\/1199-Pontica-46-2013-GABRIEL-CUSTUREA-LUCIAN-ADAMESCU-\u2013-Noi-descoperiri-de-monede-bizantine-in-Dobrogea-secolele-IX\u2010XIII.pdf\">view the PDF version<\/a>&#8211;<\/p>\n\n\n\n<hr class=\"wp-block-separator has-alpha-channel-opacity\"\/>\n\n\n\n<details class=\"wp-block-details is-layout-flow wp-block-details-is-layout-flow\"><summary>Cronica descoperirilor monetare din jude\u021bul Tulcea (XI). Secolele IX-XIII<\/summary>\n<p><\/p>\n<\/details>\n\n\n\n<p class=\"has-text-align-center\"><strong><strong>GHEORGHE M\u0102NUCU\u2010ADAME\u0218TEANU<\/strong><\/strong><br>&#8211;<a href=\"https:\/\/revistapontica.com\/wp-content\/uploads\/2026\/04\/1200-Pontica-46-2013-GHEORGHE-MANUCU\u2010ADAMESTEANU-\u2013-Cronica-descoperirilor-monetare-din-judetul-Tulcea-XI.-Secolele-IX-XIII.pdf\" data-type=\"link\" data-id=\"https:\/\/revistapontica.com\/wp-content\/uploads\/2026\/04\/1200-Pontica-46-2013-GHEORGHE-MANUCU\u2010ADAMESTEANU-\u2013-Cronica-descoperirilor-monetare-din-judetul-Tulcea-XI.-Secolele-IX-XIII.pdf\">view the PDF version<\/a>&#8211;<\/p>\n\n\n\n<hr class=\"wp-block-separator has-alpha-channel-opacity\"\/>\n\n\n\n<details class=\"wp-block-details is-layout-flow wp-block-details-is-layout-flow\"><summary>Recenzie &#8211; Ursula Kunnert, B\u00fcrger unter sich &#8211; Phylen in den St\u00e4dten des kaiserzeitlichen Ostens<\/summary>\n<p><\/p>\n<\/details>\n\n\n\n<p class=\"has-text-align-center\"><strong><strong>VICTOR COJOCARU \u2013 <\/strong><\/strong><br>&#8211;<a href=\"https:\/\/revistapontica.com\/wp-content\/uploads\/2026\/04\/1201-Pontica-46-2013-VICTOR-COJOCARU-\u2013-Recenzie-Ursula-Kunnert-Burger-unter-sich-Phylen-in-den-Stadten-des-kaiserzeitlichen-Ostens.pdf\" data-type=\"link\" data-id=\"https:\/\/revistapontica.com\/wp-content\/uploads\/2026\/04\/1201-Pontica-46-2013-VICTOR-COJOCARU-\u2013-Recenzie-Ursula-Kunnert-Burger-unter-sich-Phylen-in-den-Stadten-des-kaiserzeitlichen-Ostens.pdf\">view the PDF version<\/a>&#8211;<\/p>\n\n\n\n<hr class=\"wp-block-separator has-alpha-channel-opacity\"\/>\n\n\n\n<details class=\"wp-block-details is-layout-flow wp-block-details-is-layout-flow\"><summary>In memoriam &#8211; Pro memoria Alexandru Suceveanu \u0219i Constan\u021ba (Maria B\u0102RBULESCU)<\/summary>\n<p><\/p>\n<\/details>\n\n\n\n<p class=\"has-text-align-center\"><strong><strong>MARIA B\u0102RBULESCU<\/strong><\/strong><br>&#8211;<a href=\"https:\/\/revistapontica.com\/wp-content\/uploads\/2026\/04\/1202-Pontica-46-2013-MARIA-BARBULESCU-\u2013-In-memoriam-Pro-memoria-Alexandru-Suceveanu-si-Constanta-Maria-BARBULESCU.pdf\" data-type=\"link\" data-id=\"https:\/\/revistapontica.com\/wp-content\/uploads\/2026\/04\/1202-Pontica-46-2013-MARIA-BARBULESCU-\u2013-In-memoriam-Pro-memoria-Alexandru-Suceveanu-si-Constanta-Maria-BARBULESCU.pdf\">view the PDF version<\/a>&#8211;<\/p>\n\n\n\n<hr class=\"wp-block-separator has-alpha-channel-opacity\"\/>\n\n\n\n<details class=\"wp-block-details is-layout-flow wp-block-details-is-layout-flow\"><summary>In memoriam &#8211; Nubar Hampartumian (4 dec. 1927 \u2010 17 nov. 2013)<\/summary>\n<p><\/p>\n<\/details>\n\n\n\n<p class=\"has-text-align-center\"><strong><strong>IRINA NASTASI<\/strong><\/strong><br>&#8211;<a href=\"https:\/\/revistapontica.com\/wp-content\/uploads\/2026\/04\/1203-Pontica-46-2013-IRINA-NASTASI-\u2013-In-memoriam-Nubar-Hampartumian-4-dec.-1927-\u2010-17-nov.-2013.pdf\" data-type=\"link\" data-id=\"https:\/\/revistapontica.com\/wp-content\/uploads\/2026\/04\/1203-Pontica-46-2013-IRINA-NASTASI-\u2013-In-memoriam-Nubar-Hampartumian-4-dec.-1927-\u2010-17-nov.-2013.pdf\">view the PDF version<\/a>&#8211;<\/p>\n\n\n\n<hr class=\"wp-block-separator has-alpha-channel-opacity\"\/>\n\n\n\n<details class=\"wp-block-details is-layout-flow wp-block-details-is-layout-flow\"><summary>Intr\u0103ri de carte \u00een biblioteca M.I.N.A.C. (2013)<\/summary>\n<p><\/p>\n<\/details>\n\n\n\n<p class=\"has-text-align-center\"><strong>GEORGETA HA\u0218OTTI<\/strong><br>&#8211;<a href=\"https:\/\/revistapontica.com\/wp-content\/uploads\/2026\/04\/1204-Pontica-46-2013-GEORGETA-HASOTTI-\u2013-Intrari-de-carte-in-biblioteca-M.I.N.A.C.-2013.pdf\" data-type=\"link\" data-id=\"https:\/\/revistapontica.com\/wp-content\/uploads\/2026\/04\/1204-Pontica-46-2013-GEORGETA-HASOTTI-\u2013-Intrari-de-carte-in-biblioteca-M.I.N.A.C.-2013.pdf\">view the PDF version<\/a>&#8211;<\/p>","protected":false},"excerpt":{"rendered":"<p>SUMAR&#8211;deschide varianta PDF&#8211; Lista abrevierilor&#8211;deschide varianta PDF&#8211; PETRE ROMAN&#8211;deschide varianta PDF&#8211; DIMITAR \u010cERNAKOV&#8211;deschide varianta PDF&#8211; CONSTANTIN B\u0102JENARU&#8211;deschide varianta PDF&#8211; OCTAVIAN MITROI&#8211;deschide varianta PDF&#8211; LAUREN\u021aIU RADU, CORINA IORGU\u0218&#8211;deschide varianta PDF&#8211; COSTEL CHIRIAC, GEORGE NU\u021aU&#8211;deschide varianta PDF&#8211; DOREL PARASCHIV, GEORGE NU\u021aU, GEORGIC\u0102 COSTEA&#8211;deschide varianta PDF&#8211; MIHAI SEVERUS IONESCU, \u0218TEFAN EMILIAN GAMUREAC, FILICA DR\u0102GHICI&#8211;deschide varianta PDF&#8211; \u0218TEFAN EMILIAN [&hellip;]<\/p>\n","protected":false},"author":2,"featured_media":0,"comment_status":"closed","ping_status":"closed","sticky":false,"template":"","format":"standard","meta":{"footnotes":""},"categories":[18],"tags":[],"class_list":["post-1355","post","type-post","status-publish","format-standard","hentry","category-revista"],"_links":{"self":[{"href":"https:\/\/revistapontica.com\/en\/wp-json\/wp\/v2\/posts\/1355","targetHints":{"allow":["GET"]}}],"collection":[{"href":"https:\/\/revistapontica.com\/en\/wp-json\/wp\/v2\/posts"}],"about":[{"href":"https:\/\/revistapontica.com\/en\/wp-json\/wp\/v2\/types\/post"}],"author":[{"embeddable":true,"href":"https:\/\/revistapontica.com\/en\/wp-json\/wp\/v2\/users\/2"}],"replies":[{"embeddable":true,"href":"https:\/\/revistapontica.com\/en\/wp-json\/wp\/v2\/comments?post=1355"}],"version-history":[{"count":6,"href":"https:\/\/revistapontica.com\/en\/wp-json\/wp\/v2\/posts\/1355\/revisions"}],"predecessor-version":[{"id":1400,"href":"https:\/\/revistapontica.com\/en\/wp-json\/wp\/v2\/posts\/1355\/revisions\/1400"}],"wp:attachment":[{"href":"https:\/\/revistapontica.com\/en\/wp-json\/wp\/v2\/media?parent=1355"}],"wp:term":[{"taxonomy":"category","embeddable":true,"href":"https:\/\/revistapontica.com\/en\/wp-json\/wp\/v2\/categories?post=1355"},{"taxonomy":"post_tag","embeddable":true,"href":"https:\/\/revistapontica.com\/en\/wp-json\/wp\/v2\/tags?post=1355"}],"curies":[{"name":"wp","href":"https:\/\/api.w.org\/{rel}","templated":true}]}}