{"id":1401,"date":"2026-04-26T15:35:04","date_gmt":"2026-04-26T12:35:04","guid":{"rendered":"https:\/\/revistapontica.com\/?p=1401"},"modified":"2026-04-26T16:02:10","modified_gmt":"2026-04-26T13:02:10","slug":"pontica-nr-45-2012","status":"publish","type":"post","link":"https:\/\/revistapontica.com\/en\/pontica-nr-45-2012\/","title":{"rendered":"Pontica Nr. 45 (2012)"},"content":{"rendered":"<div class=\"wp-block-image\">\n<figure class=\"aligncenter size-large is-resized\"><img fetchpriority=\"high\" decoding=\"async\" width=\"725\" height=\"1024\" src=\"https:\/\/revistapontica.com\/wp-content\/uploads\/2026\/04\/pontica-45-725x1024.jpg\" alt=\"\" class=\"wp-image-1403\" style=\"width:548px;height:auto\" srcset=\"https:\/\/revistapontica.com\/wp-content\/uploads\/2026\/04\/pontica-45-725x1024.jpg 725w, https:\/\/revistapontica.com\/wp-content\/uploads\/2026\/04\/pontica-45-213x300.jpg 213w, https:\/\/revistapontica.com\/wp-content\/uploads\/2026\/04\/pontica-45-768x1084.jpg 768w, https:\/\/revistapontica.com\/wp-content\/uploads\/2026\/04\/pontica-45-9x12.jpg 9w, https:\/\/revistapontica.com\/wp-content\/uploads\/2026\/04\/pontica-45.jpg 850w\" sizes=\"(max-width: 725px) 100vw, 725px\" \/><\/figure>\n<\/div>\n\n\n<div style=\"height:50px\" aria-hidden=\"true\" class=\"wp-block-spacer\"><\/div>\n\n\n\n<div class=\"wp-block-buttons is-content-justification-center is-layout-flex wp-container-core-buttons-is-layout-16018d1d wp-block-buttons-is-layout-flex\">\n<div class=\"wp-block-button is-style-outline is-style-outline--1\"><a class=\"wp-block-button__link has-small-font-size has-custom-font-size wp-element-button\" href=\"https:\/\/revistapontica.com\/wp-content\/uploads\/2026\/04\/1139-pontica-45-2012.pdf\" style=\"border-top-left-radius:0px;border-top-right-radius:0px;border-bottom-left-radius:0px;border-bottom-right-radius:0px\"><strong>OPEN PONTICA NO. 45 \u2013 FULL VARIANT IN .PDF FORMAT<\/strong> (144 Mb)<\/a><\/div>\n<\/div>\n\n\n\n<div style=\"height:50px\" aria-hidden=\"true\" class=\"wp-block-spacer\"><\/div>\n\n\n\n<p class=\"has-text-align-center\"><strong>SUMMARY<\/strong><br>&#8211;<a href=\"https:\/\/revistapontica.com\/wp-content\/uploads\/2026\/04\/1140-Pontica-45-2012-Sumar.pdf\" data-type=\"link\" data-id=\"https:\/\/revistapontica.com\/wp-content\/uploads\/2026\/04\/1140-Pontica-45-2012-Sumar.pdf\">view the PDF version<\/a>&#8211;<\/p>\n\n\n\n<hr class=\"wp-block-separator has-alpha-channel-opacity\"\/>\n\n\n\n<p class=\"has-text-align-center\"><strong>Lista abrevierilor<\/strong><br>&#8211;<a href=\"https:\/\/revistapontica.com\/wp-content\/uploads\/2026\/04\/1140-1-Pontica-45-2012-Lista-abrevierilor.pdf\" data-type=\"link\" data-id=\"https:\/\/revistapontica.com\/wp-content\/uploads\/2026\/04\/1140-1-Pontica-45-2012-Lista-abrevierilor.pdf\">view the PDF version<\/a>&#8211;<\/p>\n\n\n\n<hr class=\"wp-block-separator has-alpha-channel-opacity\"\/>\n\n\n\n<details class=\"wp-block-details is-layout-flow wp-block-details-is-layout-flow\"><summary>Coabit\u0103ri \u015fi simbioze culturale \u00een eneoliticul din Dobrogea. Studiu de caz Cheile Dobrogei<\/summary>\n<p><\/p>\n<\/details>\n\n\n\n<p class=\"has-text-align-center\"><strong><strong><strong><strong>VALENTINA VOINEA, BART\u0141OMIEJ SZMONIEWSKI<\/strong><\/strong><\/strong><\/strong><br>&#8211;<a href=\"https:\/\/revistapontica.com\/wp-content\/uploads\/2026\/04\/1141-Pontica-45-2012-VALENTINA-VOINEA-BARTLOMIEJ-SZMONIEWSKI-\u2013-Coabitari-si-simbioze-culturale-in-eneoliticul-din-Dobrogea.-Studiu-de-caz-Cheile-Dobrogei.pdf\" data-type=\"link\" data-id=\"https:\/\/revistapontica.com\/wp-content\/uploads\/2026\/04\/1141-Pontica-45-2012-VALENTINA-VOINEA-BARTLOMIEJ-SZMONIEWSKI-\u2013-Coabitari-si-simbioze-culturale-in-eneoliticul-din-Dobrogea.-Studiu-de-caz-Cheile-Dobrogei.pdf\">view the PDF version<\/a>&#8211;<\/p>\n\n\n\n<hr class=\"wp-block-separator has-alpha-channel-opacity\"\/>\n\n\n\n<details class=\"wp-block-details is-layout-flow wp-block-details-is-layout-flow\"><summary>Possibilities for Establishing Local Groups Based on Graphite Decoration on Ceramics within the Gumelnitsa \u2013 Karanovo VI Culture<\/summary>\n<p><\/p>\n<\/details>\n\n\n\n<p class=\"has-text-align-center\"><strong><strong><strong>MARGARITA POPOVA<\/strong><\/strong><\/strong><br>&#8211;<a href=\"https:\/\/revistapontica.com\/wp-content\/uploads\/2026\/04\/1142-Pontica-45-2012-MARGARITA-POPOVA-\u2013-Possibilities-for-Establishing-Local-Groups-Based-on-Graphite-Decoration-on-Ceramics-within-the-Gumelnitsa-\u2013-Karanovo-VI-Culture.pdf\" data-type=\"link\" data-id=\"https:\/\/revistapontica.com\/wp-content\/uploads\/2026\/04\/2-2022.pdf\">view the PDF version<\/a>&#8211;<\/p>\n\n\n\n<hr class=\"wp-block-separator has-alpha-channel-opacity\"\/>\n\n\n\n<details class=\"wp-block-details is-layout-flow wp-block-details-is-layout-flow\"><summary>Reprezent\u0103ri zoomorfe eneolitice \u00een Muntenia. Studiu de caz \u2013 M\u0103l\u0103ie\u015ftii de Jos (jud. Prahova)<\/summary>\n<p><\/p>\n<\/details>\n\n\n\n<p class=\"has-text-align-center\"><strong><strong><strong>ALIN FR\u00ceNCULEASA<\/strong><\/strong><\/strong><br>&#8211;<a href=\"https:\/\/revistapontica.com\/wp-content\/uploads\/2026\/04\/1143-Pontica-45-2012-ALIN-FRINCULEASA-\u2013-Reprezentari-zoomorfe-eneolitice-in-Muntenia.-Studiu-de-caz-\u2013-Malaiestii-de-Jos-jud.-Prahova.pdf\" data-type=\"link\" data-id=\"https:\/\/revistapontica.com\/wp-content\/uploads\/2026\/04\/1143-Pontica-45-2012-ALIN-FRINCULEASA-\u2013-Reprezentari-zoomorfe-eneolitice-in-Muntenia.-Studiu-de-caz-\u2013-Malaiestii-de-Jos-jud.-Prahova.pdf\">view the PDF version<\/a>&#8211;<\/p>\n\n\n\n<hr class=\"wp-block-separator has-alpha-channel-opacity\"\/>\n\n\n\n<details class=\"wp-block-details is-layout-flow wp-block-details-is-layout-flow\"><summary>De la rela\u021biile externe ale ora\u015felor pontice la rela\u021biile externe ale apoikiilor nord\u2010pontice<\/summary>\n<p><\/p>\n<\/details>\n\n\n\n<p class=\"has-text-align-center\"><strong><strong><strong>VICTOR COJOCAR<\/strong><\/strong>U<\/strong><br>&#8211;<a href=\"https:\/\/revistapontica.com\/wp-content\/uploads\/2026\/04\/1144-Pontica-45-2012-VICTOR-COJOCARU-\u2013-De-la-relatiile-externe-ale-oraselor-pontice-la-relatiile-externe-ale-apoikiilor-nord\u2010pontice.pdf\" data-type=\"link\" data-id=\"https:\/\/revistapontica.com\/wp-content\/uploads\/2026\/04\/1144-Pontica-45-2012-VICTOR-COJOCARU-\u2013-De-la-relatiile-externe-ale-oraselor-pontice-la-relatiile-externe-ale-apoikiilor-nord\u2010pontice.pdf\">view the PDF version<\/a>&#8211;<\/p>\n\n\n\n<hr class=\"wp-block-separator has-alpha-channel-opacity\"\/>\n\n\n\n<details class=\"wp-block-details is-layout-flow wp-block-details-is-layout-flow\"><summary>Histria \u2013 1990\u20102010<\/summary>\n<p><\/p>\n<\/details>\n\n\n\n<p class=\"has-text-align-center\"><strong><strong>ALEXANDRU SUCEVEANU<\/strong><\/strong><br>&#8211;<a href=\"https:\/\/revistapontica.com\/wp-content\/uploads\/2026\/04\/1145-Pontica-45-2012-ALEXANDRU-SUCEVEANU-\u2013-Histria-\u2013-1990\u20102010.pdf\" data-type=\"link\" data-id=\"https:\/\/revistapontica.com\/wp-content\/uploads\/2026\/04\/1145-Pontica-45-2012-ALEXANDRU-SUCEVEANU-\u2013-Histria-\u2013-1990\u20102010.pdf\">view the PDF version<\/a>&#8211;<\/p>\n\n\n\n<hr class=\"wp-block-separator has-alpha-channel-opacity\"\/>\n\n\n\n<details class=\"wp-block-details is-layout-flow wp-block-details-is-layout-flow\"><summary>Alexandru \u00een breviatorii latini t\u00e2rzii<\/summary>\n<p><\/p>\n<\/details>\n\n\n\n<p class=\"has-text-align-center\"><strong><strong>NELU ZUGRAVU<\/strong><\/strong><br>&#8211;<a href=\"https:\/\/revistapontica.com\/wp-content\/uploads\/2026\/04\/1146-Pontica-45-2012-NELU-ZUGRAVU-\u2013-Alexandru-in-breviatorii-latini-tarzii.pdf\" data-type=\"link\" data-id=\"https:\/\/revistapontica.com\/wp-content\/uploads\/2026\/04\/1146-Pontica-45-2012-NELU-ZUGRAVU-\u2013-Alexandru-in-breviatorii-latini-tarzii.pdf\">view the PDF version<\/a>&#8211;<\/p>\n\n\n\n<hr class=\"wp-block-separator has-alpha-channel-opacity\"\/>\n\n\n\n<details class=\"wp-block-details is-layout-flow wp-block-details-is-layout-flow\"><summary>Antonia Tryphaina<\/summary>\n<p><\/p>\n<\/details>\n\n\n\n<p class=\"has-text-align-center\"><strong><strong>VICTOR COJOCARU<\/strong><\/strong><br>&#8211;<a href=\"https:\/\/revistapontica.com\/wp-content\/uploads\/2026\/04\/1147-Pontica-45-2012-VICTOR-COJOCARU-\u2013-Antonia-Tryphaina.pdf\" data-type=\"link\" data-id=\"https:\/\/revistapontica.com\/wp-content\/uploads\/2026\/04\/1147-Pontica-45-2012-VICTOR-COJOCARU-\u2013-Antonia-Tryphaina.pdf\">view the PDF version<\/a>&#8211;<\/p>\n\n\n\n<hr class=\"wp-block-separator has-alpha-channel-opacity\"\/>\n\n\n\n<details class=\"wp-block-details is-layout-flow wp-block-details-is-layout-flow\"><summary>Otr\u0103viri \u00een dinastia Iulio\u2010Claudian\u0103. Zvonuri, tradi\u021bie literar\u0103 \u015fi interpret\u0103ri istorice<\/summary>\n<p><\/p>\n<\/details>\n\n\n\n<p class=\"has-text-align-center\"><strong><strong>ANDREEA RALUCA BARBO\u015e, DECEBAL NEDU<\/strong><\/strong><br>&#8211;<a href=\"https:\/\/revistapontica.com\/wp-content\/uploads\/2026\/04\/1148-Pontica-45-2012-ANDREEA-RALUCA-BARBOS-DECEBAL-NEDU-\u2013-Otraviri-in-dinastia-Iulio\u2010Claudiana.-Zvonuri-traditie-literara-si-interpretari-istorice.pdf\" data-type=\"link\" data-id=\"https:\/\/revistapontica.com\/wp-content\/uploads\/2026\/04\/1148-Pontica-45-2012-ANDREEA-RALUCA-BARBOS-DECEBAL-NEDU-\u2013-Otraviri-in-dinastia-Iulio\u2010Claudiana.-Zvonuri-traditie-literara-si-interpretari-istorice.pdf\">view the PDF version<\/a>&#8211;<\/p>\n\n\n\n<hr class=\"wp-block-separator has-alpha-channel-opacity\"\/>\n\n\n\n<details class=\"wp-block-details is-layout-flow wp-block-details-is-layout-flow\"><summary>Propaganda and Imperial Cult<\/summary>\n<p><\/p>\n<\/details>\n\n\n\n<p class=\"has-text-align-center\"><strong><strong>ZAHARIA COVACEF<\/strong><\/strong><br>&#8211;<a href=\"https:\/\/revistapontica.com\/wp-content\/uploads\/2026\/04\/1149-Pontica-45-2012-ZAHARIA-COVACEF-\u2013-Propaganda-and-Imperial-Cult.pdf\" data-type=\"link\" data-id=\"https:\/\/revistapontica.com\/wp-content\/uploads\/2026\/04\/1149-Pontica-45-2012-ZAHARIA-COVACEF-\u2013-Propaganda-and-Imperial-Cult.pdf\">view the PDF version<\/a>&#8211;<\/p>\n\n\n\n<hr class=\"wp-block-separator has-alpha-channel-opacity\"\/>\n\n\n\n<details class=\"wp-block-details is-layout-flow wp-block-details-is-layout-flow\"><summary>Porturile fluviale romane din provinciile renane \u015fi dun\u0103rene (secolele I\u2010III p. Chr.)<\/summary>\n<p><\/p>\n<\/details>\n\n\n\n<p class=\"has-text-align-center\"><strong><strong>CLAUDIU MUNTEANU<\/strong><\/strong><br>&#8211;<a href=\"https:\/\/revistapontica.com\/wp-content\/uploads\/2026\/04\/1150-Pontica-45-2012-CLAUDIU-MUNTEANU-\u2013-Porturile-fluviale-romane-din-provinciile-renane-si-dunarene-secolele-I\u2010III-p.-Chr.pdf\" data-type=\"link\" data-id=\"https:\/\/revistapontica.com\/wp-content\/uploads\/2026\/04\/1150-Pontica-45-2012-CLAUDIU-MUNTEANU-\u2013-Porturile-fluviale-romane-din-provinciile-renane-si-dunarene-secolele-I\u2010III-p.-Chr.pdf\">view the PDF version<\/a>&#8211;<\/p>\n\n\n\n<hr class=\"wp-block-separator has-alpha-channel-opacity\"\/>\n\n\n\n<details class=\"wp-block-details is-layout-flow wp-block-details-is-layout-flow\"><summary>Alla I Gallorum et Pannoniorum &#8211; mobilitate \u015fi prosopografie<\/summary>\n<p><\/p>\n<\/details>\n\n\n\n<p class=\"has-text-align-center\"><strong><strong>IONU\u021a ACRUDOAE<\/strong><\/strong><br>&#8211;<a href=\"https:\/\/revistapontica.com\/wp-content\/uploads\/2026\/04\/1151-Pontica-45-2012-IONUT-ACRUDOAE-\u2013-Alla-I-Gallorum-et-Pannoniorum-mobilitate-si-prosopografie.pdf\" data-type=\"link\" data-id=\"https:\/\/revistapontica.com\/wp-content\/uploads\/2026\/04\/1151-Pontica-45-2012-IONUT-ACRUDOAE-\u2013-Alla-I-Gallorum-et-Pannoniorum-mobilitate-si-prosopografie.pdf\">view the PDF version<\/a>&#8211;<\/p>\n\n\n\n<hr class=\"wp-block-separator has-alpha-channel-opacity\"\/>\n\n\n\n<details class=\"wp-block-details is-layout-flow wp-block-details-is-layout-flow\"><summary>Instrumentarul medical \u015fi sau de cosmetic\u0103 din Moesia Inferior<\/summary>\n<p><\/p>\n<\/details>\n\n\n\n<p class=\"has-text-align-center\"><strong><strong>DAN APARASCHIVEI, VIORICA VASILACHE<\/strong><\/strong><br>&#8211;<a href=\"https:\/\/revistapontica.com\/wp-content\/uploads\/2026\/04\/1152-Pontica-45-2012-DAN-APARASCHIVEI-VIORICA-VASILACHE-\u2013-Instrumentarul-medical-si-sau-de-cosmetica-din-Moesia-Inferior.pdf\" data-type=\"link\" data-id=\"https:\/\/revistapontica.com\/wp-content\/uploads\/2026\/04\/1152-Pontica-45-2012-DAN-APARASCHIVEI-VIORICA-VASILACHE-\u2013-Instrumentarul-medical-si-sau-de-cosmetica-din-Moesia-Inferior.pdf\">view the PDF version<\/a>&#8211;<\/p>\n\n\n\n<hr class=\"wp-block-separator has-alpha-channel-opacity\"\/>\n\n\n\n<details class=\"wp-block-details is-layout-flow wp-block-details-is-layout-flow\"><summary>Oriental Amphorae type LRA 1 and LRA 2 Discovered at Histria (Basilica extra muros Sector)<\/summary>\n<p><\/p>\n<\/details>\n\n\n\n<p class=\"has-text-align-center\"><strong><strong>ALEXANDRU B\u0102DESCU<\/strong><br><\/strong>&#8211;<a href=\"https:\/\/revistapontica.com\/wp-content\/uploads\/2026\/04\/1153-Pontica-45-2012-ALEXANDRU-BADESCU-\u2013-Oriental-Amphorae-type-LRA-1-and-LRA-2-Discovered-at-Histria-Basilica-extra-muros-Sector.pdf\" data-type=\"link\" data-id=\"https:\/\/revistapontica.com\/wp-content\/uploads\/2026\/04\/1153-Pontica-45-2012-ALEXANDRU-BADESCU-\u2013-Oriental-Amphorae-type-LRA-1-and-LRA-2-Discovered-at-Histria-Basilica-extra-muros-Sector.pdf\">view the PDF version<\/a>&#8211;<\/p>\n\n\n\n<hr class=\"wp-block-separator has-alpha-channel-opacity\"\/>\n\n\n\n<details class=\"wp-block-details is-layout-flow wp-block-details-is-layout-flow\"><summary>Ceramica sm\u0103l\u021buit\u0103 din secolele X\u2010XI de la Capidava<\/summary>\n<p><\/p>\n<\/details>\n\n\n\n<p class=\"has-text-align-center\"><strong><strong>SIMONA MARIA CURSARU\u2010HERLEA<\/strong><\/strong><br>&#8211;<a href=\"https:\/\/revistapontica.com\/wp-content\/uploads\/2026\/04\/1154-Pontica-45-2012-SIMONA-MARIA-CURSARU\u2010HERLEA-\u2013-Ceramica-smaltuita-din-secolele-X\u2010XI-de-la-Capidava.pdf\" data-type=\"link\" data-id=\"https:\/\/revistapontica.com\/wp-content\/uploads\/2026\/04\/1154-Pontica-45-2012-SIMONA-MARIA-CURSARU\u2010HERLEA-\u2013-Ceramica-smaltuita-din-secolele-X\u2010XI-de-la-Capidava.pdf\">view the PDF version<\/a>&#8211;<\/p>\n\n\n\n<hr class=\"wp-block-separator has-alpha-channel-opacity\"\/>\n\n\n\n<details class=\"wp-block-details is-layout-flow wp-block-details-is-layout-flow\"><summary>Clothing Accessories Ornaments Found in Dobrudja<\/summary>\n<p><\/p>\n<\/details>\n\n\n\n<p class=\"has-text-align-center\"><strong>CRISTINA PARASCHIV\u2010TALMA\u021aCHI, GABRIEL CUSTUREA<br><\/strong>&#8211;<a href=\"https:\/\/revistapontica.com\/wp-content\/uploads\/2026\/04\/1155-Pontica-45-2012-CRISTINA-PARASCHIV\u2010TALMATCHI-GABRIEL-CUSTUREA-\u2013-Clothing-Accessories-Ornaments-Found-in-Dobrudja.pdf\" data-type=\"link\" data-id=\"https:\/\/revistapontica.com\/wp-content\/uploads\/2026\/04\/1155-Pontica-45-2012-CRISTINA-PARASCHIV\u2010TALMATCHI-GABRIEL-CUSTUREA-\u2013-Clothing-Accessories-Ornaments-Found-in-Dobrudja.pdf\">view the PDF version<\/a>&#8211;<\/p>\n\n\n\n<hr class=\"wp-block-separator has-alpha-channel-opacity\"\/>\n\n\n\n<details class=\"wp-block-details is-layout-flow wp-block-details-is-layout-flow\"><summary>Considera\u021bii asupra denumirilor \u015fi organiz\u0103rii st\u0103p\u00e2nirii bizantine de la Dun\u0103rea de Jos \u00een secolele X\u2010XII<\/summary>\n<p><\/p>\n<\/details>\n\n\n\n<p class=\"has-text-align-center\"><strong><strong>VASILE M\u0102RCULE\u021a<\/strong><\/strong><br>&#8211;<a href=\"https:\/\/revistapontica.com\/wp-content\/uploads\/2026\/04\/1156-Pontica-45-2012-VASILE-MARCULET-\u2013-Consideratii-asupra-denumirilor-si-organizarii-stapanirii-bizantine-de-la-Dunarea-de-Jos-in-secolele-X\u2010XII.pdf\" data-type=\"link\" data-id=\"https:\/\/revistapontica.com\/wp-content\/uploads\/2026\/04\/1156-Pontica-45-2012-VASILE-MARCULET-\u2013-Consideratii-asupra-denumirilor-si-organizarii-stapanirii-bizantine-de-la-Dunarea-de-Jos-in-secolele-X\u2010XII.pdf\">view the PDF version<\/a>&#8211;<\/p>\n\n\n\n<hr class=\"wp-block-separator has-alpha-channel-opacity\"\/>\n\n\n\n<details class=\"wp-block-details is-layout-flow wp-block-details-is-layout-flow\"><summary>Le port fluvial Kilia au milieu du XIVe si\u00e8cle<\/summary>\n<p><\/p>\n<\/details>\n\n\n\n<p class=\"has-text-align-center\"><strong><strong>RADU \u015eTEFAN VERGATTI<\/strong><\/strong><br>&#8211;<a href=\"https:\/\/revistapontica.com\/wp-content\/uploads\/2026\/04\/1157-Pontica-45-2012-RADU-STEFAN-VERGATTI-\u2013-Le-port-fluvial-Kilia-au-milieu-du-XIVe-siecle.pdf\" data-type=\"link\" data-id=\"https:\/\/revistapontica.com\/wp-content\/uploads\/2026\/04\/1157-Pontica-45-2012-RADU-STEFAN-VERGATTI-\u2013-Le-port-fluvial-Kilia-au-milieu-du-XIVe-siecle.pdf\">view the PDF version<\/a>&#8211;<\/p>\n\n\n\n<hr class=\"wp-block-separator has-alpha-channel-opacity\"\/>\n\n\n\n<details class=\"wp-block-details is-layout-flow wp-block-details-is-layout-flow\"><summary>A Newly Discovered Necropolis in the Southern Part of the West Black Sea Coast\u2010Issues of Cultural Interpretation<\/summary>\n<p><\/p>\n<\/details>\n\n\n\n<p class=\"has-text-align-center\"><strong><strong>PETYA GEORGIEVA<\/strong><\/strong><br>&#8211;<a href=\"https:\/\/revistapontica.com\/wp-content\/uploads\/2026\/04\/1158-Pontica-45-2012-PETYA-GEORGIEVA-\u2013-A-Newly-Discovered-Necropolis-in-the-Southern-Part-of-the-West-Black-Sea-Coast\u2010Issues-of-Cultural-Interpretation.pdf\" data-type=\"link\" data-id=\"https:\/\/revistapontica.com\/wp-content\/uploads\/2026\/04\/1158-Pontica-45-2012-PETYA-GEORGIEVA-\u2013-A-Newly-Discovered-Necropolis-in-the-Southern-Part-of-the-West-Black-Sea-Coast\u2010Issues-of-Cultural-Interpretation.pdf\">view the PDF version<\/a>&#8211;<\/p>\n\n\n\n<hr class=\"wp-block-separator has-alpha-channel-opacity\"\/>\n\n\n\n<details class=\"wp-block-details is-layout-flow wp-block-details-is-layout-flow\"><summary>Necropola de la Cernavoda \u00eentre mit \u015fi realitate<\/summary>\n<p><\/p>\n<\/details>\n\n\n\n<p class=\"has-text-align-center\"><strong><strong>C\u0102T\u0102LIN LAZ\u0102R<\/strong><\/strong><br>&#8211;<a href=\"https:\/\/revistapontica.com\/wp-content\/uploads\/2026\/04\/1159-Pontica-45-2012-CATALIN-LAZAR-\u2013-Necropola-de-la-Cernavoda-intre-mit-si-realitate.pdf\" data-type=\"link\" data-id=\"https:\/\/revistapontica.com\/wp-content\/uploads\/2026\/04\/1159-Pontica-45-2012-CATALIN-LAZAR-\u2013-Necropola-de-la-Cernavoda-intre-mit-si-realitate.pdf\">view the PDF version<\/a>&#8211;<\/p>\n\n\n\n<hr class=\"wp-block-separator has-alpha-channel-opacity\"\/>\n\n\n\n<details class=\"wp-block-details is-layout-flow wp-block-details-is-layout-flow\"><summary>Callatis \u2013 stratigrafie, topografie \u015fi urbanism<\/summary>\n<p><\/p>\n<\/details>\n\n\n\n<p class=\"has-text-align-center\"><strong>NICOLAE ALEXANDRU, ROBERT CONSTANTIN, MIHAI IONESCU<\/strong><br>&#8211;<a href=\"https:\/\/revistapontica.com\/wp-content\/uploads\/2026\/04\/1160-Pontica-45-2012-NICOLAE-ALEXANDRU-ROBERT-CONSTANTIN-MIHAI-IONESCU-\u2013-Callatis-\u2013-stratigrafie-topografie-si-urbanism.pdf\" data-type=\"link\" data-id=\"https:\/\/revistapontica.com\/wp-content\/uploads\/2026\/04\/1160-Pontica-45-2012-NICOLAE-ALEXANDRU-ROBERT-CONSTANTIN-MIHAI-IONESCU-\u2013-Callatis-\u2013-stratigrafie-topografie-si-urbanism.pdf\">view the PDF version<\/a>&#8211;<\/p>\n\n\n\n<hr class=\"wp-block-separator has-alpha-channel-opacity\"\/>\n\n\n\n<details class=\"wp-block-details is-layout-flow wp-block-details-is-layout-flow\"><summary>Callatis &#8211; cercet\u0103ri de salvare \u00een necropola romano\u2010bizantin\u0103<\/summary>\n<p><\/p>\n<\/details>\n\n\n\n<p class=\"has-text-align-center\"><strong><strong>LAUREN\u021aIU RADU, CORINA IORGU\u015e<\/strong><\/strong><br>&#8211;<a href=\"https:\/\/revistapontica.com\/wp-content\/uploads\/2026\/04\/1161-Pontica-45-2012-LAURENTIU-RADU-CORINA-IORGUS-\u2013-Callatis-cercetari-de-salvare-in-necropola-romano\u2010bizantina.pdf\" data-type=\"link\" data-id=\"https:\/\/revistapontica.com\/wp-content\/uploads\/2026\/04\/1161-Pontica-45-2012-LAURENTIU-RADU-CORINA-IORGUS-\u2013-Callatis-cercetari-de-salvare-in-necropola-romano\u2010bizantina.pdf\">view the PDF version<\/a>&#8211;<\/p>\n\n\n\n<hr class=\"wp-block-separator has-alpha-channel-opacity\"\/>\n\n\n\n<details class=\"wp-block-details is-layout-flow wp-block-details-is-layout-flow\"><summary>Un cuptor pentru ars ceramica descoperit la Noviodunum<\/summary>\n<p><\/p>\n<\/details>\n\n\n\n<p class=\"has-text-align-center\"><strong><strong>LAUREN\u021aIU RADU, AUREL ST\u0102NIC\u0102<\/strong><\/strong><br>&#8211;<a href=\"https:\/\/revistapontica.com\/wp-content\/uploads\/2026\/04\/1162-Pontica-45-2012-LAURENTIU-RADU-AUREL-STANICA-\u2013-Un-cuptor-pentru-ars-ceramica-descoperit-la-Noviodunum.pdf\" data-type=\"link\" data-id=\"https:\/\/revistapontica.com\/wp-content\/uploads\/2026\/04\/1162-Pontica-45-2012-LAURENTIU-RADU-AUREL-STANICA-\u2013-Un-cuptor-pentru-ars-ceramica-descoperit-la-Noviodunum.pdf\">view the PDF version<\/a>&#8211;<\/p>\n\n\n\n<hr class=\"wp-block-separator has-alpha-channel-opacity\"\/>\n\n\n\n<details class=\"wp-block-details is-layout-flow wp-block-details-is-layout-flow\"><summary>Notes \u00e9pigraphiques (II)<\/summary>\n<p><\/p>\n<\/details>\n\n\n\n<p class=\"has-text-align-center\"><strong><strong>ALEXANDRU AVRAM<\/strong><\/strong><br>&#8211;<a href=\"https:\/\/revistapontica.com\/wp-content\/uploads\/2026\/04\/1163-Pontica-45-2012-ALEXANDRU-AVRAM-\u2013-Notes-epigraphiques-II.pdf\" data-type=\"link\" data-id=\"https:\/\/revistapontica.com\/wp-content\/uploads\/2026\/04\/1163-Pontica-45-2012-ALEXANDRU-AVRAM-\u2013-Notes-epigraphiques-II.pdf\">view the PDF version<\/a>&#8211;<\/p>\n\n\n\n<hr class=\"wp-block-separator has-alpha-channel-opacity\"\/>\n\n\n\n<details class=\"wp-block-details is-layout-flow wp-block-details-is-layout-flow\"><summary>Trois fragments in\u00e9dits d\u2019une architrave tomitaine \u2013 ISM II 44<\/summary>\n<p><\/p>\n<\/details>\n\n\n\n<p class=\"has-text-align-center\"><strong>MARIA B\u0102RBULESCU, LIVIA BUZOIANU<\/strong><br>&#8211;<a href=\"#\" data-type=\"link\" data-id=\"https:\/\/revistapontica.com\/wp-content\/uploads\/2026\/03\/23-2023.pdf\">view the PDF version<\/a>&#8211;<\/p>\n\n\n\n<hr class=\"wp-block-separator has-alpha-channel-opacity\"\/>\n\n\n\n<details class=\"wp-block-details is-layout-flow wp-block-details-is-layout-flow\"><summary>Les derniers l\u00e9gats de la province Moesia Inferior<\/summary>\n<p><\/p>\n<\/details>\n\n\n\n<p class=\"has-text-align-center\"><strong><strong>CONSTANTIN C. PETOLESCU<\/strong><\/strong><br>&#8211;<a href=\"https:\/\/revistapontica.com\/wp-content\/uploads\/2026\/04\/1165-Pontica-45-2012-CONSTANTIN-C.-PETOLESCU-\u2013-Les-derniers-legats-de-la-province-Moesia-Inferior.pdf\" data-type=\"link\" data-id=\"https:\/\/revistapontica.com\/wp-content\/uploads\/2026\/04\/1165-Pontica-45-2012-CONSTANTIN-C.-PETOLESCU-\u2013-Les-derniers-legats-de-la-province-Moesia-Inferior.pdf\">view the PDF version<\/a>&#8211;<\/p>\n\n\n\n<hr class=\"wp-block-separator has-alpha-channel-opacity\"\/>\n\n\n\n<details class=\"wp-block-details is-layout-flow wp-block-details-is-layout-flow\"><summary>La valeur de l\u2019information fournie par Macaire Magnes pour le christianisme au Bas Danube au carrefour des IVe\u2010Ve si\u00e8cles<\/summary>\n<p><\/p>\n<\/details>\n\n\n\n<p class=\"has-text-align-center\"><strong><strong>MIHAI OVIDIU C\u0102\u021aOI<\/strong><\/strong><br>&#8211;<a href=\"https:\/\/revistapontica.com\/wp-content\/uploads\/2026\/04\/1166-Pontica-45-2012-MIHAI-OVIDIU-CATOI-\u2013-La-valeur-de-linformation-fournie-par-Macaire-Magnes-pour-le-christianisme-au-Bas-Danube-au-carrefour-des-IVe\u2010Ve-siecles.pdf\" data-type=\"link\" data-id=\"https:\/\/revistapontica.com\/wp-content\/uploads\/2026\/04\/1166-Pontica-45-2012-MIHAI-OVIDIU-CATOI-\u2013-La-valeur-de-linformation-fournie-par-Macaire-Magnes-pour-le-christianisme-au-Bas-Danube-au-carrefour-des-IVe\u2010Ve-siecles.pdf\">view the PDF version<\/a>&#8211;<\/p>\n\n\n\n<hr class=\"wp-block-separator has-alpha-channel-opacity\"\/>\n\n\n\n<details class=\"wp-block-details is-layout-flow wp-block-details-is-layout-flow\"><summary>Data p\u0103timirii sfin\u021bilor Epictet \u015fi Astion de la Halmyris<\/summary>\n<p><\/p>\n<\/details>\n\n\n\n<p class=\"has-text-align-center\"><strong><strong>ALEXANDRU MADGEARU<\/strong><\/strong><br>&#8211;<a href=\"https:\/\/revistapontica.com\/wp-content\/uploads\/2026\/04\/1167-Pontica-45-2012-ALEXANDRU-MADGEARU-\u2013-Data-patimirii-sfintilor-Epictet-si-Astion-de-la-Halmyris.pdf\" data-type=\"link\" data-id=\"https:\/\/revistapontica.com\/wp-content\/uploads\/2026\/04\/1167-Pontica-45-2012-ALEXANDRU-MADGEARU-\u2013-Data-patimirii-sfintilor-Epictet-si-Astion-de-la-Halmyris.pdf\">view the PDF version<\/a>&#8211;<\/p>\n\n\n\n<hr class=\"wp-block-separator has-alpha-channel-opacity\"\/>\n\n\n\n<details class=\"wp-block-details is-layout-flow wp-block-details-is-layout-flow\"><summary>C\u00e2teva g\u00e2nduri despre botezul primilor cre\u015ftini pe p\u0103m\u00e2ntul rom\u00e2nesc<\/summary>\n<p><\/p>\n<\/details>\n\n\n\n<p class=\"has-text-align-center\"><strong><strong>EMILIAN POPESCU<\/strong><\/strong><br>&#8211;<a href=\"https:\/\/revistapontica.com\/wp-content\/uploads\/2026\/04\/1168-Pontica-45-2012-EMILIAN-POPESCU-\u2013-Cateva-ganduri-despre-botezul-primilor-crestini-pe-pamantul-romanesc.pdf\" data-type=\"link\" data-id=\"https:\/\/revistapontica.com\/wp-content\/uploads\/2026\/04\/1168-Pontica-45-2012-EMILIAN-POPESCU-\u2013-Cateva-ganduri-despre-botezul-primilor-crestini-pe-pamantul-romanesc.pdf\">view the PDF version<\/a>&#8211;<\/p>\n\n\n\n<hr class=\"wp-block-separator has-alpha-channel-opacity\"\/>\n\n\n\n<details class=\"wp-block-details is-layout-flow wp-block-details-is-layout-flow\"><summary>Monede grece\u015fti de la Tomis \u00een colec\u021bia Institutului de Arheologie \u201eVasile P\u00e2rvan\u201d<\/summary>\n<p><\/p>\n<\/details>\n\n\n\n<p class=\"has-text-align-center\"><strong>THEODOR ISVORANU<\/strong><br>&#8211;<a href=\"https:\/\/revistapontica.com\/wp-content\/uploads\/2026\/04\/1169-Pontica-45-2012-THEODOR-ISVORANU-\u2013-Monede-grecesti-de-la-Tomis-in-colectia-Institutului-de-Arheologie-\u201eVasile-Parvan.pdf\" data-type=\"link\" data-id=\"https:\/\/revistapontica.com\/wp-content\/uploads\/2026\/04\/1169-Pontica-45-2012-THEODOR-ISVORANU-\u2013-Monede-grecesti-de-la-Tomis-in-colectia-Institutului-de-Arheologie-\u201eVasile-Parvan.pdf\">view the PDF version<\/a>&#8211;<\/p>\n\n\n\n<hr class=\"wp-block-separator has-alpha-channel-opacity\"\/>\n\n\n\n<details class=\"wp-block-details is-layout-flow wp-block-details-is-layout-flow\"><summary>Imita\u021biile dup\u0103 tetradrahmele macedonene de tip Filip II \u00een lumina tezaurului de la Rasa (IGCH 460)<\/summary>\n<p><\/p>\n<\/details>\n\n\n\n<p class=\"has-text-align-center\"><strong>AUREL V\u00c2LCU, MARIAN NEAGU<\/strong><br>&#8211;<a href=\"https:\/\/revistapontica.com\/wp-content\/uploads\/2026\/04\/1170-Pontica-45-2012-AUREL-VALCU-MARIAN-NEAGU-\u2013-Imitatiile-dupa-tetradrahmele-macedonene-de-tip-Filip-II-in-lumina-tezaurului-de-la-Rasa-IGCH-460.pdf\" data-type=\"link\" data-id=\"https:\/\/revistapontica.com\/wp-content\/uploads\/2026\/04\/1170-Pontica-45-2012-AUREL-VALCU-MARIAN-NEAGU-\u2013-Imitatiile-dupa-tetradrahmele-macedonene-de-tip-Filip-II-in-lumina-tezaurului-de-la-Rasa-IGCH-460.pdf\">view the PDF version<\/a>&#8211;<\/p>\n\n\n\n<hr class=\"wp-block-separator has-alpha-channel-opacity\"\/>\n\n\n\n<details class=\"wp-block-details is-layout-flow wp-block-details-is-layout-flow\"><summary>Monede bizantine recent descoperite \u00een Dobrogea (sec. VI\u2010VII)<\/summary>\n<p><\/p>\n<\/details>\n\n\n\n<p class=\"has-text-align-center\"><strong>GABRIEL CUSTUREA<\/strong><br>&#8211;<a href=\"https:\/\/revistapontica.com\/wp-content\/uploads\/2026\/04\/1171-Pontica-45-2012-GABRIEL-CUSTUREA-\u2013-Monede-bizantine-recent-descoperite-in-Dobrogea-sec.-VI\u2010VII.pdf\" data-type=\"link\" data-id=\"https:\/\/revistapontica.com\/wp-content\/uploads\/2026\/04\/1171-Pontica-45-2012-GABRIEL-CUSTUREA-\u2013-Monede-bizantine-recent-descoperite-in-Dobrogea-sec.-VI\u2010VII.pdf\">view the PDF version<\/a>&#8211;<\/p>\n\n\n\n<hr class=\"wp-block-separator has-alpha-channel-opacity\"\/>\n\n\n\n<details class=\"wp-block-details is-layout-flow wp-block-details-is-layout-flow\"><summary>Cronica descoperirilor monetare din jude\u021bul Tulcea (X). Secolele IX\u2010XIII<\/summary>\n<p><\/p>\n<\/details>\n\n\n\n<p class=\"has-text-align-center\"><strong>GH. M\u0102NUCU\u2010ADAME\u015eTEANU<\/strong><br>&#8211;<a href=\"https:\/\/revistapontica.com\/wp-content\/uploads\/2026\/04\/1172-Pontica-45-2012-GH.-MANUCU\u2010ADAMESTEANU-\u2013-Cronica-descoperirilor-monetare-din-judetul-Tulcea-X.-Secolele-IX\u2010XIII.pdf\" data-type=\"link\" data-id=\"https:\/\/revistapontica.com\/wp-content\/uploads\/2026\/04\/1172-Pontica-45-2012-GH.-MANUCU\u2010ADAMESTEANU-\u2013-Cronica-descoperirilor-monetare-din-judetul-Tulcea-X.-Secolele-IX\u2010XIII.pdf\">view the PDF version<\/a>&#8211;<\/p>\n\n\n\n<hr class=\"wp-block-separator has-alpha-channel-opacity\"\/>\n\n\n\n<details class=\"wp-block-details is-layout-flow wp-block-details-is-layout-flow\"><summary>Recenzie &#8211; M\u0103d\u0103lina Dana, Culture et mobilit\u00e9 dans le Pont\u2010Euxin. Approche r\u00e9gionale de la vie culturelle des cit\u00e9s grecques<\/summary>\n<p><\/p>\n<\/details>\n\n\n\n<p class=\"has-text-align-center\"><strong>VICTOR COJOCARU<\/strong><br>&#8211;<a href=\"https:\/\/revistapontica.com\/wp-content\/uploads\/2026\/04\/1173-Pontica-45-2012-VICTOR-COJOCARU-Recenzie-Madalina-Dana-Culture-et-mobilite-dans-le-Pont\u2010Euxin.-Approche-regionale-de-la-vie-culturelle-des-cites-grecques.pdf\" data-type=\"link\" data-id=\"https:\/\/revistapontica.com\/wp-content\/uploads\/2026\/04\/1173-Pontica-45-2012-VICTOR-COJOCARU-Recenzie-Madalina-Dana-Culture-et-mobilite-dans-le-Pont\u2010Euxin.-Approche-regionale-de-la-vie-culturelle-des-cites-grecques.pdf\">view the PDF version<\/a>&#8211;<\/p>\n\n\n\n<hr class=\"wp-block-separator has-alpha-channel-opacity\"\/>\n\n\n\n<details class=\"wp-block-details is-layout-flow wp-block-details-is-layout-flow\"><summary>Recenzie &#8211; \u0410\u043d\u0442\u0438\u0447\u043d\u044b\u0439 \u041c\u0438\u0440 \u0438 \u0410\u0440\u0445\u0435\u043e\u043b\u043e\u0433\u0438\u044f, \u041c\u0435\u0436\u0432\u0443\u0437\u043e\u0432\u0441\u043a\u0438\u0439 \u0441\u0431\u043e\u0440\u043d\u0438\u043a \u043d\u0430\u0443\u0447\u043d\u044b\u0445 \u0442\u0440\u0443\u0434\u043e\u0432 \u0421\u0430\u0440\u0430\u0442\u043e\u0432, \u0438\u0437\u0434\u0430\u0442\u0435\u043b\u044c\u0441\u0442\u0432\u043e \u02ba\u041d\u0430\u0443\u0447\u043d\u0430\u044f \u043a\u043d\u0438\u0433\u0430\u02ba<\/summary>\n<p><\/p>\n<\/details>\n\n\n\n<p class=\"has-text-align-center\"><strong>VITALIE BODOLIC\u0102<\/strong><br>&#8211;<a href=\"https:\/\/revistapontica.com\/wp-content\/uploads\/2026\/04\/1174-Pontica-45-2012-VITALIE-BODOLICA-Recenzie-\u0410\u043d\u0442\u0438\u0447\u043d\u044b\u0439-\u041c\u0438\u0440-\u0438-\u0410\u0440\u0445\u0435\u043e\u043b\u043e\u0433\u0438\u044f-\u041c\u0435\u0436\u0432\u0443\u0437\u043e\u0432\u0441\u043a\u0438\u0439-\u0441\u0431\u043e\u0440\u043d\u0438\u043a-\u043d\u0430\u0443\u0447\u043d\u044b\u0445-\u0442\u0440\u0443\u0434\u043e\u0432-\u0421\u0430\u0440\u0430\u0442\u043e\u0432-\u0438\u0437\u0434\u0430\u0442\u0435\u043b\u044c\u0441\u0442\u0432\u043e-\u02ba\u041d\u0430\u0443\u0447\u043d\u0430\u044f-\u043a\u043d\u0438\u0433\u0430\u02ba.pdf\" data-type=\"link\" data-id=\"https:\/\/revistapontica.com\/wp-content\/uploads\/2026\/04\/1174-Pontica-45-2012-VITALIE-BODOLICA-Recenzie-\u0410\u043d\u0442\u0438\u0447\u043d\u044b\u0439-\u041c\u0438\u0440-\u0438-\u0410\u0440\u0445\u0435\u043e\u043b\u043e\u0433\u0438\u044f-\u041c\u0435\u0436\u0432\u0443\u0437\u043e\u0432\u0441\u043a\u0438\u0439-\u0441\u0431\u043e\u0440\u043d\u0438\u043a-\u043d\u0430\u0443\u0447\u043d\u044b\u0445-\u0442\u0440\u0443\u0434\u043e\u0432-\u0421\u0430\u0440\u0430\u0442\u043e\u0432-\u0438\u0437\u0434\u0430\u0442\u0435\u043b\u044c\u0441\u0442\u0432\u043e-\u02ba\u041d\u0430\u0443\u0447\u043d\u0430\u044f-\u043a\u043d\u0438\u0433\u0430\u02ba.pdf\">view the PDF version<\/a>&#8211;<\/p>\n\n\n\n<hr class=\"wp-block-separator has-alpha-channel-opacity\"\/>\n\n\n\n<details class=\"wp-block-details is-layout-flow wp-block-details-is-layout-flow\"><summary>Intr\u0103ri de carte str\u0103in\u0103 \u00een biblioteca M.I.N.A.C. (2012)<\/summary>\n<p><\/p>\n<\/details>\n\n\n\n<p class=\"has-text-align-center\"><strong>GEORGETA HA\u0218OTTI<\/strong><br>&#8211;<a href=\"https:\/\/revistapontica.com\/wp-content\/uploads\/2026\/04\/1175-Pontica-45-2012-GEORGETA-HASOTTI-Intrari-de-carte-straina-in-biblioteca-M.I.N.A.C.-2012.pdf\" data-type=\"link\" data-id=\"https:\/\/revistapontica.com\/wp-content\/uploads\/2026\/04\/1175-Pontica-45-2012-GEORGETA-HASOTTI-Intrari-de-carte-straina-in-biblioteca-M.I.N.A.C.-2012.pdf\">view the PDF version<\/a>&#8211;<\/p>","protected":false},"excerpt":{"rendered":"<p>SUMAR&#8211;deschide varianta PDF&#8211; Lista abrevierilor&#8211;deschide varianta PDF&#8211; VALENTINA VOINEA, BART\u0141OMIEJ SZMONIEWSKI&#8211;deschide varianta PDF&#8211; MARGARITA POPOVA&#8211;deschide varianta PDF&#8211; ALIN FR\u00ceNCULEASA&#8211;deschide varianta PDF&#8211; VICTOR COJOCARU&#8211;deschide varianta PDF&#8211; ALEXANDRU SUCEVEANU&#8211;deschide varianta PDF&#8211; NELU ZUGRAVU&#8211;deschide varianta PDF&#8211; VICTOR COJOCARU&#8211;deschide varianta PDF&#8211; ANDREEA RALUCA BARBO\u015e, DECEBAL NEDU&#8211;deschide varianta PDF&#8211; ZAHARIA COVACEF&#8211;deschide varianta PDF&#8211; CLAUDIU MUNTEANU&#8211;deschide varianta PDF&#8211; IONU\u021a ACRUDOAE&#8211;deschide varianta [&hellip;]<\/p>\n","protected":false},"author":2,"featured_media":0,"comment_status":"closed","ping_status":"closed","sticky":false,"template":"","format":"standard","meta":{"footnotes":""},"categories":[18],"tags":[],"class_list":["post-1401","post","type-post","status-publish","format-standard","hentry","category-revista"],"_links":{"self":[{"href":"https:\/\/revistapontica.com\/en\/wp-json\/wp\/v2\/posts\/1401","targetHints":{"allow":["GET"]}}],"collection":[{"href":"https:\/\/revistapontica.com\/en\/wp-json\/wp\/v2\/posts"}],"about":[{"href":"https:\/\/revistapontica.com\/en\/wp-json\/wp\/v2\/types\/post"}],"author":[{"embeddable":true,"href":"https:\/\/revistapontica.com\/en\/wp-json\/wp\/v2\/users\/2"}],"replies":[{"embeddable":true,"href":"https:\/\/revistapontica.com\/en\/wp-json\/wp\/v2\/comments?post=1401"}],"version-history":[{"count":4,"href":"https:\/\/revistapontica.com\/en\/wp-json\/wp\/v2\/posts\/1401\/revisions"}],"predecessor-version":[{"id":1448,"href":"https:\/\/revistapontica.com\/en\/wp-json\/wp\/v2\/posts\/1401\/revisions\/1448"}],"wp:attachment":[{"href":"https:\/\/revistapontica.com\/en\/wp-json\/wp\/v2\/media?parent=1401"}],"wp:term":[{"taxonomy":"category","embeddable":true,"href":"https:\/\/revistapontica.com\/en\/wp-json\/wp\/v2\/categories?post=1401"},{"taxonomy":"post_tag","embeddable":true,"href":"https:\/\/revistapontica.com\/en\/wp-json\/wp\/v2\/tags?post=1401"}],"curies":[{"name":"wp","href":"https:\/\/api.w.org\/{rel}","templated":true}]}}