{"id":1449,"date":"2026-04-26T15:34:02","date_gmt":"2026-04-26T12:34:02","guid":{"rendered":"https:\/\/revistapontica.com\/?p=1449"},"modified":"2026-04-26T16:02:29","modified_gmt":"2026-04-26T13:02:29","slug":"pontica-nr-44-2011","status":"publish","type":"post","link":"https:\/\/revistapontica.com\/en\/pontica-nr-44-2011\/","title":{"rendered":"Pontica Nr. 44 (2011)"},"content":{"rendered":"<div class=\"wp-block-image\">\n<figure class=\"aligncenter size-large is-resized\"><img fetchpriority=\"high\" decoding=\"async\" width=\"692\" height=\"1024\" src=\"https:\/\/revistapontica.com\/wp-content\/uploads\/2026\/04\/pontica-44-692x1024.jpg\" alt=\"\" class=\"wp-image-1527\" style=\"width:548px;height:auto\" srcset=\"https:\/\/revistapontica.com\/wp-content\/uploads\/2026\/04\/pontica-44-692x1024.jpg 692w, https:\/\/revistapontica.com\/wp-content\/uploads\/2026\/04\/pontica-44-203x300.jpg 203w, https:\/\/revistapontica.com\/wp-content\/uploads\/2026\/04\/pontica-44-768x1136.jpg 768w, https:\/\/revistapontica.com\/wp-content\/uploads\/2026\/04\/pontica-44-8x12.jpg 8w, https:\/\/revistapontica.com\/wp-content\/uploads\/2026\/04\/pontica-44.jpg 811w\" sizes=\"(max-width: 692px) 100vw, 692px\" \/><\/figure>\n<\/div>\n\n\n<div style=\"height:50px\" aria-hidden=\"true\" class=\"wp-block-spacer\"><\/div>\n\n\n\n<div class=\"wp-block-buttons is-content-justification-center is-layout-flex wp-container-core-buttons-is-layout-16018d1d wp-block-buttons-is-layout-flex\">\n<div class=\"wp-block-button is-style-outline is-style-outline--1\"><a class=\"wp-block-button__link has-small-font-size has-custom-font-size wp-element-button\" href=\"https:\/\/revistapontica.com\/wp-content\/uploads\/2026\/04\/1105-pontica-44-2011.pdf\" style=\"border-top-left-radius:0px;border-top-right-radius:0px;border-bottom-left-radius:0px;border-bottom-right-radius:0px\"><strong>OPEN PONTICA NO. 44 \u2013 FULL VARIANT IN .PDF FORMAT<\/strong> (113 Mb)<\/a><\/div>\n<\/div>\n\n\n\n<div style=\"height:50px\" aria-hidden=\"true\" class=\"wp-block-spacer\"><\/div>\n\n\n\n<p class=\"has-text-align-center\"><strong>SUMMARY<\/strong><br>&#8211;<a href=\"https:\/\/revistapontica.com\/wp-content\/uploads\/2026\/04\/1106-Pontica-44-2011-Sumar.pdf\" data-type=\"link\" data-id=\"https:\/\/revistapontica.com\/wp-content\/uploads\/2026\/04\/1106-Pontica-44-2011-Sumar.pdf\">view the PDF version<\/a>&#8211;<\/p>\n\n\n\n<hr class=\"wp-block-separator has-alpha-channel-opacity\"\/>\n\n\n\n<p class=\"has-text-align-center\"><strong>Lista abrevierilor<\/strong><br>&#8211;<a href=\"https:\/\/revistapontica.com\/wp-content\/uploads\/2026\/04\/1106-1-Pontica-44-2011-Lista-abrevierilor.pdf\" data-type=\"link\" data-id=\"https:\/\/revistapontica.com\/wp-content\/uploads\/2026\/04\/1106-1-Pontica-44-2011-Lista-abrevierilor.pdf\">view the PDF version<\/a>&#8211;<\/p>\n\n\n\n<hr class=\"wp-block-separator has-alpha-channel-opacity\"\/>\n\n\n\n<details class=\"wp-block-details is-layout-flow wp-block-details-is-layout-flow\"><summary>Mihai Irimia<\/summary>\n<p><\/p>\n<\/details>\n\n\n\n<p class=\"has-text-align-center\"><strong><strong><strong><strong>LIVIA BUZOIANU<\/strong><\/strong><\/strong><\/strong><br>&#8211;<a href=\"https:\/\/revistapontica.com\/wp-content\/uploads\/2026\/04\/1107-Pontica-44-2011-LIVIA-BUZOIANU-Mihai-Irimia.pdf\" data-type=\"link\" data-id=\"https:\/\/revistapontica.com\/wp-content\/uploads\/2026\/04\/1107-Pontica-44-2011-LIVIA-BUZOIANU-Mihai-Irimia.pdf\">view the PDF version<\/a>&#8211;<\/p>\n\n\n\n<hr class=\"wp-block-separator has-alpha-channel-opacity\"\/>\n\n\n\n<details class=\"wp-block-details is-layout-flow wp-block-details-is-layout-flow\"><summary>\u00cencr\u00e2ncenare \u015fi serenitate<\/summary>\n<p><\/p>\n<\/details>\n\n\n\n<p class=\"has-text-align-center\"><strong><strong><strong>ALEXANDRU SUCEVEANU<\/strong><\/strong><\/strong><br>&#8211;<a href=\"https:\/\/revistapontica.com\/wp-content\/uploads\/2026\/04\/1108-Pontica-44-2011-ALEXANDRU-SUCEVEANU-\u2013-Incrancenare-si-serenitate.pdf\" data-type=\"link\" data-id=\"https:\/\/revistapontica.com\/wp-content\/uploads\/2026\/04\/1108-Pontica-44-2011-ALEXANDRU-SUCEVEANU-\u2013-Incrancenare-si-serenitate.pdf\">view the PDF version<\/a>&#8211;<\/p>\n\n\n\n<hr class=\"wp-block-separator has-alpha-channel-opacity\"\/>\n\n\n\n<details class=\"wp-block-details is-layout-flow wp-block-details-is-layout-flow\"><summary>Depozitul de piese de f\u0103ur\u0103rie de la \u0162ibrinu (com. Mircea Vod\u0103, jud. Constan\u0163a), 1997-1998<\/summary>\n<p><\/p>\n<\/details>\n\n\n\n<p class=\"has-text-align-center\"><strong><strong><strong>MIHAI IRIMIA<\/strong><\/strong><\/strong><br>&#8211;<a href=\"https:\/\/revistapontica.com\/wp-content\/uploads\/2026\/04\/1109-Pontica-44-2011-MIHAI-IRIMIA-\u2013-Depozitul-de-piese-de-faurarie-de-la-Tibrinu-com.-Mircea-Voda-jud.-Constanta-1997-1998.pdf\" data-type=\"link\" data-id=\"https:\/\/revistapontica.com\/wp-content\/uploads\/2026\/04\/1109-Pontica-44-2011-MIHAI-IRIMIA-\u2013-Depozitul-de-piese-de-faurarie-de-la-Tibrinu-com.-Mircea-Voda-jud.-Constanta-1997-1998.pdf\">view the PDF version<\/a>&#8211;<\/p>\n\n\n\n<hr class=\"wp-block-separator has-alpha-channel-opacity\"\/>\n\n\n\n<details class=\"wp-block-details is-layout-flow wp-block-details-is-layout-flow\"><summary>Trying to Define and Deal with \u201eBuffer territories\u201d in the West Pontic Late Bronze Age<\/summary>\n<p><\/p>\n<\/details>\n\n\n\n<p class=\"has-text-align-center\"><strong><strong><strong>NECULAI BOLOHAN<\/strong><\/strong><\/strong><br>&#8211;<a href=\"https:\/\/revistapontica.com\/wp-content\/uploads\/2026\/04\/1110-Pontica-44-2011-NECULAI-BOLOHAN-\u2013-Trying-to-Define-and-Deal-with-\u201eBuffer-territories-in-the-West-Pontic-Late-Bronze-Age.pdf\" data-type=\"link\" data-id=\"https:\/\/revistapontica.com\/wp-content\/uploads\/2026\/04\/1110-Pontica-44-2011-NECULAI-BOLOHAN-\u2013-Trying-to-Define-and-Deal-with-\u201eBuffer-territories-in-the-West-Pontic-Late-Bronze-Age.pdf\">view the PDF version<\/a>&#8211;<\/p>\n\n\n\n<hr class=\"wp-block-separator has-alpha-channel-opacity\"\/>\n\n\n\n<details class=\"wp-block-details is-layout-flow wp-block-details-is-layout-flow\"><summary>Not\u0103 despre fondarea ora\u015fului Callatis<\/summary>\n<p><\/p>\n<\/details>\n\n\n\n<p class=\"has-text-align-center\"><strong><strong>NICOLAE ALEXANDRU<\/strong><\/strong><br>&#8211;<a href=\"https:\/\/revistapontica.com\/wp-content\/uploads\/2026\/04\/1111-Pontica-44-2011-NICOLAE-ALEXANDRU-\u2013-Nota-despre-fondarea-orasului-Callatis.pdf\" data-type=\"link\" data-id=\"https:\/\/revistapontica.com\/wp-content\/uploads\/2026\/04\/1111-Pontica-44-2011-NICOLAE-ALEXANDRU-\u2013-Nota-despre-fondarea-orasului-Callatis.pdf\">view the PDF version<\/a>&#8211;<\/p>\n\n\n\n<hr class=\"wp-block-separator has-alpha-channel-opacity\"\/>\n\n\n\n<details class=\"wp-block-details is-layout-flow wp-block-details-is-layout-flow\"><summary>Celto \u2013 Pontica. Connections of the Celts from Transylvania with the Black Sea<\/summary>\n<p><\/p>\n<\/details>\n\n\n\n<p class=\"has-text-align-center\"><strong><strong>AUREL RUSTOIU<\/strong><\/strong><br>&#8211;<a href=\"https:\/\/revistapontica.com\/wp-content\/uploads\/2026\/04\/1112-Pontica-44-2011-AUREL-RUSTOIU-\u2013-Celto-\u2013-Pontica.-Connections-of-the-Celts-from-Transylvania-with-the-Black-Sea.pdf\" data-type=\"link\" data-id=\"https:\/\/revistapontica.com\/wp-content\/uploads\/2026\/04\/1112-Pontica-44-2011-AUREL-RUSTOIU-\u2013-Celto-\u2013-Pontica.-Connections-of-the-Celts-from-Transylvania-with-the-Black-Sea.pdf\">view the PDF version<\/a>&#8211;<\/p>\n\n\n\n<hr class=\"wp-block-separator has-alpha-channel-opacity\"\/>\n\n\n\n<details class=\"wp-block-details is-layout-flow wp-block-details-is-layout-flow\"><summary>Die Gottin Hera im Ostbalkanraum zwischen Donau und Rhodopen w\u0103hrend der Romerzeit<\/summary>\n<p><\/p>\n<\/details>\n\n\n\n<p class=\"has-text-align-center\"><strong><strong>MANFRED OPPERMANN<\/strong><\/strong><br>&#8211;<a href=\"https:\/\/revistapontica.com\/wp-content\/uploads\/2026\/04\/1113-Pontica-44-2011-MANFRED-OPPERMANN-\u2013-Die-Gottin-Hera-im-Ostbalkanraum-zwischen-Donau-und-Rhodopen-wahrend-der-Romerzeit.pdf\" data-type=\"link\" data-id=\"https:\/\/revistapontica.com\/wp-content\/uploads\/2026\/04\/1113-Pontica-44-2011-MANFRED-OPPERMANN-\u2013-Die-Gottin-Hera-im-Ostbalkanraum-zwischen-Donau-und-Rhodopen-wahrend-der-Romerzeit.pdf\">view the PDF version<\/a>&#8211;<\/p>\n\n\n\n<hr class=\"wp-block-separator has-alpha-channel-opacity\"\/>\n\n\n\n<details class=\"wp-block-details is-layout-flow wp-block-details-is-layout-flow\"><summary>Notes \u00e9pigraphiques<\/summary>\n<p><\/p>\n<\/details>\n\n\n\n<p class=\"has-text-align-center\"><strong><strong>ALEXANDRU AVRAM<\/strong><\/strong><br>&#8211;<a href=\"https:\/\/revistapontica.com\/wp-content\/uploads\/2026\/04\/1114-Pontica-44-2011-ALEXANDRU-AVRAM-\u2013-Notes-epigraphiques.pdf\" data-type=\"link\" data-id=\"https:\/\/revistapontica.com\/wp-content\/uploads\/2026\/04\/1114-Pontica-44-2011-ALEXANDRU-AVRAM-\u2013-Notes-epigraphiques.pdf\">view the PDF version<\/a>&#8211;<\/p>\n\n\n\n<hr class=\"wp-block-separator has-alpha-channel-opacity\"\/>\n\n\n\n<details class=\"wp-block-details is-layout-flow wp-block-details-is-layout-flow\"><summary>Inscriptions inedites de la Dobroudja romaine<\/summary>\n<p><\/p>\n<\/details>\n\n\n\n<p class=\"has-text-align-center\"><strong><strong>MARIA B\u0102RBULESCU, LIVIA BUZOIANU, TRAIAN CLIANTE<\/strong><\/strong><br>&#8211;<a href=\"https:\/\/revistapontica.com\/wp-content\/uploads\/2026\/04\/1115-Pontica-44-2011-MARIA-BARBULESCU-LIVIA-BUZOIANU-TRAIAN-CLIANTE-\u2013-Inscriptions-inedites-de-la-Dobroudja-romaine.pdf\" data-type=\"link\" data-id=\"https:\/\/revistapontica.com\/wp-content\/uploads\/2026\/04\/1115-Pontica-44-2011-MARIA-BARBULESCU-LIVIA-BUZOIANU-TRAIAN-CLIANTE-\u2013-Inscriptions-inedites-de-la-Dobroudja-romaine.pdf\">view the PDF version<\/a>&#8211;<\/p>\n\n\n\n<hr class=\"wp-block-separator has-alpha-channel-opacity\"\/>\n\n\n\n<details class=\"wp-block-details is-layout-flow wp-block-details-is-layout-flow\"><summary>Canale navigabile artificiale romane din provinciile renane \u015fi dun\u0103rene<\/summary>\n<p><\/p>\n<\/details>\n\n\n\n<p class=\"has-text-align-center\"><strong><strong>CLAUDIU MUNTEANU<\/strong><\/strong><br>&#8211;<a href=\"https:\/\/revistapontica.com\/wp-content\/uploads\/2026\/04\/1116-Pontica-44-2011-CLAUDIU-MUNTEANU-\u2013-Canale-navigabile-artificiale-romane-din-provinciile-renane-si-dunarene.pdf\" data-type=\"link\" data-id=\"https:\/\/revistapontica.com\/wp-content\/uploads\/2026\/04\/1116-Pontica-44-2011-CLAUDIU-MUNTEANU-\u2013-Canale-navigabile-artificiale-romane-din-provinciile-renane-si-dunarene.pdf\">view the PDF version<\/a>&#8211;<\/p>\n\n\n\n<hr class=\"wp-block-separator has-alpha-channel-opacity\"\/>\n\n\n\n<details class=\"wp-block-details is-layout-flow wp-block-details-is-layout-flow\"><summary>Carsium- H\u00e2r\u015fova. Note de toponimie<\/summary>\n<p><\/p>\n<\/details>\n\n\n\n<p class=\"has-text-align-center\"><strong><strong>CONSTANTIN NICOLAE<\/strong><\/strong><br>&#8211;<a href=\"https:\/\/revistapontica.com\/wp-content\/uploads\/2026\/04\/1117-Pontica-44-2011-CONSTANTIN-NICOLAE-\u2013-Carsium-Harsova.-Note-de-toponimie.pdf\" data-type=\"link\" data-id=\"https:\/\/revistapontica.com\/wp-content\/uploads\/2026\/04\/1117-Pontica-44-2011-CONSTANTIN-NICOLAE-\u2013-Carsium-Harsova.-Note-de-toponimie.pdf\">view the PDF version<\/a>&#8211;<\/p>\n\n\n\n<hr class=\"wp-block-separator has-alpha-channel-opacity\"\/>\n\n\n\n<details class=\"wp-block-details is-layout-flow wp-block-details-is-layout-flow\"><summary>Noi considera\u0163ii cu privire la apari\u0163ia paleocre\u015ftinismului \u00een Dacia roman\u0103<\/summary>\n<p><\/p>\n<\/details>\n\n\n\n<p class=\"has-text-align-center\"><strong><strong>RADU OTA<\/strong><\/strong><br>&#8211;<a href=\"https:\/\/revistapontica.com\/wp-content\/uploads\/2026\/04\/1118-Pontica-44-2011-RADU-OTA-\u2013-Noi-consideratii-cu-privire-la-aparitia-paleocrestinismului-in-Dacia-romana.pdf\" data-type=\"link\" data-id=\"https:\/\/revistapontica.com\/wp-content\/uploads\/2026\/04\/1118-Pontica-44-2011-RADU-OTA-\u2013-Noi-consideratii-cu-privire-la-aparitia-paleocrestinismului-in-Dacia-romana.pdf\">view the PDF version<\/a>&#8211;<\/p>\n\n\n\n<hr class=\"wp-block-separator has-alpha-channel-opacity\"\/>\n\n\n\n<details class=\"wp-block-details is-layout-flow wp-block-details-is-layout-flow\"><summary>\u00c0 propos du martyre de Saint \u00c9milien de Durostorum (Silistra)<\/summary>\n<p><\/p>\n<\/details>\n\n\n\n<p class=\"has-text-align-center\"><strong><strong>GEORGI ATANASOV<\/strong><br><\/strong>&#8211;<a href=\"https:\/\/revistapontica.com\/wp-content\/uploads\/2026\/04\/1119-Pontica-44-2011-GEORGI-ATANASOV-\u2013-A-propos-du-martyre-de-Saint-Emilien-de-Durostorum-Silistra.pdf\" data-type=\"link\" data-id=\"https:\/\/revistapontica.com\/wp-content\/uploads\/2026\/04\/1119-Pontica-44-2011-GEORGI-ATANASOV-\u2013-A-propos-du-martyre-de-Saint-Emilien-de-Durostorum-Silistra.pdf\">view the PDF version<\/a>&#8211;<\/p>\n\n\n\n<hr class=\"wp-block-separator has-alpha-channel-opacity\"\/>\n\n\n\n<details class=\"wp-block-details is-layout-flow wp-block-details-is-layout-flow\"><summary>Din nou despre pe\u015ftera Casian<\/summary>\n<p><\/p>\n<\/details>\n\n\n\n<p class=\"has-text-align-center\"><strong><strong>VALENTINA VOINEA, BARTLOMIEJ SZMONIEWSKI<\/strong><\/strong><br>&#8211;<a href=\"https:\/\/revistapontica.com\/wp-content\/uploads\/2026\/04\/1120-Pontica-44-2011-VALENTINA-VOINEA-BARTLOMIEJ-SZMONIEWSKI-\u2013-Din-nou-despre-pestera-Casian.pdf\" data-type=\"link\" data-id=\"https:\/\/revistapontica.com\/wp-content\/uploads\/2026\/04\/1120-Pontica-44-2011-VALENTINA-VOINEA-BARTLOMIEJ-SZMONIEWSKI-\u2013-Din-nou-despre-pestera-Casian.pdf\">view the PDF version<\/a>&#8211;<\/p>\n\n\n\n<hr class=\"wp-block-separator has-alpha-channel-opacity\"\/>\n\n\n\n<details class=\"wp-block-details is-layout-flow wp-block-details-is-layout-flow\"><summary>Late Chalcolithic Foundation Burial of a Child at Koshama Tell<\/summary>\n<p><\/p>\n<\/details>\n\n\n\n<p class=\"has-text-align-center\"><strong>DIMITAR CHERNAKOV<br><\/strong>&#8211;<a href=\"https:\/\/revistapontica.com\/wp-content\/uploads\/2026\/04\/1121-Pontica-44-2011-DIMITAR-CHERNAKOV-\u2013-Late-Chalcolithic-Foundation-Burial-of-a-Child-at-Koshama-Tell.pdf\" data-type=\"link\" data-id=\"https:\/\/revistapontica.com\/wp-content\/uploads\/2026\/04\/1121-Pontica-44-2011-DIMITAR-CHERNAKOV-\u2013-Late-Chalcolithic-Foundation-Burial-of-a-Child-at-Koshama-Tell.pdf\">view the PDF version<\/a>&#8211;<\/p>\n\n\n\n<hr class=\"wp-block-separator has-alpha-channel-opacity\"\/>\n\n\n\n<details class=\"wp-block-details is-layout-flow wp-block-details-is-layout-flow\"><summary>Dou\u0103 pumnale de tip sica din colec\u0163iile Muzeului Na\u0163ional de Istorie a Rom\u00e2niei<\/summary>\n<p><\/p>\n<\/details>\n\n\n\n<p class=\"has-text-align-center\"><strong><strong>VALERIU S\u00ceRBU<\/strong><\/strong><br>&#8211;<a href=\"https:\/\/revistapontica.com\/wp-content\/uploads\/2026\/04\/1122-Pontica-44-2011-VALERIU-SIRBU-\u2013-Doua-pumnale-de-tip-sica-din-colectiile-Muzeului-National-de-Istorie-a-Romaniei.pdf\" data-type=\"link\" data-id=\"https:\/\/revistapontica.com\/wp-content\/uploads\/2026\/04\/1122-Pontica-44-2011-VALERIU-SIRBU-\u2013-Doua-pumnale-de-tip-sica-din-colectiile-Muzeului-National-de-Istorie-a-Romaniei.pdf\">view the PDF version<\/a>&#8211;<\/p>\n\n\n\n<hr class=\"wp-block-separator has-alpha-channel-opacity\"\/>\n\n\n\n<details class=\"wp-block-details is-layout-flow wp-block-details-is-layout-flow\"><summary>O descoperire carpic\u0103 la Noviodunum<\/summary>\n<p><\/p>\n<\/details>\n\n\n\n<p class=\"has-text-align-center\"><strong><strong>LAUREN\u0162IU RADU, AUREL ST\u0102NIC\u0102<\/strong><\/strong><br>&#8211;<a href=\"https:\/\/revistapontica.com\/wp-content\/uploads\/2026\/04\/1123-Pontica-44-2011-LAURENTIU-RADU-AUREL-STANICA-\u2013-O-descoperire-carpica-la-Noviodunum.pdf\" data-type=\"link\" data-id=\"https:\/\/revistapontica.com\/wp-content\/uploads\/2026\/04\/1123-Pontica-44-2011-LAURENTIU-RADU-AUREL-STANICA-\u2013-O-descoperire-carpica-la-Noviodunum.pdf\">view the PDF version<\/a>&#8211;<\/p>\n\n\n\n<hr class=\"wp-block-separator has-alpha-channel-opacity\"\/>\n\n\n\n<details class=\"wp-block-details is-layout-flow wp-block-details-is-layout-flow\"><summary>L\u0103mpi de perioad\u0103 roman\u0103 timpurie de la Histria. Aspecte legate de activitatea atelierelor care produc l\u0103mpi din Dobrogea roman\u0103<\/summary>\n<p><\/p>\n<\/details>\n\n\n\n<p class=\"has-text-align-center\"><strong><strong>VIORICA RUSU-BOLINDE\u0162<\/strong><\/strong><br>&#8211;<a href=\"https:\/\/revistapontica.com\/wp-content\/uploads\/2026\/04\/1124-Pontica-44-2011-VIORICA-RUSU-BOLINDET-\u2013-Lampi-de-perioada-romana-timpurie-de-la-Histria.-Aspecte-legate-de-activitatea-atelierelor-care-produc-lampi-din-Dobrogea-romana.pdf\" data-type=\"link\" data-id=\"https:\/\/revistapontica.com\/wp-content\/uploads\/2026\/04\/1124-Pontica-44-2011-VIORICA-RUSU-BOLINDET-\u2013-Lampi-de-perioada-romana-timpurie-de-la-Histria.-Aspecte-legate-de-activitatea-atelierelor-care-produc-lampi-din-Dobrogea-romana.pdf\">view the PDF version<\/a>&#8211;<\/p>\n\n\n\n<hr class=\"wp-block-separator has-alpha-channel-opacity\"\/>\n\n\n\n<details class=\"wp-block-details is-layout-flow wp-block-details-is-layout-flow\"><summary>Ceramica roman\u0103 t\u00e2rzie cu decor \u015ftampilat descoperit\u0103 la (L)Ibida<\/summary>\n<p><\/p>\n<\/details>\n\n\n\n<p class=\"has-text-align-center\"><strong><strong>MARIAN MOCANU<\/strong><\/strong><br>&#8211;<a href=\"https:\/\/revistapontica.com\/wp-content\/uploads\/2026\/04\/1125-Pontica-44-2011-MARIAN-MOCANU-\u2013-Ceramica-romana-tarzie-cu-decor-stampilat-descoperita-la-LIbida.pdf\" data-type=\"link\" data-id=\"https:\/\/revistapontica.com\/wp-content\/uploads\/2026\/04\/1125-Pontica-44-2011-MARIAN-MOCANU-\u2013-Ceramica-romana-tarzie-cu-decor-stampilat-descoperita-la-LIbida.pdf\">view the PDF version<\/a>&#8211;<\/p>\n\n\n\n<hr class=\"wp-block-separator has-alpha-channel-opacity\"\/>\n\n\n\n<details class=\"wp-block-details is-layout-flow wp-block-details-is-layout-flow\"><summary>Towards a Historical Geography of Extrema Scythiae Minoris. A Land Survey of the South-East Shoreline of the Dunav\u0103\u0163 Peninsula<\/summary>\n<p><\/p>\n<\/details>\n\n\n\n<p class=\"has-text-align-center\"><strong>MIHAIL ZAHARIADE<\/strong><br>&#8211;<a href=\"https:\/\/revistapontica.com\/wp-content\/uploads\/2026\/04\/1126-Pontica-44-2011-MIHAIL-ZAHARIADE-\u2013-Towards-a-Historical-Geography-of-Extrema-Scythiae-Minoris.-A-Land-Survey-of-the-South-East-Shoreline-of-the-Dunavat-Peninsula.-Results-an.pdf\" data-type=\"link\" data-id=\"https:\/\/revistapontica.com\/wp-content\/uploads\/2026\/04\/1126-Pontica-44-2011-MIHAIL-ZAHARIADE-\u2013-Towards-a-Historical-Geography-of-Extrema-Scythiae-Minoris.-A-Land-Survey-of-the-South-East-Shoreline-of-the-Dunavat-Peninsula.-Results-an.pdf\">view the PDF version<\/a>&#8211;<\/p>\n\n\n\n<hr class=\"wp-block-separator has-alpha-channel-opacity\"\/>\n\n\n\n<details class=\"wp-block-details is-layout-flow wp-block-details-is-layout-flow\"><summary>Les aqueducs de la cit\u00e9 romaine de Tropaeum Traian<\/summary>\n<p><\/p>\n<\/details>\n\n\n\n<p class=\"has-text-align-center\"><strong><strong>GHIORGHE PAPUC, MIHAI IONESCU, ROBERT CONSTANTIN<\/strong><\/strong><br>&#8211;<a href=\"https:\/\/revistapontica.com\/wp-content\/uploads\/2026\/04\/1127-Pontica-44-2011-GHIORGHE-PAPUC-MIHAI-IONESCU-ROBERT-CONSTANTIN-\u2013-Les-aqueducs-de-la-cite-romaine-de-Tropaeum-Traian.pdf\" data-type=\"link\" data-id=\"https:\/\/revistapontica.com\/wp-content\/uploads\/2026\/04\/1127-Pontica-44-2011-GHIORGHE-PAPUC-MIHAI-IONESCU-ROBERT-CONSTANTIN-\u2013-Les-aqueducs-de-la-cite-romaine-de-Tropaeum-Traian.pdf\">view the PDF version<\/a>&#8211;<\/p>\n\n\n\n<hr class=\"wp-block-separator has-alpha-channel-opacity\"\/>\n\n\n\n<details class=\"wp-block-details is-layout-flow wp-block-details-is-layout-flow\"><summary>Recherches arch\u00e9ologiques de la fortification annexe de la cit\u00e9 Tropaeum Traiani (1990-2006)<\/summary>\n<p><\/p>\n<\/details>\n\n\n\n<p class=\"has-text-align-center\"><strong><strong>MIHAI IONESCU, GHIORGHE PAPUC, MIHAI S\u00c2MPETRU<\/strong><\/strong><br>&#8211;<a href=\"https:\/\/revistapontica.com\/wp-content\/uploads\/2026\/04\/1128-Pontica-44-2011-MIHAI-IONESCU-GHIORGHE-PAPUC-MIHAI-SAMPETRU-\u2013-Recherches-archeologiques-de-la-fortification-annexe-de-la-cite-Tropaeum-Traiani-1990-2006.pdf\" data-type=\"link\" data-id=\"https:\/\/revistapontica.com\/wp-content\/uploads\/2026\/04\/1128-Pontica-44-2011-MIHAI-IONESCU-GHIORGHE-PAPUC-MIHAI-SAMPETRU-\u2013-Recherches-archeologiques-de-la-fortification-annexe-de-la-cite-Tropaeum-Traiani-1990-2006.pdf\">view the PDF version<\/a>&#8211;<\/p>\n\n\n\n<hr class=\"wp-block-separator has-alpha-channel-opacity\"\/>\n\n\n\n<details class=\"wp-block-details is-layout-flow wp-block-details-is-layout-flow\"><summary>Some Pottery Findings Outside Ulmetum City Walls<\/summary>\n<p><\/p>\n<\/details>\n\n\n\n<p class=\"has-text-align-center\"><strong><strong>EMILIAN GAMUREAC<\/strong><\/strong><br>&#8211;<a href=\"https:\/\/revistapontica.com\/wp-content\/uploads\/2026\/04\/1129-Pontica-44-2011-EMILIAN-GAMUREAC-\u2013-Some-Pottery-Findings-Outside-Ulmetum-City-Walls.pdf\" data-type=\"link\" data-id=\"https:\/\/revistapontica.com\/wp-content\/uploads\/2026\/04\/1129-Pontica-44-2011-EMILIAN-GAMUREAC-\u2013-Some-Pottery-Findings-Outside-Ulmetum-City-Walls.pdf\">view the PDF version<\/a>&#8211;<\/p>\n\n\n\n<hr class=\"wp-block-separator has-alpha-channel-opacity\"\/>\n\n\n\n<details class=\"wp-block-details is-layout-flow wp-block-details-is-layout-flow\"><summary>Not\u0103 cu privire la vestigiile culturii Dridu de la Mirone\u015fti, jude\u0163ul Giurgiu<\/summary>\n<p><\/p>\n<\/details>\n\n\n\n<p class=\"has-text-align-center\"><strong>CRISTIAN SCHUSTER, TRAIAN POPA<\/strong><br>&#8211;<a href=\"https:\/\/revistapontica.com\/wp-content\/uploads\/2026\/04\/1130-Pontica-44-2011-CRISTIAN-SCHUSTER-TRAIAN-POPA-\u2013-Nota-cu-privire-la-vestigiile-culturii-Dridu-de-la-Mironesti-judetul-Giurgiu.pdf\" data-type=\"link\" data-id=\"https:\/\/revistapontica.com\/wp-content\/uploads\/2026\/04\/1130-Pontica-44-2011-CRISTIAN-SCHUSTER-TRAIAN-POPA-\u2013-Nota-cu-privire-la-vestigiile-culturii-Dridu-de-la-Mironesti-judetul-Giurgiu.pdf\">view the PDF version<\/a>&#8211;<\/p>\n\n\n\n<hr class=\"wp-block-separator has-alpha-channel-opacity\"\/>\n\n\n\n<details class=\"wp-block-details is-layout-flow wp-block-details-is-layout-flow\"><summary>Cercet\u0103ri preliminare \u00een necropola medieval\u0103 de la Capidava<\/summary>\n<p><\/p>\n<\/details>\n\n\n\n<p class=\"has-text-align-center\"><strong><strong>ZENO KARL PINTER, C\u0102T\u0102LIN IONU\u0162 DOBRINESCU, AUREL DRAGOT\u0102, BEATRICE KELEMEN<\/strong><\/strong><br>&#8211;<a href=\"https:\/\/revistapontica.com\/wp-content\/uploads\/2026\/04\/1131-Pontica-44-2011-ZENO-KARL-PINTER-CATALIN-IONUT-DOBRINESCU-AUREL-DRAGOTA-BEATRICE-KELEMEN-\u2013-Cercetari-preliminare-in-necropola-medievala-de-la-Capidava-corn.-Topalu-jud.pdf\" data-type=\"link\" data-id=\"https:\/\/revistapontica.com\/wp-content\/uploads\/2026\/04\/1131-Pontica-44-2011-ZENO-KARL-PINTER-CATALIN-IONUT-DOBRINESCU-AUREL-DRAGOTA-BEATRICE-KELEMEN-\u2013-Cercetari-preliminare-in-necropola-medievala-de-la-Capidava-corn.-Topalu-jud.pdf\">view the PDF version<\/a>&#8211;<\/p>\n\n\n\n<hr class=\"wp-block-separator has-alpha-channel-opacity\"\/>\n\n\n\n<details class=\"wp-block-details is-layout-flow wp-block-details-is-layout-flow\"><summary>Studiu preliminar privind cruciuli\u0163ele descoperite \u00een a\u015fezarea de la P\u0103cuiul lui Soare<\/summary>\n<p><\/p>\n<\/details>\n\n\n\n<p class=\"has-text-align-center\"><strong><strong>GHEORGHE M\u0102NUCU-ADAME\u015eTEANU, MIHAELA M\u0102NUCU-ADAME\u015eTEANU<\/strong><\/strong><br>&#8211;<a href=\"https:\/\/revistapontica.com\/wp-content\/uploads\/2026\/04\/1132-Pontica-44-2011-GHEORGHE-MANUCU-ADAMESTEANU-MIHAELA-MANUCU-ADAMESTEANU-\u2013-Studiu-preliminar-privind-cruciulitele-descoperite-in-asezarea-de-la-Pacuiul-lui-Soare-secolele-X-.pdf\" data-type=\"link\" data-id=\"https:\/\/revistapontica.com\/wp-content\/uploads\/2026\/04\/1132-Pontica-44-2011-GHEORGHE-MANUCU-ADAMESTEANU-MIHAELA-MANUCU-ADAMESTEANU-\u2013-Studiu-preliminar-privind-cruciulitele-descoperite-in-asezarea-de-la-Pacuiul-lui-Soare-secolele-X-.pdf\">view the PDF version<\/a>&#8211;<\/p>\n\n\n\n<hr class=\"wp-block-separator has-alpha-channel-opacity\"\/>\n\n\n\n<details class=\"wp-block-details is-layout-flow wp-block-details-is-layout-flow\"><summary>Aspecte ale circula\u0163iei \u015fi penetra\u0163iei monetare \u00een teritoriul pontic (secolele VI-I a. Chr.)<\/summary>\n<p><\/p>\n<\/details>\n\n\n\n<p class=\"has-text-align-center\"><strong><strong>GABRIEL TALMA\u0162CHI<\/strong><\/strong><br>&#8211;<a href=\"https:\/\/revistapontica.com\/wp-content\/uploads\/2026\/04\/1133-Pontica-44-2011-GABRIEL-TALMATCHI-\u2013-Aspecte-ale-circulatiei-si-penetratiei-monetare-in-teritoriul-pontic-secolele-VI-I-a.-Chr.pdf\" data-type=\"link\" data-id=\"https:\/\/revistapontica.com\/wp-content\/uploads\/2026\/04\/1133-Pontica-44-2011-GABRIEL-TALMATCHI-\u2013-Aspecte-ale-circulatiei-si-penetratiei-monetare-in-teritoriul-pontic-secolele-VI-I-a.-Chr.pdf\">view the PDF version<\/a>&#8211;<\/p>\n\n\n\n<hr class=\"wp-block-separator has-alpha-channel-opacity\"\/>\n\n\n\n<details class=\"wp-block-details is-layout-flow wp-block-details-is-layout-flow\"><summary>Monede grece\u015fti de la Tomis, \u00een colec\u0163ia Institutului de Arheologie \u201eVasile P\u00e2rvan\u201d<\/summary>\n<p><\/p>\n<\/details>\n\n\n\n<p class=\"has-text-align-center\"><strong><strong>THEODOR ISVORANU<\/strong><\/strong><br>&#8211;<a href=\"https:\/\/revistapontica.com\/wp-content\/uploads\/2026\/04\/1134-Pontica-44-2011-THEODOR-ISVORANU-\u2013-Monede-grecesti-de-la-Tomis-in-colectia-Institutului-de-Arheologie-\u201eVasile-Parvan.pdf\" data-type=\"link\" data-id=\"https:\/\/revistapontica.com\/wp-content\/uploads\/2026\/04\/1134-Pontica-44-2011-THEODOR-ISVORANU-\u2013-Monede-grecesti-de-la-Tomis-in-colectia-Institutului-de-Arheologie-\u201eVasile-Parvan.pdf\">view the PDF version<\/a>&#8211;<\/p>\n\n\n\n<hr class=\"wp-block-separator has-alpha-channel-opacity\"\/>\n\n\n\n<details class=\"wp-block-details is-layout-flow wp-block-details-is-layout-flow\"><summary>Un pond de plumb din vremea lui Antoninus Pius<\/summary>\n<p><\/p>\n<\/details>\n\n\n\n<p class=\"has-text-align-center\"><strong>STELU\u0162A GR\u0102M\u0102TICU, VIRGIL IONI\u0162\u0102<\/strong><br>&#8211;<a href=\"#\" data-type=\"link\" data-id=\"https:\/\/revistapontica.com\/wp-content\/uploads\/2026\/03\/26-2023.pdf\">desch<\/a><a href=\"https:\/\/revistapontica.com\/wp-content\/uploads\/2026\/04\/1135-Pontica-44-2011-STELUTA-GRAMATICU-VIRGIL-IONITA-\u2013-Un-pond-de-plumb-din-vremea-lui-Antoninus-Pius.pdf\" data-type=\"link\" data-id=\"https:\/\/revistapontica.com\/wp-content\/uploads\/2026\/04\/1135-Pontica-44-2011-STELUTA-GRAMATICU-VIRGIL-IONITA-\u2013-Un-pond-de-plumb-din-vremea-lui-Antoninus-Pius.pdf\">i<\/a><a href=\"#\" data-type=\"link\" data-id=\"https:\/\/revistapontica.com\/wp-content\/uploads\/2026\/03\/26-2023.pdf\">de varianta PDF<\/a>&#8211;<\/p>\n\n\n\n<hr class=\"wp-block-separator has-alpha-channel-opacity\"\/>\n\n\n\n<details class=\"wp-block-details is-layout-flow wp-block-details-is-layout-flow\"><summary>Monede de aur bizantine descoperite la Nuf\u0103ru (jud. Tulcea) (Monnaies byzantines d\u2019or trouv\u00e9es \u00e0 Nuf\u0103ru (d\u00e9p. de Tulcea)<\/summary>\n<p><\/p>\n<\/details>\n\n\n\n<p class=\"has-text-align-center\"><strong>AUREL V\u00ceLCU, AUREL DANIEL ST\u0102NIC\u0102<\/strong><br>&#8211;<a href=\"https:\/\/revistapontica.com\/wp-content\/uploads\/2026\/04\/1136-Pontica-44-2011-AUREL-VILCU-AUREL-DANIEL-STANICA-\u2013-Monede-de-aur-bizantine-descoperite-la-Nufaru-jud.-Tulcea-Monnaies-byzantines-dor-trouvees-a-Nufaru-dep.-de-Tulcea.pdf\" data-type=\"link\" data-id=\"https:\/\/revistapontica.com\/wp-content\/uploads\/2026\/04\/1136-Pontica-44-2011-AUREL-VILCU-AUREL-DANIEL-STANICA-\u2013-Monede-de-aur-bizantine-descoperite-la-Nufaru-jud.-Tulcea-Monnaies-byzantines-dor-trouvees-a-Nufaru-dep.-de-Tulcea.pdf\">view the PDF version<\/a>&#8211;<\/p>\n\n\n\n<hr class=\"wp-block-separator has-alpha-channel-opacity\"\/>\n\n\n\n<details class=\"wp-block-details is-layout-flow wp-block-details-is-layout-flow\"><summary>Recenzie &#8211; Ancient Sacral Monuments in the Black Sea, edited by Elias K. Petropoulos &amp; Alexander A. Maslennikov<\/summary>\n<p><\/p>\n<\/details>\n\n\n\n<p class=\"has-text-align-center\"><strong>VICTOR COJOCARU<\/strong><br>&#8211;<a href=\"https:\/\/revistapontica.com\/wp-content\/uploads\/2026\/04\/1137-Pontica-44-2011-VICTOR-COJOCARU-Recenzie-Ancient-Sacral-Monuments-in-the-Black-Sea-edited-by-Elias-K.-Petropoulos-Alexander-A.-Maslennikov.pdf\" data-type=\"link\" data-id=\"https:\/\/revistapontica.com\/wp-content\/uploads\/2026\/04\/1137-Pontica-44-2011-VICTOR-COJOCARU-Recenzie-Ancient-Sacral-Monuments-in-the-Black-Sea-edited-by-Elias-K.-Petropoulos-Alexander-A.-Maslennikov.pdf\">view the PDF version<\/a>&#8211;<\/p>\n\n\n\n<hr class=\"wp-block-separator has-alpha-channel-opacity\"\/>\n\n\n\n<details class=\"wp-block-details is-layout-flow wp-block-details-is-layout-flow\"><summary>Recenzie &#8211; Mihai Irimia, Niculae Conovici, Anca Ganciu, Sondajul arheologic de la Satu Nou- \u201eVadu Vacilor\u201d<\/summary>\n<p><\/p>\n<\/details>\n\n\n\n<p class=\"has-text-align-center\"><strong>LIVIA BUZOIANU<\/strong><br>&#8211;<a href=\"https:\/\/revistapontica.com\/wp-content\/uploads\/2026\/04\/1138-Pontica-44-2011-LIVIA-BUZOIANU-Recenzie-Mihai-Irimia-Niculae-Conovici-Anca-Ganciu-Sondajul-arheologic-de-la-Satu-Nou-\u201eVadu-Vacilor.pdf\" data-type=\"link\" data-id=\"https:\/\/revistapontica.com\/wp-content\/uploads\/2026\/04\/1138-Pontica-44-2011-LIVIA-BUZOIANU-Recenzie-Mihai-Irimia-Niculae-Conovici-Anca-Ganciu-Sondajul-arheologic-de-la-Satu-Nou-\u201eVadu-Vacilor.pdf\">view the PDF version<\/a>&#8211;<\/p>\n\n\n\n<hr class=\"wp-block-separator has-alpha-channel-opacity\"\/>\n\n\n\n<details class=\"wp-block-details is-layout-flow wp-block-details-is-layout-flow\"><summary>Recenzie &#8211; Raymund Netzhammer, Din Rom\u00e2nia. Incursiuni prin aceast\u0103 \u0163ar\u0103 \u015fi istoria ei, Vol. 1<\/summary>\n<p><\/p>\n<\/details>\n\n\n\n<p class=\"has-text-align-center\"><strong>ZENO KARL PINTER<\/strong><br>&#8211;<a href=\"https:\/\/revistapontica.com\/wp-content\/uploads\/2026\/04\/1139-Pontica-44-2011-ZENO-KARL-PINTER-Recenzie-Raymund-Netzhammer-Din-Romania.-Incursiuni-prin-aceasta-tara-si-istoria-ei-Vol.-1.pdf\" data-type=\"link\" data-id=\"https:\/\/revistapontica.com\/wp-content\/uploads\/2026\/04\/1139-Pontica-44-2011-ZENO-KARL-PINTER-Recenzie-Raymund-Netzhammer-Din-Romania.-Incursiuni-prin-aceasta-tara-si-istoria-ei-Vol.-1.pdf\">view the PDF version<\/a>&#8211;<\/p>\n\n\n\n<hr class=\"wp-block-separator has-alpha-channel-opacity\"\/>\n\n\n\n<details class=\"wp-block-details is-layout-flow wp-block-details-is-layout-flow\"><summary>Intr\u0103ri de carte str\u0103in\u0103 \u00een biblioteca M.I.N.A.C. (2011)<\/summary>\n<p><\/p>\n<\/details>\n\n\n\n<p class=\"has-text-align-center\"><strong>GEORGETA HA\u0218OTTI<\/strong><br>&#8211;<a href=\"https:\/\/revistapontica.com\/wp-content\/uploads\/2026\/04\/1140-Pontica-44-2011-GEORGETA-HASOTTI-Intrari-de-carte-straina-in-biblioteca-M.I.N.A.C.-2011.pdf\" data-type=\"link\" data-id=\"https:\/\/revistapontica.com\/wp-content\/uploads\/2026\/04\/1140-Pontica-44-2011-GEORGETA-HASOTTI-Intrari-de-carte-straina-in-biblioteca-M.I.N.A.C.-2011.pdf\">view the PDF version<\/a>&#8211;<\/p>","protected":false},"excerpt":{"rendered":"<p>SUMAR&#8211;deschide varianta PDF&#8211; Lista abrevierilor&#8211;deschide varianta PDF&#8211; LIVIA BUZOIANU&#8211;deschide varianta PDF&#8211; ALEXANDRU SUCEVEANU&#8211;deschide varianta PDF&#8211; MIHAI IRIMIA&#8211;deschide varianta PDF&#8211; NECULAI BOLOHAN&#8211;deschide varianta PDF&#8211; NICOLAE ALEXANDRU&#8211;deschide varianta PDF&#8211; AUREL RUSTOIU&#8211;deschide varianta PDF&#8211; MANFRED OPPERMANN&#8211;deschide varianta PDF&#8211; ALEXANDRU AVRAM&#8211;deschide varianta PDF&#8211; MARIA B\u0102RBULESCU, LIVIA BUZOIANU, TRAIAN CLIANTE&#8211;deschide varianta PDF&#8211; CLAUDIU MUNTEANU&#8211;deschide varianta PDF&#8211; CONSTANTIN NICOLAE&#8211;deschide varianta PDF&#8211; [&hellip;]<\/p>\n","protected":false},"author":2,"featured_media":0,"comment_status":"closed","ping_status":"closed","sticky":false,"template":"","format":"standard","meta":{"footnotes":""},"categories":[18],"tags":[],"class_list":["post-1449","post","type-post","status-publish","format-standard","hentry","category-revista"],"_links":{"self":[{"href":"https:\/\/revistapontica.com\/en\/wp-json\/wp\/v2\/posts\/1449","targetHints":{"allow":["GET"]}}],"collection":[{"href":"https:\/\/revistapontica.com\/en\/wp-json\/wp\/v2\/posts"}],"about":[{"href":"https:\/\/revistapontica.com\/en\/wp-json\/wp\/v2\/types\/post"}],"author":[{"embeddable":true,"href":"https:\/\/revistapontica.com\/en\/wp-json\/wp\/v2\/users\/2"}],"replies":[{"embeddable":true,"href":"https:\/\/revistapontica.com\/en\/wp-json\/wp\/v2\/comments?post=1449"}],"version-history":[{"count":5,"href":"https:\/\/revistapontica.com\/en\/wp-json\/wp\/v2\/posts\/1449\/revisions"}],"predecessor-version":[{"id":1732,"href":"https:\/\/revistapontica.com\/en\/wp-json\/wp\/v2\/posts\/1449\/revisions\/1732"}],"wp:attachment":[{"href":"https:\/\/revistapontica.com\/en\/wp-json\/wp\/v2\/media?parent=1449"}],"wp:term":[{"taxonomy":"category","embeddable":true,"href":"https:\/\/revistapontica.com\/en\/wp-json\/wp\/v2\/categories?post=1449"},{"taxonomy":"post_tag","embeddable":true,"href":"https:\/\/revistapontica.com\/en\/wp-json\/wp\/v2\/tags?post=1449"}],"curies":[{"name":"wp","href":"https:\/\/api.w.org\/{rel}","templated":true}]}}