{"id":1451,"date":"2026-04-26T15:33:22","date_gmt":"2026-04-26T12:33:22","guid":{"rendered":"https:\/\/revistapontica.com\/?p=1451"},"modified":"2026-04-26T16:02:44","modified_gmt":"2026-04-26T13:02:44","slug":"pontica-nr-43-2010","status":"publish","type":"post","link":"https:\/\/revistapontica.com\/en\/pontica-nr-43-2010\/","title":{"rendered":"Pontica Nr. 43 (2010)"},"content":{"rendered":"<div class=\"wp-block-image\">\n<figure class=\"aligncenter size-large is-resized\"><img fetchpriority=\"high\" decoding=\"async\" width=\"725\" height=\"1024\" src=\"https:\/\/revistapontica.com\/wp-content\/uploads\/2026\/04\/pontica-43-725x1024.jpg\" alt=\"\" class=\"wp-image-1565\" style=\"width:548px;height:auto\" srcset=\"https:\/\/revistapontica.com\/wp-content\/uploads\/2026\/04\/pontica-43-725x1024.jpg 725w, https:\/\/revistapontica.com\/wp-content\/uploads\/2026\/04\/pontica-43-213x300.jpg 213w, https:\/\/revistapontica.com\/wp-content\/uploads\/2026\/04\/pontica-43-768x1084.jpg 768w, https:\/\/revistapontica.com\/wp-content\/uploads\/2026\/04\/pontica-43-9x12.jpg 9w, https:\/\/revistapontica.com\/wp-content\/uploads\/2026\/04\/pontica-43.jpg 850w\" sizes=\"(max-width: 725px) 100vw, 725px\" \/><\/figure>\n<\/div>\n\n\n<div style=\"height:50px\" aria-hidden=\"true\" class=\"wp-block-spacer\"><\/div>\n\n\n\n<div class=\"wp-block-buttons is-content-justification-center is-layout-flex wp-container-core-buttons-is-layout-16018d1d wp-block-buttons-is-layout-flex\">\n<div class=\"wp-block-button is-style-outline is-style-outline--1\"><a class=\"wp-block-button__link has-small-font-size has-custom-font-size wp-element-button\" href=\"https:\/\/revistapontica.com\/wp-content\/uploads\/2026\/04\/1071-Pontica-43-2010.pdf\" style=\"border-top-left-radius:0px;border-top-right-radius:0px;border-bottom-left-radius:0px;border-bottom-right-radius:0px\"><strong>OPEN PONTICA NO. <\/strong>43<strong> FULL VARIANT IN .PDF FORMAT<\/strong> (25 Mb)<\/a><\/div>\n<\/div>\n\n\n\n<div style=\"height:50px\" aria-hidden=\"true\" class=\"wp-block-spacer\"><\/div>\n\n\n\n<p class=\"has-text-align-center\"><strong>SUMMARY<\/strong><br>&#8211;<a href=\"https:\/\/revistapontica.com\/wp-content\/uploads\/2026\/04\/1072-Pontica-43-2010-Sumar.pdf\" data-type=\"link\" data-id=\"https:\/\/revistapontica.com\/wp-content\/uploads\/2026\/04\/1072-Pontica-43-2010-Sumar.pdf\">view the PDF version<\/a>&#8211;<\/p>\n\n\n\n<hr class=\"wp-block-separator has-alpha-channel-opacity\"\/>\n\n\n\n<p class=\"has-text-align-center\"><strong>Lista abrevierilor<\/strong><br>&#8211;<a href=\"https:\/\/revistapontica.com\/wp-content\/uploads\/2026\/04\/1072-1-Pontica-43-2010-Lista-abrevierilor.pdf\" data-type=\"link\" data-id=\"https:\/\/revistapontica.com\/wp-content\/uploads\/2026\/04\/1072-1-Pontica-43-2010-Lista-abrevierilor.pdf\">view the PDF version<\/a>&#8211;<\/p>\n\n\n\n<hr class=\"wp-block-separator has-alpha-channel-opacity\"\/>\n\n\n\n<details class=\"wp-block-details is-layout-flow wp-block-details-is-layout-flow\"><summary>Alexandru Suceveanu \u2013 septuagenar. Voca\u0163ia arheologului<\/summary>\n<p><\/p>\n<\/details>\n\n\n\n<p class=\"has-text-align-center\"><strong><strong><strong><strong>MIHAI IRIMIA<\/strong><\/strong><\/strong><\/strong><br>&#8211;<a href=\"https:\/\/revistapontica.com\/wp-content\/uploads\/2026\/04\/1073-Pontica-43-2010-MIHAI-IRIMIA-\u2013-Alexandru-Suceveanu-\u2013-septuagenar.-Vocatia-arheologului.pdf\" data-type=\"link\" data-id=\"https:\/\/revistapontica.com\/wp-content\/uploads\/2026\/04\/1073-Pontica-43-2010-MIHAI-IRIMIA-\u2013-Alexandru-Suceveanu-\u2013-septuagenar.-Vocatia-arheologului.pdf\">view the PDF version<\/a>&#8211;<\/p>\n\n\n\n<hr class=\"wp-block-separator has-alpha-channel-opacity\"\/>\n\n\n\n<details class=\"wp-block-details is-layout-flow wp-block-details-is-layout-flow\"><summary>Contribu\u0163ie la cunoa\u015fterea romanit\u0103\u0163ii vest-pontice. Studiu de caz &#8211; Histria<\/summary>\n<p><\/p>\n<\/details>\n\n\n\n<p class=\"has-text-align-center\"><strong><strong><strong>ALEXANDRU SUCEVEANU<\/strong><\/strong><\/strong><br>&#8211;<a href=\"https:\/\/revistapontica.com\/wp-content\/uploads\/2026\/04\/1074-Pontica-43-2010-ALEXANDRU-SUCEVEANU-\u2013-Contributie-la-cunoasterea-romanitatii-vest-pontice.-Studiu-de-caz-Histria.pdf\" data-type=\"link\" data-id=\"https:\/\/revistapontica.com\/wp-content\/uploads\/2026\/04\/1074-Pontica-43-2010-ALEXANDRU-SUCEVEANU-\u2013-Contributie-la-cunoasterea-romanitatii-vest-pontice.-Studiu-de-caz-Histria.pdf\">view the PDF version<\/a>&#8211;<\/p>\n\n\n\n<hr class=\"wp-block-separator has-alpha-channel-opacity\"\/>\n\n\n\n<details class=\"wp-block-details is-layout-flow wp-block-details-is-layout-flow\"><summary>Agathocles and the Italic Powers at the Beginning of the 3rd Century B.C.<\/summary>\n<p><\/p>\n<\/details>\n\n\n\n<p class=\"has-text-align-center\"><strong><strong><strong>DECEBAL NEDU<\/strong><\/strong><\/strong><br>&#8211;<a href=\"https:\/\/revistapontica.com\/wp-content\/uploads\/2026\/04\/1075-Pontica-43-2010-DECEBAL-NEDU-\u2013-Agathocles-and-the-Italic-Powers-at-the-Beginning-of-the-3rd-Century-B.C.pdf\" data-type=\"link\" data-id=\"https:\/\/revistapontica.com\/wp-content\/uploads\/2026\/04\/1075-Pontica-43-2010-DECEBAL-NEDU-\u2013-Agathocles-and-the-Italic-Powers-at-the-Beginning-of-the-3rd-Century-B.C.pdf\">view the PDF version<\/a>&#8211;<\/p>\n\n\n\n<hr class=\"wp-block-separator has-alpha-channel-opacity\"\/>\n\n\n\n<details class=\"wp-block-details is-layout-flow wp-block-details-is-layout-flow\"><summary>Noi considera\u0163ii asupra locuirii din prima epoc\u0103 a fierului (cultura Babadag) de la Teli\u0163a\u2013Amza, com. Teli\u0163a, jud. Tulcea<\/summary>\n<p><\/p>\n<\/details>\n\n\n\n<p class=\"has-text-align-center\"><strong><strong><strong>SORIN CRISTIAN AILINC\u0102I<\/strong><\/strong><\/strong><br>&#8211;<a href=\"https:\/\/revistapontica.com\/wp-content\/uploads\/2026\/04\/1076-Pontica-43-2010-SORIN-CRISTIAN-AILINCAI-\u2013-Noi-consideratii-asupra-locuirii-din-prima-epoca-a-fierului-cultura-Babadag-de-la-Telita\u2013Amza-com.-Telita-jud.-Tulcea.pdf\" data-type=\"link\" data-id=\"https:\/\/revistapontica.com\/wp-content\/uploads\/2026\/04\/1076-Pontica-43-2010-SORIN-CRISTIAN-AILINCAI-\u2013-Noi-consideratii-asupra-locuirii-din-prima-epoca-a-fierului-cultura-Babadag-de-la-Telita\u2013Amza-com.-Telita-jud.-Tulcea.pdf\">view the PDF version<\/a>&#8211;<\/p>\n\n\n\n<hr class=\"wp-block-separator has-alpha-channel-opacity\"\/>\n\n\n\n<details class=\"wp-block-details is-layout-flow wp-block-details-is-layout-flow\"><summary>Observa\u0163ii asupra genezei primei epoci a fierului \u00een sectorul inferior al Dun\u0103rii de Jos<\/summary>\n<p><\/p>\n<\/details>\n\n\n\n<p class=\"has-text-align-center\"><strong><strong>C\u0102T\u0102LIN DOBRINESCU<\/strong><\/strong><br>&#8211;<a href=\"https:\/\/revistapontica.com\/wp-content\/uploads\/2026\/04\/1077-Pontica-43-2010-CATALIN-DOBRINESCU-\u2013-Observatii-asupra-genezei-primei-epoci-a-fierului-in-sectorul-inferior-al-Dunarii-de-Jos.pdf\" data-type=\"link\" data-id=\"https:\/\/revistapontica.com\/wp-content\/uploads\/2026\/04\/1077-Pontica-43-2010-CATALIN-DOBRINESCU-\u2013-Observatii-asupra-genezei-primei-epoci-a-fierului-in-sectorul-inferior-al-Dunarii-de-Jos.pdf\">view the PDF version<\/a>&#8211;<\/p>\n\n\n\n<hr class=\"wp-block-separator has-alpha-channel-opacity\"\/>\n\n\n\n<details class=\"wp-block-details is-layout-flow wp-block-details-is-layout-flow\"><summary>Centres de pouvoir g\u00e8tes pr\u00e9romains au sud-ouest de la Dobroudja<\/summary>\n<p><\/p>\n<\/details>\n\n\n\n<p class=\"has-text-align-center\"><strong><strong>MIHAI IRIMIA<\/strong><\/strong><br>&#8211;<a href=\"https:\/\/revistapontica.com\/wp-content\/uploads\/2026\/04\/1078-Pontica-43-2010-MIHAI-IRIMIA-\u2013-Centres-de-pouvoir-getes-preromains-au-sud-ouest-de-la-Dobroudja.pdf\" data-type=\"link\" data-id=\"https:\/\/revistapontica.com\/wp-content\/uploads\/2026\/04\/1078-Pontica-43-2010-MIHAI-IRIMIA-\u2013-Centres-de-pouvoir-getes-preromains-au-sud-ouest-de-la-Dobroudja.pdf\">view the PDF version<\/a>&#8211;<\/p>\n\n\n\n<hr class=\"wp-block-separator has-alpha-channel-opacity\"\/>\n\n\n\n<details class=\"wp-block-details is-layout-flow wp-block-details-is-layout-flow\"><summary>Indicii privind transportul pietrei de carier\u0103 pe c\u0103ile navigabile din provinciile renane \u015fi dun\u0103rene<\/summary>\n<p><\/p>\n<\/details>\n\n\n\n<p class=\"has-text-align-center\"><strong><strong>CLAUDIU MUNTEANU<\/strong><\/strong><br>&#8211;<a href=\"https:\/\/revistapontica.com\/wp-content\/uploads\/2026\/04\/1079-Pontica-43-2010-CLAUDIU-MUNTEANU-\u2013-Indicii-privind-transportul-pietrei-de-cariera-pe-caile-navigabile-din-provinciile-renane-si-dunarene.pdf\" data-type=\"link\" data-id=\"https:\/\/revistapontica.com\/wp-content\/uploads\/2026\/04\/1079-Pontica-43-2010-CLAUDIU-MUNTEANU-\u2013-Indicii-privind-transportul-pietrei-de-cariera-pe-caile-navigabile-din-provinciile-renane-si-dunarene.pdf\">view the PDF version<\/a>&#8211;<\/p>\n\n\n\n<hr class=\"wp-block-separator has-alpha-channel-opacity\"\/>\n\n\n\n<details class=\"wp-block-details is-layout-flow wp-block-details-is-layout-flow\"><summary>\u00cen leg\u0103tur\u0103 cu localizarea sci\u0163ilor tomitani consemna\u0163i de Walafridus Strabo<\/summary>\n<p><\/p>\n<\/details>\n\n\n\n<p class=\"has-text-align-center\"><strong><strong>MIHAI OVIDIU C\u0102\u0162OI<\/strong><\/strong><br>&#8211;<a href=\"https:\/\/revistapontica.com\/wp-content\/uploads\/2026\/04\/1080-Pontica-43-2010-MIHAI-OVIDIU-CATOI-\u2013-In-legatura-cu-localizarea-scitilor-tomitani-consemnati-de-Walafridus-Strabo.pdf\" data-type=\"link\" data-id=\"https:\/\/revistapontica.com\/wp-content\/uploads\/2026\/04\/1080-Pontica-43-2010-MIHAI-OVIDIU-CATOI-\u2013-In-legatura-cu-localizarea-scitilor-tomitani-consemnati-de-Walafridus-Strabo.pdf\">view the PDF version<\/a>&#8211;<\/p>\n\n\n\n<hr class=\"wp-block-separator has-alpha-channel-opacity\"\/>\n\n\n\n<details class=\"wp-block-details is-layout-flow wp-block-details-is-layout-flow\"><summary>Retour sur la domination de la Dobroudja par Mircea le Grand<\/summary>\n<p><\/p>\n<\/details>\n\n\n\n<p class=\"has-text-align-center\"><strong><strong>RADU \u015eTEFAN VERGATTI<\/strong><\/strong><br>&#8211;<a href=\"https:\/\/revistapontica.com\/wp-content\/uploads\/2026\/04\/1081-Pontica-43-2010-RADU-STEFAN-VERGATTI-\u2013-Retour-sur-la-domination-de-la-Dobroudja-par-Mircea-le-Grand.pdf\" data-type=\"link\" data-id=\"https:\/\/revistapontica.com\/wp-content\/uploads\/2026\/04\/1081-Pontica-43-2010-RADU-STEFAN-VERGATTI-\u2013-Retour-sur-la-domination-de-la-Dobroudja-par-Mircea-le-Grand.pdf\">view the PDF version<\/a>&#8211;<\/p>\n\n\n\n<hr class=\"wp-block-separator has-alpha-channel-opacity\"\/>\n\n\n\n<details class=\"wp-block-details is-layout-flow wp-block-details-is-layout-flow\"><summary>La dynamique de l\u2019habitat n\u00e9o \u2013 \u00e9n\u00e9olithique dans la micror\u00e9gion Arge\u015f \u2013 D\u00e2mbovi\u0163a<\/summary>\n<p><\/p>\n<\/details>\n\n\n\n<p class=\"has-text-align-center\"><strong><strong>CRISTIAN EDUARD \u015eTEFAN, MIHAI \u015eTEFAN FLOREA<\/strong><\/strong><br>&#8211;<a href=\"https:\/\/revistapontica.com\/wp-content\/uploads\/2026\/04\/1082-Pontica-43-2010-CRISTIAN-EDUARD-STEFAN-MIHAI-STEFAN-FLOREA-\u2013-La-dynamique-de-lhabitat-neo-\u2013-eneolithique-dans-la-microregion-Arges-\u2013-Dambovita.pdf\" data-type=\"link\" data-id=\"https:\/\/revistapontica.com\/wp-content\/uploads\/2026\/04\/1082-Pontica-43-2010-CRISTIAN-EDUARD-STEFAN-MIHAI-STEFAN-FLOREA-\u2013-La-dynamique-de-lhabitat-neo-\u2013-eneolithique-dans-la-microregion-Arges-\u2013-Dambovita.pdf\">view the PDF version<\/a>&#8211;<\/p>\n\n\n\n<hr class=\"wp-block-separator has-alpha-channel-opacity\"\/>\n\n\n\n<details class=\"wp-block-details is-layout-flow wp-block-details-is-layout-flow\"><summary>O groap\u0103 ritual\u0103 descoperit\u0103 \u00een zona Cheile Dobrogei \u2013 \u201ePe\u015ftera Craniilor\u201d (com. Gr\u0103dina, jud. Constan\u0163a)<\/summary>\n<p><\/p>\n<\/details>\n\n\n\n<p class=\"has-text-align-center\"><strong><strong>VALENTINA VOINEA, BAR\u0141OMIEJ SZYMON SZMONIEWSKI<\/strong><\/strong><br>&#8211;<a href=\"https:\/\/revistapontica.com\/wp-content\/uploads\/2026\/04\/1083-Pontica-43-2010-VALENTINA-VOINEA-BARLOMIEJ-SZYMON-SZMONIEWSKI-\u2013-O-groapa-rituala-descoperita-in-zona-Cheile-Dobrogei-\u2013-\u201ePestera-Craniilor-com.-Gradina-jud.-Constanta.pdf\" data-type=\"link\" data-id=\"https:\/\/revistapontica.com\/wp-content\/uploads\/2026\/04\/1083-Pontica-43-2010-VALENTINA-VOINEA-BARLOMIEJ-SZYMON-SZMONIEWSKI-\u2013-O-groapa-rituala-descoperita-in-zona-Cheile-Dobrogei-\u2013-\u201ePestera-Craniilor-com.-Gradina-jud.-Constanta.pdf\">view the PDF version<\/a>&#8211;<\/p>\n\n\n\n<hr class=\"wp-block-separator has-alpha-channel-opacity\"\/>\n\n\n\n<details class=\"wp-block-details is-layout-flow wp-block-details-is-layout-flow\"><summary>Piese de arhitectur\u0103 \u015fi sculpturale descoperite \u00een sectorul B de la Tropaeum Traiani<\/summary>\n<p><\/p>\n<\/details>\n\n\n\n<p class=\"has-text-align-center\"><strong><strong>EMILIAN GAMUREAC<\/strong><\/strong><br>&#8211;<a href=\"https:\/\/revistapontica.com\/wp-content\/uploads\/2026\/04\/1084-Pontica-43-2010-EMILIAN-GAMUREAC-\u2013-Piese-de-arhitectura-si-sculpturale-descoperite-in-sectorul-B-de-la-Tropaeum-Traiani.pdf\" data-type=\"link\" data-id=\"https:\/\/revistapontica.com\/wp-content\/uploads\/2026\/04\/1084-Pontica-43-2010-EMILIAN-GAMUREAC-\u2013-Piese-de-arhitectura-si-sculpturale-descoperite-in-sectorul-B-de-la-Tropaeum-Traiani.pdf\">view the PDF version<\/a>&#8211;<\/p>\n\n\n\n<hr class=\"wp-block-separator has-alpha-channel-opacity\"\/>\n\n\n\n<details class=\"wp-block-details is-layout-flow wp-block-details-is-layout-flow\"><summary>Stadiul cercet\u0103rilor arheologice la H\u00e2r\u015fova, jud. Constan\u0163a. Contribu\u0163ii la harta arheologic\u0103 a localit\u0103\u0163ii<\/summary>\n<p><\/p>\n<\/details>\n\n\n\n<p class=\"has-text-align-center\"><strong><strong>CONSTANTIN NICOLAE<\/strong><br><\/strong>&#8211;<a href=\"https:\/\/revistapontica.com\/wp-content\/uploads\/2026\/04\/1085-Pontica-43-2010-CONSTANTIN-NICOLAE-\u2013-Stadiul-cercetarilor-arheologice-la-Harsova-jud.-Constanta.-Contributii-la-harta-arheologica-a-localitatii.pdf\" data-type=\"link\" data-id=\"https:\/\/revistapontica.com\/wp-content\/uploads\/2026\/04\/1085-Pontica-43-2010-CONSTANTIN-NICOLAE-\u2013-Stadiul-cercetarilor-arheologice-la-Harsova-jud.-Constanta.-Contributii-la-harta-arheologica-a-localitatii.pdf\">view the PDF version<\/a>&#8211;<\/p>\n\n\n\n<hr class=\"wp-block-separator has-alpha-channel-opacity\"\/>\n\n\n\n<details class=\"wp-block-details is-layout-flow wp-block-details-is-layout-flow\"><summary>Capul unei statui de cult apar\u0163in\u00e2nd lui Iupiter Tronans descoperit la Apulum<\/summary>\n<p><\/p>\n<\/details>\n\n\n\n<p class=\"has-text-align-center\"><strong><strong>ANCA TIMOFAN, RADU OTA<\/strong><\/strong><br>&#8211;<a href=\"https:\/\/revistapontica.com\/wp-content\/uploads\/2026\/04\/1086-Pontica-43-2010-ANCA-TIMOFAN-RADU-OTA-\u2013-Capul-unei-statui-de-cult-apartinand-lui-Iupiter-Tronans-descoperit-la-Apulum.pdf\" data-type=\"link\" data-id=\"https:\/\/revistapontica.com\/wp-content\/uploads\/2026\/04\/1086-Pontica-43-2010-ANCA-TIMOFAN-RADU-OTA-\u2013-Capul-unei-statui-de-cult-apartinand-lui-Iupiter-Tronans-descoperit-la-Apulum.pdf\">view the PDF version<\/a>&#8211;<\/p>\n\n\n\n<hr class=\"wp-block-separator has-alpha-channel-opacity\"\/>\n\n\n\n<details class=\"wp-block-details is-layout-flow wp-block-details-is-layout-flow\"><summary>Accesorii ale unei balan\u0163e din bronz descoperite \u00een sectorul de est al Capidavei<\/summary>\n<p><\/p>\n<\/details>\n\n\n\n<p class=\"has-text-align-center\"><strong>ZAHARIA COVACEF, TIBERIU POT\u00ceRNICHE<br><\/strong>&#8211;<a href=\"https:\/\/revistapontica.com\/wp-content\/uploads\/2026\/04\/1087-Pontica-43-2010-ZAHARIA-COVACEF-TIBERIU-POTIRNICHE-\u2013-Accesorii-ale-unei-balante-din-bronz-descoperite-in-sectorul-de-est-al-Capidavei.pdf\" data-type=\"link\" data-id=\"https:\/\/revistapontica.com\/wp-content\/uploads\/2026\/04\/1087-Pontica-43-2010-ZAHARIA-COVACEF-TIBERIU-POTIRNICHE-\u2013-Accesorii-ale-unei-balante-din-bronz-descoperite-in-sectorul-de-est-al-Capidavei.pdf\">view the PDF version<\/a>&#8211;<\/p>\n\n\n\n<hr class=\"wp-block-separator has-alpha-channel-opacity\"\/>\n\n\n\n<details class=\"wp-block-details is-layout-flow wp-block-details-is-layout-flow\"><summary>Pafta cu decor realizat \u00een tehnica \u00e9mail cloisonn\u00e9 descoperit\u0103 la Almal\u0103u (com. Ostrov, jud. Constan\u0163a)<\/summary>\n<p><\/p>\n<\/details>\n\n\n\n<p class=\"has-text-align-center\"><strong><strong>AUREL MOTOTOLEA<\/strong><\/strong><br>&#8211;<a href=\"https:\/\/revistapontica.com\/wp-content\/uploads\/2026\/04\/1088-Pontica-43-2010-AUREL-MOTOTOLEA-\u2013-Pafta-cu-decor-realizat-in-tehnica-email-cloisonne-descoperita-la-Almalau-com.-Ostrov-jud.-Constanta.pdf\" data-type=\"link\" data-id=\"https:\/\/revistapontica.com\/wp-content\/uploads\/2026\/04\/1088-Pontica-43-2010-AUREL-MOTOTOLEA-\u2013-Pafta-cu-decor-realizat-in-tehnica-email-cloisonne-descoperita-la-Almalau-com.-Ostrov-jud.-Constanta.pdf\">view the PDF version<\/a>&#8211;<\/p>\n\n\n\n<hr class=\"wp-block-separator has-alpha-channel-opacity\"\/>\n\n\n\n<details class=\"wp-block-details is-layout-flow wp-block-details-is-layout-flow\"><summary>Noi informa\u0163ii privind evul mediu timpuriu \u00een zona central\u0103 a Dobrogei<\/summary>\n<p><\/p>\n<\/details>\n\n\n\n<p class=\"has-text-align-center\"><strong><strong>CRISTINA PARASCHIV TALMA\u0162CHI<\/strong><\/strong><br>&#8211;<a href=\"https:\/\/revistapontica.com\/wp-content\/uploads\/2026\/04\/1089-Pontica-43-2010-CRISTINA-PARASCHIV-TALMATCHI-\u2013-Noi-informatii-privind-evul-mediu-timpuriu-in-zona-centrala-a-Dobrogei.pdf\" data-type=\"link\" data-id=\"https:\/\/revistapontica.com\/wp-content\/uploads\/2026\/04\/1089-Pontica-43-2010-CRISTINA-PARASCHIV-TALMATCHI-\u2013-Noi-informatii-privind-evul-mediu-timpuriu-in-zona-centrala-a-Dobrogei.pdf\">view the PDF version<\/a>&#8211;<\/p>\n\n\n\n<hr class=\"wp-block-separator has-alpha-channel-opacity\"\/>\n\n\n\n<details class=\"wp-block-details is-layout-flow wp-block-details-is-layout-flow\"><summary>Ceramic\u0103 otoman\u0103 descoperit\u0103 \u00een Dobrogea<\/summary>\n<p><\/p>\n<\/details>\n\n\n\n<p class=\"has-text-align-center\"><strong><strong>NICULINA DINU<\/strong><\/strong><br>&#8211;<a href=\"https:\/\/revistapontica.com\/wp-content\/uploads\/2026\/04\/1090-Pontica-43-2010-NICULINA-DINU-\u2013-Ceramica-otomana-descoperita-in-Dobrogea.pdf\" data-type=\"link\" data-id=\"https:\/\/revistapontica.com\/wp-content\/uploads\/2026\/04\/1090-Pontica-43-2010-NICULINA-DINU-\u2013-Ceramica-otomana-descoperita-in-Dobrogea.pdf\">view the PDF version<\/a>&#8211;<\/p>\n\n\n\n<hr class=\"wp-block-separator has-alpha-channel-opacity\"\/>\n\n\n\n<details class=\"wp-block-details is-layout-flow wp-block-details-is-layout-flow\"><summary>Inscrip\u0163ia greac\u0103 de la Dragomirna<\/summary>\n<p><\/p>\n<\/details>\n\n\n\n<p class=\"has-text-align-center\"><strong><strong>VICTOR COJOCARU<\/strong><\/strong><br>&#8211;<a href=\"https:\/\/revistapontica.com\/wp-content\/uploads\/2026\/04\/1091-Pontica-43-2010-VICTOR-COJOCARU-\u2013-Inscriptia-greaca-de-la-Dragomirna.pdf\" data-type=\"link\" data-id=\"https:\/\/revistapontica.com\/wp-content\/uploads\/2026\/04\/1091-Pontica-43-2010-VICTOR-COJOCARU-\u2013-Inscriptia-greaca-de-la-Dragomirna.pdf\">view the PDF version<\/a>&#8211;<\/p>\n\n\n\n<hr class=\"wp-block-separator has-alpha-channel-opacity\"\/>\n\n\n\n<details class=\"wp-block-details is-layout-flow wp-block-details-is-layout-flow\"><summary>Inscriptions in\u00e9dites et revis\u00e9es de la collection du Mus\u00e9e d\u2019Histoire Nationale et d\u2019Arch\u00e9ologie de Constantza. II<\/summary>\n<p><\/p>\n<\/details>\n\n\n\n<p class=\"has-text-align-center\"><strong>MARIA B\u0102RBULESCU, LIVIA BUZOIANU<\/strong><br>&#8211;<a href=\"https:\/\/revistapontica.com\/wp-content\/uploads\/2026\/04\/1092-Pontica-43-2010-MARIA-BARBULESCU-LIVIA-BUZOIANU-\u2013-Inscriptions-inedites-et-revisees-de-la-collection-du-Musee-dHistoire-Nationale-et-dArcheologie-de-Constantza.-II.pdf\" data-type=\"link\" data-id=\"https:\/\/revistapontica.com\/wp-content\/uploads\/2026\/04\/1092-Pontica-43-2010-MARIA-BARBULESCU-LIVIA-BUZOIANU-\u2013-Inscriptions-inedites-et-revisees-de-la-collection-du-Musee-dHistoire-Nationale-et-dArcheologie-de-Constantza.-II.pdf\">view the PDF version<\/a>&#8211;<\/p>\n\n\n\n<hr class=\"wp-block-separator has-alpha-channel-opacity\"\/>\n\n\n\n<details class=\"wp-block-details is-layout-flow wp-block-details-is-layout-flow\"><summary>Une nouvelle inscription d\u2019Ibida (Slava Rus\u0103, d\u00e9p. de Tulcea)<\/summary>\n<p><\/p>\n<\/details>\n\n\n\n<p class=\"has-text-align-center\"><strong><strong>LUCRE\u0162IU MIH\u0102ILESCU B\u00ceRLIBA<\/strong><\/strong><br>&#8211;<a href=\"https:\/\/revistapontica.com\/wp-content\/uploads\/2026\/04\/1093-Pontica-43-2010-LUCRETIU-MIHAILESCU-BIRLIBA-\u2013-Une-nouvelle-inscription-dIbida-Slava-Rusa-dep.-de-Tulcea.pdf\" data-type=\"link\" data-id=\"https:\/\/revistapontica.com\/wp-content\/uploads\/2026\/04\/1093-Pontica-43-2010-LUCRETIU-MIHAILESCU-BIRLIBA-\u2013-Une-nouvelle-inscription-dIbida-Slava-Rusa-dep.-de-Tulcea.pdf\">view the PDF version<\/a>&#8211;<\/p>\n\n\n\n<hr class=\"wp-block-separator has-alpha-channel-opacity\"\/>\n\n\n\n<details class=\"wp-block-details is-layout-flow wp-block-details-is-layout-flow\"><summary>About Some Discoveries of Arrowheads \u2013 Monetary Signs in South \u2013 West Dobruja<\/summary>\n<p><\/p>\n<\/details>\n\n\n\n<p class=\"has-text-align-center\"><strong><strong>GABRIEL TALMA\u0162CHI<\/strong><\/strong><br>&#8211;<a href=\"https:\/\/revistapontica.com\/wp-content\/uploads\/2026\/04\/1094-Pontica-43-2010-GABRIEL-TALMATCHI-\u2013-About-Some-Discoveries-of-Arrowheads-\u2013-Monetary-Signs-in-South-\u2013-West-Dobruja.pdf\" data-type=\"link\" data-id=\"https:\/\/revistapontica.com\/wp-content\/uploads\/2026\/04\/1094-Pontica-43-2010-GABRIEL-TALMATCHI-\u2013-About-Some-Discoveries-of-Arrowheads-\u2013-Monetary-Signs-in-South-\u2013-West-Dobruja.pdf\">view the PDF version<\/a>&#8211;<\/p>\n\n\n\n<hr class=\"wp-block-separator has-alpha-channel-opacity\"\/>\n\n\n\n<details class=\"wp-block-details is-layout-flow wp-block-details-is-layout-flow\"><summary>About a Small Hoard Including Histrian Silver Coins of Apollon Type Discovered in Dobruja<\/summary>\n<p><\/p>\n<\/details>\n\n\n\n<p class=\"has-text-align-center\"><strong><strong>GABRIEL TALMA\u0162CHI<\/strong><\/strong><br>&#8211;<a href=\"https:\/\/revistapontica.com\/wp-content\/uploads\/2026\/04\/1095-Pontica-43-2010-GABRIEL-TALMATCHI-\u2013-About-a-Small-Hoard-Including-Histrian-Silver-Coins-of-Apollon-Type-Discovered-in-Dobruja.pdf\" data-type=\"link\" data-id=\"https:\/\/revistapontica.com\/wp-content\/uploads\/2026\/04\/1095-Pontica-43-2010-GABRIEL-TALMATCHI-\u2013-About-a-Small-Hoard-Including-Histrian-Silver-Coins-of-Apollon-Type-Discovered-in-Dobruja.pdf\">view the PDF version<\/a>&#8211;<\/p>\n\n\n\n<hr class=\"wp-block-separator has-alpha-channel-opacity\"\/>\n\n\n\n<details class=\"wp-block-details is-layout-flow wp-block-details-is-layout-flow\"><summary>Monede romane \u015fi bizantine descoperite la Halmyris<\/summary>\n<p><\/p>\n<\/details>\n\n\n\n<p class=\"has-text-align-center\"><strong>THEODOR ISVORANU, AUREL V\u00ceLCU<\/strong><br>&#8211;<a href=\"https:\/\/revistapontica.com\/wp-content\/uploads\/2026\/04\/1096-Pontica-43-2010-THEODOR-ISVORANU-AUREL-VILCU-\u2013-Monede-romane-si-bizantine-descoperite-la-Halmyris.pdf\" data-type=\"link\" data-id=\"https:\/\/revistapontica.com\/wp-content\/uploads\/2026\/04\/1096-Pontica-43-2010-THEODOR-ISVORANU-AUREL-VILCU-\u2013-Monede-romane-si-bizantine-descoperite-la-Halmyris.pdf\">view the PDF version<\/a>&#8211;<\/p>\n\n\n\n<hr class=\"wp-block-separator has-alpha-channel-opacity\"\/>\n\n\n\n<details class=\"wp-block-details is-layout-flow wp-block-details-is-layout-flow\"><summary>Unpublished Seal of Nikephoros Botaneiates as a Proedros and Doux of Antioch<\/summary>\n<p><\/p>\n<\/details>\n\n\n\n<p class=\"has-text-align-center\"><strong><strong>IOTO VALERIEV<\/strong><\/strong><br>&#8211;<a href=\"https:\/\/revistapontica.com\/wp-content\/uploads\/2026\/04\/1097-Pontica-43-2010-IOTO-VALERIEV-\u2013-Unpublished-Seal-of-Nikephoros-Botaneiates-as-a-Proedros-and-Doux-of-Antioch.pdf\" data-type=\"link\" data-id=\"https:\/\/revistapontica.com\/wp-content\/uploads\/2026\/04\/1097-Pontica-43-2010-IOTO-VALERIEV-\u2013-Unpublished-Seal-of-Nikephoros-Botaneiates-as-a-Proedros-and-Doux-of-Antioch.pdf\">view the PDF version<\/a>&#8211;<\/p>\n\n\n\n<hr class=\"wp-block-separator has-alpha-channel-opacity\"\/>\n\n\n\n<details class=\"wp-block-details is-layout-flow wp-block-details-is-layout-flow\"><summary>Comuna Turtucoaia, punct Igli\u0163a, cet\u0103\u0163ile Troesmis Est \u015fi Troesmis Vest<\/summary>\n<p><\/p>\n<\/details>\n\n\n\n<p class=\"has-text-align-center\"><strong><strong>GHEORGHE M\u0102NUCU ADAME\u015eTEANU<\/strong><\/strong><br>&#8211;<a href=\"https:\/\/revistapontica.com\/wp-content\/uploads\/2026\/04\/1098-Pontica-43-2010-GHEORGHE-MANUCU-ADAMESTEANU-\u2013-Comuna-Turtucoaia-punct-Iglita-cetatile-Troesmis-Est-si-Troesmis-Vest.-Consideratii-privind-locuirea-medio-\u2013-bizantina-din-se.pdf\" data-type=\"link\" data-id=\"https:\/\/revistapontica.com\/wp-content\/uploads\/2026\/04\/1098-Pontica-43-2010-GHEORGHE-MANUCU-ADAMESTEANU-\u2013-Comuna-Turtucoaia-punct-Iglita-cetatile-Troesmis-Est-si-Troesmis-Vest.-Consideratii-privind-locuirea-medio-\u2013-bizantina-din-se.pdf\">view the PDF version<\/a>&#8211;<\/p>\n\n\n\n<hr class=\"wp-block-separator has-alpha-channel-opacity\"\/>\n\n\n\n<details class=\"wp-block-details is-layout-flow wp-block-details-is-layout-flow\"><summary>Descoperirile monetare de la Ester \u2013 T\u00e2rgu\u015for (jud. Constan\u0163a)<\/summary>\n<p><\/p>\n<\/details>\n\n\n\n<p class=\"has-text-align-center\"><strong><strong>GABRIEL CUSTUREA<\/strong><\/strong><br>&#8211;<a href=\"https:\/\/revistapontica.com\/wp-content\/uploads\/2026\/04\/1099-Pontica-43-2010-GABRIEL-CUSTUREA-\u2013-Descoperirile-monetare-de-la-Ester-\u2013-Targusor-jud.-Constanta.pdf\" data-type=\"link\" data-id=\"https:\/\/revistapontica.com\/wp-content\/uploads\/2026\/04\/1099-Pontica-43-2010-GABRIEL-CUSTUREA-\u2013-Descoperirile-monetare-de-la-Ester-\u2013-Targusor-jud.-Constanta.pdf\">view the PDF version<\/a>&#8211;<\/p>\n\n\n\n<hr class=\"wp-block-separator has-alpha-channel-opacity\"\/>\n\n\n\n<details class=\"wp-block-details is-layout-flow wp-block-details-is-layout-flow\"><summary>Dou\u0103 ponduri unciale din bronz, descoperite la (L)ibida<\/summary>\n<p><\/p>\n<\/details>\n\n\n\n<p class=\"has-text-align-center\"><strong><strong>DOREL PARASCHIV<\/strong><\/strong><br>&#8211;<a href=\"https:\/\/revistapontica.com\/wp-content\/uploads\/2026\/04\/1100-Pontica-43-2010-DOREL-PARASCHIV-\u2013-Doua-ponduri-unciale-din-bronz-descoperite-la-Libida.pdf\" data-type=\"link\" data-id=\"https:\/\/revistapontica.com\/wp-content\/uploads\/2026\/04\/1100-Pontica-43-2010-DOREL-PARASCHIV-\u2013-Doua-ponduri-unciale-din-bronz-descoperite-la-Libida.pdf\">view the PDF version<\/a>&#8211;<\/p>\n\n\n\n<hr class=\"wp-block-separator has-alpha-channel-opacity\"\/>\n\n\n\n<details class=\"wp-block-details is-layout-flow wp-block-details-is-layout-flow\"><summary>Morphology and Dynamics of the Danube Delta Littoral between the Sulina and Sf\u00e2ntu Gheorghe River Mouths (Romania)<\/summary>\n<p><\/p>\n<\/details>\n\n\n\n<p class=\"has-text-align-center\"><strong>GHEORGHE ROMANESCU<\/strong><br>&#8211;<a href=\"https:\/\/revistapontica.com\/wp-content\/uploads\/2026\/04\/1101-Pontica-43-2010-GHEORGHE-ROMANESCU-\u2013-Morphology-and-Dynamics-of-the-Danube-Delta-Littoral-between-the-Sulina-and-Sfantu-Gheorghe-River-Mouths-Romania.pdf\" data-type=\"link\" data-id=\"https:\/\/revistapontica.com\/wp-content\/uploads\/2026\/04\/1101-Pontica-43-2010-GHEORGHE-ROMANESCU-\u2013-Morphology-and-Dynamics-of-the-Danube-Delta-Littoral-between-the-Sulina-and-Sfantu-Gheorghe-River-Mouths-Romania.pdf\">view the PDF version<\/a>&#8211;<\/p>\n\n\n\n<hr class=\"wp-block-separator has-alpha-channel-opacity\"\/>\n\n\n\n<details class=\"wp-block-details is-layout-flow wp-block-details-is-layout-flow\"><summary>Analiza unui lot de ceramic\u0103 din zona Ripiceni, pe Prut<\/summary>\n<p><\/p>\n<\/details>\n\n\n\n<p class=\"has-text-align-center\"><strong>CORNELIA C\u0102RPU\u015e<\/strong><br>&#8211;<a href=\"https:\/\/revistapontica.com\/wp-content\/uploads\/2026\/04\/1102-Pontica-43-2010-CORNELIA-CARPUS-\u2013-Analiza-unui-lot-de-ceramica-din-zona-Ripiceni-pe-Prut.pdf\" data-type=\"link\" data-id=\"https:\/\/revistapontica.com\/wp-content\/uploads\/2026\/04\/1102-Pontica-43-2010-CORNELIA-CARPUS-\u2013-Analiza-unui-lot-de-ceramica-din-zona-Ripiceni-pe-Prut.pdf\">view the PDF version<\/a>&#8211;<\/p>\n\n\n\n<hr class=\"wp-block-separator has-alpha-channel-opacity\"\/>\n\n\n\n<details class=\"wp-block-details is-layout-flow wp-block-details-is-layout-flow\"><summary>Investiga\u0163ii GPR la edificiul roman cu mozaic din Constan\u0163a<\/summary>\n<p><\/p>\n<\/details>\n\n\n\n<p class=\"has-text-align-center\"><strong>LUCIAN RATOIU, DRAGO\u015e ENE, IRINA NASTASI<\/strong><br>&#8211;<a href=\"https:\/\/revistapontica.com\/wp-content\/uploads\/2026\/04\/1103-Pontica-43-2010-LUCIAN-RATOIU-DRAGOS-ENE-IRINA-NASTASI-\u2013-Investigatii-GPR-la-edificiul-roman-cu-mozaic-din-Constanta.pdf\" data-type=\"link\" data-id=\"https:\/\/revistapontica.com\/wp-content\/uploads\/2026\/04\/1103-Pontica-43-2010-LUCIAN-RATOIU-DRAGOS-ENE-IRINA-NASTASI-\u2013-Investigatii-GPR-la-edificiul-roman-cu-mozaic-din-Constanta.pdf\">view the PDF version<\/a>&#8211;<\/p>\n\n\n\n<hr class=\"wp-block-separator has-alpha-channel-opacity\"\/>\n\n\n\n<details class=\"wp-block-details is-layout-flow wp-block-details-is-layout-flow\"><summary>Reconstituirea virtual\u0103 a edificiului roman cu mozaic de la Tomis<\/summary>\n<p><\/p>\n<\/details>\n\n\n\n<p class=\"has-text-align-center\"><strong>DORIN-MIRCEA POPOVICI et alii<\/strong><br>&#8211;<a href=\"https:\/\/revistapontica.com\/wp-content\/uploads\/2026\/04\/1104-Pontica-43-2010-DORIN-MIRCEA-POPOVICI-et-alii-\u2013-Reconstituirea-virtuala-a-edificiului-roman-cu-mozaic-de-la-Tomis.pdf\" data-type=\"link\" data-id=\"https:\/\/revistapontica.com\/wp-content\/uploads\/2026\/04\/1104-Pontica-43-2010-DORIN-MIRCEA-POPOVICI-et-alii-\u2013-Reconstituirea-virtuala-a-edificiului-roman-cu-mozaic-de-la-Tomis.pdf\">view the PDF version<\/a>&#8211;<\/p>\n\n\n\n<hr class=\"wp-block-separator has-alpha-channel-opacity\"\/>\n\n\n\n<details class=\"wp-block-details is-layout-flow wp-block-details-is-layout-flow\"><summary>Characterization of Roman Marble Bust Using Libs and \u03bc-Raman Spectroscopy<\/summary>\n<p><\/p>\n<\/details>\n\n\n\n<p class=\"has-text-align-center\"><strong>O. GRUP\u010cE et alii<\/strong><br>&#8211;<a href=\"https:\/\/revistapontica.com\/wp-content\/uploads\/2026\/04\/1105-Pontica-43-2010-O.-GRUPCE-et-alii-\u2013-Characterization-of-Roman-Marble-Bust-Using-Libs-and-\u03bc-Raman-Spectroscopy.-A-Case-Study.pdf\" data-type=\"link\" data-id=\"https:\/\/revistapontica.com\/wp-content\/uploads\/2026\/04\/1105-Pontica-43-2010-O.-GRUPCE-et-alii-\u2013-Characterization-of-Roman-Marble-Bust-Using-Libs-and-\u03bc-Raman-Spectroscopy.-A-Case-Study.pdf\">view the PDF version<\/a>&#8211;<\/p>\n\n\n\n<hr class=\"wp-block-separator has-alpha-channel-opacity\"\/>\n\n\n\n<details class=\"wp-block-details is-layout-flow wp-block-details-is-layout-flow\"><summary>Intr\u0103rile de carte str\u0103in\u0103 \u00een Biblioteca M.I.N.A.C. (2005 \u2013 2010)<\/summary>\n<p><\/p>\n<\/details>\n\n\n\n<p class=\"has-text-align-center\"><strong>GEORGETA HA\u015eOTTI<\/strong><br>&#8211;<a href=\"https:\/\/revistapontica.com\/wp-content\/uploads\/2026\/04\/1106-Pontica-43-2010-GEORGETA-HASOTTI-\u2013-Intrarile-de-carte-straina-in-Biblioteca-M.I.N.A.C.-2005-\u2013-2010.pdf\" data-type=\"link\" data-id=\"https:\/\/revistapontica.com\/wp-content\/uploads\/2026\/04\/1106-Pontica-43-2010-GEORGETA-HASOTTI-\u2013-Intrarile-de-carte-straina-in-Biblioteca-M.I.N.A.C.-2005-\u2013-2010.pdf\">view the PDF version<\/a>&#8211;<\/p>","protected":false},"excerpt":{"rendered":"<p>SUMAR&#8211;deschide varianta PDF&#8211; Lista abrevierilor&#8211;deschide varianta PDF&#8211; MIHAI IRIMIA&#8211;deschide varianta PDF&#8211; ALEXANDRU SUCEVEANU&#8211;deschide varianta PDF&#8211; DECEBAL NEDU&#8211;deschide varianta PDF&#8211; SORIN CRISTIAN AILINC\u0102I&#8211;deschide varianta PDF&#8211; C\u0102T\u0102LIN DOBRINESCU&#8211;deschide varianta PDF&#8211; MIHAI IRIMIA&#8211;deschide varianta PDF&#8211; CLAUDIU MUNTEANU&#8211;deschide varianta PDF&#8211; MIHAI OVIDIU C\u0102\u0162OI&#8211;deschide varianta PDF&#8211; RADU \u015eTEFAN VERGATTI&#8211;deschide varianta PDF&#8211; CRISTIAN EDUARD \u015eTEFAN, MIHAI \u015eTEFAN FLOREA&#8211;deschide varianta PDF&#8211; VALENTINA [&hellip;]<\/p>\n","protected":false},"author":2,"featured_media":0,"comment_status":"closed","ping_status":"closed","sticky":false,"template":"","format":"standard","meta":{"footnotes":""},"categories":[18],"tags":[],"class_list":["post-1451","post","type-post","status-publish","format-standard","hentry","category-revista"],"_links":{"self":[{"href":"https:\/\/revistapontica.com\/en\/wp-json\/wp\/v2\/posts\/1451","targetHints":{"allow":["GET"]}}],"collection":[{"href":"https:\/\/revistapontica.com\/en\/wp-json\/wp\/v2\/posts"}],"about":[{"href":"https:\/\/revistapontica.com\/en\/wp-json\/wp\/v2\/types\/post"}],"author":[{"embeddable":true,"href":"https:\/\/revistapontica.com\/en\/wp-json\/wp\/v2\/users\/2"}],"replies":[{"embeddable":true,"href":"https:\/\/revistapontica.com\/en\/wp-json\/wp\/v2\/comments?post=1451"}],"version-history":[{"count":5,"href":"https:\/\/revistapontica.com\/en\/wp-json\/wp\/v2\/posts\/1451\/revisions"}],"predecessor-version":[{"id":1772,"href":"https:\/\/revistapontica.com\/en\/wp-json\/wp\/v2\/posts\/1451\/revisions\/1772"}],"wp:attachment":[{"href":"https:\/\/revistapontica.com\/en\/wp-json\/wp\/v2\/media?parent=1451"}],"wp:term":[{"taxonomy":"category","embeddable":true,"href":"https:\/\/revistapontica.com\/en\/wp-json\/wp\/v2\/categories?post=1451"},{"taxonomy":"post_tag","embeddable":true,"href":"https:\/\/revistapontica.com\/en\/wp-json\/wp\/v2\/tags?post=1451"}],"curies":[{"name":"wp","href":"https:\/\/api.w.org\/{rel}","templated":true}]}}