{"id":1453,"date":"2026-04-26T15:32:39","date_gmt":"2026-04-26T12:32:39","guid":{"rendered":"https:\/\/revistapontica.com\/?p=1453"},"modified":"2026-04-26T16:02:58","modified_gmt":"2026-04-26T13:02:58","slug":"pontica-nr-42-2009","status":"publish","type":"post","link":"https:\/\/revistapontica.com\/en\/pontica-nr-42-2009\/","title":{"rendered":"Pontica Nr. 42 (2009)"},"content":{"rendered":"<div class=\"wp-block-image\">\n<figure class=\"aligncenter size-large is-resized\"><img fetchpriority=\"high\" decoding=\"async\" width=\"725\" height=\"1024\" src=\"https:\/\/revistapontica.com\/wp-content\/uploads\/2026\/04\/pontica-42-725x1024.jpg\" alt=\"\" class=\"wp-image-1564\" style=\"width:548px;height:auto\" srcset=\"https:\/\/revistapontica.com\/wp-content\/uploads\/2026\/04\/pontica-42-725x1024.jpg 725w, https:\/\/revistapontica.com\/wp-content\/uploads\/2026\/04\/pontica-42-213x300.jpg 213w, https:\/\/revistapontica.com\/wp-content\/uploads\/2026\/04\/pontica-42-768x1084.jpg 768w, https:\/\/revistapontica.com\/wp-content\/uploads\/2026\/04\/pontica-42-9x12.jpg 9w, https:\/\/revistapontica.com\/wp-content\/uploads\/2026\/04\/pontica-42.jpg 850w\" sizes=\"(max-width: 725px) 100vw, 725px\" \/><\/figure>\n<\/div>\n\n\n<div style=\"height:50px\" aria-hidden=\"true\" class=\"wp-block-spacer\"><\/div>\n\n\n\n<div class=\"wp-block-buttons is-content-justification-center is-layout-flex wp-container-core-buttons-is-layout-16018d1d wp-block-buttons-is-layout-flex\">\n<div class=\"wp-block-button is-style-outline is-style-outline--1\"><a class=\"wp-block-button__link has-small-font-size has-custom-font-size wp-element-button\" href=\"https:\/\/revistapontica.com\/wp-content\/uploads\/2026\/04\/1010-Pontica-42-2009.pdf\" style=\"border-top-left-radius:0px;border-top-right-radius:0px;border-bottom-left-radius:0px;border-bottom-right-radius:0px\"><strong>OPEN PONTICA NO. 42 \u2013 FULL VARIANT IN .PDF FORMAT<\/strong> (38 Mb)<\/a><\/div>\n<\/div>\n\n\n\n<div style=\"height:50px\" aria-hidden=\"true\" class=\"wp-block-spacer\"><\/div>\n\n\n\n<p class=\"has-text-align-center\"><strong>SUMMARY<\/strong><br>&#8211;<a href=\"https:\/\/revistapontica.com\/wp-content\/uploads\/2026\/04\/1011-Pontica-42-2009-Sumar.pdf\" data-type=\"link\" data-id=\"https:\/\/revistapontica.com\/wp-content\/uploads\/2026\/04\/1011-Pontica-42-2009-Sumar.pdf\">view the PDF version<\/a>&#8211;<\/p>\n\n\n\n<hr class=\"wp-block-separator has-alpha-channel-opacity\"\/>\n\n\n\n<p class=\"has-text-align-center\"><strong>Lista abrevierilor<\/strong><br>&#8211;<a href=\"https:\/\/revistapontica.com\/wp-content\/uploads\/2026\/04\/1011-1-Pontica-42-2009-Lista-abrevierilor.pdf\" data-type=\"link\" data-id=\"https:\/\/revistapontica.com\/wp-content\/uploads\/2026\/04\/1011-1-Pontica-42-2009-Lista-abrevierilor.pdf\">view the PDF version<\/a>&#8211;<\/p>\n\n\n\n<hr class=\"wp-block-separator has-alpha-channel-opacity\"\/>\n\n\n\n<details class=\"wp-block-details is-layout-flow wp-block-details-is-layout-flow\"><summary>Spondylus Shell Artefacts in Hamangia Cultures<\/summary>\n<p><\/p>\n<\/details>\n\n\n\n<p class=\"has-text-align-center\"><strong><strong><strong><strong>VALENTINA VOINEA, GEORGE NEAGU, VALENTIN RADU<\/strong><\/strong><\/strong><\/strong><br>&#8211;<a href=\"https:\/\/revistapontica.com\/wp-content\/uploads\/2026\/04\/1013-Pontica-42-2009-VALENTINA-VOINEA-GEORGE-NEAGU-VALENTIN-RADU-\u2013-Spondylus-Shell-Artefacts-in-Hamangia-Cultures.pdf\" data-type=\"link\" data-id=\"https:\/\/revistapontica.com\/wp-content\/uploads\/2026\/04\/1013-Pontica-42-2009-VALENTINA-VOINEA-GEORGE-NEAGU-VALENTIN-RADU-\u2013-Spondylus-Shell-Artefacts-in-Hamangia-Cultures.pdf\">view the PDF version<\/a>&#8211;<\/p>\n\n\n\n<hr class=\"wp-block-separator has-alpha-channel-opacity\"\/>\n\n\n\n<details class=\"wp-block-details is-layout-flow wp-block-details-is-layout-flow\"><summary>Noi cercet\u0103ri arheologice \u00een siturile hallstattiene din C\u00e2mpia Br\u0103ilei<\/summary>\n<p><\/p>\n<\/details>\n\n\n\n<p class=\"has-text-align-center\"><strong><strong><strong>VIOREL STOIAN<\/strong><\/strong><\/strong><br>&#8211;<a href=\"https:\/\/revistapontica.com\/wp-content\/uploads\/2026\/04\/1014-Pontica-42-2009-VIOREL-STOIAN-\u2013-Noi-cercetari-arheologice-in-siturile-hallstattiene-din-Campia-Brailei.pdf\" data-type=\"link\" data-id=\"https:\/\/revistapontica.com\/wp-content\/uploads\/2026\/04\/1014-Pontica-42-2009-VIOREL-STOIAN-\u2013-Noi-cercetari-arheologice-in-siturile-hallstattiene-din-Campia-Brailei.pdf\">view the PDF version<\/a>&#8211;<\/p>\n\n\n\n<hr class=\"wp-block-separator has-alpha-channel-opacity\"\/>\n\n\n\n<details class=\"wp-block-details is-layout-flow wp-block-details-is-layout-flow\"><summary>V\u00e2rfuri de s\u0103ge\u0163i din colec\u0163ia Muzeului de Istorie Na\u0163ional\u0103 \u015fi Arheologie Constan\u0163a<\/summary>\n<p><\/p>\n<\/details>\n\n\n\n<p class=\"has-text-align-center\"><strong><strong><strong>AUREL MOTOTOLEA, TIBERIU POT\u00ceRNICHE<\/strong><\/strong><\/strong><br>&#8211;<a href=\"#\" data-type=\"link\" data-id=\"https:\/\/revistapontica.com\/wp-content\/uploads\/2026\/04\/3-2022.pdf\">deschide vari<\/a><a href=\"https:\/\/revistapontica.com\/wp-content\/uploads\/2026\/04\/1015-Pontica-42-2009-AUREL-MOTOTOLEA-TIBERIU-POTIRNICHE-\u2013-Varfuri-de-sageti-din-colectia-Muzeului-de-Istorie-Nationala-si-Arheologie-Constanta.pdf\" data-type=\"link\" data-id=\"https:\/\/revistapontica.com\/wp-content\/uploads\/2026\/04\/1015-Pontica-42-2009-AUREL-MOTOTOLEA-TIBERIU-POTIRNICHE-\u2013-Varfuri-de-sageti-din-colectia-Muzeului-de-Istorie-Nationala-si-Arheologie-Constanta.pdf\">a<\/a><a href=\"#\" data-type=\"link\" data-id=\"https:\/\/revistapontica.com\/wp-content\/uploads\/2026\/04\/3-2022.pdf\">nta PDF<\/a>&#8211;<\/p>\n\n\n\n<hr class=\"wp-block-separator has-alpha-channel-opacity\"\/>\n\n\n\n<details class=\"wp-block-details is-layout-flow wp-block-details-is-layout-flow\"><summary>Considera\u0163ii privind amforele elenistice din a\u015fezarea getic\u0103 de la Satu Nou \u2013 \u201eVadu Vacilor\u201d<\/summary>\n<p><\/p>\n<\/details>\n\n\n\n<p class=\"has-text-align-center\"><strong><strong><strong>MIHAI IRIMIA<\/strong><\/strong><\/strong><br>&#8211;<a href=\"https:\/\/revistapontica.com\/wp-content\/uploads\/2026\/04\/1016-Pontica-42-2009-MIHAI-IRIMIA-\u2013-Consideratii-privind-amforele-elenistice-din-asezarea-getica-de-la-Satu-Nou-\u2013-\u201eVadu-Vacilor.pdf\" data-type=\"link\" data-id=\"https:\/\/revistapontica.com\/wp-content\/uploads\/2026\/04\/1016-Pontica-42-2009-MIHAI-IRIMIA-\u2013-Consideratii-privind-amforele-elenistice-din-asezarea-getica-de-la-Satu-Nou-\u2013-\u201eVadu-Vacilor.pdf\">view the PDF version<\/a>&#8211;<\/p>\n\n\n\n<hr class=\"wp-block-separator has-alpha-channel-opacity\"\/>\n\n\n\n<details class=\"wp-block-details is-layout-flow wp-block-details-is-layout-flow\"><summary>\u0162igle \u015fi olane de pe epava antic\u0103 Mangalia B<\/summary>\n<p><\/p>\n<\/details>\n\n\n\n<p class=\"has-text-align-center\"><strong><strong>CLAUDIU MUNTEANU, ANDREI VOCHI\u0162U<\/strong><\/strong><br>&#8211;<a href=\"https:\/\/revistapontica.com\/wp-content\/uploads\/2026\/04\/1017-Pontica-42-2009-CLAUDIU-MUNTEANU-ANDREI-VOCHITU-\u2013-Tigle-si-olane-de-pe-epava-antica-Mangalia-B.pdf\" data-type=\"link\" data-id=\"https:\/\/revistapontica.com\/wp-content\/uploads\/2026\/04\/1017-Pontica-42-2009-CLAUDIU-MUNTEANU-ANDREI-VOCHITU-\u2013-Tigle-si-olane-de-pe-epava-antica-Mangalia-B.pdf\">view the PDF version<\/a>&#8211;<\/p>\n\n\n\n<hr class=\"wp-block-separator has-alpha-channel-opacity\"\/>\n\n\n\n<details class=\"wp-block-details is-layout-flow wp-block-details-is-layout-flow\"><summary>Ceramica getic\u0103 din a\u015fezarea H\u00e2r\u015fova \u2013 \u201eLa moar\u0103\u201d (jud. Constan\u0163a), aflat\u0103 \u00een expozi\u0163ia muzeului \u201eCarsium\u201d H\u00e2r\u015fova<\/summary>\n<p><\/p>\n<\/details>\n\n\n\n<p class=\"has-text-align-center\"><strong><strong>CONSTANTIN NICOLAE<\/strong><\/strong><br>&#8211;<a href=\"https:\/\/revistapontica.com\/wp-content\/uploads\/2026\/04\/1018-Pontica-42-2009-CONSTANTIN-NICOLAE-\u2013-Ceramica-getica-din-asezarea-Harsova-\u2013-\u201eLa-moara-jud.-Constanta-aflata-in-expozitia-muzeului-\u201eCarsium-Harsova.pdf\" data-type=\"link\" data-id=\"https:\/\/revistapontica.com\/wp-content\/uploads\/2026\/04\/1018-Pontica-42-2009-CONSTANTIN-NICOLAE-\u2013-Ceramica-getica-din-asezarea-Harsova-\u2013-\u201eLa-moara-jud.-Constanta-aflata-in-expozitia-muzeului-\u201eCarsium-Harsova.pdf\">view the PDF version<\/a>&#8211;<\/p>\n\n\n\n<hr class=\"wp-block-separator has-alpha-channel-opacity\"\/>\n\n\n\n<details class=\"wp-block-details is-layout-flow wp-block-details-is-layout-flow\"><summary>Descoperiri romane \u00een nivelurile medievale de la Beroe<\/summary>\n<p><\/p>\n<\/details>\n\n\n\n<p class=\"has-text-align-center\"><strong><strong>GEORGE NU\u0162U, DOREL PARASCHIV<\/strong><\/strong><br>&#8211;<a href=\"https:\/\/revistapontica.com\/wp-content\/uploads\/2026\/04\/1019-Pontica-42-2009-GEORGE-NUTU-DOREL-PARASCHIV-\u2013-Descoperiri-romane-in-nivelurile-medievale-de-la-Beroe.pdf\" data-type=\"link\" data-id=\"https:\/\/revistapontica.com\/wp-content\/uploads\/2026\/04\/1019-Pontica-42-2009-GEORGE-NUTU-DOREL-PARASCHIV-\u2013-Descoperiri-romane-in-nivelurile-medievale-de-la-Beroe.pdf\">view the PDF version<\/a>&#8211;<\/p>\n\n\n\n<hr class=\"wp-block-separator has-alpha-channel-opacity\"\/>\n\n\n\n<details class=\"wp-block-details is-layout-flow wp-block-details-is-layout-flow\"><summary>Histria. The Basilica \u201dP\u00e2rvan\u201d Sector. (I). The Sector Archaeological Topography (2001-2007)<\/summary>\n<p><\/p>\n<\/details>\n\n\n\n<p class=\"has-text-align-center\"><strong><strong>MIRCEA ANGELESCU, VALENTIN BOTTEZ<\/strong><\/strong><br>&#8211;<a href=\"https:\/\/revistapontica.com\/wp-content\/uploads\/2026\/04\/1020-Pontica-42-2009-MIRCEA-ANGELESCU-VALENTIN-BOTTEZ-\u2013-Histria.-The-Basilica-Parvan-Sector.-I.-The-Sector-Archaeological-Topography-2001-2007.pdf\" data-type=\"link\" data-id=\"https:\/\/revistapontica.com\/wp-content\/uploads\/2026\/04\/1020-Pontica-42-2009-MIRCEA-ANGELESCU-VALENTIN-BOTTEZ-\u2013-Histria.-The-Basilica-Parvan-Sector.-I.-The-Sector-Archaeological-Topography-2001-2007.pdf\">view the PDF version<\/a>&#8211;<\/p>\n\n\n\n<hr class=\"wp-block-separator has-alpha-channel-opacity\"\/>\n\n\n\n<details class=\"wp-block-details is-layout-flow wp-block-details-is-layout-flow\"><summary>Basiliques de l\u2019\u00e9poque du Haut Christianisme \u00e0 Durostorum \u2013 Silistra<\/summary>\n<p><\/p>\n<\/details>\n\n\n\n<p class=\"has-text-align-center\"><strong><strong>GEORGI ATANASOV<\/strong><\/strong><br>&#8211;<a href=\"https:\/\/revistapontica.com\/wp-content\/uploads\/2026\/04\/1021-Pontica-42-2009-GEORGI-ATANASOV-\u2013-Basiliques-de-lepoque-du-Haut-Christianisme-a-Durostorum-\u2013-Silistra.pdf\" data-type=\"link\" data-id=\"https:\/\/revistapontica.com\/wp-content\/uploads\/2026\/04\/1021-Pontica-42-2009-GEORGI-ATANASOV-\u2013-Basiliques-de-lepoque-du-Haut-Christianisme-a-Durostorum-\u2013-Silistra.pdf\">view the PDF version<\/a>&#8211;<\/p>\n\n\n\n<hr class=\"wp-block-separator has-alpha-channel-opacity\"\/>\n\n\n\n<details class=\"wp-block-details is-layout-flow wp-block-details-is-layout-flow\"><summary>Edificiul B1 din sectorul B al cet\u0103\u0163ii Tropaeum Traiani. Considera\u0163ii preliminare privind cercet\u0103rile din 2005 \u20132008<\/summary>\n<p><\/p>\n<\/details>\n\n\n\n<p class=\"has-text-align-center\"><strong><strong>EMILIAN GAMUREAC<\/strong><\/strong><br>&#8211;<a href=\"https:\/\/revistapontica.com\/wp-content\/uploads\/2026\/04\/1022-Pontica-42-2009-EMILIAN-GAMUREAC-\u2013-Edificiul-B1-din-sectorul-B-al-cetatii-Tropaeum-Traiani.-Consideratii-preliminare-privind-cercetarile-din-2005-\u20132008.pdf\" data-type=\"link\" data-id=\"https:\/\/revistapontica.com\/wp-content\/uploads\/2026\/04\/1022-Pontica-42-2009-EMILIAN-GAMUREAC-\u2013-Edificiul-B1-din-sectorul-B-al-cetatii-Tropaeum-Traiani.-Consideratii-preliminare-privind-cercetarile-din-2005-\u20132008.pdf\">view the PDF version<\/a>&#8211;<\/p>\n\n\n\n<hr class=\"wp-block-separator has-alpha-channel-opacity\"\/>\n\n\n\n<details class=\"wp-block-details is-layout-flow wp-block-details-is-layout-flow\"><summary>Dou\u0103 noi morminte descoperite la Dinogetia (Garv\u0103n, jud. Tulcea)<\/summary>\n<p><\/p>\n<\/details>\n\n\n\n<p class=\"has-text-align-center\"><strong><strong>CRISTIAN OLARIU<\/strong><\/strong><br>&#8211;<a href=\"https:\/\/revistapontica.com\/wp-content\/uploads\/2026\/04\/1023-Pontica-42-2009-CRISTIAN-OLARIU-\u2013-Doua-noi-morminte-descoperite-la-Dinogetia-Garvan-jud.-Tulcea.pdf\" data-type=\"link\" data-id=\"https:\/\/revistapontica.com\/wp-content\/uploads\/2026\/04\/1023-Pontica-42-2009-CRISTIAN-OLARIU-\u2013-Doua-noi-morminte-descoperite-la-Dinogetia-Garvan-jud.-Tulcea.pdf\">view the PDF version<\/a>&#8211;<\/p>\n\n\n\n<hr class=\"wp-block-separator has-alpha-channel-opacity\"\/>\n\n\n\n<details class=\"wp-block-details is-layout-flow wp-block-details-is-layout-flow\"><summary>Aspecte interne controversate ale domniei \u0163arului vlaho-bulgar Boril Asan (1207-1218)<\/summary>\n<p><\/p>\n<\/details>\n\n\n\n<p class=\"has-text-align-center\"><strong><strong>VASILE M\u0102RCULE\u0162<\/strong><\/strong><br>&#8211;<a href=\"https:\/\/revistapontica.com\/wp-content\/uploads\/2026\/04\/1024-Pontica-42-2009-VASILE-MARCULET-\u2013-Aspecte-interne-controversate-ale-domniei-tarului-vlaho-bulgar-Boril-Asan-1207-1218.pdf\" data-type=\"link\" data-id=\"https:\/\/revistapontica.com\/wp-content\/uploads\/2026\/04\/1024-Pontica-42-2009-VASILE-MARCULET-\u2013-Aspecte-interne-controversate-ale-domniei-tarului-vlaho-bulgar-Boril-Asan-1207-1218.pdf\">view the PDF version<\/a>&#8211;<\/p>\n\n\n\n<hr class=\"wp-block-separator has-alpha-channel-opacity\"\/>\n\n\n\n<details class=\"wp-block-details is-layout-flow wp-block-details-is-layout-flow\"><summary>Ceramic\u0103 otoman\u0103 descoperit\u0103 \u00een Dobrogea<\/summary>\n<p><\/p>\n<\/details>\n\n\n\n<p class=\"has-text-align-center\"><strong><strong>NICULINA DINU<\/strong><br><\/strong>&#8211;<a href=\"https:\/\/revistapontica.com\/wp-content\/uploads\/2026\/04\/1025-Pontica-42-2009-NICULINA-DINU-\u2013-Ceramica-otomana-descoperita-in-Dobrogea.pdf\" data-type=\"link\" data-id=\"https:\/\/revistapontica.com\/wp-content\/uploads\/2026\/04\/1025-Pontica-42-2009-NICULINA-DINU-\u2013-Ceramica-otomana-descoperita-in-Dobrogea.pdf\">view the PDF version<\/a>&#8211;<\/p>\n\n\n\n<hr class=\"wp-block-separator has-alpha-channel-opacity\"\/>\n\n\n\n<details class=\"wp-block-details is-layout-flow wp-block-details-is-layout-flow\"><summary>Zur Proxenie in den griechischen St\u00e4dten des pontischen Raumes<\/summary>\n<p><\/p>\n<\/details>\n\n\n\n<p class=\"has-text-align-center\"><strong><strong>VICTOR COJOCARU<\/strong><\/strong><br>&#8211;<a href=\"https:\/\/revistapontica.com\/wp-content\/uploads\/2026\/04\/1026-Pontica-42-2009-VICTOR-COJOCARU-\u2013-Zur-Proxenie-in-den-griechischen-Stadten-des-pontischen-Raumes.pdf\" data-type=\"link\" data-id=\"https:\/\/revistapontica.com\/wp-content\/uploads\/2026\/04\/1026-Pontica-42-2009-VICTOR-COJOCARU-\u2013-Zur-Proxenie-in-den-griechischen-Stadten-des-pontischen-Raumes.pdf\">view the PDF version<\/a>&#8211;<\/p>\n\n\n\n<hr class=\"wp-block-separator has-alpha-channel-opacity\"\/>\n\n\n\n<details class=\"wp-block-details is-layout-flow wp-block-details-is-layout-flow\"><summary>La choroth\u00e9sie histrienne &#8211; essai d\u2019une taxonomie contextuelle<\/summary>\n<p><\/p>\n<\/details>\n\n\n\n<p class=\"has-text-align-center\"><strong>OCTAVIAN BOUNEGRU<br><\/strong>&#8211;<a href=\"https:\/\/revistapontica.com\/wp-content\/uploads\/2026\/04\/1027-Pontica-42-2009-OCTAVIAN-BOUNEGRU-\u2013-La-chorothesie-histrienne-essai-dune-taxonomie-contextuelle.pdf\" data-type=\"link\" data-id=\"https:\/\/revistapontica.com\/wp-content\/uploads\/2026\/04\/1027-Pontica-42-2009-OCTAVIAN-BOUNEGRU-\u2013-La-chorothesie-histrienne-essai-dune-taxonomie-contextuelle.pdf\">view the PDF version<\/a>&#8211;<\/p>\n\n\n\n<hr class=\"wp-block-separator has-alpha-channel-opacity\"\/>\n\n\n\n<details class=\"wp-block-details is-layout-flow wp-block-details-is-layout-flow\"><summary>Note \u00e9pigraphique. Trois familles d\u2019Oescus \u00e0 Troesmis<\/summary>\n<p><\/p>\n<\/details>\n\n\n\n<p class=\"has-text-align-center\"><strong><strong>LUCRE\u0162IU MIH\u0102ILESCU B\u00ceRLIBA<\/strong><\/strong><br>&#8211;<a href=\"https:\/\/revistapontica.com\/wp-content\/uploads\/2026\/04\/1028-Pontica-42-2009-LUCRETIU-MIHAILESCU-BIRLIBA-\u2013-Note-epigraphique.-Trois-familles-dOescus-a-Troesmis.pdf\" data-type=\"link\" data-id=\"https:\/\/revistapontica.com\/wp-content\/uploads\/2026\/04\/1028-Pontica-42-2009-LUCRETIU-MIHAILESCU-BIRLIBA-\u2013-Note-epigraphique.-Trois-familles-dOescus-a-Troesmis.pdf\">view the PDF version<\/a>&#8211;<\/p>\n\n\n\n<hr class=\"wp-block-separator has-alpha-channel-opacity\"\/>\n\n\n\n<details class=\"wp-block-details is-layout-flow wp-block-details-is-layout-flow\"><summary>Inscriptions in\u00e9dites et r\u00e9vis\u00e9es de la collection du Mus\u00e9e d\u2019Histoire Nationale et d\u2019Arch\u00e9ologie de Constantza. <\/summary>\n<p><\/p>\n<\/details>\n\n\n\n<p class=\"has-text-align-center\"><strong><strong>MARIA B\u0102RBULESCU, LIVIA BUZOIANU<\/strong><\/strong><br>&#8211;<a href=\"https:\/\/revistapontica.com\/wp-content\/uploads\/2026\/04\/1029-Pontica-42-2009-MARIA-BARBULESCU-LIVIA-BUZOIANU-\u2013-Inscriptions-inedites-et-revisees-de-la-collection-du-Musee-dHistoire-Nationale-et-dArcheologie-de-Constantza.-I.pdf\" data-type=\"link\" data-id=\"https:\/\/revistapontica.com\/wp-content\/uploads\/2026\/04\/1029-Pontica-42-2009-MARIA-BARBULESCU-LIVIA-BUZOIANU-\u2013-Inscriptions-inedites-et-revisees-de-la-collection-du-Musee-dHistoire-Nationale-et-dArcheologie-de-Constantza.-I.pdf\">view the PDF version<\/a>&#8211;<\/p>\n\n\n\n<hr class=\"wp-block-separator has-alpha-channel-opacity\"\/>\n\n\n\n<details class=\"wp-block-details is-layout-flow wp-block-details-is-layout-flow\"><summary>Piese epigrafice \u015fi sculpturale din teritoriul rural<\/summary>\n<p><\/p>\n<\/details>\n\n\n\n<p class=\"has-text-align-center\"><strong><strong>MARIA B\u0102RBULESCU, ADRIANA C\u00ceTEIA, WILLY WISO\u015eENSCHI<\/strong><\/strong><br>&#8211;<a href=\"https:\/\/revistapontica.com\/wp-content\/uploads\/2026\/04\/1030-Pontica-42-2009-MARIA-BARBULESCU-ADRIANA-CITEIA-WILLY-WISOSENSCHI-\u2013-Piese-epigrafice-si-sculpturale-din-teritoriul-rural.pdf\" data-type=\"link\" data-id=\"https:\/\/revistapontica.com\/wp-content\/uploads\/2026\/04\/1030-Pontica-42-2009-MARIA-BARBULESCU-ADRIANA-CITEIA-WILLY-WISOSENSCHI-\u2013-Piese-epigrafice-si-sculpturale-din-teritoriul-rural.pdf\">view the PDF version<\/a>&#8211;<\/p>\n\n\n\n<hr class=\"wp-block-separator has-alpha-channel-opacity\"\/>\n\n\n\n<details class=\"wp-block-details is-layout-flow wp-block-details-is-layout-flow\"><summary>A \u201dRediscovered\u201d Inscription from Dobrudja. Roads and Milestones in Scythia (3rd \u2013 4th centuries AD)<\/summary>\n<p><\/p>\n<\/details>\n\n\n\n<p class=\"has-text-align-center\"><strong><strong>ADRIANA PANAITE, CRISTINA-GEORGETA ALEXANDRESCU<\/strong><\/strong><br>&#8211;<a href=\"https:\/\/revistapontica.com\/wp-content\/uploads\/2026\/04\/1031-Pontica-42-2009-ADRIANA-PANAITE-CRISTINA-GEORGETA-ALEXANDRESCU-\u2013-A-Rediscovered-Inscription-from-Dobrudja.-Roads-and-Milestones-in-Scythia-3rd-\u2013-4th-centuries-AD.pdf\" data-type=\"link\" data-id=\"https:\/\/revistapontica.com\/wp-content\/uploads\/2026\/04\/1031-Pontica-42-2009-ADRIANA-PANAITE-CRISTINA-GEORGETA-ALEXANDRESCU-\u2013-A-Rediscovered-Inscription-from-Dobrudja.-Roads-and-Milestones-in-Scythia-3rd-\u2013-4th-centuries-AD.pdf\">view the PDF version<\/a>&#8211;<\/p>\n\n\n\n<hr class=\"wp-block-separator has-alpha-channel-opacity\"\/>\n\n\n\n<details class=\"wp-block-details is-layout-flow wp-block-details-is-layout-flow\"><summary>Mythological Scenes from Dacia Province &#8211; Perseus Killing Gorgon Medusa and Zeus Seducing Leda<\/summary>\n<p><\/p>\n<\/details>\n\n\n\n<p class=\"has-text-align-center\"><strong>RADU OTA<\/strong><br>&#8211;<a href=\"https:\/\/revistapontica.com\/wp-content\/uploads\/2026\/04\/1032-Pontica-42-2009-RADU-OTA-\u2013-Mythological-Scenes-from-Dacia-Province-Perseus-Killing-Gorgon-Medusa-and-Zeus-Seducing-Leda.pdf\" data-type=\"link\" data-id=\"https:\/\/revistapontica.com\/wp-content\/uploads\/2026\/04\/1032-Pontica-42-2009-RADU-OTA-\u2013-Mythological-Scenes-from-Dacia-Province-Perseus-Killing-Gorgon-Medusa-and-Zeus-Seducing-Leda.pdf\">view the PDF version<\/a>&#8211;<\/p>\n\n\n\n<hr class=\"wp-block-separator has-alpha-channel-opacity\"\/>\n\n\n\n<details class=\"wp-block-details is-layout-flow wp-block-details-is-layout-flow\"><summary>Considera\u0163ii asupra unor articole de podoab\u0103 descoperite la Capidava<\/summary>\n<p><\/p>\n<\/details>\n\n\n\n<p class=\"has-text-align-center\"><strong><strong>ZAHARIA COVACEF<\/strong><\/strong><br>&#8211;<a href=\"https:\/\/revistapontica.com\/wp-content\/uploads\/2026\/04\/1033-Pontica-42-2009-ZAHARIA-COVACEF-\u2013-Consideratii-asupra-unor-articole-de-podoaba-descoperite-la-Capidava.pdf\" data-type=\"link\" data-id=\"https:\/\/revistapontica.com\/wp-content\/uploads\/2026\/04\/1033-Pontica-42-2009-ZAHARIA-COVACEF-\u2013-Consideratii-asupra-unor-articole-de-podoaba-descoperite-la-Capidava.pdf\">view the PDF version<\/a>&#8211;<\/p>\n\n\n\n<hr class=\"wp-block-separator has-alpha-channel-opacity\"\/>\n\n\n\n<details class=\"wp-block-details is-layout-flow wp-block-details-is-layout-flow\"><summary>Piese romano-bizantine descoperite la Halmyris<\/summary>\n<p><\/p>\n<\/details>\n\n\n\n<p class=\"has-text-align-center\"><strong><strong>ZAHARIA COVACEF, MIHAI ZAHARIADE<\/strong><\/strong><br>&#8211;<a href=\"https:\/\/revistapontica.com\/wp-content\/uploads\/2026\/04\/1034-Pontica-42-2009-ZAHARIA-COVACEF-MIHAI-ZAHARIADE-\u2013-Piese-romano-bizantine-descoperite-la-Halmyris.pdf\" data-type=\"link\" data-id=\"https:\/\/revistapontica.com\/wp-content\/uploads\/2026\/04\/1034-Pontica-42-2009-ZAHARIA-COVACEF-MIHAI-ZAHARIADE-\u2013-Piese-romano-bizantine-descoperite-la-Halmyris.pdf\">view the PDF version<\/a>&#8211;<\/p>\n\n\n\n<hr class=\"wp-block-separator has-alpha-channel-opacity\"\/>\n\n\n\n<details class=\"wp-block-details is-layout-flow wp-block-details-is-layout-flow\"><summary>Obiecte cre\u015ftine descoperite la Oltina (jud. Constan\u0163a)<\/summary>\n<p><\/p>\n<\/details>\n\n\n\n<p class=\"has-text-align-center\"><strong><strong>GABRIEL CUSTUREA, CRISTINA PARASCHIV-TALMA\u0162CHI<\/strong><\/strong><br>&#8211;<a href=\"https:\/\/revistapontica.com\/wp-content\/uploads\/2026\/04\/1035-Pontica-42-2009-GABRIEL-CUSTUREA-CRISTINA-PARASCHIV-TALMATCHI-\u2013-Obiecte-crestine-descoperite-la-Oltina-jud.-Constanta.pdf\" data-type=\"link\" data-id=\"https:\/\/revistapontica.com\/wp-content\/uploads\/2026\/04\/1035-Pontica-42-2009-GABRIEL-CUSTUREA-CRISTINA-PARASCHIV-TALMATCHI-\u2013-Obiecte-crestine-descoperite-la-Oltina-jud.-Constanta.pdf\">view the PDF version<\/a>&#8211;<\/p>\n\n\n\n<hr class=\"wp-block-separator has-alpha-channel-opacity\"\/>\n\n\n\n<details class=\"wp-block-details is-layout-flow wp-block-details-is-layout-flow\"><summary>The Geomorphological Evolution of Razim \u2013 Sinoie Littoral Bar During the Historical periods<\/summary>\n<p><\/p>\n<\/details>\n\n\n\n<p class=\"has-text-align-center\"><strong>GHEORGHE ROMANESCU, OCTAVIAN BOUNEGRU<\/strong><br>&#8211;<a href=\"https:\/\/revistapontica.com\/wp-content\/uploads\/2026\/04\/1036-Pontica-42-2009-GHEORGHE-ROMANESCU-OCTAVIAN-BOUNEGRU-\u2013-The-Geomorphological-Evolution-of-Razim-\u2013-Sinoie-Littoral-Bar-During-the-Historical-periods.pdf\" data-type=\"link\" data-id=\"https:\/\/revistapontica.com\/wp-content\/uploads\/2026\/04\/1036-Pontica-42-2009-GHEORGHE-ROMANESCU-OCTAVIAN-BOUNEGRU-\u2013-The-Geomorphological-Evolution-of-Razim-\u2013-Sinoie-Littoral-Bar-During-the-Historical-periods.pdf\">view the PDF version<\/a>&#8211;<\/p>\n\n\n\n<hr class=\"wp-block-separator has-alpha-channel-opacity\"\/>\n\n\n\n<details class=\"wp-block-details is-layout-flow wp-block-details-is-layout-flow\"><summary>The Dynamics of the North-Western Delta Littoral of the Black Sea During Historical Periods (Danube Delta)<\/summary>\n<p><\/p>\n<\/details>\n\n\n\n<p class=\"has-text-align-center\"><strong><strong>GHEORGHE ROMANESCU<\/strong><\/strong><br>&#8211;<a href=\"https:\/\/revistapontica.com\/wp-content\/uploads\/2026\/04\/1037-Pontica-42-2009-GHEORGHE-ROMANESCU-\u2013-The-Dynamics-of-the-North-Western-Delta-Littoral-of-the-Black-Sea-During-Historical-Periods-Danube-Delta.pdf\" data-type=\"link\" data-id=\"https:\/\/revistapontica.com\/wp-content\/uploads\/2026\/04\/1037-Pontica-42-2009-GHEORGHE-ROMANESCU-\u2013-The-Dynamics-of-the-North-Western-Delta-Littoral-of-the-Black-Sea-During-Historical-Periods-Danube-Delta.pdf\">view the PDF version<\/a>&#8211;<\/p>\n\n\n\n<hr class=\"wp-block-separator has-alpha-channel-opacity\"\/>\n\n\n\n<details class=\"wp-block-details is-layout-flow wp-block-details-is-layout-flow\"><summary>Analiza comparativ\u0103 a unor fragmente ceramice Boian din a\u015fez\u0103rile eneolitice de la Cheia \u015fi Atmageaua T\u0103t\u0103rasc\u0103<\/summary>\n<p><\/p>\n<\/details>\n\n\n\n<p class=\"has-text-align-center\"><strong><strong>CORNELIA C\u0102RPU\u015e, LEONID C\u0102RPU\u015e<\/strong><\/strong><br>&#8211;<a href=\"https:\/\/revistapontica.com\/wp-content\/uploads\/2026\/04\/1038-Pontica-42-2009-CORNELIA-CARPUS-LEONID-CARPUS-\u2013-Analiza-comparativa-a-unor-fragmente-ceramice-Boian-din-asezarile-eneolitice-de-la-Cheia-si-Atmageaua-Tatarasca.pdf\" data-type=\"link\" data-id=\"https:\/\/revistapontica.com\/wp-content\/uploads\/2026\/04\/1038-Pontica-42-2009-CORNELIA-CARPUS-LEONID-CARPUS-\u2013-Analiza-comparativa-a-unor-fragmente-ceramice-Boian-din-asezarile-eneolitice-de-la-Cheia-si-Atmageaua-Tatarasca.pdf\">view the PDF version<\/a>&#8211;<\/p>\n\n\n\n<hr class=\"wp-block-separator has-alpha-channel-opacity\"\/>\n\n\n\n<details class=\"wp-block-details is-layout-flow wp-block-details-is-layout-flow\"><summary>La terminologie concernant les sauces de poisson romaines<\/summary>\n<p><\/p>\n<\/details>\n\n\n\n<p class=\"has-text-align-center\"><strong><strong>IULIA DUMITRACHE<\/strong><\/strong><br>&#8211;<a href=\"https:\/\/revistapontica.com\/wp-content\/uploads\/2026\/04\/1039-Pontica-42-2009-IULIA-DUMITRACHE-\u2013-La-terminologie-concernant-les-sauces-de-poisson-romaines.pdf\" data-type=\"link\" data-id=\"https:\/\/revistapontica.com\/wp-content\/uploads\/2026\/04\/1039-Pontica-42-2009-IULIA-DUMITRACHE-\u2013-La-terminologie-concernant-les-sauces-de-poisson-romaines.pdf\">view the PDF version<\/a>&#8211;<\/p>\n\n\n\n<hr class=\"wp-block-separator has-alpha-channel-opacity\"\/>\n\n\n\n<details class=\"wp-block-details is-layout-flow wp-block-details-is-layout-flow\"><summary>Un studiu de bioarheologie asupra necropolei romano \u2013 bizantine de la Callatis<\/summary>\n<p><\/p>\n<\/details>\n\n\n\n<p class=\"has-text-align-center\"><strong><strong>ANDREI DORIAN SOFICARU<\/strong><\/strong><br>&#8211;<a href=\"https:\/\/revistapontica.com\/wp-content\/uploads\/2026\/04\/1040-Pontica-42-2009-ANDREI-DORIAN-SOFICARU-\u2013-Un-studiu-de-bioarheologie-asupra-necropolei-romano-\u2013-bizantine-de-la-Callatis.pdf\" data-type=\"link\" data-id=\"https:\/\/revistapontica.com\/wp-content\/uploads\/2026\/04\/1040-Pontica-42-2009-ANDREI-DORIAN-SOFICARU-\u2013-Un-studiu-de-bioarheologie-asupra-necropolei-romano-\u2013-bizantine-de-la-Callatis.pdf\">view the PDF version<\/a>&#8211;<\/p>\n\n\n\n<hr class=\"wp-block-separator has-alpha-channel-opacity\"\/>\n\n\n\n<details class=\"wp-block-details is-layout-flow wp-block-details-is-layout-flow\"><summary>Despre semnele monetare din zona de vest \u015fi nord \u2013 vest a Pontului Euxin (secolele VI \u2013 V a. Chr.)<\/summary>\n<p><\/p>\n<\/details>\n\n\n\n<p class=\"has-text-align-center\"><strong>GABRIEL TALMA\u0162CHI<\/strong><br>&#8211;<a href=\"https:\/\/revistapontica.com\/wp-content\/uploads\/2026\/04\/1041-Pontica-42-2009-GABRIEL-TALMATCHI-\u2013-Despre-semnele-monetare-din-zona-de-vest-si-nord-\u2013-vest-a-Pontului-Euxin-secolele-VI-\u2013-V-a.-Chr.pdf\" data-type=\"link\" data-id=\"https:\/\/revistapontica.com\/wp-content\/uploads\/2026\/04\/1041-Pontica-42-2009-GABRIEL-TALMATCHI-\u2013-Despre-semnele-monetare-din-zona-de-vest-si-nord-\u2013-vest-a-Pontului-Euxin-secolele-VI-\u2013-V-a.-Chr.pdf\">view the PDF version<\/a>&#8211;<\/p>\n\n\n\n<hr class=\"wp-block-separator has-alpha-channel-opacity\"\/>\n\n\n\n<details class=\"wp-block-details is-layout-flow wp-block-details-is-layout-flow\"><summary>Monede bizantine descoperite \u00een a\u015fezarea de la Oltina \u2013 \u201eCapu Dealului\u201d<\/summary>\n<p><\/p>\n<\/details>\n\n\n\n<p class=\"has-text-align-center\"><strong>GABRIEL CUSTUREA<\/strong><br>&#8211;<a href=\"https:\/\/revistapontica.com\/wp-content\/uploads\/2026\/04\/1042-Pontica-42-2009-GABRIEL-CUSTUREA-\u2013-Monede-bizantine-descoperite-in-asezarea-de-la-Oltina-\u2013-\u201eCapu-Dealului.pdf\" data-type=\"link\" data-id=\"https:\/\/revistapontica.com\/wp-content\/uploads\/2026\/04\/1042-Pontica-42-2009-GABRIEL-CUSTUREA-\u2013-Monede-bizantine-descoperite-in-asezarea-de-la-Oltina-\u2013-\u201eCapu-Dealului.pdf\">view the PDF version<\/a>&#8211;<\/p>\n\n\n\n<hr class=\"wp-block-separator has-alpha-channel-opacity\"\/>\n\n\n\n<details class=\"wp-block-details is-layout-flow wp-block-details-is-layout-flow\"><summary>Monede bizantine din secolele X-XII, descoperite la Isaccea \u2013 Vicina, \u00een campania arheologic\u0103 din anul 2003<\/summary>\n<p><\/p>\n<\/details>\n\n\n\n<p class=\"has-text-align-center\"><strong>GH. M\u0102NUCU ADAME\u015eTEANU<\/strong><br>&#8211;<a href=\"https:\/\/revistapontica.com\/wp-content\/uploads\/2026\/04\/1043-Pontica-42-2009-GH.-MANUCU-ADAMESTEANU-\u2013-Monede-bizantine-din-secolele-X-XII-descoperite-la-Isaccea-\u2013-Vicina-in-campania-arheologica-din-anul-2003.pdf\" data-type=\"link\" data-id=\"https:\/\/revistapontica.com\/wp-content\/uploads\/2026\/04\/1043-Pontica-42-2009-GH.-MANUCU-ADAMESTEANU-\u2013-Monede-bizantine-din-secolele-X-XII-descoperite-la-Isaccea-\u2013-Vicina-in-campania-arheologica-din-anul-2003.pdf\">view the PDF version<\/a>&#8211;<\/p>\n\n\n\n<hr class=\"wp-block-separator has-alpha-channel-opacity\"\/>\n\n\n\n<details class=\"wp-block-details is-layout-flow wp-block-details-is-layout-flow\"><summary>The Treasure of Golden Byzantine Coins from Professor Ishirkovo, Silistra Region<\/summary>\n<p><\/p>\n<\/details>\n\n\n\n<p class=\"has-text-align-center\"><strong>IOTO VALERIEV<\/strong><br>&#8211;<a href=\"https:\/\/revistapontica.com\/wp-content\/uploads\/2026\/04\/1044-Pontica-42-2009-IOTO-VALERIEV-\u2013-The-Treasure-of-Golden-Byzantine-Coins-from-Professor-Ishirkovo-Silistra-Region.pdf\" data-type=\"link\" data-id=\"https:\/\/revistapontica.com\/wp-content\/uploads\/2026\/04\/1044-Pontica-42-2009-IOTO-VALERIEV-\u2013-The-Treasure-of-Golden-Byzantine-Coins-from-Professor-Ishirkovo-Silistra-Region.pdf\">view the PDF version<\/a>&#8211;<\/p>\n\n\n\n<hr class=\"wp-block-separator has-alpha-channel-opacity\"\/>\n\n\n\n<details class=\"wp-block-details is-layout-flow wp-block-details-is-layout-flow\"><summary>Ponduri romano-bizantine din colec\u0163ia Muzeului de Istorie Na\u0163ional\u0103 \u015fi Arheologie Constan\u0163a<\/summary>\n<p><\/p>\n<\/details>\n\n\n\n<p class=\"has-text-align-center\"><strong>AUREL MOTOTOLEA<\/strong><br>&#8211;<a href=\"https:\/\/revistapontica.com\/wp-content\/uploads\/2026\/04\/1045-Pontica-42-2009-AUREL-MOTOTOLEA-\u2013-Ponduri-romano-bizantine-din-colectia-Muzeului-de-Istorie-Nationala-si-Arheologie-Constanta.pdf\" data-type=\"link\" data-id=\"https:\/\/revistapontica.com\/wp-content\/uploads\/2026\/04\/1045-Pontica-42-2009-AUREL-MOTOTOLEA-\u2013-Ponduri-romano-bizantine-din-colectia-Muzeului-de-Istorie-Nationala-si-Arheologie-Constanta.pdf\">view the PDF version<\/a>&#8211;<\/p>\n\n\n\n<hr class=\"wp-block-separator has-alpha-channel-opacity\"\/>\n\n\n\n<details class=\"wp-block-details is-layout-flow wp-block-details-is-layout-flow\"><summary>Ponduri antice \u015fi medievale descoperite recent \u00een Dobrogea<\/summary>\n<p><\/p>\n<\/details>\n\n\n\n<p class=\"has-text-align-center\"><strong>GABRIEL CUSTUREA<\/strong><br>&#8211;<a href=\"https:\/\/revistapontica.com\/wp-content\/uploads\/2026\/04\/1046-Pontica-42-2009-GABRIEL-CUSTUREA-\u2013-Ponduri-antice-si-medievale-descoperite-recent-in-Dobrogea.pdf\" data-type=\"link\" data-id=\"https:\/\/revistapontica.com\/wp-content\/uploads\/2026\/04\/1046-Pontica-42-2009-GABRIEL-CUSTUREA-\u2013-Ponduri-antice-si-medievale-descoperite-recent-in-Dobrogea.pdf\">view the PDF version<\/a>&#8211;<\/p>\n\n\n\n<hr class=\"wp-block-separator has-alpha-channel-opacity\"\/>\n\n\n\n<details class=\"wp-block-details is-layout-flow wp-block-details-is-layout-flow\"><summary>Recenzie &#8211; EVA DUBOIS \u2013 PELERIN, Le luxe priv\u00e9 Rome et en Italie au I-er si\u00e8cle apr\u00e8s J.-C<\/summary>\n<p><\/p>\n<\/details>\n\n\n\n<p class=\"has-text-align-center\"><strong>RADU CIOBANU<\/strong><br>&#8211;<a href=\"https:\/\/revistapontica.com\/wp-content\/uploads\/2026\/04\/1047-Pontica-42-2009-RADU-CIOBANU-Recenzie-EVA-DUBOIS-\u2013-PELERIN-Le-luxe-prive-Rome-et-en-Italie-au-I-er-siecle-apres-J.-C.pdf\" data-type=\"link\" data-id=\"https:\/\/revistapontica.com\/wp-content\/uploads\/2026\/04\/1047-Pontica-42-2009-RADU-CIOBANU-Recenzie-EVA-DUBOIS-\u2013-PELERIN-Le-luxe-prive-Rome-et-en-Italie-au-I-er-siecle-apres-J.-C.pdf\">view the PDF version<\/a>&#8211;<\/p>\n\n\n\n<hr class=\"wp-block-separator has-alpha-channel-opacity\"\/>\n\n\n\n<details class=\"wp-block-details is-layout-flow wp-block-details-is-layout-flow\"><summary>Recenzie &#8211; Les murs murmurent \u2013 Graffitis gallo-romains ; Catalogue d\u2019exposition \u2013 sous la direction d\u2019Alix Barbet et Michel Fuchs<\/summary>\n<p><\/p>\n<\/details>\n\n\n\n<p class=\"has-text-align-center\"><strong>RADU CIOBANU<\/strong><br>&#8211;<a href=\"https:\/\/revistapontica.com\/wp-content\/uploads\/2026\/04\/1048-Pontica-42-2009-RADU-CIOBANU-Recenzie-Les-murs-murmurent-\u2013-Graffitis-gallo-romains-Catalogue-dexposition-\u2013-sous-la-direction-dAlix-Barbet-et-Michel-Fuchs.pdf\" data-type=\"link\" data-id=\"https:\/\/revistapontica.com\/wp-content\/uploads\/2026\/04\/1048-Pontica-42-2009-RADU-CIOBANU-Recenzie-Les-murs-murmurent-\u2013-Graffitis-gallo-romains-Catalogue-dexposition-\u2013-sous-la-direction-dAlix-Barbet-et-Michel-Fuchs.pdf\">view the PDF version<\/a>&#8211;<\/p>","protected":false},"excerpt":{"rendered":"<p>SUMAR&#8211;deschide varianta PDF&#8211; Lista abrevierilor&#8211;deschide varianta PDF&#8211; VALENTINA VOINEA, GEORGE NEAGU, VALENTIN RADU&#8211;deschide varianta PDF&#8211; VIOREL STOIAN&#8211;deschide varianta PDF&#8211; AUREL MOTOTOLEA, TIBERIU POT\u00ceRNICHE&#8211;deschide varianta PDF&#8211; MIHAI IRIMIA&#8211;deschide varianta PDF&#8211; CLAUDIU MUNTEANU, ANDREI VOCHI\u0162U&#8211;deschide varianta PDF&#8211; CONSTANTIN NICOLAE&#8211;deschide varianta PDF&#8211; GEORGE NU\u0162U, DOREL PARASCHIV&#8211;deschide varianta PDF&#8211; MIRCEA ANGELESCU, VALENTIN BOTTEZ&#8211;deschide varianta PDF&#8211; GEORGI ATANASOV&#8211;deschide varianta PDF&#8211; [&hellip;]<\/p>\n","protected":false},"author":2,"featured_media":0,"comment_status":"closed","ping_status":"closed","sticky":false,"template":"","format":"standard","meta":{"footnotes":""},"categories":[18],"tags":[],"class_list":["post-1453","post","type-post","status-publish","format-standard","hentry","category-revista"],"_links":{"self":[{"href":"https:\/\/revistapontica.com\/en\/wp-json\/wp\/v2\/posts\/1453","targetHints":{"allow":["GET"]}}],"collection":[{"href":"https:\/\/revistapontica.com\/en\/wp-json\/wp\/v2\/posts"}],"about":[{"href":"https:\/\/revistapontica.com\/en\/wp-json\/wp\/v2\/types\/post"}],"author":[{"embeddable":true,"href":"https:\/\/revistapontica.com\/en\/wp-json\/wp\/v2\/users\/2"}],"replies":[{"embeddable":true,"href":"https:\/\/revistapontica.com\/en\/wp-json\/wp\/v2\/comments?post=1453"}],"version-history":[{"count":5,"href":"https:\/\/revistapontica.com\/en\/wp-json\/wp\/v2\/posts\/1453\/revisions"}],"predecessor-version":[{"id":1814,"href":"https:\/\/revistapontica.com\/en\/wp-json\/wp\/v2\/posts\/1453\/revisions\/1814"}],"wp:attachment":[{"href":"https:\/\/revistapontica.com\/en\/wp-json\/wp\/v2\/media?parent=1453"}],"wp:term":[{"taxonomy":"category","embeddable":true,"href":"https:\/\/revistapontica.com\/en\/wp-json\/wp\/v2\/categories?post=1453"},{"taxonomy":"post_tag","embeddable":true,"href":"https:\/\/revistapontica.com\/en\/wp-json\/wp\/v2\/tags?post=1453"}],"curies":[{"name":"wp","href":"https:\/\/api.w.org\/{rel}","templated":true}]}}