{"id":1455,"date":"2026-04-26T15:31:52","date_gmt":"2026-04-26T12:31:52","guid":{"rendered":"https:\/\/revistapontica.com\/?p=1455"},"modified":"2026-04-26T16:03:36","modified_gmt":"2026-04-26T13:03:36","slug":"pontica-nr-41-2008","status":"publish","type":"post","link":"https:\/\/revistapontica.com\/en\/pontica-nr-41-2008\/","title":{"rendered":"Pontica Nr. 41 (2008)"},"content":{"rendered":"<div class=\"wp-block-image\">\n<figure class=\"aligncenter size-large is-resized\"><img fetchpriority=\"high\" decoding=\"async\" width=\"725\" height=\"1024\" src=\"https:\/\/revistapontica.com\/wp-content\/uploads\/2026\/04\/pontica-41-725x1024.jpg\" alt=\"\" class=\"wp-image-1563\" style=\"width:548px;height:auto\" srcset=\"https:\/\/revistapontica.com\/wp-content\/uploads\/2026\/04\/pontica-41-725x1024.jpg 725w, https:\/\/revistapontica.com\/wp-content\/uploads\/2026\/04\/pontica-41-213x300.jpg 213w, https:\/\/revistapontica.com\/wp-content\/uploads\/2026\/04\/pontica-41-768x1084.jpg 768w, https:\/\/revistapontica.com\/wp-content\/uploads\/2026\/04\/pontica-41-9x12.jpg 9w, https:\/\/revistapontica.com\/wp-content\/uploads\/2026\/04\/pontica-41.jpg 850w\" sizes=\"(max-width: 725px) 100vw, 725px\" \/><\/figure>\n<\/div>\n\n\n<div style=\"height:50px\" aria-hidden=\"true\" class=\"wp-block-spacer\"><\/div>\n\n\n\n<div class=\"wp-block-buttons is-content-justification-center is-layout-flex wp-container-core-buttons-is-layout-16018d1d wp-block-buttons-is-layout-flex\">\n<div class=\"wp-block-button is-style-outline is-style-outline--1\"><a class=\"wp-block-button__link has-small-font-size has-custom-font-size wp-element-button\" href=\"https:\/\/revistapontica.com\/wp-content\/uploads\/2026\/04\/0983-Pontica-41-2008.pdf\" style=\"border-top-left-radius:0px;border-top-right-radius:0px;border-bottom-left-radius:0px;border-bottom-right-radius:0px\"><strong>OPEN PONTICA NO. 41 \u2013 FULL VARIANT IN .PDF FORMAT<\/strong> (45 Mb)<\/a><\/div>\n<\/div>\n\n\n\n<div style=\"height:50px\" aria-hidden=\"true\" class=\"wp-block-spacer\"><\/div>\n\n\n\n<p class=\"has-text-align-center\"><strong>SUMMARY<\/strong><br>&#8211;<a href=\"https:\/\/revistapontica.com\/wp-content\/uploads\/2026\/04\/0984-Pontica-41-2008-Sumar.pdf\" data-type=\"link\" data-id=\"https:\/\/revistapontica.com\/wp-content\/uploads\/2026\/04\/0984-Pontica-41-2008-Sumar.pdf\">view the PDF version<\/a>&#8211;<\/p>\n\n\n\n<hr class=\"wp-block-separator has-alpha-channel-opacity\"\/>\n\n\n\n<p class=\"has-text-align-center\"><strong>Lista abrevierilor<\/strong><br>&#8211;<a href=\"https:\/\/revistapontica.com\/wp-content\/uploads\/2026\/04\/0984-1-Pontica-41-2008-Lista-abrevierilor.pdf\" data-type=\"link\" data-id=\"https:\/\/revistapontica.com\/wp-content\/uploads\/2026\/04\/0984-1-Pontica-41-2008-Lista-abrevierilor.pdf\">view the PDF version<\/a>&#8211;<\/p>\n\n\n\n<hr class=\"wp-block-separator has-alpha-channel-opacity\"\/>\n\n\n\n<details class=\"wp-block-details is-layout-flow wp-block-details-is-layout-flow\"><summary>Archaeological Research at Hamangia III Settlement from Cheia (2004-2008)<\/summary>\n<p><\/p>\n<\/details>\n\n\n\n<p class=\"has-text-align-center\"><strong><strong><strong><strong>VALENTINA VOINEA, GEORGE NEAGU<\/strong><\/strong><\/strong><\/strong><br>&#8211;<a href=\"https:\/\/revistapontica.com\/wp-content\/uploads\/2026\/04\/0985-Pontica-41-2008-VALENTINA-VOINEA-GEORGE-NEAGU-\u2013-Archaeological-Research-at-Hamangia-III-Settlement-from-Cheia-2004-2008.pdf\" data-type=\"link\" data-id=\"https:\/\/revistapontica.com\/wp-content\/uploads\/2026\/04\/0985-Pontica-41-2008-VALENTINA-VOINEA-GEORGE-NEAGU-\u2013-Archaeological-Research-at-Hamangia-III-Settlement-from-Cheia-2004-2008.pdf\">view the PDF version<\/a>&#8211;<\/p>\n\n\n\n<hr class=\"wp-block-separator has-alpha-channel-opacity\"\/>\n\n\n\n<details class=\"wp-block-details is-layout-flow wp-block-details-is-layout-flow\"><summary>Preliminary report from the new excavation in Baba Cave, Gr\u0103dina village, Constan\u0163a county<\/summary>\n<p><\/p>\n<\/details>\n\n\n\n<p class=\"has-text-align-center\"><strong><strong><strong>BARTLOMIEJ SZYMON SZMONIEWSKI, R\u0102ZVAN PETCU<\/strong><\/strong><\/strong><br>&#8211;<a href=\"https:\/\/revistapontica.com\/wp-content\/uploads\/2026\/04\/0986-Pontica-41-2008-BARTLOMIEJ-SZYMON-SZMONIEWSKI-RAZVAN-PETCU-\u2013-Preliminary-report-from-the-new-excavation-in-Baba-Cave-Gradina-village-Constanta-county.pdf\" data-type=\"link\" data-id=\"https:\/\/revistapontica.com\/wp-content\/uploads\/2026\/04\/0986-Pontica-41-2008-BARTLOMIEJ-SZYMON-SZMONIEWSKI-RAZVAN-PETCU-\u2013-Preliminary-report-from-the-new-excavation-in-Baba-Cave-Gradina-village-Constanta-county.pdf\">view the PDF version<\/a>&#8211;<\/p>\n\n\n\n<hr class=\"wp-block-separator has-alpha-channel-opacity\"\/>\n\n\n\n<details class=\"wp-block-details is-layout-flow wp-block-details-is-layout-flow\"><summary>Considera\u0163ii cu privire la exploatarea mamiferelor \u00een a\u015fezarea Hamangia III de la Cheia<\/summary>\n<p><\/p>\n<\/details>\n\n\n\n<p class=\"has-text-align-center\"><strong><strong><strong>ADRIAN B\u0102L\u0102\u015eESCU<\/strong><\/strong><\/strong><br>&#8211;<a href=\"https:\/\/revistapontica.com\/wp-content\/uploads\/2026\/04\/0987-Pontica-41-2008-ADRIAN-BALASESCU-\u2013-Consideratii-cu-privire-la-exploatarea-mamiferelor-in-asezarea-Hamangia-III-de-la-Cheia.pdf\" data-type=\"link\" data-id=\"https:\/\/revistapontica.com\/wp-content\/uploads\/2026\/04\/0987-Pontica-41-2008-ADRIAN-BALASESCU-\u2013-Consideratii-cu-privire-la-exploatarea-mamiferelor-in-asezarea-Hamangia-III-de-la-Cheia.pdf\">view the PDF version<\/a>&#8211;<\/p>\n\n\n\n<hr class=\"wp-block-separator has-alpha-channel-opacity\"\/>\n\n\n\n<details class=\"wp-block-details is-layout-flow wp-block-details-is-layout-flow\"><summary>Studiul materialului faunistic (molu\u015fte, pe\u015fti, \u0163estoase \u015fi p\u0103s\u0103ri) prelevat din nivelul Hamangia III de la Cheia (jud. Constan\u0163a)<\/summary>\n<p><\/p>\n<\/details>\n\n\n\n<p class=\"has-text-align-center\"><strong><strong><strong>VALENTIN RADU<\/strong><\/strong><\/strong><br>&#8211;<a href=\"https:\/\/revistapontica.com\/wp-content\/uploads\/2026\/04\/0988-Pontica-41-2008-VALENTIN-RADU-\u2013-Studiul-materialului-faunistic-moluste-pesti-testoase-si-pasari-prelevat-din-nivelul-Hamangia-III-de-la-Cheia-jud.-Constanta.pdf\" data-type=\"link\" data-id=\"https:\/\/revistapontica.com\/wp-content\/uploads\/2026\/04\/0988-Pontica-41-2008-VALENTIN-RADU-\u2013-Studiul-materialului-faunistic-moluste-pesti-testoase-si-pasari-prelevat-din-nivelul-Hamangia-III-de-la-Cheia-jud.-Constanta.pdf\">view the PDF version<\/a>&#8211;<\/p>\n\n\n\n<hr class=\"wp-block-separator has-alpha-channel-opacity\"\/>\n\n\n\n<details class=\"wp-block-details is-layout-flow wp-block-details-is-layout-flow\"><summary>Eneolithic Ceramic Tablets (Altars) from Bulgaria<\/summary>\n<p><\/p>\n<\/details>\n\n\n\n<p class=\"has-text-align-center\"><strong><strong>DIMITAR CHERNAKOV<\/strong><\/strong><br>&#8211;<a href=\"https:\/\/revistapontica.com\/wp-content\/uploads\/2026\/04\/0989-Pontica-41-2008-DIMITAR-CHERNAKOV-\u2013-Eneolithic-Ceramic-Tablets-Altars-from-Bulgaria.pdf\" data-type=\"link\" data-id=\"https:\/\/revistapontica.com\/wp-content\/uploads\/2026\/04\/0989-Pontica-41-2008-DIMITAR-CHERNAKOV-\u2013-Eneolithic-Ceramic-Tablets-Altars-from-Bulgaria.pdf\">view the PDF version<\/a>&#8211;<\/p>\n\n\n\n<hr class=\"wp-block-separator has-alpha-channel-opacity\"\/>\n\n\n\n<details class=\"wp-block-details is-layout-flow wp-block-details-is-layout-flow\"><summary>Sceptre de piatr\u0103 inedite din jude\u0163ul Constan\u0163a \u015fi unele considera\u0163ii privind leg\u0103turile zonei vest-pontice cu spa\u0163iul egeean \u00een Bronzul t\u00e2rziu<\/summary>\n<p><\/p>\n<\/details>\n\n\n\n<p class=\"has-text-align-center\"><strong><strong>MIHAI IRIMIA<\/strong><\/strong><br>&#8211;<a href=\"https:\/\/revistapontica.com\/wp-content\/uploads\/2026\/04\/0990-Pontica-41-2008-MIHAI-IRIMIA-\u2013-Sceptre-de-piatra-inedite-din-judetul-Constanta-si-unele-consideratii-privind-legaturile-zonei-vest-pontice-cu-spatiul-egeean-in-Bronzul-tarzi.pdf\" data-type=\"link\" data-id=\"https:\/\/revistapontica.com\/wp-content\/uploads\/2026\/04\/0990-Pontica-41-2008-MIHAI-IRIMIA-\u2013-Sceptre-de-piatra-inedite-din-judetul-Constanta-si-unele-consideratii-privind-legaturile-zonei-vest-pontice-cu-spatiul-egeean-in-Bronzul-tarzi.pdf\">view the PDF version<\/a>&#8211;<\/p>\n\n\n\n<hr class=\"wp-block-separator has-alpha-channel-opacity\"\/>\n\n\n\n<details class=\"wp-block-details is-layout-flow wp-block-details-is-layout-flow\"><summary>\u00censemn\u0103ri arheologice histriene. Ornamente de c\u0103p\u0103stru achemenide la Istros. Per\u015fi, sci\u0163i \u015fi saci<\/summary>\n<p><\/p>\n<\/details>\n\n\n\n<p class=\"has-text-align-center\"><strong><strong>PETRE ALEXANDRESCU<\/strong><\/strong><br>&#8211;<a href=\"https:\/\/revistapontica.com\/wp-content\/uploads\/2026\/04\/0991-Pontica-41-2008-PETRE-ALEXANDRESCU-\u2013-Insemnari-arheologice-histriene.-Ornamente-de-capastru-achemenide-la-Istros.-Persi-sciti-si-saci.pdf\" data-type=\"link\" data-id=\"https:\/\/revistapontica.com\/wp-content\/uploads\/2026\/04\/0991-Pontica-41-2008-PETRE-ALEXANDRESCU-\u2013-Insemnari-arheologice-histriene.-Ornamente-de-capastru-achemenide-la-Istros.-Persi-sciti-si-saci.pdf\">view the PDF version<\/a>&#8211;<\/p>\n\n\n\n<hr class=\"wp-block-separator has-alpha-channel-opacity\"\/>\n\n\n\n<details class=\"wp-block-details is-layout-flow wp-block-details-is-layout-flow\"><summary>Vases lydiens de B\u00e9r\u00e9zan au Mus\u00e9e Arch\u00e9ologique d\u2019Odessa<\/summary>\n<p><\/p>\n<\/details>\n\n\n\n<p class=\"has-text-align-center\"><strong><strong>PIERRE DUPONT, VASILICA LUNGU, S. B. OKHOTNIKOV<\/strong><\/strong><br>&#8211;<a href=\"#\" data-type=\"link\" data-id=\"https:\/\/revistapontica.com\/wp-content\/uploads\/2026\/03\/1-2023.pdf\">deschide variant<\/a><a href=\"https:\/\/revistapontica.com\/wp-content\/uploads\/2026\/04\/0992-Pontica-41-2008-PIERRE-DUPONT-VASILICA-LUNGU-S.-B.-OKHOTNIKOV-\u2013-Vases-lydiens-de-Berezan-au-Musee-Archeologique-dOdessa.pdf\" data-type=\"link\" data-id=\"https:\/\/revistapontica.com\/wp-content\/uploads\/2026\/04\/0992-Pontica-41-2008-PIERRE-DUPONT-VASILICA-LUNGU-S.-B.-OKHOTNIKOV-\u2013-Vases-lydiens-de-Berezan-au-Musee-Archeologique-dOdessa.pdf\">a<\/a><a href=\"#\" data-type=\"link\" data-id=\"https:\/\/revistapontica.com\/wp-content\/uploads\/2026\/03\/1-2023.pdf\"> PDF<\/a>&#8211;<\/p>\n\n\n\n<hr class=\"wp-block-separator has-alpha-channel-opacity\"\/>\n\n\n\n<details class=\"wp-block-details is-layout-flow wp-block-details-is-layout-flow\"><summary>Rome, Tarentum and the Defection of the Lucanian League, 326-298 B.C<\/summary>\n<p><\/p>\n<\/details>\n\n\n\n<p class=\"has-text-align-center\"><strong><strong>DECEBAL NEDU<\/strong><\/strong><br>&#8211;<a href=\"https:\/\/revistapontica.com\/wp-content\/uploads\/2026\/04\/0993-Pontica-41-2008-DECEBAL-NEDU-\u2013-Rome-Tarentum-and-the-Defection-of-the-Lucanian-League-326-298-B.C.pdf\" data-type=\"link\" data-id=\"https:\/\/revistapontica.com\/wp-content\/uploads\/2026\/04\/0993-Pontica-41-2008-DECEBAL-NEDU-\u2013-Rome-Tarentum-and-the-Defection-of-the-Lucanian-League-326-298-B.C.pdf\">view the PDF version<\/a>&#8211;<\/p>\n\n\n\n<hr class=\"wp-block-separator has-alpha-channel-opacity\"\/>\n\n\n\n<details class=\"wp-block-details is-layout-flow wp-block-details-is-layout-flow\"><summary>Milestones from Dobruja in the Collections of the Museum for National History and Archaeology Constan\u0163a<\/summary>\n<p><\/p>\n<\/details>\n\n\n\n<p class=\"has-text-align-center\"><strong><strong>MARIA B\u0102RBULESCU, LIVIA BUZOIANU, ZAHARIA COVACEF<\/strong><\/strong><br>&#8211;<a href=\"https:\/\/revistapontica.com\/wp-content\/uploads\/2026\/04\/0994-Pontica-41-2008-MARIA-BARBULESCU-LIVIA-BUZOIANU-ZAHARIA-COVACEF-\u2013-Milestones-from-Dobruja-in-the-Collections-of-the-Museum-for-National-History-and-Archaeology-Constanta.pdf\" data-type=\"link\" data-id=\"https:\/\/revistapontica.com\/wp-content\/uploads\/2026\/04\/0994-Pontica-41-2008-MARIA-BARBULESCU-LIVIA-BUZOIANU-ZAHARIA-COVACEF-\u2013-Milestones-from-Dobruja-in-the-Collections-of-the-Museum-for-National-History-and-Archaeology-Constanta.pdf\">view the PDF version<\/a>&#8211;<\/p>\n\n\n\n<hr class=\"wp-block-separator has-alpha-channel-opacity\"\/>\n\n\n\n<details class=\"wp-block-details is-layout-flow wp-block-details-is-layout-flow\"><summary>S\u0103p\u0103turi de salvare \u00een necropola roman\u0103 a Tomisului<\/summary>\n<p><\/p>\n<\/details>\n\n\n\n<p class=\"has-text-align-center\"><strong><strong>CONSTANTIN B\u0102JENARU, C\u0102T\u0102LIN DOBRINESCU<\/strong><\/strong><br>&#8211;<a href=\"https:\/\/revistapontica.com\/wp-content\/uploads\/2026\/04\/0995-Pontica-41-2008-CONSTANTIN-BAJENARU-CATALIN-DOBRINESCU-\u2013-Sapaturi-de-salvare-in-necropola-romana-a-Tomisului.pdf\" data-type=\"link\" data-id=\"https:\/\/revistapontica.com\/wp-content\/uploads\/2026\/04\/0995-Pontica-41-2008-CONSTANTIN-BAJENARU-CATALIN-DOBRINESCU-\u2013-Sapaturi-de-salvare-in-necropola-romana-a-Tomisului.pdf\">view the PDF version<\/a>&#8211;<\/p>\n\n\n\n<hr class=\"wp-block-separator has-alpha-channel-opacity\"\/>\n\n\n\n<details class=\"wp-block-details is-layout-flow wp-block-details-is-layout-flow\"><summary>Sarcofagele romane din piatr\u0103 descoperite la Apulum<\/summary>\n<p><\/p>\n<\/details>\n\n\n\n<p class=\"has-text-align-center\"><strong><strong>RADU OTA<\/strong><\/strong><br>&#8211;<a href=\"https:\/\/revistapontica.com\/wp-content\/uploads\/2026\/04\/0996-Pontica-41-2008-RADU-OTA-\u2013-Sarcofagele-romane-din-piatra-descoperite-la-Apulum.pdf\" data-type=\"link\" data-id=\"https:\/\/revistapontica.com\/wp-content\/uploads\/2026\/04\/0996-Pontica-41-2008-RADU-OTA-\u2013-Sarcofagele-romane-din-piatra-descoperite-la-Apulum.pdf\">view the PDF version<\/a>&#8211;<\/p>\n\n\n\n<hr class=\"wp-block-separator has-alpha-channel-opacity\"\/>\n\n\n\n<details class=\"wp-block-details is-layout-flow wp-block-details-is-layout-flow\"><summary>Obiecte din os de la Durostorum. I<\/summary>\n<p><\/p>\n<\/details>\n\n\n\n<p class=\"has-text-align-center\"><strong><strong>DAN ELEFTERESCU<\/strong><br><\/strong>&#8211;<a href=\"https:\/\/revistapontica.com\/wp-content\/uploads\/2026\/04\/0997-Pontica-41-2008-DAN-ELEFTERESCU-\u2013-Obiecte-din-os-de-la-Durostorum.-I.pdf\" data-type=\"link\" data-id=\"https:\/\/revistapontica.com\/wp-content\/uploads\/2026\/04\/0997-Pontica-41-2008-DAN-ELEFTERESCU-\u2013-Obiecte-din-os-de-la-Durostorum.-I.pdf\">view the PDF version<\/a>&#8211;<\/p>\n\n\n\n<hr class=\"wp-block-separator has-alpha-channel-opacity\"\/>\n\n\n\n<details class=\"wp-block-details is-layout-flow wp-block-details-is-layout-flow\"><summary>Un probl\u00e8me de g\u00e9opolitique de la politique danubienne du Constantin le Grand (324-337) &#8211; la reconqu\u00eate et la domination de la Dacie m\u00e9ridi<\/summary>\n<p><\/p>\n<\/details>\n\n\n\n<p class=\"has-text-align-center\"><strong><strong>VASILE M\u0102RCULE\u0162<\/strong><\/strong><br>&#8211;<a href=\"https:\/\/revistapontica.com\/wp-content\/uploads\/2026\/04\/0998-Pontica-41-2008-VASILE-MARCULET-\u2013-Un-probleme-de-geopolitique-de-la-politique-danubienne-du-Constantin-le-Grand-324-337-la-reconquete-et-la-domination-de-la-Dacie-meridi.pdf\" data-type=\"link\" data-id=\"https:\/\/revistapontica.com\/wp-content\/uploads\/2026\/04\/0998-Pontica-41-2008-VASILE-MARCULET-\u2013-Un-probleme-de-geopolitique-de-la-politique-danubienne-du-Constantin-le-Grand-324-337-la-reconquete-et-la-domination-de-la-Dacie-meridi.pdf\">view the PDF version<\/a>&#8211;<\/p>\n\n\n\n<hr class=\"wp-block-separator has-alpha-channel-opacity\"\/>\n\n\n\n<details class=\"wp-block-details is-layout-flow wp-block-details-is-layout-flow\"><summary>Aspecte noi privind topografia cet\u0103\u0163ii de la H\u00e2r\u015fova (jud. Constan\u0163a)<\/summary>\n<p><\/p>\n<\/details>\n\n\n\n<p class=\"has-text-align-center\"><strong>CONSTANTIN NICOLAE, DANIELA B\u0102NOIU, VLAD NICOLAE<br><\/strong>&#8211;<a href=\"https:\/\/revistapontica.com\/wp-content\/uploads\/2026\/04\/0999-Pontica-41-2008-CONSTANTIN-NICOLAE-DANIELA-BANOIU-VLAD-NICOLAE-\u2013-Aspecte-noi-privind-topografia-cetatii-de-la-Harsova-jud.-Constanta.pdf\" data-type=\"link\" data-id=\"https:\/\/revistapontica.com\/wp-content\/uploads\/2026\/04\/0999-Pontica-41-2008-CONSTANTIN-NICOLAE-DANIELA-BANOIU-VLAD-NICOLAE-\u2013-Aspecte-noi-privind-topografia-cetatii-de-la-Harsova-jud.-Constanta.pdf\">view the PDF version<\/a>&#8211;<\/p>\n\n\n\n<hr class=\"wp-block-separator has-alpha-channel-opacity\"\/>\n\n\n\n<details class=\"wp-block-details is-layout-flow wp-block-details-is-layout-flow\"><summary>Le th\u00e8me byzantin, la Thrace, I\u00f4annoupolis et la question des terres bulgares du nord-est \u00e0 la fin du Xe \u2013 premi\u00e8res ann\u00e9es du XIe si\u00e8cle<\/summary>\n<p><\/p>\n<\/details>\n\n\n\n<p class=\"has-text-align-center\"><strong><strong>VALERI YOTOV<\/strong><\/strong><br>&#8211;<a href=\"https:\/\/revistapontica.com\/wp-content\/uploads\/2026\/04\/1000-Pontica-41-2008-VALERI-YOTOV-\u2013-Le-theme-byzantin-la-Thrace-Ioannoupolis-et-la-question-des-terres-bulgares-du-nord-est-a-la-fin-du-Xe-\u2013-premieres-annees-du-XIe-siecle.pdf\" data-type=\"link\" data-id=\"https:\/\/revistapontica.com\/wp-content\/uploads\/2026\/04\/1000-Pontica-41-2008-VALERI-YOTOV-\u2013-Le-theme-byzantin-la-Thrace-Ioannoupolis-et-la-question-des-terres-bulgares-du-nord-est-a-la-fin-du-Xe-\u2013-premieres-annees-du-XIe-siecle.pdf\">view the PDF version<\/a>&#8211;<\/p>\n\n\n\n<hr class=\"wp-block-separator has-alpha-channel-opacity\"\/>\n\n\n\n<details class=\"wp-block-details is-layout-flow wp-block-details-is-layout-flow\"><summary>Structuri antice descoperite prin fotointerpretarea imaginilor aeriene<\/summary>\n<p><\/p>\n<\/details>\n\n\n\n<p class=\"has-text-align-center\"><strong><strong>CRISTINA CR\u0102CIUN<\/strong><\/strong><br>&#8211;<a href=\"https:\/\/revistapontica.com\/wp-content\/uploads\/2026\/04\/1001-Pontica-41-2008-CRISTINA-CRACIUN-\u2013-Structuri-antice-descoperite-prin-fotointerpretarea-imaginilor-aeriene.pdf\" data-type=\"link\" data-id=\"https:\/\/revistapontica.com\/wp-content\/uploads\/2026\/04\/1001-Pontica-41-2008-CRISTINA-CRACIUN-\u2013-Structuri-antice-descoperite-prin-fotointerpretarea-imaginilor-aeriene.pdf\">view the PDF version<\/a>&#8211;<\/p>\n\n\n\n<hr class=\"wp-block-separator has-alpha-channel-opacity\"\/>\n\n\n\n<details class=\"wp-block-details is-layout-flow wp-block-details-is-layout-flow\"><summary>Despre amplasarea metopelor de la monumentul triumfal Tropaeum Traiani<\/summary>\n<p><\/p>\n<\/details>\n\n\n\n<p class=\"has-text-align-center\"><strong><strong>GHIORGHE PAPUC, VITALIE BODOLIC\u0102<\/strong><\/strong><br>&#8211;<a href=\"https:\/\/revistapontica.com\/wp-content\/uploads\/2026\/04\/1002-Pontica-41-2008-GHIORGHE-PAPUC-VITALIE-BODOLICA-\u2013-Despre-amplasarea-metopelor-de-la-monumentul-triumfal-Tropaeum-Traiani.pdf\" data-type=\"link\" data-id=\"https:\/\/revistapontica.com\/wp-content\/uploads\/2026\/04\/1002-Pontica-41-2008-GHIORGHE-PAPUC-VITALIE-BODOLICA-\u2013-Despre-amplasarea-metopelor-de-la-monumentul-triumfal-Tropaeum-Traiani.pdf\">view the PDF version<\/a>&#8211;<\/p>\n\n\n\n<hr class=\"wp-block-separator has-alpha-channel-opacity\"\/>\n\n\n\n<details class=\"wp-block-details is-layout-flow wp-block-details-is-layout-flow\"><summary>Br\u0103zdare de plug medievale din colec\u0163ia Muzeului de Istorie Na\u0163ional\u0103 \u015fi Arheologie Constan\u0163a<\/summary>\n<p><\/p>\n<\/details>\n\n\n\n<p class=\"has-text-align-center\"><strong><strong>CRISTINA PARASCHIV-TALMA\u0162CHI, GABRIEL CUSTUREA<\/strong><\/strong><br>&#8211;<a href=\"https:\/\/revistapontica.com\/wp-content\/uploads\/2026\/04\/1003-Pontica-41-2008-CRISTINA-PARASCHIV-TALMATCHI-GABRIEL-CUSTUREA-\u2013-Brazdare-de-plug-medievale-din-colectia-Muzeului-de-Istorie-Nationala-si-Arheologie-Constanta.pdf\" data-type=\"link\" data-id=\"https:\/\/revistapontica.com\/wp-content\/uploads\/2026\/04\/1003-Pontica-41-2008-CRISTINA-PARASCHIV-TALMATCHI-GABRIEL-CUSTUREA-\u2013-Brazdare-de-plug-medievale-din-colectia-Muzeului-de-Istorie-Nationala-si-Arheologie-Constanta.pdf\">view the PDF version<\/a>&#8211;<\/p>\n\n\n\n<hr class=\"wp-block-separator has-alpha-channel-opacity\"\/>\n\n\n\n<details class=\"wp-block-details is-layout-flow wp-block-details-is-layout-flow\"><summary>Capsule de teriac descoperite \u00een Dobrogea<\/summary>\n<p><\/p>\n<\/details>\n\n\n\n<p class=\"has-text-align-center\"><strong>GABRIEL CUSTUREA<\/strong><br>&#8211;<a href=\"https:\/\/revistapontica.com\/wp-content\/uploads\/2026\/04\/1004-Pontica-41-2008-GABRIEL-CUSTUREA-\u2013-Capsule-de-teriac-descoperite-in-Dobrogea.pdf\" data-type=\"link\" data-id=\"https:\/\/revistapontica.com\/wp-content\/uploads\/2026\/04\/1004-Pontica-41-2008-GABRIEL-CUSTUREA-\u2013-Capsule-de-teriac-descoperite-in-Dobrogea.pdf\">view the PDF version<\/a>&#8211;<\/p>\n\n\n\n<hr class=\"wp-block-separator has-alpha-channel-opacity\"\/>\n\n\n\n<details class=\"wp-block-details is-layout-flow wp-block-details-is-layout-flow\"><summary>Transgresiunea uria\u015f\u0103 \u015fi vijelioas\u0103 a apelor M\u0103rii Negre din neoliticul timpuriu dobrogean, av\u00e2nd ca urmare apari\u0163ia a dou\u0103 specii acvatic<\/summary>\n<p><\/p>\n<\/details>\n\n\n\n<p class=\"has-text-align-center\"><strong><strong>SERGIU HAIMOVICI<\/strong><\/strong><br>&#8211;<a href=\"https:\/\/revistapontica.com\/wp-content\/uploads\/2026\/04\/1005-Pontica-41-2008-SERGIU-HAIMOVICI-\u2013-Transgresiunea-uriasa-si-vijelioasa-a-apelor-Marii-Negre-din-neoliticul-timpuriu-dobrogean-avand-ca-urmare-aparitia-a-doua-specii-acvatic.pdf\" data-type=\"link\" data-id=\"https:\/\/revistapontica.com\/wp-content\/uploads\/2026\/04\/1005-Pontica-41-2008-SERGIU-HAIMOVICI-\u2013-Transgresiunea-uriasa-si-vijelioasa-a-apelor-Marii-Negre-din-neoliticul-timpuriu-dobrogean-avand-ca-urmare-aparitia-a-doua-specii-acvatic.pdf\">view the PDF version<\/a>&#8211;<\/p>\n\n\n\n<hr class=\"wp-block-separator has-alpha-channel-opacity\"\/>\n\n\n\n<details class=\"wp-block-details is-layout-flow wp-block-details-is-layout-flow\"><summary>Analiza de laborator a unor artefacte provenite din situl arheologic de la Satu Nou \u2013 \u201eVadu Vacilor\u201d<\/summary>\n<p><\/p>\n<\/details>\n\n\n\n<p class=\"has-text-align-center\"><strong><strong>LEONID C\u0102RPU\u015e, CORNELIA C\u0102RPU\u015e<\/strong><\/strong><br>&#8211;<a href=\"https:\/\/revistapontica.com\/wp-content\/uploads\/2026\/04\/1006-Pontica-41-2008-LEONID-CARPUS-CORNELIA-CARPUS-\u2013-Analiza-de-laborator-a-unor-artefacte-provenite-din-situl-arheologic-de-la-Satu-Nou-\u2013-\u201eVadu-Vacilor-com.-Oltina-jud.-Cons.pdf\" data-type=\"link\" data-id=\"https:\/\/revistapontica.com\/wp-content\/uploads\/2026\/04\/1006-Pontica-41-2008-LEONID-CARPUS-CORNELIA-CARPUS-\u2013-Analiza-de-laborator-a-unor-artefacte-provenite-din-situl-arheologic-de-la-Satu-Nou-\u2013-\u201eVadu-Vacilor-com.-Oltina-jud.-Cons.pdf\">view the PDF version<\/a>&#8211;<\/p>\n\n\n\n<hr class=\"wp-block-separator has-alpha-channel-opacity\"\/>\n\n\n\n<details class=\"wp-block-details is-layout-flow wp-block-details-is-layout-flow\"><summary>Monede de \u201etip scitic\u201d aflate \u00eentr-o colec\u0163ie particular\u0103 din Constan\u0163a<\/summary>\n<p><\/p>\n<\/details>\n\n\n\n<p class=\"has-text-align-center\"><strong><strong>GABRIEL TALMA\u0162CHI, GHEORGHE ANDREESCU<\/strong><\/strong><br>&#8211;<a href=\"https:\/\/revistapontica.com\/wp-content\/uploads\/2026\/04\/1007-Pontica-41-2008-GABRIEL-TALMATCHI-GHEORGHE-ANDREESCU-\u2013-Monede-de-\u201etip-scitic-aflate-intr-o-colectie-particulara-din-Constanta.pdf\" data-type=\"link\" data-id=\"https:\/\/revistapontica.com\/wp-content\/uploads\/2026\/04\/1007-Pontica-41-2008-GABRIEL-TALMATCHI-GHEORGHE-ANDREESCU-\u2013-Monede-de-\u201etip-scitic-aflate-intr-o-colectie-particulara-din-Constanta.pdf\">view the PDF version<\/a>&#8211;<\/p>\n\n\n\n<hr class=\"wp-block-separator has-alpha-channel-opacity\"\/>\n\n\n\n<details class=\"wp-block-details is-layout-flow wp-block-details-is-layout-flow\"><summary>Aspecte ale prezen\u0163ei monedelor geto-dacice \u00een teritoriul pontic prin prisma noilor descoperiri<\/summary>\n<p><\/p>\n<\/details>\n\n\n\n<p class=\"has-text-align-center\"><strong>GABRIEL TALMA\u0162CHI<\/strong><br>&#8211;<a href=\"#\" data-type=\"link\" data-id=\"https:\/\/revistapontica.com\/wp-content\/uploads\/2026\/03\/23-2023.pdf\">deschide varianta <\/a><a href=\"https:\/\/revistapontica.com\/wp-content\/uploads\/2026\/04\/1008-Pontica-41-2008-GABRIEL-TALMATCHI-\u2013-Aspecte-ale-prezentei-monedelor-geto-dacice-in-teritoriul-pontic-prin-prisma-noilor-descoperiri.pdf\" data-type=\"link\" data-id=\"https:\/\/revistapontica.com\/wp-content\/uploads\/2026\/04\/1008-Pontica-41-2008-GABRIEL-TALMATCHI-\u2013-Aspecte-ale-prezentei-monedelor-geto-dacice-in-teritoriul-pontic-prin-prisma-noilor-descoperiri.pdf\">P<\/a><a href=\"#\" data-type=\"link\" data-id=\"https:\/\/revistapontica.com\/wp-content\/uploads\/2026\/03\/23-2023.pdf\">DF<\/a>&#8211;<\/p>\n\n\n\n<hr class=\"wp-block-separator has-alpha-channel-opacity\"\/>\n\n\n\n<details class=\"wp-block-details is-layout-flow wp-block-details-is-layout-flow\"><summary>Noi descoperiri monetare bizantine din Dobrogea (sec. V \u2013 VII)<\/summary>\n<p><\/p>\n<\/details>\n\n\n\n<p class=\"has-text-align-center\"><strong><strong>GABRIEL CUSTUREA<\/strong><\/strong><br>&#8211;<a href=\"https:\/\/revistapontica.com\/wp-content\/uploads\/2026\/04\/1009-Pontica-41-2008-GABRIEL-CUSTUREA-\u2013-Noi-descoperiri-monetare-bizantine-din-Dobrogea-sec.-V-\u2013-VII.pdf\" data-type=\"link\" data-id=\"https:\/\/revistapontica.com\/wp-content\/uploads\/2026\/04\/1009-Pontica-41-2008-GABRIEL-CUSTUREA-\u2013-Noi-descoperiri-monetare-bizantine-din-Dobrogea-sec.-V-\u2013-VII.pdf\">view the PDF version<\/a>&#8211;<\/p>\n\n\n\n<hr class=\"wp-block-separator has-alpha-channel-opacity\"\/>\n\n\n\n<details class=\"wp-block-details is-layout-flow wp-block-details-is-layout-flow\"><summary>Recenzie &#8211; Rome and the Black Sea Region. Domination, Romanisation, Resistance, Black Sea Studies 5, edited by T\u00f8nnes Bekker-Nielsen, Aarhus<\/summary>\n<p><\/p>\n<\/details>\n\n\n\n<p class=\"has-text-align-center\"><strong><strong>IRINA NASTASI<\/strong><\/strong><br>&#8211;<a href=\"https:\/\/revistapontica.com\/wp-content\/uploads\/2026\/04\/1010-Pontica-41-2008-IRINA-NASTASI-\u2013-Recenzie-Rome-and-the-Black-Sea-Region.-Domination-Romanisation-Resistance-Black-Sea-Studies-5-edited-by-Tonnes-Bekker-Nielsen-Aarhus-.pdf\" data-type=\"link\" data-id=\"https:\/\/revistapontica.com\/wp-content\/uploads\/2026\/04\/1010-Pontica-41-2008-IRINA-NASTASI-\u2013-Recenzie-Rome-and-the-Black-Sea-Region.-Domination-Romanisation-Resistance-Black-Sea-Studies-5-edited-by-Tonnes-Bekker-Nielsen-Aarhus-.pdf\">view the PDF version<\/a>&#8211;<\/p>\n\n\n\n<hr class=\"wp-block-separator has-alpha-channel-opacity\"\/>\n\n\n\n<details class=\"wp-block-details is-layout-flow wp-block-details-is-layout-flow\"><summary>Recenzie &#8211; ALIX BARBET, La peinture murale en Gaule romaine, Ed. Picard, Paris, 2008<\/summary>\n<p><\/p>\n<\/details>\n\n\n\n<p class=\"has-text-align-center\"><strong><strong>RADU CIOBANU<\/strong><\/strong><br>&#8211;<a href=\"https:\/\/revistapontica.com\/wp-content\/uploads\/2026\/04\/1011-Pontica-41-2008-RADU-CIOBANU-\u2013-Recenzie-ALIX-BARBET-La-peinture-murale-en-Gaule-romaine-Ed.-Picard-Paris-2008.pdf\" data-type=\"link\" data-id=\"https:\/\/revistapontica.com\/wp-content\/uploads\/2026\/04\/1011-Pontica-41-2008-RADU-CIOBANU-\u2013-Recenzie-ALIX-BARBET-La-peinture-murale-en-Gaule-romaine-Ed.-Picard-Paris-2008.pdf\">view the PDF version<\/a>&#8211;<\/p>\n\n\n\n<hr class=\"wp-block-separator has-alpha-channel-opacity\"\/>\n\n\n\n<details class=\"wp-block-details is-layout-flow wp-block-details-is-layout-flow\"><summary>In memoriam &#8211; CONSTANTIN PREDA (1 noiembrie 1925 \u2013 28 martie 2008)<\/summary>\n<p><\/p>\n<\/details>\n\n\n\n<p class=\"has-text-align-center\"><strong><strong>GABRIEL TALMA\u021aCHI \u2013 <\/strong><\/strong><br>&#8211;<a href=\"https:\/\/revistapontica.com\/wp-content\/uploads\/2026\/04\/1012-Pontica-41-2008-GABRIEL-TALMATCHI-\u2013-In-memoriam-CONSTANTIN-PREDA-1-noiembrie-1925-\u2013-28-martie-2008.pdf\" data-type=\"link\" data-id=\"https:\/\/revistapontica.com\/wp-content\/uploads\/2026\/04\/1012-Pontica-41-2008-GABRIEL-TALMATCHI-\u2013-In-memoriam-CONSTANTIN-PREDA-1-noiembrie-1925-\u2013-28-martie-2008.pdf\">view the PDF version<\/a>&#8211;<\/p>","protected":false},"excerpt":{"rendered":"<p>SUMAR&#8211;deschide varianta PDF&#8211; Lista abrevierilor&#8211;deschide varianta PDF&#8211; VALENTINA VOINEA, GEORGE NEAGU&#8211;deschide varianta PDF&#8211; BARTLOMIEJ SZYMON SZMONIEWSKI, R\u0102ZVAN PETCU&#8211;deschide varianta PDF&#8211; ADRIAN B\u0102L\u0102\u015eESCU&#8211;deschide varianta PDF&#8211; VALENTIN RADU&#8211;deschide varianta PDF&#8211; DIMITAR CHERNAKOV&#8211;deschide varianta PDF&#8211; MIHAI IRIMIA&#8211;deschide varianta PDF&#8211; PETRE ALEXANDRESCU&#8211;deschide varianta PDF&#8211; PIERRE DUPONT, VASILICA LUNGU, S. B. OKHOTNIKOV&#8211;deschide varianta PDF&#8211; DECEBAL NEDU&#8211;deschide varianta PDF&#8211; MARIA B\u0102RBULESCU, [&hellip;]<\/p>\n","protected":false},"author":2,"featured_media":0,"comment_status":"closed","ping_status":"closed","sticky":false,"template":"","format":"standard","meta":{"footnotes":""},"categories":[18],"tags":[],"class_list":["post-1455","post","type-post","status-publish","format-standard","hentry","category-revista"],"_links":{"self":[{"href":"https:\/\/revistapontica.com\/en\/wp-json\/wp\/v2\/posts\/1455","targetHints":{"allow":["GET"]}}],"collection":[{"href":"https:\/\/revistapontica.com\/en\/wp-json\/wp\/v2\/posts"}],"about":[{"href":"https:\/\/revistapontica.com\/en\/wp-json\/wp\/v2\/types\/post"}],"author":[{"embeddable":true,"href":"https:\/\/revistapontica.com\/en\/wp-json\/wp\/v2\/users\/2"}],"replies":[{"embeddable":true,"href":"https:\/\/revistapontica.com\/en\/wp-json\/wp\/v2\/comments?post=1455"}],"version-history":[{"count":5,"href":"https:\/\/revistapontica.com\/en\/wp-json\/wp\/v2\/posts\/1455\/revisions"}],"predecessor-version":[{"id":1848,"href":"https:\/\/revistapontica.com\/en\/wp-json\/wp\/v2\/posts\/1455\/revisions\/1848"}],"wp:attachment":[{"href":"https:\/\/revistapontica.com\/en\/wp-json\/wp\/v2\/media?parent=1455"}],"wp:term":[{"taxonomy":"category","embeddable":true,"href":"https:\/\/revistapontica.com\/en\/wp-json\/wp\/v2\/categories?post=1455"},{"taxonomy":"post_tag","embeddable":true,"href":"https:\/\/revistapontica.com\/en\/wp-json\/wp\/v2\/tags?post=1455"}],"curies":[{"name":"wp","href":"https:\/\/api.w.org\/{rel}","templated":true}]}}