{"id":1457,"date":"2026-04-26T15:30:48","date_gmt":"2026-04-26T12:30:48","guid":{"rendered":"https:\/\/revistapontica.com\/?p=1457"},"modified":"2026-04-26T16:03:43","modified_gmt":"2026-04-26T13:03:43","slug":"pontica-nr-40-2007","status":"publish","type":"post","link":"https:\/\/revistapontica.com\/en\/pontica-nr-40-2007\/","title":{"rendered":"Pontica Nr. 40 (2007)"},"content":{"rendered":"<div class=\"wp-block-image\">\n<figure class=\"aligncenter size-large is-resized\"><img fetchpriority=\"high\" decoding=\"async\" width=\"725\" height=\"1024\" src=\"https:\/\/revistapontica.com\/wp-content\/uploads\/2026\/04\/pontica-40-725x1024.jpg\" alt=\"\" class=\"wp-image-1562\" style=\"width:548px;height:auto\" srcset=\"https:\/\/revistapontica.com\/wp-content\/uploads\/2026\/04\/pontica-40-725x1024.jpg 725w, https:\/\/revistapontica.com\/wp-content\/uploads\/2026\/04\/pontica-40-213x300.jpg 213w, https:\/\/revistapontica.com\/wp-content\/uploads\/2026\/04\/pontica-40-768x1084.jpg 768w, https:\/\/revistapontica.com\/wp-content\/uploads\/2026\/04\/pontica-40-9x12.jpg 9w, https:\/\/revistapontica.com\/wp-content\/uploads\/2026\/04\/pontica-40.jpg 850w\" sizes=\"(max-width: 725px) 100vw, 725px\" \/><\/figure>\n<\/div>\n\n\n<div style=\"height:50px\" aria-hidden=\"true\" class=\"wp-block-spacer\"><\/div>\n\n\n\n<div class=\"wp-block-buttons is-content-justification-center is-layout-flex wp-container-core-buttons-is-layout-16018d1d wp-block-buttons-is-layout-flex\">\n<div class=\"wp-block-button is-style-outline is-style-outline--1\"><a class=\"wp-block-button__link has-small-font-size has-custom-font-size wp-element-button\" href=\"https:\/\/revistapontica.com\/wp-content\/uploads\/2026\/04\/935-pontica-40-2007.pdf\" style=\"border-top-left-radius:0px;border-top-right-radius:0px;border-bottom-left-radius:0px;border-bottom-right-radius:0px\"><strong>DESCHIDE PONTICA NR. 40 &#8211; VARIANTA COMPLET\u0102 \u00ceN FORMAT .PDF<\/strong> (198 Mb)<\/a><\/div>\n<\/div>\n\n\n\n<div style=\"height:50px\" aria-hidden=\"true\" class=\"wp-block-spacer\"><\/div>\n\n\n\n<p class=\"has-text-align-center\"><strong>SUMAR<\/strong><br>&#8211;<a href=\"https:\/\/revistapontica.com\/wp-content\/uploads\/2026\/04\/936-Pontica-40-2007-Sumar.pdf\" data-type=\"link\" data-id=\"https:\/\/revistapontica.com\/wp-content\/uploads\/2026\/04\/936-Pontica-40-2007-Sumar.pdf\">deschide varianta PDF<\/a>&#8211;<\/p>\n\n\n\n<hr class=\"wp-block-separator has-alpha-channel-opacity\"\/>\n\n\n\n<p class=\"has-text-align-center\"><strong>Lista abrevierilor<\/strong><br>&#8211;<a href=\"https:\/\/revistapontica.com\/wp-content\/uploads\/2026\/04\/936-1-Pontica-40-2007-Lista-abrevierilor.pdf\" data-type=\"link\" data-id=\"https:\/\/revistapontica.com\/wp-content\/uploads\/2026\/04\/936-1-Pontica-40-2007-Lista-abrevierilor.pdf\">deschide varianta PDF<\/a>&#8211;<\/p>\n\n\n\n<hr class=\"wp-block-separator has-alpha-channel-opacity\"\/>\n\n\n\n<details class=\"wp-block-details is-layout-flow wp-block-details-is-layout-flow\"><summary>Pour une premi\u00e8re approche des profils arch\u00e9ologiques en Mac\u00e9doine orientale et en Thrace \u00e9g\u00e9\u00e9nne. Le cas des rites fun\u00e9raires<\/summary>\n<p><\/p>\n<\/details>\n\n\n\n<p class=\"has-text-align-center\"><strong><strong><strong><strong>ALEXANDRE BARALIS<\/strong><\/strong><\/strong><\/strong> <strong>(France)<\/strong><br>&#8211;<a href=\"https:\/\/revistapontica.com\/wp-content\/uploads\/2026\/04\/937-Pontica-40-2007-ALEXANDRE-BARALIS-France-\u2013-Pour-une-premiere-approche-des-profils-archeologiques-en-Macedoine-orientale-et-en-Thrace-egeenne.-Le-cas-des-rites-funeraires-A.pdf\" data-type=\"link\" data-id=\"https:\/\/revistapontica.com\/wp-content\/uploads\/2026\/04\/937-Pontica-40-2007-ALEXANDRE-BARALIS-France-\u2013-Pour-une-premiere-approche-des-profils-archeologiques-en-Macedoine-orientale-et-en-Thrace-egeenne.-Le-cas-des-rites-funeraires-A.pdf\">deschide varianta PDF<\/a>&#8211;<\/p>\n\n\n\n<hr class=\"wp-block-separator has-alpha-channel-opacity\"\/>\n\n\n\n<details class=\"wp-block-details is-layout-flow wp-block-details-is-layout-flow\"><summary>Pots and Pandemonium &#8211; the Earliest East Greek Pottery from North Pontic Native Settlements<\/summary>\n<p><\/p>\n<\/details>\n\n\n\n<p class=\"has-text-align-center\"><strong><strong><strong>GOCHA R. TSETSKHLADZE (Australia)<\/strong><\/strong><\/strong><br>&#8211;<a href=\"https:\/\/revistapontica.com\/wp-content\/uploads\/2026\/04\/938-Pontica-40-2007-GOCHA-R.-TSETSKHLADZE-Australia-\u2013-Pots-and-Pandemonium-the-Earliest-East-Greek-Pottery-from-North-Pontic-Native-Settlements.pdf\" data-type=\"link\" data-id=\"https:\/\/revistapontica.com\/wp-content\/uploads\/2026\/04\/938-Pontica-40-2007-GOCHA-R.-TSETSKHLADZE-Australia-\u2013-Pots-and-Pandemonium-the-Earliest-East-Greek-Pottery-from-North-Pontic-Native-Settlements.pdf\">deschide varianta PDF<\/a>&#8211;<\/p>\n\n\n\n<hr class=\"wp-block-separator has-alpha-channel-opacity\"\/>\n\n\n\n<details class=\"wp-block-details is-layout-flow wp-block-details-is-layout-flow\"><summary>\u00censemn\u0103ri arheologice &#8211; 1. Despre colonizarea greac\u0103 interioar\u0103 Gelonos \u015fi Pistiros; 2. Cutremure \u00een Dobrogea<\/summary>\n<p><\/p>\n<\/details>\n\n\n\n<p class=\"has-text-align-center\"><strong><strong><strong>PETRE ALEXANDRESCU<\/strong><\/strong><\/strong><br>&#8211;<a href=\"https:\/\/revistapontica.com\/wp-content\/uploads\/2026\/04\/939-Pontica-40-2007-PETRE-ALEXANDRESCU-\u2013-Insemnari-arheologice-1.-Despre-colonizarea-greaca-interioara-Gelonos-si-Pistiros-2.-Cutremure-in-Dobrogea-P.-ALEXANDRESCU-A.-BALTRE.pdf\" data-type=\"link\" data-id=\"https:\/\/revistapontica.com\/wp-content\/uploads\/2026\/04\/939-Pontica-40-2007-PETRE-ALEXANDRESCU-\u2013-Insemnari-arheologice-1.-Despre-colonizarea-greaca-interioara-Gelonos-si-Pistiros-2.-Cutremure-in-Dobrogea-P.-ALEXANDRESCU-A.-BALTRE.pdf\">deschide varianta PDF<\/a>&#8211;<\/p>\n\n\n\n<hr class=\"wp-block-separator has-alpha-channel-opacity\"\/>\n\n\n\n<details class=\"wp-block-details is-layout-flow wp-block-details-is-layout-flow\"><summary>L\u2019expedition navale de l\u2019amiral histrien Hegesagoras et la guerre sacr\u00e9e d\u2019Apollonie Pontique<\/summary>\n<p><\/p>\n<\/details>\n\n\n\n<p class=\"has-text-align-center\"><strong><strong><strong>OCTAVIAN BOUNEGRU<\/strong><\/strong><\/strong><br>&#8211;<a href=\"https:\/\/revistapontica.com\/wp-content\/uploads\/2026\/04\/940-Pontica-40-2007-OCTAVIAN-BOUNEGRU-\u2013-Lexpedition-navale-de-lamiral-histrien-Hegesagoras-et-la-guerre-sacree-dApollonie-Pontique.pdf\" data-type=\"link\" data-id=\"https:\/\/revistapontica.com\/wp-content\/uploads\/2026\/04\/940-Pontica-40-2007-OCTAVIAN-BOUNEGRU-\u2013-Lexpedition-navale-de-lamiral-histrien-Hegesagoras-et-la-guerre-sacree-dApollonie-Pontique.pdf\">deschide varianta PDF<\/a>&#8211;<\/p>\n\n\n\n<hr class=\"wp-block-separator has-alpha-channel-opacity\"\/>\n\n\n\n<details class=\"wp-block-details is-layout-flow wp-block-details-is-layout-flow\"><summary>Les embl\u00e8mes dans le timbrage amphorique h\u00e9racl\u00e9ote<\/summary>\n<p><\/p>\n<\/details>\n\n\n\n<p class=\"has-text-align-center\"><strong><strong>YVON GARLAN (France)<\/strong><\/strong><br>&#8211;<a href=\"https:\/\/revistapontica.com\/wp-content\/uploads\/2026\/04\/941-Pontica-40-2007-YVON-GARLAN-France-\u2013-Les-emblemes-dans-le-timbrage-amphorique-heracleote.pdf\" data-type=\"link\" data-id=\"https:\/\/revistapontica.com\/wp-content\/uploads\/2026\/04\/941-Pontica-40-2007-YVON-GARLAN-France-\u2013-Les-emblemes-dans-le-timbrage-amphorique-heracleote.pdf\">deschide varianta PDF<\/a>&#8211;<\/p>\n\n\n\n<hr class=\"wp-block-separator has-alpha-channel-opacity\"\/>\n\n\n\n<details class=\"wp-block-details is-layout-flow wp-block-details-is-layout-flow\"><summary>O lekane din colectiile Muzeului de Istorie Na\u0163ional\u0103 \u015fi Arheologie Constan\u0163a apar\u0163in\u00e2nd grupului de la Viena. Pictorul de la Calla<\/summary>\n<p><\/p>\n<\/details>\n\n\n\n<p class=\"has-text-align-center\"><strong><strong>MARIA ALEXANDRESCU VIANU<\/strong><\/strong><br>&#8211;<a href=\"https:\/\/revistapontica.com\/wp-content\/uploads\/2026\/04\/942-Pontica-40-2007-MARIA-ALEXANDRESCU-VIANU-\u2013-O-lekane-din-colectiile-Muzeului-de-Istorie-Nationala-si-Arheologie-Constanta-apartinand-grupului-de-la-Viena.-Pictorul-de-la-Calla.pdf\" data-type=\"link\" data-id=\"https:\/\/revistapontica.com\/wp-content\/uploads\/2026\/04\/942-Pontica-40-2007-MARIA-ALEXANDRESCU-VIANU-\u2013-O-lekane-din-colectiile-Muzeului-de-Istorie-Nationala-si-Arheologie-Constanta-apartinand-grupului-de-la-Viena.-Pictorul-de-la-Calla.pdf\">deschide varianta PDF<\/a>&#8211;<\/p>\n\n\n\n<hr class=\"wp-block-separator has-alpha-channel-opacity\"\/>\n\n\n\n<details class=\"wp-block-details is-layout-flow wp-block-details-is-layout-flow\"><summary>Amphorisques ph\u00e9niciens au bord de la mer Noire<\/summary>\n<p><\/p>\n<\/details>\n\n\n\n<p class=\"has-text-align-center\"><strong><strong>VASILICA LUNGU<\/strong><\/strong><br>&#8211;<a href=\"https:\/\/revistapontica.com\/wp-content\/uploads\/2026\/04\/943-Pontica-40-2007-VASILICA-LUNGU-\u2013-Amphorisques-pheniciens-au-bord-de-la-mer-Noire.pdf\" data-type=\"link\" data-id=\"https:\/\/revistapontica.com\/wp-content\/uploads\/2026\/04\/943-Pontica-40-2007-VASILICA-LUNGU-\u2013-Amphorisques-pheniciens-au-bord-de-la-mer-Noire.pdf\">deschide varianta PDF<\/a>&#8211;<\/p>\n\n\n\n<hr class=\"wp-block-separator has-alpha-channel-opacity\"\/>\n\n\n\n<details class=\"wp-block-details is-layout-flow wp-block-details-is-layout-flow\"><summary>Note sur rorigine des plats \u00e0 poisson du Pont-Euxin<\/summary>\n<p><\/p>\n<\/details>\n\n\n\n<p class=\"has-text-align-center\"><strong><strong>PIERRE DUPONT (France), VASILICA LUNGU<\/strong><\/strong><br>&#8211;<a href=\"https:\/\/revistapontica.com\/wp-content\/uploads\/2026\/04\/944-Pontica-40-2007-PIERRE-DUPONT-France-VASILICA-LUNGU-\u2013-Note-sur-rorigine-des-plats-a-poisson-du-Pont-Euxin.pdf\" data-type=\"link\" data-id=\"https:\/\/revistapontica.com\/wp-content\/uploads\/2026\/04\/944-Pontica-40-2007-PIERRE-DUPONT-France-VASILICA-LUNGU-\u2013-Note-sur-rorigine-des-plats-a-poisson-du-Pont-Euxin.pdf\">deschide varianta PDF<\/a>&#8211;<\/p>\n\n\n\n<hr class=\"wp-block-separator has-alpha-channel-opacity\"\/>\n\n\n\n<details class=\"wp-block-details is-layout-flow wp-block-details-is-layout-flow\"><summary>Considera\u0163ii privind a\u015fez\u0103rile getice din Dobrogea \u015fi problema existen\u0163ei unor emporia \u00een zona Dun\u0103rii inferioare<\/summary>\n<p><\/p>\n<\/details>\n\n\n\n<p class=\"has-text-align-center\"><strong><strong>MIHAI IRIMA<\/strong><\/strong><br>&#8211;<a href=\"https:\/\/revistapontica.com\/wp-content\/uploads\/2026\/04\/945-Pontica-40-2007-MHAI-IRIMA-\u2013-Consideratii-privind-asezarile-getice-din-Dobrogea-si-problema-existentei-unor-emporia-in-zona-Dunarii-inferioare.pdf\" data-type=\"link\" data-id=\"https:\/\/revistapontica.com\/wp-content\/uploads\/2026\/04\/945-Pontica-40-2007-MHAI-IRIMA-\u2013-Consideratii-privind-asezarile-getice-din-Dobrogea-si-problema-existentei-unor-emporia-in-zona-Dunarii-inferioare.pdf\">deschide varianta PDF<\/a>&#8211;<\/p>\n\n\n\n<hr class=\"wp-block-separator has-alpha-channel-opacity\"\/>\n\n\n\n<details class=\"wp-block-details is-layout-flow wp-block-details-is-layout-flow\"><summary>M. Licinius Crassus (cos. 30 a. Chr.) und die r\u00f6mische Donaugrenze<\/summary>\n<p><\/p>\n<\/details>\n\n\n\n<p class=\"has-text-align-center\"><strong><strong>VASILE LICA<\/strong><\/strong><br>&#8211;<a href=\"https:\/\/revistapontica.com\/wp-content\/uploads\/2026\/04\/946-Pontica-40-2007-VASILE-LICA-\u2013-M.-Licinius-Crassus-cos.-30-a.-Chr.-und-die-romische-Donaugrenze.pdf\" data-type=\"link\" data-id=\"https:\/\/revistapontica.com\/wp-content\/uploads\/2026\/04\/946-Pontica-40-2007-VASILE-LICA-\u2013-M.-Licinius-Crassus-cos.-30-a.-Chr.-und-die-romische-Donaugrenze.pdf\">deschide varianta PDF<\/a>&#8211;<\/p>\n\n\n\n<hr class=\"wp-block-separator has-alpha-channel-opacity\"\/>\n\n\n\n<details class=\"wp-block-details is-layout-flow wp-block-details-is-layout-flow\"><summary>Pater Nomimos \u00een cultul Hecatei la Tomis<\/summary>\n<p><\/p>\n<\/details>\n\n\n\n<p class=\"has-text-align-center\"><strong><strong>MARIA B\u0102RBULESCU, ADRIANA C\u00c2TEIA<\/strong><\/strong><br>&#8211;<a href=\"https:\/\/revistapontica.com\/wp-content\/uploads\/2026\/04\/947-Pontica-40-2007-MARIA-BARBULESCU-ADRIANA-CATEIA-\u2013-Pater-Nomimos-in-cultul-Hecatei-la-Tomis.pdf\" data-type=\"link\" data-id=\"https:\/\/revistapontica.com\/wp-content\/uploads\/2026\/04\/947-Pontica-40-2007-MARIA-BARBULESCU-ADRIANA-CATEIA-\u2013-Pater-Nomimos-in-cultul-Hecatei-la-Tomis.pdf\">deschide varianta PDF<\/a>&#8211;<\/p>\n\n\n\n<hr class=\"wp-block-separator has-alpha-channel-opacity\"\/>\n\n\n\n<details class=\"wp-block-details is-layout-flow wp-block-details-is-layout-flow\"><summary>Jupiter fulminans \u00een iconografia religioas\u0103 apulens\u0103<\/summary>\n<p><\/p>\n<\/details>\n\n\n\n<p class=\"has-text-align-center\"><strong><strong>RADU O\u0162A<\/strong><\/strong><br>&#8211;<a href=\"https:\/\/revistapontica.com\/wp-content\/uploads\/2026\/04\/948-Pontica-40-2007-RADU-OTA-\u2013-Jupiter-fulminans-in-iconografia-religioasa-apulensa.pdf\" data-type=\"link\" data-id=\"https:\/\/revistapontica.com\/wp-content\/uploads\/2026\/04\/948-Pontica-40-2007-RADU-OTA-\u2013-Jupiter-fulminans-in-iconografia-religioasa-apulensa.pdf\">deschide varianta PDF<\/a>&#8211;<\/p>\n\n\n\n<hr class=\"wp-block-separator has-alpha-channel-opacity\"\/>\n\n\n\n<details class=\"wp-block-details is-layout-flow wp-block-details-is-layout-flow\"><summary>Contributi airiconografia dei Cavalieri Danubiani nella Dobrugia (Romania)<\/summary>\n<p><\/p>\n<\/details>\n\n\n\n<p class=\"has-text-align-center\"><strong><strong>CONSTANTIN ICONOMU, COSTEL CHIRIAC<\/strong><br><\/strong>&#8211;<a href=\"https:\/\/revistapontica.com\/wp-content\/uploads\/2026\/04\/949-Pontica-40-2007-CONSTANTIN-ICONOMU-COSTEL-CHIRIAC-\u2013-Contributi-airiconografia-dei-Cavalieri-Danubiani-nella-Dobrugia-Romania.pdf\" data-type=\"link\" data-id=\"https:\/\/revistapontica.com\/wp-content\/uploads\/2026\/04\/949-Pontica-40-2007-CONSTANTIN-ICONOMU-COSTEL-CHIRIAC-\u2013-Contributi-airiconografia-dei-Cavalieri-Danubiani-nella-Dobrugia-Romania.pdf\">deschide varianta PDF<\/a>&#8211;<\/p>\n\n\n\n<hr class=\"wp-block-separator has-alpha-channel-opacity\"\/>\n\n\n\n<details class=\"wp-block-details is-layout-flow wp-block-details-is-layout-flow\"><summary>Un sarcofag descoperit \u00een com. Ostrov, jud. Constan\u0163a<\/summary>\n<p><\/p>\n<\/details>\n\n\n\n<p class=\"has-text-align-center\"><strong><strong>CHRISTINA \u015eTIRBULESCU<\/strong><\/strong><br>&#8211;<a href=\"https:\/\/revistapontica.com\/wp-content\/uploads\/2026\/04\/950-Pontica-40-2007-CHRISTINA-STIRBULESCU-\u2013-Un-sarcofag-descoperit-in-com.-Ostrov-jud.-Constanta.pdf\" data-type=\"link\" data-id=\"https:\/\/revistapontica.com\/wp-content\/uploads\/2026\/04\/950-Pontica-40-2007-CHRISTINA-STIRBULESCU-\u2013-Un-sarcofag-descoperit-in-com.-Ostrov-jud.-Constanta.pdf\">deschide varianta PDF<\/a>&#8211;<\/p>\n\n\n\n<hr class=\"wp-block-separator has-alpha-channel-opacity\"\/>\n\n\n\n<details class=\"wp-block-details is-layout-flow wp-block-details-is-layout-flow\"><summary>Noi descoperiri \u00een necropola tumular\u0103 roman\u0103 de la Isaccea (Noviodunum), jud. Tulcea<\/summary>\n<p><\/p>\n<\/details>\n\n\n\n<p class=\"has-text-align-center\"><strong>GAVRIL\u0102 SIMON<br><\/strong>&#8211;<a href=\"https:\/\/revistapontica.com\/wp-content\/uploads\/2026\/04\/951-Pontica-40-2007-GAVRILA-SIMON-\u2013-Noi-descoperiri-in-necropola-tumulara-romana-de-la-Isaccea-Noviodunum-jud.-Tulcea.pdf\" data-type=\"link\" data-id=\"https:\/\/revistapontica.com\/wp-content\/uploads\/2026\/04\/951-Pontica-40-2007-GAVRILA-SIMON-\u2013-Noi-descoperiri-in-necropola-tumulara-romana-de-la-Isaccea-Noviodunum-jud.-Tulcea.pdf\">deschide varianta PDF<\/a>&#8211;<\/p>\n\n\n\n<hr class=\"wp-block-separator has-alpha-channel-opacity\"\/>\n\n\n\n<details class=\"wp-block-details is-layout-flow wp-block-details-is-layout-flow\"><summary>Das Lager von Praetorium (Mehadia) in sp\u00e4tr\u00f6mischer Zeit (pag. 339-350)<\/summary>\n<p><\/p>\n<\/details>\n\n\n\n<p class=\"has-text-align-center\"><strong><strong>DOINA BENEA<\/strong><\/strong><br>&#8211;<a href=\"#\" data-type=\"link\" data-id=\"https:\/\/revistapontica.com\/wp-content\/uploads\/2026\/03\/15-2023.pdf\">deschid<\/a><a href=\"https:\/\/revistapontica.com\/wp-content\/uploads\/2026\/04\/952-Pontica-40-2007-DOINA-BENEA-\u2013-Das-Lager-von-Praetorium-Mehadia-in-spatromischer-Zeit-pag.-339-350.pdf\" data-type=\"link\" data-id=\"https:\/\/revistapontica.com\/wp-content\/uploads\/2026\/04\/952-Pontica-40-2007-DOINA-BENEA-\u2013-Das-Lager-von-Praetorium-Mehadia-in-spatromischer-Zeit-pag.-339-350.pdf\">e<\/a><a href=\"#\" data-type=\"link\" data-id=\"https:\/\/revistapontica.com\/wp-content\/uploads\/2026\/03\/15-2023.pdf\"> varianta PDF<\/a>&#8211;<\/p>\n\n\n\n<hr class=\"wp-block-separator has-alpha-channel-opacity\"\/>\n\n\n\n<details class=\"wp-block-details is-layout-flow wp-block-details-is-layout-flow\"><summary>Despre aprovizionarea cu ap\u0103 potabil\u0103 a ceta\u0163ii Callatis \u00een epoca roman\u0103<\/summary>\n<p><\/p>\n<\/details>\n\n\n\n<p class=\"has-text-align-center\"><strong><strong>GHIORGHE PAPUC<\/strong><\/strong><br>&#8211;<a href=\"https:\/\/revistapontica.com\/wp-content\/uploads\/2026\/04\/953-Pontica-40-2007-GHIORGHE-PAPUC-\u2013-Despre-aprovizionarea-cu-apa-potabila-a-cetatii-Callatis-in-epoca-romana.pdf\" data-type=\"link\" data-id=\"https:\/\/revistapontica.com\/wp-content\/uploads\/2026\/04\/953-Pontica-40-2007-GHIORGHE-PAPUC-\u2013-Despre-aprovizionarea-cu-apa-potabila-a-cetatii-Callatis-in-epoca-romana.pdf\">deschide varianta PDF<\/a>&#8211;<\/p>\n\n\n\n<hr class=\"wp-block-separator has-alpha-channel-opacity\"\/>\n\n\n\n<details class=\"wp-block-details is-layout-flow wp-block-details-is-layout-flow\"><summary>Noi date \u00een leg\u0103tur\u0103 cu podul lui Constantin eel Mare de la Sucidava<\/summary>\n<p><\/p>\n<\/details>\n\n\n\n<p class=\"has-text-align-center\"><strong><strong>PETRE GHERGHE, LUCIAN AMON<\/strong><\/strong><br>&#8211;<a href=\"https:\/\/revistapontica.com\/wp-content\/uploads\/2026\/04\/954-Pontica-40-2007-PETRE-GHERGHE-LUCIAN-AMON-\u2013-Noi-date-in-legatura-cu-podul-lui-Constantin-eel-Mare-de-la-Sucidava.pdf\" data-type=\"link\" data-id=\"https:\/\/revistapontica.com\/wp-content\/uploads\/2026\/04\/954-Pontica-40-2007-PETRE-GHERGHE-LUCIAN-AMON-\u2013-Noi-date-in-legatura-cu-podul-lui-Constantin-eel-Mare-de-la-Sucidava.pdf\">deschide varianta PDF<\/a>&#8211;<\/p>\n\n\n\n<hr class=\"wp-block-separator has-alpha-channel-opacity\"\/>\n\n\n\n<details class=\"wp-block-details is-layout-flow wp-block-details-is-layout-flow\"><summary>Conflictul dobrogeano-genovez (1360-1387) \u2013 component\u0103 a luptei pentru suprema\u0163ie \u00een bazinul vest-pontic din a doua jum\u0103tate a secolului [&#8230;]<\/summary>\n<p><\/p>\n<\/details>\n\n\n\n<p class=\"has-text-align-center\"><strong><strong>VASILE M\u0102RCULE\u0162<\/strong><\/strong><br>&#8211;<a href=\"https:\/\/revistapontica.com\/wp-content\/uploads\/2026\/04\/955-Pontica-40-2007-VASILE-MARCULET-\u2013-Conflictul-dobrogeano-genovez-1360-1387-\u2013-componenta-a-luptei-pentru-suprematie-in-bazinul-vest-pontic-din-a-doua-jumatate-a-secolului-al-.pdf\" data-type=\"link\" data-id=\"https:\/\/revistapontica.com\/wp-content\/uploads\/2026\/04\/955-Pontica-40-2007-VASILE-MARCULET-\u2013-Conflictul-dobrogeano-genovez-1360-1387-\u2013-componenta-a-luptei-pentru-suprematie-in-bazinul-vest-pontic-din-a-doua-jumatate-a-secolului-al-.pdf\">deschide varianta PDF<\/a>&#8211;<\/p>\n\n\n\n<hr class=\"wp-block-separator has-alpha-channel-opacity\"\/>\n\n\n\n<details class=\"wp-block-details is-layout-flow wp-block-details-is-layout-flow\"><summary>O monogram\u0103 cre\u015ftin\u0103 de la Carsium (H\u00e2r\u015fova, jud. Constan\u0163a)<\/summary>\n<p><\/p>\n<\/details>\n\n\n\n<p class=\"has-text-align-center\"><strong>CONSTANTIN NICOLAE<\/strong><br>&#8211;<a href=\"https:\/\/revistapontica.com\/wp-content\/uploads\/2026\/04\/956-Pontica-40-2007-CONSTANTIN-NICOLAE-\u2013-O-monograma-crestina-de-la-Carsium-Harsova-jud.-Constanta.pdf\" data-type=\"link\" data-id=\"https:\/\/revistapontica.com\/wp-content\/uploads\/2026\/04\/956-Pontica-40-2007-CONSTANTIN-NICOLAE-\u2013-O-monograma-crestina-de-la-Carsium-Harsova-jud.-Constanta.pdf\">deschide varianta PDF<\/a>&#8211;<\/p>\n\n\n\n<hr class=\"wp-block-separator has-alpha-channel-opacity\"\/>\n\n\n\n<details class=\"wp-block-details is-layout-flow wp-block-details-is-layout-flow\"><summary>Biserica Tomisului \u00een vremea mitropolitului Valentinian. Ambasada (apocrisiarul) de la Constantinopol<\/summary>\n<p><\/p>\n<\/details>\n\n\n\n<p class=\"has-text-align-center\"><strong><strong>EMILIAN POPESCU<\/strong><\/strong><br>&#8211;<a href=\"https:\/\/revistapontica.com\/wp-content\/uploads\/2026\/04\/957-Pontica-40-2007-EMILIAN-POPESCU-\u2013-Biserica-Tomisului-in-vremea-mitropolitului-Valentinian.-Ambasada-apocrisiarul-de-la-Constantinopol.pdf\" data-type=\"link\" data-id=\"https:\/\/revistapontica.com\/wp-content\/uploads\/2026\/04\/957-Pontica-40-2007-EMILIAN-POPESCU-\u2013-Biserica-Tomisului-in-vremea-mitropolitului-Valentinian.-Ambasada-apocrisiarul-de-la-Constantinopol.pdf\">deschide varianta PDF<\/a>&#8211;<\/p>\n\n\n\n<hr class=\"wp-block-separator has-alpha-channel-opacity\"\/>\n\n\n\n<details class=\"wp-block-details is-layout-flow wp-block-details-is-layout-flow\"><summary>Despre aria misionar\u0103 a Sf\u00e2ntului Episcop Mucenic Ephraim<\/summary>\n<p><\/p>\n<\/details>\n\n\n\n<p class=\"has-text-align-center\"><strong><strong>IONU\u0162 HOLUBEANU<\/strong><\/strong><br>&#8211;<a href=\"https:\/\/revistapontica.com\/wp-content\/uploads\/2026\/04\/958-Pontica-40-2007-IONUT-HOLUBEANU-\u2013-Despre-aria-misionara-a-Sfantului-Episcop-Mucenic-Ephraim.pdf\" data-type=\"link\" data-id=\"https:\/\/revistapontica.com\/wp-content\/uploads\/2026\/04\/958-Pontica-40-2007-IONUT-HOLUBEANU-\u2013-Despre-aria-misionara-a-Sfantului-Episcop-Mucenic-Ephraim.pdf\">deschide varianta PDF<\/a>&#8211;<\/p>\n\n\n\n<hr class=\"wp-block-separator has-alpha-channel-opacity\"\/>\n\n\n\n<details class=\"wp-block-details is-layout-flow wp-block-details-is-layout-flow\"><summary>Sur une opinion concernant la signification s\u00e9mantique du terme Cr\u0103ciun (No\u00ebl)<\/summary>\n<p><\/p>\n<\/details>\n\n\n\n<p class=\"has-text-align-center\"><strong><strong>MIHAI OVIDIU C\u0102\u0162OI<\/strong><\/strong><br>&#8211;<a href=\"https:\/\/revistapontica.com\/wp-content\/uploads\/2026\/04\/959-Pontica-40-2007-MIHAI-OVIDIU-CATOI-\u2013-Sur-une-opinion-concernant-la-signification-semantique-du-terme-Craciun-Noel.pdf\" data-type=\"link\" data-id=\"https:\/\/revistapontica.com\/wp-content\/uploads\/2026\/04\/959-Pontica-40-2007-MIHAI-OVIDIU-CATOI-\u2013-Sur-une-opinion-concernant-la-signification-semantique-du-terme-Craciun-Noel.pdf\">deschide varianta PDF<\/a>&#8211;<\/p>\n\n\n\n<hr class=\"wp-block-separator has-alpha-channel-opacity\"\/>\n\n\n\n<details class=\"wp-block-details is-layout-flow wp-block-details-is-layout-flow\"><summary>Late Antique Tomb in Durostorum \u2013 Silistra and its Master<\/summary>\n<p><\/p>\n<\/details>\n\n\n\n<p class=\"has-text-align-center\"><strong>GEORGI ATANASOV (Bulgaria)<\/strong><br>&#8211;<a href=\"https:\/\/revistapontica.com\/wp-content\/uploads\/2026\/04\/960-Pontica-40-2007-GEORGI-ATANASOV-Bulgaria-\u2013-Late-Antique-Tomb-in-Durostorum-\u2013-Silistra-and-its-Master.pdf\" data-type=\"link\" data-id=\"https:\/\/revistapontica.com\/wp-content\/uploads\/2026\/04\/960-Pontica-40-2007-GEORGI-ATANASOV-Bulgaria-\u2013-Late-Antique-Tomb-in-Durostorum-\u2013-Silistra-and-its-Master.pdf\">deschide varianta PDF<\/a>&#8211;<\/p>\n\n\n\n<hr class=\"wp-block-separator has-alpha-channel-opacity\"\/>\n\n\n\n<details class=\"wp-block-details is-layout-flow wp-block-details-is-layout-flow\"><summary>Cercet\u0103rile arheologice preventive de la Chirnogeni, jud. Constanta (2001)<\/summary>\n<p><\/p>\n<\/details>\n\n\n\n<p class=\"has-text-align-center\"><strong><strong>MARIAN NEAGU, C\u0102T\u0102LIN NOPCEA<\/strong><\/strong><br>&#8211;<a href=\"https:\/\/revistapontica.com\/wp-content\/uploads\/2026\/04\/961-Pontica-40-2007-MARIAN-NEAGU-CATALIN-NOPCEA-\u2013-Cercetarile-arheologice-preventive-de-la-Chirnogeni-jud.-Constanta-2001.pdf\" data-type=\"link\" data-id=\"https:\/\/revistapontica.com\/wp-content\/uploads\/2026\/04\/961-Pontica-40-2007-MARIAN-NEAGU-CATALIN-NOPCEA-\u2013-Cercetarile-arheologice-preventive-de-la-Chirnogeni-jud.-Constanta-2001.pdf\">deschide varianta PDF<\/a>&#8211;<\/p>\n\n\n\n<hr class=\"wp-block-separator has-alpha-channel-opacity\"\/>\n\n\n\n<details class=\"wp-block-details is-layout-flow wp-block-details-is-layout-flow\"><summary>A Bronze Sickle from Zebil (Sarichioi, Tulcea County)<\/summary>\n<p><\/p>\n<\/details>\n\n\n\n<p class=\"has-text-align-center\"><strong><strong>SORIN CRISTIAN AILINC\u0102I, ADINA IGNAT<\/strong><\/strong><br>&#8211;<a href=\"https:\/\/revistapontica.com\/wp-content\/uploads\/2026\/04\/962-Pontica-40-2007-SORIN-CRISTIAN-AILINCAI-ADINA-IGNAT-\u2013-A-Bronze-Sickle-from-Zebil-Sarichioi-Tulcea-County.pdf\" data-type=\"link\" data-id=\"https:\/\/revistapontica.com\/wp-content\/uploads\/2026\/04\/962-Pontica-40-2007-SORIN-CRISTIAN-AILINCAI-ADINA-IGNAT-\u2013-A-Bronze-Sickle-from-Zebil-Sarichioi-Tulcea-County.pdf\">deschide varianta PDF<\/a>&#8211;<\/p>\n\n\n\n<hr class=\"wp-block-separator has-alpha-channel-opacity\"\/>\n\n\n\n<details class=\"wp-block-details is-layout-flow wp-block-details-is-layout-flow\"><summary>Noi descoperiri din necropola callatian\u0103<\/summary>\n<p><\/p>\n<\/details>\n\n\n\n<p class=\"has-text-align-center\"><strong><strong>LAUREN\u0162IU RADU<\/strong><\/strong><br>&#8211;<a href=\"https:\/\/revistapontica.com\/wp-content\/uploads\/2026\/04\/963-Pontica-40-2007-LAURENTIU-RADU-\u2013-Noi-descoperiri-din-necropola-callatiana.pdf\" data-type=\"link\" data-id=\"https:\/\/revistapontica.com\/wp-content\/uploads\/2026\/04\/963-Pontica-40-2007-LAURENTIU-RADU-\u2013-Noi-descoperiri-din-necropola-callatiana.pdf\">deschide varianta PDF<\/a>&#8211;<\/p>\n\n\n\n<hr class=\"wp-block-separator has-alpha-channel-opacity\"\/>\n\n\n\n<details class=\"wp-block-details is-layout-flow wp-block-details-is-layout-flow\"><summary>Un opai\u0163 cu figur\u0103 antropomorf\u0103 descoperit \u00eentr-un morm\u00e2nt la Tomis<\/summary>\n<p><\/p>\n<\/details>\n\n\n\n<p class=\"has-text-align-center\"><strong><strong>C\u0102T\u0102LIN DOBRINESCU<\/strong><\/strong><br>&#8211;<a href=\"https:\/\/revistapontica.com\/wp-content\/uploads\/2026\/04\/964-Pontica-40-2007-CATALIN-DOBRINESCU-\u2013-Un-opait-cu-figura-antropomorfa-descoperit-intr-un-mormant-la-Tomis.pdf\" data-type=\"link\" data-id=\"https:\/\/revistapontica.com\/wp-content\/uploads\/2026\/04\/964-Pontica-40-2007-CATALIN-DOBRINESCU-\u2013-Un-opait-cu-figura-antropomorfa-descoperit-intr-un-mormant-la-Tomis.pdf\">deschide varianta PDF<\/a>&#8211;<\/p>\n\n\n\n<hr class=\"wp-block-separator has-alpha-channel-opacity\"\/>\n\n\n\n<details class=\"wp-block-details is-layout-flow wp-block-details-is-layout-flow\"><summary>Periegheze pe malul dobrogean al Dun\u0103rii<\/summary>\n<p><\/p>\n<\/details>\n\n\n\n<p class=\"has-text-align-center\"><strong>ION MUNTEANU, VASILE OPREA<\/strong><br>&#8211;<a href=\"https:\/\/revistapontica.com\/wp-content\/uploads\/2026\/04\/965-Pontica-40-2007-ION-MUNTEANU-VASILE-OPREA-\u2013-Periegheze-pe-malul-dobrogean-al-Dunarii.pdf\" data-type=\"link\" data-id=\"https:\/\/revistapontica.com\/wp-content\/uploads\/2026\/04\/965-Pontica-40-2007-ION-MUNTEANU-VASILE-OPREA-\u2013-Periegheze-pe-malul-dobrogean-al-Dunarii.pdf\">deschide varianta PDF<\/a>&#8211;<\/p>\n\n\n\n<hr class=\"wp-block-separator has-alpha-channel-opacity\"\/>\n\n\n\n<details class=\"wp-block-details is-layout-flow wp-block-details-is-layout-flow\"><summary>Une estampille de bronze pour marquer des amphores d\u00e9couverte \u00e0 Noviodunum-Isaccea<\/summary>\n<p><\/p>\n<\/details>\n\n\n\n<p class=\"has-text-align-center\"><strong>AUREL ST\u0102NIC\u0102<\/strong><br>&#8211;<a href=\"https:\/\/revistapontica.com\/wp-content\/uploads\/2026\/04\/966-Pontica-40-2007-AUREL-STANICA-\u2013-Une-estampille-de-bronze-pour-marquer-des-amphores-decouverte-a-Noviodunum-Isaccea.pdf\" data-type=\"link\" data-id=\"https:\/\/revistapontica.com\/wp-content\/uploads\/2026\/04\/966-Pontica-40-2007-AUREL-STANICA-\u2013-Une-estampille-de-bronze-pour-marquer-des-amphores-decouverte-a-Noviodunum-Isaccea.pdf\">deschide varianta PDF<\/a>&#8211;<\/p>\n\n\n\n<hr class=\"wp-block-separator has-alpha-channel-opacity\"\/>\n\n\n\n<details class=\"wp-block-details is-layout-flow wp-block-details-is-layout-flow\"><summary>C\u00e2teva note asupra necropolelor neolitice \u015fi eneolitice din sud-estul Europei<\/summary>\n<p><\/p>\n<\/details>\n\n\n\n<p class=\"has-text-align-center\"><strong>ION P\u00c2SLARU, SORIN MARCEL COLESNIUC<\/strong><br>&#8211;<a href=\"https:\/\/revistapontica.com\/wp-content\/uploads\/2026\/04\/967-Pontica-40-2007-ION-PASLARU-SORIN-MARCEL-COLESNIUC-\u2013-Cateva-note-asupra-necropolelor-neolitice-si-eneolitice-din-sud-estul-Europei.pdf\" data-type=\"link\" data-id=\"https:\/\/revistapontica.com\/wp-content\/uploads\/2026\/04\/967-Pontica-40-2007-ION-PASLARU-SORIN-MARCEL-COLESNIUC-\u2013-Cateva-note-asupra-necropolelor-neolitice-si-eneolitice-din-sud-estul-Europei.pdf\">deschide varianta PDF<\/a>&#8211;<\/p>\n\n\n\n<hr class=\"wp-block-separator has-alpha-channel-opacity\"\/>\n\n\n\n<details class=\"wp-block-details is-layout-flow wp-block-details-is-layout-flow\"><summary>Analiza ceramologic\u0103 a unor fragmente apar\u0163in\u00e2nd culturilor Hamangia \u015fi Boian din situl eneolitic de la Cheia \u2013 jud. Constan\u0163a<\/summary>\n<p><\/p>\n<\/details>\n\n\n\n<p class=\"has-text-align-center\"><strong>CORNELIA C\u0102RPU\u015e, LEONID C\u0102RPU\u015e<\/strong><br>&#8211;<a href=\"https:\/\/revistapontica.com\/wp-content\/uploads\/2026\/04\/968-Pontica-40-2007-CORNELIA-CARPUS-LEONID-CARPUS-\u2013-Analiza-ceramologica-a-unor-fragmente-apartinand-culturilor-Hamangia-si-Boian-din-situl-eneolitic-de-la-Cheia-\u2013-jud.-Constant.pdf\" data-type=\"link\" data-id=\"https:\/\/revistapontica.com\/wp-content\/uploads\/2026\/04\/968-Pontica-40-2007-CORNELIA-CARPUS-LEONID-CARPUS-\u2013-Analiza-ceramologica-a-unor-fragmente-apartinand-culturilor-Hamangia-si-Boian-din-situl-eneolitic-de-la-Cheia-\u2013-jud.-Constant.pdf\">deschide varianta PDF<\/a>&#8211;<\/p>\n\n\n\n<hr class=\"wp-block-separator has-alpha-channel-opacity\"\/>\n\n\n\n<details class=\"wp-block-details is-layout-flow wp-block-details-is-layout-flow\"><summary>Studiul arheozoologic al unor resturi faunistice descoperite \u00een nivelul apar\u0163in\u00e2nd sec. al Vl-lea p. Chr. al cet\u0103\u0163ii Histria<\/summary>\n<p><\/p>\n<\/details>\n\n\n\n<p class=\"has-text-align-center\"><strong>SERGIU HAMOVICI<\/strong><br>&#8211;<a href=\"https:\/\/revistapontica.com\/wp-content\/uploads\/2026\/04\/969-Pontica-40-2007-SERGIU-HAMOVICI-\u2013-Studiul-arheozoologic-al-unor-resturi-faunistice-descoperite-in-nivelul-apartinand-sec.-al-Vl-lea-p.-Chr.-al-cetatii-Histria.pdf\" data-type=\"link\" data-id=\"https:\/\/revistapontica.com\/wp-content\/uploads\/2026\/04\/969-Pontica-40-2007-SERGIU-HAMOVICI-\u2013-Studiul-arheozoologic-al-unor-resturi-faunistice-descoperite-in-nivelul-apartinand-sec.-al-Vl-lea-p.-Chr.-al-cetatii-Histria.pdf\">deschide varianta PDF<\/a>&#8211;<\/p>\n\n\n\n<hr class=\"wp-block-separator has-alpha-channel-opacity\"\/>\n\n\n\n<details class=\"wp-block-details is-layout-flow wp-block-details-is-layout-flow\"><summary>C\u00e2teva observa\u0163ii asupra microreliefului din zona s\u0103p\u0103turilor arheologice din nordul ora\u015fului Cernavod\u0103<\/summary>\n<p><\/p>\n<\/details>\n\n\n\n<p class=\"has-text-align-center\"><strong>PETRE COTE\u0162<\/strong><br>&#8211;<a href=\"https:\/\/revistapontica.com\/wp-content\/uploads\/2026\/04\/971-Pontica-40-2007-PETRE-COTET-\u2013-Cateva-observatii-asupra-microreliefului-din-zona-sapaturilor-arheologice-din-nordul-orasului-Cernavoda.pdf\" data-type=\"link\" data-id=\"https:\/\/revistapontica.com\/wp-content\/uploads\/2026\/04\/971-Pontica-40-2007-PETRE-COTET-\u2013-Cateva-observatii-asupra-microreliefului-din-zona-sapaturilor-arheologice-din-nordul-orasului-Cernavoda.pdf\">deschide varianta PDF<\/a>&#8211;<\/p>\n\n\n\n<hr class=\"wp-block-separator has-alpha-channel-opacity\"\/>\n\n\n\n<details class=\"wp-block-details is-layout-flow wp-block-details-is-layout-flow\"><summary>Trois techniques d\u2019excavation. Nouvelles recherches sur le complexe Basarabi-Murfatlar<\/summary>\n<p><\/p>\n<\/details>\n\n\n\n<p class=\"has-text-align-center\"><strong>VLADIMIR AGRIGOROAEI<\/strong><br>&#8211;<a href=\"https:\/\/revistapontica.com\/wp-content\/uploads\/2026\/04\/972-Pontica-40-2007-VLADIMIR-AGRIGOROAEI-\u2013-Trois-techniques-dexcavation.-Nouvelles-recherches-sur-le-complexe-Basarabi-Murfatlar.pdf\" data-type=\"link\" data-id=\"https:\/\/revistapontica.com\/wp-content\/uploads\/2026\/04\/972-Pontica-40-2007-VLADIMIR-AGRIGOROAEI-\u2013-Trois-techniques-dexcavation.-Nouvelles-recherches-sur-le-complexe-Basarabi-Murfatlar.pdf\">deschide varianta PDF<\/a>&#8211;<\/p>\n\n\n\n<hr class=\"wp-block-separator has-alpha-channel-opacity\"\/>\n\n\n\n<details class=\"wp-block-details is-layout-flow wp-block-details-is-layout-flow\"><summary>Despre un nou tezaur monetar din prima parte a secolului III p. Chr. descoperit la Tomis<\/summary>\n<p><\/p>\n<\/details>\n\n\n\n<p class=\"has-text-align-center\"><strong>GABRIEL TALMA\u0162CHI, C\u0102T\u0102LIN NOPCEA<\/strong><br>&#8211;<a href=\"https:\/\/revistapontica.com\/wp-content\/uploads\/2026\/04\/973-Pontica-40-2007-GABRIEL-TALMATCHI-CATALIN-NOPCEA-\u2013-Despre-un-nou-tezaur-monetar-din-prima-parte-a-secolului-III-p.-Chr.-descoperit-la-Tomis.pdf\" data-type=\"link\" data-id=\"https:\/\/revistapontica.com\/wp-content\/uploads\/2026\/04\/973-Pontica-40-2007-GABRIEL-TALMATCHI-CATALIN-NOPCEA-\u2013-Despre-un-nou-tezaur-monetar-din-prima-parte-a-secolului-III-p.-Chr.-descoperit-la-Tomis.pdf\">deschide varianta PDF<\/a>&#8211;<\/p>\n\n\n\n<hr class=\"wp-block-separator has-alpha-channel-opacity\"\/>\n\n\n\n<details class=\"wp-block-details is-layout-flow wp-block-details-is-layout-flow\"><summary>Greek Imperial, Roman, Byzantine and Ottoman Coin Finds from Capidava (1966-2006) in the Collection of the National History<\/summary>\n<p><\/p>\n<\/details>\n\n\n\n<p class=\"has-text-align-center\"><strong>ANDREI G\u00c2NDIL\u0102<\/strong><br>&#8211;<a href=\"https:\/\/revistapontica.com\/wp-content\/uploads\/2026\/04\/974-Pontica-40-2007-ANDREI-GANDILA-\u2013-Greek-Imperial-Roman-Byzantine-and-Ottoman-Coin-Finds-from-Capidava-1966-2006-in-the-Collection-of-the-National-History.pdf\" data-type=\"link\" data-id=\"https:\/\/revistapontica.com\/wp-content\/uploads\/2026\/04\/974-Pontica-40-2007-ANDREI-GANDILA-\u2013-Greek-Imperial-Roman-Byzantine-and-Ottoman-Coin-Finds-from-Capidava-1966-2006-in-the-Collection-of-the-National-History.pdf\">deschide varianta PDF<\/a>&#8211;<\/p>\n\n\n\n<hr class=\"wp-block-separator has-alpha-channel-opacity\"\/>\n\n\n\n<details class=\"wp-block-details is-layout-flow wp-block-details-is-layout-flow\"><summary>Un depozit de monede bizantine din Dobrogea (sec. VI)<\/summary>\n<p><\/p>\n<\/details>\n\n\n\n<p class=\"has-text-align-center\"><strong>GABRIEL CUSTUREA<\/strong><br>&#8211;<a href=\"https:\/\/revistapontica.com\/wp-content\/uploads\/2026\/04\/975-Pontica-40-2007-GABRIEL-CUSTUREA-\u2013-Un-depozit-de-monede-bizantine-din-Dobrogea-sec.-VI.pdf\" data-type=\"link\" data-id=\"https:\/\/revistapontica.com\/wp-content\/uploads\/2026\/04\/975-Pontica-40-2007-GABRIEL-CUSTUREA-\u2013-Un-depozit-de-monede-bizantine-din-Dobrogea-sec.-VI.pdf\">deschide varianta PDF<\/a>&#8211;<\/p>\n\n\n\n<hr class=\"wp-block-separator has-alpha-channel-opacity\"\/>\n\n\n\n<details class=\"wp-block-details is-layout-flow wp-block-details-is-layout-flow\"><summary>Monede bizantine descoperite recent \u00een Dobrogea (sec. IX-XIII)<\/summary>\n<p><\/p>\n<\/details>\n\n\n\n<p class=\"has-text-align-center\"><strong>GABRIEL CUSTUREA<\/strong><br>&#8211;<a href=\"https:\/\/revistapontica.com\/wp-content\/uploads\/2026\/04\/976-Pontica-40-2007-GABRIEL-CUSTUREA-\u2013-Monede-bizantine-descoperite-recent-in-Dobrogea-sec.-IX-XIII.pdf\" data-type=\"link\" data-id=\"https:\/\/revistapontica.com\/wp-content\/uploads\/2026\/04\/976-Pontica-40-2007-GABRIEL-CUSTUREA-\u2013-Monede-bizantine-descoperite-recent-in-Dobrogea-sec.-IX-XIII.pdf\">deschide varianta PDF<\/a>&#8211;<\/p>\n\n\n\n<hr class=\"wp-block-separator has-alpha-channel-opacity\"\/>\n\n\n\n<details class=\"wp-block-details is-layout-flow wp-block-details-is-layout-flow\"><summary>MARIA B\u0102RBULESCU &#8211; un profil aniversar<\/summary>\n<p><\/p>\n<\/details>\n\n\n\n<p class=\"has-text-align-center\"><strong>LIVIA BUZOIANU<\/strong><br>&#8211;<a href=\"https:\/\/revistapontica.com\/wp-content\/uploads\/2026\/04\/977-Pontica-40-2007-LIVIA-BUZOIANU-\u2013-MARIA-BARBULESCU-un-profil-aniversar.pdf\" data-type=\"link\" data-id=\"https:\/\/revistapontica.com\/wp-content\/uploads\/2026\/04\/977-Pontica-40-2007-LIVIA-BUZOIANU-\u2013-MARIA-BARBULESCU-un-profil-aniversar.pdf\">deschide varianta PDF<\/a>&#8211;<\/p>\n\n\n\n<hr class=\"wp-block-separator has-alpha-channel-opacity\"\/>\n\n\n\n<details class=\"wp-block-details is-layout-flow wp-block-details-is-layout-flow\"><summary>ZAHARIA COVACEF &#8211; la 65 de ani de via\u0163a \u015fi 40 de ani de activitate \u00een muzeu<\/summary>\n<p><\/p>\n<\/details>\n\n\n\n<p class=\"has-text-align-center\"><strong>GHIORGHE PAPUC<\/strong><br>&#8211;<a href=\"https:\/\/revistapontica.com\/wp-content\/uploads\/2026\/04\/978-Pontica-40-2007-GHIORGHE-PAPUC-\u2013-ZAHARIA-COVACEF-la-65-de-ani-de-viata-si-40-de-ani-de-activitate-in-muzeu.pdf\" data-type=\"link\" data-id=\"https:\/\/revistapontica.com\/wp-content\/uploads\/2026\/04\/978-Pontica-40-2007-GHIORGHE-PAPUC-\u2013-ZAHARIA-COVACEF-la-65-de-ani-de-viata-si-40-de-ani-de-activitate-in-muzeu.pdf\">deschide varianta PDF<\/a>&#8211;<\/p>\n\n\n\n<hr class=\"wp-block-separator has-alpha-channel-opacity\"\/>\n\n\n\n<details class=\"wp-block-details is-layout-flow wp-block-details-is-layout-flow\"><summary>MIHAI IRIMIA &#8211; la 65 de ani<\/summary>\n<p><\/p>\n<\/details>\n\n\n\n<p class=\"has-text-align-center\"><strong>LIVIA BUZOIANU<\/strong><br>&#8211;<a href=\"https:\/\/revistapontica.com\/wp-content\/uploads\/2026\/04\/979-Pontica-40-2007-LIVIA-BUZOIANU-\u2013-MIHAI-IRIMIA-la-65-de-ani.pdf\" data-type=\"link\" data-id=\"https:\/\/revistapontica.com\/wp-content\/uploads\/2026\/04\/979-Pontica-40-2007-LIVIA-BUZOIANU-\u2013-MIHAI-IRIMIA-la-65-de-ani.pdf\">deschide varianta PDF<\/a>&#8211;<\/p>\n\n\n\n<hr class=\"wp-block-separator has-alpha-channel-opacity\"\/>\n\n\n\n<details class=\"wp-block-details is-layout-flow wp-block-details-is-layout-flow\"><summary>In Memoriam &#8211; ADRIAN R\u0102DULESCU &#8211; la 75 de ani de la na\u015ftere \u015fi 7 ani de la dispari\u0163ie<\/summary>\n<p><\/p>\n<\/details>\n\n\n\n<p class=\"has-text-align-center\"><strong>MARIA B\u0102RBULESCU<\/strong><br>&#8211;<a href=\"https:\/\/revistapontica.com\/wp-content\/uploads\/2026\/04\/980-Pontica-40-2007-MARIA-BARBULESCU-\u2013-In-Memoriam-ADRIAN-RADULESCU-la-75-de-ani-de-la-nastere-si-7-ani-de-la-disparitie.pdf\" data-type=\"link\" data-id=\"https:\/\/revistapontica.com\/wp-content\/uploads\/2026\/04\/980-Pontica-40-2007-MARIA-BARBULESCU-\u2013-In-Memoriam-ADRIAN-RADULESCU-la-75-de-ani-de-la-nastere-si-7-ani-de-la-disparitie.pdf\">deschide varianta PDF<\/a>&#8211;<\/p>\n\n\n\n<hr class=\"wp-block-separator has-alpha-channel-opacity\"\/>\n\n\n\n<details class=\"wp-block-details is-layout-flow wp-block-details-is-layout-flow\"><summary>In Memoriam &#8211; PETRE DIACONU (1924 &#8211; 2007)<\/summary>\n<p><\/p>\n<\/details>\n\n\n\n<p class=\"has-text-align-center\"><strong>MIHAI IRIMA<\/strong><br>&#8211;<a href=\"https:\/\/revistapontica.com\/wp-content\/uploads\/2026\/04\/981-Pontica-40-2007-MIHAI-IRIMA-\u2013-In-Memoriam-PETRE-DIACONU-1924-2007.pdf\" data-type=\"link\" data-id=\"https:\/\/revistapontica.com\/wp-content\/uploads\/2026\/04\/981-Pontica-40-2007-MIHAI-IRIMA-\u2013-In-Memoriam-PETRE-DIACONU-1924-2007.pdf\">deschide varianta PDF<\/a>&#8211;<\/p>\n\n\n\n<hr class=\"wp-block-separator has-alpha-channel-opacity\"\/>\n\n\n\n<details class=\"wp-block-details is-layout-flow wp-block-details-is-layout-flow\"><summary>Recenzie &#8211; ALEXANDER RUBEL, Cetatea \u00eensp\u0103im\u00e2ntat\u0103. Religie \u015fi politic\u0103 la Atena \u00een timpul r\u0103zboiului peloponesiac<\/summary>\n<p><\/p>\n<\/details>\n\n\n\n<p class=\"has-text-align-center\"><strong>GEORGE DUMITRU<\/strong><br>&#8211;<a href=\"https:\/\/revistapontica.com\/wp-content\/uploads\/2026\/04\/982-Pontica-40-2007-GEORGE-DUMITRU-\u2013-Recenzie-ALEXANDER-RUBEL-Cetatea-inspaimantata.-Religie-si-politica-la-Atena-in-timpul-razboiului-peloponesiac.pdf\" data-type=\"link\" data-id=\"https:\/\/revistapontica.com\/wp-content\/uploads\/2026\/04\/982-Pontica-40-2007-GEORGE-DUMITRU-\u2013-Recenzie-ALEXANDER-RUBEL-Cetatea-inspaimantata.-Religie-si-politica-la-Atena-in-timpul-razboiului-peloponesiac.pdf\">deschide varianta PDF<\/a>&#8211;<\/p>\n\n\n\n<hr class=\"wp-block-separator has-alpha-channel-opacity\"\/>\n\n\n\n<details class=\"wp-block-details is-layout-flow wp-block-details-is-layout-flow\"><summary>Recenzie &#8211; MICHAEL RATHMANN, Perdikkas zwischen 323 und 320. Nachlassverwalter des Alexanderreiches oder Autokrat<\/summary>\n<p><\/p>\n<\/details>\n\n\n\n<p class=\"has-text-align-center\"><strong>VASILE LICA<\/strong><br>&#8211;<a href=\"https:\/\/revistapontica.com\/wp-content\/uploads\/2026\/04\/983-Pontica-40-2007-VASILE-LICA-\u2013-Recenzie-MICHAEL-RATHMANN-Perdikkas-zwischen-323-und-320.-Nachlassverwalter-des-Alexanderreiches-oder-Autokrat.pdf\" data-type=\"link\" data-id=\"https:\/\/revistapontica.com\/wp-content\/uploads\/2026\/04\/983-Pontica-40-2007-VASILE-LICA-\u2013-Recenzie-MICHAEL-RATHMANN-Perdikkas-zwischen-323-und-320.-Nachlassverwalter-des-Alexanderreiches-oder-Autokrat.pdf\">deschide varianta PDF<\/a>&#8211;<\/p>\n\n\n\n<hr class=\"wp-block-separator has-alpha-channel-opacity\"\/>\n\n\n\n<details class=\"wp-block-details is-layout-flow wp-block-details-is-layout-flow\"><summary>Indicele revistei Pontica (2002-2007)<\/summary>\n<p><\/p>\n<\/details>\n\n\n\n<p class=\"has-text-align-center\"><strong><strong>IRINA NASTASI<\/strong><\/strong><br>&#8211;<a href=\"https:\/\/revistapontica.com\/wp-content\/uploads\/2026\/04\/984-Pontica-40-2007-IRINA-NASTASI-\u2013-Indicele-revistei-Pontica-2002-2007.pdf\" data-type=\"link\" data-id=\"https:\/\/revistapontica.com\/wp-content\/uploads\/2026\/04\/984-Pontica-40-2007-IRINA-NASTASI-\u2013-Indicele-revistei-Pontica-2002-2007.pdf\">deschide varianta PDF<\/a>&#8211;<\/p>\n","protected":false},"excerpt":{"rendered":"<p>SUMAR&#8211;deschide varianta PDF&#8211; Lista abrevierilor&#8211;deschide varianta PDF&#8211; ALEXANDRE BARALIS (France)&#8211;deschide varianta PDF&#8211; GOCHA R. TSETSKHLADZE (Australia)&#8211;deschide varianta PDF&#8211; PETRE ALEXANDRESCU&#8211;deschide varianta PDF&#8211; OCTAVIAN BOUNEGRU&#8211;deschide varianta PDF&#8211; YVON GARLAN (France)&#8211;deschide varianta PDF&#8211; MARIA ALEXANDRESCU VIANU&#8211;deschide varianta PDF&#8211; VASILICA LUNGU&#8211;deschide varianta PDF&#8211; PIERRE DUPONT (France), VASILICA LUNGU&#8211;deschide varianta PDF&#8211; MIHAI IRIMA&#8211;deschide varianta PDF&#8211; VASILE LICA&#8211;deschide varianta PDF&#8211; [&hellip;]<\/p>\n","protected":false},"author":2,"featured_media":0,"comment_status":"closed","ping_status":"closed","sticky":false,"template":"","format":"standard","meta":{"footnotes":""},"categories":[18],"tags":[],"class_list":["post-1457","post","type-post","status-publish","format-standard","hentry","category-revista"],"_links":{"self":[{"href":"https:\/\/revistapontica.com\/en\/wp-json\/wp\/v2\/posts\/1457","targetHints":{"allow":["GET"]}}],"collection":[{"href":"https:\/\/revistapontica.com\/en\/wp-json\/wp\/v2\/posts"}],"about":[{"href":"https:\/\/revistapontica.com\/en\/wp-json\/wp\/v2\/types\/post"}],"author":[{"embeddable":true,"href":"https:\/\/revistapontica.com\/en\/wp-json\/wp\/v2\/users\/2"}],"replies":[{"embeddable":true,"href":"https:\/\/revistapontica.com\/en\/wp-json\/wp\/v2\/comments?post=1457"}],"version-history":[{"count":5,"href":"https:\/\/revistapontica.com\/en\/wp-json\/wp\/v2\/posts\/1457\/revisions"}],"predecessor-version":[{"id":1901,"href":"https:\/\/revistapontica.com\/en\/wp-json\/wp\/v2\/posts\/1457\/revisions\/1901"}],"wp:attachment":[{"href":"https:\/\/revistapontica.com\/en\/wp-json\/wp\/v2\/media?parent=1457"}],"wp:term":[{"taxonomy":"category","embeddable":true,"href":"https:\/\/revistapontica.com\/en\/wp-json\/wp\/v2\/categories?post=1457"},{"taxonomy":"post_tag","embeddable":true,"href":"https:\/\/revistapontica.com\/en\/wp-json\/wp\/v2\/tags?post=1457"}],"curies":[{"name":"wp","href":"https:\/\/api.w.org\/{rel}","templated":true}]}}