{"id":1461,"date":"2026-04-26T15:28:27","date_gmt":"2026-04-26T12:28:27","guid":{"rendered":"https:\/\/revistapontica.com\/?p=1461"},"modified":"2026-04-29T18:34:49","modified_gmt":"2026-04-29T15:34:49","slug":"pontica-nr-37-38-2004-2005","status":"publish","type":"post","link":"https:\/\/revistapontica.com\/en\/pontica-nr-37-38-2004-2005\/","title":{"rendered":"Pontica Nr. 37-38 (2004-2005)"},"content":{"rendered":"<div class=\"wp-block-image\">\n<figure class=\"aligncenter size-large is-resized\"><img fetchpriority=\"high\" decoding=\"async\" width=\"725\" height=\"1024\" src=\"https:\/\/revistapontica.com\/wp-content\/uploads\/2026\/04\/pontica-37-38-725x1024.jpg\" alt=\"\" class=\"wp-image-1560\" style=\"width:548px;height:auto\" srcset=\"https:\/\/revistapontica.com\/wp-content\/uploads\/2026\/04\/pontica-37-38-725x1024.jpg 725w, https:\/\/revistapontica.com\/wp-content\/uploads\/2026\/04\/pontica-37-38-213x300.jpg 213w, https:\/\/revistapontica.com\/wp-content\/uploads\/2026\/04\/pontica-37-38-768x1084.jpg 768w, https:\/\/revistapontica.com\/wp-content\/uploads\/2026\/04\/pontica-37-38-9x12.jpg 9w, https:\/\/revistapontica.com\/wp-content\/uploads\/2026\/04\/pontica-37-38.jpg 850w\" sizes=\"(max-width: 725px) 100vw, 725px\" \/><\/figure>\n<\/div>\n\n\n<div style=\"height:50px\" aria-hidden=\"true\" class=\"wp-block-spacer\"><\/div>\n\n\n\n<div class=\"wp-block-buttons is-content-justification-center is-layout-flex wp-container-core-buttons-is-layout-16018d1d wp-block-buttons-is-layout-flex\">\n<div class=\"wp-block-button is-style-outline is-style-outline--1\"><a class=\"wp-block-button__link has-small-font-size has-custom-font-size wp-element-button\" href=\"https:\/\/revistapontica.com\/wp-content\/uploads\/2026\/04\/864-Pontica-37-38-2004-2005.pdf\" style=\"border-top-left-radius:0px;border-top-right-radius:0px;border-bottom-left-radius:0px;border-bottom-right-radius:0px\"><strong>DESCHIDE PONTICA NR. 37-38 &#8211; VARIANTA COMPLET\u0102 \u00ceN FORMAT .PDF<\/strong> (19 Mb)<\/a><\/div>\n<\/div>\n\n\n\n<div style=\"height:50px\" aria-hidden=\"true\" class=\"wp-block-spacer\"><\/div>\n\n\n\n<p class=\"has-text-align-center\"><strong>SUMAR<\/strong><br>&#8211;<a href=\"https:\/\/revistapontica.com\/wp-content\/uploads\/2026\/04\/864-1-Pontica-37-38-2004-2005-Sumar.pdf\" data-type=\"link\" data-id=\"https:\/\/revistapontica.com\/wp-content\/uploads\/2026\/04\/864-1-Pontica-37-38-2004-2005-Sumar.pdf\">deschide varianta PDF<\/a>&#8211;<\/p>\n\n\n\n<hr class=\"wp-block-separator has-alpha-channel-opacity\"\/>\n\n\n\n<p class=\"has-text-align-center\"><strong>Lista abrevierilor<\/strong><br>&#8211;<a href=\"https:\/\/revistapontica.com\/wp-content\/uploads\/2026\/04\/864-2-Pontica-37-38-2004-2005-Lista-abrevierilor.pdf\" data-type=\"link\" data-id=\"https:\/\/revistapontica.com\/wp-content\/uploads\/2026\/04\/864-2-Pontica-37-38-2004-2005-Lista-abrevierilor.pdf\">deschide varianta PDF<\/a>&#8211;<\/p>\n\n\n\n<hr class=\"wp-block-separator has-alpha-channel-opacity\"\/>\n\n\n\n<details class=\"wp-block-details is-layout-flow wp-block-details-is-layout-flow\"><summary>Monuments of the Final Phase of Cultures Hamangia and Sava on the Territory of Bulgaria<\/summary>\n<p><\/p>\n<\/details>\n\n\n\n<p class=\"has-text-align-center\"><strong><strong><strong><strong>VLADIMIR SLAVCHEV<\/strong><\/strong><\/strong><\/strong><br>&#8211;<a href=\"https:\/\/revistapontica.com\/wp-content\/uploads\/2026\/04\/865-Pontica-37-38-2004-2005-VLADIMIR-SLAVCHEV-\u2013-Monuments-of-the-Final-Phase-of-Cultures-Hamangia-and-Sava-on-the-Territory-of-Bulgaria.pdf\" data-type=\"link\" data-id=\"https:\/\/revistapontica.com\/wp-content\/uploads\/2026\/04\/865-Pontica-37-38-2004-2005-VLADIMIR-SLAVCHEV-\u2013-Monuments-of-the-Final-Phase-of-Cultures-Hamangia-and-Sava-on-the-Territory-of-Bulgaria.pdf\">deschide varianta PDF<\/a>&#8211;<\/p>\n\n\n\n<hr class=\"wp-block-separator has-alpha-channel-opacity\"\/>\n\n\n\n<details class=\"wp-block-details is-layout-flow wp-block-details-is-layout-flow\"><summary>Cauze privind sf\u00e2r\u015fitul eneoliticului \u00een zona litoralului vest-pontic. A\u015fezarea de pe insula \u201cLa Ostrov\u201d, lacul Ta\u015faul<\/summary>\n<p><\/p>\n<\/details>\n\n\n\n<p class=\"has-text-align-center\"><strong><strong><strong>VALENTINA VOINEA<\/strong><\/strong><\/strong><br>&#8211;<a href=\"https:\/\/revistapontica.com\/wp-content\/uploads\/2026\/04\/866-Pontica-37-38-2004-2005-VALENTINA-VOINEA-\u2013-Cauze-privind-sfarsitul-eneoliticului-in-zona-litoralului-vest-pontic.-Asezarea-de-pe-insula-La-Ostrov-lacul-Tasaul-Nav.pdf\" data-type=\"link\" data-id=\"https:\/\/revistapontica.com\/wp-content\/uploads\/2026\/04\/866-Pontica-37-38-2004-2005-VALENTINA-VOINEA-\u2013-Cauze-privind-sfarsitul-eneoliticului-in-zona-litoralului-vest-pontic.-Asezarea-de-pe-insula-La-Ostrov-lacul-Tasaul-Nav.pdf\">deschide varianta PDF<\/a>&#8211;<\/p>\n\n\n\n<hr class=\"wp-block-separator has-alpha-channel-opacity\"\/>\n\n\n\n<details class=\"wp-block-details is-layout-flow wp-block-details-is-layout-flow\"><summary>Copper Objects Discovered in the Tell Settlement at Luncavi\u0163a, Cet\u0103\u0163uia Point<\/summary>\n<p><\/p>\n<\/details>\n\n\n\n<p class=\"has-text-align-center\"><strong><strong><strong>CRISTIAN MICU, MARIUS BELC<\/strong><\/strong><\/strong><br>&#8211;<a href=\"https:\/\/revistapontica.com\/wp-content\/uploads\/2026\/04\/867-Pontica-37-38-2004-2005-CRISTIAN-MICU-MARIUS-BELC-\u2013-Copper-Objects-Discovered-in-the-Tell-Settlement-at-Luncavita-Cetatuia-Point.pdf\" data-type=\"link\" data-id=\"https:\/\/revistapontica.com\/wp-content\/uploads\/2026\/04\/867-Pontica-37-38-2004-2005-CRISTIAN-MICU-MARIUS-BELC-\u2013-Copper-Objects-Discovered-in-the-Tell-Settlement-at-Luncavita-Cetatuia-Point.pdf\">deschide varianta PDF<\/a>&#8211;<\/p>\n\n\n\n<hr class=\"wp-block-separator has-alpha-channel-opacity\"\/>\n\n\n\n<details class=\"wp-block-details is-layout-flow wp-block-details-is-layout-flow\"><summary>Zu den Bestattungssitten der Tei-Kultur<\/summary>\n<p><\/p>\n<\/details>\n\n\n\n<p class=\"has-text-align-center\"><strong><strong><strong>CRISTIAN SCHUSTER, ALEXANDRA COM\u015eA, C\u0102T\u0102LINA SEMUC<\/strong><\/strong><\/strong><br>&#8211;<a href=\"https:\/\/revistapontica.com\/wp-content\/uploads\/2026\/04\/868-Pontica-37-38-2004-2005-CRISTIAN-SCHUSTER-ALEXANDRA-COMSA-CATALINA-SEMUC-\u2013-Zu-den-Bestattungssitten-der-Tei-Kultur.pdf\" data-type=\"link\" data-id=\"https:\/\/revistapontica.com\/wp-content\/uploads\/2026\/04\/868-Pontica-37-38-2004-2005-CRISTIAN-SCHUSTER-ALEXANDRA-COMSA-CATALINA-SEMUC-\u2013-Zu-den-Bestattungssitten-der-Tei-Kultur.pdf\">deschide varianta PDF<\/a>&#8211;<\/p>\n\n\n\n<hr class=\"wp-block-separator has-alpha-channel-opacity\"\/>\n\n\n\n<details class=\"wp-block-details is-layout-flow wp-block-details-is-layout-flow\"><summary>Sceptrele de piatr\u0103 zoomorfe. Interpretare \u015fi cronologie<\/summary>\n<p><\/p>\n<\/details>\n\n\n\n<p class=\"has-text-align-center\"><strong><strong>NICOLAE HAR\u0162UCHE<\/strong><\/strong><br>&#8211;<a href=\"https:\/\/revistapontica.com\/wp-content\/uploads\/2026\/04\/869-Pontica-37-38-2004-2005-NICOLAE-HARTUCHE-\u2013-Sceptrele-de-piatra-zoomorfe.-Interpretare-si-cronologie.pdf\" data-type=\"link\" data-id=\"https:\/\/revistapontica.com\/wp-content\/uploads\/2026\/04\/869-Pontica-37-38-2004-2005-NICOLAE-HARTUCHE-\u2013-Sceptrele-de-piatra-zoomorfe.-Interpretare-si-cronologie.pdf\">deschide varianta PDF<\/a>&#8211;<\/p>\n\n\n\n<hr class=\"wp-block-separator has-alpha-channel-opacity\"\/>\n\n\n\n<details class=\"wp-block-details is-layout-flow wp-block-details-is-layout-flow\"><summary>Arme \u015fi podoabe inedite de bronz din jude\u0163ul Tulcea<\/summary>\n<p><\/p>\n<\/details>\n\n\n\n<p class=\"has-text-align-center\"><strong><strong>GAVRIL\u0102 SIMION<\/strong><\/strong><br>&#8211;<a href=\"https:\/\/revistapontica.com\/wp-content\/uploads\/2026\/04\/870-Pontica-37-38-2004-2005-GAVRILA-SIMION-\u2013-Arme-si-podoabe-inedite-de-bronz-din-judetul-Tulcea.pdf\" data-type=\"link\" data-id=\"https:\/\/revistapontica.com\/wp-content\/uploads\/2026\/04\/870-Pontica-37-38-2004-2005-GAVRILA-SIMION-\u2013-Arme-si-podoabe-inedite-de-bronz-din-judetul-Tulcea.pdf\">deschide varianta PDF<\/a>&#8211;<\/p>\n\n\n\n<hr class=\"wp-block-separator has-alpha-channel-opacity\"\/>\n\n\n\n<details class=\"wp-block-details is-layout-flow wp-block-details-is-layout-flow\"><summary>Considera\u0163ii privind realizarea decorului imprimat pe ceramica din prima epoc\u0103 a fierul<\/summary>\n<p><\/p>\n<\/details>\n\n\n\n<p class=\"has-text-align-center\"><strong><strong>S. AILINC\u0102I, A. V. NICIC, G. JUG\u0102NARU, C. DOBRINESCU<\/strong><\/strong><br>&#8211;<a href=\"https:\/\/revistapontica.com\/wp-content\/uploads\/2026\/04\/871-Pontica-37-38-2004-2005-S.-AILINCAI-A.-V.-NICIC-G.-JUGANARU-C.-DOBRINESCU-\u2013-Consideratii-privind-realizarea-decorului-imprimat-pe-ceramica-din-prima-epoca-a-fierul.pdf\" data-type=\"link\" data-id=\"https:\/\/revistapontica.com\/wp-content\/uploads\/2026\/04\/871-Pontica-37-38-2004-2005-S.-AILINCAI-A.-V.-NICIC-G.-JUGANARU-C.-DOBRINESCU-\u2013-Consideratii-privind-realizarea-decorului-imprimat-pe-ceramica-din-prima-epoca-a-fierul.pdf\">deschide varianta PDF<\/a>&#8211;<\/p>\n\n\n\n<hr class=\"wp-block-separator has-alpha-channel-opacity\"\/>\n\n\n\n<details class=\"wp-block-details is-layout-flow wp-block-details-is-layout-flow\"><summary>Condi\u0163iile de descoperire ale kuros-ului arhaic de la Histria (dup\u0103 carnetele Lambrino)<\/summary>\n<p><\/p>\n<\/details>\n\n\n\n<p class=\"has-text-align-center\"><strong><strong>PETRE ALEXANDRESCU<\/strong><\/strong><br>&#8211;<a href=\"https:\/\/revistapontica.com\/wp-content\/uploads\/2026\/04\/872-Pontica-37-38-2004-2005-PETRE-ALEXANDRESCU-\u2013-Conditiile-de-descoperire-ale-kuros-ului-arhaic-de-la-Histria-dupa-carnetele-Lambrino.pdf\" data-type=\"link\" data-id=\"https:\/\/revistapontica.com\/wp-content\/uploads\/2026\/04\/872-Pontica-37-38-2004-2005-PETRE-ALEXANDRESCU-\u2013-Conditiile-de-descoperire-ale-kuros-ului-arhaic-de-la-Histria-dupa-carnetele-Lambrino.pdf\">deschide varianta PDF<\/a>&#8211;<\/p>\n\n\n\n<hr class=\"wp-block-separator has-alpha-channel-opacity\"\/>\n\n\n\n<details class=\"wp-block-details is-layout-flow wp-block-details-is-layout-flow\"><summary>Ceramic\u0103 greac\u0103 de uz comun din a\u015fezarea de la Albe\u015fti (jud. Constan\u0163a) &#8211; lekythoi<\/summary>\n<p><\/p>\n<\/details>\n\n\n\n<p class=\"has-text-align-center\"><strong><strong>LIVIA BUZOIANU, MARIA B\u0102RBULESCU<\/strong><\/strong><br>&#8211;<a href=\"https:\/\/revistapontica.com\/wp-content\/uploads\/2026\/04\/873-Pontica-37-38-2004-2005-LIVIA-BUZOIANU-MARIA-BARBULESCU-\u2013-Ceramica-greaca-de-uz-comun-din-asezarea-de-la-Albesti-jud.-Constanta-lekythoi.pdf\" data-type=\"link\" data-id=\"https:\/\/revistapontica.com\/wp-content\/uploads\/2026\/04\/873-Pontica-37-38-2004-2005-LIVIA-BUZOIANU-MARIA-BARBULESCU-\u2013-Ceramica-greaca-de-uz-comun-din-asezarea-de-la-Albesti-jud.-Constanta-lekythoi.pdf\">deschide varianta PDF<\/a>&#8211;<\/p>\n\n\n\n<hr class=\"wp-block-separator has-alpha-channel-opacity\"\/>\n\n\n\n<details class=\"wp-block-details is-layout-flow wp-block-details-is-layout-flow\"><summary>Ceramic\u0103 sigilat\u0103 pergamenian\u0103 de la Callatis<\/summary>\n<p><\/p>\n<\/details>\n\n\n\n<p class=\"has-text-align-center\"><strong><strong>OCTAVIAN BOUNEGRU<\/strong><\/strong><br>&#8211;<a href=\"https:\/\/revistapontica.com\/wp-content\/uploads\/2026\/04\/874-Pontica-37-38-2004-2005-OCTAVIAN-BOUNEGRU-\u2013-Ceramica-sigilata-pergameniana-de-la-Callatis.pdf\" data-type=\"link\" data-id=\"https:\/\/revistapontica.com\/wp-content\/uploads\/2026\/04\/874-Pontica-37-38-2004-2005-OCTAVIAN-BOUNEGRU-\u2013-Ceramica-sigilata-pergameniana-de-la-Callatis.pdf\">deschide varianta PDF<\/a>&#8211;<\/p>\n\n\n\n<hr class=\"wp-block-separator has-alpha-channel-opacity\"\/>\n\n\n\n<details class=\"wp-block-details is-layout-flow wp-block-details-is-layout-flow\"><summary>Note epigrafice<\/summary>\n<p><\/p>\n<\/details>\n\n\n\n<p class=\"has-text-align-center\"><strong><strong>MIHAI IONESCU, ALEXANDRU BARNEA, OCTAVIAN BOUNEGRU<\/strong><\/strong><br>&#8211;<a href=\"https:\/\/revistapontica.com\/wp-content\/uploads\/2026\/04\/875-Pontica-37-38-2004-2005-MIHAI-IONESCU-ALEXANDRU-BARNEA-OCTAVIAN-BOUNEGRU-\u2013-Note-epigrafice.pdf\" data-type=\"link\" data-id=\"https:\/\/revistapontica.com\/wp-content\/uploads\/2026\/04\/875-Pontica-37-38-2004-2005-MIHAI-IONESCU-ALEXANDRU-BARNEA-OCTAVIAN-BOUNEGRU-\u2013-Note-epigrafice.pdf\">deschide varianta PDF<\/a>&#8211;<\/p>\n\n\n\n<hr class=\"wp-block-separator has-alpha-channel-opacity\"\/>\n\n\n\n<details class=\"wp-block-details is-layout-flow wp-block-details-is-layout-flow\"><summary>Un nou monument epigrafic privitor la vexillatio Capidavensium. In memoriam Radu Florescu<\/summary>\n<p><\/p>\n<\/details>\n\n\n\n<p class=\"has-text-align-center\"><strong><strong>IOAN C. OPRI\u015e<\/strong><\/strong><br>&#8211;<a href=\"https:\/\/revistapontica.com\/wp-content\/uploads\/2026\/04\/876-Pontica-37-38-2004-2005-IOAN-C.-OPRIS-\u2013-Un-nou-monument-epigrafic-privitor-la-vexillatio-Capidavensium.-In-memoriam-Radu-Floresc.pdf\" data-type=\"link\" data-id=\"https:\/\/revistapontica.com\/wp-content\/uploads\/2026\/04\/876-Pontica-37-38-2004-2005-IOAN-C.-OPRIS-\u2013-Un-nou-monument-epigrafic-privitor-la-vexillatio-Capidavensium.-In-memoriam-Radu-Floresc.pdf\">deschide varianta PDF<\/a>&#8211;<\/p>\n\n\n\n<hr class=\"wp-block-separator has-alpha-channel-opacity\"\/>\n\n\n\n<details class=\"wp-block-details is-layout-flow wp-block-details-is-layout-flow\"><summary>Cariera centurionului M. Calventius Viator<\/summary>\n<p><\/p>\n<\/details>\n\n\n\n<p class=\"has-text-align-center\"><strong><strong>CONSTANTIN C. PETOLESCU<\/strong><br><\/strong>&#8211;<a href=\"https:\/\/revistapontica.com\/wp-content\/uploads\/2026\/04\/877-Pontica-37-38-2004-2005-CONSTANTIN-C.-PETOLESCU-\u2013-Cariera-centurionului-M.-Calventius-Viator.pdf\" data-type=\"link\" data-id=\"https:\/\/revistapontica.com\/wp-content\/uploads\/2026\/04\/877-Pontica-37-38-2004-2005-CONSTANTIN-C.-PETOLESCU-\u2013-Cariera-centurionului-M.-Calventius-Viator.pdf\">deschide varianta PDF<\/a>&#8211;<\/p>\n\n\n\n<hr class=\"wp-block-separator has-alpha-channel-opacity\"\/>\n\n\n\n<details class=\"wp-block-details is-layout-flow wp-block-details-is-layout-flow\"><summary>Les troupes de Dacie et les dieux &#8211; les t\u00e9moignages collectifs de pi\u00e9t\u00e9. Piae memoriae magistri Radu Florescu<\/summary>\n<p><\/p>\n<\/details>\n\n\n\n<p class=\"has-text-align-center\"><strong><strong>MIHAI POPESCU<\/strong><\/strong><br>&#8211;<a href=\"https:\/\/revistapontica.com\/wp-content\/uploads\/2026\/04\/878-Pontica-37-38-2004-2005-MIHAI-POPESCU-\u2013-Les-troupes-de-Dacie-et-les-dieux-les-temoignages-collectifs-de-piete.-Piae-memoriae-magistri-Radu-Florescu.pdf\" data-type=\"link\" data-id=\"https:\/\/revistapontica.com\/wp-content\/uploads\/2026\/04\/878-Pontica-37-38-2004-2005-MIHAI-POPESCU-\u2013-Les-troupes-de-Dacie-et-les-dieux-les-temoignages-collectifs-de-piete.-Piae-memoriae-magistri-Radu-Florescu.pdf\">deschide varianta PDF<\/a>&#8211;<\/p>\n\n\n\n<hr class=\"wp-block-separator has-alpha-channel-opacity\"\/>\n\n\n\n<details class=\"wp-block-details is-layout-flow wp-block-details-is-layout-flow\"><summary>Statuete votive din plumb de la Durostorum<\/summary>\n<p><\/p>\n<\/details>\n\n\n\n<p class=\"has-text-align-center\"><strong>DAN ELEFTERESCU<br><\/strong>&#8211;<a href=\"https:\/\/revistapontica.com\/wp-content\/uploads\/2026\/04\/879-Pontica-37-38-2004-2005-DAN-ELEFTERESCU-\u2013-Statuete-votive-din-plumb-de-la-Durostorum.pdf\" data-type=\"link\" data-id=\"https:\/\/revistapontica.com\/wp-content\/uploads\/2026\/04\/879-Pontica-37-38-2004-2005-DAN-ELEFTERESCU-\u2013-Statuete-votive-din-plumb-de-la-Durostorum.pdf\">deschide varianta PDF<\/a>&#8211;<\/p>\n\n\n\n<hr class=\"wp-block-separator has-alpha-channel-opacity\"\/>\n\n\n\n<details class=\"wp-block-details is-layout-flow wp-block-details-is-layout-flow\"><summary>S\u0103rb\u0103tori dionysiace \u00een cet\u0103\u0163ile grece\u015fti din Pontul St\u00e2ng<\/summary>\n<p><\/p>\n<\/details>\n\n\n\n<p class=\"has-text-align-center\"><strong><strong>REMUS MIHAI FERARU<\/strong><\/strong><br>&#8211;<a href=\"https:\/\/revistapontica.com\/wp-content\/uploads\/2026\/04\/880-Pontica-37-38-2004-2005-REMUS-MIHAI-FERARU-\u2013-Sarbatori-dionysiace-in-cetatile-grecesti-din-Pontul-Stang.pdf\" data-type=\"link\" data-id=\"https:\/\/revistapontica.com\/wp-content\/uploads\/2026\/04\/880-Pontica-37-38-2004-2005-REMUS-MIHAI-FERARU-\u2013-Sarbatori-dionysiace-in-cetatile-grecesti-din-Pontul-Stang.pdf\">deschide varianta PDF<\/a>&#8211;<\/p>\n\n\n\n<hr class=\"wp-block-separator has-alpha-channel-opacity\"\/>\n\n\n\n<details class=\"wp-block-details is-layout-flow wp-block-details-is-layout-flow\"><summary>Mithra \u00een Asia Mic\u0103 \u015fi \u00een lumea roman\u0103<\/summary>\n<p><\/p>\n<\/details>\n\n\n\n<p class=\"has-text-align-center\"><strong><strong>IULIAN MOGA<\/strong><\/strong><br>&#8211;<a href=\"https:\/\/revistapontica.com\/wp-content\/uploads\/2026\/04\/881-Pontica-37-38-2004-2005-IULIAN-MOGA-\u2013-Mithra-in-Asia-Mica-si-in-lumea-romana.pdf\" data-type=\"link\" data-id=\"https:\/\/revistapontica.com\/wp-content\/uploads\/2026\/04\/881-Pontica-37-38-2004-2005-IULIAN-MOGA-\u2013-Mithra-in-Asia-Mica-si-in-lumea-romana.pdf\">deschide varianta PDF<\/a>&#8211;<\/p>\n\n\n\n<hr class=\"wp-block-separator has-alpha-channel-opacity\"\/>\n\n\n\n<details class=\"wp-block-details is-layout-flow wp-block-details-is-layout-flow\"><summary>Le palais des \u00e9v\u00eaques de Durostorum des V-e \u2013 VI-e si\u00e8cles<\/summary>\n<p><\/p>\n<\/details>\n\n\n\n<p class=\"has-text-align-center\"><strong><strong>GEORGI ATANASOV<\/strong><\/strong><br>&#8211;<a href=\"https:\/\/revistapontica.com\/wp-content\/uploads\/2026\/04\/882-Pontica-37-38-2004-2005-GEORGI-ATANASOV-\u2013-Le-palais-des-eveques-de-Durostorum-des-V-e-\u2013-VI-e-siecles.pdf\" data-type=\"link\" data-id=\"https:\/\/revistapontica.com\/wp-content\/uploads\/2026\/04\/882-Pontica-37-38-2004-2005-GEORGI-ATANASOV-\u2013-Le-palais-des-eveques-de-Durostorum-des-V-e-\u2013-VI-e-siecles.pdf\">deschide varianta PDF<\/a>&#8211;<\/p>\n\n\n\n<hr class=\"wp-block-separator has-alpha-channel-opacity\"\/>\n\n\n\n<details class=\"wp-block-details is-layout-flow wp-block-details-is-layout-flow\"><summary>Realizarea modelului tridimensional al unui sit arheologic. Studiu de caz &#8211; Radovanu, \u201eGorgana a doua&#8221;<\/summary>\n<p><\/p>\n<\/details>\n\n\n\n<p class=\"has-text-align-center\"><strong><strong>ALEXANDRU S. MORINTZ, GH. CHELMEC, A. CHELMEC<\/strong><\/strong><br>&#8211;<a href=\"https:\/\/revistapontica.com\/wp-content\/uploads\/2026\/04\/883-Pontica-37-38-2004-2005-ALEXANDRU-S.-MORINTZ-GH.-CHELMEC-A.-CHELMEC-\u2013-Realizarea-modelului-tridimensional-al-unui-sit-arheologic.-Studiu-de-caz-Radovanu-\u201eGorgana.pdf\" data-type=\"link\" data-id=\"https:\/\/revistapontica.com\/wp-content\/uploads\/2026\/04\/883-Pontica-37-38-2004-2005-ALEXANDRU-S.-MORINTZ-GH.-CHELMEC-A.-CHELMEC-\u2013-Realizarea-modelului-tridimensional-al-unui-sit-arheologic.-Studiu-de-caz-Radovanu-\u201eGorgana.pdf\">deschide varianta PDF<\/a>&#8211;<\/p>\n\n\n\n<hr class=\"wp-block-separator has-alpha-channel-opacity\"\/>\n\n\n\n<details class=\"wp-block-details is-layout-flow wp-block-details-is-layout-flow\"><summary>2003. Gradiometric Research at Murighiol, Rom\u00e2nia<\/summary>\n<p><\/p>\n<\/details>\n\n\n\n<p class=\"has-text-align-center\"><strong>DAVID M. MONSEES Jr.<\/strong><br>&#8211;<a href=\"https:\/\/revistapontica.com\/wp-content\/uploads\/2026\/04\/884-Pontica-37-38-2004-2005-DAVID-M.-MONSEES-Jr.-\u2013-2003.-Gradiometric-Research-at-Murighiol-Romania.pdf\" data-type=\"link\" data-id=\"https:\/\/revistapontica.com\/wp-content\/uploads\/2026\/04\/884-Pontica-37-38-2004-2005-DAVID-M.-MONSEES-Jr.-\u2013-2003.-Gradiometric-Research-at-Murighiol-Romania.pdf\">deschide varianta PDF<\/a>&#8211;<\/p>\n\n\n\n<hr class=\"wp-block-separator has-alpha-channel-opacity\"\/>\n\n\n\n<details class=\"wp-block-details is-layout-flow wp-block-details-is-layout-flow\"><summary>Descoperiri getice \u00een zona Ad\u00e2ncata (com. Aliman, jud. Constan\u0163a)<\/summary>\n<p><\/p>\n<\/details>\n\n\n\n<p class=\"has-text-align-center\"><strong><strong>MIHAI IRIMIA<\/strong><\/strong><br>&#8211;<a href=\"https:\/\/revistapontica.com\/wp-content\/uploads\/2026\/04\/885-Pontica-37-38-2004-2005-MIHAI-IRIMIA-\u2013-Descoperiri-getice-in-zona-Adancata-com.-Aliman-jud.-Constanta.pdf\" data-type=\"link\" data-id=\"https:\/\/revistapontica.com\/wp-content\/uploads\/2026\/04\/885-Pontica-37-38-2004-2005-MIHAI-IRIMIA-\u2013-Descoperiri-getice-in-zona-Adancata-com.-Aliman-jud.-Constanta.pdf\">deschide varianta PDF<\/a>&#8211;<\/p>\n\n\n\n<hr class=\"wp-block-separator has-alpha-channel-opacity\"\/>\n\n\n\n<details class=\"wp-block-details is-layout-flow wp-block-details-is-layout-flow\"><summary>Cercet\u0103ri arheologice \u00een \u00eemprejurimile ora\u015fului H\u00e2r\u015fova , punctul \u2013 \u201eCelea Mic\u0103\u201d<\/summary>\n<p><\/p>\n<\/details>\n\n\n\n<p class=\"has-text-align-center\"><strong><strong>CONSTANTIN NICOLAE, VLAD NICOLAE<\/strong><\/strong><br>&#8211;<a href=\"https:\/\/revistapontica.com\/wp-content\/uploads\/2026\/04\/886-Pontica-37-38-2004-2005-CONSTANTIN-NICOLAE-VLAD-NICOLAE-\u2013-Cercetari-arheologice-in-imprejurimile-orasului-Harsova-punctul-\u2013-\u201eCelea-Mica.pdf\" data-type=\"link\" data-id=\"https:\/\/revistapontica.com\/wp-content\/uploads\/2026\/04\/886-Pontica-37-38-2004-2005-CONSTANTIN-NICOLAE-VLAD-NICOLAE-\u2013-Cercetari-arheologice-in-imprejurimile-orasului-Harsova-punctul-\u2013-\u201eCelea-Mica.pdf\">deschide varianta PDF<\/a>&#8211;<\/p>\n\n\n\n<hr class=\"wp-block-separator has-alpha-channel-opacity\"\/>\n\n\n\n<details class=\"wp-block-details is-layout-flow wp-block-details-is-layout-flow\"><summary>Noi morminte elenistice \u015fi romane cercetate la Mangalia<\/summary>\n<p><\/p>\n<\/details>\n\n\n\n<p class=\"has-text-align-center\"><strong><strong>ION P\u00c2SLARU, SORIN COLESNIUC<\/strong><\/strong><br>&#8211;<a href=\"https:\/\/revistapontica.com\/wp-content\/uploads\/2026\/04\/887-Pontica-37-38-2004-2005-ION-PASLARU-SORIN-COLESNIUC-\u2013-Noi-morminte-elenistice-si-romane-cercetate-la-Mangalia.pdf\" data-type=\"link\" data-id=\"https:\/\/revistapontica.com\/wp-content\/uploads\/2026\/04\/887-Pontica-37-38-2004-2005-ION-PASLARU-SORIN-COLESNIUC-\u2013-Noi-morminte-elenistice-si-romane-cercetate-la-Mangalia.pdf\">deschide varianta PDF<\/a>&#8211;<\/p>\n\n\n\n<hr class=\"wp-block-separator has-alpha-channel-opacity\"\/>\n\n\n\n<details class=\"wp-block-details is-layout-flow wp-block-details-is-layout-flow\"><summary>O friz\u0103 cu reprezent\u0103ri de divinit\u0103\u0163i descoperit\u0103 la Callatis<\/summary>\n<p><\/p>\n<\/details>\n\n\n\n<p class=\"has-text-align-center\"><strong>ION P\u00c2SLARU, SORIN COLESNIUC<\/strong><br>&#8211;<a href=\"https:\/\/revistapontica.com\/wp-content\/uploads\/2026\/04\/888-Pontica-37-38-2004-2005-ION-PASLARU-SORIN-COLESNIUC-\u2013-O-friza-cu-reprezentari-de-divinitati-descoperita-la-Callatis.pdf\" data-type=\"link\" data-id=\"https:\/\/revistapontica.com\/wp-content\/uploads\/2026\/04\/888-Pontica-37-38-2004-2005-ION-PASLARU-SORIN-COLESNIUC-\u2013-O-friza-cu-reprezentari-de-divinitati-descoperita-la-Callatis.pdf\">deschide varianta PDF<\/a>&#8211;<\/p>\n\n\n\n<hr class=\"wp-block-separator has-alpha-channel-opacity\"\/>\n\n\n\n<details class=\"wp-block-details is-layout-flow wp-block-details-is-layout-flow\"><summary>Aspecte topografice ale cet\u0103\u0163ii Callatis \u00een epoca romano-bizantin\u0103<\/summary>\n<p><\/p>\n<\/details>\n\n\n\n<p class=\"has-text-align-center\"><strong><strong>NICOLAE ALEXANDRU, ROBERT CONSTANTIN, MIHAI IONESCU<\/strong><\/strong><br>&#8211;<a href=\"https:\/\/revistapontica.com\/wp-content\/uploads\/2026\/04\/889-Pontica-37-38-2004-2005-NICOLAE-ALEXANDRU-ROBERT-CONSTANTIN-MIHAI-IONESCU-\u2013-Aspecte-topografice-ale-cetatii-Callatis-in-epoca-romano-bizantina.pdf\" data-type=\"link\" data-id=\"https:\/\/revistapontica.com\/wp-content\/uploads\/2026\/04\/889-Pontica-37-38-2004-2005-NICOLAE-ALEXANDRU-ROBERT-CONSTANTIN-MIHAI-IONESCU-\u2013-Aspecte-topografice-ale-cetatii-Callatis-in-epoca-romano-bizantina.pdf\">deschide varianta PDF<\/a>&#8211;<\/p>\n\n\n\n<hr class=\"wp-block-separator has-alpha-channel-opacity\"\/>\n\n\n\n<details class=\"wp-block-details is-layout-flow wp-block-details-is-layout-flow\"><summary>Ulmetum 2004 \u2013 dup\u0103 90 de ani<\/summary>\n<p><\/p>\n<\/details>\n\n\n\n<p class=\"has-text-align-center\"><strong><strong>ZAHARIA COVACEF<\/strong><\/strong><br>&#8211;<a href=\"https:\/\/revistapontica.com\/wp-content\/uploads\/2026\/04\/890-Pontica-37-38-2004-2005-ZAHARIA-COVACEF-\u2013-Ulmetum-2004-\u2013-dupa-90-de-ani.pdf\" data-type=\"link\" data-id=\"https:\/\/revistapontica.com\/wp-content\/uploads\/2026\/04\/890-Pontica-37-38-2004-2005-ZAHARIA-COVACEF-\u2013-Ulmetum-2004-\u2013-dupa-90-de-ani.pdf\">deschide varianta PDF<\/a>&#8211;<\/p>\n\n\n\n<hr class=\"wp-block-separator has-alpha-channel-opacity\"\/>\n\n\n\n<details class=\"wp-block-details is-layout-flow wp-block-details-is-layout-flow\"><summary>Rezultate ale cercet\u0103rii geofizice (2000 \u2013 2003) \u00een cetatea Tropaeum Traiani<\/summary>\n<p><\/p>\n<\/details>\n\n\n\n<p class=\"has-text-align-center\"><strong><strong>FLORIN SCURTU, ALEXANDRU BARNEA<\/strong><\/strong><br>&#8211;<a href=\"https:\/\/revistapontica.com\/wp-content\/uploads\/2026\/04\/891-Pontica-37-38-2004-2005-FLORIN-SCURTU-ALEXANDRU-BARNEA-\u2013-Rezultate-ale-cercetarii-geofizice-2000-\u2013-2003-in-cetatea-Tropaeum-Traiani.pdf\" data-type=\"link\" data-id=\"https:\/\/revistapontica.com\/wp-content\/uploads\/2026\/04\/891-Pontica-37-38-2004-2005-FLORIN-SCURTU-ALEXANDRU-BARNEA-\u2013-Rezultate-ale-cercetarii-geofizice-2000-\u2013-2003-in-cetatea-Tropaeum-Traiani.pdf\">deschide varianta PDF<\/a>&#8211;<\/p>\n\n\n\n<hr class=\"wp-block-separator has-alpha-channel-opacity\"\/>\n\n\n\n<details class=\"wp-block-details is-layout-flow wp-block-details-is-layout-flow\"><summary>Rarit\u0103\u0163i numismatice histriene<\/summary>\n<p><\/p>\n<\/details>\n\n\n\n<p class=\"has-text-align-center\"><strong><strong>GABRIEL TALMA\u0162CHI, ISTVAN SANDOR<\/strong><\/strong><br>&#8211;<a href=\"https:\/\/revistapontica.com\/wp-content\/uploads\/2026\/04\/892-Pontica-37-38-2004-2005-GABRIEL-TALMATCHI-ISTVAN-SANDOR-\u2013-Raritati-numismatice-histriene.pdf\" data-type=\"link\" data-id=\"https:\/\/revistapontica.com\/wp-content\/uploads\/2026\/04\/892-Pontica-37-38-2004-2005-GABRIEL-TALMATCHI-ISTVAN-SANDOR-\u2013-Raritati-numismatice-histriene.pdf\">deschide varianta PDF<\/a>&#8211;<\/p>\n\n\n\n<hr class=\"wp-block-separator has-alpha-channel-opacity\"\/>\n\n\n\n<details class=\"wp-block-details is-layout-flow wp-block-details-is-layout-flow\"><summary>Monede rare \u00een descoperiri aflate \u00een colec\u0163ia numismatic\u0103 a Muzeului de Istorie Na\u0163ional\u0103 \u015fi Arheologie din Constan\u0163a<\/summary>\n<p><\/p>\n<\/details>\n\n\n\n<p class=\"has-text-align-center\"><strong>GABRIEL TALMA\u0162CHI<\/strong><br>&#8211;<a href=\"https:\/\/revistapontica.com\/wp-content\/uploads\/2026\/04\/893-Pontica-37-38-2004-2005-GABRIEL-TALMATCHI-\u2013-Monede-rare-in-descoperiri-aflate-in-colectia-numismatica-a-Muzeului-de-Istorie-Nationala-si-Arheologie-din-Constanta.pdf\" data-type=\"link\" data-id=\"https:\/\/revistapontica.com\/wp-content\/uploads\/2026\/04\/893-Pontica-37-38-2004-2005-GABRIEL-TALMATCHI-\u2013-Monede-rare-in-descoperiri-aflate-in-colectia-numismatica-a-Muzeului-de-Istorie-Nationala-si-Arheologie-din-Constanta.pdf\">deschide varianta PDF<\/a>&#8211;<\/p>\n\n\n\n<hr class=\"wp-block-separator has-alpha-channel-opacity\"\/>\n\n\n\n<details class=\"wp-block-details is-layout-flow wp-block-details-is-layout-flow\"><summary>Date noi privind circula\u0163ia monedei bizantine \u00een Dobrogea (sec. VI-VII p. Chr.)<\/summary>\n<p><\/p>\n<\/details>\n\n\n\n<p class=\"has-text-align-center\"><strong>GABRIEL CUSTUREA<\/strong><br>&#8211;<a href=\"https:\/\/revistapontica.com\/wp-content\/uploads\/2026\/04\/894-Pontica-37-38-2004-2005-GABRIEL-CUSTUREA-\u2013-Date-noi-privind-circulatia-monedei-bizantine-in-Dobrogea-sec.-VI-VII-p.-Chr.pdf\" data-type=\"link\" data-id=\"https:\/\/revistapontica.com\/wp-content\/uploads\/2026\/04\/894-Pontica-37-38-2004-2005-GABRIEL-CUSTUREA-\u2013-Date-noi-privind-circulatia-monedei-bizantine-in-Dobrogea-sec.-VI-VII-p.-Chr.pdf\">deschide varianta PDF<\/a>&#8211;<\/p>\n\n\n\n<hr class=\"wp-block-separator has-alpha-channel-opacity\"\/>\n\n\n\n<details class=\"wp-block-details is-layout-flow wp-block-details-is-layout-flow\"><summary>Monede plumb din epoca bizantin\u0103 aflate \u00een colec\u0163iile din Rom\u00e2nia (secolele V-VI \u015fi XI-XII)<\/summary>\n<p><\/p>\n<\/details>\n\n\n\n<p class=\"has-text-align-center\"><strong>GH. M\u0102NUCU ADAME\u015eTEANU, INGRID POLL<\/strong><br>&#8211;<a href=\"https:\/\/revistapontica.com\/wp-content\/uploads\/2026\/04\/895-Pontica-37-38-2004-2005-GH.-MANUCU-ADAMESTEANU-INGRID-POLL-\u2013-Monede-plumb-din-epoca-bizantina-aflate-in-colectiile-din-Romania-secolele-V-VI-si-XI-XII.pdf\" data-type=\"link\" data-id=\"https:\/\/revistapontica.com\/wp-content\/uploads\/2026\/04\/895-Pontica-37-38-2004-2005-GH.-MANUCU-ADAMESTEANU-INGRID-POLL-\u2013-Monede-plumb-din-epoca-bizantina-aflate-in-colectiile-din-Romania-secolele-V-VI-si-XI-XII.pdf\">deschide varianta PDF<\/a>&#8211;<\/p>\n\n\n\n<hr class=\"wp-block-separator has-alpha-channel-opacity\"\/>\n\n\n\n<details class=\"wp-block-details is-layout-flow wp-block-details-is-layout-flow\"><summary>Petre Diaconu la 80 de ani<\/summary>\n<p><\/p>\n<\/details>\n\n\n\n<p class=\"has-text-align-center\"><strong>MIHAI IRIMIA<\/strong><br>&#8211;<a href=\"https:\/\/revistapontica.com\/wp-content\/uploads\/2026\/04\/896-Pontica-37-38-2004-2005-MIHAI-IRIMIA-\u2013-Petre-Diaconu-la-80-de-ani.pdf\" data-type=\"link\" data-id=\"https:\/\/revistapontica.com\/wp-content\/uploads\/2026\/04\/896-Pontica-37-38-2004-2005-MIHAI-IRIMIA-\u2013-Petre-Diaconu-la-80-de-ani.pdf\">deschide varianta PDF<\/a>&#8211;<\/p>\n\n\n\n<hr class=\"wp-block-separator has-alpha-channel-opacity\"\/>\n\n\n\n<details class=\"wp-block-details is-layout-flow wp-block-details-is-layout-flow\"><summary>Nicolae Har\u021buche (1928\u20102003)<\/summary>\n<p><\/p>\n<\/details>\n\n\n\n<p class=\"has-text-align-center\"><strong>OCTAVIAN BOUNEGRU<\/strong><br>&#8211;<a href=\"https:\/\/revistapontica.com\/wp-content\/uploads\/2026\/04\/897-Pontica-37-38-2004-2005-OCTAVIAN-BOUNEGRU-\u2013-Nicolae-Hartuche-1928\u20102003.pdf\" data-type=\"link\" data-id=\"https:\/\/revistapontica.com\/wp-content\/uploads\/2026\/04\/897-Pontica-37-38-2004-2005-OCTAVIAN-BOUNEGRU-\u2013-Nicolae-Hartuche-1928\u20102003.pdf\">deschide varianta PDF<\/a>&#8211;<\/p>\n\n\n\n<hr class=\"wp-block-separator has-alpha-channel-opacity\"\/>\n\n\n\n<details class=\"wp-block-details is-layout-flow wp-block-details-is-layout-flow\"><summary>Radu Florescu (13 nov. 1931 \u2010 31 ian. 2003)<\/summary>\n<p><\/p>\n<\/details>\n\n\n\n<p class=\"has-text-align-center\"><strong>IOAN C. OPRI\u0218 \u2013 <\/strong><br>&#8211;<a href=\"https:\/\/revistapontica.com\/wp-content\/uploads\/2026\/04\/898-Pontica-37-38-2004-2005-IOAN-C.-OPRIS-\u2013-Radu-Florescu-13-nov.-1931-\u2010-31-ian.-2003.pdf\" data-type=\"link\" data-id=\"https:\/\/revistapontica.com\/wp-content\/uploads\/2026\/04\/898-Pontica-37-38-2004-2005-IOAN-C.-OPRIS-\u2013-Radu-Florescu-13-nov.-1931-\u2010-31-ian.-2003.pdf\">deschide varianta PDF<\/a>&#8211;<\/p>\n\n\n\n<hr class=\"wp-block-separator has-alpha-channel-opacity\"\/>\n\n\n\n<details class=\"wp-block-details is-layout-flow wp-block-details-is-layout-flow\"><summary>Ion Barnea (13 august 1913 \u2013 31 ianuarie 2004). Evocare<\/summary>\n<p><\/p>\n<\/details>\n\n\n\n<p class=\"has-text-align-center\"><strong>ALEXANDRU BARNEA<\/strong><br>&#8211;<a href=\"https:\/\/revistapontica.com\/wp-content\/uploads\/2026\/04\/899-Pontica-37-38-2004-2005-ALEXANDRU-BARNEA-\u2013-Ion-Barnea-13-august-1913-\u2013-31-ianuarie-2004.-Evocare.pdf\" data-type=\"link\" data-id=\"https:\/\/revistapontica.com\/wp-content\/uploads\/2026\/04\/899-Pontica-37-38-2004-2005-ALEXANDRU-BARNEA-\u2013-Ion-Barnea-13-august-1913-\u2013-31-ianuarie-2004.-Evocare.pdf\">deschide varianta PDF<\/a>&#8211;<\/p>\n\n\n\n<hr class=\"wp-block-separator has-alpha-channel-opacity\"\/>\n\n\n\n<details class=\"wp-block-details is-layout-flow wp-block-details-is-layout-flow\"><summary>Ion Barnea (1913 \u2013 2004)<\/summary>\n<p><\/p>\n<\/details>\n\n\n\n<p class=\"has-text-align-center\"><strong>MIHAI IRIMIA<\/strong><br>&#8211;<a href=\"https:\/\/revistapontica.com\/wp-content\/uploads\/2026\/04\/900-Pontica-37-38-2004-2005-MIHAI-IRIMIA-\u2013-Ion-Barnea-1913-\u2013-2004.pdf\" data-type=\"link\" data-id=\"https:\/\/revistapontica.com\/wp-content\/uploads\/2026\/04\/900-Pontica-37-38-2004-2005-MIHAI-IRIMIA-\u2013-Ion-Barnea-1913-\u2013-2004.pdf\">deschide varianta PDF<\/a>&#8211;<\/p>\n\n\n\n<hr class=\"wp-block-separator has-alpha-channel-opacity\"\/>\n\n\n\n<details class=\"wp-block-details is-layout-flow wp-block-details-is-layout-flow\"><summary>Recenzie &#8211; NICOLAE BRANGA, Veteranii romani la gurile Dun\u0103rii, ed. Universit\u0103\u0163ii \u201eLucian Blaga\u201d, Sibiu, 1999, 189 p. [&#8230;]<\/summary>\n<p><\/p>\n<\/details>\n\n\n\n<p class=\"has-text-align-center\"><strong>ALEXANDRU GH. SONOC<\/strong><br>&#8211;<a href=\"https:\/\/revistapontica.com\/wp-content\/uploads\/2026\/04\/901-Pontica-37-38-2004-2005-ALEXANDRU-GH.-SONOC-\u2013-Recenzie-NICOLAE-BRANGA-Veteranii-romani-la-gurile-Dunarii-ed.-Universitatii-\u201eLucian-Blaga-Sibiu-1999-189-p.-si-.pdf\" data-type=\"link\" data-id=\"https:\/\/revistapontica.com\/wp-content\/uploads\/2026\/04\/901-Pontica-37-38-2004-2005-ALEXANDRU-GH.-SONOC-\u2013-Recenzie-NICOLAE-BRANGA-Veteranii-romani-la-gurile-Dunarii-ed.-Universitatii-\u201eLucian-Blaga-Sibiu-1999-189-p.-si-.pdf\">deschide varianta PDF<\/a>&#8211;<\/p>\n\n\n\n<hr class=\"wp-block-separator has-alpha-channel-opacity\"\/>\n\n\n\n<details class=\"wp-block-details is-layout-flow wp-block-details-is-layout-flow\"><summary>Recenzie &#8211; Cri\u015fan Mu\u015fe\u021beanu (\u00een colaborare cu Dan Elefterescu), Ateliere ceramice romane de la Durostorum<\/summary>\n<p><\/p>\n<\/details>\n\n\n\n<p class=\"has-text-align-center\"><strong>IOAN C. OPRI\u015e<\/strong><br>&#8211;<a href=\"https:\/\/revistapontica.com\/wp-content\/uploads\/2026\/04\/902-Pontica-37-38-2004-2005-IOAN-C.-OPRIS-\u2013-Recenzie-Crisan-Museteanu-in-colaborare-cu-Dan-Elefterescu-Ateliere-ceramice-romane-de-la-Durostorum.pdf\" data-type=\"link\" data-id=\"https:\/\/revistapontica.com\/wp-content\/uploads\/2026\/04\/902-Pontica-37-38-2004-2005-IOAN-C.-OPRIS-\u2013-Recenzie-Crisan-Museteanu-in-colaborare-cu-Dan-Elefterescu-Ateliere-ceramice-romane-de-la-Durostorum.pdf\">deschide varianta PDF<\/a>&#8211;<\/p>\n\n\n\n<hr class=\"wp-block-separator has-alpha-channel-opacity\"\/>\n\n\n\n<details class=\"wp-block-details is-layout-flow wp-block-details-is-layout-flow\"><summary>Recenzie &#8211; A. Arde\u021b, I. C. Arde\u021b, Tibiscum. A\u015fezarea<\/summary>\n<p><\/p>\n<\/details>\n\n\n\n<p class=\"has-text-align-center\"><strong>DOINA BENEA<\/strong><br>&#8211;<a href=\"https:\/\/revistapontica.com\/wp-content\/uploads\/2026\/04\/903-Pontica-37-38-2004-2005-DOINA-BENEA-\u2013-Recenzie-A.-Ardet-I.-C.-Ardet-Tibiscum.-Asezarea.pdf\" data-type=\"link\" data-id=\"https:\/\/revistapontica.com\/wp-content\/uploads\/2026\/04\/903-Pontica-37-38-2004-2005-DOINA-BENEA-\u2013-Recenzie-A.-Ardet-I.-C.-Ardet-Tibiscum.-Asezarea.pdf\">deschide varianta PDF<\/a>&#8211;<\/p>\n\n\n\n<hr class=\"wp-block-separator has-alpha-channel-opacity\"\/>\n\n\n\n<details class=\"wp-block-details is-layout-flow wp-block-details-is-layout-flow\"><summary>Report on Advanced on Site Laboratory for the European Heritage Restoration \u2013 CLT2003-A1-RO\u2010515<\/summary>\n<p><\/p>\n<\/details>\n\n\n\n<p class=\"has-text-align-center\"><strong>Team (INOE \u2013 CERTO)<\/strong><br>&#8211;<a href=\"https:\/\/revistapontica.com\/wp-content\/uploads\/2026\/04\/904-Pontica-37-38-2004-2005-Team-INOE-\u2013-CERTO-\u2013-Report-on-Advanced-on-Site-Laboratory-for-the-European-Heritage-Restoration-\u2013-CLT2003-A1-RO\u2010515.pdf\" data-type=\"link\" data-id=\"https:\/\/revistapontica.com\/wp-content\/uploads\/2026\/04\/904-Pontica-37-38-2004-2005-Team-INOE-\u2013-CERTO-\u2013-Report-on-Advanced-on-Site-Laboratory-for-the-European-Heritage-Restoration-\u2013-CLT2003-A1-RO\u2010515.pdf\">deschide varianta PDF<\/a>&#8211;<\/p>\n","protected":false},"excerpt":{"rendered":"<p>SUMAR&#8211;deschide varianta PDF&#8211; Lista abrevierilor&#8211;deschide varianta PDF&#8211; VLADIMIR SLAVCHEV&#8211;deschide varianta PDF&#8211; VALENTINA VOINEA&#8211;deschide varianta PDF&#8211; CRISTIAN MICU, MARIUS BELC&#8211;deschide varianta PDF&#8211; CRISTIAN SCHUSTER, ALEXANDRA COM\u015eA, C\u0102T\u0102LINA SEMUC&#8211;deschide varianta PDF&#8211; NICOLAE HAR\u0162UCHE&#8211;deschide varianta PDF&#8211; GAVRIL\u0102 SIMION&#8211;deschide varianta PDF&#8211; S. AILINC\u0102I, A. V. NICIC, G. JUG\u0102NARU, C. DOBRINESCU&#8211;deschide varianta PDF&#8211; PETRE ALEXANDRESCU&#8211;deschide varianta PDF&#8211; LIVIA BUZOIANU, MARIA [&hellip;]<\/p>\n","protected":false},"author":2,"featured_media":0,"comment_status":"closed","ping_status":"closed","sticky":false,"template":"","format":"standard","meta":{"footnotes":""},"categories":[18],"tags":[],"class_list":["post-1461","post","type-post","status-publish","format-standard","hentry","category-revista"],"_links":{"self":[{"href":"https:\/\/revistapontica.com\/en\/wp-json\/wp\/v2\/posts\/1461","targetHints":{"allow":["GET"]}}],"collection":[{"href":"https:\/\/revistapontica.com\/en\/wp-json\/wp\/v2\/posts"}],"about":[{"href":"https:\/\/revistapontica.com\/en\/wp-json\/wp\/v2\/types\/post"}],"author":[{"embeddable":true,"href":"https:\/\/revistapontica.com\/en\/wp-json\/wp\/v2\/users\/2"}],"replies":[{"embeddable":true,"href":"https:\/\/revistapontica.com\/en\/wp-json\/wp\/v2\/comments?post=1461"}],"version-history":[{"count":6,"href":"https:\/\/revistapontica.com\/en\/wp-json\/wp\/v2\/posts\/1461\/revisions"}],"predecessor-version":[{"id":2136,"href":"https:\/\/revistapontica.com\/en\/wp-json\/wp\/v2\/posts\/1461\/revisions\/2136"}],"wp:attachment":[{"href":"https:\/\/revistapontica.com\/en\/wp-json\/wp\/v2\/media?parent=1461"}],"wp:term":[{"taxonomy":"category","embeddable":true,"href":"https:\/\/revistapontica.com\/en\/wp-json\/wp\/v2\/categories?post=1461"},{"taxonomy":"post_tag","embeddable":true,"href":"https:\/\/revistapontica.com\/en\/wp-json\/wp\/v2\/tags?post=1461"}],"curies":[{"name":"wp","href":"https:\/\/api.w.org\/{rel}","templated":true}]}}