{"id":1463,"date":"2026-04-26T15:27:55","date_gmt":"2026-04-26T12:27:55","guid":{"rendered":"https:\/\/revistapontica.com\/?p=1463"},"modified":"2026-04-29T20:40:37","modified_gmt":"2026-04-29T17:40:37","slug":"pontica-nr-35-36-2002-2003","status":"publish","type":"post","link":"https:\/\/revistapontica.com\/en\/pontica-nr-35-36-2002-2003\/","title":{"rendered":"Pontica Nr. 35-36 (2002-2003)"},"content":{"rendered":"<div class=\"wp-block-image\">\n<figure class=\"aligncenter size-large is-resized\"><img fetchpriority=\"high\" decoding=\"async\" width=\"725\" height=\"1024\" src=\"https:\/\/revistapontica.com\/wp-content\/uploads\/2026\/04\/pontica-35-36-725x1024.jpg\" alt=\"\" class=\"wp-image-1559\" style=\"width:548px;height:auto\" srcset=\"https:\/\/revistapontica.com\/wp-content\/uploads\/2026\/04\/pontica-35-36-725x1024.jpg 725w, https:\/\/revistapontica.com\/wp-content\/uploads\/2026\/04\/pontica-35-36-213x300.jpg 213w, https:\/\/revistapontica.com\/wp-content\/uploads\/2026\/04\/pontica-35-36-768x1084.jpg 768w, https:\/\/revistapontica.com\/wp-content\/uploads\/2026\/04\/pontica-35-36-9x12.jpg 9w, https:\/\/revistapontica.com\/wp-content\/uploads\/2026\/04\/pontica-35-36.jpg 850w\" sizes=\"(max-width: 725px) 100vw, 725px\" \/><\/figure>\n<\/div>\n\n\n<div style=\"height:50px\" aria-hidden=\"true\" class=\"wp-block-spacer\"><\/div>\n\n\n\n<div class=\"wp-block-buttons is-content-justification-center is-layout-flex wp-container-core-buttons-is-layout-16018d1d wp-block-buttons-is-layout-flex\">\n<div class=\"wp-block-button is-style-outline is-style-outline--1\"><a class=\"wp-block-button__link has-small-font-size has-custom-font-size wp-element-button\" href=\"https:\/\/revistapontica.com\/wp-content\/uploads\/2026\/04\/835-Pontica-35-36-2002-2003.pdf\" style=\"border-top-left-radius:0px;border-top-right-radius:0px;border-bottom-left-radius:0px;border-bottom-right-radius:0px\"><strong>DESCHIDE PONTICA NR. 35-36 &#8211; VARIANTA COMPLET\u0102 \u00ceN FORMAT .PDF<\/strong> (18 Mb)<\/a><\/div>\n<\/div>\n\n\n\n<div style=\"height:50px\" aria-hidden=\"true\" class=\"wp-block-spacer\"><\/div>\n\n\n\n<p class=\"has-text-align-center\"><strong>SUMAR<\/strong><br>&#8211;<a href=\"https:\/\/revistapontica.com\/wp-content\/uploads\/2026\/04\/835-1-Pontica-35-36-2002-2003-Sumar.pdf\" data-type=\"link\" data-id=\"https:\/\/revistapontica.com\/wp-content\/uploads\/2026\/04\/835-1-Pontica-35-36-2002-2003-Sumar.pdf\">deschide varianta PDF<\/a>&#8211;<\/p>\n\n\n\n<hr class=\"wp-block-separator has-alpha-channel-opacity\"\/>\n\n\n\n<p class=\"has-text-align-center\"><strong>Lista abrevierilor<\/strong><br>&#8211;<a href=\"https:\/\/revistapontica.com\/wp-content\/uploads\/2026\/04\/835-2-Pontica-35-36-2002-2003-Lista-abrevierilor.pdf\" data-type=\"link\" data-id=\"https:\/\/revistapontica.com\/wp-content\/uploads\/2026\/04\/835-2-Pontica-35-36-2002-2003-Lista-abrevierilor.pdf\">deschide varianta PDF<\/a>&#8211;<\/p>\n\n\n\n<hr class=\"wp-block-separator has-alpha-channel-opacity\"\/>\n\n\n\n<details class=\"wp-block-details is-layout-flow wp-block-details-is-layout-flow\"><summary>A\u015fezarea Hamangia III de la Cheia. Campaniile 2001 \u2013 2002 (Raport preliminar)<\/summary>\n<p><\/p>\n<\/details>\n\n\n\n<p class=\"has-text-align-center\"><strong><strong><strong><strong>VALENTINA VOINEA, C\u0102T\u0102LIN DOBRINESCU<\/strong><\/strong><\/strong><\/strong><br>&#8211;<a href=\"https:\/\/revistapontica.com\/wp-content\/uploads\/2026\/04\/836-Pontica-35-36-2002-2003-VALENTINA-VOINEA-CATALIN-DOBRINESCU-\u2013-Asezarea-Hamangia-III-de-la-Cheia.-Campaniile-2001-\u2013-2002-Raport-preliminar.pdf\" data-type=\"link\" data-id=\"https:\/\/revistapontica.com\/wp-content\/uploads\/2026\/04\/836-Pontica-35-36-2002-2003-VALENTINA-VOINEA-CATALIN-DOBRINESCU-\u2013-Asezarea-Hamangia-III-de-la-Cheia.-Campaniile-2001-\u2013-2002-Raport-preliminar.pdf\">deschide varianta PDF<\/a>&#8211;<\/p>\n\n\n\n<hr class=\"wp-block-separator has-alpha-channel-opacity\"\/>\n\n\n\n<details class=\"wp-block-details is-layout-flow wp-block-details-is-layout-flow\"><summary>Studiul arheozoologic preliminar al materialului faunistic de la Cheia (jud. Constan\u0163a). Campania 2001<\/summary>\n<p><\/p>\n<\/details>\n\n\n\n<p class=\"has-text-align-center\"><strong><strong><strong>ADRIAN B\u0102L\u0102\u015eESCU, VALENTIN RADU<\/strong><\/strong><\/strong><br>&#8211;<a href=\"https:\/\/revistapontica.com\/wp-content\/uploads\/2026\/04\/837-Pontica-35-36-2002-2003-ADRIAN-BALASESCU-VALENTIN-RADU-\u2013-Studiul-arheozoologic-preliminar-al-materialului-faunistic-de-la-Cheia-jud.-Constanta.-Campania-2001.pdf\" data-type=\"link\" data-id=\"https:\/\/revistapontica.com\/wp-content\/uploads\/2026\/04\/837-Pontica-35-36-2002-2003-ADRIAN-BALASESCU-VALENTIN-RADU-\u2013-Studiul-arheozoologic-preliminar-al-materialului-faunistic-de-la-Cheia-jud.-Constanta.-Campania-2001.pdf\">deschide varianta PDF<\/a>&#8211;<\/p>\n\n\n\n<hr class=\"wp-block-separator has-alpha-channel-opacity\"\/>\n\n\n\n<details class=\"wp-block-details is-layout-flow wp-block-details-is-layout-flow\"><summary>Observa\u0163ii privind stadiul cercet\u0103rii bronzului timpuriu \u00een Dobrogea<\/summary>\n<p><\/p>\n<\/details>\n\n\n\n<p class=\"has-text-align-center\"><strong><strong><strong>MIHAI IRIMIA<\/strong><\/strong><\/strong><br>&#8211;<a href=\"https:\/\/revistapontica.com\/wp-content\/uploads\/2026\/04\/838-Pontica-35-36-2002-2003-MIHAI-IRIMIA-\u2013-Observatii-privind-stadiul-cercetarii-bronzului-timpuriu-in-Dobrogea.pdf\" data-type=\"link\" data-id=\"https:\/\/revistapontica.com\/wp-content\/uploads\/2026\/04\/838-Pontica-35-36-2002-2003-MIHAI-IRIMIA-\u2013-Observatii-privind-stadiul-cercetarii-bronzului-timpuriu-in-Dobrogea.pdf\">deschide varianta PDF<\/a>&#8211;<\/p>\n\n\n\n<hr class=\"wp-block-separator has-alpha-channel-opacity\"\/>\n\n\n\n<details class=\"wp-block-details is-layout-flow wp-block-details-is-layout-flow\"><summary>Evolu\u0163ia zonei lacului Ta\u015faul \u00een cuaternarul t\u00e2rziu<\/summary>\n<p><\/p>\n<\/details>\n\n\n\n<p class=\"has-text-align-center\"><strong><strong><strong>DANIELA POPESCU, GLICHERIE CARAIVAN<\/strong><\/strong><\/strong><br>&#8211;<a href=\"https:\/\/revistapontica.com\/wp-content\/uploads\/2026\/04\/839-Pontica-35-36-2002-2003-DANIELA-POPESCU-GLICHERIE-CARAIVAN-\u2013-Evolutia-zonei-lacului-Tasaul-in-cuaternarul-tarziu.pdf\" data-type=\"link\" data-id=\"https:\/\/revistapontica.com\/wp-content\/uploads\/2026\/04\/839-Pontica-35-36-2002-2003-DANIELA-POPESCU-GLICHERIE-CARAIVAN-\u2013-Evolutia-zonei-lacului-Tasaul-in-cuaternarul-tarziu.pdf\">deschide varianta PDF<\/a>&#8211;<\/p>\n\n\n\n<hr class=\"wp-block-separator has-alpha-channel-opacity\"\/>\n\n\n\n<details class=\"wp-block-details is-layout-flow wp-block-details-is-layout-flow\"><summary>Categorii ceramice de import \u00een a\u015fezarea greco-indigen\u0103 de la Albe\u015fti (jud. Constan\u0163a)<\/summary>\n<p><\/p>\n<\/details>\n\n\n\n<p class=\"has-text-align-center\"><strong><strong>LIVIA BUZOIANU, MARIA B\u0102RBULESCU<\/strong><\/strong><br>&#8211;<a href=\"https:\/\/revistapontica.com\/wp-content\/uploads\/2026\/04\/840-Pontica-35-36-2002-2003-LIVIA-BUZOIANU-MARIA-BARBULESCU-\u2013-Categorii-ceramice-de-import-in-asezarea-greco-indigena-de-la-Albesti-jud.-Constanta.pdf\" data-type=\"link\" data-id=\"https:\/\/revistapontica.com\/wp-content\/uploads\/2026\/04\/840-Pontica-35-36-2002-2003-LIVIA-BUZOIANU-MARIA-BARBULESCU-\u2013-Categorii-ceramice-de-import-in-asezarea-greco-indigena-de-la-Albesti-jud.-Constanta.pdf\">deschide varianta PDF<\/a>&#8211;<\/p>\n\n\n\n<hr class=\"wp-block-separator has-alpha-channel-opacity\"\/>\n\n\n\n<details class=\"wp-block-details is-layout-flow wp-block-details-is-layout-flow\"><summary>Le potier \u1f08\u03bb\u03b5 (\u2026) d\u2019Histria. Nouvelles donn\u00e9es arch\u00e9ologiques concernant le ph\u00e9nom\u00e8ne du timbrage sur la c\u00e9ramique hell\u00e9ni<\/summary>\n<p><\/p>\n<\/details>\n\n\n\n<p class=\"has-text-align-center\"><strong><strong>OCTAVIAN BOUNEGRU<\/strong><\/strong><br>&#8211;<a href=\"https:\/\/revistapontica.com\/wp-content\/uploads\/2026\/04\/841-Pontica-35-36-2002-2003-OCTAVIAN-BOUNEGRU-\u2013-Le-potier-\u1f08\u03bb\u03b5-\u2026-dHistria.-Nouvelles-donnees-archeologiques-concernant-le-phenomene-du-timbrage-sur-la-ceramique-helleni.pdf\" data-type=\"link\" data-id=\"https:\/\/revistapontica.com\/wp-content\/uploads\/2026\/04\/841-Pontica-35-36-2002-2003-OCTAVIAN-BOUNEGRU-\u2013-Le-potier-\u1f08\u03bb\u03b5-\u2026-dHistria.-Nouvelles-donnees-archeologiques-concernant-le-phenomene-du-timbrage-sur-la-ceramique-helleni.pdf\">deschide varianta PDF<\/a>&#8211;<\/p>\n\n\n\n<hr class=\"wp-block-separator has-alpha-channel-opacity\"\/>\n\n\n\n<details class=\"wp-block-details is-layout-flow wp-block-details-is-layout-flow\"><summary>Sondajul \u201e\u03b1\u201d din basilica episcopal\u0103 de la Histria<\/summary>\n<p><\/p>\n<\/details>\n\n\n\n<p class=\"has-text-align-center\"><strong><strong>MIRCEA V. ANGELESCU, ADELA B\u00c2LT\u00c2C<\/strong><\/strong><br>&#8211;<a href=\"https:\/\/revistapontica.com\/wp-content\/uploads\/2026\/04\/842-Pontica-35-36-2002-2003-MIRCEA-V.-ANGELESCU-ADELA-BALTAC-\u2013-Sondajul-\u201e\u03b1-din-basilica-episcopala-de-la-Histria.pdf\" data-type=\"link\" data-id=\"https:\/\/revistapontica.com\/wp-content\/uploads\/2026\/04\/842-Pontica-35-36-2002-2003-MIRCEA-V.-ANGELESCU-ADELA-BALTAC-\u2013-Sondajul-\u201e\u03b1-din-basilica-episcopala-de-la-Histria.pdf\">deschide varianta PDF<\/a>&#8211;<\/p>\n\n\n\n<hr class=\"wp-block-separator has-alpha-channel-opacity\"\/>\n\n\n\n<details class=\"wp-block-details is-layout-flow wp-block-details-is-layout-flow\"><summary>Histria \u2013 Aprovizionarea cu ap\u0103 potabil\u0103 \u00een perioada roman\u0103 \u015fi roman\u0103 t\u00e2rzie<\/summary>\n<p><\/p>\n<\/details>\n\n\n\n<p class=\"has-text-align-center\"><strong><strong>GHEORGHE PAPUC<\/strong><\/strong><br>&#8211;<a href=\"https:\/\/revistapontica.com\/wp-content\/uploads\/2026\/04\/843-Pontica-35-36-2002-2003-GHEORGHE-PAPUC-\u2013-Histria-\u2013-Aprovizionarea-cu-apa-potabila-in-perioada-romana-si-romana-tarzie.pdf\" data-type=\"link\" data-id=\"https:\/\/revistapontica.com\/wp-content\/uploads\/2026\/04\/843-Pontica-35-36-2002-2003-GHEORGHE-PAPUC-\u2013-Histria-\u2013-Aprovizionarea-cu-apa-potabila-in-perioada-romana-si-romana-tarzie.pdf\">deschide varianta PDF<\/a>&#8211;<\/p>\n\n\n\n<hr class=\"wp-block-separator has-alpha-channel-opacity\"\/>\n\n\n\n<details class=\"wp-block-details is-layout-flow wp-block-details-is-layout-flow\"><summary>L\u2019\u00e9pisode moesique de la premi\u00e8re guerre dacique &#8211; une parall\u00e8le entre les reliefs de la colonne Trajane et ceux du Monument [&#8230;]<\/summary>\n<p><\/p>\n<\/details>\n\n\n\n<p class=\"has-text-align-center\"><strong><strong>RADU FLORESCU<\/strong><\/strong><br>&#8211;<a href=\"https:\/\/revistapontica.com\/wp-content\/uploads\/2026\/04\/844-Pontica-35-36-2002-2003-RADU-FLORESCU-\u2013-Lepisode-moesique-de-la-premiere-guerre-dacique-une-parallele-entre-les-reliefs-de-la-colonne-Trajane-et-ceux-du-Monument-t.pdf\" data-type=\"link\" data-id=\"https:\/\/revistapontica.com\/wp-content\/uploads\/2026\/04\/844-Pontica-35-36-2002-2003-RADU-FLORESCU-\u2013-Lepisode-moesique-de-la-premiere-guerre-dacique-une-parallele-entre-les-reliefs-de-la-colonne-Trajane-et-ceux-du-Monument-t.pdf\">deschide varianta PDF<\/a>&#8211;<\/p>\n\n\n\n<hr class=\"wp-block-separator has-alpha-channel-opacity\"\/>\n\n\n\n<details class=\"wp-block-details is-layout-flow wp-block-details-is-layout-flow\"><summary>Noi descoperiri de tegule romane \u015ftampilate \u00een sud-vestul Dobrogei<\/summary>\n<p><\/p>\n<\/details>\n\n\n\n<p class=\"has-text-align-center\"><strong><strong>MIHAI IRIMIA<\/strong><\/strong><br>&#8211;<a href=\"https:\/\/revistapontica.com\/wp-content\/uploads\/2026\/04\/845-Pontica-35-36-2002-2003-MIHAI-IRIMIA-\u2013-Noi-descoperiri-de-tegule-romane-stampilate-in-sud-vestul-Dobrogei.pdf\" data-type=\"link\" data-id=\"https:\/\/revistapontica.com\/wp-content\/uploads\/2026\/04\/845-Pontica-35-36-2002-2003-MIHAI-IRIMIA-\u2013-Noi-descoperiri-de-tegule-romane-stampilate-in-sud-vestul-Dobrogei.pdf\">deschide varianta PDF<\/a>&#8211;<\/p>\n\n\n\n<hr class=\"wp-block-separator has-alpha-channel-opacity\"\/>\n\n\n\n<details class=\"wp-block-details is-layout-flow wp-block-details-is-layout-flow\"><summary>Amfore occidentale romane \u00een zona Dun\u0103rii de Jos<\/summary>\n<p><\/p>\n<\/details>\n\n\n\n<p class=\"has-text-align-center\"><strong><strong>DOREL PARASCHIV<\/strong><\/strong><br>&#8211;<a href=\"https:\/\/revistapontica.com\/wp-content\/uploads\/2026\/04\/846-Pontica-35-36-2002-2003-DOREL-PARASCHIV-\u2013-Amfore-occidentale-romane-in-zona-Dunarii-de-Jos.pdf\" data-type=\"link\" data-id=\"https:\/\/revistapontica.com\/wp-content\/uploads\/2026\/04\/846-Pontica-35-36-2002-2003-DOREL-PARASCHIV-\u2013-Amfore-occidentale-romane-in-zona-Dunarii-de-Jos.pdf\">deschide varianta PDF<\/a>&#8211;<\/p>\n\n\n\n<hr class=\"wp-block-separator has-alpha-channel-opacity\"\/>\n\n\n\n<details class=\"wp-block-details is-layout-flow wp-block-details-is-layout-flow\"><summary>Busturi romane intrate recent \u00een colec\u0163iile Muzeului de Istorie Na\u0163ional\u0103 \u015fi Arheologie Constan\u0163a<\/summary>\n<p><\/p>\n<\/details>\n\n\n\n<p class=\"has-text-align-center\"><strong><strong>ZAHARIA COVACEF<\/strong><\/strong><br>&#8211;<a href=\"https:\/\/revistapontica.com\/wp-content\/uploads\/2026\/04\/847-Pontica-35-36-2002-2003-ZAHARIA-COVACEF-\u2013-Busturi-romane-intrate-recent-in-colectiile-Muzeului-de-Istorie-Nationala-si-Arheologie-Constanta.pdf\" data-type=\"link\" data-id=\"https:\/\/revistapontica.com\/wp-content\/uploads\/2026\/04\/847-Pontica-35-36-2002-2003-ZAHARIA-COVACEF-\u2013-Busturi-romane-intrate-recent-in-colectiile-Muzeului-de-Istorie-Nationala-si-Arheologie-Constanta.pdf\">deschide varianta PDF<\/a>&#8211;<\/p>\n\n\n\n<hr class=\"wp-block-separator has-alpha-channel-opacity\"\/>\n\n\n\n<details class=\"wp-block-details is-layout-flow wp-block-details-is-layout-flow\"><summary>Un opai\u0163 cu simboluri paleocre\u015ftine descoperit la Tomis<\/summary>\n<p><\/p>\n<\/details>\n\n\n\n<p class=\"has-text-align-center\"><strong><strong>CONSTANTIN B\u0102JENARU<\/strong><br><\/strong>&#8211;<a href=\"https:\/\/revistapontica.com\/wp-content\/uploads\/2026\/04\/848-Pontica-35-36-2002-2003-CONSTANTIN-BAJENARU-\u2013-Un-opait-cu-simboluri-paleocrestine-descoperit-la-Tomis.pdf\" data-type=\"link\" data-id=\"https:\/\/revistapontica.com\/wp-content\/uploads\/2026\/04\/848-Pontica-35-36-2002-2003-CONSTANTIN-BAJENARU-\u2013-Un-opait-cu-simboluri-paleocrestine-descoperit-la-Tomis.pdf\">deschide varianta PDF<\/a>&#8211;<\/p>\n\n\n\n<hr class=\"wp-block-separator has-alpha-channel-opacity\"\/>\n\n\n\n<details class=\"wp-block-details is-layout-flow wp-block-details-is-layout-flow\"><summary>Noi cercet\u0103ri \u00een necropola paleocre\u015ftin\u0103 callatian\u0103<\/summary>\n<p><\/p>\n<\/details>\n\n\n\n<p class=\"has-text-align-center\"><strong><strong>M. IONESCU, N. ALEXANDRU, R. CONSTANTIN<\/strong><\/strong><br>&#8211;<a href=\"https:\/\/revistapontica.com\/wp-content\/uploads\/2026\/04\/849-Pontica-35-36-2002-2003-M.-IONESCU-N.-ALEXANDRU-R.-CONSTANTIN-\u2013-Noi-cercetari-in-necropola-paleocrestina-callatiana.pdf\" data-type=\"link\" data-id=\"https:\/\/revistapontica.com\/wp-content\/uploads\/2026\/04\/849-Pontica-35-36-2002-2003-M.-IONESCU-N.-ALEXANDRU-R.-CONSTANTIN-\u2013-Noi-cercetari-in-necropola-paleocrestina-callatiana.pdf\">deschide varianta PDF<\/a>&#8211;<\/p>\n\n\n\n<hr class=\"wp-block-separator has-alpha-channel-opacity\"\/>\n\n\n\n<details class=\"wp-block-details is-layout-flow wp-block-details-is-layout-flow\"><summary>Morminte de tip hypogeu din necropola callatian\u0103 de epoc\u0103 romano-bizantin\u0103<\/summary>\n<p><\/p>\n<\/details>\n\n\n\n<p class=\"has-text-align-center\"><strong>M. IONESCU, N. ALEXANDRU, R. CONSTANTIN<br><\/strong>&#8211;<a href=\"https:\/\/revistapontica.com\/wp-content\/uploads\/2026\/04\/850-Pontica-35-36-2002-2003-M.-IONESCU-N.-ALEXANDRU-R.-CONSTANTIN-\u2013-Morminte-de-tip-hypogeu-din-necropola-callatiana-de-epoca-romano-bizantina.pdf\" data-type=\"link\" data-id=\"https:\/\/revistapontica.com\/wp-content\/uploads\/2026\/04\/850-Pontica-35-36-2002-2003-M.-IONESCU-N.-ALEXANDRU-R.-CONSTANTIN-\u2013-Morminte-de-tip-hypogeu-din-necropola-callatiana-de-epoca-romano-bizantina.pdf\">deschide varianta PDF<\/a>&#8211;<\/p>\n\n\n\n<hr class=\"wp-block-separator has-alpha-channel-opacity\"\/>\n\n\n\n<details class=\"wp-block-details is-layout-flow wp-block-details-is-layout-flow\"><summary>Observa\u0163ii recente cu privire la fortifica\u0163ia de tip quadriburgium de la Ovidiu<\/summary>\n<p><\/p>\n<\/details>\n\n\n\n<p class=\"has-text-align-center\"><strong><strong>CONSTANTIN B\u0102JENARU<\/strong><\/strong><br>&#8211;<a href=\"https:\/\/revistapontica.com\/wp-content\/uploads\/2026\/04\/851-Pontica-35-36-2002-2003-CONSTANTIN-BAJENARU-\u2013-Observatii-recente-cu-privire-la-fortificatia-de-tip-quadriburgium-de-la-Ovidiu.pdf\" data-type=\"link\" data-id=\"https:\/\/revistapontica.com\/wp-content\/uploads\/2026\/04\/851-Pontica-35-36-2002-2003-CONSTANTIN-BAJENARU-\u2013-Observatii-recente-cu-privire-la-fortificatia-de-tip-quadriburgium-de-la-Ovidiu.pdf\">deschide varianta PDF<\/a>&#8211;<\/p>\n\n\n\n<hr class=\"wp-block-separator has-alpha-channel-opacity\"\/>\n\n\n\n<details class=\"wp-block-details is-layout-flow wp-block-details-is-layout-flow\"><summary>Vocabularul cre\u015ftin pe litoralul vest-pontic &#8211; elemente de crea\u0163ie \u015fi \u00eemprumut<\/summary>\n<p><\/p>\n<\/details>\n\n\n\n<p class=\"has-text-align-center\"><strong><strong>ADRIANA C\u00c2TEIA<\/strong><\/strong><br>&#8211;<a href=\"https:\/\/revistapontica.com\/wp-content\/uploads\/2026\/04\/852-Pontica-35-36-2002-2003-ADRIANA-CATEIA-\u2013-Vocabularul-crestin-pe-litoralul-vest-pontic-elemente-de-creatie-si-imprumut.pdf\" data-type=\"link\" data-id=\"https:\/\/revistapontica.com\/wp-content\/uploads\/2026\/04\/852-Pontica-35-36-2002-2003-ADRIANA-CATEIA-\u2013-Vocabularul-crestin-pe-litoralul-vest-pontic-elemente-de-creatie-si-imprumut.pdf\">deschide varianta PDF<\/a>&#8211;<\/p>\n\n\n\n<hr class=\"wp-block-separator has-alpha-channel-opacity\"\/>\n\n\n\n<details class=\"wp-block-details is-layout-flow wp-block-details-is-layout-flow\"><summary>Inele sigilare<\/summary>\n<p><\/p>\n<\/details>\n\n\n\n<p class=\"has-text-align-center\"><strong><strong>ZAHARIA COVACEF<\/strong><\/strong><br>&#8211;<a href=\"https:\/\/revistapontica.com\/wp-content\/uploads\/2026\/04\/853-Pontica-35-36-2002-2003-ZAHARIA-COVACEF-\u2013-Inele-sigilare.pdf\" data-type=\"link\" data-id=\"https:\/\/revistapontica.com\/wp-content\/uploads\/2026\/04\/853-Pontica-35-36-2002-2003-ZAHARIA-COVACEF-\u2013-Inele-sigilare.pdf\">deschide varianta PDF<\/a>&#8211;<\/p>\n\n\n\n<hr class=\"wp-block-separator has-alpha-channel-opacity\"\/>\n\n\n\n<details class=\"wp-block-details is-layout-flow wp-block-details-is-layout-flow\"><summary>Inele sigilare medievale din Dobrogea central\u0103 (sec. XVII \u2013 XVIII)<\/summary>\n<p><\/p>\n<\/details>\n\n\n\n<p class=\"has-text-align-center\"><strong><strong>CRISTINA ANTON MANEA<\/strong><\/strong><br>&#8211;<a href=\"https:\/\/revistapontica.com\/wp-content\/uploads\/2026\/04\/854-Pontica-35-36-2002-2003-CRISTINA-ANTON-MANEA-\u2013-Inele-sigilare-medievale-din-Dobrogea-centrala-sec.-XVII-\u2013-XVIII.pdf\" data-type=\"link\" data-id=\"https:\/\/revistapontica.com\/wp-content\/uploads\/2026\/04\/854-Pontica-35-36-2002-2003-CRISTINA-ANTON-MANEA-\u2013-Inele-sigilare-medievale-din-Dobrogea-centrala-sec.-XVII-\u2013-XVIII.pdf\">deschide varianta PDF<\/a>&#8211;<\/p>\n\n\n\n<hr class=\"wp-block-separator has-alpha-channel-opacity\"\/>\n\n\n\n<details class=\"wp-block-details is-layout-flow wp-block-details-is-layout-flow\"><summary>O nou\u0103 a\u015fezare rural\u0103 de epoc\u0103 roman\u0103 descoperit\u0103 pe teritoriul comunei Cogealac<\/summary>\n<p><\/p>\n<\/details>\n\n\n\n<p class=\"has-text-align-center\"><strong>LIVIU LUNGU<\/strong><br>&#8211;<a href=\"https:\/\/revistapontica.com\/wp-content\/uploads\/2026\/04\/855-Pontica-35-36-2002-2003-LIVIU-LUNGU-\u2013-O-noua-asezare-rurala-de-epoca-romana-descoperita-pe-teritoriul-comunei-Cogealac.pdf\" data-type=\"link\" data-id=\"https:\/\/revistapontica.com\/wp-content\/uploads\/2026\/04\/855-Pontica-35-36-2002-2003-LIVIU-LUNGU-\u2013-O-noua-asezare-rurala-de-epoca-romana-descoperita-pe-teritoriul-comunei-Cogealac.pdf\">deschide varianta PDF<\/a>&#8211;<\/p>\n\n\n\n<hr class=\"wp-block-separator has-alpha-channel-opacity\"\/>\n\n\n\n<details class=\"wp-block-details is-layout-flow wp-block-details-is-layout-flow\"><summary>Marginalii (I). Despre o viziune dadaist\u0103 asupra urbanismului histrian<\/summary>\n<p><\/p>\n<\/details>\n\n\n\n<p class=\"has-text-align-center\"><strong><strong>OCTAVIAN BOUNEGRU<\/strong><\/strong><br>&#8211;<a href=\"https:\/\/revistapontica.com\/wp-content\/uploads\/2026\/04\/856-Pontica-35-36-2002-2003-OCTAVIAN-BOUNEGRU-\u2013-Marginalii-I.-Despre-o-viziune-dadaista-asupra-urbanismului-histrian.pdf\" data-type=\"link\" data-id=\"https:\/\/revistapontica.com\/wp-content\/uploads\/2026\/04\/856-Pontica-35-36-2002-2003-OCTAVIAN-BOUNEGRU-\u2013-Marginalii-I.-Despre-o-viziune-dadaista-asupra-urbanismului-histrian.pdf\">deschide varianta PDF<\/a>&#8211;<\/p>\n\n\n\n<hr class=\"wp-block-separator has-alpha-channel-opacity\"\/>\n\n\n\n<details class=\"wp-block-details is-layout-flow wp-block-details-is-layout-flow\"><summary>Descoperiri premonetare \u015fi monetare \u00een Dobrogea (sec. VI \u2013 I a. Chr.)<\/summary>\n<p><\/p>\n<\/details>\n\n\n\n<p class=\"has-text-align-center\"><strong><strong>GABRIEL TALMA\u0162CHI<\/strong><\/strong><br>&#8211;<a href=\"https:\/\/revistapontica.com\/wp-content\/uploads\/2026\/04\/857-Pontica-35-36-2002-2003-GABRIEL-TALMATCHI-\u2013-Descoperiri-premonetare-si-monetare-in-Dobrogea-sec.-VI-\u2013-I-a.-Chr.pdf\" data-type=\"link\" data-id=\"https:\/\/revistapontica.com\/wp-content\/uploads\/2026\/04\/857-Pontica-35-36-2002-2003-GABRIEL-TALMATCHI-\u2013-Descoperiri-premonetare-si-monetare-in-Dobrogea-sec.-VI-\u2013-I-a.-Chr.pdf\">deschide varianta PDF<\/a>&#8211;<\/p>\n\n\n\n<hr class=\"wp-block-separator has-alpha-channel-opacity\"\/>\n\n\n\n<details class=\"wp-block-details is-layout-flow wp-block-details-is-layout-flow\"><summary>Scurt\u0103 privire asupra ariei de difuzare a monedelor autonome emise de Callatis \u015fi Tomis<\/summary>\n<p><\/p>\n<\/details>\n\n\n\n<p class=\"has-text-align-center\"><strong><strong>GABRIEL TALMA\u0162CHI<\/strong><\/strong><br>&#8211;<a href=\"https:\/\/revistapontica.com\/wp-content\/uploads\/2026\/04\/858-Pontica-35-36-2002-2003-GABRIEL-TALMATCHI-\u2013-Scurta-privire-asupra-ariei-de-difuzare-a-monedelor-autonome-emise-de-Callatis-si-Tomis.pdf\" data-type=\"link\" data-id=\"https:\/\/revistapontica.com\/wp-content\/uploads\/2026\/04\/858-Pontica-35-36-2002-2003-GABRIEL-TALMATCHI-\u2013-Scurta-privire-asupra-ariei-de-difuzare-a-monedelor-autonome-emise-de-Callatis-si-Tomis.pdf\">deschide varianta PDF<\/a>&#8211;<\/p>\n\n\n\n<hr class=\"wp-block-separator has-alpha-channel-opacity\"\/>\n\n\n\n<details class=\"wp-block-details is-layout-flow wp-block-details-is-layout-flow\"><summary>Culte \u015fi zeit\u0103\u0163i \u00een Moesia Inferior. 2. Hermes &#8211; eviden\u0163a numismatic\u0103<\/summary>\n<p><\/p>\n<\/details>\n\n\n\n<p class=\"has-text-align-center\"><strong>MIHAELA IACOB<\/strong><br>&#8211;<a href=\"https:\/\/revistapontica.com\/wp-content\/uploads\/2026\/04\/859-Pontica-35-36-2002-2003-MIHAELA-IACOB-\u2013-Culte-si-zeitati-in-Moesia-Inferior.-2.-Hermes-evidenta-numismatica.pdf\" data-type=\"link\" data-id=\"https:\/\/revistapontica.com\/wp-content\/uploads\/2026\/04\/859-Pontica-35-36-2002-2003-MIHAELA-IACOB-\u2013-Culte-si-zeitati-in-Moesia-Inferior.-2.-Hermes-evidenta-numismatica.pdf\">deschide varianta PDF<\/a>&#8211;<\/p>\n\n\n\n<hr class=\"wp-block-separator has-alpha-channel-opacity\"\/>\n\n\n\n<details class=\"wp-block-details is-layout-flow wp-block-details-is-layout-flow\"><summary>Monede romane \u015fi bizantine descoperite la Nuf\u0103ru, jud. Tulcea<\/summary>\n<p><\/p>\n<\/details>\n\n\n\n<p class=\"has-text-align-center\"><strong><strong>GH. M\u0102NUCU ADAME\u015eTEANU, EMANUEL PETAC<\/strong><\/strong><br>&#8211;<a href=\"https:\/\/revistapontica.com\/wp-content\/uploads\/2026\/04\/860-Pontica-35-36-2002-2003-GH.-MANUCU-ADAMESTEANU-EMANUEL-PETAC-\u2013-Monede-romane-si-bizantine-descoperite-la-Nufaru-jud.-Tulcea.pdf\" data-type=\"link\" data-id=\"https:\/\/revistapontica.com\/wp-content\/uploads\/2026\/04\/860-Pontica-35-36-2002-2003-GH.-MANUCU-ADAMESTEANU-EMANUEL-PETAC-\u2013-Monede-romane-si-bizantine-descoperite-la-Nufaru-jud.-Tulcea.pdf\">deschide varianta PDF<\/a>&#8211;<\/p>\n\n\n\n<hr class=\"wp-block-separator has-alpha-channel-opacity\"\/>\n\n\n\n<details class=\"wp-block-details is-layout-flow wp-block-details-is-layout-flow\"><summary>Un tezaur monetar bizantin descoperit \u00een Dobrogea<\/summary>\n<p><\/p>\n<\/details>\n\n\n\n<p class=\"has-text-align-center\"><strong><strong>GABRIEL CUSTUREA, MATEI IONEL<\/strong><\/strong><br>&#8211;<a href=\"https:\/\/revistapontica.com\/wp-content\/uploads\/2026\/04\/861-Pontica-35-36-2002-2003-GABRIEL-CUSTUREA-MATEI-IONEL-\u2013-Un-tezaur-monetar-bizantin-descoperit-in-Dobrogea.pdf\" data-type=\"link\" data-id=\"https:\/\/revistapontica.com\/wp-content\/uploads\/2026\/04\/861-Pontica-35-36-2002-2003-GABRIEL-CUSTUREA-MATEI-IONEL-\u2013-Un-tezaur-monetar-bizantin-descoperit-in-Dobrogea.pdf\">deschide varianta PDF<\/a>&#8211;<\/p>\n\n\n\n<hr class=\"wp-block-separator has-alpha-channel-opacity\"\/>\n\n\n\n<details class=\"wp-block-details is-layout-flow wp-block-details-is-layout-flow\"><summary>Ponduri antice \u015fi medievale descoperite \u00een Dobrogea<\/summary>\n<p><\/p>\n<\/details>\n\n\n\n<p class=\"has-text-align-center\"><strong><strong>GABRIEL CUSTUREA<\/strong><\/strong><br>&#8211;<a href=\"https:\/\/revistapontica.com\/wp-content\/uploads\/2026\/04\/862-Pontica-35-36-2002-2003-GABRIEL-CUSTUREA-\u2013-Ponduri-antice-si-medievale-descoperite-in-Dobrogea.pdf\" data-type=\"link\" data-id=\"https:\/\/revistapontica.com\/wp-content\/uploads\/2026\/04\/862-Pontica-35-36-2002-2003-GABRIEL-CUSTUREA-\u2013-Ponduri-antice-si-medievale-descoperite-in-Dobrogea.pdf\">deschide varianta PDF<\/a>&#8211;<\/p>\n\n\n\n<hr class=\"wp-block-separator has-alpha-channel-opacity\"\/>\n\n\n\n<details class=\"wp-block-details is-layout-flow wp-block-details-is-layout-flow\"><summary>Indicele revistei Pontica (1968-2001)<\/summary>\n<p><\/p>\n<\/details>\n\n\n\n<p class=\"has-text-align-center\"><strong><strong>V. VOINEA, C. DOBRINESCU, C. B\u0102JENARU<\/strong><\/strong><br>&#8211;<a href=\"https:\/\/revistapontica.com\/wp-content\/uploads\/2026\/04\/863-Pontica-35-36-2002-2003-V.-VOINEA-C.-DOBRINESCU-C.-BAJENARU-\u2013-Indicele-revistei-Pontica-1968-2001.pdf\" data-type=\"link\" data-id=\"https:\/\/revistapontica.com\/wp-content\/uploads\/2026\/04\/863-Pontica-35-36-2002-2003-V.-VOINEA-C.-DOBRINESCU-C.-BAJENARU-\u2013-Indicele-revistei-Pontica-1968-2001.pdf\">deschide varianta PDF<\/a>&#8211;<\/p>\n\n\n\n<hr class=\"wp-block-separator has-alpha-channel-opacity\"\/>\n\n\n\n<details class=\"wp-block-details is-layout-flow wp-block-details-is-layout-flow\"><summary>N.C. VALERIU CHELU\u0162\u0102-GEORGESCU (3 ianuarie 1944 \u2013 20 decembrie 2002)<\/summary>\n<p><\/p>\n<\/details>\n\n\n\n<p class=\"has-text-align-center\"><strong>Z. COVACEF<\/strong><br>&#8211;<a href=\"https:\/\/revistapontica.com\/wp-content\/uploads\/2026\/04\/864-Pontica-35-36-2002-2003-Z.-COVACEF-\u2013-N.C.-VALERIU-CHELUTA-GEORGESCU-3-ianuarie-1944-\u2013-20-decembrie-2002.pdf\" data-type=\"link\" data-id=\"https:\/\/revistapontica.com\/wp-content\/uploads\/2026\/04\/864-Pontica-35-36-2002-2003-Z.-COVACEF-\u2013-N.C.-VALERIU-CHELUTA-GEORGESCU-3-ianuarie-1944-\u2013-20-decembrie-2002.pdf\">deschide varianta PDF<\/a>&#8211;<\/p>\n","protected":false},"excerpt":{"rendered":"<p>SUMAR&#8211;deschide varianta PDF&#8211; Lista abrevierilor&#8211;deschide varianta PDF&#8211; VALENTINA VOINEA, C\u0102T\u0102LIN DOBRINESCU&#8211;deschide varianta PDF&#8211; ADRIAN B\u0102L\u0102\u015eESCU, VALENTIN RADU&#8211;deschide varianta PDF&#8211; MIHAI IRIMIA&#8211;deschide varianta PDF&#8211; DANIELA POPESCU, GLICHERIE CARAIVAN&#8211;deschide varianta PDF&#8211; LIVIA BUZOIANU, MARIA B\u0102RBULESCU&#8211;deschide varianta PDF&#8211; OCTAVIAN BOUNEGRU&#8211;deschide varianta PDF&#8211; MIRCEA V. ANGELESCU, ADELA B\u00c2LT\u00c2C&#8211;deschide varianta PDF&#8211; GHEORGHE PAPUC&#8211;deschide varianta PDF&#8211; RADU FLORESCU&#8211;deschide varianta PDF&#8211; MIHAI [&hellip;]<\/p>\n","protected":false},"author":2,"featured_media":0,"comment_status":"closed","ping_status":"closed","sticky":false,"template":"","format":"standard","meta":{"footnotes":""},"categories":[18],"tags":[],"class_list":["post-1463","post","type-post","status-publish","format-standard","hentry","category-revista"],"_links":{"self":[{"href":"https:\/\/revistapontica.com\/en\/wp-json\/wp\/v2\/posts\/1463","targetHints":{"allow":["GET"]}}],"collection":[{"href":"https:\/\/revistapontica.com\/en\/wp-json\/wp\/v2\/posts"}],"about":[{"href":"https:\/\/revistapontica.com\/en\/wp-json\/wp\/v2\/types\/post"}],"author":[{"embeddable":true,"href":"https:\/\/revistapontica.com\/en\/wp-json\/wp\/v2\/users\/2"}],"replies":[{"embeddable":true,"href":"https:\/\/revistapontica.com\/en\/wp-json\/wp\/v2\/comments?post=1463"}],"version-history":[{"count":5,"href":"https:\/\/revistapontica.com\/en\/wp-json\/wp\/v2\/posts\/1463\/revisions"}],"predecessor-version":[{"id":2169,"href":"https:\/\/revistapontica.com\/en\/wp-json\/wp\/v2\/posts\/1463\/revisions\/2169"}],"wp:attachment":[{"href":"https:\/\/revistapontica.com\/en\/wp-json\/wp\/v2\/media?parent=1463"}],"wp:term":[{"taxonomy":"category","embeddable":true,"href":"https:\/\/revistapontica.com\/en\/wp-json\/wp\/v2\/categories?post=1463"},{"taxonomy":"post_tag","embeddable":true,"href":"https:\/\/revistapontica.com\/en\/wp-json\/wp\/v2\/tags?post=1463"}],"curies":[{"name":"wp","href":"https:\/\/api.w.org\/{rel}","templated":true}]}}