{"id":1465,"date":"2026-04-26T15:26:14","date_gmt":"2026-04-26T12:26:14","guid":{"rendered":"https:\/\/revistapontica.com\/?p=1465"},"modified":"2026-04-29T20:57:09","modified_gmt":"2026-04-29T17:57:09","slug":"pontica-nr-33-34-2000-2001","status":"publish","type":"post","link":"https:\/\/revistapontica.com\/en\/pontica-nr-33-34-2000-2001\/","title":{"rendered":"Pontica Nr. 33-34 (2000-2001)"},"content":{"rendered":"<div class=\"wp-block-image\">\n<figure class=\"aligncenter size-large is-resized\"><img fetchpriority=\"high\" decoding=\"async\" width=\"696\" height=\"1024\" src=\"https:\/\/revistapontica.com\/wp-content\/uploads\/2026\/04\/pontica-33-34-696x1024.jpg\" alt=\"\" class=\"wp-image-1558\" style=\"width:548px;height:auto\" srcset=\"https:\/\/revistapontica.com\/wp-content\/uploads\/2026\/04\/pontica-33-34-696x1024.jpg 696w, https:\/\/revistapontica.com\/wp-content\/uploads\/2026\/04\/pontica-33-34-204x300.jpg 204w, https:\/\/revistapontica.com\/wp-content\/uploads\/2026\/04\/pontica-33-34-768x1129.jpg 768w, https:\/\/revistapontica.com\/wp-content\/uploads\/2026\/04\/pontica-33-34-8x12.jpg 8w, https:\/\/revistapontica.com\/wp-content\/uploads\/2026\/04\/pontica-33-34.jpg 816w\" sizes=\"(max-width: 696px) 100vw, 696px\" \/><\/figure>\n<\/div>\n\n\n<div style=\"height:50px\" aria-hidden=\"true\" class=\"wp-block-spacer\"><\/div>\n\n\n\n<div class=\"wp-block-buttons is-content-justification-center is-layout-flex wp-container-core-buttons-is-layout-16018d1d wp-block-buttons-is-layout-flex\">\n<div class=\"wp-block-button is-style-outline is-style-outline--1\"><a class=\"wp-block-button__link has-small-font-size has-custom-font-size wp-element-button\" href=\"https:\/\/revistapontica.com\/wp-content\/uploads\/2026\/04\/797-pontica-33-34-2000-2001.pdf\" style=\"border-top-left-radius:0px;border-top-right-radius:0px;border-bottom-left-radius:0px;border-bottom-right-radius:0px\"><strong>OPEN PONTICA NO. 33-34 \u2013 FULL VARIANT IN .PDF FORMAT<\/strong> (184 Mb)<\/a><\/div>\n<\/div>\n\n\n\n<div style=\"height:50px\" aria-hidden=\"true\" class=\"wp-block-spacer\"><\/div>\n\n\n\n<p class=\"has-text-align-center\"><strong>SUMMARY<\/strong><br>&#8211;<a href=\"https:\/\/revistapontica.com\/wp-content\/uploads\/2026\/04\/797-1-Pontica-33-34-2000-2001-Sumar.pdf\" data-type=\"link\" data-id=\"https:\/\/revistapontica.com\/wp-content\/uploads\/2026\/04\/797-1-Pontica-33-34-2000-2001-Sumar.pdf\">view the PDF version<\/a>&#8211;<\/p>\n\n\n\n<hr class=\"wp-block-separator has-alpha-channel-opacity\"\/>\n\n\n\n<p class=\"has-text-align-center\"><strong>Lista abrevierilor<\/strong><br>&#8211;<a href=\"https:\/\/revistapontica.com\/wp-content\/uploads\/2026\/04\/797-2-Pontica-33-34-2000-2001-Lista-abrevierilor.pdf\" data-type=\"link\" data-id=\"https:\/\/revistapontica.com\/wp-content\/uploads\/2026\/04\/797-2-Pontica-33-34-2000-2001-Lista-abrevierilor.pdf\">view the PDF version<\/a>&#8211;<\/p>\n\n\n\n<hr class=\"wp-block-separator has-alpha-channel-opacity\"\/>\n\n\n\n<details class=\"wp-block-details is-layout-flow wp-block-details-is-layout-flow\"><summary>Adrian R\u0103dulescu<\/summary>\n<p><\/p>\n<\/details>\n\n\n\n<p class=\"has-text-align-center\"><strong><strong><strong><strong>MIHAI IRIMIA<\/strong><\/strong><\/strong><\/strong><br>&#8211;<a href=\"https:\/\/revistapontica.com\/wp-content\/uploads\/2026\/04\/798-Pontica-33-34-2000-2001-MIHAI-IRIMIA-\u2013-Adrian-Radulescu.pdf\" data-type=\"link\" data-id=\"https:\/\/revistapontica.com\/wp-content\/uploads\/2026\/04\/798-Pontica-33-34-2000-2001-MIHAI-IRIMIA-\u2013-Adrian-Radulescu.pdf\">view the PDF version<\/a>&#8211;<\/p>\n\n\n\n<hr class=\"wp-block-separator has-alpha-channel-opacity\"\/>\n\n\n\n<details class=\"wp-block-details is-layout-flow wp-block-details-is-layout-flow\"><summary>Adrian R\u0103dulescu \u0219i cercetarea istorico-arheologic\u0103 dobrogean\u0103<\/summary>\n<p><\/p>\n<\/details>\n\n\n\n<p class=\"has-text-align-center\"><strong><strong><strong>CONSTANTIN PREDA<\/strong><\/strong><\/strong><br>&#8211;<a href=\"https:\/\/revistapontica.com\/wp-content\/uploads\/2026\/04\/799-Pontica-33-34-2000-2001-CONSTANTIN-PREDA-\u2013-Adrian-Radulescu-si-cercetarea-istorico-arheologica-dobrogeana.pdf\" data-type=\"link\" data-id=\"https:\/\/revistapontica.com\/wp-content\/uploads\/2026\/04\/799-Pontica-33-34-2000-2001-CONSTANTIN-PREDA-\u2013-Adrian-Radulescu-si-cercetarea-istorico-arheologica-dobrogeana.pdf\">view the PDF version<\/a>&#8211;<\/p>\n\n\n\n<hr class=\"wp-block-separator has-alpha-channel-opacity\"\/>\n\n\n\n<details class=\"wp-block-details is-layout-flow wp-block-details-is-layout-flow\"><summary>Noi propuneri pentru o schi\u021b\u0103 cronologic\u0103 a eneoliticului rom\u00e2nesc<\/summary>\n<p><\/p>\n<\/details>\n\n\n\n<p class=\"has-text-align-center\"><strong><strong><strong>C\u0102T\u0102LIN BEM<\/strong><\/strong><\/strong><br>&#8211;<a href=\"https:\/\/revistapontica.com\/wp-content\/uploads\/2026\/04\/800-Pontica-33-34-2000-2001-CATALIN-BEM-\u2013-Noi-propuneri-pentru-o-schita-cronologica-a-eneoliticului-romanesc.pdf\" data-type=\"link\" data-id=\"https:\/\/revistapontica.com\/wp-content\/uploads\/2026\/04\/800-Pontica-33-34-2000-2001-CATALIN-BEM-\u2013-Noi-propuneri-pentru-o-schita-cronologica-a-eneoliticului-romanesc.pdf\">view the PDF version<\/a>&#8211;<\/p>\n\n\n\n<hr class=\"wp-block-separator has-alpha-channel-opacity\"\/>\n\n\n\n<details class=\"wp-block-details is-layout-flow wp-block-details-is-layout-flow\"><summary>A\u0219ezarea eneolitic\u0103 de pe insula \u201eLa Ostrov\u201d, lacul Ta\u0219aul<\/summary>\n<p><\/p>\n<\/details>\n\n\n\n<p class=\"has-text-align-center\"><strong><strong><strong>S. MARINESCU-B\u00c2LCU, V. VOINEA, S. DUMITRESCU, C. HAIT\u0102, D. MOISE, V. RADU<\/strong><\/strong><\/strong><br>&#8211;<a href=\"https:\/\/revistapontica.com\/wp-content\/uploads\/2026\/04\/801-Pontica-33-34-2000-2001-S.-MARINESCU-BALCU-V.-VOINEA-S.-DUMITRESCU-C.-HAITA-D.-MOISE-V.-RADU-\u2013-Asezarea-eneolitica-de-pe-insula-\u201eLa-Ostrov-lacul-Tasaul.pdf\" data-type=\"link\" data-id=\"https:\/\/revistapontica.com\/wp-content\/uploads\/2026\/04\/801-Pontica-33-34-2000-2001-S.-MARINESCU-BALCU-V.-VOINEA-S.-DUMITRESCU-C.-HAITA-D.-MOISE-V.-RADU-\u2013-Asezarea-eneolitica-de-pe-insula-\u201eLa-Ostrov-lacul-Tasaul.pdf\">view the PDF version<\/a>&#8211;<\/p>\n\n\n\n<hr class=\"wp-block-separator has-alpha-channel-opacity\"\/>\n\n\n\n<details class=\"wp-block-details is-layout-flow wp-block-details-is-layout-flow\"><summary>Date inedite asupra a\u0219ez\u0103rii culturii Cernavod\u0103 I de la Cernavod\u0103<\/summary>\n<p><\/p>\n<\/details>\n\n\n\n<p class=\"has-text-align-center\"><strong><strong>PETRE ROMAN<\/strong><\/strong><br>&#8211;<a href=\"https:\/\/revistapontica.com\/wp-content\/uploads\/2026\/04\/802-Pontica-33-34-2000-2001-PETRE-ROMAN-\u2013-Date-inedite-asupra-asezarii-culturii-Cernavoda-I-de-la-Cernavoda.pdf\" data-type=\"link\" data-id=\"https:\/\/revistapontica.com\/wp-content\/uploads\/2026\/04\/802-Pontica-33-34-2000-2001-PETRE-ROMAN-\u2013-Date-inedite-asupra-asezarii-culturii-Cernavoda-I-de-la-Cernavoda.pdf\">view the PDF version<\/a>&#8211;<\/p>\n\n\n\n<hr class=\"wp-block-separator has-alpha-channel-opacity\"\/>\n\n\n\n<details class=\"wp-block-details is-layout-flow wp-block-details-is-layout-flow\"><summary>\u00censemn\u0103ri arheologice. Noi cercet\u0103ri \u0219i ipoteze cu privire la topografia \u0219i urbanismul Histriei<\/summary>\n<p><\/p>\n<\/details>\n\n\n\n<p class=\"has-text-align-center\"><strong><strong>PETRE ALEXANDRESCU<\/strong><\/strong><br>&#8211;<a href=\"https:\/\/revistapontica.com\/wp-content\/uploads\/2026\/04\/803-Pontica-33-34-2000-2001-PETRE-ALEXANDRESCU-\u2013-Insemnari-arheologice.-Noi-cercetari-si-ipoteze-cu-privire-la-topografia-si-urbanismul-Histriei.pdf\" data-type=\"link\" data-id=\"https:\/\/revistapontica.com\/wp-content\/uploads\/2026\/04\/803-Pontica-33-34-2000-2001-PETRE-ALEXANDRESCU-\u2013-Insemnari-arheologice.-Noi-cercetari-si-ipoteze-cu-privire-la-topografia-si-urbanismul-Histriei.pdf\">view the PDF version<\/a>&#8211;<\/p>\n\n\n\n<hr class=\"wp-block-separator has-alpha-channel-opacity\"\/>\n\n\n\n<details class=\"wp-block-details is-layout-flow wp-block-details-is-layout-flow\"><summary>Cronologia \u0219i tipologia teracotelor arhaice descoperite la Histria<\/summary>\n<p><\/p>\n<\/details>\n\n\n\n<p class=\"has-text-align-center\"><strong><strong>MARIA ALEXANDRESCU-VIANU<\/strong><\/strong><br>&#8211;<a href=\"https:\/\/revistapontica.com\/wp-content\/uploads\/2026\/04\/804-Pontica-33-34-2000-2001-MARIA-ALEXANDRESCU-VIANU-\u2013-Cronologia-si-tipologia-teracotelor-arhaice-descoperite-la-Histria.pdf\" data-type=\"link\" data-id=\"https:\/\/revistapontica.com\/wp-content\/uploads\/2026\/04\/804-Pontica-33-34-2000-2001-MARIA-ALEXANDRESCU-VIANU-\u2013-Cronologia-si-tipologia-teracotelor-arhaice-descoperite-la-Histria.pdf\">view the PDF version<\/a>&#8211;<\/p>\n\n\n\n<hr class=\"wp-block-separator has-alpha-channel-opacity\"\/>\n\n\n\n<details class=\"wp-block-details is-layout-flow wp-block-details-is-layout-flow\"><summary>Amforele arhaice de la Orgame \u0219i c\u00e2teva probleme de economie antic\u0103<\/summary>\n<p><\/p>\n<\/details>\n\n\n\n<p class=\"has-text-align-center\"><strong><strong>MIHAELA M\u0102NUCU ADAME\u0218TEANU<\/strong><\/strong><br>&#8211;<a href=\"https:\/\/revistapontica.com\/wp-content\/uploads\/2026\/04\/805-Pontica-33-34-2000-2001-MIHAELA-MANUCU-ADAMESTEANU-\u2013-Amforele-arhaice-de-la-Orgame-si-cateva-probleme-de-economie-antica.pdf\" data-type=\"link\" data-id=\"https:\/\/revistapontica.com\/wp-content\/uploads\/2026\/04\/805-Pontica-33-34-2000-2001-MIHAELA-MANUCU-ADAMESTEANU-\u2013-Amforele-arhaice-de-la-Orgame-si-cateva-probleme-de-economie-antica.pdf\">view the PDF version<\/a>&#8211;<\/p>\n\n\n\n<hr class=\"wp-block-separator has-alpha-channel-opacity\"\/>\n\n\n\n<details class=\"wp-block-details is-layout-flow wp-block-details-is-layout-flow\"><summary>\u0218tampile amforice recent descoperite la Albe\u0219ti (jud. Constan\u021ba)<\/summary>\n<p><\/p>\n<\/details>\n\n\n\n<p class=\"has-text-align-center\"><strong><strong>LIVIA BUZOIANU, MARIA B\u0102RBULESCU, NICOLAE CHELU\u021a\u0102-GEORGESCU<\/strong><\/strong><br>&#8211;<a href=\"https:\/\/revistapontica.com\/wp-content\/uploads\/2026\/04\/806-Pontica-33-34-2000-2001-LIVIA-BUZOIANU-MARIA-BARBULESCU-NICOLAE-CHELUTA-GEORGESCU-\u2013-Stampile-amforice-recent-descoperite-la-Albesti-jud.-Constanta.pdf\" data-type=\"link\" data-id=\"https:\/\/revistapontica.com\/wp-content\/uploads\/2026\/04\/806-Pontica-33-34-2000-2001-LIVIA-BUZOIANU-MARIA-BARBULESCU-NICOLAE-CHELUTA-GEORGESCU-\u2013-Stampile-amforice-recent-descoperite-la-Albesti-jud.-Constanta.pdf\">view the PDF version<\/a>&#8211;<\/p>\n\n\n\n<hr class=\"wp-block-separator has-alpha-channel-opacity\"\/>\n\n\n\n<details class=\"wp-block-details is-layout-flow wp-block-details-is-layout-flow\"><summary>Amphores West-Slope sur le littoral pontique<\/summary>\n<p><\/p>\n<\/details>\n\n\n\n<p class=\"has-text-align-center\"><strong><strong>VASILICA LUNGU<\/strong><\/strong><br>&#8211;<a href=\"https:\/\/revistapontica.com\/wp-content\/uploads\/2026\/04\/807-Pontica-33-34-2000-2001-VASILICA-LUNGU-\u2013-Amphores-West-Slope-sur-le-littoral-pontique.pdf\" data-type=\"link\" data-id=\"https:\/\/revistapontica.com\/wp-content\/uploads\/2026\/04\/807-Pontica-33-34-2000-2001-VASILICA-LUNGU-\u2013-Amphores-West-Slope-sur-le-littoral-pontique.pdf\">view the PDF version<\/a>&#8211;<\/p>\n\n\n\n<hr class=\"wp-block-separator has-alpha-channel-opacity\"\/>\n\n\n\n<details class=\"wp-block-details is-layout-flow wp-block-details-is-layout-flow\"><summary>Ceramica lucrat\u0103 cu m\u00e2na la Tomis \u2013 stadiul actual al cercet\u0103rilor<\/summary>\n<p><\/p>\n<\/details>\n\n\n\n<p class=\"has-text-align-center\"><strong><strong>LUCIAN ARSENIE<\/strong><\/strong><br>&#8211;<a href=\"https:\/\/revistapontica.com\/wp-content\/uploads\/2026\/04\/808-Pontica-33-34-2000-2001-LUCIAN-ARSENIE-\u2013-Ceramica-lucrata-cu-mana-la-Tomis-\u2013-stadiul-actual-al-cercetarilor.pdf\" data-type=\"link\" data-id=\"https:\/\/revistapontica.com\/wp-content\/uploads\/2026\/04\/808-Pontica-33-34-2000-2001-LUCIAN-ARSENIE-\u2013-Ceramica-lucrata-cu-mana-la-Tomis-\u2013-stadiul-actual-al-cercetarilor.pdf\">view the PDF version<\/a>&#8211;<\/p>\n\n\n\n<hr class=\"wp-block-separator has-alpha-channel-opacity\"\/>\n\n\n\n<details class=\"wp-block-details is-layout-flow wp-block-details-is-layout-flow\"><summary>Despre sci\u021bi \u0219i Scythia Mic\u0103 \u00een ultimele secole ale mileniului I a. Chr<\/summary>\n<p><\/p>\n<\/details>\n\n\n\n<p class=\"has-text-align-center\"><strong><strong>MIHAI IRIMIA<\/strong><\/strong><br>&#8211;<a href=\"https:\/\/revistapontica.com\/wp-content\/uploads\/2026\/04\/809-Pontica-33-34-2000-2001-MIHAI-IRIMIA-\u2013-Despre-sciti-si-Scythia-Mica-in-ultimele-secole-ale-mileniului-I-a.-Chr.pdf\" data-type=\"link\" data-id=\"https:\/\/revistapontica.com\/wp-content\/uploads\/2026\/04\/809-Pontica-33-34-2000-2001-MIHAI-IRIMIA-\u2013-Despre-sciti-si-Scythia-Mica-in-ultimele-secole-ale-mileniului-I-a.-Chr.pdf\">view the PDF version<\/a>&#8211;<\/p>\n\n\n\n<hr class=\"wp-block-separator has-alpha-channel-opacity\"\/>\n\n\n\n<details class=\"wp-block-details is-layout-flow wp-block-details-is-layout-flow\"><summary>\u03a0\u03c1\u1ff6\u03c4\u03bf\u03c2 \u03ba\u03b1\u1f76 \u03bc\u1f73\u03b3\u03b9\u03c3\u03c4\u03bf\u03c2 (\u03b2\u03b1\u03c3\u03b9\u03bb\u03b5\u1f7a\u03c2) \u03c4\u1ff6\u03bd \u1f10\u03c0\u1f76 \u0398\u03c1\u1fb4\u03ba\u03b7\u03c2 \u03b2\u03b1\u03c3\u03b9\u03bb\u03ad\u03c9\u03bd (IGB, I2, 13, r. 22-23)<\/summary>\n<p><\/p>\n<\/details>\n\n\n\n<p class=\"has-text-align-center\"><strong><strong>ALEXANDRU SUCEVEANU<\/strong><br><\/strong>&#8211;<a href=\"https:\/\/revistapontica.com\/wp-content\/uploads\/2026\/04\/810-Pontica-33-34-2000-2001-ALEXANDRU-SUCEVEANU-\u2013-\u03a0\u03c1\u1ff6\u03c4\u03bf\u03c2-\u03ba\u03b1\u1f76-\u03bc\u03ad\u03b3\u03b9\u03c3\u03c4\u03bf\u03c2-\u03b2\u03b1\u03c3\u03b9\u03bb\u03b5\u1f7a\u03c2-\u03c4\u1ff6\u03bd-\u1f10\u03c0\u1f76-\u0398\u03c1\u1fb4\u03ba\u03b7\u03c2-\u03b2\u03b1\u03c3\u03b9\u03bb\u03ad\u03c9\u03bd-IGB-I2-13-r.-22-23.pdf\" data-type=\"link\" data-id=\"https:\/\/revistapontica.com\/wp-content\/uploads\/2026\/04\/810-Pontica-33-34-2000-2001-ALEXANDRU-SUCEVEANU-\u2013-\u03a0\u03c1\u1ff6\u03c4\u03bf\u03c2-\u03ba\u03b1\u1f76-\u03bc\u03ad\u03b3\u03b9\u03c3\u03c4\u03bf\u03c2-\u03b2\u03b1\u03c3\u03b9\u03bb\u03b5\u1f7a\u03c2-\u03c4\u1ff6\u03bd-\u1f10\u03c0\u1f76-\u0398\u03c1\u1fb4\u03ba\u03b7\u03c2-\u03b2\u03b1\u03c3\u03b9\u03bb\u03ad\u03c9\u03bd-IGB-I2-13-r.-22-23.pdf\">view the PDF version<\/a>&#8211;<\/p>\n\n\n\n<hr class=\"wp-block-separator has-alpha-channel-opacity\"\/>\n\n\n\n<details class=\"wp-block-details is-layout-flow wp-block-details-is-layout-flow\"><summary>Autour de quelques d\u00e9crets d\u2019Istros<\/summary>\n<p><\/p>\n<\/details>\n\n\n\n<p class=\"has-text-align-center\"><strong><strong>ALEXANDRU AVRAM<\/strong><\/strong><br>&#8211;<a href=\"https:\/\/revistapontica.com\/wp-content\/uploads\/2026\/04\/811-Pontica-33-34-2000-2001-ALEXANDRU-AVRAM-\u2013-Autour-de-quelques-decrets-dIstros.pdf\" data-type=\"link\" data-id=\"https:\/\/revistapontica.com\/wp-content\/uploads\/2026\/04\/811-Pontica-33-34-2000-2001-ALEXANDRU-AVRAM-\u2013-Autour-de-quelques-decrets-dIstros.pdf\">view the PDF version<\/a>&#8211;<\/p>\n\n\n\n<hr class=\"wp-block-separator has-alpha-channel-opacity\"\/>\n\n\n\n<details class=\"wp-block-details is-layout-flow wp-block-details-is-layout-flow\"><summary>Contribu\u021bia militar\u0103 a provinciei Moesia Inferior la cucerirea Daciei<\/summary>\n<p><\/p>\n<\/details>\n\n\n\n<p class=\"has-text-align-center\"><strong>CONSTANTIN C. PETOLESCU<br><\/strong>&#8211;<a href=\"https:\/\/revistapontica.com\/wp-content\/uploads\/2026\/04\/812-Pontica-33-34-2000-2001-CONSTANTIN-C.-PETOLESCU-\u2013-Contributia-militara-a-provinciei-Moesia-Inferior-la-cucerirea-Daciei.pdf\" data-type=\"link\" data-id=\"https:\/\/revistapontica.com\/wp-content\/uploads\/2026\/04\/812-Pontica-33-34-2000-2001-CONSTANTIN-C.-PETOLESCU-\u2013-Contributia-militara-a-provinciei-Moesia-Inferior-la-cucerirea-Daciei.pdf\">view the PDF version<\/a>&#8211;<\/p>\n\n\n\n<hr class=\"wp-block-separator has-alpha-channel-opacity\"\/>\n\n\n\n<details class=\"wp-block-details is-layout-flow wp-block-details-is-layout-flow\"><summary>Culte \u0219i zeit\u0103\u021bi \u00een Moesia Inferior. Demetra \u2013 eviden\u021ba numismatic\u0103<\/summary>\n<p><\/p>\n<\/details>\n\n\n\n<p class=\"has-text-align-center\"><strong><strong>MIHAELA IACOB<\/strong><\/strong><br>&#8211;<a href=\"https:\/\/revistapontica.com\/wp-content\/uploads\/2026\/04\/813-Pontica-33-34-2000-2001-MIHAELA-IACOB-\u2013-Culte-si-zeitati-in-Moesia-Inferior.-Demetra-\u2013-evidenta-numismatica.pdf\" data-type=\"link\" data-id=\"https:\/\/revistapontica.com\/wp-content\/uploads\/2026\/04\/813-Pontica-33-34-2000-2001-MIHAELA-IACOB-\u2013-Culte-si-zeitati-in-Moesia-Inferior.-Demetra-\u2013-evidenta-numismatica.pdf\">view the PDF version<\/a>&#8211;<\/p>\n\n\n\n<hr class=\"wp-block-separator has-alpha-channel-opacity\"\/>\n\n\n\n<details class=\"wp-block-details is-layout-flow wp-block-details-is-layout-flow\"><summary>Culte orientale \u00een panteonul Dobrogei romane<\/summary>\n<p><\/p>\n<\/details>\n\n\n\n<p class=\"has-text-align-center\"><strong><strong>ZAHARIA COVACEF<\/strong><\/strong><br>&#8211;<a href=\"https:\/\/revistapontica.com\/wp-content\/uploads\/2026\/04\/814-Pontica-33-34-2000-2001-ZAHARIA-COVACEF-\u2013-Culte-orientale-in-panteonul-Dobrogei-romane.pdf\" data-type=\"link\" data-id=\"https:\/\/revistapontica.com\/wp-content\/uploads\/2026\/04\/814-Pontica-33-34-2000-2001-ZAHARIA-COVACEF-\u2013-Culte-orientale-in-panteonul-Dobrogei-romane.pdf\">view the PDF version<\/a>&#8211;<\/p>\n\n\n\n<hr class=\"wp-block-separator has-alpha-channel-opacity\"\/>\n\n\n\n<details class=\"wp-block-details is-layout-flow wp-block-details-is-layout-flow\"><summary>Mitul lui Pha\u00ebton \u00een iconografia unor lucr\u0103ri de art\u0103 antice \u0219i medievale<\/summary>\n<p><\/p>\n<\/details>\n\n\n\n<p class=\"has-text-align-center\"><strong><strong>GAVRIL\u0102 SIMION<\/strong><\/strong><br>&#8211;<a href=\"https:\/\/revistapontica.com\/wp-content\/uploads\/2026\/04\/815-Pontica-33-34-2000-2001-GAVRILA-SIMION-\u2013-Mitul-lui-Phaeton-in-iconografia-unor-lucrari-de-arta-antice-si-medievale.pdf\" data-type=\"link\" data-id=\"https:\/\/revistapontica.com\/wp-content\/uploads\/2026\/04\/815-Pontica-33-34-2000-2001-GAVRILA-SIMION-\u2013-Mitul-lui-Phaeton-in-iconografia-unor-lucrari-de-arta-antice-si-medievale.pdf\">view the PDF version<\/a>&#8211;<\/p>\n\n\n\n<hr class=\"wp-block-separator has-alpha-channel-opacity\"\/>\n\n\n\n<details class=\"wp-block-details is-layout-flow wp-block-details-is-layout-flow\"><summary>Date stratigrafice recente privind re\u0163eaua stradal\u0103 din cartierul \u201eDomus\u201d de la Histria<\/summary>\n<p><\/p>\n<\/details>\n\n\n\n<p class=\"has-text-align-center\"><strong><strong>OCTAVIAN BOUNEGRU<\/strong><\/strong><br>&#8211;<a href=\"https:\/\/revistapontica.com\/wp-content\/uploads\/2026\/04\/816-Pontica-33-34-2000-2001-OCTAVIAN-BOUNEGRU-\u2013-Date-stratigrafice-recente-privind-reteaua-stradala-din-cartierul-\u201eDomus-de-la-Histria.pdf\" data-type=\"link\" data-id=\"https:\/\/revistapontica.com\/wp-content\/uploads\/2026\/04\/816-Pontica-33-34-2000-2001-OCTAVIAN-BOUNEGRU-\u2013-Date-stratigrafice-recente-privind-reteaua-stradala-din-cartierul-\u201eDomus-de-la-Histria.pdf\">view the PDF version<\/a>&#8211;<\/p>\n\n\n\n<hr class=\"wp-block-separator has-alpha-channel-opacity\"\/>\n\n\n\n<details class=\"wp-block-details is-layout-flow wp-block-details-is-layout-flow\"><summary>Tropaeum Traiani, poarta de nord<\/summary>\n<p><\/p>\n<\/details>\n\n\n\n<p class=\"has-text-align-center\"><strong>IOANA BOGDAN-C\u0102T\u0102NICIU<\/strong><br>&#8211;<a href=\"https:\/\/revistapontica.com\/wp-content\/uploads\/2026\/04\/817-Pontica-33-34-2000-2001-IOANA-BOGDAN-CATANICIU-\u2013-Tropaeum-Traiani-poarta-de-nord.pdf\" data-type=\"link\" data-id=\"https:\/\/revistapontica.com\/wp-content\/uploads\/2026\/04\/817-Pontica-33-34-2000-2001-IOANA-BOGDAN-CATANICIU-\u2013-Tropaeum-Traiani-poarta-de-nord.pdf\">view the PDF version<\/a>&#8211;<\/p>\n\n\n\n<hr class=\"wp-block-separator has-alpha-channel-opacity\"\/>\n\n\n\n<details class=\"wp-block-details is-layout-flow wp-block-details-is-layout-flow\"><summary>Tomis \u2013 aprovizionarea cu ap\u0103 potabil\u0103 \u00een epoca roman\u0103 \u015fi roman\u0103-t\u00e2rzie<\/summary>\n<p><\/p>\n<\/details>\n\n\n\n<p class=\"has-text-align-center\"><strong><strong>GHEORGHE PAPUC<\/strong><\/strong><br>&#8211;<a href=\"https:\/\/revistapontica.com\/wp-content\/uploads\/2026\/04\/818-Pontica-33-34-2000-2001-GHEORGHE-PAPUC-\u2013-Tomis-\u2013-aprovizionarea-cu-apa-potabila-in-epoca-romana-si-romana-tarzie.pdf\" data-type=\"link\" data-id=\"https:\/\/revistapontica.com\/wp-content\/uploads\/2026\/04\/818-Pontica-33-34-2000-2001-GHEORGHE-PAPUC-\u2013-Tomis-\u2013-aprovizionarea-cu-apa-potabila-in-epoca-romana-si-romana-tarzie.pdf\">view the PDF version<\/a>&#8211;<\/p>\n\n\n\n<hr class=\"wp-block-separator has-alpha-channel-opacity\"\/>\n\n\n\n<details class=\"wp-block-details is-layout-flow wp-block-details-is-layout-flow\"><summary>Des tremblements de lerre el des invasions en Scythle Mineure pendant l\u2019antiquite et l\u2019antiquite tardive<\/summary>\n<p><\/p>\n<\/details>\n\n\n\n<p class=\"has-text-align-center\"><strong><strong>RADU FLORESCU<\/strong><\/strong><br>&#8211;<a href=\"https:\/\/revistapontica.com\/wp-content\/uploads\/2026\/04\/819-Pontica-33-34-2000-2001-RADU-FLORESCU-\u2013-Des-tremblements-de-lerre-el-des-invasions-en-Scythle-Mineure-pendant-lantiquite-et-lantiquite-tardive.pdf\" data-type=\"link\" data-id=\"https:\/\/revistapontica.com\/wp-content\/uploads\/2026\/04\/819-Pontica-33-34-2000-2001-RADU-FLORESCU-\u2013-Des-tremblements-de-lerre-el-des-invasions-en-Scythle-Mineure-pendant-lantiquite-et-lantiquite-tardive.pdf\">view the PDF version<\/a>&#8211;<\/p>\n\n\n\n<hr class=\"wp-block-separator has-alpha-channel-opacity\"\/>\n\n\n\n<details class=\"wp-block-details is-layout-flow wp-block-details-is-layout-flow\"><summary>Observa\u021bii asupra unui tip de amfore romano-bizantine<\/summary>\n<p><\/p>\n<\/details>\n\n\n\n<p class=\"has-text-align-center\"><strong><strong>DOREL PARASCHIV<\/strong><\/strong><br>&#8211;<a href=\"https:\/\/revistapontica.com\/wp-content\/uploads\/2026\/04\/820-Pontica-33-34-2000-2001-DOREL-PARASCHIV-\u2013-Observatii-asupra-unui-tip-de-amfore-romano-bizantine.pdf\" data-type=\"link\" data-id=\"https:\/\/revistapontica.com\/wp-content\/uploads\/2026\/04\/820-Pontica-33-34-2000-2001-DOREL-PARASCHIV-\u2013-Observatii-asupra-unui-tip-de-amfore-romano-bizantine.pdf\">view the PDF version<\/a>&#8211;<\/p>\n\n\n\n<hr class=\"wp-block-separator has-alpha-channel-opacity\"\/>\n\n\n\n<details class=\"wp-block-details is-layout-flow wp-block-details-is-layout-flow\"><summary>Depozitul de candele din sticl\u0103 descoperit la basilica episcopal\u0103 de la Histria<\/summary>\n<p><\/p>\n<\/details>\n\n\n\n<p class=\"has-text-align-center\"><strong>CONSTANTIN B\u0102JENARU, ADELA B\u00c2LT\u00c2C<\/strong><br>&#8211;<a href=\"https:\/\/revistapontica.com\/wp-content\/uploads\/2026\/04\/821-Pontica-33-34-2000-2001-CONSTANTIN-BAJENARU-ADELA-BALTAC-\u2013-Depozitul-de-candele-din-sticla-descoperit-la-basilica-episcopala-de-la-Histria.pdf\" data-type=\"link\" data-id=\"https:\/\/revistapontica.com\/wp-content\/uploads\/2026\/04\/821-Pontica-33-34-2000-2001-CONSTANTIN-BAJENARU-ADELA-BALTAC-\u2013-Depozitul-de-candele-din-sticla-descoperit-la-basilica-episcopala-de-la-Histria.pdf\">view the PDF version<\/a>&#8211;<\/p>\n\n\n\n<hr class=\"wp-block-separator has-alpha-channel-opacity\"\/>\n\n\n\n<details class=\"wp-block-details is-layout-flow wp-block-details-is-layout-flow\"><summary>Cine a fost autorul actului martiric al Sf\u00e2ntului Sava \u201eGotul\u201d &#8211; Considera\u021bii pe marginea unei ipoteze<\/summary>\n<p><\/p>\n<\/details>\n\n\n\n<p class=\"has-text-align-center\"><strong><strong>EMILIAN POPESCU<\/strong><\/strong><br>&#8211;<a href=\"https:\/\/revistapontica.com\/wp-content\/uploads\/2026\/04\/822-Pontica-33-34-2000-2001-EMILIAN-POPESCU-\u2013-Cine-a-fost-autorul-actului-martiric-al-Sfantului-Sava-\u201eGotul-Consideratii-pe-marginea-unei-ipoteze.pdf\" data-type=\"link\" data-id=\"https:\/\/revistapontica.com\/wp-content\/uploads\/2026\/04\/822-Pontica-33-34-2000-2001-EMILIAN-POPESCU-\u2013-Cine-a-fost-autorul-actului-martiric-al-Sfantului-Sava-\u201eGotul-Consideratii-pe-marginea-unei-ipoteze.pdf\">view the PDF version<\/a>&#8211;<\/p>\n\n\n\n<hr class=\"wp-block-separator has-alpha-channel-opacity\"\/>\n\n\n\n<details class=\"wp-block-details is-layout-flow wp-block-details-is-layout-flow\"><summary>\u1feb\u03c0\u03bf\u03b3\u03c1\u03b1\u03bc\u03bc\u03cc\u03c2 \u2013 modelul neotestamentar al martiriului<\/summary>\n<p><\/p>\n<\/details>\n\n\n\n<p class=\"has-text-align-center\"><strong><strong>ADRIANA C\u00c2TEIA<\/strong><\/strong><br>&#8211;<a href=\"https:\/\/revistapontica.com\/wp-content\/uploads\/2026\/04\/823-Pontica-33-34-2000-2001-ADRIANA-CATEIA-\u2013-\u038e\u03c0\u03bf\u03b3\u03c1\u03b1\u03bc\u03bc\u03cc\u03c2-\u2013-modelul-neotestamentar-al-martiriului.pdf\" data-type=\"link\" data-id=\"https:\/\/revistapontica.com\/wp-content\/uploads\/2026\/04\/823-Pontica-33-34-2000-2001-ADRIANA-CATEIA-\u2013-\u038e\u03c0\u03bf\u03b3\u03c1\u03b1\u03bc\u03bc\u03cc\u03c2-\u2013-modelul-neotestamentar-al-martiriului.pdf\">view the PDF version<\/a>&#8211;<\/p>\n\n\n\n<hr class=\"wp-block-separator has-alpha-channel-opacity\"\/>\n\n\n\n<details class=\"wp-block-details is-layout-flow wp-block-details-is-layout-flow\"><summary>A\u015fez\u0103rile Mosti\u015ftei Inferioare \u00een preocup\u0103rile voievozilor \u021a\u0103rii Rom\u00e2ne\u015fti<\/summary>\n<p><\/p>\n<\/details>\n\n\n\n<p class=\"has-text-align-center\"><strong><strong>PANAIT I. PANAIT<\/strong><\/strong><br>&#8211;<a href=\"https:\/\/revistapontica.com\/wp-content\/uploads\/2026\/04\/824-Pontica-33-34-2000-2001-PANAIT-I.-PANAIT-\u2013-Asezarile-Mostistei-Inferioare-in-preocuparile-voievozilor-Tarii-Romanesti.pdf\" data-type=\"link\" data-id=\"https:\/\/revistapontica.com\/wp-content\/uploads\/2026\/04\/824-Pontica-33-34-2000-2001-PANAIT-I.-PANAIT-\u2013-Asezarile-Mostistei-Inferioare-in-preocuparile-voievozilor-Tarii-Romanesti.pdf\">view the PDF version<\/a>&#8211;<\/p>\n\n\n\n<hr class=\"wp-block-separator has-alpha-channel-opacity\"\/>\n\n\n\n<details class=\"wp-block-details is-layout-flow wp-block-details-is-layout-flow\"><summary>Raporturile bisericii ortodoxe rom\u00e2ne cu patriarhia de la Constantinopol (sec. XIV-XVI)<\/summary>\n<p><\/p>\n<\/details>\n\n\n\n<p class=\"has-text-align-center\"><strong><strong>DANIEL FLAUT<\/strong><\/strong><br>&#8211;<a href=\"https:\/\/revistapontica.com\/wp-content\/uploads\/2026\/04\/825-Pontica-33-34-2000-2001-DANIEL-FLAUT-\u2013-Raporturile-bisericii-ortodoxe-romane-cu-patriarhia-de-la-Constantinopol-sec.-XIV-XVI.pdf\" data-type=\"link\" data-id=\"https:\/\/revistapontica.com\/wp-content\/uploads\/2026\/04\/825-Pontica-33-34-2000-2001-DANIEL-FLAUT-\u2013-Raporturile-bisericii-ortodoxe-romane-cu-patriarhia-de-la-Constantinopol-sec.-XIV-XVI.pdf\">view the PDF version<\/a>&#8211;<\/p>\n\n\n\n<hr class=\"wp-block-separator has-alpha-channel-opacity\"\/>\n\n\n\n<details class=\"wp-block-details is-layout-flow wp-block-details-is-layout-flow\"><summary>Considera\u0163ii \u015fi note arheologice asupra locuin\u021bei din secolele XIV-XV la Dun\u0103rea de Jos<\/summary>\n<p><\/p>\n<\/details>\n\n\n\n<p class=\"has-text-align-center\"><strong>ARISTIDE \u015eTEF\u0102NESCU<\/strong><br>&#8211;<a href=\"https:\/\/revistapontica.com\/wp-content\/uploads\/2026\/04\/826-Pontica-33-34-2000-2001-ARISTIDE-STEFANESCU-\u2013-Consideratii-si-note-arheologice-asupra-locuintei-din-secolele-XIV-XV-la-Dunarea-de-Jos.pdf\" data-type=\"link\" data-id=\"https:\/\/revistapontica.com\/wp-content\/uploads\/2026\/04\/826-Pontica-33-34-2000-2001-ARISTIDE-STEFANESCU-\u2013-Consideratii-si-note-arheologice-asupra-locuintei-din-secolele-XIV-XV-la-Dunarea-de-Jos.pdf\">view the PDF version<\/a>&#8211;<\/p>\n\n\n\n<hr class=\"wp-block-separator has-alpha-channel-opacity\"\/>\n\n\n\n<details class=\"wp-block-details is-layout-flow wp-block-details-is-layout-flow\"><summary>Caracteristicile sedimentologice \u015fi geolitodinamice ale cordonului litoral Techirghiol<\/summary>\n<p><\/p>\n<\/details>\n\n\n\n<p class=\"has-text-align-center\"><strong>GL. CARAIVAN, G. OPREANU, A. ST\u0102NIC\u0102, A. DONICI, C. FULGA, P. OPREANU, F. P\u0102UN<\/strong><br>&#8211;<a href=\"https:\/\/revistapontica.com\/wp-content\/uploads\/2026\/04\/827-Pontica-33-34-2000-2001-GL.-CARAIVAN-G.-OPREANU-A.-STANICA-A.-DONICI-C.-FULGA-P.-OPREANU-F.-PAUN-\u2013-Caracteristicile-sedimentologice-si-geolitodinamice-ale-cordo.pdf\" data-type=\"link\" data-id=\"https:\/\/revistapontica.com\/wp-content\/uploads\/2026\/04\/827-Pontica-33-34-2000-2001-GL.-CARAIVAN-G.-OPREANU-A.-STANICA-A.-DONICI-C.-FULGA-P.-OPREANU-F.-PAUN-\u2013-Caracteristicile-sedimentologice-si-geolitodinamice-ale-cordo.pdf\">view the PDF version<\/a>&#8211;<\/p>\n\n\n\n<hr class=\"wp-block-separator has-alpha-channel-opacity\"\/>\n\n\n\n<details class=\"wp-block-details is-layout-flow wp-block-details-is-layout-flow\"><summary>Descoperiri arheologice \u015fi numismatice de pe raza localit\u0103\u0163ii Satu Nou (com. Oltina, jud. Constan\u0163a)<\/summary>\n<p><\/p>\n<\/details>\n\n\n\n<p class=\"has-text-align-center\"><strong>GABRIEL CUSTUREA<\/strong><br>&#8211;<a href=\"https:\/\/revistapontica.com\/wp-content\/uploads\/2026\/04\/828-Pontica-33-34-2000-2001-GABRIEL-CUSTUREA-\u2013-Descoperiri-arheologice-si-numismatice-de-pe-raza-localitatii-Satu-Nou-com.-Oltina-jud.-Constanta.pdf\" data-type=\"link\" data-id=\"https:\/\/revistapontica.com\/wp-content\/uploads\/2026\/04\/828-Pontica-33-34-2000-2001-GABRIEL-CUSTUREA-\u2013-Descoperiri-arheologice-si-numismatice-de-pe-raza-localitatii-Satu-Nou-com.-Oltina-jud.-Constanta.pdf\">view the PDF version<\/a>&#8211;<\/p>\n\n\n\n<hr class=\"wp-block-separator has-alpha-channel-opacity\"\/>\n\n\n\n<details class=\"wp-block-details is-layout-flow wp-block-details-is-layout-flow\"><summary>Doua ponduri unciale descoperite \u00een nord-vestul Dobrogei<\/summary>\n<p><\/p>\n<\/details>\n\n\n\n<p class=\"has-text-align-center\"><strong>DOREL PARASCHIV<\/strong><br>&#8211;<a href=\"https:\/\/revistapontica.com\/wp-content\/uploads\/2026\/04\/829-Pontica-33-34-2000-2001-DOREL-PARASCHIV-\u2013-Doua-ponduri-unciale-descoperite-in-nord-vestul-Dobrogei.pdf\" data-type=\"link\" data-id=\"https:\/\/revistapontica.com\/wp-content\/uploads\/2026\/04\/829-Pontica-33-34-2000-2001-DOREL-PARASCHIV-\u2013-Doua-ponduri-unciale-descoperite-in-nord-vestul-Dobrogei.pdf\">view the PDF version<\/a>&#8211;<\/p>\n\n\n\n<hr class=\"wp-block-separator has-alpha-channel-opacity\"\/>\n\n\n\n<details class=\"wp-block-details is-layout-flow wp-block-details-is-layout-flow\"><summary>Tezaurul monetar roman imperial descoperit la Abrud (com. Adamclisi, jud . Constan\u021ba)<\/summary>\n<p><\/p>\n<\/details>\n\n\n\n<p class=\"has-text-align-center\"><strong>ANTOANETA VERTAN, EMANUEL PETAC<\/strong><br>&#8211;<a href=\"https:\/\/revistapontica.com\/wp-content\/uploads\/2026\/04\/830-Pontica-33-34-2000-2001-ANTOANETA-VERTAN-EMANUEL-PETAC-\u2013-Tezaurul-monetar-roman-imperial-descoperit-la-Abrud-com.-Adamclisi-jud-.-Constanta.pdf\" data-type=\"link\" data-id=\"https:\/\/revistapontica.com\/wp-content\/uploads\/2026\/04\/830-Pontica-33-34-2000-2001-ANTOANETA-VERTAN-EMANUEL-PETAC-\u2013-Tezaurul-monetar-roman-imperial-descoperit-la-Abrud-com.-Adamclisi-jud-.-Constanta.pdf\">view the PDF version<\/a>&#8211;<\/p>\n\n\n\n<hr class=\"wp-block-separator has-alpha-channel-opacity\"\/>\n\n\n\n<details class=\"wp-block-details is-layout-flow wp-block-details-is-layout-flow\"><summary>Un lot inedit din tezaurul de la Rachelu (com. Luncavi\u021ba, jud. Tulcea)<\/summary>\n<p><\/p>\n<\/details>\n\n\n\n<p class=\"has-text-align-center\"><strong>KATIU\u015eA P\u00c2RVAN, BOGDAN CONSTANTINESCU<\/strong><br>&#8211;<a href=\"https:\/\/revistapontica.com\/wp-content\/uploads\/2026\/04\/831-Pontica-33-34-2000-2001-KATIUSA-PARVAN-BOGDAN-CONSTANTINESCU-\u2013-Un-lot-inedit-din-tezaurul-de-la-Rachelu-com.-Luncavita-jud.-Tulcea.pdf\" data-type=\"link\" data-id=\"https:\/\/revistapontica.com\/wp-content\/uploads\/2026\/04\/831-Pontica-33-34-2000-2001-KATIUSA-PARVAN-BOGDAN-CONSTANTINESCU-\u2013-Un-lot-inedit-din-tezaurul-de-la-Rachelu-com.-Luncavita-jud.-Tulcea.pdf\">view the PDF version<\/a>&#8211;<\/p>\n\n\n\n<hr class=\"wp-block-separator has-alpha-channel-opacity\"\/>\n\n\n\n<details class=\"wp-block-details is-layout-flow wp-block-details-is-layout-flow\"><summary>Cronica descoperirilor monetare din jud. Tulcea (VII)<\/summary>\n<p><\/p>\n<\/details>\n\n\n\n<p class=\"has-text-align-center\"><strong>GHEORGHE M\u0102NUCU ADAME\u015eTEANU<\/strong><br>&#8211;<a href=\"https:\/\/revistapontica.com\/wp-content\/uploads\/2026\/04\/832-Pontica-33-34-2000-2001-GHEORGHE-MANUCU-ADAMESTEANU-\u2013-Cronica-descoperirilor-monetare-din-jud.-Tulcea-VII.pdf\" data-type=\"link\" data-id=\"https:\/\/revistapontica.com\/wp-content\/uploads\/2026\/04\/832-Pontica-33-34-2000-2001-GHEORGHE-MANUCU-ADAMESTEANU-\u2013-Cronica-descoperirilor-monetare-din-jud.-Tulcea-VII.pdf\">view the PDF version<\/a>&#8211;<\/p>\n\n\n\n<hr class=\"wp-block-separator has-alpha-channel-opacity\"\/>\n\n\n\n<details class=\"wp-block-details is-layout-flow wp-block-details-is-layout-flow\"><summary>Recenzie &#8211; IOAN MITREA, Comunit\u0103\u0163i s\u0103te\u015fti la est de Carpa\u021bi \u00een epoca migra\u0163iilor. A\u015fezarea de la Davideni din secolele V-VIII<\/summary>\n<p><\/p>\n<\/details>\n\n\n\n<p class=\"has-text-align-center\"><strong>D. FLAUT<\/strong><br>&#8211;<a href=\"https:\/\/revistapontica.com\/wp-content\/uploads\/2026\/04\/833-Pontica-33-34-2000-2001-D.-FLAUT-\u2013-Recenzie-IOAN-MITREA-Comunitati-satesti-la-est-de-Carpati-in-epoca-migratiilor.-Asezarea-de-la-Davideni-din-secolele-V-VIII.pdf\" data-type=\"link\" data-id=\"https:\/\/revistapontica.com\/wp-content\/uploads\/2026\/04\/833-Pontica-33-34-2000-2001-D.-FLAUT-\u2013-Recenzie-IOAN-MITREA-Comunitati-satesti-la-est-de-Carpati-in-epoca-migratiilor.-Asezarea-de-la-Davideni-din-secolele-V-VIII.pdf\">view the PDF version<\/a>&#8211;<\/p>\n\n\n\n<hr class=\"wp-block-separator has-alpha-channel-opacity\"\/>\n\n\n\n<details class=\"wp-block-details is-layout-flow wp-block-details-is-layout-flow\"><summary>Recenzie &#8211; JOHN JOHNS NORWICH, A Short History of Byzantium<\/summary>\n<p><\/p>\n<\/details>\n\n\n\n<p class=\"has-text-align-center\"><strong>D. FLAUT<\/strong><br>&#8211;<a href=\"https:\/\/revistapontica.com\/wp-content\/uploads\/2026\/04\/834-Pontica-33-34-2000-2001-D.-FLAUT-\u2013-Recenzie-JOHN-JOHNS-NORWICH-A-Short-History-of-Byzantium.pdf\" data-type=\"link\" data-id=\"https:\/\/revistapontica.com\/wp-content\/uploads\/2026\/04\/834-Pontica-33-34-2000-2001-D.-FLAUT-\u2013-Recenzie-JOHN-JOHNS-NORWICH-A-Short-History-of-Byzantium.pdf\">view the PDF version<\/a>&#8211;<\/p>\n\n\n\n<hr class=\"wp-block-separator has-alpha-channel-opacity\"\/>\n\n\n\n<details class=\"wp-block-details is-layout-flow wp-block-details-is-layout-flow\"><summary>LUCIAN ARSENIE &#8211; G\u00e2nduri pentru un om adev\u0103rat (22 septembrie 1969 -13 martie 2001)<\/summary>\n<p><\/p>\n<\/details>\n\n\n\n<p class=\"has-text-align-center\"><strong>V. VOINEA<\/strong><br>&#8211;<a href=\"https:\/\/revistapontica.com\/wp-content\/uploads\/2026\/04\/835-Pontica-33-34-2000-2001-V.-VOINEA-\u2013-LUCIAN-ARSENIE-Ganduri-pentru-un-om-adevarat-22-septembrie-1969-13-martie-2001.pdf\" data-type=\"link\" data-id=\"https:\/\/revistapontica.com\/wp-content\/uploads\/2026\/04\/835-Pontica-33-34-2000-2001-V.-VOINEA-\u2013-LUCIAN-ARSENIE-Ganduri-pentru-un-om-adevarat-22-septembrie-1969-13-martie-2001.pdf\">view the PDF version<\/a>&#8211;<\/p>","protected":false},"excerpt":{"rendered":"<p>SUMAR&#8211;deschide varianta PDF&#8211; Lista abrevierilor&#8211;deschide varianta PDF&#8211; MIHAI IRIMIA&#8211;deschide varianta PDF&#8211; CONSTANTIN PREDA&#8211;deschide varianta PDF&#8211; C\u0102T\u0102LIN BEM&#8211;deschide varianta PDF&#8211; S. MARINESCU-B\u00c2LCU, V. VOINEA, S. DUMITRESCU, C. HAIT\u0102, D. MOISE, V. RADU&#8211;deschide varianta PDF&#8211; PETRE ROMAN&#8211;deschide varianta PDF&#8211; PETRE ALEXANDRESCU&#8211;deschide varianta PDF&#8211; MARIA ALEXANDRESCU-VIANU&#8211;deschide varianta PDF&#8211; MIHAELA M\u0102NUCU ADAME\u0218TEANU&#8211;deschide varianta PDF&#8211; LIVIA BUZOIANU, MARIA B\u0102RBULESCU, NICOLAE [&hellip;]<\/p>\n","protected":false},"author":2,"featured_media":0,"comment_status":"closed","ping_status":"closed","sticky":false,"template":"","format":"standard","meta":{"footnotes":""},"categories":[18],"tags":[],"class_list":["post-1465","post","type-post","status-publish","format-standard","hentry","category-revista"],"_links":{"self":[{"href":"https:\/\/revistapontica.com\/en\/wp-json\/wp\/v2\/posts\/1465","targetHints":{"allow":["GET"]}}],"collection":[{"href":"https:\/\/revistapontica.com\/en\/wp-json\/wp\/v2\/posts"}],"about":[{"href":"https:\/\/revistapontica.com\/en\/wp-json\/wp\/v2\/types\/post"}],"author":[{"embeddable":true,"href":"https:\/\/revistapontica.com\/en\/wp-json\/wp\/v2\/users\/2"}],"replies":[{"embeddable":true,"href":"https:\/\/revistapontica.com\/en\/wp-json\/wp\/v2\/comments?post=1465"}],"version-history":[{"count":5,"href":"https:\/\/revistapontica.com\/en\/wp-json\/wp\/v2\/posts\/1465\/revisions"}],"predecessor-version":[{"id":2211,"href":"https:\/\/revistapontica.com\/en\/wp-json\/wp\/v2\/posts\/1465\/revisions\/2211"}],"wp:attachment":[{"href":"https:\/\/revistapontica.com\/en\/wp-json\/wp\/v2\/media?parent=1465"}],"wp:term":[{"taxonomy":"category","embeddable":true,"href":"https:\/\/revistapontica.com\/en\/wp-json\/wp\/v2\/categories?post=1465"},{"taxonomy":"post_tag","embeddable":true,"href":"https:\/\/revistapontica.com\/en\/wp-json\/wp\/v2\/tags?post=1465"}],"curies":[{"name":"wp","href":"https:\/\/api.w.org\/{rel}","templated":true}]}}