{"id":1471,"date":"2026-04-26T15:23:47","date_gmt":"2026-04-26T12:23:47","guid":{"rendered":"https:\/\/revistapontica.com\/?p=1471"},"modified":"2026-04-29T22:03:22","modified_gmt":"2026-04-29T19:03:22","slug":"pontica-nr-30-1997","status":"publish","type":"post","link":"https:\/\/revistapontica.com\/en\/pontica-nr-30-1997\/","title":{"rendered":"Pontica Nr. 30 (1997)"},"content":{"rendered":"<div class=\"wp-block-image\">\n<figure class=\"aligncenter size-large is-resized\"><img fetchpriority=\"high\" decoding=\"async\" width=\"696\" height=\"1024\" src=\"https:\/\/revistapontica.com\/wp-content\/uploads\/2026\/04\/pontica-30-696x1024.jpg\" alt=\"\" class=\"wp-image-1555\" style=\"width:548px;height:auto\" srcset=\"https:\/\/revistapontica.com\/wp-content\/uploads\/2026\/04\/pontica-30-696x1024.jpg 696w, https:\/\/revistapontica.com\/wp-content\/uploads\/2026\/04\/pontica-30-204x300.jpg 204w, https:\/\/revistapontica.com\/wp-content\/uploads\/2026\/04\/pontica-30-768x1129.jpg 768w, https:\/\/revistapontica.com\/wp-content\/uploads\/2026\/04\/pontica-30-8x12.jpg 8w, https:\/\/revistapontica.com\/wp-content\/uploads\/2026\/04\/pontica-30.jpg 816w\" sizes=\"(max-width: 696px) 100vw, 696px\" \/><\/figure>\n<\/div>\n\n\n<div style=\"height:50px\" aria-hidden=\"true\" class=\"wp-block-spacer\"><\/div>\n\n\n\n<div class=\"wp-block-buttons is-content-justification-center is-layout-flex wp-container-core-buttons-is-layout-16018d1d wp-block-buttons-is-layout-flex\">\n<div class=\"wp-block-button is-style-outline is-style-outline--1\"><a class=\"wp-block-button__link has-small-font-size has-custom-font-size wp-element-button\" href=\"https:\/\/revistapontica.com\/wp-content\/uploads\/2026\/04\/713-Pontica-30-1997.pdf\" style=\"border-top-left-radius:0px;border-top-right-radius:0px;border-bottom-left-radius:0px;border-bottom-right-radius:0px\"><strong>OPEN PONTICA NO. 30 \u2013 FULL VARIANT IN .PDF FORMAT<\/strong> (95 Mb)<\/a><\/div>\n<\/div>\n\n\n\n<div style=\"height:50px\" aria-hidden=\"true\" class=\"wp-block-spacer\"><\/div>\n\n\n\n<p class=\"has-text-align-center\">&#8211;<a href=\"https:\/\/revistapontica.com\/wp-content\/uploads\/2026\/04\/713-1-Pontica-30-1997-Sumar.pdf\" data-type=\"link\" data-id=\"https:\/\/revistapontica.com\/wp-content\/uploads\/2026\/04\/713-1-Pontica-30-1997-Sumar.pdf\">view the PDF version<\/a>&#8211;<\/p>\n\n\n\n<hr class=\"wp-block-separator has-alpha-channel-opacity\"\/>\n\n\n\n<p class=\"has-text-align-center\"><strong>Lista abrevierilor<\/strong><br>&#8211;<a href=\"https:\/\/revistapontica.com\/wp-content\/uploads\/2026\/04\/713-2-Pontica-30-1997-Lista-abrevierilor.pdf\" data-type=\"link\" data-id=\"https:\/\/revistapontica.com\/wp-content\/uploads\/2026\/04\/713-2-Pontica-30-1997-Lista-abrevierilor.pdf\">view the PDF version<\/a>&#8211;<\/p>\n\n\n\n<hr class=\"wp-block-separator has-alpha-channel-opacity\"\/>\n\n\n\n<details class=\"wp-block-details is-layout-flow wp-block-details-is-layout-flow\"><summary>Acele pentru p\u0103r, lucrate din os \u015fi corn, din epoca neolitic\u0103 descoperite \u00een sudul Rom\u00e2niei<\/summary>\n<p><\/p>\n<\/details>\n\n\n\n<p class=\"has-text-align-center\"><strong><strong><strong><strong>EUGEN COM\u015eA<\/strong><\/strong><\/strong><\/strong><br>&#8211;<a href=\"https:\/\/revistapontica.com\/wp-content\/uploads\/2026\/04\/714-Pontica-30-1997-EUGEN-COMSA-\u2013-Acele-pentru-par-lucrate-din-os-si-corn-din-epoca-neolitica-descoperite-in-sudul-Romaniei.pdf\" data-type=\"link\" data-id=\"https:\/\/revistapontica.com\/wp-content\/uploads\/2026\/04\/714-Pontica-30-1997-EUGEN-COMSA-\u2013-Acele-pentru-par-lucrate-din-os-si-corn-din-epoca-neolitica-descoperite-in-sudul-Romaniei.pdf\">view the PDF version<\/a>&#8211;<\/p>\n\n\n\n<hr class=\"wp-block-separator has-alpha-channel-opacity\"\/>\n\n\n\n<details class=\"wp-block-details is-layout-flow wp-block-details-is-layout-flow\"><summary>S\u0103p\u0103turile arheologice de salvare de la Medgidia, jud. Constan\u0163a (1957-1958)<\/summary>\n<p><\/p>\n<\/details>\n\n\n\n<p class=\"has-text-align-center\"><strong><strong><strong>N. HAR\u0162UCHE, O. BOUNEGRU<\/strong><\/strong><\/strong><br>&#8211;<a href=\"https:\/\/revistapontica.com\/wp-content\/uploads\/2026\/04\/715-Pontica-30-1997-N.-HARTUCHE-O.-BOUNEGRU-\u2013-Sapaturile-arheologice-de-salvare-de-la-Medgidia-jud.-Constanta-1957-1958.pdf\" data-type=\"link\" data-id=\"https:\/\/revistapontica.com\/wp-content\/uploads\/2026\/04\/715-Pontica-30-1997-N.-HARTUCHE-O.-BOUNEGRU-\u2013-Sapaturile-arheologice-de-salvare-de-la-Medgidia-jud.-Constanta-1957-1958.pdf\">view the PDF version<\/a>&#8211;<\/p>\n\n\n\n<hr class=\"wp-block-separator has-alpha-channel-opacity\"\/>\n\n\n\n<details class=\"wp-block-details is-layout-flow wp-block-details-is-layout-flow\"><summary>Unitate \u015fi diversitate \u00een culturile neolitice de la Dun\u0103rea de Jos<\/summary>\n<p><\/p>\n<\/details>\n\n\n\n<p class=\"has-text-align-center\"><strong><strong><strong>MARIN NICA<\/strong><\/strong><\/strong><br>&#8211;<a href=\"https:\/\/revistapontica.com\/wp-content\/uploads\/2026\/04\/716-Pontica-30-1997-MARIN-NICA-\u2013-Unitate-si-diversitate-in-culturile-neolitice-de-la-Dunarea-de-Jos.pdf\" data-type=\"link\" data-id=\"https:\/\/revistapontica.com\/wp-content\/uploads\/2026\/04\/716-Pontica-30-1997-MARIN-NICA-\u2013-Unitate-si-diversitate-in-culturile-neolitice-de-la-Dunarea-de-Jos.pdf\">view the PDF version<\/a>&#8211;<\/p>\n\n\n\n<hr class=\"wp-block-separator has-alpha-channel-opacity\"\/>\n\n\n\n<details class=\"wp-block-details is-layout-flow wp-block-details-is-layout-flow\"><summary>Probl\u00e8mes de la chronologie des timbres sinop\u00e9ens<\/summary>\n<p><\/p>\n<\/details>\n\n\n\n<p class=\"has-text-align-center\"><strong><strong><strong>NICULAE CONOVICI<\/strong><\/strong><\/strong><br>&#8211;<a href=\"https:\/\/revistapontica.com\/wp-content\/uploads\/2026\/04\/717-Pontica-30-1997-NICULAE-CONOVICI-\u2013-Problemes-de-la-chronologie-des-timbres-sinopeens.pdf\" data-type=\"link\" data-id=\"https:\/\/revistapontica.com\/wp-content\/uploads\/2026\/04\/717-Pontica-30-1997-NICULAE-CONOVICI-\u2013-Problemes-de-la-chronologie-des-timbres-sinopeens.pdf\">view the PDF version<\/a>&#8211;<\/p>\n\n\n\n<hr class=\"wp-block-separator has-alpha-channel-opacity\"\/>\n\n\n\n<details class=\"wp-block-details is-layout-flow wp-block-details-is-layout-flow\"><summary>Mithridates al VI-lea Eupator \u015fi coasta de vest a Pontului Euxin. \u00cen jurul unui decret inedit de la Histria<\/summary>\n<p><\/p>\n<\/details>\n\n\n\n<p class=\"has-text-align-center\"><strong><strong>A. AVRAM, O. BOUNEGRU<\/strong><\/strong><br>&#8211;<a href=\"https:\/\/revistapontica.com\/wp-content\/uploads\/2026\/04\/718-Pontica-30-1997-A.-AVRAM-O.-BOUNEGRU-\u2013-Mithridates-al-VI-lea-Eupator-si-coasta-de-vest-a-Pontului-Euxin.-In-jurul-unui-decret-inedit-de-la-Histria.pdf\" data-type=\"link\" data-id=\"https:\/\/revistapontica.com\/wp-content\/uploads\/2026\/04\/718-Pontica-30-1997-A.-AVRAM-O.-BOUNEGRU-\u2013-Mithridates-al-VI-lea-Eupator-si-coasta-de-vest-a-Pontului-Euxin.-In-jurul-unui-decret-inedit-de-la-Histria.pdf\">view the PDF version<\/a>&#8211;<\/p>\n\n\n\n<hr class=\"wp-block-separator has-alpha-channel-opacity\"\/>\n\n\n\n<details class=\"wp-block-details is-layout-flow wp-block-details-is-layout-flow\"><summary>Dedica\u0163ii imperiale din Tomis<\/summary>\n<p><\/p>\n<\/details>\n\n\n\n<p class=\"has-text-align-center\"><strong><strong>M. B\u0102RBULESCU, A. R\u0102DULESCU<\/strong><\/strong><br>&#8211;<a href=\"https:\/\/revistapontica.com\/wp-content\/uploads\/2026\/04\/719-Pontica-30-1997-M.-BARBULESCU-A.-RADULESCU-\u2013-Dedicatii-imperiale-din-Tomis.pdf\" data-type=\"link\" data-id=\"https:\/\/revistapontica.com\/wp-content\/uploads\/2026\/04\/719-Pontica-30-1997-M.-BARBULESCU-A.-RADULESCU-\u2013-Dedicatii-imperiale-din-Tomis.pdf\">view the PDF version<\/a>&#8211;<\/p>\n\n\n\n<hr class=\"wp-block-separator has-alpha-channel-opacity\"\/>\n\n\n\n<details class=\"wp-block-details is-layout-flow wp-block-details-is-layout-flow\"><summary>Un nouveau pr\u00e9fet de la cohorte de Capidava<\/summary>\n<p><\/p>\n<\/details>\n\n\n\n<p class=\"has-text-align-center\"><strong><strong>IOAN I. C. OPRI\u015e, MIHAI POPESCU<\/strong><\/strong><br>&#8211;<a href=\"https:\/\/revistapontica.com\/wp-content\/uploads\/2026\/04\/720-Pontica-30-1997-IOAN-I.-C.-OPRIS-MIHAI-POPESCU-\u2013-Un-nouveau-prefet-de-la-cohorte-de-Capidava.pdf\" data-type=\"link\" data-id=\"https:\/\/revistapontica.com\/wp-content\/uploads\/2026\/04\/720-Pontica-30-1997-IOAN-I.-C.-OPRIS-MIHAI-POPESCU-\u2013-Un-nouveau-prefet-de-la-cohorte-de-Capidava.pdf\">view the PDF version<\/a>&#8211;<\/p>\n\n\n\n<hr class=\"wp-block-separator has-alpha-channel-opacity\"\/>\n\n\n\n<details class=\"wp-block-details is-layout-flow wp-block-details-is-layout-flow\"><summary>St\u00e2lpi miliari descoperi\u0163i \u00een Dobrogea<\/summary>\n<p><\/p>\n<\/details>\n\n\n\n<p class=\"has-text-align-center\"><strong><strong>M. B\u0102RBULESCU, A. C\u00c2TEIA<\/strong><\/strong><br>&#8211;<a href=\"https:\/\/revistapontica.com\/wp-content\/uploads\/2026\/04\/721-Pontica-30-1997-M.-BARBULESCU-A.-CATEIA-\u2013-Stalpi-miliari-descoperiti-in-Dobrogea.pdf\" data-type=\"link\" data-id=\"https:\/\/revistapontica.com\/wp-content\/uploads\/2026\/04\/721-Pontica-30-1997-M.-BARBULESCU-A.-CATEIA-\u2013-Stalpi-miliari-descoperiti-in-Dobrogea.pdf\">view the PDF version<\/a>&#8211;<\/p>\n\n\n\n<hr class=\"wp-block-separator has-alpha-channel-opacity\"\/>\n\n\n\n<details class=\"wp-block-details is-layout-flow wp-block-details-is-layout-flow\"><summary>Inscrip\u0163ia martirilor de la Axiopolis &#8211; noi observa\u0163ii<\/summary>\n<p><\/p>\n<\/details>\n\n\n\n<p class=\"has-text-align-center\"><strong><strong>ION BARNEA<\/strong><\/strong><br>&#8211;<a href=\"https:\/\/revistapontica.com\/wp-content\/uploads\/2026\/04\/722-Pontica-30-1997-ION-BARNEA-\u2013-Inscriptia-martirilor-de-la-Axiopolis-noi-observatii.pdf\" data-type=\"link\" data-id=\"https:\/\/revistapontica.com\/wp-content\/uploads\/2026\/04\/722-Pontica-30-1997-ION-BARNEA-\u2013-Inscriptia-martirilor-de-la-Axiopolis-noi-observatii.pdf\">view the PDF version<\/a>&#8211;<\/p>\n\n\n\n<hr class=\"wp-block-separator has-alpha-channel-opacity\"\/>\n\n\n\n<details class=\"wp-block-details is-layout-flow wp-block-details-is-layout-flow\"><summary>Monumente sculpturale descoperite la Edificiul roman cu mozaic din Constan\u0163a<\/summary>\n<p><\/p>\n<\/details>\n\n\n\n<p class=\"has-text-align-center\"><strong><strong>ZIZI COVACEF<\/strong><\/strong><br>&#8211;<a href=\"https:\/\/revistapontica.com\/wp-content\/uploads\/2026\/04\/723-Pontica-30-1997-ZIZI-COVACEF-\u2013-Monumente-sculpturale-descoperite-la-Edificiul-roman-cu-mozaic-din-Constanta.pdf\" data-type=\"link\" data-id=\"https:\/\/revistapontica.com\/wp-content\/uploads\/2026\/04\/723-Pontica-30-1997-ZIZI-COVACEF-\u2013-Monumente-sculpturale-descoperite-la-Edificiul-roman-cu-mozaic-din-Constanta.pdf\">view the PDF version<\/a>&#8211;<\/p>\n\n\n\n<hr class=\"wp-block-separator has-alpha-channel-opacity\"\/>\n\n\n\n<details class=\"wp-block-details is-layout-flow wp-block-details-is-layout-flow\"><summary>Reprezent\u0103ri mitologice \u00een inventarele funerare din Tomis (sec. I-IV d. Chr.)<\/summary>\n<p><\/p>\n<\/details>\n\n\n\n<p class=\"has-text-align-center\"><strong><strong>CONSTANTIN CHERA<\/strong><\/strong><br>&#8211;<a href=\"https:\/\/revistapontica.com\/wp-content\/uploads\/2026\/04\/724-Pontica-30-1997-CONSTANTIN-CHERA-\u2013-Reprezentari-mitologice-in-inventarele-funerare-din-Tomis-sec.-I-IV-d.-Chr.pdf\" data-type=\"link\" data-id=\"https:\/\/revistapontica.com\/wp-content\/uploads\/2026\/04\/724-Pontica-30-1997-CONSTANTIN-CHERA-\u2013-Reprezentari-mitologice-in-inventarele-funerare-din-Tomis-sec.-I-IV-d.-Chr.pdf\">view the PDF version<\/a>&#8211;<\/p>\n\n\n\n<hr class=\"wp-block-separator has-alpha-channel-opacity\"\/>\n\n\n\n<details class=\"wp-block-details is-layout-flow wp-block-details-is-layout-flow\"><summary>Tipuri de apeducte pe litoralul vest-pontic<\/summary>\n<p><\/p>\n<\/details>\n\n\n\n<p class=\"has-text-align-center\"><strong><strong>GHEORGHE PAPUC<\/strong><\/strong><br>&#8211;<a href=\"https:\/\/revistapontica.com\/wp-content\/uploads\/2026\/04\/725-Pontica-30-1997-GHEORGHE-PAPUC-\u2013-Tipuri-de-apeducte-pe-litoralul-vest-pontic.pdf\" data-type=\"link\" data-id=\"https:\/\/revistapontica.com\/wp-content\/uploads\/2026\/04\/725-Pontica-30-1997-GHEORGHE-PAPUC-\u2013-Tipuri-de-apeducte-pe-litoralul-vest-pontic.pdf\">view the PDF version<\/a>&#8211;<\/p>\n\n\n\n<hr class=\"wp-block-separator has-alpha-channel-opacity\"\/>\n\n\n\n<details class=\"wp-block-details is-layout-flow wp-block-details-is-layout-flow\"><summary>A\u015fezarea medieval-timpurie de la \u015etefan cel Mare, punctul Feteasca (jud. C\u0103l\u0103ra\u015fi). Sec. IX-X. Campania 1995<\/summary>\n<p><\/p>\n<\/details>\n\n\n\n<p class=\"has-text-align-center\"><strong><strong>EMILIA CORBU<\/strong><br><\/strong>&#8211;<a href=\"https:\/\/revistapontica.com\/wp-content\/uploads\/2026\/04\/726-Pontica-30-1997-EMILIA-CORBU-\u2013-Asezarea-medieval-timpurie-de-la-Stefan-cel-Mare-punctul-Feteasca-jud.-Calarasi.-Sec.-IX-X.-Campania-1995.pdf\" data-type=\"link\" data-id=\"https:\/\/revistapontica.com\/wp-content\/uploads\/2026\/04\/726-Pontica-30-1997-EMILIA-CORBU-\u2013-Asezarea-medieval-timpurie-de-la-Stefan-cel-Mare-punctul-Feteasca-jud.-Calarasi.-Sec.-IX-X.-Campania-1995.pdf\">view the PDF version<\/a>&#8211;<\/p>\n\n\n\n<hr class=\"wp-block-separator has-alpha-channel-opacity\"\/>\n\n\n\n<details class=\"wp-block-details is-layout-flow wp-block-details-is-layout-flow\"><summary>Genovezii la Caliacra &#8211; un document ignorat<\/summary>\n<p><\/p>\n<\/details>\n\n\n\n<p class=\"has-text-align-center\"><strong><strong>\u015eERBAN PAPACOSTEA<\/strong><\/strong><br>&#8211;<a href=\"https:\/\/revistapontica.com\/wp-content\/uploads\/2026\/04\/727-Pontica-30-1997-SERBAN-PAPACOSTEA-\u2013-Genovezii-la-Caliacra-un-document-ignorat.pdf\" data-type=\"link\" data-id=\"https:\/\/revistapontica.com\/wp-content\/uploads\/2026\/04\/727-Pontica-30-1997-SERBAN-PAPACOSTEA-\u2013-Genovezii-la-Caliacra-un-document-ignorat.pdf\">view the PDF version<\/a>&#8211;<\/p>\n\n\n\n<hr class=\"wp-block-separator has-alpha-channel-opacity\"\/>\n\n\n\n<details class=\"wp-block-details is-layout-flow wp-block-details-is-layout-flow\"><summary>Forma\u0163iunile concre\u0163ionare din zona Albe\u015fti (Dobrogea de sud)<\/summary>\n<p><\/p>\n<\/details>\n\n\n\n<p class=\"has-text-align-center\"><strong>CARAIVAN GLICHERIE<br><\/strong>&#8211;<a href=\"https:\/\/revistapontica.com\/wp-content\/uploads\/2026\/04\/728-Pontica-30-1997-CARAIVAN-GLICHERIE-\u2013-Formatiunile-concretionare-din-zona-Albesti-Dobrogea-de-sud.pdf\" data-type=\"link\" data-id=\"https:\/\/revistapontica.com\/wp-content\/uploads\/2026\/04\/728-Pontica-30-1997-CARAIVAN-GLICHERIE-\u2013-Formatiunile-concretionare-din-zona-Albesti-Dobrogea-de-sud.pdf\">view the PDF version<\/a>&#8211;<\/p>\n\n\n\n<hr class=\"wp-block-separator has-alpha-channel-opacity\"\/>\n\n\n\n<details class=\"wp-block-details is-layout-flow wp-block-details-is-layout-flow\"><summary>Asupra \u201etunelului\u201d de la Ghiolpunar (\u015eipotele)<\/summary>\n<p><\/p>\n<\/details>\n\n\n\n<p class=\"has-text-align-center\"><strong><strong>CARAIVAN GLICHERIE<\/strong><\/strong><br>&#8211;<a href=\"https:\/\/revistapontica.com\/wp-content\/uploads\/2026\/04\/729-Pontica-30-1997-CARAIVAN-GLICHERIE-\u2013-Asupra-\u201etunelului-de-la-Ghiolpunar-Sipotele.pdf\" data-type=\"link\" data-id=\"https:\/\/revistapontica.com\/wp-content\/uploads\/2026\/04\/729-Pontica-30-1997-CARAIVAN-GLICHERIE-\u2013-Asupra-\u201etunelului-de-la-Ghiolpunar-Sipotele.pdf\">view the PDF version<\/a>&#8211;<\/p>\n\n\n\n<hr class=\"wp-block-separator has-alpha-channel-opacity\"\/>\n\n\n\n<details class=\"wp-block-details is-layout-flow wp-block-details-is-layout-flow\"><summary>Morm\u00e2nt elenistic descoperit la Medgidia (jud. Constan\u0163a)<\/summary>\n<p><\/p>\n<\/details>\n\n\n\n<p class=\"has-text-align-center\"><strong><strong>T. PAPASIMA, E. MIHAIL<\/strong><\/strong><br>&#8211;<a href=\"https:\/\/revistapontica.com\/wp-content\/uploads\/2026\/04\/730-Pontica-30-1997-T.-PAPASIMA-E.-MIHAIL-\u2013-Mormant-elenistic-descoperit-la-Medgidia-jud.-Constanta.pdf\" data-type=\"link\" data-id=\"https:\/\/revistapontica.com\/wp-content\/uploads\/2026\/04\/730-Pontica-30-1997-T.-PAPASIMA-E.-MIHAIL-\u2013-Mormant-elenistic-descoperit-la-Medgidia-jud.-Constanta.pdf\">view the PDF version<\/a>&#8211;<\/p>\n\n\n\n<hr class=\"wp-block-separator has-alpha-channel-opacity\"\/>\n\n\n\n<details class=\"wp-block-details is-layout-flow wp-block-details-is-layout-flow\"><summary>Descoperiri arheologice la Gura Canliei (jud. Constan\u0163a)<\/summary>\n<p><\/p>\n<\/details>\n\n\n\n<p class=\"has-text-align-center\"><strong><strong>TUDOR PAPASIMA<\/strong><\/strong><br>&#8211;<a href=\"https:\/\/revistapontica.com\/wp-content\/uploads\/2026\/04\/731-Pontica-30-1997-TUDOR-PAPASIMA-\u2013-Descoperiri-arheologice-la-Gura-Canliei-jud.-Constanta.pdf\" data-type=\"link\" data-id=\"https:\/\/revistapontica.com\/wp-content\/uploads\/2026\/04\/731-Pontica-30-1997-TUDOR-PAPASIMA-\u2013-Descoperiri-arheologice-la-Gura-Canliei-jud.-Constanta.pdf\">view the PDF version<\/a>&#8211;<\/p>\n\n\n\n<hr class=\"wp-block-separator has-alpha-channel-opacity\"\/>\n\n\n\n<details class=\"wp-block-details is-layout-flow wp-block-details-is-layout-flow\"><summary>Descoperiri arheologice de epoc\u0103 roman\u0103 la M\u0103cin<\/summary>\n<p><\/p>\n<\/details>\n\n\n\n<p class=\"has-text-align-center\"><strong><strong>DOREL PARASCHIV <\/strong><\/strong><br>&#8211;<a href=\"https:\/\/revistapontica.com\/wp-content\/uploads\/2026\/04\/732-Pontica-30-1997-DOREL-PARASCHIV-\u2013-Descoperiri-arheologice-de-epoca-romana-la-Macin.pdf\" data-type=\"link\" data-id=\"https:\/\/revistapontica.com\/wp-content\/uploads\/2026\/04\/732-Pontica-30-1997-DOREL-PARASCHIV-\u2013-Descoperiri-arheologice-de-epoca-romana-la-Macin.pdf\">view the PDF version<\/a>&#8211;<\/p>\n\n\n\n<hr class=\"wp-block-separator has-alpha-channel-opacity\"\/>\n\n\n\n<details class=\"wp-block-details is-layout-flow wp-block-details-is-layout-flow\"><summary>Ponduri \u201etomitane\u201d reatribuite cet\u0103\u0163ii Histria<\/summary>\n<p><\/p>\n<\/details>\n\n\n\n<p class=\"has-text-align-center\"><strong>RADU OCHE\u015eEANU<\/strong><br>&#8211;<a href=\"https:\/\/revistapontica.com\/wp-content\/uploads\/2026\/04\/733-Pontica-30-1997-RADU-OCHESEANU-\u2013-Ponduri-\u201etomitane-reatribuite-cetatii-Histria.pdf\" data-type=\"link\" data-id=\"https:\/\/revistapontica.com\/wp-content\/uploads\/2026\/04\/733-Pontica-30-1997-RADU-OCHESEANU-\u2013-Ponduri-\u201etomitane-reatribuite-cetatii-Histria.pdf\">view the PDF version<\/a>&#8211;<\/p>\n\n\n\n<hr class=\"wp-block-separator has-alpha-channel-opacity\"\/>\n\n\n\n<details class=\"wp-block-details is-layout-flow wp-block-details-is-layout-flow\"><summary>Analize atomice \u015fi nucleare ale unor tezaure de tetradrahme getice descoperite \u00een C\u00e2mpia Munteniei<\/summary>\n<p><\/p>\n<\/details>\n\n\n\n<p class=\"has-text-align-center\"><strong><strong>V. COJOCARU, D. \u015eERB\u0102NESCU<\/strong><\/strong><br>&#8211;<a href=\"https:\/\/revistapontica.com\/wp-content\/uploads\/2026\/04\/734-Pontica-30-1997-V.-COJOCARU-D.-SERBANESCU-\u2013-Analize-atomice-si-nucleare-ale-unor-tezaure-de-tetradrahme-getice-descoperite-in-Campia-Munteniei.pdf\" data-type=\"link\" data-id=\"https:\/\/revistapontica.com\/wp-content\/uploads\/2026\/04\/734-Pontica-30-1997-V.-COJOCARU-D.-SERBANESCU-\u2013-Analize-atomice-si-nucleare-ale-unor-tezaure-de-tetradrahme-getice-descoperite-in-Campia-Munteniei.pdf\">view the PDF version<\/a>&#8211;<\/p>\n\n\n\n<hr class=\"wp-block-separator has-alpha-channel-opacity\"\/>\n\n\n\n<details class=\"wp-block-details is-layout-flow wp-block-details-is-layout-flow\"><summary>A lead mould from Ulpia Traiana Sarmizegetusa<\/summary>\n<p><\/p>\n<\/details>\n\n\n\n<p class=\"has-text-align-center\"><strong><strong>CRISTIAN G\u0102ZDAC<\/strong><\/strong><br>&#8211;<a href=\"https:\/\/revistapontica.com\/wp-content\/uploads\/2026\/04\/735-Pontica-30-1997-CRISTIAN-GAZDAC-\u2013-A-lead-mould-from-Ulpia-Traiana-Sarmizegetusa.pdf\" data-type=\"link\" data-id=\"https:\/\/revistapontica.com\/wp-content\/uploads\/2026\/04\/735-Pontica-30-1997-CRISTIAN-GAZDAC-\u2013-A-lead-mould-from-Ulpia-Traiana-Sarmizegetusa.pdf\">view the PDF version<\/a>&#8211;<\/p>\n\n\n\n<hr class=\"wp-block-separator has-alpha-channel-opacity\"\/>\n\n\n\n<details class=\"wp-block-details is-layout-flow wp-block-details-is-layout-flow\"><summary>Monede din colec\u0163ia Ioan Donoiu descoperite \u00een Dobrogea (sec. X-XIII)<\/summary>\n<p><\/p>\n<\/details>\n\n\n\n<p class=\"has-text-align-center\"><strong><strong>GH. M\u0102NUCU-ADAME\u015eTEANU, I. DONOIU, I. POLL, S. APOSTOLESCU<\/strong><\/strong><br>&#8211;<a href=\"https:\/\/revistapontica.com\/wp-content\/uploads\/2026\/04\/736-Pontica-30-1997-GH.-MANUCU-ADAMESTEANU-I.-DONOIU-I.-POLL-S.-APOSTOLESCU-\u2013-Monede-din-colectia-Ioan-Donoiu-descoperite-in-Dobrogea-sec.-X-XIII.pdf\" data-type=\"link\" data-id=\"https:\/\/revistapontica.com\/wp-content\/uploads\/2026\/04\/736-Pontica-30-1997-GH.-MANUCU-ADAMESTEANU-I.-DONOIU-I.-POLL-S.-APOSTOLESCU-\u2013-Monede-din-colectia-Ioan-Donoiu-descoperite-in-Dobrogea-sec.-X-XIII.pdf\">view the PDF version<\/a>&#8211;<\/p>\n\n\n\n<hr class=\"wp-block-separator has-alpha-channel-opacity\"\/>\n\n\n\n<details class=\"wp-block-details is-layout-flow wp-block-details-is-layout-flow\"><summary>Descoperiri monetare \u00een Dobrogea (XI)<\/summary>\n<p><\/p>\n<\/details>\n\n\n\n<p class=\"has-text-align-center\"><strong>G. CUSTUREA, A. VERTAN, G. TALMA\u0162CHI<\/strong><br>&#8211;<a href=\"https:\/\/revistapontica.com\/wp-content\/uploads\/2026\/04\/737-Pontica-30-1997-G.-CUSTUREA-A.-VERTAN-G.-TALMATCHI-\u2013-Descoperiri-monetare-in-Dobrogea-XI.pdf\" data-type=\"link\" data-id=\"https:\/\/revistapontica.com\/wp-content\/uploads\/2026\/04\/737-Pontica-30-1997-G.-CUSTUREA-A.-VERTAN-G.-TALMATCHI-\u2013-Descoperiri-monetare-in-Dobrogea-XI.pdf\">view the PDF version<\/a>&#8211;<\/p>\n\n\n\n<hr class=\"wp-block-separator has-alpha-channel-opacity\"\/>\n\n\n\n<details class=\"wp-block-details is-layout-flow wp-block-details-is-layout-flow\"><summary>Momente ale colabor\u0103rii \u00eentre Institutul de Arheologie al Academiei Rom\u00e2ne \u015fi Muzeul de Istorie Na\u0163ional\u0103 \u015fi Arheologie din Constan\u0163a<\/summary>\n<p><\/p>\n<\/details>\n\n\n\n<p class=\"has-text-align-center\"><strong><strong>ADRIAN R\u0102DULESCU<\/strong><\/strong><br>&#8211;<a href=\"https:\/\/revistapontica.com\/wp-content\/uploads\/2026\/04\/738-Pontica-30-1997-ADRIAN-RADULESCU-\u2013-Momente-ale-colaborarii-intre-Institutul-de-Arheologie-al-Academiei-Romane-si-Muzeul-de-Istorie-Nationala-si-Arheologie-din-Constanta.pdf\" data-type=\"link\" data-id=\"https:\/\/revistapontica.com\/wp-content\/uploads\/2026\/04\/738-Pontica-30-1997-ADRIAN-RADULESCU-\u2013-Momente-ale-colaborarii-intre-Institutul-de-Arheologie-al-Academiei-Romane-si-Muzeul-de-Istorie-Nationala-si-Arheologie-din-Constanta.pdf\">view the PDF version<\/a>&#8211;<\/p>\n\n\n\n<hr class=\"wp-block-separator has-alpha-channel-opacity\"\/>\n\n\n\n<details class=\"wp-block-details is-layout-flow wp-block-details-is-layout-flow\"><summary>Recenzie &#8211; Adelina Piatkowski, Istoria epocii elenistice<\/summary>\n<p><\/p>\n<\/details>\n\n\n\n<p class=\"has-text-align-center\"><strong><strong>ALEXANDRU SUCEVEANU<\/strong><\/strong><br>&#8211;<a href=\"https:\/\/revistapontica.com\/wp-content\/uploads\/2026\/04\/739-Pontica-30-1997-ALEXANDRU-SUCEVEANU-\u2013-Recenzie-Adelina-Piatkowski-Istoria-epocii-elenistice.pdf\" data-type=\"link\" data-id=\"https:\/\/revistapontica.com\/wp-content\/uploads\/2026\/04\/739-Pontica-30-1997-ALEXANDRU-SUCEVEANU-\u2013-Recenzie-Adelina-Piatkowski-Istoria-epocii-elenistice.pdf\">view the PDF version<\/a>&#8211;<\/p>","protected":false},"excerpt":{"rendered":"<p>&#8211;deschide varianta PDF&#8211; Lista abrevierilor&#8211;deschide varianta PDF&#8211; EUGEN COM\u015eA&#8211;deschide varianta PDF&#8211; N. HAR\u0162UCHE, O. BOUNEGRU&#8211;deschide varianta PDF&#8211; MARIN NICA&#8211;deschide varianta PDF&#8211; NICULAE CONOVICI&#8211;deschide varianta PDF&#8211; A. AVRAM, O. BOUNEGRU&#8211;deschide varianta PDF&#8211; M. B\u0102RBULESCU, A. R\u0102DULESCU&#8211;deschide varianta PDF&#8211; IOAN I. C. OPRI\u015e, MIHAI POPESCU&#8211;deschide varianta PDF&#8211; M. B\u0102RBULESCU, A. C\u00c2TEIA&#8211;deschide varianta PDF&#8211; ION BARNEA&#8211;deschide varianta PDF&#8211; [&hellip;]<\/p>\n","protected":false},"author":2,"featured_media":0,"comment_status":"closed","ping_status":"closed","sticky":false,"template":"","format":"standard","meta":{"footnotes":""},"categories":[18],"tags":[],"class_list":["post-1471","post","type-post","status-publish","format-standard","hentry","category-revista"],"_links":{"self":[{"href":"https:\/\/revistapontica.com\/en\/wp-json\/wp\/v2\/posts\/1471","targetHints":{"allow":["GET"]}}],"collection":[{"href":"https:\/\/revistapontica.com\/en\/wp-json\/wp\/v2\/posts"}],"about":[{"href":"https:\/\/revistapontica.com\/en\/wp-json\/wp\/v2\/types\/post"}],"author":[{"embeddable":true,"href":"https:\/\/revistapontica.com\/en\/wp-json\/wp\/v2\/users\/2"}],"replies":[{"embeddable":true,"href":"https:\/\/revistapontica.com\/en\/wp-json\/wp\/v2\/comments?post=1471"}],"version-history":[{"count":5,"href":"https:\/\/revistapontica.com\/en\/wp-json\/wp\/v2\/posts\/1471\/revisions"}],"predecessor-version":[{"id":2306,"href":"https:\/\/revistapontica.com\/en\/wp-json\/wp\/v2\/posts\/1471\/revisions\/2306"}],"wp:attachment":[{"href":"https:\/\/revistapontica.com\/en\/wp-json\/wp\/v2\/media?parent=1471"}],"wp:term":[{"taxonomy":"category","embeddable":true,"href":"https:\/\/revistapontica.com\/en\/wp-json\/wp\/v2\/categories?post=1471"},{"taxonomy":"post_tag","embeddable":true,"href":"https:\/\/revistapontica.com\/en\/wp-json\/wp\/v2\/tags?post=1471"}],"curies":[{"name":"wp","href":"https:\/\/api.w.org\/{rel}","templated":true}]}}