{"id":1473,"date":"2026-04-26T15:22:44","date_gmt":"2026-04-26T12:22:44","guid":{"rendered":"https:\/\/revistapontica.com\/?p=1473"},"modified":"2026-04-29T22:27:48","modified_gmt":"2026-04-29T19:27:48","slug":"pontica-nr-28-29-1995-1996","status":"publish","type":"post","link":"https:\/\/revistapontica.com\/en\/pontica-nr-28-29-1995-1996\/","title":{"rendered":"Pontica Nr. 28-29 (1995-1996)"},"content":{"rendered":"<div class=\"wp-block-image\">\n<figure class=\"aligncenter size-large is-resized\"><img fetchpriority=\"high\" decoding=\"async\" width=\"692\" height=\"1024\" src=\"https:\/\/revistapontica.com\/wp-content\/uploads\/2026\/04\/pontica-28-29-692x1024.jpg\" alt=\"\" class=\"wp-image-1554\" style=\"width:548px;height:auto\" srcset=\"https:\/\/revistapontica.com\/wp-content\/uploads\/2026\/04\/pontica-28-29-692x1024.jpg 692w, https:\/\/revistapontica.com\/wp-content\/uploads\/2026\/04\/pontica-28-29-203x300.jpg 203w, https:\/\/revistapontica.com\/wp-content\/uploads\/2026\/04\/pontica-28-29-768x1136.jpg 768w, https:\/\/revistapontica.com\/wp-content\/uploads\/2026\/04\/pontica-28-29-8x12.jpg 8w, https:\/\/revistapontica.com\/wp-content\/uploads\/2026\/04\/pontica-28-29.jpg 811w\" sizes=\"(max-width: 692px) 100vw, 692px\" \/><\/figure>\n<\/div>\n\n\n<div style=\"height:50px\" aria-hidden=\"true\" class=\"wp-block-spacer\"><\/div>\n\n\n\n<div class=\"wp-block-buttons is-content-justification-center is-layout-flex wp-container-core-buttons-is-layout-16018d1d wp-block-buttons-is-layout-flex\">\n<div class=\"wp-block-button is-style-outline is-style-outline--1\"><a class=\"wp-block-button__link has-small-font-size has-custom-font-size wp-element-button\" href=\"https:\/\/revistapontica.com\/wp-content\/uploads\/2026\/04\/686-Pontica-28-29-1995-1996.pdf\" style=\"border-top-left-radius:0px;border-top-right-radius:0px;border-bottom-left-radius:0px;border-bottom-right-radius:0px\"><strong>OPEN PONTICA NO. 28-29 \u2013 FULL VARIANT IN .PDF FORMAT<\/strong> (80 Mb)<\/a><\/div>\n<\/div>\n\n\n\n<div style=\"height:46px\" aria-hidden=\"true\" class=\"wp-block-spacer\"><\/div>\n\n\n\n<p class=\"has-text-align-center\"><strong>SUMMARY<\/strong><br>&#8211;<a href=\"https:\/\/revistapontica.com\/wp-content\/uploads\/2026\/04\/686-1-Pontica-28-29-1995-1996-Sumar.pdf\" data-type=\"link\" data-id=\"https:\/\/revistapontica.com\/wp-content\/uploads\/2026\/04\/686-1-Pontica-28-29-1995-1996-Sumar.pdf\">view the PDF version<\/a>&#8211;<\/p>\n\n\n\n<hr class=\"wp-block-separator has-alpha-channel-opacity\"\/>\n\n\n\n<p class=\"has-text-align-center\"><strong>Lista abrevierilor<\/strong><br>&#8211;<a href=\"https:\/\/revistapontica.com\/wp-content\/uploads\/2026\/04\/686-2-Pontica-28-29-1995-1996-Lista-abrevierilor.pdf\" data-type=\"link\" data-id=\"https:\/\/revistapontica.com\/wp-content\/uploads\/2026\/04\/686-2-Pontica-28-29-1995-1996-Lista-abrevierilor.pdf\">view the PDF version<\/a>&#8211;<\/p>\n\n\n\n<hr class=\"wp-block-separator has-alpha-channel-opacity\"\/>\n\n\n\n<details class=\"wp-block-details is-layout-flow wp-block-details-is-layout-flow\"><summary>Despre un tip de statuet\u0103 antropomorf\u0103 gumelni\u0163ean\u0103<\/summary>\n<p><\/p>\n<\/details>\n\n\n\n<p class=\"has-text-align-center\"><strong><strong><strong><strong>CRISTIAN MICU, SMARANDA MICU<\/strong><\/strong><\/strong><\/strong><br>&#8211;<a href=\"https:\/\/revistapontica.com\/wp-content\/uploads\/2026\/04\/687-Pontica-28-29-1995-1996-CRISTIAN-MICU-SMARANDA-MICU-\u2013-Despre-un-tip-de-statueta-antropomorfa-gumelniteana.pdf\" data-type=\"link\" data-id=\"https:\/\/revistapontica.com\/wp-content\/uploads\/2026\/04\/687-Pontica-28-29-1995-1996-CRISTIAN-MICU-SMARANDA-MICU-\u2013-Despre-un-tip-de-statueta-antropomorfa-gumelniteana.pdf\">view the PDF version<\/a>&#8211;<\/p>\n\n\n\n<hr class=\"wp-block-separator has-alpha-channel-opacity\"\/>\n\n\n\n<details class=\"wp-block-details is-layout-flow wp-block-details-is-layout-flow\"><summary>Noi descoperiri din epoca bronzului la Gr\u0103dina (jud. Constan\u0163a)<\/summary>\n<p><\/p>\n<\/details>\n\n\n\n<p class=\"has-text-align-center\"><strong><strong><strong>MIHAI IRIMIA, ANGHEL BARDAC<\/strong><\/strong><\/strong><br>&#8211;<a href=\"https:\/\/revistapontica.com\/wp-content\/uploads\/2026\/04\/688-Pontica-28-29-1995-1996-MIHAI-IRIMIA-ANGHEL-BARDAC-\u2013-Noi-descoperiri-din-epoca-bronzului-la-Gradina-jud.-Constanta.pdf\" data-type=\"link\" data-id=\"https:\/\/revistapontica.com\/wp-content\/uploads\/2026\/04\/688-Pontica-28-29-1995-1996-MIHAI-IRIMIA-ANGHEL-BARDAC-\u2013-Noi-descoperiri-din-epoca-bronzului-la-Gradina-jud.-Constanta.pdf\">view the PDF version<\/a>&#8211;<\/p>\n\n\n\n<hr class=\"wp-block-separator has-alpha-channel-opacity\"\/>\n\n\n\n<details class=\"wp-block-details is-layout-flow wp-block-details-is-layout-flow\"><summary>Reprezent\u0103ri figurate \u00een a\u015fezarea de epoc\u0103 elenistic\u0103 de la Albe\u015fti<\/summary>\n<p><\/p>\n<\/details>\n\n\n\n<p class=\"has-text-align-center\"><strong><strong><strong>A. R\u0102DULESCU, L. BUZOIANU, M. B\u0102RBULESCU, N. CHELU\u0162\u0102-GEORGESCU<\/strong><\/strong><\/strong><br>&#8211;<a href=\"https:\/\/revistapontica.com\/wp-content\/uploads\/2026\/04\/689-Pontica-28-29-1995-1996-A.-RADULESCU-L.-BUZOIANU-M.-BARBULESCU-N.-CHELUTA-GEORGESCU-\u2013-Reprezentari-figurate-in-asezarea-de-epoca-elenistica-de-la-Albesti.pdf\" data-type=\"link\" data-id=\"https:\/\/revistapontica.com\/wp-content\/uploads\/2026\/04\/689-Pontica-28-29-1995-1996-A.-RADULESCU-L.-BUZOIANU-M.-BARBULESCU-N.-CHELUTA-GEORGESCU-\u2013-Reprezentari-figurate-in-asezarea-de-epoca-elenistica-de-la-Albesti.pdf\">view the PDF version<\/a>&#8211;<\/p>\n\n\n\n<hr class=\"wp-block-separator has-alpha-channel-opacity\"\/>\n\n\n\n<details class=\"wp-block-details is-layout-flow wp-block-details-is-layout-flow\"><summary>Un alt morm\u00e2nt elenistic descoperit la Tomis<\/summary>\n<p><\/p>\n<\/details>\n\n\n\n<p class=\"has-text-align-center\"><strong><strong><strong>MIHAI BUCOVAL\u0102<\/strong><\/strong><\/strong><br>&#8211;<a href=\"https:\/\/revistapontica.com\/wp-content\/uploads\/2026\/04\/690-Pontica-28-29-1995-1996-MIHAI-BUCOVALA-\u2013-Un-alt-mormant-elenistic-descoperit-la-Tomis.pdf\" data-type=\"link\" data-id=\"https:\/\/revistapontica.com\/wp-content\/uploads\/2026\/04\/690-Pontica-28-29-1995-1996-MIHAI-BUCOVALA-\u2013-Un-alt-mormant-elenistic-descoperit-la-Tomis.pdf\">view the PDF version<\/a>&#8211;<\/p>\n\n\n\n<hr class=\"wp-block-separator has-alpha-channel-opacity\"\/>\n\n\n\n<details class=\"wp-block-details is-layout-flow wp-block-details-is-layout-flow\"><summary>Zidul de ap\u0103rare al Tomisului, de epoc\u0103 t\u00e2rzie, \u00een reconstituirea sa actual\u0103<\/summary>\n<p><\/p>\n<\/details>\n\n\n\n<p class=\"has-text-align-center\"><strong><strong>ADRIAN R\u0102DULESCU<\/strong><\/strong><br>&#8211;<a href=\"https:\/\/revistapontica.com\/wp-content\/uploads\/2026\/04\/691-Pontica-28-29-1995-1996-ADRIAN-RADULESCU-\u2013-Zidul-de-aparare-al-Tomisului-de-epoca-tarzie-in-reconstituirea-sa-actuala.pdf\" data-type=\"link\" data-id=\"https:\/\/revistapontica.com\/wp-content\/uploads\/2026\/04\/691-Pontica-28-29-1995-1996-ADRIAN-RADULESCU-\u2013-Zidul-de-aparare-al-Tomisului-de-epoca-tarzie-in-reconstituirea-sa-actuala.pdf\">view the PDF version<\/a>&#8211;<\/p>\n\n\n\n<hr class=\"wp-block-separator has-alpha-channel-opacity\"\/>\n\n\n\n<details class=\"wp-block-details is-layout-flow wp-block-details-is-layout-flow\"><summary>Accesorii vestimentare, de toalet\u0103 \u015fi podoabe descoperite \u00een sectorul estic al cet\u0103\u0163ii Capidava<\/summary>\n<p><\/p>\n<\/details>\n\n\n\n<p class=\"has-text-align-center\"><strong><strong>ZIZI COVACEF<\/strong><\/strong><br>&#8211;<a href=\"https:\/\/revistapontica.com\/wp-content\/uploads\/2026\/04\/692-Pontica-28-29-1995-1996-ZIZI-COVACEF-\u2013-Accesorii-vestimentare-de-toaleta-si-podoabe-descoperite-in-sectorul-estic-al-cetatii-Capidava.pdf\" data-type=\"link\" data-id=\"https:\/\/revistapontica.com\/wp-content\/uploads\/2026\/04\/692-Pontica-28-29-1995-1996-ZIZI-COVACEF-\u2013-Accesorii-vestimentare-de-toaleta-si-podoabe-descoperite-in-sectorul-estic-al-cetatii-Capidava.pdf\">view the PDF version<\/a>&#8211;<\/p>\n\n\n\n<hr class=\"wp-block-separator has-alpha-channel-opacity\"\/>\n\n\n\n<details class=\"wp-block-details is-layout-flow wp-block-details-is-layout-flow\"><summary>Cercet\u0103rile arheologice de la cetatea H\u00e2r\u015fova. Campania 1995<\/summary>\n<p><\/p>\n<\/details>\n\n\n\n<p class=\"has-text-align-center\"><strong><strong>PANAIT I. PANAIT, A. R\u0102DULESCU, A. \u015eTEF\u0102NESCU, D. FLAUT<\/strong><\/strong><br>&#8211;<a href=\"https:\/\/revistapontica.com\/wp-content\/uploads\/2026\/04\/693-Pontica-28-29-1995-1996-PANAIT-I.-PANAIT-A.-RADULESCU-A.-STEFANESCU-D.-FLAUT-\u2013-Cercetarile-arheologice-de-la-cetatea-Harsova.-Campania-1995.pdf\" data-type=\"link\" data-id=\"https:\/\/revistapontica.com\/wp-content\/uploads\/2026\/04\/693-Pontica-28-29-1995-1996-PANAIT-I.-PANAIT-A.-RADULESCU-A.-STEFANESCU-D.-FLAUT-\u2013-Cercetarile-arheologice-de-la-cetatea-Harsova.-Campania-1995.pdf\">view the PDF version<\/a>&#8211;<\/p>\n\n\n\n<hr class=\"wp-block-separator has-alpha-channel-opacity\"\/>\n\n\n\n<details class=\"wp-block-details is-layout-flow wp-block-details-is-layout-flow\"><summary>Descoperiri de epoc\u0103 roman\u0103 \u015fi bizantin\u0103 la Carsium<\/summary>\n<p><\/p>\n<\/details>\n\n\n\n<p class=\"has-text-align-center\"><strong><strong>CONSTANTIN NICOLAE<\/strong><\/strong><br>&#8211;<a href=\"https:\/\/revistapontica.com\/wp-content\/uploads\/2026\/04\/694-Pontica-28-29-1995-1996-CONSTANTIN-NICOLAE-\u2013-Descoperiri-de-epoca-romana-si-bizantina-la-Carsium.pdf\" data-type=\"link\" data-id=\"https:\/\/revistapontica.com\/wp-content\/uploads\/2026\/04\/694-Pontica-28-29-1995-1996-CONSTANTIN-NICOLAE-\u2013-Descoperiri-de-epoca-romana-si-bizantina-la-Carsium.pdf\">view the PDF version<\/a>&#8211;<\/p>\n\n\n\n<hr class=\"wp-block-separator has-alpha-channel-opacity\"\/>\n\n\n\n<details class=\"wp-block-details is-layout-flow wp-block-details-is-layout-flow\"><summary>Cu privire la jurisdic\u0163ia asupra cre\u015ftinilor nord-dun\u0103reni \u00een secolele II-VIII<\/summary>\n<p><\/p>\n<\/details>\n\n\n\n<p class=\"has-text-align-center\"><strong><strong>NELU ZUGRAVU<\/strong><\/strong><br>&#8211;<a href=\"https:\/\/revistapontica.com\/wp-content\/uploads\/2026\/04\/695-Pontica-28-29-1995-1996-NELU-ZUGRAVU-\u2013-Cu-privire-la-jurisdictia-asupra-crestinilor-nord-dunareni-in-secolele-II-VIII.pdf\" data-type=\"link\" data-id=\"https:\/\/revistapontica.com\/wp-content\/uploads\/2026\/04\/695-Pontica-28-29-1995-1996-NELU-ZUGRAVU-\u2013-Cu-privire-la-jurisdictia-asupra-crestinilor-nord-dunareni-in-secolele-II-VIII.pdf\">view the PDF version<\/a>&#8211;<\/p>\n\n\n\n<hr class=\"wp-block-separator has-alpha-channel-opacity\"\/>\n\n\n\n<details class=\"wp-block-details is-layout-flow wp-block-details-is-layout-flow\"><summary>Despre dou\u0103 inscrip\u0163ii paleocre\u015ftine de la Callatis (Mangalia)<\/summary>\n<p><\/p>\n<\/details>\n\n\n\n<p class=\"has-text-align-center\"><strong><strong>ION BARNEA<\/strong><\/strong><br>&#8211;<a href=\"https:\/\/revistapontica.com\/wp-content\/uploads\/2026\/04\/696-Pontica-28-29-1995-1996-ION-BARNEA-\u2013-Despre-doua-inscriptii-paleocrestine-de-la-Callatis-Mangalia.pdf\" data-type=\"link\" data-id=\"https:\/\/revistapontica.com\/wp-content\/uploads\/2026\/04\/696-Pontica-28-29-1995-1996-ION-BARNEA-\u2013-Despre-doua-inscriptii-paleocrestine-de-la-Callatis-Mangalia.pdf\">view the PDF version<\/a>&#8211;<\/p>\n\n\n\n<hr class=\"wp-block-separator has-alpha-channel-opacity\"\/>\n\n\n\n<details class=\"wp-block-details is-layout-flow wp-block-details-is-layout-flow\"><summary>M\u0103rturii cre\u015ftine la Callatis<\/summary>\n<p><\/p>\n<\/details>\n\n\n\n<p class=\"has-text-align-center\"><strong><strong>V. GEORGESCU, M. IONESCU<\/strong><\/strong><br>&#8211;<a href=\"https:\/\/revistapontica.com\/wp-content\/uploads\/2026\/04\/697-Pontica-28-29-1995-1996-V.-GEORGESCU-M.-IONESCU-\u2013-Marturii-crestine-la-Callatis.pdf\" data-type=\"link\" data-id=\"https:\/\/revistapontica.com\/wp-content\/uploads\/2026\/04\/697-Pontica-28-29-1995-1996-V.-GEORGESCU-M.-IONESCU-\u2013-Marturii-crestine-la-Callatis.pdf\">view the PDF version<\/a>&#8211;<\/p>\n\n\n\n<hr class=\"wp-block-separator has-alpha-channel-opacity\"\/>\n\n\n\n<details class=\"wp-block-details is-layout-flow wp-block-details-is-layout-flow\"><summary>Semnifica\u0163ia ultimelor schimb\u0103ri \u00een urbanismul de la Tropaeum Traiani<\/summary>\n<p><\/p>\n<\/details>\n\n\n\n<p class=\"has-text-align-center\"><strong><strong>IOANA BOGDAN-C\u0102T\u0102NICIU<\/strong><\/strong><br>&#8211;<a href=\"https:\/\/revistapontica.com\/wp-content\/uploads\/2026\/04\/698-Pontica-28-29-1995-1996-IOANA-BOGDAN-CATANICIU-\u2013-Semnificatia-ultimelor-schimbari-in-urbanismul-de-la-Tropaeum-Traiani.pdf\" data-type=\"link\" data-id=\"https:\/\/revistapontica.com\/wp-content\/uploads\/2026\/04\/698-Pontica-28-29-1995-1996-IOANA-BOGDAN-CATANICIU-\u2013-Semnificatia-ultimelor-schimbari-in-urbanismul-de-la-Tropaeum-Traiani.pdf\">view the PDF version<\/a>&#8211;<\/p>\n\n\n\n<hr class=\"wp-block-separator has-alpha-channel-opacity\"\/>\n\n\n\n<details class=\"wp-block-details is-layout-flow wp-block-details-is-layout-flow\"><summary>Cre\u015ftinism \u015fi p\u0103g\u00e2nism la est de Carpa\u0163i \u00een a doua jum\u0103tate a mileniului I d. Hr<\/summary>\n<p><\/p>\n<\/details>\n\n\n\n<p class=\"has-text-align-center\"><strong><strong>DAN GH. TEODOR<\/strong><br><\/strong>&#8211;<a href=\"https:\/\/revistapontica.com\/wp-content\/uploads\/2026\/04\/699-Pontica-28-29-1995-1996-DAN-GH.-TEODOR-\u2013-Crestinism-si-paganism-la-est-de-Carpati-in-a-doua-jumatate-a-mileniului-I-d.-Hr.pdf\" data-type=\"link\" data-id=\"https:\/\/revistapontica.com\/wp-content\/uploads\/2026\/04\/699-Pontica-28-29-1995-1996-DAN-GH.-TEODOR-\u2013-Crestinism-si-paganism-la-est-de-Carpati-in-a-doua-jumatate-a-mileniului-I-d.-Hr.pdf\">view the PDF version<\/a>&#8211;<\/p>\n\n\n\n<hr class=\"wp-block-separator has-alpha-channel-opacity\"\/>\n\n\n\n<details class=\"wp-block-details is-layout-flow wp-block-details-is-layout-flow\"><summary>Comunit\u0103\u0163i cre\u015ftine din secolele V-VII \u00een regiunea subcarpatic\u0103 a Moldovei<\/summary>\n<p><\/p>\n<\/details>\n\n\n\n<p class=\"has-text-align-center\"><strong><strong>IOAN MITREA<\/strong><\/strong><br>&#8211;<a href=\"https:\/\/revistapontica.com\/wp-content\/uploads\/2026\/04\/700-Pontica-28-29-1995-1996-IOAN-MITREA-\u2013-Comunitati-crestine-din-secolele-V-VII-in-regiunea-subcarpatica-a-Moldovei.pdf\" data-type=\"link\" data-id=\"https:\/\/revistapontica.com\/wp-content\/uploads\/2026\/04\/700-Pontica-28-29-1995-1996-IOAN-MITREA-\u2013-Comunitati-crestine-din-secolele-V-VII-in-regiunea-subcarpatica-a-Moldovei.pdf\">view the PDF version<\/a>&#8211;<\/p>\n\n\n\n<hr class=\"wp-block-separator has-alpha-channel-opacity\"\/>\n\n\n\n<details class=\"wp-block-details is-layout-flow wp-block-details-is-layout-flow\"><summary>Elements chretiens de l\u2019\u00e9poque byzantine au Bas Danube<\/summary>\n<p><\/p>\n<\/details>\n\n\n\n<p class=\"has-text-align-center\"><strong>OANA DAMIAN, PAUL DAMIAN<br><\/strong>&#8211;<a href=\"https:\/\/revistapontica.com\/wp-content\/uploads\/2026\/04\/701-Pontica-28-29-1995-1996-OANA-DAMIAN-PAUL-DAMIAN-\u2013-Elements-chretiens-de-lepoque-byzantine-au-Bas-Danube.pdf\" data-type=\"link\" data-id=\"https:\/\/revistapontica.com\/wp-content\/uploads\/2026\/04\/701-Pontica-28-29-1995-1996-OANA-DAMIAN-PAUL-DAMIAN-\u2013-Elements-chretiens-de-lepoque-byzantine-au-Bas-Danube.pdf\">view the PDF version<\/a>&#8211;<\/p>\n\n\n\n<hr class=\"wp-block-separator has-alpha-channel-opacity\"\/>\n\n\n\n<details class=\"wp-block-details is-layout-flow wp-block-details-is-layout-flow\"><summary>Asupra condi\u0163iilor geografice din preistoria sud-estului Rom\u00e2niei<\/summary>\n<p><\/p>\n<\/details>\n\n\n\n<p class=\"has-text-align-center\"><strong><strong>MIRCEA MUNTEANU<\/strong><\/strong><br>&#8211;<a href=\"https:\/\/revistapontica.com\/wp-content\/uploads\/2026\/04\/702-Pontica-28-29-1995-1996-MIRCEA-MUNTEANU-\u2013-Asupra-conditiilor-geografice-din-preistoria-sud-estului-Romaniei.pdf\" data-type=\"link\" data-id=\"https:\/\/revistapontica.com\/wp-content\/uploads\/2026\/04\/702-Pontica-28-29-1995-1996-MIRCEA-MUNTEANU-\u2013-Asupra-conditiilor-geografice-din-preistoria-sud-estului-Romaniei.pdf\">view the PDF version<\/a>&#8211;<\/p>\n\n\n\n<hr class=\"wp-block-separator has-alpha-channel-opacity\"\/>\n\n\n\n<details class=\"wp-block-details is-layout-flow wp-block-details-is-layout-flow\"><summary>Studiul unor obiecte de sticl\u0103 roman\u0103 prin metode nucleare<\/summary>\n<p><\/p>\n<\/details>\n\n\n\n<p class=\"has-text-align-center\"><strong><strong>M. BELC, C. BE\u015eLIU, V.COJOCARU, C. OPREA, I. POPESCU, T. B\u0102DIC\u0102<\/strong><\/strong><br>&#8211;<a href=\"https:\/\/revistapontica.com\/wp-content\/uploads\/2026\/04\/703-Pontica-28-29-1995-1996-M.-BELC-C.-BESLIU-V.COJOCARU-C.-OPREA-I.-POPESCU-T.-BADICA-\u2013-Studiul-unor-obiecte-de-sticla-romana-prin-metode-nucleare.pdf\" data-type=\"link\" data-id=\"https:\/\/revistapontica.com\/wp-content\/uploads\/2026\/04\/703-Pontica-28-29-1995-1996-M.-BELC-C.-BESLIU-V.COJOCARU-C.-OPREA-I.-POPESCU-T.-BADICA-\u2013-Studiul-unor-obiecte-de-sticla-romana-prin-metode-nucleare.pdf\">view the PDF version<\/a>&#8211;<\/p>\n\n\n\n<hr class=\"wp-block-separator has-alpha-channel-opacity\"\/>\n\n\n\n<details class=\"wp-block-details is-layout-flow wp-block-details-is-layout-flow\"><summary>Analiza compozi\u0163iei unor obiecte ceramice antice prin activare neutronic\u0103<\/summary>\n<p><\/p>\n<\/details>\n\n\n\n<p class=\"has-text-align-center\"><strong><strong>M. BELC, C. BE\u015eLIU, A. OLARIU, C. OPREA, I. POPESCU, T. B\u0102DIC\u0102<\/strong><\/strong><br>&#8211;<a href=\"https:\/\/revistapontica.com\/wp-content\/uploads\/2026\/04\/704-Pontica-28-29-1995-1996-M.-BELC-C.-BESLIU-A.-OLARIU-C.-OPREA-I.-POPESCU-T.-BADICA-\u2013-Analiza-compozitiei-unor-obiecte-ceramice-antice-prin-activare-neutronica.pdf\" data-type=\"link\" data-id=\"https:\/\/revistapontica.com\/wp-content\/uploads\/2026\/04\/704-Pontica-28-29-1995-1996-M.-BELC-C.-BESLIU-A.-OLARIU-C.-OPREA-I.-POPESCU-T.-BADICA-\u2013-Analiza-compozitiei-unor-obiecte-ceramice-antice-prin-activare-neutronica.pdf\">view the PDF version<\/a>&#8211;<\/p>\n\n\n\n<hr class=\"wp-block-separator has-alpha-channel-opacity\"\/>\n\n\n\n<details class=\"wp-block-details is-layout-flow wp-block-details-is-layout-flow\"><summary>Din nou despre circula\u0163ia monetar\u0103 antic\u0103 \u00een zona Floriile-Ad\u00e2ncata (jud. Constan\u0163a)<\/summary>\n<p><\/p>\n<\/details>\n\n\n\n<p class=\"has-text-align-center\"><strong><strong>GABRIEL TALMA\u0162CHI<\/strong><\/strong><br>&#8211;<a href=\"https:\/\/revistapontica.com\/wp-content\/uploads\/2026\/04\/705-Pontica-28-29-1995-1996-GABRIEL-TALMATCHI-\u2013-Din-nou-despre-circulatia-monetara-antica-in-zona-Floriile-Adancata-jud.-Constanta.pdf\" data-type=\"link\" data-id=\"https:\/\/revistapontica.com\/wp-content\/uploads\/2026\/04\/705-Pontica-28-29-1995-1996-GABRIEL-TALMATCHI-\u2013-Din-nou-despre-circulatia-monetara-antica-in-zona-Floriile-Adancata-jud.-Constanta.pdf\">view the PDF version<\/a>&#8211;<\/p>\n\n\n\n<hr class=\"wp-block-separator has-alpha-channel-opacity\"\/>\n\n\n\n<details class=\"wp-block-details is-layout-flow wp-block-details-is-layout-flow\"><summary>Monede romane de la Dumbr\u0103veni (jud. Constan\u0163a)<\/summary>\n<p><\/p>\n<\/details>\n\n\n\n<p class=\"has-text-align-center\"><strong>TUDOR PAPASIMA, COSTEL CHIRIAC<\/strong><br>&#8211;<a href=\"#\" data-type=\"link\" data-id=\"https:\/\/revistapontica.com\/wp-content\/uploads\/2026\/03\/19-2023.pdf\">deschide var<\/a><a href=\"https:\/\/revistapontica.com\/wp-content\/uploads\/2026\/04\/706-Pontica-28-29-1995-1996-TUDOR-PAPASIMA-COSTEL-CHIRIAC-\u2013-Monede-romane-de-la-Dumbraveni-jud.-Constanta.pdf\" data-type=\"link\" data-id=\"https:\/\/revistapontica.com\/wp-content\/uploads\/2026\/04\/706-Pontica-28-29-1995-1996-TUDOR-PAPASIMA-COSTEL-CHIRIAC-\u2013-Monede-romane-de-la-Dumbraveni-jud.-Constanta.pdf\">i<\/a><a href=\"#\" data-type=\"link\" data-id=\"https:\/\/revistapontica.com\/wp-content\/uploads\/2026\/03\/19-2023.pdf\">anta PDF<\/a>&#8211;<\/p>\n\n\n\n<hr class=\"wp-block-separator has-alpha-channel-opacity\"\/>\n\n\n\n<details class=\"wp-block-details is-layout-flow wp-block-details-is-layout-flow\"><summary>Monede romane \u015fi bizantine inedite din colec\u0163ia muzeului const\u0103n\u0163ean<\/summary>\n<p><\/p>\n<\/details>\n\n\n\n<p class=\"has-text-align-center\"><strong><strong>TUDOR PAPASIMA, ANTOANETA VERTAN <\/strong><\/strong><br>&#8211;<a href=\"https:\/\/revistapontica.com\/wp-content\/uploads\/2026\/04\/707-Pontica-28-29-1995-1996-TUDOR-PAPASIMA-ANTOANETA-VERTAN-\u2013-Monede-romane-si-bizantine-inedite-din-colectia-muzeului-constantean.pdf\" data-type=\"link\" data-id=\"https:\/\/revistapontica.com\/wp-content\/uploads\/2026\/04\/707-Pontica-28-29-1995-1996-TUDOR-PAPASIMA-ANTOANETA-VERTAN-\u2013-Monede-romane-si-bizantine-inedite-din-colectia-muzeului-constantean.pdf\">view the PDF version<\/a>&#8211;<\/p>\n\n\n\n<hr class=\"wp-block-separator has-alpha-channel-opacity\"\/>\n\n\n\n<details class=\"wp-block-details is-layout-flow wp-block-details-is-layout-flow\"><summary>Monede bizantine inedite din colec\u0163ia Muzeului Jude\u0163ean C\u0103l\u0103ra\u015fi<\/summary>\n<p><\/p>\n<\/details>\n\n\n\n<p class=\"has-text-align-center\"><strong><strong>TUDOR PAPASIMA<\/strong><\/strong><br>&#8211;<a href=\"https:\/\/revistapontica.com\/wp-content\/uploads\/2026\/04\/708-Pontica-28-29-1995-1996-TUDOR-PAPASIMA-\u2013-Monede-bizantine-inedite-din-colectia-Muzeului-Judetean-Calarasi.pdf\" data-type=\"link\" data-id=\"https:\/\/revistapontica.com\/wp-content\/uploads\/2026\/04\/708-Pontica-28-29-1995-1996-TUDOR-PAPASIMA-\u2013-Monede-bizantine-inedite-din-colectia-Muzeului-Judetean-Calarasi.pdf\">view the PDF version<\/a>&#8211;<\/p>\n\n\n\n<hr class=\"wp-block-separator has-alpha-channel-opacity\"\/>\n\n\n\n<details class=\"wp-block-details is-layout-flow wp-block-details-is-layout-flow\"><summary>Aspecte privind circula\u0163ia monetar\u0103 la Mangalia \u00een secolele X-XI (969-1081)<\/summary>\n<p><\/p>\n<\/details>\n\n\n\n<p class=\"has-text-align-center\"><strong><strong>GH. M\u0102NUCU-ADAME\u015eTEANU<\/strong><\/strong><br>&#8211;<a href=\"#\" data-type=\"link\" data-id=\"https:\/\/revistapontica.com\/wp-content\/uploads\/2026\/03\/22-2023.pdf\">deschide vari<\/a><a href=\"https:\/\/revistapontica.com\/wp-content\/uploads\/2026\/04\/709-Pontica-28-29-1995-1996-GH.-MANUCU-ADAMESTEANU-\u2013-Aspecte-privind-circulatia-monetara-la-Mangalia-in-secolele-X-XI-969-1081.pdf\" data-type=\"link\" data-id=\"https:\/\/revistapontica.com\/wp-content\/uploads\/2026\/04\/709-Pontica-28-29-1995-1996-GH.-MANUCU-ADAMESTEANU-\u2013-Aspecte-privind-circulatia-monetara-la-Mangalia-in-secolele-X-XI-969-1081.pdf\">a<\/a><a href=\"#\" data-type=\"link\" data-id=\"https:\/\/revistapontica.com\/wp-content\/uploads\/2026\/03\/22-2023.pdf\">nta PDF<\/a>&#8211;<\/p>\n\n\n\n<hr class=\"wp-block-separator has-alpha-channel-opacity\"\/>\n\n\n\n<details class=\"wp-block-details is-layout-flow wp-block-details-is-layout-flow\"><summary>Catalogul monedelor bizantine anonime descoperite la Capidava<\/summary>\n<p><\/p>\n<\/details>\n\n\n\n<p class=\"has-text-align-center\"><strong>GABRIEL CUSTUREA<\/strong><br>&#8211;<a href=\"https:\/\/revistapontica.com\/wp-content\/uploads\/2026\/04\/710-Pontica-28-29-1995-1996-GABRIEL-CUSTUREA-\u2013-Catalogul-monedelor-bizantine-anonime-descoperite-la-Capidava.pdf\" data-type=\"link\" data-id=\"https:\/\/revistapontica.com\/wp-content\/uploads\/2026\/04\/710-Pontica-28-29-1995-1996-GABRIEL-CUSTUREA-\u2013-Catalogul-monedelor-bizantine-anonime-descoperite-la-Capidava.pdf\">view the PDF version<\/a>&#8211;<\/p>\n\n\n\n<hr class=\"wp-block-separator has-alpha-channel-opacity\"\/>\n\n\n\n<details class=\"wp-block-details is-layout-flow wp-block-details-is-layout-flow\"><summary>Descoperiri monetare \u00een Dobrogea (X)<\/summary>\n<p><\/p>\n<\/details>\n\n\n\n<p class=\"has-text-align-center\"><strong><strong>ANTOANETA VERTAN, GABRIEL CUSTUREA<\/strong><\/strong><br>&#8211;<a href=\"https:\/\/revistapontica.com\/wp-content\/uploads\/2026\/04\/711-Pontica-28-29-1995-1996-ANTOANETA-VERTAN-GABRIEL-CUSTUREA-\u2013-Descoperiri-monetare-in-Dobrogea-X.pdf\" data-type=\"link\" data-id=\"https:\/\/revistapontica.com\/wp-content\/uploads\/2026\/04\/711-Pontica-28-29-1995-1996-ANTOANETA-VERTAN-GABRIEL-CUSTUREA-\u2013-Descoperiri-monetare-in-Dobrogea-X.pdf\">view the PDF version<\/a>&#8211;<\/p>\n\n\n\n<hr class=\"wp-block-separator has-alpha-channel-opacity\"\/>\n\n\n\n<details class=\"wp-block-details is-layout-flow wp-block-details-is-layout-flow\"><summary>C\u00e2teva ponduri medievale descoperite \u00een Dobrogea<\/summary>\n<p><\/p>\n<\/details>\n\n\n\n<p class=\"has-text-align-center\"><strong><strong>GABRIEL CUSTUREA<\/strong><\/strong><br>&#8211;<a href=\"https:\/\/revistapontica.com\/wp-content\/uploads\/2026\/04\/712-Pontica-28-29-1995-1996-GABRIEL-CUSTUREA-\u2013-Cateva-ponduri-medievale-descoperite-in-Dobrogea.pdf\" data-type=\"link\" data-id=\"https:\/\/revistapontica.com\/wp-content\/uploads\/2026\/04\/712-Pontica-28-29-1995-1996-GABRIEL-CUSTUREA-\u2013-Cateva-ponduri-medievale-descoperite-in-Dobrogea.pdf\">view the PDF version<\/a>&#8211;<\/p>\n\n\n\n<hr class=\"wp-block-separator has-alpha-channel-opacity\"\/>\n\n\n\n<details class=\"wp-block-details is-layout-flow wp-block-details-is-layout-flow\"><summary>Savan\u0163i care au lucrat \u00een Dobrogea profesorul Dionisie M. Pippidi (30.XII.1905-19.VII.1993)<\/summary>\n<p><\/p>\n<\/details>\n\n\n\n<p class=\"has-text-align-center\"><strong><strong>MIHAI BUCOVAL\u0102<\/strong><\/strong><br>&#8211;<a href=\"https:\/\/revistapontica.com\/wp-content\/uploads\/2026\/04\/713-Pontica-28-29-1995-1996-MIHAI-BUCOVALA-\u2013-Savanti-care-au-lucrat-in-Dobrogea-profesorul-Dionisie-M.-Pippidi-30.XII_.1905-19.VII_.1993.pdf\" data-type=\"link\" data-id=\"https:\/\/revistapontica.com\/wp-content\/uploads\/2026\/04\/713-Pontica-28-29-1995-1996-MIHAI-BUCOVALA-\u2013-Savanti-care-au-lucrat-in-Dobrogea-profesorul-Dionisie-M.-Pippidi-30.XII_.1905-19.VII_.1993.pdf\">view the PDF version<\/a>&#8211;<\/p>","protected":false},"excerpt":{"rendered":"<p>SUMAR&#8211;deschide varianta PDF&#8211; Lista abrevierilor&#8211;deschide varianta PDF&#8211; CRISTIAN MICU, SMARANDA MICU&#8211;deschide varianta PDF&#8211; MIHAI IRIMIA, ANGHEL BARDAC&#8211;deschide varianta PDF&#8211; A. R\u0102DULESCU, L. BUZOIANU, M. B\u0102RBULESCU, N. CHELU\u0162\u0102-GEORGESCU&#8211;deschide varianta PDF&#8211; MIHAI BUCOVAL\u0102&#8211;deschide varianta PDF&#8211; ADRIAN R\u0102DULESCU&#8211;deschide varianta PDF&#8211; ZIZI COVACEF&#8211;deschide varianta PDF&#8211; PANAIT I. PANAIT, A. R\u0102DULESCU, A. \u015eTEF\u0102NESCU, D. FLAUT&#8211;deschide varianta PDF&#8211; CONSTANTIN NICOLAE&#8211;deschide varianta [&hellip;]<\/p>\n","protected":false},"author":2,"featured_media":0,"comment_status":"closed","ping_status":"closed","sticky":false,"template":"","format":"standard","meta":{"footnotes":""},"categories":[18],"tags":[],"class_list":["post-1473","post","type-post","status-publish","format-standard","hentry","category-revista"],"_links":{"self":[{"href":"https:\/\/revistapontica.com\/en\/wp-json\/wp\/v2\/posts\/1473","targetHints":{"allow":["GET"]}}],"collection":[{"href":"https:\/\/revistapontica.com\/en\/wp-json\/wp\/v2\/posts"}],"about":[{"href":"https:\/\/revistapontica.com\/en\/wp-json\/wp\/v2\/types\/post"}],"author":[{"embeddable":true,"href":"https:\/\/revistapontica.com\/en\/wp-json\/wp\/v2\/users\/2"}],"replies":[{"embeddable":true,"href":"https:\/\/revistapontica.com\/en\/wp-json\/wp\/v2\/comments?post=1473"}],"version-history":[{"count":6,"href":"https:\/\/revistapontica.com\/en\/wp-json\/wp\/v2\/posts\/1473\/revisions"}],"predecessor-version":[{"id":2337,"href":"https:\/\/revistapontica.com\/en\/wp-json\/wp\/v2\/posts\/1473\/revisions\/2337"}],"wp:attachment":[{"href":"https:\/\/revistapontica.com\/en\/wp-json\/wp\/v2\/media?parent=1473"}],"wp:term":[{"taxonomy":"category","embeddable":true,"href":"https:\/\/revistapontica.com\/en\/wp-json\/wp\/v2\/categories?post=1473"},{"taxonomy":"post_tag","embeddable":true,"href":"https:\/\/revistapontica.com\/en\/wp-json\/wp\/v2\/tags?post=1473"}],"curies":[{"name":"wp","href":"https:\/\/api.w.org\/{rel}","templated":true}]}}