{"id":1475,"date":"2026-04-26T15:21:33","date_gmt":"2026-04-26T12:21:33","guid":{"rendered":"https:\/\/revistapontica.com\/?p=1475"},"modified":"2026-04-29T22:38:36","modified_gmt":"2026-04-29T19:38:36","slug":"pontica-nr-27-1994","status":"publish","type":"post","link":"https:\/\/revistapontica.com\/en\/pontica-nr-27-1994\/","title":{"rendered":"Pontica Nr. 27 (1994)"},"content":{"rendered":"<div class=\"wp-block-image\">\n<figure class=\"aligncenter size-large is-resized\"><img fetchpriority=\"high\" decoding=\"async\" width=\"708\" height=\"1024\" src=\"https:\/\/revistapontica.com\/wp-content\/uploads\/2026\/04\/pontica-27-708x1024.jpg\" alt=\"\" class=\"wp-image-1553\" style=\"width:548px;height:auto\" srcset=\"https:\/\/revistapontica.com\/wp-content\/uploads\/2026\/04\/pontica-27-708x1024.jpg 708w, https:\/\/revistapontica.com\/wp-content\/uploads\/2026\/04\/pontica-27-208x300.jpg 208w, https:\/\/revistapontica.com\/wp-content\/uploads\/2026\/04\/pontica-27-768x1110.jpg 768w, https:\/\/revistapontica.com\/wp-content\/uploads\/2026\/04\/pontica-27-8x12.jpg 8w, https:\/\/revistapontica.com\/wp-content\/uploads\/2026\/04\/pontica-27.jpg 830w\" sizes=\"(max-width: 708px) 100vw, 708px\" \/><\/figure>\n<\/div>\n\n\n<div style=\"height:50px\" aria-hidden=\"true\" class=\"wp-block-spacer\"><\/div>\n\n\n\n<div class=\"wp-block-buttons is-content-justification-center is-layout-flex wp-container-core-buttons-is-layout-16018d1d wp-block-buttons-is-layout-flex\">\n<div class=\"wp-block-button is-style-outline is-style-outline--1\"><a class=\"wp-block-button__link has-small-font-size has-custom-font-size wp-element-button\" href=\"https:\/\/revistapontica.com\/wp-content\/uploads\/2026\/04\/667-Pontica-27-1994.pdf\" style=\"border-top-left-radius:0px;border-top-right-radius:0px;border-bottom-left-radius:0px;border-bottom-right-radius:0px\"><strong>DESCHIDE PONTICA NR. 27 &#8211; VARIANTA COMPLET\u0102 \u00ceN FORMAT .PDF<\/strong> (62 Mb)<\/a><\/div>\n<\/div>\n\n\n\n<div style=\"height:50px\" aria-hidden=\"true\" class=\"wp-block-spacer\"><\/div>\n\n\n\n<p class=\"has-text-align-center\"><strong>SUMAR<\/strong><br>&#8211;<a href=\"https:\/\/revistapontica.com\/wp-content\/uploads\/2026\/04\/667-1-Pontica-27-1994-Sumar.pdf\" data-type=\"link\" data-id=\"https:\/\/revistapontica.com\/wp-content\/uploads\/2026\/04\/667-1-Pontica-27-1994-Sumar.pdf\">deschide varianta PDF<\/a>&#8211;<\/p>\n\n\n\n<hr class=\"wp-block-separator has-alpha-channel-opacity\"\/>\n\n\n\n<details class=\"wp-block-details is-layout-flow wp-block-details-is-layout-flow\"><summary>Considera\u0163ii cu privire la credin\u0163ele \u015fi ritualurile din epoca neolitic\u0103 din \u0163inuturile dintre Carpa\u0163i \u015fi Dun\u0103re<\/summary>\n<p><\/p>\n<\/details>\n\n\n\n<p class=\"has-text-align-center\"><strong><strong><strong><strong>EUGEN COM\u015eA<\/strong><\/strong><\/strong><\/strong><br>&#8211;<a href=\"https:\/\/revistapontica.com\/wp-content\/uploads\/2026\/04\/668-Pontica-27-1994-EUGEN-COMSA-\u2013-Consideratii-cu-privire-la-credintele-si-ritualurile-din-epoca-neolitica-din-tinuturile-dintre-Carpati-si-Dunare.pdf\" data-type=\"link\" data-id=\"https:\/\/revistapontica.com\/wp-content\/uploads\/2026\/04\/668-Pontica-27-1994-EUGEN-COMSA-\u2013-Consideratii-cu-privire-la-credintele-si-ritualurile-din-epoca-neolitica-din-tinuturile-dintre-Carpati-si-Dunare.pdf\">deschide varianta PDF<\/a>&#8211;<\/p>\n\n\n\n<hr class=\"wp-block-separator has-alpha-channel-opacity\"\/>\n\n\n\n<details class=\"wp-block-details is-layout-flow wp-block-details-is-layout-flow\"><summary>Contribu\u0163ii privind cunoa\u015fterea ritualului de \u00eenmorm\u00e2ntare a tracilor timpurii \u00een lumina cercet\u0103rilor de la \u015etef\u0103ne\u015fti [&#8230;]<\/summary>\n<p><\/p>\n<\/details>\n\n\n\n<p class=\"has-text-align-center\"><strong><strong><strong>CONSTANTIN ICONOMU, COSTIC\u0102 AS\u0102VOAIE<\/strong><\/strong><\/strong><br>&#8211;<a href=\"https:\/\/revistapontica.com\/wp-content\/uploads\/2026\/04\/670-Pontica-27-1994-CONSTANTIN-ICONOMU-COSTICA-ASAVOAIE-\u2013-Contributii-privind-cunoasterea-ritualului-de-inmormantare-a-tracilor-timpurii-in-lumina-cercetarilor-de-la-Stefanesti-.pdf\" data-type=\"link\" data-id=\"https:\/\/revistapontica.com\/wp-content\/uploads\/2026\/04\/670-Pontica-27-1994-CONSTANTIN-ICONOMU-COSTICA-ASAVOAIE-\u2013-Contributii-privind-cunoasterea-ritualului-de-inmormantare-a-tracilor-timpurii-in-lumina-cercetarilor-de-la-Stefanesti-.pdf\">deschide varianta PDF<\/a>&#8211;<\/p>\n\n\n\n<hr class=\"wp-block-separator has-alpha-channel-opacity\"\/>\n\n\n\n<details class=\"wp-block-details is-layout-flow wp-block-details-is-layout-flow\"><summary>Aspecte ale spiritualit\u0103\u0163ii cucuteniene \u00een lucr\u0103rile cercet\u0103toarei Melu\u0163a Marin<\/summary>\n<p><\/p>\n<\/details>\n\n\n\n<p class=\"has-text-align-center\"><strong><strong><strong>NICOLAE URSULESCU<\/strong><\/strong><\/strong><br>&#8211;<a href=\"https:\/\/revistapontica.com\/wp-content\/uploads\/2026\/04\/669-Pontica-27-1994-NICOLAE-URSULESCU-\u2013-Aspecte-ale-spiritualitatii-cucuteniene-in-lucrarile-cercetatoarei-Meluta-Marin.pdf\" data-type=\"link\" data-id=\"https:\/\/revistapontica.com\/wp-content\/uploads\/2026\/04\/669-Pontica-27-1994-NICOLAE-URSULESCU-\u2013-Aspecte-ale-spiritualitatii-cucuteniene-in-lucrarile-cercetatoarei-Meluta-Marin.pdf\">deschide varianta PDF<\/a>&#8211;<\/p>\n\n\n\n<hr class=\"wp-block-separator has-alpha-channel-opacity\"\/>\n\n\n\n<details class=\"wp-block-details is-layout-flow wp-block-details-is-layout-flow\"><summary>Incinte \u015fi locuri sacre cu sacrificii \u015fi depuneri de ofrande \u00een lumea geto-dacilor<\/summary>\n<p><\/p>\n<\/details>\n\n\n\n<p class=\"has-text-align-center\"><strong><strong><strong>VALERIU S\u00c2RBU<\/strong><\/strong><\/strong><br>&#8211;<a href=\"https:\/\/revistapontica.com\/wp-content\/uploads\/2026\/04\/671-Pontica-27-1994-VALERIU-SARBU-\u2013-Incinte-si-locuri-sacre-cu-sacrificii-si-depuneri-de-ofrande-in-lumea-geto-dacilor.pdf\" data-type=\"link\" data-id=\"https:\/\/revistapontica.com\/wp-content\/uploads\/2026\/04\/671-Pontica-27-1994-VALERIU-SARBU-\u2013-Incinte-si-locuri-sacre-cu-sacrificii-si-depuneri-de-ofrande-in-lumea-geto-dacilor.pdf\">deschide varianta PDF<\/a>&#8211;<\/p>\n\n\n\n<hr class=\"wp-block-separator has-alpha-channel-opacity\"\/>\n\n\n\n<details class=\"wp-block-details is-layout-flow wp-block-details-is-layout-flow\"><summary>Obiecte pentru cult \u015fi magie descoperite la Piscul Cr\u0103sani<\/summary>\n<p><\/p>\n<\/details>\n\n\n\n<p class=\"has-text-align-center\"><strong><strong><strong>NICULAE CONOVICI<\/strong><\/strong><\/strong><br>&#8211;<a href=\"https:\/\/revistapontica.com\/wp-content\/uploads\/2026\/04\/672-Pontica-27-1994-NICULAE-CONOVICI-\u2013-Obiecte-pentru-cult-si-magie-descoperite-la-Piscul-Crasani.pdf\" data-type=\"link\" data-id=\"https:\/\/revistapontica.com\/wp-content\/uploads\/2026\/04\/672-Pontica-27-1994-NICULAE-CONOVICI-\u2013-Obiecte-pentru-cult-si-magie-descoperite-la-Piscul-Crasani.pdf\">deschide varianta PDF<\/a>&#8211;<\/p>\n\n\n\n<hr class=\"wp-block-separator has-alpha-channel-opacity\"\/>\n\n\n\n<details class=\"wp-block-details is-layout-flow wp-block-details-is-layout-flow\"><summary>Unele considera\u0163ii referitoare la religia geto-dacilor<\/summary>\n<p><\/p>\n<\/details>\n\n\n\n<p class=\"has-text-align-center\"><strong><strong>CONSTANTIN PREDA<\/strong><\/strong><br>&#8211;<a href=\"https:\/\/revistapontica.com\/wp-content\/uploads\/2026\/04\/673-Pontica-27-1994-CONSTANTIN-PREDA-\u2013-Unele-consideratii-referitoare-la-religia-geto-dacilor.pdf\" data-type=\"link\" data-id=\"https:\/\/revistapontica.com\/wp-content\/uploads\/2026\/04\/673-Pontica-27-1994-CONSTANTIN-PREDA-\u2013-Unele-consideratii-referitoare-la-religia-geto-dacilor.pdf\">deschide varianta PDF<\/a>&#8211;<\/p>\n\n\n\n<hr class=\"wp-block-separator has-alpha-channel-opacity\"\/>\n\n\n\n<details class=\"wp-block-details is-layout-flow wp-block-details-is-layout-flow\"><summary>Rituri \u015fi ritualuri funerare practicate \u00een necropola roman\u0103 de la Noviodunum<\/summary>\n<p><\/p>\n<\/details>\n\n\n\n<p class=\"has-text-align-center\"><strong><strong>GAVRIL\u0102 SIMION<\/strong><\/strong><br>&#8211;<a href=\"https:\/\/revistapontica.com\/wp-content\/uploads\/2026\/04\/674-Pontica-27-1994-GAVRILA-SIMION-\u2013-Rituri-si-ritualuri-funerare-practicate-in-necropola-romana-de-la-Noviodunum.pdf\" data-type=\"link\" data-id=\"https:\/\/revistapontica.com\/wp-content\/uploads\/2026\/04\/674-Pontica-27-1994-GAVRILA-SIMION-\u2013-Rituri-si-ritualuri-funerare-practicate-in-necropola-romana-de-la-Noviodunum.pdf\">deschide varianta PDF<\/a>&#8211;<\/p>\n\n\n\n<hr class=\"wp-block-separator has-alpha-channel-opacity\"\/>\n\n\n\n<details class=\"wp-block-details is-layout-flow wp-block-details-is-layout-flow\"><summary>Tradi\u0163ii \u015fi inova\u0163ii \u00een iconografia votiv\u0103 din Dobrogea (sec. I-III p. Chr.)<\/summary>\n<p><\/p>\n<\/details>\n\n\n\n<p class=\"has-text-align-center\"><strong><strong>ZIZI COVACEF<\/strong><\/strong><br>&#8211;<a href=\"https:\/\/revistapontica.com\/wp-content\/uploads\/2026\/04\/675-Pontica-27-1994-ZIZI-COVACEF-\u2013-Traditii-si-inovatii-in-iconografia-votiva-din-Dobrogea-sec.-I-III-p.-Chr.pdf\" data-type=\"link\" data-id=\"https:\/\/revistapontica.com\/wp-content\/uploads\/2026\/04\/675-Pontica-27-1994-ZIZI-COVACEF-\u2013-Traditii-si-inovatii-in-iconografia-votiva-din-Dobrogea-sec.-I-III-p.-Chr.pdf\">deschide varianta PDF<\/a>&#8211;<\/p>\n\n\n\n<hr class=\"wp-block-separator has-alpha-channel-opacity\"\/>\n\n\n\n<details class=\"wp-block-details is-layout-flow wp-block-details-is-layout-flow\"><summary>Amfore \u015ftampilate din nordul Dobrogei<\/summary>\n<p><\/p>\n<\/details>\n\n\n\n<p class=\"has-text-align-center\"><strong><strong>VASILICA LUNGU<\/strong><\/strong><br>&#8211;<a href=\"https:\/\/revistapontica.com\/wp-content\/uploads\/2026\/04\/676-Pontica-27-1994-VASILICA-LUNGU-\u2013-Amfore-stampilate-din-nordul-Dobrogei.pdf\" data-type=\"link\" data-id=\"https:\/\/revistapontica.com\/wp-content\/uploads\/2026\/04\/676-Pontica-27-1994-VASILICA-LUNGU-\u2013-Amfore-stampilate-din-nordul-Dobrogei.pdf\">deschide varianta PDF<\/a>&#8211;<\/p>\n\n\n\n<hr class=\"wp-block-separator has-alpha-channel-opacity\"\/>\n\n\n\n<details class=\"wp-block-details is-layout-flow wp-block-details-is-layout-flow\"><summary>Inscrip\u0163ii inedite din Tomis \u015fi \u00eemprejurimi<\/summary>\n<p><\/p>\n<\/details>\n\n\n\n<p class=\"has-text-align-center\"><strong><strong>MARIA B\u0102RBULESCU, ADRIAN R\u0102DULESCU<\/strong><\/strong><br>&#8211;<a href=\"https:\/\/revistapontica.com\/wp-content\/uploads\/2026\/04\/677-Pontica-27-1994-MARIA-BARBULESCU-ADRIAN-RADULESCU-\u2013-Inscriptii-inedite-din-Tomis-si-imprejurimi.pdf\" data-type=\"link\" data-id=\"https:\/\/revistapontica.com\/wp-content\/uploads\/2026\/04\/677-Pontica-27-1994-MARIA-BARBULESCU-ADRIAN-RADULESCU-\u2013-Inscriptii-inedite-din-Tomis-si-imprejurimi.pdf\">deschide varianta PDF<\/a>&#8211;<\/p>\n\n\n\n<hr class=\"wp-block-separator has-alpha-channel-opacity\"\/>\n\n\n\n<details class=\"wp-block-details is-layout-flow wp-block-details-is-layout-flow\"><summary>Inscrip\u0163ia de funda\u0163ie din timpul primei tetrarhii de la Halmyris (Murighiol, jud. Tulcea)<\/summary>\n<p><\/p>\n<\/details>\n\n\n\n<p class=\"has-text-align-center\"><strong><strong>MIHAIL ZAHARIADE<\/strong><\/strong><br>&#8211;<a href=\"https:\/\/revistapontica.com\/wp-content\/uploads\/2026\/04\/678-Pontica-27-1994-MIHAIL-ZAHARIADE-\u2013-Inscriptia-de-fundatie-din-timpul-primei-tetrarhii-de-la-Halmyris-Murighiol-jud.-Tulcea.pdf\" data-type=\"link\" data-id=\"https:\/\/revistapontica.com\/wp-content\/uploads\/2026\/04\/678-Pontica-27-1994-MIHAIL-ZAHARIADE-\u2013-Inscriptia-de-fundatie-din-timpul-primei-tetrarhii-de-la-Halmyris-Murighiol-jud.-Tulcea.pdf\">deschide varianta PDF<\/a>&#8211;<\/p>\n\n\n\n<hr class=\"wp-block-separator has-alpha-channel-opacity\"\/>\n\n\n\n<details class=\"wp-block-details is-layout-flow wp-block-details-is-layout-flow\"><summary>Cercet\u0103rile arheologice de la Boto\u015fani \u2013 \u201eGroapa lui Ichim\u201d \u2013 (campanile 1991-1992)<\/summary>\n<p><\/p>\n<\/details>\n\n\n\n<p class=\"has-text-align-center\"><strong><strong>PAUL \u015eADURSCHI, NAPOLEON UNGUREANU, MIHAI MIH\u0102ILESCU<\/strong><\/strong><br>&#8211;<a href=\"https:\/\/revistapontica.com\/wp-content\/uploads\/2026\/04\/679-Pontica-27-1994-PAUL-SADURSCHI-NAPOLEON-UNGUREANU-MIHAI-MIHAILESCU-\u2013-Cercetarile-arheologice-de-la-Botosani-\u2013-\u201eGroapa-lui-Ichim-\u2013-campanile-1991-1992.pdf\" data-type=\"link\" data-id=\"https:\/\/revistapontica.com\/wp-content\/uploads\/2026\/04\/679-Pontica-27-1994-PAUL-SADURSCHI-NAPOLEON-UNGUREANU-MIHAI-MIHAILESCU-\u2013-Cercetarile-arheologice-de-la-Botosani-\u2013-\u201eGroapa-lui-Ichim-\u2013-campanile-1991-1992.pdf\">deschide varianta PDF<\/a>&#8211;<\/p>\n\n\n\n<hr class=\"wp-block-separator has-alpha-channel-opacity\"\/>\n\n\n\n<details class=\"wp-block-details is-layout-flow wp-block-details-is-layout-flow\"><summary>C\u00eeteva opai\u0163e descoperite la Carsium<\/summary>\n<p><\/p>\n<\/details>\n\n\n\n<p class=\"has-text-align-center\"><strong><strong>CONSTANTIN NICOLAE<\/strong><\/strong><br>&#8211;<a href=\"https:\/\/revistapontica.com\/wp-content\/uploads\/2026\/04\/680-Pontica-27-1994-CONSTANTIN-NICOLAE-\u2013-Citeva-opaite-descoperite-la-Carsium.pdf\" data-type=\"link\" data-id=\"https:\/\/revistapontica.com\/wp-content\/uploads\/2026\/04\/680-Pontica-27-1994-CONSTANTIN-NICOLAE-\u2013-Citeva-opaite-descoperite-la-Carsium.pdf\">deschide varianta PDF<\/a>&#8211;<\/p>\n\n\n\n<hr class=\"wp-block-separator has-alpha-channel-opacity\"\/>\n\n\n\n<details class=\"wp-block-details is-layout-flow wp-block-details-is-layout-flow\"><summary>Noi cercet\u0103ri privind apeductul de la Ovidiu, jud. Constan\u0163a<\/summary>\n<p><\/p>\n<\/details>\n\n\n\n<p class=\"has-text-align-center\"><strong><strong>GHEORGHE PAPUC, MIHAI IONESCU<\/strong><br><\/strong>&#8211;<a href=\"https:\/\/revistapontica.com\/wp-content\/uploads\/2026\/04\/681-Pontica-27-1994-GHEORGHE-PAPUC-MIHAI-IONESCU-\u2013-Noi-cercetari-privind-apeductul-de-la-Ovidiu-jud.-Constanta.pdf\" data-type=\"link\" data-id=\"https:\/\/revistapontica.com\/wp-content\/uploads\/2026\/04\/681-Pontica-27-1994-GHEORGHE-PAPUC-MIHAI-IONESCU-\u2013-Noi-cercetari-privind-apeductul-de-la-Ovidiu-jud.-Constanta.pdf\">deschide varianta PDF<\/a>&#8211;<\/p>\n\n\n\n<hr class=\"wp-block-separator has-alpha-channel-opacity\"\/>\n\n\n\n<details class=\"wp-block-details is-layout-flow wp-block-details-is-layout-flow\"><summary>\u00censemn\u0103ri pe marginea sgraffiti-lor din morm\u00e2ntul elenistic de la Mangalia<\/summary>\n<p><\/p>\n<\/details>\n\n\n\n<p class=\"has-text-align-center\"><strong><strong>TUDOR PAPASIMA, VALERIU GEORGESCU<\/strong><\/strong><br>&#8211;<a href=\"https:\/\/revistapontica.com\/wp-content\/uploads\/2026\/04\/682-Pontica-27-1994-TUDOR-PAPASIMA-VALERIU-GEORGESCU-\u2013-Insemnari-pe-marginea-sgraffiti-lor-din-mormantul-elenistic-de-la-Mangalia.pdf\" data-type=\"link\" data-id=\"https:\/\/revistapontica.com\/wp-content\/uploads\/2026\/04\/682-Pontica-27-1994-TUDOR-PAPASIMA-VALERIU-GEORGESCU-\u2013-Insemnari-pe-marginea-sgraffiti-lor-din-mormantul-elenistic-de-la-Mangalia.pdf\">deschide varianta PDF<\/a>&#8211;<\/p>\n\n\n\n<hr class=\"wp-block-separator has-alpha-channel-opacity\"\/>\n\n\n\n<details class=\"wp-block-details is-layout-flow wp-block-details-is-layout-flow\"><summary>Noi descoperiri monetare \u00een satul Ad\u00e2ncata (jud. Constan\u0163a)<\/summary>\n<p><\/p>\n<\/details>\n\n\n\n<p class=\"has-text-align-center\"><strong>GABRIEL TALMA\u0162CHI<br><\/strong>&#8211;<a href=\"https:\/\/revistapontica.com\/wp-content\/uploads\/2026\/04\/683-Pontica-27-1994-GABRIEL-TALMATCHI-\u2013-Noi-descoperiri-monetare-in-satul-Adancata-jud.-Constanta.pdf\" data-type=\"link\" data-id=\"https:\/\/revistapontica.com\/wp-content\/uploads\/2026\/04\/683-Pontica-27-1994-GABRIEL-TALMATCHI-\u2013-Noi-descoperiri-monetare-in-satul-Adancata-jud.-Constanta.pdf\">deschide varianta PDF<\/a>&#8211;<\/p>\n\n\n\n<hr class=\"wp-block-separator has-alpha-channel-opacity\"\/>\n\n\n\n<details class=\"wp-block-details is-layout-flow wp-block-details-is-layout-flow\"><summary>The coinage of Histria for Septimius Severus and his family &#8211; Addenda et Corrigenda<\/summary>\n<p><\/p>\n<\/details>\n\n\n\n<p class=\"has-text-align-center\"><strong><strong>DILYANA BOTEVA<\/strong><\/strong><br>&#8211;<a href=\"#\" data-type=\"link\" data-id=\"https:\/\/revistapontica.com\/wp-content\/uploads\/2026\/03\/15-2023.pdf\">deschide v<\/a><a href=\"https:\/\/revistapontica.com\/wp-content\/uploads\/2026\/04\/684-Pontica-27-1994-DILYANA-BOTEVA-\u2013-The-coinage-of-Histria-for-Septimius-Severus-and-his-family-Addenda-et-Corrigenda.pdf\" data-type=\"link\" data-id=\"https:\/\/revistapontica.com\/wp-content\/uploads\/2026\/04\/684-Pontica-27-1994-DILYANA-BOTEVA-\u2013-The-coinage-of-Histria-for-Septimius-Severus-and-his-family-Addenda-et-Corrigenda.pdf\">a<\/a><a href=\"#\" data-type=\"link\" data-id=\"https:\/\/revistapontica.com\/wp-content\/uploads\/2026\/03\/15-2023.pdf\">rianta PDF<\/a>&#8211;<\/p>\n\n\n\n<hr class=\"wp-block-separator has-alpha-channel-opacity\"\/>\n\n\n\n<details class=\"wp-block-details is-layout-flow wp-block-details-is-layout-flow\"><summary>Monede bizantine descoperite \u00een Dobrogea (secolele XI-XIII)<\/summary>\n<p><\/p>\n<\/details>\n\n\n\n<p class=\"has-text-align-center\"><strong><strong>GH. M\u0102NUCU-ADAME\u015eTEANU, MILTIADE C\u00c2RLAN, INGRID POLL<\/strong><\/strong><br>&#8211;<a href=\"https:\/\/revistapontica.com\/wp-content\/uploads\/2026\/04\/685-Pontica-27-1994-GH.-MANUCU-ADAMESTEANU-MILTIADE-CARLAN-INGRID-POLL-\u2013-Monede-bizantine-descoperite-in-Dobrogea-secolele-XI-XIII.pdf\" data-type=\"link\" data-id=\"https:\/\/revistapontica.com\/wp-content\/uploads\/2026\/04\/685-Pontica-27-1994-GH.-MANUCU-ADAMESTEANU-MILTIADE-CARLAN-INGRID-POLL-\u2013-Monede-bizantine-descoperite-in-Dobrogea-secolele-XI-XIII.pdf\">deschide varianta PDF<\/a>&#8211;<\/p>\n\n\n\n<hr class=\"wp-block-separator has-alpha-channel-opacity\"\/>\n\n\n\n<details class=\"wp-block-details is-layout-flow wp-block-details-is-layout-flow\"><summary>Bibliografia ovidian\u0103 \u00een Rom\u00e2nia. IV. Evoc\u0103ri ovidiene<\/summary>\n<p><\/p>\n<\/details>\n\n\n\n<p class=\"has-text-align-center\"><strong><strong>NICOLAE LASCU<\/strong><\/strong><br>&#8211;<a href=\"https:\/\/revistapontica.com\/wp-content\/uploads\/2026\/04\/686-Pontica-27-1994-NICOLAE-LASCU-\u2013-Bibliografia-ovidiana-in-Romania.-IV.-Evocari-ovidiene.pdf\" data-type=\"link\" data-id=\"https:\/\/revistapontica.com\/wp-content\/uploads\/2026\/04\/686-Pontica-27-1994-NICOLAE-LASCU-\u2013-Bibliografia-ovidiana-in-Romania.-IV.-Evocari-ovidiene.pdf\">deschide varianta PDF<\/a>&#8211;<\/p>\n","protected":false},"excerpt":{"rendered":"<p>SUMAR&#8211;deschide varianta PDF&#8211; EUGEN COM\u015eA&#8211;deschide varianta PDF&#8211; CONSTANTIN ICONOMU, COSTIC\u0102 AS\u0102VOAIE&#8211;deschide varianta PDF&#8211; NICOLAE URSULESCU&#8211;deschide varianta PDF&#8211; VALERIU S\u00c2RBU&#8211;deschide varianta PDF&#8211; NICULAE CONOVICI&#8211;deschide varianta PDF&#8211; CONSTANTIN PREDA&#8211;deschide varianta PDF&#8211; GAVRIL\u0102 SIMION&#8211;deschide varianta PDF&#8211; ZIZI COVACEF&#8211;deschide varianta PDF&#8211; VASILICA LUNGU&#8211;deschide varianta PDF&#8211; MARIA B\u0102RBULESCU, ADRIAN R\u0102DULESCU&#8211;deschide varianta PDF&#8211; MIHAIL ZAHARIADE&#8211;deschide varianta PDF&#8211; PAUL \u015eADURSCHI, NAPOLEON UNGUREANU, [&hellip;]<\/p>\n","protected":false},"author":2,"featured_media":0,"comment_status":"closed","ping_status":"closed","sticky":false,"template":"","format":"standard","meta":{"footnotes":""},"categories":[18],"tags":[],"class_list":["post-1475","post","type-post","status-publish","format-standard","hentry","category-revista"],"_links":{"self":[{"href":"https:\/\/revistapontica.com\/en\/wp-json\/wp\/v2\/posts\/1475","targetHints":{"allow":["GET"]}}],"collection":[{"href":"https:\/\/revistapontica.com\/en\/wp-json\/wp\/v2\/posts"}],"about":[{"href":"https:\/\/revistapontica.com\/en\/wp-json\/wp\/v2\/types\/post"}],"author":[{"embeddable":true,"href":"https:\/\/revistapontica.com\/en\/wp-json\/wp\/v2\/users\/2"}],"replies":[{"embeddable":true,"href":"https:\/\/revistapontica.com\/en\/wp-json\/wp\/v2\/comments?post=1475"}],"version-history":[{"count":5,"href":"https:\/\/revistapontica.com\/en\/wp-json\/wp\/v2\/posts\/1475\/revisions"}],"predecessor-version":[{"id":2359,"href":"https:\/\/revistapontica.com\/en\/wp-json\/wp\/v2\/posts\/1475\/revisions\/2359"}],"wp:attachment":[{"href":"https:\/\/revistapontica.com\/en\/wp-json\/wp\/v2\/media?parent=1475"}],"wp:term":[{"taxonomy":"category","embeddable":true,"href":"https:\/\/revistapontica.com\/en\/wp-json\/wp\/v2\/categories?post=1475"},{"taxonomy":"post_tag","embeddable":true,"href":"https:\/\/revistapontica.com\/en\/wp-json\/wp\/v2\/tags?post=1475"}],"curies":[{"name":"wp","href":"https:\/\/api.w.org\/{rel}","templated":true}]}}