{"id":1477,"date":"2026-04-26T15:20:39","date_gmt":"2026-04-26T12:20:39","guid":{"rendered":"https:\/\/revistapontica.com\/?p=1477"},"modified":"2026-04-29T22:46:34","modified_gmt":"2026-04-29T19:46:34","slug":"pontica-nr-26-1993","status":"publish","type":"post","link":"https:\/\/revistapontica.com\/en\/pontica-nr-26-1993\/","title":{"rendered":"Pontica Nr. 26 (1993)"},"content":{"rendered":"<div class=\"wp-block-image\">\n<figure class=\"aligncenter size-large is-resized\"><img fetchpriority=\"high\" decoding=\"async\" width=\"671\" height=\"1024\" src=\"https:\/\/revistapontica.com\/wp-content\/uploads\/2026\/04\/pontica-26-671x1024.jpg\" alt=\"\" class=\"wp-image-1552\" style=\"width:548px;height:auto\" srcset=\"https:\/\/revistapontica.com\/wp-content\/uploads\/2026\/04\/pontica-26-671x1024.jpg 671w, https:\/\/revistapontica.com\/wp-content\/uploads\/2026\/04\/pontica-26-197x300.jpg 197w, https:\/\/revistapontica.com\/wp-content\/uploads\/2026\/04\/pontica-26-768x1173.jpg 768w, https:\/\/revistapontica.com\/wp-content\/uploads\/2026\/04\/pontica-26-8x12.jpg 8w, https:\/\/revistapontica.com\/wp-content\/uploads\/2026\/04\/pontica-26.jpg 786w\" sizes=\"(max-width: 671px) 100vw, 671px\" \/><\/figure>\n<\/div>\n\n\n<div style=\"height:50px\" aria-hidden=\"true\" class=\"wp-block-spacer\"><\/div>\n\n\n\n<div class=\"wp-block-buttons is-content-justification-center is-layout-flex wp-container-core-buttons-is-layout-16018d1d wp-block-buttons-is-layout-flex\">\n<div class=\"wp-block-button is-style-outline is-style-outline--1\"><a class=\"wp-block-button__link has-small-font-size has-custom-font-size wp-element-button\" href=\"https:\/\/revistapontica.com\/wp-content\/uploads\/2026\/04\/648-Pontica-26-1993.pdf\" style=\"border-top-left-radius:0px;border-top-right-radius:0px;border-bottom-left-radius:0px;border-bottom-right-radius:0px\"><strong>OPEN PONTICA NO. 26 \u2013 FULL VARIANT IN .PDF FORMAT<\/strong> (78 Mb)<\/a><\/div>\n<\/div>\n\n\n\n<div style=\"height:50px\" aria-hidden=\"true\" class=\"wp-block-spacer\"><\/div>\n\n\n\n<p class=\"has-text-align-center\"><strong>SUMMARY<\/strong><br>&#8211;<a href=\"https:\/\/revistapontica.com\/wp-content\/uploads\/2026\/04\/648-1-Pontica-26-1993-Sumar.pdf\" data-type=\"link\" data-id=\"https:\/\/revistapontica.com\/wp-content\/uploads\/2026\/04\/648-1-Pontica-26-1993-Sumar.pdf\">view the PDF version<\/a>&#8211;<\/p>\n\n\n\n<hr class=\"wp-block-separator has-alpha-channel-opacity\"\/>\n\n\n\n<p class=\"has-text-align-center\"><strong>Lista abrevierilor<\/strong><br>&#8211;<a href=\"https:\/\/revistapontica.com\/wp-content\/uploads\/2026\/04\/648-2-Pontica-26-1993-Lista-prescurtarilor.pdf\" data-type=\"link\" data-id=\"https:\/\/revistapontica.com\/wp-content\/uploads\/2026\/04\/648-2-Pontica-26-1993-Lista-prescurtarilor.pdf\">view the PDF version<\/a>&#8211;<\/p>\n\n\n\n<hr class=\"wp-block-separator has-alpha-channel-opacity\"\/>\n\n\n\n<details class=\"wp-block-details is-layout-flow wp-block-details-is-layout-flow\"><summary>Les sites submerg\u00e9s le long du Pont Ouest dans le contexte de l\u2019histoire pontique et m\u00e9diterran\u00e9enne<\/summary>\n<p><\/p>\n<\/details>\n\n\n\n<p class=\"has-text-align-center\"><strong><strong><strong><strong>MIHAIL LAZAROV<\/strong><\/strong><\/strong><\/strong><br>&#8211;<a href=\"https:\/\/revistapontica.com\/wp-content\/uploads\/2026\/04\/649-Pontica-26-1993-MIHAIL-LAZAROV-\u2013-Les-sites-submerges-le-long-du-Pont-Ouest-dans-le-contexte-de-lhistoire-pontique-et-mediterraneenne.pdf\" data-type=\"link\" data-id=\"https:\/\/revistapontica.com\/wp-content\/uploads\/2026\/04\/649-Pontica-26-1993-MIHAIL-LAZAROV-\u2013-Les-sites-submerges-le-long-du-Pont-Ouest-dans-le-contexte-de-lhistoire-pontique-et-mediterraneenne.pdf\">view the PDF version<\/a>&#8211;<\/p>\n\n\n\n<hr class=\"wp-block-separator has-alpha-channel-opacity\"\/>\n\n\n\n<details class=\"wp-block-details is-layout-flow wp-block-details-is-layout-flow\"><summary>\u00c0 la question de la localisation et des \u00e9tudes des sites submerg\u00e9s dans les lacs de Varna<\/summary>\n<p><\/p>\n<\/details>\n\n\n\n<p class=\"has-text-align-center\"><strong><strong><strong>IVAN SIM. IVANOV<\/strong><\/strong><\/strong><br>&#8211;<a href=\"https:\/\/revistapontica.com\/wp-content\/uploads\/2026\/04\/650-Pontica-26-1993-IVAN-SIM.-IVANOV-\u2013-A-la-question-de-la-localisation-et-des-etudes-des-sites-submerges-dans-les-lacs-de-Varna.pdf\" data-type=\"link\" data-id=\"https:\/\/revistapontica.com\/wp-content\/uploads\/2026\/04\/650-Pontica-26-1993-IVAN-SIM.-IVANOV-\u2013-A-la-question-de-la-localisation-et-des-etudes-des-sites-submerges-dans-les-lacs-de-Varna.pdf\">view the PDF version<\/a>&#8211;<\/p>\n\n\n\n<hr class=\"wp-block-separator has-alpha-channel-opacity\"\/>\n\n\n\n<details class=\"wp-block-details is-layout-flow wp-block-details-is-layout-flow\"><summary>Considera\u0163ii privind originea, difuziunea \u015fi cronologia culturii Hamangia<\/summary>\n<p><\/p>\n<\/details>\n\n\n\n<p class=\"has-text-align-center\"><strong><strong><strong>PUIU HA\u015eOTTI<\/strong><\/strong><\/strong><br>&#8211;<a href=\"https:\/\/revistapontica.com\/wp-content\/uploads\/2026\/04\/651-Pontica-26-1993-PUIU-HASOTTI-\u2013-Consideratii-privind-originea-difuziunea-si-cronologia-culturii-Hamangia.pdf\" data-type=\"link\" data-id=\"https:\/\/revistapontica.com\/wp-content\/uploads\/2026\/04\/651-Pontica-26-1993-PUIU-HASOTTI-\u2013-Consideratii-privind-originea-difuziunea-si-cronologia-culturii-Hamangia.pdf\">view the PDF version<\/a>&#8211;<\/p>\n\n\n\n<hr class=\"wp-block-separator has-alpha-channel-opacity\"\/>\n\n\n\n<details class=\"wp-block-details is-layout-flow wp-block-details-is-layout-flow\"><summary>Observa\u0163ii pe marginea bronzului t\u00e2rziu din sud-estul Rom\u00e2niei<\/summary>\n<p><\/p>\n<\/details>\n\n\n\n<p class=\"has-text-align-center\"><strong><strong><strong>MIRCEA MUNTEANU<\/strong><\/strong><\/strong><br>&#8211;<a href=\"https:\/\/revistapontica.com\/wp-content\/uploads\/2026\/04\/652-Pontica-26-1993-MIRCEA-MUNTEANU-\u2013-Observatii-pe-marginea-bronzului-tarziu-din-sud-estul-Romaniei.pdf\" data-type=\"link\" data-id=\"https:\/\/revistapontica.com\/wp-content\/uploads\/2026\/04\/652-Pontica-26-1993-MIRCEA-MUNTEANU-\u2013-Observatii-pe-marginea-bronzului-tarziu-din-sud-estul-Romaniei.pdf\">view the PDF version<\/a>&#8211;<\/p>\n\n\n\n<hr class=\"wp-block-separator has-alpha-channel-opacity\"\/>\n\n\n\n<details class=\"wp-block-details is-layout-flow wp-block-details-is-layout-flow\"><summary>Descoperiri hallstattiene \u00een zona davei getice de la Satu Nou, com Oltina, jud. Constan\u0163a<\/summary>\n<p><\/p>\n<\/details>\n\n\n\n<p class=\"has-text-align-center\"><strong><strong>MIHAI IRIMIA, NICULAE CONOVICI<\/strong><\/strong><br>&#8211;<a href=\"https:\/\/revistapontica.com\/wp-content\/uploads\/2026\/04\/653-Pontica-26-1993-MIHAI-IRIMIA-NICULAE-CONOVICI-\u2013-Descoperiri-hallstattiene-in-zona-davei-getice-de-la-Satu-Nou-com-Oltina-jud.-Constanta.pdf\" data-type=\"link\" data-id=\"https:\/\/revistapontica.com\/wp-content\/uploads\/2026\/04\/653-Pontica-26-1993-MIHAI-IRIMIA-NICULAE-CONOVICI-\u2013-Descoperiri-hallstattiene-in-zona-davei-getice-de-la-Satu-Nou-com-Oltina-jud.-Constanta.pdf\">view the PDF version<\/a>&#8211;<\/p>\n\n\n\n<hr class=\"wp-block-separator has-alpha-channel-opacity\"\/>\n\n\n\n<details class=\"wp-block-details is-layout-flow wp-block-details-is-layout-flow\"><summary>Stadiul actual al cercet\u0103rilor privind popula\u0163ia autohton\u0103 a Dobrogei \u00een secolele VIII-VII \u00ee. Chr<\/summary>\n<p><\/p>\n<\/details>\n\n\n\n<p class=\"has-text-align-center\"><strong><strong>GABRIEL JUG\u0102NARU<\/strong><\/strong><br>&#8211;<a href=\"https:\/\/revistapontica.com\/wp-content\/uploads\/2026\/04\/654-Pontica-26-1993-GABRIEL-JUGANARU-\u2013-Stadiul-actual-al-cercetarilor-privind-populatia-autohtona-a-Dobrogei-in-secolele-VIII-VII-i.-Chr.pdf\" data-type=\"link\" data-id=\"https:\/\/revistapontica.com\/wp-content\/uploads\/2026\/04\/654-Pontica-26-1993-GABRIEL-JUGANARU-\u2013-Stadiul-actual-al-cercetarilor-privind-populatia-autohtona-a-Dobrogei-in-secolele-VIII-VII-i.-Chr.pdf\">view the PDF version<\/a>&#8211;<\/p>\n\n\n\n<hr class=\"wp-block-separator has-alpha-channel-opacity\"\/>\n\n\n\n<details class=\"wp-block-details is-layout-flow wp-block-details-is-layout-flow\"><summary> Observa\u0163ii privind a\u015fezarea greco-autohton\u0103 de la Albe\u015fti (jud. Constan\u0163a)<\/summary>\n<p><\/p>\n<\/details>\n\n\n\n<p class=\"has-text-align-center\"><strong><strong>ADRIAN R\u0102DULESCU, MARIA B\u0102RBULESCU, LIVIA BUZOIANU, NICOLAE CHELU\u0162\u0102-GEORGESC<\/strong>U<\/strong><br>&#8211;<a href=\"https:\/\/revistapontica.com\/wp-content\/uploads\/2026\/04\/655-Pontica-26-1993-ADRIAN-RADULESCU-MARIA-BARBULESCU-LIVIA-BUZOIANU-NICOLAE-CHELUTA-GEORGESCU-\u2013-Observatii-privind-asezarea-greco-autohtona-de-la-Albesti-jud.-Constanta.pdf\" data-type=\"link\" data-id=\"https:\/\/revistapontica.com\/wp-content\/uploads\/2026\/04\/655-Pontica-26-1993-ADRIAN-RADULESCU-MARIA-BARBULESCU-LIVIA-BUZOIANU-NICOLAE-CHELUTA-GEORGESCU-\u2013-Observatii-privind-asezarea-greco-autohtona-de-la-Albesti-jud.-Constanta.pdf\">view the PDF version<\/a>&#8211;<\/p>\n\n\n\n<hr class=\"wp-block-separator has-alpha-channel-opacity\"\/>\n\n\n\n<details class=\"wp-block-details is-layout-flow wp-block-details-is-layout-flow\"><summary>Pour une chronologie de la c\u00e9ramique attique du nord de la Dobroudja (IVe-IIIe si\u00e8cles av. J. Chr.)<\/summary>\n<p><\/p>\n<\/details>\n\n\n\n<p class=\"has-text-align-center\"><strong><strong>VASILICA LUNGU<\/strong><\/strong><br>&#8211;<a href=\"https:\/\/revistapontica.com\/wp-content\/uploads\/2026\/04\/656-Pontica-26-1993-VASILICA-LUNGU-\u2013-Pour-une-chronologie-de-la-ceramique-attique-du-nord-de-la-Dobroudja-IVe-IIIe-siecles-av.-J.-Chr.pdf\" data-type=\"link\" data-id=\"https:\/\/revistapontica.com\/wp-content\/uploads\/2026\/04\/656-Pontica-26-1993-VASILICA-LUNGU-\u2013-Pour-une-chronologie-de-la-ceramique-attique-du-nord-de-la-Dobroudja-IVe-IIIe-siecles-av.-J.-Chr.pdf\">view the PDF version<\/a>&#8211;<\/p>\n\n\n\n<hr class=\"wp-block-separator has-alpha-channel-opacity\"\/>\n\n\n\n<details class=\"wp-block-details is-layout-flow wp-block-details-is-layout-flow\"><summary>\u03a0\u03c1\u03c9 \u03c4\u03bf\u03c2 \u03c0\u03bf\u03bd\u03c4\u03ac\u03c1\u03c7\u03b7\u03c2<\/summary>\n<p><\/p>\n<\/details>\n\n\n\n<p class=\"has-text-align-center\"><strong><strong>MARIA MUSIELAK<\/strong><\/strong><br>&#8211;<a href=\"https:\/\/revistapontica.com\/wp-content\/uploads\/2026\/04\/657-Pontica-26-1993-MARIA-MUSIELAK-\u2013-\u03a0\u03c1\u03c9-\u03c4\u03bf\u03c2-\u03c0\u03bf\u03bd\u03c4\u03ac\u03c1\u03c7\u03b7\u03c2.pdf\" data-type=\"link\" data-id=\"https:\/\/revistapontica.com\/wp-content\/uploads\/2026\/04\/657-Pontica-26-1993-MARIA-MUSIELAK-\u2013-\u03a0\u03c1\u03c9-\u03c4\u03bf\u03c2-\u03c0\u03bf\u03bd\u03c4\u03ac\u03c1\u03c7\u03b7\u03c2.pdf\">view the PDF version<\/a>&#8211;<\/p>\n\n\n\n<hr class=\"wp-block-separator has-alpha-channel-opacity\"\/>\n\n\n\n<details class=\"wp-block-details is-layout-flow wp-block-details-is-layout-flow\"><summary>Un nou guvernator al provinciei Moesia Inferior &#8211; Sallius Aristaenetus<\/summary>\n<p><\/p>\n<\/details>\n\n\n\n<p class=\"has-text-align-center\"><strong><strong>MARIA B\u0102RBULESCU, ADRIAN R\u0102DULESCU<\/strong><\/strong><br>&#8211;<a href=\"https:\/\/revistapontica.com\/wp-content\/uploads\/2026\/04\/658-Pontica-26-1993-MARIA-BARBULESCU-ADRIAN-RADULESCU-\u2013-Un-nou-guvernator-al-provinciei-Moesia-Inferior-Sallius-Aristaenetus.pdf\" data-type=\"link\" data-id=\"https:\/\/revistapontica.com\/wp-content\/uploads\/2026\/04\/658-Pontica-26-1993-MARIA-BARBULESCU-ADRIAN-RADULESCU-\u2013-Un-nou-guvernator-al-provinciei-Moesia-Inferior-Sallius-Aristaenetus.pdf\">view the PDF version<\/a>&#8211;<\/p>\n\n\n\n<hr class=\"wp-block-separator has-alpha-channel-opacity\"\/>\n\n\n\n<details class=\"wp-block-details is-layout-flow wp-block-details-is-layout-flow\"><summary>Cavou din secolul IV d. Chr. descoperit \u00een necropola de vest a Tomisului<\/summary>\n<p><\/p>\n<\/details>\n\n\n\n<p class=\"has-text-align-center\"><strong><strong>MIHAI BUCOVAL\u0102<\/strong><\/strong><br>&#8211;<a href=\"https:\/\/revistapontica.com\/wp-content\/uploads\/2026\/04\/659-Pontica-26-1993-MIHAI-BUCOVALA-\u2013-Cavou-din-secolul-IV-d.-Chr.-descoperit-in-necropola-de-vest-a-Tomisului.pdf\" data-type=\"link\" data-id=\"https:\/\/revistapontica.com\/wp-content\/uploads\/2026\/04\/659-Pontica-26-1993-MIHAI-BUCOVALA-\u2013-Cavou-din-secolul-IV-d.-Chr.-descoperit-in-necropola-de-vest-a-Tomisului.pdf\">view the PDF version<\/a>&#8211;<\/p>\n\n\n\n<hr class=\"wp-block-separator has-alpha-channel-opacity\"\/>\n\n\n\n<details class=\"wp-block-details is-layout-flow wp-block-details-is-layout-flow\"><summary>Despre topografia anticului Carsium<\/summary>\n<p><\/p>\n<\/details>\n\n\n\n<p class=\"has-text-align-center\"><strong><strong>CONSTANTIN NICOLAE<\/strong><\/strong><br>&#8211;<a href=\"https:\/\/revistapontica.com\/wp-content\/uploads\/2026\/04\/660-Pontica-26-1993-CONSTANTIN-NICOLAE-\u2013-Despre-topografia-anticului-Carsium.pdf\" data-type=\"link\" data-id=\"https:\/\/revistapontica.com\/wp-content\/uploads\/2026\/04\/660-Pontica-26-1993-CONSTANTIN-NICOLAE-\u2013-Despre-topografia-anticului-Carsium.pdf\">view the PDF version<\/a>&#8211;<\/p>\n\n\n\n<hr class=\"wp-block-separator has-alpha-channel-opacity\"\/>\n\n\n\n<details class=\"wp-block-details is-layout-flow wp-block-details-is-layout-flow\"><summary>C\u00e9ramique \u00e0 gla\u00e7ure plombiph\u00e8re de Durostorum<\/summary>\n<p><\/p>\n<\/details>\n\n\n\n<p class=\"has-text-align-center\"><strong><strong>CRI\u015eAN MU\u015eE\u0162EANU<\/strong><br><\/strong>&#8211;<a href=\"https:\/\/revistapontica.com\/wp-content\/uploads\/2026\/04\/661-Pontica-26-1993-CRISAN-MUSETEANU-\u2013-Ceramique-a-glacure-plombiphere-de-Durostorum.pdf\" data-type=\"link\" data-id=\"https:\/\/revistapontica.com\/wp-content\/uploads\/2026\/04\/661-Pontica-26-1993-CRISAN-MUSETEANU-\u2013-Ceramique-a-glacure-plombiphere-de-Durostorum.pdf\">view the PDF version<\/a>&#8211;<\/p>\n\n\n\n<hr class=\"wp-block-separator has-alpha-channel-opacity\"\/>\n\n\n\n<details class=\"wp-block-details is-layout-flow wp-block-details-is-layout-flow\"><summary>C\u00e2teva observa\u0163ii pe marginea unor opai\u0163e descoperite \u00een sectorul V al Capidavei<\/summary>\n<p><\/p>\n<\/details>\n\n\n\n<p class=\"has-text-align-center\"><strong><strong>ZAHARIA COVACEF<\/strong><\/strong><br>&#8211;<a href=\"https:\/\/revistapontica.com\/wp-content\/uploads\/2026\/04\/662-Pontica-26-1993-ZAHARIA-COVACEF-\u2013-Cateva-observatii-pe-marginea-unor-opaite-descoperite-in-sectorul-V-al-Capidavei.pdf\" data-type=\"link\" data-id=\"https:\/\/revistapontica.com\/wp-content\/uploads\/2026\/04\/662-Pontica-26-1993-ZAHARIA-COVACEF-\u2013-Cateva-observatii-pe-marginea-unor-opaite-descoperite-in-sectorul-V-al-Capidavei.pdf\">view the PDF version<\/a>&#8211;<\/p>\n\n\n\n<hr class=\"wp-block-separator has-alpha-channel-opacity\"\/>\n\n\n\n<details class=\"wp-block-details is-layout-flow wp-block-details-is-layout-flow\"><summary>The coinage of Histria for Septimius Severus and his family<\/summary>\n<p><\/p>\n<\/details>\n\n\n\n<p class=\"has-text-align-center\"><strong>DILYANA BOTEVA<br><\/strong>&#8211;<a href=\"https:\/\/revistapontica.com\/wp-content\/uploads\/2026\/04\/663-Pontica-26-1993-DILYANA-BOTEVA-\u2013-The-coinage-of-Histria-for-Septimius-Severus-and-his-family.pdf\" data-type=\"link\" data-id=\"https:\/\/revistapontica.com\/wp-content\/uploads\/2026\/04\/663-Pontica-26-1993-DILYANA-BOTEVA-\u2013-The-coinage-of-Histria-for-Septimius-Severus-and-his-family.pdf\">view the PDF version<\/a>&#8211;<\/p>\n\n\n\n<hr class=\"wp-block-separator has-alpha-channel-opacity\"\/>\n\n\n\n<details class=\"wp-block-details is-layout-flow wp-block-details-is-layout-flow\"><summary>Noi descoperiri monetare de la Isaccea (sec. XI)<\/summary>\n<p><\/p>\n<\/details>\n\n\n\n<p class=\"has-text-align-center\"><strong><strong>GABRIEL CUSTUREA<\/strong><\/strong><br>&#8211;<a href=\"https:\/\/revistapontica.com\/wp-content\/uploads\/2026\/04\/664-Pontica-26-1993-GABRIEL-CUSTUREA-\u2013-Noi-descoperiri-monetare-de-la-Isaccea-sec.-XI.pdf\" data-type=\"link\" data-id=\"https:\/\/revistapontica.com\/wp-content\/uploads\/2026\/04\/664-Pontica-26-1993-GABRIEL-CUSTUREA-\u2013-Noi-descoperiri-monetare-de-la-Isaccea-sec.-XI.pdf\">view the PDF version<\/a>&#8211;<\/p>\n\n\n\n<hr class=\"wp-block-separator has-alpha-channel-opacity\"\/>\n\n\n\n<details class=\"wp-block-details is-layout-flow wp-block-details-is-layout-flow\"><summary>Cronica descoperirilor monetare din jude\u0163ul Tulcea (V)<\/summary>\n<p><\/p>\n<\/details>\n\n\n\n<p class=\"has-text-align-center\"><strong><strong>GH. M\u0102NUCU-ADAME\u015eTEANU<\/strong><\/strong><br>&#8211;<a href=\"https:\/\/revistapontica.com\/wp-content\/uploads\/2026\/04\/665-Pontica-26-1993-GH.-MANUCU-ADAMESTEANU-\u2013-Cronica-descoperirilor-monetare-din-judetul-Tulcea-V.pdf\" data-type=\"link\" data-id=\"https:\/\/revistapontica.com\/wp-content\/uploads\/2026\/04\/665-Pontica-26-1993-GH.-MANUCU-ADAMESTEANU-\u2013-Cronica-descoperirilor-monetare-din-judetul-Tulcea-V.pdf\">view the PDF version<\/a>&#8211;<\/p>\n\n\n\n<hr class=\"wp-block-separator has-alpha-channel-opacity\"\/>\n\n\n\n<details class=\"wp-block-details is-layout-flow wp-block-details-is-layout-flow\"><summary>Catalogul medaliilor rom\u00e2ne\u015fti din colec\u0163ia Muzeului de Istorie Na\u0163ional\u0103 \u015fi Arheologie Constan\u0163a (1859-1940)<\/summary>\n<p><\/p>\n<\/details>\n\n\n\n<p class=\"has-text-align-center\"><strong><strong>MARIANA B\u0102L\u0102B\u0102NESCU, GABRIEL CUSTUREA<\/strong><\/strong><br>&#8211;<a href=\"https:\/\/revistapontica.com\/wp-content\/uploads\/2026\/04\/666-Pontica-26-1993-MARIANA-BALABANESCU-GABRIEL-CUSTUREA-\u2013-Catalogul-medaliilor-romanesti-din-colectia-Muzeului-de-Istorie-Nationala-si-Arheologie-Constanta-1859-1940.pdf\" data-type=\"link\" data-id=\"https:\/\/revistapontica.com\/wp-content\/uploads\/2026\/04\/666-Pontica-26-1993-MARIANA-BALABANESCU-GABRIEL-CUSTUREA-\u2013-Catalogul-medaliilor-romanesti-din-colectia-Muzeului-de-Istorie-Nationala-si-Arheologie-Constanta-1859-1940.pdf\">view the PDF version<\/a>&#8211;<\/p>\n\n\n\n<hr class=\"wp-block-separator has-alpha-channel-opacity\"\/>\n\n\n\n<details class=\"wp-block-details is-layout-flow wp-block-details-is-layout-flow\"><summary>Participarea la s\u0103p\u0103turile arheologice de la Stillfried (Austria)<\/summary>\n<p><\/p>\n<\/details>\n\n\n\n<p class=\"has-text-align-center\"><strong><strong>MIHAI IRIMIA<\/strong><\/strong><br>&#8211;<a href=\"https:\/\/revistapontica.com\/wp-content\/uploads\/2026\/04\/667-Pontica-26-1993-MIHAI-IRIMIA-\u2013-Participarea-la-sapaturile-arheologice-de-la-Stillfried-Austria.pdf\" data-type=\"link\" data-id=\"https:\/\/revistapontica.com\/wp-content\/uploads\/2026\/04\/667-Pontica-26-1993-MIHAI-IRIMIA-\u2013-Participarea-la-sapaturile-arheologice-de-la-Stillfried-Austria.pdf\">view the PDF version<\/a>&#8211;<\/p>","protected":false},"excerpt":{"rendered":"<p>SUMAR&#8211;deschide varianta PDF&#8211; Lista abrevierilor&#8211;deschide varianta PDF&#8211; MIHAIL LAZAROV&#8211;deschide varianta PDF&#8211; IVAN SIM. IVANOV&#8211;deschide varianta PDF&#8211; PUIU HA\u015eOTTI&#8211;deschide varianta PDF&#8211; MIRCEA MUNTEANU&#8211;deschide varianta PDF&#8211; MIHAI IRIMIA, NICULAE CONOVICI&#8211;deschide varianta PDF&#8211; GABRIEL JUG\u0102NARU&#8211;deschide varianta PDF&#8211; ADRIAN R\u0102DULESCU, MARIA B\u0102RBULESCU, LIVIA BUZOIANU, NICOLAE CHELU\u0162\u0102-GEORGESCU&#8211;deschide varianta PDF&#8211; VASILICA LUNGU&#8211;deschide varianta PDF&#8211; MARIA MUSIELAK&#8211;deschide varianta PDF&#8211; MARIA B\u0102RBULESCU, ADRIAN [&hellip;]<\/p>\n","protected":false},"author":2,"featured_media":0,"comment_status":"closed","ping_status":"closed","sticky":false,"template":"","format":"standard","meta":{"footnotes":""},"categories":[18],"tags":[],"class_list":["post-1477","post","type-post","status-publish","format-standard","hentry","category-revista"],"_links":{"self":[{"href":"https:\/\/revistapontica.com\/en\/wp-json\/wp\/v2\/posts\/1477","targetHints":{"allow":["GET"]}}],"collection":[{"href":"https:\/\/revistapontica.com\/en\/wp-json\/wp\/v2\/posts"}],"about":[{"href":"https:\/\/revistapontica.com\/en\/wp-json\/wp\/v2\/types\/post"}],"author":[{"embeddable":true,"href":"https:\/\/revistapontica.com\/en\/wp-json\/wp\/v2\/users\/2"}],"replies":[{"embeddable":true,"href":"https:\/\/revistapontica.com\/en\/wp-json\/wp\/v2\/comments?post=1477"}],"version-history":[{"count":5,"href":"https:\/\/revistapontica.com\/en\/wp-json\/wp\/v2\/posts\/1477\/revisions"}],"predecessor-version":[{"id":2382,"href":"https:\/\/revistapontica.com\/en\/wp-json\/wp\/v2\/posts\/1477\/revisions\/2382"}],"wp:attachment":[{"href":"https:\/\/revistapontica.com\/en\/wp-json\/wp\/v2\/media?parent=1477"}],"wp:term":[{"taxonomy":"category","embeddable":true,"href":"https:\/\/revistapontica.com\/en\/wp-json\/wp\/v2\/categories?post=1477"},{"taxonomy":"post_tag","embeddable":true,"href":"https:\/\/revistapontica.com\/en\/wp-json\/wp\/v2\/tags?post=1477"}],"curies":[{"name":"wp","href":"https:\/\/api.w.org\/{rel}","templated":true}]}}