{"id":1479,"date":"2026-04-26T15:19:52","date_gmt":"2026-04-26T12:19:52","guid":{"rendered":"https:\/\/revistapontica.com\/?p=1479"},"modified":"2026-04-29T22:54:16","modified_gmt":"2026-04-29T19:54:16","slug":"pontica-nr-25-1992","status":"publish","type":"post","link":"https:\/\/revistapontica.com\/en\/pontica-nr-25-1992\/","title":{"rendered":"Pontica Nr. 25 (1992)"},"content":{"rendered":"<div class=\"wp-block-image\">\n<figure class=\"aligncenter size-large is-resized\"><img fetchpriority=\"high\" decoding=\"async\" width=\"683\" height=\"1024\" src=\"https:\/\/revistapontica.com\/wp-content\/uploads\/2026\/04\/pontica-25-683x1024.jpg\" alt=\"\" class=\"wp-image-1551\" style=\"width:548px;height:auto\" srcset=\"https:\/\/revistapontica.com\/wp-content\/uploads\/2026\/04\/pontica-25-683x1024.jpg 683w, https:\/\/revistapontica.com\/wp-content\/uploads\/2026\/04\/pontica-25-200x300.jpg 200w, https:\/\/revistapontica.com\/wp-content\/uploads\/2026\/04\/pontica-25-768x1152.jpg 768w, https:\/\/revistapontica.com\/wp-content\/uploads\/2026\/04\/pontica-25-8x12.jpg 8w, https:\/\/revistapontica.com\/wp-content\/uploads\/2026\/04\/pontica-25.jpg 800w\" sizes=\"(max-width: 683px) 100vw, 683px\" \/><\/figure>\n<\/div>\n\n\n<div style=\"height:50px\" aria-hidden=\"true\" class=\"wp-block-spacer\"><\/div>\n\n\n\n<div class=\"wp-block-buttons is-content-justification-center is-layout-flex wp-container-core-buttons-is-layout-16018d1d wp-block-buttons-is-layout-flex\">\n<div class=\"wp-block-button is-style-outline is-style-outline--1\"><a class=\"wp-block-button__link has-small-font-size has-custom-font-size wp-element-button\" href=\"https:\/\/revistapontica.com\/wp-content\/uploads\/2026\/04\/624-pontica-25-1992.pdf\" style=\"border-top-left-radius:0px;border-top-right-radius:0px;border-bottom-left-radius:0px;border-bottom-right-radius:0px\"><strong>OPEN PONTICA NO. 25 \u2013 FULL VARIANT IN .PDF FORMAT<\/strong> (103 Mb)<\/a><\/div>\n<\/div>\n\n\n\n<div style=\"height:50px\" aria-hidden=\"true\" class=\"wp-block-spacer\"><\/div>\n\n\n\n<p class=\"has-text-align-center\"><strong>SUMMARY<\/strong><br>&#8211;<a href=\"https:\/\/revistapontica.com\/wp-content\/uploads\/2026\/04\/624-1-Pontica-25-1992-Sumar.pdf\" data-type=\"link\" data-id=\"https:\/\/revistapontica.com\/wp-content\/uploads\/2026\/04\/624-1-Pontica-25-1992-Sumar.pdf\">view the PDF version<\/a>&#8211;<\/p>\n\n\n\n<hr class=\"wp-block-separator has-alpha-channel-opacity\"\/>\n\n\n\n<details class=\"wp-block-details is-layout-flow wp-block-details-is-layout-flow\"><summary>Un profil aniversar &#8211; Adrian R\u0103dulescu la 60 de ani<\/summary>\n<p><\/p>\n<\/details>\n\n\n\n<p class=\"has-text-align-center\"><strong><strong><strong><strong>MIHAI IRIMIA<\/strong><\/strong><\/strong><\/strong><br>&#8211;<a href=\"https:\/\/revistapontica.com\/wp-content\/uploads\/2026\/04\/625-Pontica-25-1992-MIHAI-IRIMIA-\u2013-Un-profil-aniversar-Adrian-Radulescu-la-60-de-ani.pdf\" data-type=\"link\" data-id=\"https:\/\/revistapontica.com\/wp-content\/uploads\/2026\/04\/625-Pontica-25-1992-MIHAI-IRIMIA-\u2013-Un-profil-aniversar-Adrian-Radulescu-la-60-de-ani.pdf\">view the PDF version<\/a>&#8211;<\/p>\n\n\n\n<hr class=\"wp-block-separator has-alpha-channel-opacity\"\/>\n\n\n\n<details class=\"wp-block-details is-layout-flow wp-block-details-is-layout-flow\"><summary>Cultura Cernavod\u0103 I \u00een contextul descoperirilor de la H\u00e2r\u015fova<\/summary>\n<p><\/p>\n<\/details>\n\n\n\n<p class=\"has-text-align-center\"><strong><strong><strong>PUIU HASOTTI, DRAGOMIR POPOVICI<\/strong><\/strong><\/strong><br>&#8211;<a href=\"https:\/\/revistapontica.com\/wp-content\/uploads\/2026\/04\/626-Pontica-25-1992-PUIU-HASOTTI-DRAGOMIR-POPOVICI-\u2013-Cultura-Cernavoda-I-in-contextul-descoperirilor-de-la-Harsova.pdf\" data-type=\"link\" data-id=\"https:\/\/revistapontica.com\/wp-content\/uploads\/2026\/04\/626-Pontica-25-1992-PUIU-HASOTTI-DRAGOMIR-POPOVICI-\u2013-Cultura-Cernavoda-I-in-contextul-descoperirilor-de-la-Harsova.pdf\">view the PDF version<\/a>&#8211;<\/p>\n\n\n\n<hr class=\"wp-block-separator has-alpha-channel-opacity\"\/>\n\n\n\n<details class=\"wp-block-details is-layout-flow wp-block-details-is-layout-flow\"><summary>Un probl\u00e8me controvers\u00e9 &#8211; l\u2019exp\u00e9dition de P\u00e9ricles dans le Pont Euxin<\/summary>\n<p><\/p>\n<\/details>\n\n\n\n<p class=\"has-text-align-center\"><strong><strong><strong>MIRCEA ANGELESCU<\/strong><\/strong><\/strong><br>&#8211;<a href=\"https:\/\/revistapontica.com\/wp-content\/uploads\/2026\/04\/627-Pontica-25-1992-MIRCEA-ANGELESCU-\u2013-Un-probleme-controverse-lexpedition-de-Pericles-dans-le-Pont-Euxin.pdf\" data-type=\"link\" data-id=\"https:\/\/revistapontica.com\/wp-content\/uploads\/2026\/04\/627-Pontica-25-1992-MIRCEA-ANGELESCU-\u2013-Un-probleme-controverse-lexpedition-de-Pericles-dans-le-Pont-Euxin.pdf\">view the PDF version<\/a>&#8211;<\/p>\n\n\n\n<hr class=\"wp-block-separator has-alpha-channel-opacity\"\/>\n\n\n\n<details class=\"wp-block-details is-layout-flow wp-block-details-is-layout-flow\"><summary>Orgam\u00e9 polis<\/summary>\n<p><\/p>\n<\/details>\n\n\n\n<p class=\"has-text-align-center\"><strong><strong><strong>MIHAELA MANUCU-ADAME\u015eTEANU<\/strong><\/strong><\/strong><br>&#8211;<a href=\"https:\/\/revistapontica.com\/wp-content\/uploads\/2026\/04\/628-Pontica-25-1992-MIHAELA-MANUCU-ADAMESTEANU-\u2013-Orgame-polis.pdf\" data-type=\"link\" data-id=\"https:\/\/revistapontica.com\/wp-content\/uploads\/2026\/04\/628-Pontica-25-1992-MIHAELA-MANUCU-ADAMESTEANU-\u2013-Orgame-polis.pdf\">view the PDF version<\/a>&#8211;<\/p>\n\n\n\n<hr class=\"wp-block-separator has-alpha-channel-opacity\"\/>\n\n\n\n<details class=\"wp-block-details is-layout-flow wp-block-details-is-layout-flow\"><summary>Circula\u0163ia amforelor \u015ftampilate \u00een zona Capul Dolojman<\/summary>\n<p><\/p>\n<\/details>\n\n\n\n<p class=\"has-text-align-center\"><strong><strong>VASILICA LUNGU<\/strong><\/strong><br>&#8211;<a href=\"https:\/\/revistapontica.com\/wp-content\/uploads\/2026\/04\/629-Pontica-25-1992-VASILICA-LUNGU-\u2013-Circulatia-amforelor-stampilate-in-zona-Capul-Dolojman.pdf\" data-type=\"link\" data-id=\"https:\/\/revistapontica.com\/wp-content\/uploads\/2026\/04\/629-Pontica-25-1992-VASILICA-LUNGU-\u2013-Circulatia-amforelor-stampilate-in-zona-Capul-Dolojman.pdf\">view the PDF version<\/a>&#8211;<\/p>\n\n\n\n<hr class=\"wp-block-separator has-alpha-channel-opacity\"\/>\n\n\n\n<details class=\"wp-block-details is-layout-flow wp-block-details-is-layout-flow\"><summary>Importuri amforice la Tomis \u00een perioada elenistic\u0103<\/summary>\n<p><\/p>\n<\/details>\n\n\n\n<p class=\"has-text-align-center\"><strong><strong>LIVIA BUZOIANU<\/strong><\/strong><br>&#8211;<a href=\"https:\/\/revistapontica.com\/wp-content\/uploads\/2026\/04\/630-Pontica-25-1992-LIVIA-BUZOIANU-\u2013-Importuri-amforice-la-Tomis-in-perioada-elenistica.pdf\" data-type=\"link\" data-id=\"https:\/\/revistapontica.com\/wp-content\/uploads\/2026\/04\/630-Pontica-25-1992-LIVIA-BUZOIANU-\u2013-Importuri-amforice-la-Tomis-in-perioada-elenistica.pdf\">view the PDF version<\/a>&#8211;<\/p>\n\n\n\n<hr class=\"wp-block-separator has-alpha-channel-opacity\"\/>\n\n\n\n<details class=\"wp-block-details is-layout-flow wp-block-details-is-layout-flow\"><summary>Inscrip\u0163ii inedite de la Callatis aflate \u00een colec\u0163iile Muzeului de istorie na\u0163ional\u0103 \u015fi arheologie din Constan\u0163a<\/summary>\n<p><\/p>\n<\/details>\n\n\n\n<p class=\"has-text-align-center\"><strong><strong>ALEXANDRU AVRAM, MARIA B\u0102RBULESCU<\/strong><\/strong><br>&#8211;<a href=\"https:\/\/revistapontica.com\/wp-content\/uploads\/2026\/04\/631-Pontica-25-1992-ALEXANDRU-AVRAM-MARIA-BARBULESCU-\u2013-Inscriptii-inedite-de-la-Callatis-aflate-in-colectiile-Muzeului-de-istorie-nationala-si-arheologie-din-Constanta.pdf\" data-type=\"link\" data-id=\"https:\/\/revistapontica.com\/wp-content\/uploads\/2026\/04\/631-Pontica-25-1992-ALEXANDRU-AVRAM-MARIA-BARBULESCU-\u2013-Inscriptii-inedite-de-la-Callatis-aflate-in-colectiile-Muzeului-de-istorie-nationala-si-arheologie-din-Constanta.pdf\">view the PDF version<\/a>&#8211;<\/p>\n\n\n\n<hr class=\"wp-block-separator has-alpha-channel-opacity\"\/>\n\n\n\n<details class=\"wp-block-details is-layout-flow wp-block-details-is-layout-flow\"><summary>Activitatea sculptural\u0103 la Tomis \u00een sec. I-III p.Chr<\/summary>\n<p><\/p>\n<\/details>\n\n\n\n<p class=\"has-text-align-center\"><strong><strong>ZAHARIA COVACEF<\/strong><\/strong><br>&#8211;<a href=\"https:\/\/revistapontica.com\/wp-content\/uploads\/2026\/04\/632-Pontica-25-1992-ZAHARIA-COVACEF-\u2013-Activitatea-sculpturala-la-Tomis-in-sec.-I-III-p.Chr_.pdf\" data-type=\"link\" data-id=\"https:\/\/revistapontica.com\/wp-content\/uploads\/2026\/04\/632-Pontica-25-1992-ZAHARIA-COVACEF-\u2013-Activitatea-sculpturala-la-Tomis-in-sec.-I-III-p.Chr_.pdf\">view the PDF version<\/a>&#8211;<\/p>\n\n\n\n<hr class=\"wp-block-separator has-alpha-channel-opacity\"\/>\n\n\n\n<details class=\"wp-block-details is-layout-flow wp-block-details-is-layout-flow\"><summary>Contribu\u0163ii privind ceramica roman\u0103 de la Durostorum<\/summary>\n<p><\/p>\n<\/details>\n\n\n\n<p class=\"has-text-align-center\"><strong><strong>CRI\u0218AN MU\u015eE\u021aEANU, DAN ELEFTERESCU<\/strong><\/strong><br>&#8211;<a href=\"https:\/\/revistapontica.com\/wp-content\/uploads\/2026\/04\/633-Pontica-25-1992-CRISAN-MUSETEANU-DAN-ELEFTERESCU-\u2013-Contributii-privind-ceramica-romana-de-la-Durostorum.pdf\" data-type=\"link\" data-id=\"https:\/\/revistapontica.com\/wp-content\/uploads\/2026\/04\/633-Pontica-25-1992-CRISAN-MUSETEANU-DAN-ELEFTERESCU-\u2013-Contributii-privind-ceramica-romana-de-la-Durostorum.pdf\">view the PDF version<\/a>&#8211;<\/p>\n\n\n\n<hr class=\"wp-block-separator has-alpha-channel-opacity\"\/>\n\n\n\n<details class=\"wp-block-details is-layout-flow wp-block-details-is-layout-flow\"><summary>Cercet\u0103ri \u00een necropola roman\u0103 de vest a Tomisului (1992)<\/summary>\n<p><\/p>\n<\/details>\n\n\n\n<p class=\"has-text-align-center\"><strong><strong>MIHAI BUCOVAL\u0102, CECILIA PA\u0218CA<\/strong><\/strong><br>&#8211;<a href=\"https:\/\/revistapontica.com\/wp-content\/uploads\/2026\/04\/634-Pontica-25-1992-MIHAI-BUCOVALA-CECILIA-PASCA-\u2013-Cercetari-in-necropola-romana-de-vest-a-Tomisului-1992.pdf\" data-type=\"link\" data-id=\"https:\/\/revistapontica.com\/wp-content\/uploads\/2026\/04\/634-Pontica-25-1992-MIHAI-BUCOVALA-CECILIA-PASCA-\u2013-Cercetari-in-necropola-romana-de-vest-a-Tomisului-1992.pdf\">view the PDF version<\/a>&#8211;<\/p>\n\n\n\n<hr class=\"wp-block-separator has-alpha-channel-opacity\"\/>\n\n\n\n<details class=\"wp-block-details is-layout-flow wp-block-details-is-layout-flow\"><summary>Importuri de vase de sticl\u0103 suflate \u00een tipar descoperite \u00een necropolele Tomisului<\/summary>\n<p><\/p>\n<\/details>\n\n\n\n<p class=\"has-text-align-center\"><strong><strong>CONSTANTIN CHERA, VIRGIL LUNGU<\/strong><\/strong><br>&#8211;<a href=\"https:\/\/revistapontica.com\/wp-content\/uploads\/2026\/04\/635-Pontica-25-1992-CONSTANTIN-CHERA-VIRGIL-LUNGU-\u2013-Importuri-de-vase-de-sticla-suflate-in-tipar-descoperite-in-necropolele-Tomisului.pdf\" data-type=\"link\" data-id=\"https:\/\/revistapontica.com\/wp-content\/uploads\/2026\/04\/635-Pontica-25-1992-CONSTANTIN-CHERA-VIRGIL-LUNGU-\u2013-Importuri-de-vase-de-sticla-suflate-in-tipar-descoperite-in-necropolele-Tomisului.pdf\">view the PDF version<\/a>&#8211;<\/p>\n\n\n\n<hr class=\"wp-block-separator has-alpha-channel-opacity\"\/>\n\n\n\n<details class=\"wp-block-details is-layout-flow wp-block-details-is-layout-flow\"><summary>Unedierte byzantinische Bleisiegel aus Tomis \u2013 Constan\u021ba<\/summary>\n<p><\/p>\n<\/details>\n\n\n\n<p class=\"has-text-align-center\"><strong><strong>ION BARNEA<\/strong><\/strong><br>&#8211;<a href=\"https:\/\/revistapontica.com\/wp-content\/uploads\/2026\/04\/636-Pontica-25-1992-ION-BARNEA-\u2013-Unedierte-byzantinische-Bleisiegel-aus-Tomis-\u2013-Constanta.pdf\" data-type=\"link\" data-id=\"https:\/\/revistapontica.com\/wp-content\/uploads\/2026\/04\/636-Pontica-25-1992-ION-BARNEA-\u2013-Unedierte-byzantinische-Bleisiegel-aus-Tomis-\u2013-Constanta.pdf\">view the PDF version<\/a>&#8211;<\/p>\n\n\n\n<hr class=\"wp-block-separator has-alpha-channel-opacity\"\/>\n\n\n\n<details class=\"wp-block-details is-layout-flow wp-block-details-is-layout-flow\"><summary>Misionarismul \u015fi \u00eenceputurile cre\u015ftinismului \u00een Scythia Minor<\/summary>\n<p><\/p>\n<\/details>\n\n\n\n<p class=\"has-text-align-center\"><strong><strong>VIRGIL LUNGU<\/strong><br><\/strong>&#8211;<a href=\"https:\/\/revistapontica.com\/wp-content\/uploads\/2026\/04\/637-Pontica-25-1992-VIRGIL-LUNGU-\u2013-Misionarismul-si-inceputurile-crestinismului-in-Scythia-Minor.pdf\" data-type=\"link\" data-id=\"https:\/\/revistapontica.com\/wp-content\/uploads\/2026\/04\/637-Pontica-25-1992-VIRGIL-LUNGU-\u2013-Misionarismul-si-inceputurile-crestinismului-in-Scythia-Minor.pdf\">view the PDF version<\/a>&#8211;<\/p>\n\n\n\n<hr class=\"wp-block-separator has-alpha-channel-opacity\"\/>\n\n\n\n<details class=\"wp-block-details is-layout-flow wp-block-details-is-layout-flow\"><summary>Despre un atelier pentru confec\u0163ionat piese din plumb de la P\u0103cuiul lui Soare<\/summary>\n<p><\/p>\n<\/details>\n\n\n\n<p class=\"has-text-align-center\"><strong><strong>OANA DAMIAN<\/strong><\/strong><br>&#8211;<a href=\"https:\/\/revistapontica.com\/wp-content\/uploads\/2026\/04\/638-Pontica-25-1992-OANA-DAMIAN-\u2013-Despre-un-atelier-pentru-confectionat-piese-din-plumb-de-la-Pacuiul-lui-Soare.pdf\" data-type=\"link\" data-id=\"https:\/\/revistapontica.com\/wp-content\/uploads\/2026\/04\/638-Pontica-25-1992-OANA-DAMIAN-\u2013-Despre-un-atelier-pentru-confectionat-piese-din-plumb-de-la-Pacuiul-lui-Soare.pdf\">view the PDF version<\/a>&#8211;<\/p>\n\n\n\n<hr class=\"wp-block-separator has-alpha-channel-opacity\"\/>\n\n\n\n<details class=\"wp-block-details is-layout-flow wp-block-details-is-layout-flow\"><summary>Despre valurile transdobrogene<\/summary>\n<p><\/p>\n<\/details>\n\n\n\n<p class=\"has-text-align-center\"><strong>GHEORGHE PAPUC<br><\/strong>&#8211;<a href=\"https:\/\/revistapontica.com\/wp-content\/uploads\/2026\/04\/639-Pontica-25-1992-GHEORGHE-PAPUC-\u2013-Despre-valurile-transdobrogene.pdf\" data-type=\"link\" data-id=\"https:\/\/revistapontica.com\/wp-content\/uploads\/2026\/04\/639-Pontica-25-1992-GHEORGHE-PAPUC-\u2013-Despre-valurile-transdobrogene.pdf\">view the PDF version<\/a>&#8211;<\/p>\n\n\n\n<hr class=\"wp-block-separator has-alpha-channel-opacity\"\/>\n\n\n\n<details class=\"wp-block-details is-layout-flow wp-block-details-is-layout-flow\"><summary>Propriet\u0103\u0163i ale Cantacuzinilor rom\u00e2ni la lstanbul<\/summary>\n<p><\/p>\n<\/details>\n\n\n\n<p class=\"has-text-align-center\"><strong><strong>PANAIT I. PANAIT<\/strong><\/strong><br>&#8211;<a href=\"https:\/\/revistapontica.com\/wp-content\/uploads\/2026\/04\/640-Pontica-25-1992-PANAIT-I.-PANAIT-\u2013-Proprietati-ale-Cantacuzinilor-romani-la-lstanbul.pdf\" data-type=\"link\" data-id=\"https:\/\/revistapontica.com\/wp-content\/uploads\/2026\/04\/640-Pontica-25-1992-PANAIT-I.-PANAIT-\u2013-Proprietati-ale-Cantacuzinilor-romani-la-lstanbul.pdf\">view the PDF version<\/a>&#8211;<\/p>","protected":false},"excerpt":{"rendered":"<p>SUMAR&#8211;deschide varianta PDF&#8211; MIHAI IRIMIA&#8211;deschide varianta PDF&#8211; PUIU HASOTTI, DRAGOMIR POPOVICI&#8211;deschide varianta PDF&#8211; MIRCEA ANGELESCU&#8211;deschide varianta PDF&#8211; MIHAELA MANUCU-ADAME\u015eTEANU&#8211;deschide varianta PDF&#8211; VASILICA LUNGU&#8211;deschide varianta PDF&#8211; LIVIA BUZOIANU&#8211;deschide varianta PDF&#8211; ALEXANDRU AVRAM, MARIA B\u0102RBULESCU&#8211;deschide varianta PDF&#8211; ZAHARIA COVACEF&#8211;deschide varianta PDF&#8211; CRI\u0218AN MU\u015eE\u021aEANU, DAN ELEFTERESCU&#8211;deschide varianta PDF&#8211; MIHAI BUCOVAL\u0102, CECILIA PA\u0218CA&#8211;deschide varianta PDF&#8211; CONSTANTIN CHERA, VIRGIL LUNGU&#8211;deschide [&hellip;]<\/p>\n","protected":false},"author":2,"featured_media":0,"comment_status":"closed","ping_status":"closed","sticky":false,"template":"","format":"standard","meta":{"footnotes":""},"categories":[18],"tags":[],"class_list":["post-1479","post","type-post","status-publish","format-standard","hentry","category-revista"],"_links":{"self":[{"href":"https:\/\/revistapontica.com\/en\/wp-json\/wp\/v2\/posts\/1479","targetHints":{"allow":["GET"]}}],"collection":[{"href":"https:\/\/revistapontica.com\/en\/wp-json\/wp\/v2\/posts"}],"about":[{"href":"https:\/\/revistapontica.com\/en\/wp-json\/wp\/v2\/types\/post"}],"author":[{"embeddable":true,"href":"https:\/\/revistapontica.com\/en\/wp-json\/wp\/v2\/users\/2"}],"replies":[{"embeddable":true,"href":"https:\/\/revistapontica.com\/en\/wp-json\/wp\/v2\/comments?post=1479"}],"version-history":[{"count":5,"href":"https:\/\/revistapontica.com\/en\/wp-json\/wp\/v2\/posts\/1479\/revisions"}],"predecessor-version":[{"id":2401,"href":"https:\/\/revistapontica.com\/en\/wp-json\/wp\/v2\/posts\/1479\/revisions\/2401"}],"wp:attachment":[{"href":"https:\/\/revistapontica.com\/en\/wp-json\/wp\/v2\/media?parent=1479"}],"wp:term":[{"taxonomy":"category","embeddable":true,"href":"https:\/\/revistapontica.com\/en\/wp-json\/wp\/v2\/categories?post=1479"},{"taxonomy":"post_tag","embeddable":true,"href":"https:\/\/revistapontica.com\/en\/wp-json\/wp\/v2\/tags?post=1479"}],"curies":[{"name":"wp","href":"https:\/\/api.w.org\/{rel}","templated":true}]}}