{"id":1481,"date":"2026-04-26T15:18:06","date_gmt":"2026-04-26T12:18:06","guid":{"rendered":"https:\/\/revistapontica.com\/?p=1481"},"modified":"2026-04-29T23:05:43","modified_gmt":"2026-04-29T20:05:43","slug":"pontica-nr-24-1991","status":"publish","type":"post","link":"https:\/\/revistapontica.com\/en\/pontica-nr-24-1991\/","title":{"rendered":"Pontica Nr. 24 (1991)"},"content":{"rendered":"<div class=\"wp-block-image\">\n<figure class=\"aligncenter size-large is-resized\"><img fetchpriority=\"high\" decoding=\"async\" width=\"708\" height=\"1024\" src=\"https:\/\/revistapontica.com\/wp-content\/uploads\/2026\/04\/pontica-24-708x1024.jpg\" alt=\"\" class=\"wp-image-1550\" style=\"width:548px;height:auto\" srcset=\"https:\/\/revistapontica.com\/wp-content\/uploads\/2026\/04\/pontica-24-708x1024.jpg 708w, https:\/\/revistapontica.com\/wp-content\/uploads\/2026\/04\/pontica-24-208x300.jpg 208w, https:\/\/revistapontica.com\/wp-content\/uploads\/2026\/04\/pontica-24-768x1110.jpg 768w, https:\/\/revistapontica.com\/wp-content\/uploads\/2026\/04\/pontica-24-8x12.jpg 8w, https:\/\/revistapontica.com\/wp-content\/uploads\/2026\/04\/pontica-24.jpg 830w\" sizes=\"(max-width: 708px) 100vw, 708px\" \/><\/figure>\n<\/div>\n\n\n<div style=\"height:50px\" aria-hidden=\"true\" class=\"wp-block-spacer\"><\/div>\n\n\n\n<div class=\"wp-block-buttons is-content-justification-center is-layout-flex wp-container-core-buttons-is-layout-16018d1d wp-block-buttons-is-layout-flex\">\n<div class=\"wp-block-button is-style-outline is-style-outline--1\"><a class=\"wp-block-button__link has-small-font-size has-custom-font-size wp-element-button\" href=\"https:\/\/revistapontica.com\/wp-content\/uploads\/2026\/04\/592-Pontica-24-1991.pdf\" style=\"border-top-left-radius:0px;border-top-right-radius:0px;border-bottom-left-radius:0px;border-bottom-right-radius:0px\"><strong>OPEN PONTICA NO. 24 \u2013 FULL VARIANT IN .PDF FORMAT<\/strong> (100 Mb)<\/a><\/div>\n<\/div>\n\n\n\n<div style=\"height:50px\" aria-hidden=\"true\" class=\"wp-block-spacer\"><\/div>\n\n\n\n<p class=\"has-text-align-center\"><strong>SUMMARY<\/strong><br>&#8211;<a href=\"https:\/\/revistapontica.com\/wp-content\/uploads\/2026\/04\/592-1-Pontica-24-1991-Sumar.pdf\" data-type=\"link\" data-id=\"https:\/\/revistapontica.com\/wp-content\/uploads\/2026\/04\/592-1-Pontica-24-1991-Sumar.pdf\">view the PDF version<\/a>&#8211;<\/p>\n\n\n\n<hr class=\"wp-block-separator has-alpha-channel-opacity\"\/>\n\n\n\n<details class=\"wp-block-details is-layout-flow wp-block-details-is-layout-flow\"><summary>En s\u2019inspirant des sources europ\u00e9ennes<\/summary>\n<p><\/p>\n<\/details>\n\n\n\n<p class=\"has-text-align-center\"><strong><strong><strong><strong>HERMAN CORIJN<\/strong><\/strong><\/strong><\/strong><br>&#8211;<a href=\"https:\/\/revistapontica.com\/wp-content\/uploads\/2026\/04\/593-Pontica-24-1991-HERMAN-CORIJN-\u2013-En-sinspirant-des-sources-europeennes.pdf\" data-type=\"link\" data-id=\"https:\/\/revistapontica.com\/wp-content\/uploads\/2026\/04\/593-Pontica-24-1991-HERMAN-CORIJN-\u2013-En-sinspirant-des-sources-europeennes.pdf\">view the PDF version<\/a>&#8211;<\/p>\n\n\n\n<hr class=\"wp-block-separator has-alpha-channel-opacity\"\/>\n\n\n\n<details class=\"wp-block-details is-layout-flow wp-block-details-is-layout-flow\"><summary>Rolul Dun\u0103rii inferioare \u00een cursul epocii neolitice<\/summary>\n<p><\/p>\n<\/details>\n\n\n\n<p class=\"has-text-align-center\"><strong><strong><strong>EUGEN COM\u015eA<\/strong><\/strong><\/strong><br>&#8211;<a href=\"https:\/\/revistapontica.com\/wp-content\/uploads\/2026\/04\/594-Pontica-24-1991-EUGEN-COMSA-\u2013-Rolul-Dunarii-inferioare-in-cursul-epocii-neolitice.pdf\" data-type=\"link\" data-id=\"https:\/\/revistapontica.com\/wp-content\/uploads\/2026\/04\/594-Pontica-24-1991-EUGEN-COMSA-\u2013-Rolul-Dunarii-inferioare-in-cursul-epocii-neolitice.pdf\">view the PDF version<\/a>&#8211;<\/p>\n\n\n\n<hr class=\"wp-block-separator has-alpha-channel-opacity\"\/>\n\n\n\n<details class=\"wp-block-details is-layout-flow wp-block-details-is-layout-flow\"><summary>Probl\u00e8mes de la plastique miniatur\u00e9 de l\u2019\u00e2ge du bronze r\u00e9cent en Bulgarie du Nord-Est<\/summary>\n<p><\/p>\n<\/details>\n\n\n\n<p class=\"has-text-align-center\"><strong><strong><strong>GORANKA TON\u010cEVA<\/strong><\/strong><\/strong><br>&#8211;<a href=\"https:\/\/revistapontica.com\/wp-content\/uploads\/2026\/04\/595-Pontica-24-1991-GORANKA-TONCEVA-\u2013-Problemes-de-la-plastique-miniature-de-lage-du-bronze-recent-en-Bulgarie-du-Nord-Est.pdf\" data-type=\"link\" data-id=\"https:\/\/revistapontica.com\/wp-content\/uploads\/2026\/04\/595-Pontica-24-1991-GORANKA-TONCEVA-\u2013-Problemes-de-la-plastique-miniature-de-lage-du-bronze-recent-en-Bulgarie-du-Nord-Est.pdf\">view the PDF version<\/a>&#8211;<\/p>\n\n\n\n<hr class=\"wp-block-separator has-alpha-channel-opacity\"\/>\n\n\n\n<details class=\"wp-block-details is-layout-flow wp-block-details-is-layout-flow\"><summary>Greci ed indigeni in Basilicata<\/summary>\n<p><\/p>\n<\/details>\n\n\n\n<p class=\"has-text-align-center\"><strong><strong><strong>MARCELLO TAGLIENTE<\/strong><\/strong><\/strong><br>&#8211;<a href=\"https:\/\/revistapontica.com\/wp-content\/uploads\/2026\/04\/596-Pontica-24-1991-MARCELLO-TAGLIENTE-\u2013-Greci-ed-indigeni-in-Basilicata.pdf\" data-type=\"link\" data-id=\"https:\/\/revistapontica.com\/wp-content\/uploads\/2026\/04\/596-Pontica-24-1991-MARCELLO-TAGLIENTE-\u2013-Greci-ed-indigeni-in-Basilicata.pdf\">view the PDF version<\/a>&#8211;<\/p>\n\n\n\n<hr class=\"wp-block-separator has-alpha-channel-opacity\"\/>\n\n\n\n<details class=\"wp-block-details is-layout-flow wp-block-details-is-layout-flow\"><summary>L\u2019\u00eele de Leuk\u00e9 et le culte d\u2019Achille<\/summary>\n<p><\/p>\n<\/details>\n\n\n\n<p class=\"has-text-align-center\"><strong><strong>S.B. OKHOTNIKOV, A.S. OSTROVERKHOV<\/strong><\/strong><br>&#8211;<a href=\"https:\/\/revistapontica.com\/wp-content\/uploads\/2026\/04\/597-Pontica-24-1991-S.B.-OKHOTNIKOV-A.S.-OSTROVERKHOV-\u2013-Lile-de-Leuke-et-le-culte-dAchille.pdf\" data-type=\"link\" data-id=\"https:\/\/revistapontica.com\/wp-content\/uploads\/2026\/04\/597-Pontica-24-1991-S.B.-OKHOTNIKOV-A.S.-OSTROVERKHOV-\u2013-Lile-de-Leuke-et-le-culte-dAchille.pdf\">view the PDF version<\/a>&#8211;<\/p>\n\n\n\n<hr class=\"wp-block-separator has-alpha-channel-opacity\"\/>\n\n\n\n<details class=\"wp-block-details is-layout-flow wp-block-details-is-layout-flow\"><summary>Tipuri de amfore de sec. VI-IV a. Chr. descoperite la Tomis<\/summary>\n<p><\/p>\n<\/details>\n\n\n\n<p class=\"has-text-align-center\"><strong><strong>LIVIA BUZOIANU<\/strong><\/strong><br>&#8211;<a href=\"https:\/\/revistapontica.com\/wp-content\/uploads\/2026\/04\/598-Pontica-24-1991-LIVIA-BUZOIANU-\u2013-Tipuri-de-amfore-de-sec.-VI-IV-a.-Chr.-descoperite-la-Tomis.pdf\" data-type=\"link\" data-id=\"https:\/\/revistapontica.com\/wp-content\/uploads\/2026\/04\/598-Pontica-24-1991-LIVIA-BUZOIANU-\u2013-Tipuri-de-amfore-de-sec.-VI-IV-a.-Chr.-descoperite-la-Tomis.pdf\">view the PDF version<\/a>&#8211;<\/p>\n\n\n\n<hr class=\"wp-block-separator has-alpha-channel-opacity\"\/>\n\n\n\n<details class=\"wp-block-details is-layout-flow wp-block-details-is-layout-flow\"><summary>Noi m\u0103rturii arheologice privind a doua epoc\u0103 a fierului \u00een Dobrogea<\/summary>\n<p><\/p>\n<\/details>\n\n\n\n<p class=\"has-text-align-center\"><strong><strong>MIHAI IRIMIA<\/strong><\/strong><br>&#8211;<a href=\"https:\/\/revistapontica.com\/wp-content\/uploads\/2026\/04\/599-Pontica-24-1991-MIHAI-IRIMIA-\u2013-Noi-marturii-arheologice-privind-a-doua-epoca-a-fierului-in-Dobrogea.pdf\" data-type=\"link\" data-id=\"https:\/\/revistapontica.com\/wp-content\/uploads\/2026\/04\/599-Pontica-24-1991-MIHAI-IRIMIA-\u2013-Noi-marturii-arheologice-privind-a-doua-epoca-a-fierului-in-Dobrogea.pdf\">view the PDF version<\/a>&#8211;<\/p>\n\n\n\n<hr class=\"wp-block-separator has-alpha-channel-opacity\"\/>\n\n\n\n<details class=\"wp-block-details is-layout-flow wp-block-details-is-layout-flow\"><summary>Contribu\u0163ii privind seria guvernatorilor Moesiei Inferioare \u00een secolul III p. Chr.<\/summary>\n<p><\/p>\n<\/details>\n\n\n\n<p class=\"has-text-align-center\"><strong><strong>MARIA B\u0102RBULESCU, ADRIAN R\u0102DULESCU<\/strong><\/strong><br>&#8211;<a href=\"https:\/\/revistapontica.com\/wp-content\/uploads\/2026\/04\/600-Pontica-24-1991-MARIA-BARBULESCU-ADRIAN-RADULESCU-\u2013-Contributii-privind-seria-guvernatorilor-Moesiei-Inferioare-in-secolul-III-p.-Chr.pdf\" data-type=\"link\" data-id=\"https:\/\/revistapontica.com\/wp-content\/uploads\/2026\/04\/600-Pontica-24-1991-MARIA-BARBULESCU-ADRIAN-RADULESCU-\u2013-Contributii-privind-seria-guvernatorilor-Moesiei-Inferioare-in-secolul-III-p.-Chr.pdf\">view the PDF version<\/a>&#8211;<\/p>\n\n\n\n<hr class=\"wp-block-separator has-alpha-channel-opacity\"\/>\n\n\n\n<details class=\"wp-block-details is-layout-flow wp-block-details-is-layout-flow\"><summary>Considera\u0163ii privind raportul dintre Classis Flavia Moesica \u015fi fortifica\u0163iile limesului roman de la Dun\u0103rea de Jos (sec. I-VI)<\/summary>\n<p><\/p>\n<\/details>\n\n\n\n<p class=\"has-text-align-center\"><strong><strong>CRISTIAN MATEI<\/strong><\/strong><br>&#8211;<a href=\"https:\/\/revistapontica.com\/wp-content\/uploads\/2026\/04\/601-Pontica-24-1991-CRISTIAN-MATEI-\u2013-Consideratii-privind-raportul-dintre-Classis-Flavia-Moesica-si-fortificatiile-limesului-roman-de-la-Dunarea-de-Jos-sec.-I-VI.pdf\" data-type=\"link\" data-id=\"https:\/\/revistapontica.com\/wp-content\/uploads\/2026\/04\/601-Pontica-24-1991-CRISTIAN-MATEI-\u2013-Consideratii-privind-raportul-dintre-Classis-Flavia-Moesica-si-fortificatiile-limesului-roman-de-la-Dunarea-de-Jos-sec.-I-VI.pdf\">view the PDF version<\/a>&#8211;<\/p>\n\n\n\n<hr class=\"wp-block-separator has-alpha-channel-opacity\"\/>\n\n\n\n<details class=\"wp-block-details is-layout-flow wp-block-details-is-layout-flow\"><summary>Sculptura arhitectonic\u0103 \u00een Dobrogea antic\u0103. I. Coloane \u015fi baze de coloane<\/summary>\n<p><\/p>\n<\/details>\n\n\n\n<p class=\"has-text-align-center\"><strong><strong>ZAHARIA COVACEF, CECILIA PA\u015eCA<\/strong><\/strong><br>&#8211;<a href=\"https:\/\/revistapontica.com\/wp-content\/uploads\/2026\/04\/602-Pontica-24-1991-ZAHARIA-COVACEF-CECILIA-PASCA-\u2013-Sculptura-arhitectonica-in-Dobrogea-antica.-I.-Coloane-si-baze-de-coloane.pdf\" data-type=\"link\" data-id=\"https:\/\/revistapontica.com\/wp-content\/uploads\/2026\/04\/602-Pontica-24-1991-ZAHARIA-COVACEF-CECILIA-PASCA-\u2013-Sculptura-arhitectonica-in-Dobrogea-antica.-I.-Coloane-si-baze-de-coloane.pdf\">view the PDF version<\/a>&#8211;<\/p>\n\n\n\n<hr class=\"wp-block-separator has-alpha-channel-opacity\"\/>\n\n\n\n<details class=\"wp-block-details is-layout-flow wp-block-details-is-layout-flow\"><summary>Descoperiri recente \u00een necropola roman\u0103 de sud-vest a Tomisului<\/summary>\n<p><\/p>\n<\/details>\n\n\n\n<p class=\"has-text-align-center\"><strong><strong>MIHAI BUCOVAL\u0102, CECILIA PA\u015eCA<\/strong><\/strong><br>&#8211;<a href=\"https:\/\/revistapontica.com\/wp-content\/uploads\/2026\/04\/603-Pontica-24-1991-MIHAI-BUCOVALA-CECILIA-PASCA-\u2013-Descoperiri-recente-in-necropola-romana-de-sud-vest-a-Tomisului.pdf\" data-type=\"link\" data-id=\"https:\/\/revistapontica.com\/wp-content\/uploads\/2026\/04\/603-Pontica-24-1991-MIHAI-BUCOVALA-CECILIA-PASCA-\u2013-Descoperiri-recente-in-necropola-romana-de-sud-vest-a-Tomisului.pdf\">view the PDF version<\/a>&#8211;<\/p>\n\n\n\n<hr class=\"wp-block-separator has-alpha-channel-opacity\"\/>\n\n\n\n<details class=\"wp-block-details is-layout-flow wp-block-details-is-layout-flow\"><summary>Descoperirea fortuit\u0103 a unui morm\u00e2nt roman tumular de incinera\u0163ie \u00een apropierea castrului de la Tirighina-Barbo\u015fi<\/summary>\n<p><\/p>\n<\/details>\n\n\n\n<p class=\"has-text-align-center\"><strong><strong>ION T. DRAGOMIR<\/strong><\/strong><br>&#8211;<a href=\"https:\/\/revistapontica.com\/wp-content\/uploads\/2026\/04\/604-Pontica-24-1991-ION-T.-DRAGOMIR-\u2013-Descoperirea-fortuita-a-unui-mormant-roman-tumular-de-incineratie-in-apropierea-castrului-de-la-Tirighina-Barbosi.pdf\" data-type=\"link\" data-id=\"https:\/\/revistapontica.com\/wp-content\/uploads\/2026\/04\/604-Pontica-24-1991-ION-T.-DRAGOMIR-\u2013-Descoperirea-fortuita-a-unui-mormant-roman-tumular-de-incineratie-in-apropierea-castrului-de-la-Tirighina-Barbosi.pdf\">view the PDF version<\/a>&#8211;<\/p>\n\n\n\n<hr class=\"wp-block-separator has-alpha-channel-opacity\"\/>\n\n\n\n<details class=\"wp-block-details is-layout-flow wp-block-details-is-layout-flow\"><summary>O pies\u0103 deosebit\u0103 de toreutic\u0103 roman\u0103 &#8211; grifonul de la Teli\u0163a<\/summary>\n<p><\/p>\n<\/details>\n\n\n\n<p class=\"has-text-align-center\"><strong><strong>V. H. BAUMANN<\/strong><br><\/strong>&#8211;<a href=\"https:\/\/revistapontica.com\/wp-content\/uploads\/2026\/04\/605-Pontica-24-1991-V.-H.-BAUMANN-\u2013-O-piesa-deosebita-de-toreutica-romana-grifonul-de-la-Telita.pdf\" data-type=\"link\" data-id=\"https:\/\/revistapontica.com\/wp-content\/uploads\/2026\/04\/605-Pontica-24-1991-V.-H.-BAUMANN-\u2013-O-piesa-deosebita-de-toreutica-romana-grifonul-de-la-Telita.pdf\">view the PDF version<\/a>&#8211;<\/p>\n\n\n\n<hr class=\"wp-block-separator has-alpha-channel-opacity\"\/>\n\n\n\n<details class=\"wp-block-details is-layout-flow wp-block-details-is-layout-flow\"><summary>Considera\u0163ii privind cele mai vechi monumente cre\u015ftine de al Tomis<\/summary>\n<p><\/p>\n<\/details>\n\n\n\n<p class=\"has-text-align-center\"><strong><strong>ION BARNEA<\/strong><\/strong><br>&#8211;<a href=\"https:\/\/revistapontica.com\/wp-content\/uploads\/2026\/04\/606-Pontica-24-1991-ION-BARNEA-\u2013-Consideratii-privind-cele-mai-vechi-monumente-crestine-de-al-Tomis.pdf\" data-type=\"link\" data-id=\"https:\/\/revistapontica.com\/wp-content\/uploads\/2026\/04\/606-Pontica-24-1991-ION-BARNEA-\u2013-Consideratii-privind-cele-mai-vechi-monumente-crestine-de-al-Tomis.pdf\">view the PDF version<\/a>&#8211;<\/p>\n\n\n\n<hr class=\"wp-block-separator has-alpha-channel-opacity\"\/>\n\n\n\n<details class=\"wp-block-details is-layout-flow wp-block-details-is-layout-flow\"><summary>Noi date despre mitropolia Tomisului<\/summary>\n<p><\/p>\n<\/details>\n\n\n\n<p class=\"has-text-align-center\"><strong>ION BARNEA<br><\/strong>&#8211;<a href=\"https:\/\/revistapontica.com\/wp-content\/uploads\/2026\/04\/607-Pontica-24-1991-ION-BARNEA-\u2013-Noi-date-despre-mitropolia-Tomisului.pdf\" data-type=\"link\" data-id=\"https:\/\/revistapontica.com\/wp-content\/uploads\/2026\/04\/607-Pontica-24-1991-ION-BARNEA-\u2013-Noi-date-despre-mitropolia-Tomisului.pdf\">view the PDF version<\/a>&#8211;<\/p>\n\n\n\n<hr class=\"wp-block-separator has-alpha-channel-opacity\"\/>\n\n\n\n<details class=\"wp-block-details is-layout-flow wp-block-details-is-layout-flow\"><summary>De la o inscrip\u0163ie cre\u015ftin\u0103 din Tomis la p\u0103timirea Sf. Teogene<\/summary>\n<p><\/p>\n<\/details>\n\n\n\n<p class=\"has-text-align-center\"><strong><strong>PETRE N\u0102STUREL<\/strong><\/strong><br>&#8211;<a href=\"https:\/\/revistapontica.com\/wp-content\/uploads\/2026\/04\/608-Pontica-24-1991-PETRE-NASTUREL-\u2013-De-la-o-inscriptie-crestina-din-Tomis-la-patimirea-Sf.-Teogene.pdf\" data-type=\"link\" data-id=\"https:\/\/revistapontica.com\/wp-content\/uploads\/2026\/04\/608-Pontica-24-1991-PETRE-NASTUREL-\u2013-De-la-o-inscriptie-crestina-din-Tomis-la-patimirea-Sf.-Teogene.pdf\">view the PDF version<\/a>&#8211;<\/p>\n\n\n\n<hr class=\"wp-block-separator has-alpha-channel-opacity\"\/>\n\n\n\n<details class=\"wp-block-details is-layout-flow wp-block-details-is-layout-flow\"><summary>Considera\u0163ii asupra unei categorii de opai\u0163e descoperite \u00een sectorul V al cet\u0103\u0163ii Capidava<\/summary>\n<p><\/p>\n<\/details>\n\n\n\n<p class=\"has-text-align-center\"><strong><strong>ZAHARIA COVACEF, EMILIA CORBU<\/strong><\/strong><br>&#8211;<a href=\"https:\/\/revistapontica.com\/wp-content\/uploads\/2026\/04\/609-Pontica-24-1991-ZAHARIA-COVACEF-EMILIA-CORBU-\u2013-Consideratii-asupra-unei-categorii-de-opaite-descoperite-in-sectorul-V-al-cetatii-Capidava.pdf\" data-type=\"link\" data-id=\"https:\/\/revistapontica.com\/wp-content\/uploads\/2026\/04\/609-Pontica-24-1991-ZAHARIA-COVACEF-EMILIA-CORBU-\u2013-Consideratii-asupra-unei-categorii-de-opaite-descoperite-in-sectorul-V-al-cetatii-Capidava.pdf\">view the PDF version<\/a>&#8211;<\/p>\n\n\n\n<hr class=\"wp-block-separator has-alpha-channel-opacity\"\/>\n\n\n\n<details class=\"wp-block-details is-layout-flow wp-block-details-is-layout-flow\"><summary>Tomis \u2013 Constantia \u2013 Constan\u0163a<\/summary>\n<p><\/p>\n<\/details>\n\n\n\n<p class=\"has-text-align-center\"><strong><strong>GH. M\u0102NUCU-ADAME\u015eTEANU<\/strong><\/strong><br>&#8211;<a href=\"https:\/\/revistapontica.com\/wp-content\/uploads\/2026\/04\/610-Pontica-24-1991-GH.-MANUCU-ADAMESTEANU-\u2013-Tomis-\u2013-Constantia-\u2013-Constanta.pdf\" data-type=\"link\" data-id=\"https:\/\/revistapontica.com\/wp-content\/uploads\/2026\/04\/610-Pontica-24-1991-GH.-MANUCU-ADAMESTEANU-\u2013-Tomis-\u2013-Constantia-\u2013-Constanta.pdf\">view the PDF version<\/a>&#8211;<\/p>\n\n\n\n<hr class=\"wp-block-separator has-alpha-channel-opacity\"\/>\n\n\n\n<details class=\"wp-block-details is-layout-flow wp-block-details-is-layout-flow\"><summary>Constat\u0103ri tehnice cu privire la varia\u0163ia nivelului M\u0103rii Negre, \u00een leg\u0103tur\u0103 cu topografia \u015fi modul de alimentare cu ap\u0103 a cet\u0103\u0163ii Histria<\/summary>\n<p><\/p>\n<\/details>\n\n\n\n<p class=\"has-text-align-center\"><strong><strong>PETRE COVACEF<\/strong><\/strong><br>&#8211;<a href=\"https:\/\/revistapontica.com\/wp-content\/uploads\/2026\/04\/611-Pontica-24-1991-PETRE-COVACEF-\u2013-Constatari-tehnice-cu-privire-la-variatia-nivelului-Marii-Negre-in-legatura-cu-topografia-si-modul-de-alimentare-cu-apa-a-cetatii-Histria-pa.pdf\" data-type=\"link\" data-id=\"https:\/\/revistapontica.com\/wp-content\/uploads\/2026\/04\/611-Pontica-24-1991-PETRE-COVACEF-\u2013-Constatari-tehnice-cu-privire-la-variatia-nivelului-Marii-Negre-in-legatura-cu-topografia-si-modul-de-alimentare-cu-apa-a-cetatii-Histria-pa.pdf\">view the PDF version<\/a>&#8211;<\/p>\n\n\n\n<hr class=\"wp-block-separator has-alpha-channel-opacity\"\/>\n\n\n\n<details class=\"wp-block-details is-layout-flow wp-block-details-is-layout-flow\"><summary>Monede grece\u015fti descoperite \u00een cet\u0103\u0163ile dacice din Mun\u0163ii Sebe\u015fului<\/summary>\n<p><\/p>\n<\/details>\n\n\n\n<p class=\"has-text-align-center\"><strong>ION HORA\u0162IU CRI\u015eAN<\/strong><br>&#8211;<a href=\"https:\/\/revistapontica.com\/wp-content\/uploads\/2026\/04\/612-Pontica-24-1991-ION-HORATIU-CRISAN-\u2013-Monede-grecesti-descoperite-in-cetatile-dacice-din-Muntii-Sebesului.pdf\" data-type=\"link\" data-id=\"https:\/\/revistapontica.com\/wp-content\/uploads\/2026\/04\/612-Pontica-24-1991-ION-HORATIU-CRISAN-\u2013-Monede-grecesti-descoperite-in-cetatile-dacice-din-Muntii-Sebesului.pdf\">view the PDF version<\/a>&#8211;<\/p>\n\n\n\n<hr class=\"wp-block-separator has-alpha-channel-opacity\"\/>\n\n\n\n<details class=\"wp-block-details is-layout-flow wp-block-details-is-layout-flow\"><summary>C\u00e2teva depozite monetare din Scythia Minor depuse ca ofrande funerare (secolele III-V d.Cr.)<\/summary>\n<p><\/p>\n<\/details>\n\n\n\n<p class=\"has-text-align-center\"><strong><strong>GHEORGHE POENARU-BORDEA, RADU OCHE\u015eEANU<\/strong><\/strong><br>&#8211;<a href=\"https:\/\/revistapontica.com\/wp-content\/uploads\/2026\/04\/613-Pontica-24-1991-GHEORGHE-POENARU-BORDEA-RADU-OCHESEANU-\u2013-Cateva-depozite-monetare-din-Scythia-Minor-depuse-ca-ofrande-funerare-secolele-III-V-d.Cr_.pdf\" data-type=\"link\" data-id=\"https:\/\/revistapontica.com\/wp-content\/uploads\/2026\/04\/613-Pontica-24-1991-GHEORGHE-POENARU-BORDEA-RADU-OCHESEANU-\u2013-Cateva-depozite-monetare-din-Scythia-Minor-depuse-ca-ofrande-funerare-secolele-III-V-d.Cr_.pdf\">view the PDF version<\/a>&#8211;<\/p>\n\n\n\n<hr class=\"wp-block-separator has-alpha-channel-opacity\"\/>\n\n\n\n<details class=\"wp-block-details is-layout-flow wp-block-details-is-layout-flow\"><summary>Despre tezaurele monetare bizantine din secolele VII-X de la est \u015fi sud de Carpa\u0163i<\/summary>\n<p><\/p>\n<\/details>\n\n\n\n<p class=\"has-text-align-center\"><strong><strong>COSTEL CHIRIAC<\/strong><\/strong><br>&#8211;<a href=\"https:\/\/revistapontica.com\/wp-content\/uploads\/2026\/04\/614-Pontica-24-1991-COSTEL-CHIRIAC-\u2013-Despre-tezaurele-monetare-bizantine-din-secolele-VII-X-de-la-est-si-sud-de-Carpati.pdf\" data-type=\"link\" data-id=\"https:\/\/revistapontica.com\/wp-content\/uploads\/2026\/04\/614-Pontica-24-1991-COSTEL-CHIRIAC-\u2013-Despre-tezaurele-monetare-bizantine-din-secolele-VII-X-de-la-est-si-sud-de-Carpati.pdf\">view the PDF version<\/a>&#8211;<\/p>\n\n\n\n<hr class=\"wp-block-separator has-alpha-channel-opacity\"\/>\n\n\n\n<details class=\"wp-block-details is-layout-flow wp-block-details-is-layout-flow\"><summary>Schimburile economice \u00een regiunea danubiano-pontic\u0103 \u00een secolele VIII-XI<\/summary>\n<p><\/p>\n<\/details>\n\n\n\n<p class=\"has-text-align-center\"><strong><strong>GABRIEL CUSTUREA<\/strong><\/strong><br>&#8211;<a href=\"https:\/\/revistapontica.com\/wp-content\/uploads\/2026\/04\/615-Pontica-24-1991-GABRIEL-CUSTUREA-\u2013-Schimburile-economice-in-regiunea-danubiano-pontica-in-secolele-VIII-XI.pdf\" data-type=\"link\" data-id=\"https:\/\/revistapontica.com\/wp-content\/uploads\/2026\/04\/615-Pontica-24-1991-GABRIEL-CUSTUREA-\u2013-Schimburile-economice-in-regiunea-danubiano-pontica-in-secolele-VIII-XI.pdf\">view the PDF version<\/a>&#8211;<\/p>\n\n\n\n<hr class=\"wp-block-separator has-alpha-channel-opacity\"\/>\n\n\n\n<details class=\"wp-block-details is-layout-flow wp-block-details-is-layout-flow\"><summary>Monede bizantine din c\u00e2teva colec\u0163ii particulare<\/summary>\n<p><\/p>\n<\/details>\n\n\n\n<p class=\"has-text-align-center\"><strong>TUDOR PAPASIMA<\/strong><br>&#8211;<a href=\"https:\/\/revistapontica.com\/wp-content\/uploads\/2026\/04\/616-Pontica-24-1991-TUDOR-PAPASIMA-\u2013-Monede-bizantine-din-cateva-colectii-particulare.pdf\" data-type=\"link\" data-id=\"https:\/\/revistapontica.com\/wp-content\/uploads\/2026\/04\/616-Pontica-24-1991-TUDOR-PAPASIMA-\u2013-Monede-bizantine-din-cateva-colectii-particulare.pdf\">view the PDF version<\/a>&#8211;<\/p>\n\n\n\n<hr class=\"wp-block-separator has-alpha-channel-opacity\"\/>\n\n\n\n<details class=\"wp-block-details is-layout-flow wp-block-details-is-layout-flow\"><summary>O moned\u0103 bizantin\u0103 de la Trebizonda descoperit\u0103 \u00een Dobrogea<\/summary>\n<p><\/p>\n<\/details>\n\n\n\n<p class=\"has-text-align-center\"><strong><strong>GH. M\u0102NUCU-ADAME\u015eTEANU<\/strong><\/strong><br>&#8211;<a href=\"https:\/\/revistapontica.com\/wp-content\/uploads\/2026\/04\/617-Pontica-24-1991-GH.-MANUCU-ADAMESTEANU-\u2013-O-moneda-bizantina-de-la-Trebizonda-descoperita-in-Dobrogea.pdf\" data-type=\"link\" data-id=\"https:\/\/revistapontica.com\/wp-content\/uploads\/2026\/04\/617-Pontica-24-1991-GH.-MANUCU-ADAMESTEANU-\u2013-O-moneda-bizantina-de-la-Trebizonda-descoperita-in-Dobrogea.pdf\">view the PDF version<\/a>&#8211;<\/p>\n\n\n\n<hr class=\"wp-block-separator has-alpha-channel-opacity\"\/>\n\n\n\n<details class=\"wp-block-details is-layout-flow wp-block-details-is-layout-flow\"><summary>Pond uncial descoperit la Constan\u0163a<\/summary>\n<p><\/p>\n<\/details>\n\n\n\n<p class=\"has-text-align-center\"><strong><strong>RADU OCHE\u015eEANU, TRAIAN CLIANTE<\/strong><\/strong><br>&#8211;<a href=\"https:\/\/revistapontica.com\/wp-content\/uploads\/2026\/04\/618-Pontica-24-1991-RADU-OCHESEANU-TRAIAN-CLIANTE-\u2013-Pond-uncial-descoperit-la-Constanta.pdf\" data-type=\"link\" data-id=\"https:\/\/revistapontica.com\/wp-content\/uploads\/2026\/04\/618-Pontica-24-1991-RADU-OCHESEANU-TRAIAN-CLIANTE-\u2013-Pond-uncial-descoperit-la-Constanta.pdf\">view the PDF version<\/a>&#8211;<\/p>\n\n\n\n<hr class=\"wp-block-separator has-alpha-channel-opacity\"\/>\n\n\n\n<details class=\"wp-block-details is-layout-flow wp-block-details-is-layout-flow\"><summary>Topoare, alte piese de piatr\u0103 \u015fi \u00eensemne ale puterii din epoca bronzului \u00een sud-estul Rom\u00e2niei<\/summary>\n<p><\/p>\n<\/details>\n\n\n\n<p class=\"has-text-align-center\"><strong><strong>MIRCEA MUNTEANU<\/strong><\/strong><br>&#8211;<a href=\"https:\/\/revistapontica.com\/wp-content\/uploads\/2026\/04\/619-Pontica-24-1991-MIRCEA-MUNTEANU-\u2013-Topoare-alte-piese-de-piatra-si-insemne-ale-puterii-din-epoca-bronzului-in-sud-estul-Romaniei.pdf\" data-type=\"link\" data-id=\"https:\/\/revistapontica.com\/wp-content\/uploads\/2026\/04\/619-Pontica-24-1991-MIRCEA-MUNTEANU-\u2013-Topoare-alte-piese-de-piatra-si-insemne-ale-puterii-din-epoca-bronzului-in-sud-estul-Romaniei.pdf\">view the PDF version<\/a>&#8211;<\/p>\n\n\n\n<hr class=\"wp-block-separator has-alpha-channel-opacity\"\/>\n\n\n\n<details class=\"wp-block-details is-layout-flow wp-block-details-is-layout-flow\"><summary>Un nou apeduct din teritoriul callatian<\/summary>\n<p><\/p>\n<\/details>\n\n\n\n<p class=\"has-text-align-center\"><strong><strong>MIHAI IONESCU<\/strong><\/strong><br>&#8211;<a href=\"https:\/\/revistapontica.com\/wp-content\/uploads\/2026\/04\/620-Pontica-24-1991-MIHAI-IONESCU-\u2013-Un-nou-apeduct-din-teritoriul-callatian.pdf\" data-type=\"link\" data-id=\"https:\/\/revistapontica.com\/wp-content\/uploads\/2026\/04\/620-Pontica-24-1991-MIHAI-IONESCU-\u2013-Un-nou-apeduct-din-teritoriul-callatian.pdf\">view the PDF version<\/a>&#8211;<\/p>\n\n\n\n<hr class=\"wp-block-separator has-alpha-channel-opacity\"\/>\n\n\n\n<details class=\"wp-block-details is-layout-flow wp-block-details-is-layout-flow\"><summary>Cercet\u0103ri arheologice recente \u00een pe\u015ftera de la Casian<\/summary>\n<p><\/p>\n<\/details>\n\n\n\n<p class=\"has-text-align-center\"><strong>L. MIH\u0102ILESCU-B\u00c2RLIBA, MARIUS DIACONESCU<\/strong><br>&#8211;<a href=\"https:\/\/revistapontica.com\/wp-content\/uploads\/2026\/04\/621-Pontica-24-1991-L.-MIHAILESCU-BARLIBA-MARIUS-DIACONESCU-\u2013-Cercetari-arheologice-recente-in-pestera-de-la-Casian.pdf\" data-type=\"link\" data-id=\"https:\/\/revistapontica.com\/wp-content\/uploads\/2026\/04\/621-Pontica-24-1991-L.-MIHAILESCU-BARLIBA-MARIUS-DIACONESCU-\u2013-Cercetari-arheologice-recente-in-pestera-de-la-Casian.pdf\">view the PDF version<\/a>&#8211;<\/p>\n\n\n\n<hr class=\"wp-block-separator has-alpha-channel-opacity\"\/>\n\n\n\n<details class=\"wp-block-details is-layout-flow wp-block-details-is-layout-flow\"><summary>Eficien\u0163\u0103 maxim\u0103 prin folosirea schimb\u0103torilor de ioni<\/summary>\n<p><\/p>\n<\/details>\n\n\n\n<p class=\"has-text-align-center\"><strong>LORAND M\u00c1TH\u00c9-KIS<\/strong><br>&#8211;<a href=\"https:\/\/revistapontica.com\/wp-content\/uploads\/2026\/04\/622-Pontica-24-1991-LORAND-MATHE-KIS-\u2013-Eficienta-maxima-prin-folosirea-schimbatorilor-de-ioni.pdf\" data-type=\"link\" data-id=\"https:\/\/revistapontica.com\/wp-content\/uploads\/2026\/04\/622-Pontica-24-1991-LORAND-MATHE-KIS-\u2013-Eficienta-maxima-prin-folosirea-schimbatorilor-de-ioni.pdf\">view the PDF version<\/a>&#8211;<\/p>\n\n\n\n<hr class=\"wp-block-separator has-alpha-channel-opacity\"\/>\n\n\n\n<details class=\"wp-block-details is-layout-flow wp-block-details-is-layout-flow\"><summary>Terminologie marin\u0103 \u015fi halieutic\u0103 \u00een operele ovidiene din exil<\/summary>\n<p><\/p>\n<\/details>\n\n\n\n<p class=\"has-text-align-center\"><strong>IOAN MICU<\/strong><br>&#8211;<a href=\"https:\/\/revistapontica.com\/wp-content\/uploads\/2026\/04\/623-Pontica-24-1991-IOAN-MICU-\u2013-Terminologie-marina-si-halieutica-in-operele-ovidiene-din-exil.pdf\" data-type=\"link\" data-id=\"https:\/\/revistapontica.com\/wp-content\/uploads\/2026\/04\/623-Pontica-24-1991-IOAN-MICU-\u2013-Terminologie-marina-si-halieutica-in-operele-ovidiene-din-exil.pdf\">view the PDF version<\/a>&#8211;<\/p>\n\n\n\n<hr class=\"wp-block-separator has-alpha-channel-opacity\"\/>\n\n\n\n<details class=\"wp-block-details is-layout-flow wp-block-details-is-layout-flow\"><summary>Andrei Aricescu (1935-1991)<\/summary>\n<p><\/p>\n<\/details>\n\n\n\n<p class=\"has-text-align-center\"><strong>VASILE BARBU<\/strong><br>&#8211;<a href=\"https:\/\/revistapontica.com\/wp-content\/uploads\/2026\/04\/624-Pontica-24-1991-VASILE-BARBU-\u2013-Andrei-Aricescu-1935-1991.pdf\" data-type=\"link\" data-id=\"https:\/\/revistapontica.com\/wp-content\/uploads\/2026\/04\/624-Pontica-24-1991-VASILE-BARBU-\u2013-Andrei-Aricescu-1935-1991.pdf\">view the PDF version<\/a>&#8211;<\/p>","protected":false},"excerpt":{"rendered":"<p>SUMAR&#8211;deschide varianta PDF&#8211; HERMAN CORIJN&#8211;deschide varianta PDF&#8211; EUGEN COM\u015eA&#8211;deschide varianta PDF&#8211; GORANKA TON\u010cEVA&#8211;deschide varianta PDF&#8211; MARCELLO TAGLIENTE&#8211;deschide varianta PDF&#8211; S.B. OKHOTNIKOV, A.S. OSTROVERKHOV&#8211;deschide varianta PDF&#8211; LIVIA BUZOIANU&#8211;deschide varianta PDF&#8211; MIHAI IRIMIA&#8211;deschide varianta PDF&#8211; MARIA B\u0102RBULESCU, ADRIAN R\u0102DULESCU&#8211;deschide varianta PDF&#8211; CRISTIAN MATEI&#8211;deschide varianta PDF&#8211; ZAHARIA COVACEF, CECILIA PA\u015eCA&#8211;deschide varianta PDF&#8211; MIHAI BUCOVAL\u0102, CECILIA PA\u015eCA&#8211;deschide varianta PDF&#8211; [&hellip;]<\/p>\n","protected":false},"author":2,"featured_media":0,"comment_status":"closed","ping_status":"closed","sticky":false,"template":"","format":"standard","meta":{"footnotes":""},"categories":[18],"tags":[],"class_list":["post-1481","post","type-post","status-publish","format-standard","hentry","category-revista"],"_links":{"self":[{"href":"https:\/\/revistapontica.com\/en\/wp-json\/wp\/v2\/posts\/1481","targetHints":{"allow":["GET"]}}],"collection":[{"href":"https:\/\/revistapontica.com\/en\/wp-json\/wp\/v2\/posts"}],"about":[{"href":"https:\/\/revistapontica.com\/en\/wp-json\/wp\/v2\/types\/post"}],"author":[{"embeddable":true,"href":"https:\/\/revistapontica.com\/en\/wp-json\/wp\/v2\/users\/2"}],"replies":[{"embeddable":true,"href":"https:\/\/revistapontica.com\/en\/wp-json\/wp\/v2\/comments?post=1481"}],"version-history":[{"count":5,"href":"https:\/\/revistapontica.com\/en\/wp-json\/wp\/v2\/posts\/1481\/revisions"}],"predecessor-version":[{"id":2436,"href":"https:\/\/revistapontica.com\/en\/wp-json\/wp\/v2\/posts\/1481\/revisions\/2436"}],"wp:attachment":[{"href":"https:\/\/revistapontica.com\/en\/wp-json\/wp\/v2\/media?parent=1481"}],"wp:term":[{"taxonomy":"category","embeddable":true,"href":"https:\/\/revistapontica.com\/en\/wp-json\/wp\/v2\/categories?post=1481"},{"taxonomy":"post_tag","embeddable":true,"href":"https:\/\/revistapontica.com\/en\/wp-json\/wp\/v2\/tags?post=1481"}],"curies":[{"name":"wp","href":"https:\/\/api.w.org\/{rel}","templated":true}]}}