{"id":1483,"date":"2026-04-26T15:17:17","date_gmt":"2026-04-26T12:17:17","guid":{"rendered":"https:\/\/revistapontica.com\/?p=1483"},"modified":"2026-04-29T23:15:33","modified_gmt":"2026-04-29T20:15:33","slug":"pontica-nr-23-1990","status":"publish","type":"post","link":"https:\/\/revistapontica.com\/en\/pontica-nr-23-1990\/","title":{"rendered":"Pontica Nr. 23 (1990)"},"content":{"rendered":"<div class=\"wp-block-image\">\n<figure class=\"aligncenter size-large is-resized\"><img fetchpriority=\"high\" decoding=\"async\" width=\"657\" height=\"1024\" src=\"https:\/\/revistapontica.com\/wp-content\/uploads\/2026\/04\/pontica-23-657x1024.jpg\" alt=\"\" class=\"wp-image-1549\" style=\"width:548px;height:auto\" srcset=\"https:\/\/revistapontica.com\/wp-content\/uploads\/2026\/04\/pontica-23-657x1024.jpg 657w, https:\/\/revistapontica.com\/wp-content\/uploads\/2026\/04\/pontica-23-193x300.jpg 193w, https:\/\/revistapontica.com\/wp-content\/uploads\/2026\/04\/pontica-23-768x1197.jpg 768w, https:\/\/revistapontica.com\/wp-content\/uploads\/2026\/04\/pontica-23-8x12.jpg 8w, https:\/\/revistapontica.com\/wp-content\/uploads\/2026\/04\/pontica-23.jpg 770w\" sizes=\"(max-width: 657px) 100vw, 657px\" \/><\/figure>\n<\/div>\n\n\n<div style=\"height:50px\" aria-hidden=\"true\" class=\"wp-block-spacer\"><\/div>\n\n\n\n<div class=\"wp-block-buttons is-content-justification-center is-layout-flex wp-container-core-buttons-is-layout-16018d1d wp-block-buttons-is-layout-flex\">\n<div class=\"wp-block-button is-style-outline is-style-outline--1\"><a class=\"wp-block-button__link has-small-font-size has-custom-font-size wp-element-button\" href=\"https:\/\/revistapontica.com\/wp-content\/uploads\/2026\/04\/569-Pontica-23-1990.pdf\" style=\"border-top-left-radius:0px;border-top-right-radius:0px;border-bottom-left-radius:0px;border-bottom-right-radius:0px\"><strong>OPEN PONTICA NO. 23 \u2013 FULL VARIANT IN .PDF FORMAT<\/strong> (87 Mb)<\/a><\/div>\n<\/div>\n\n\n\n<div style=\"height:50px\" aria-hidden=\"true\" class=\"wp-block-spacer\"><\/div>\n\n\n\n<p class=\"has-text-align-center\"><strong>SUMMARY<\/strong><br>&#8211;<a href=\"https:\/\/revistapontica.com\/wp-content\/uploads\/2026\/04\/569-1-Pontica-23-1990-Sumar.pdf\" data-type=\"link\" data-id=\"https:\/\/revistapontica.com\/wp-content\/uploads\/2026\/04\/569-1-Pontica-23-1990-Sumar.pdf\">view the PDF version<\/a>&#8211;<\/p>\n\n\n\n<hr class=\"wp-block-separator has-alpha-channel-opacity\"\/>\n\n\n\n<details class=\"wp-block-details is-layout-flow wp-block-details-is-layout-flow\"><summary>Folosirea aramei \u00een cursul epocii neolitice pe teritoriul Dobrogei<\/summary>\n<p><\/p>\n<\/details>\n\n\n\n<p class=\"has-text-align-center\"><strong><strong><strong><strong>EUGEN COM\u015eA<\/strong><\/strong><\/strong><\/strong><br>&#8211;<a href=\"https:\/\/revistapontica.com\/wp-content\/uploads\/2026\/04\/570-Pontica-23-1990-EUGEN-COMSA-\u2013-Folosirea-aramei-in-cursul-epocii-neolitice-pe-teritoriul-Dobrogei.pdf\" data-type=\"link\" data-id=\"https:\/\/revistapontica.com\/wp-content\/uploads\/2026\/04\/570-Pontica-23-1990-EUGEN-COMSA-\u2013-Folosirea-aramei-in-cursul-epocii-neolitice-pe-teritoriul-Dobrogei.pdf\">view the PDF version<\/a>&#8211;<\/p>\n\n\n\n<hr class=\"wp-block-separator has-alpha-channel-opacity\"\/>\n\n\n\n<details class=\"wp-block-details is-layout-flow wp-block-details-is-layout-flow\"><summary>Influen\u0163e liniare \u00een cadrul ceramicii culturii Hamangia<\/summary>\n<p><\/p>\n<\/details>\n\n\n\n<p class=\"has-text-align-center\"><strong><strong><strong>PUIU HA\u015eOTTI<\/strong><\/strong><\/strong><br>&#8211;<a href=\"https:\/\/revistapontica.com\/wp-content\/uploads\/2026\/04\/571-Pontica-23-1990-PUIU-HASOTTI-\u2013-Influente-liniare-in-cadrul-ceramicii-culturii-Hamangia.pdf\" data-type=\"link\" data-id=\"https:\/\/revistapontica.com\/wp-content\/uploads\/2026\/04\/571-Pontica-23-1990-PUIU-HASOTTI-\u2013-Influente-liniare-in-cadrul-ceramicii-culturii-Hamangia.pdf\">view the PDF version<\/a>&#8211;<\/p>\n\n\n\n<hr class=\"wp-block-separator has-alpha-channel-opacity\"\/>\n\n\n\n<details class=\"wp-block-details is-layout-flow wp-block-details-is-layout-flow\"><summary>Constan\u0163a, 2250<\/summary>\n<p><\/p>\n<\/details>\n\n\n\n<p class=\"has-text-align-center\"><strong>A<strong><strong>DRIAN R\u0102DULESCU \u2013 <\/strong><\/strong><\/strong><br>&#8211;<a href=\"https:\/\/revistapontica.com\/wp-content\/uploads\/2026\/04\/572-Pontica-23-1990-ADRIAN-RADULESCU-\u2013-Constanta-2250.pdf\" data-type=\"link\" data-id=\"https:\/\/revistapontica.com\/wp-content\/uploads\/2026\/04\/572-Pontica-23-1990-ADRIAN-RADULESCU-\u2013-Constanta-2250.pdf\">view the PDF version<\/a>&#8211;<\/p>\n\n\n\n<hr class=\"wp-block-separator has-alpha-channel-opacity\"\/>\n\n\n\n<details class=\"wp-block-details is-layout-flow wp-block-details-is-layout-flow\"><summary>Importuri amforice la Albe\u015fti (jud. Constan\u0163a) &#8211; Chersonesul Tauric, Cnidos, Cos, Paros<\/summary>\n<p><\/p>\n<\/details>\n\n\n\n<p class=\"has-text-align-center\"><strong><strong><strong>A. R\u0102DULESCU, M. B\u0102RBULESCU, L. BUZOIANU<\/strong><\/strong><\/strong><br>&#8211;<a href=\"https:\/\/revistapontica.com\/wp-content\/uploads\/2026\/04\/573-Pontica-23-1990-A.-RADULESCU-M.-BARBULESCU-L.-BUZOIANU-\u2013-Importuri-amforice-la-Albesti-jud.-Constanta-Chersonesul-Tauric-Cnidos-Cos-Paros.pdf\" data-type=\"link\" data-id=\"https:\/\/revistapontica.com\/wp-content\/uploads\/2026\/04\/573-Pontica-23-1990-A.-RADULESCU-M.-BARBULESCU-L.-BUZOIANU-\u2013-Importuri-amforice-la-Albesti-jud.-Constanta-Chersonesul-Tauric-Cnidos-Cos-Paros.pdf\">view the PDF version<\/a>&#8211;<\/p>\n\n\n\n<hr class=\"wp-block-separator has-alpha-channel-opacity\"\/>\n\n\n\n<details class=\"wp-block-details is-layout-flow wp-block-details-is-layout-flow\"><summary>Pentru un catalog complet al importurilor amforice la Albe\u015fti (jud. Constan\u0163a)<\/summary>\n<p><\/p>\n<\/details>\n\n\n\n<p class=\"has-text-align-center\"><strong><strong>M. B\u0102RBULESCU, L. BUZOIANU, N. CHELU\u0162\u0102-GEORGESCU<\/strong><\/strong><br>&#8211;<a href=\"https:\/\/revistapontica.com\/wp-content\/uploads\/2026\/04\/574-Pontica-23-1990-M.-BARBULESCU-L.-BUZOIANU-N.-CHELUTA-GEORGESCU-\u2013-Pentru-un-catalog-complet-al-importurilor-amforice-la-Albesti-jud.-Constanta.pdf\" data-type=\"link\" data-id=\"https:\/\/revistapontica.com\/wp-content\/uploads\/2026\/04\/574-Pontica-23-1990-M.-BARBULESCU-L.-BUZOIANU-N.-CHELUTA-GEORGESCU-\u2013-Pentru-un-catalog-complet-al-importurilor-amforice-la-Albesti-jud.-Constanta.pdf\">view the PDF version<\/a>&#8211;<\/p>\n\n\n\n<hr class=\"wp-block-separator has-alpha-channel-opacity\"\/>\n\n\n\n<details class=\"wp-block-details is-layout-flow wp-block-details-is-layout-flow\"><summary>S\u0103p\u0103turile arheologice \u00een a\u015fezarea getic\u0103 fortificat\u0103 de la Satu Nou, com Oltina, jud. Constan\u0163a \u2013 campania 1989<\/summary>\n<p><\/p>\n<\/details>\n\n\n\n<p class=\"has-text-align-center\"><strong><strong>MIHAI IRIMIA, NICULAE CONOVICI<\/strong><\/strong><br>&#8211;<a href=\"https:\/\/revistapontica.com\/wp-content\/uploads\/2026\/04\/575-Pontica-23-1990-MIHAI-IRIMIA-NICULAE-CONOVICI-\u2013-Sapaturile-arheologice-in-asezarea-getica-fortificata-de-la-Satu-Nou-com-Oltina-jud.-Constanta-\u2013-campania-1989.pdf\" data-type=\"link\" data-id=\"https:\/\/revistapontica.com\/wp-content\/uploads\/2026\/04\/575-Pontica-23-1990-MIHAI-IRIMIA-NICULAE-CONOVICI-\u2013-Sapaturile-arheologice-in-asezarea-getica-fortificata-de-la-Satu-Nou-com-Oltina-jud.-Constanta-\u2013-campania-1989.pdf\">view the PDF version<\/a>&#8211;<\/p>\n\n\n\n<hr class=\"wp-block-separator has-alpha-channel-opacity\"\/>\n\n\n\n<details class=\"wp-block-details is-layout-flow wp-block-details-is-layout-flow\"><summary>Urbanizarea Dobrogei romane<\/summary>\n<p><\/p>\n<\/details>\n\n\n\n<p class=\"has-text-align-center\"><strong><strong>RADU FLORESCU<\/strong><\/strong><br>&#8211;<a href=\"https:\/\/revistapontica.com\/wp-content\/uploads\/2026\/04\/576-Pontica-23-1990-RADU-FLORESCU-\u2013-Urbanizarea-Dobrogei-romane.pdf\" data-type=\"link\" data-id=\"https:\/\/revistapontica.com\/wp-content\/uploads\/2026\/04\/576-Pontica-23-1990-RADU-FLORESCU-\u2013-Urbanizarea-Dobrogei-romane.pdf\">view the PDF version<\/a>&#8211;<\/p>\n\n\n\n<hr class=\"wp-block-separator has-alpha-channel-opacity\"\/>\n\n\n\n<details class=\"wp-block-details is-layout-flow wp-block-details-is-layout-flow\"><summary>Unele considera\u0163ii privind sculptura laic\u0103 \u00een Dobrogea roman\u0103<\/summary>\n<p><\/p>\n<\/details>\n\n\n\n<p class=\"has-text-align-center\"><strong><strong>ZAHARIA COVACEF<\/strong><\/strong><br>&#8211;<a href=\"https:\/\/revistapontica.com\/wp-content\/uploads\/2026\/04\/577-Pontica-23-1990-ZAHARIA-COVACEF-\u2013-Unele-consideratii-privind-sculptura-laica-in-Dobrogea-romana.pdf\" data-type=\"link\" data-id=\"https:\/\/revistapontica.com\/wp-content\/uploads\/2026\/04\/577-Pontica-23-1990-ZAHARIA-COVACEF-\u2013-Unele-consideratii-privind-sculptura-laica-in-Dobrogea-romana.pdf\">view the PDF version<\/a>&#8211;<\/p>\n\n\n\n<hr class=\"wp-block-separator has-alpha-channel-opacity\"\/>\n\n\n\n<details class=\"wp-block-details is-layout-flow wp-block-details-is-layout-flow\"><summary>Cercet\u0103rile arheologice din a\u015fez\u0103rile romane de la Cogealac<\/summary>\n<p><\/p>\n<\/details>\n\n\n\n<p class=\"has-text-align-center\"><strong><strong>VIRGIL LUNGU, OCTAVIAN BOUNEGRU, ALEXANDRU AVRAM<\/strong><\/strong><br>&#8211;<a href=\"https:\/\/revistapontica.com\/wp-content\/uploads\/2026\/04\/578-Pontica-23-1990-VIRGIL-LUNGU-OCTAVIAN-BOUNEGRU-ALEXANDRU-AVRAM-\u2013-Cercetarile-arheologice-din-asezarile-romane-de-la-Cogealac.pdf\" data-type=\"link\" data-id=\"https:\/\/revistapontica.com\/wp-content\/uploads\/2026\/04\/578-Pontica-23-1990-VIRGIL-LUNGU-OCTAVIAN-BOUNEGRU-ALEXANDRU-AVRAM-\u2013-Cercetarile-arheologice-din-asezarile-romane-de-la-Cogealac.pdf\">view the PDF version<\/a>&#8211;<\/p>\n\n\n\n<hr class=\"wp-block-separator has-alpha-channel-opacity\"\/>\n\n\n\n<details class=\"wp-block-details is-layout-flow wp-block-details-is-layout-flow\"><summary>Din nou despre gema cre\u015ftin\u0103 de la Constan\u0163a<\/summary>\n<p><\/p>\n<\/details>\n\n\n\n<p class=\"has-text-align-center\"><strong><strong>VIRGIL LUNGU, CONSTANTIN CHERA<\/strong><\/strong><br>&#8211;<a href=\"https:\/\/revistapontica.com\/wp-content\/uploads\/2026\/04\/579-Pontica-23-1990-VIRGIL-LUNGU-CONSTANTIN-CHERA-\u2013-Din-nou-despre-gema-crestina-de-la-Constanta.pdf\" data-type=\"link\" data-id=\"https:\/\/revistapontica.com\/wp-content\/uploads\/2026\/04\/579-Pontica-23-1990-VIRGIL-LUNGU-CONSTANTIN-CHERA-\u2013-Din-nou-despre-gema-crestina-de-la-Constanta.pdf\">view the PDF version<\/a>&#8211;<\/p>\n\n\n\n<hr class=\"wp-block-separator has-alpha-channel-opacity\"\/>\n\n\n\n<details class=\"wp-block-details is-layout-flow wp-block-details-is-layout-flow\"><summary>Raport preliminar asupra s\u0103p\u0103turilor arheologice de salvare de la Mihai Bravu, jud. Tulcea \u2013 a\u015fezarea nr. 2<\/summary>\n<p><\/p>\n<\/details>\n\n\n\n<p class=\"has-text-align-center\"><strong><strong>GH. M\u0102NUCU-ADAME\u015eTEANU<\/strong><\/strong><br>&#8211;<a href=\"https:\/\/revistapontica.com\/wp-content\/uploads\/2026\/04\/580-Pontica-23-1990-GH.-MANUCU-ADAMESTEANU-\u2013-Raport-preliminar-asupra-sapaturilor-arheologice-de-salvare-de-la-Mihai-Bravu-jud.-Tulcea-\u2013-asezarea-nr.-2.pdf\" data-type=\"link\" data-id=\"https:\/\/revistapontica.com\/wp-content\/uploads\/2026\/04\/580-Pontica-23-1990-GH.-MANUCU-ADAMESTEANU-\u2013-Raport-preliminar-asupra-sapaturilor-arheologice-de-salvare-de-la-Mihai-Bravu-jud.-Tulcea-\u2013-asezarea-nr.-2.pdf\">view the PDF version<\/a>&#8211;<\/p>\n\n\n\n<hr class=\"wp-block-separator has-alpha-channel-opacity\"\/>\n\n\n\n<details class=\"wp-block-details is-layout-flow wp-block-details-is-layout-flow\"><summary>Un depozit de denari romani republicani descoperit la Mangalia<\/summary>\n<p><\/p>\n<\/details>\n\n\n\n<p class=\"has-text-align-center\"><strong><strong>ANTOANETA VERTAN, NICOLAE GEORGESCU, RADU OCHE\u015eEANU<\/strong><\/strong><br>&#8211;<a href=\"https:\/\/revistapontica.com\/wp-content\/uploads\/2026\/04\/581-Pontica-23-1990-ANTOANETA-VERTAN-NICOLAE-GEORGESCU-RADU-OCHESEANU-\u2013-Un-depozit-de-denari-romani-republicani-descoperit-la-Mangalia.pdf\" data-type=\"link\" data-id=\"https:\/\/revistapontica.com\/wp-content\/uploads\/2026\/04\/581-Pontica-23-1990-ANTOANETA-VERTAN-NICOLAE-GEORGESCU-RADU-OCHESEANU-\u2013-Un-depozit-de-denari-romani-republicani-descoperit-la-Mangalia.pdf\">view the PDF version<\/a>&#8211;<\/p>\n\n\n\n<hr class=\"wp-block-separator has-alpha-channel-opacity\"\/>\n\n\n\n<details class=\"wp-block-details is-layout-flow wp-block-details-is-layout-flow\"><summary>Descoperiri monetare \u00een a\u015fez\u0103rile rurale din Dobrogea roman\u0103 (14 d.Cr.-270 d.Cr.)<\/summary>\n<p><\/p>\n<\/details>\n\n\n\n<p class=\"has-text-align-center\"><strong><strong>MARIA B\u0102RBULESCU, RADU OCHE\u015eEANU<\/strong><br><\/strong>&#8211;<a href=\"https:\/\/revistapontica.com\/wp-content\/uploads\/2026\/04\/582-Pontica-23-1990-MARIA-BARBULESCU-RADU-OCHESEANU-\u2013-Descoperiri-monetare-in-asezarile-rurale-din-Dobrogea-romana-14-d.Cr_.-270-d.Cr_.pdf\" data-type=\"link\" data-id=\"https:\/\/revistapontica.com\/wp-content\/uploads\/2026\/04\/582-Pontica-23-1990-MARIA-BARBULESCU-RADU-OCHESEANU-\u2013-Descoperiri-monetare-in-asezarile-rurale-din-Dobrogea-romana-14-d.Cr_.-270-d.Cr_.pdf\">view the PDF version<\/a>&#8211;<\/p>\n\n\n\n<hr class=\"wp-block-separator has-alpha-channel-opacity\"\/>\n\n\n\n<details class=\"wp-block-details is-layout-flow wp-block-details-is-layout-flow\"><summary>Un tezaur de monede de bronz din vremea \u00eemp\u0103ratului Constantin cel Mare descoperit la Tomis<\/summary>\n<p><\/p>\n<\/details>\n\n\n\n<p class=\"has-text-align-center\"><strong><strong>GH. POENARU-BORDEA, R. OCHE\u015eEANU, A. SMARANDA, A. DIACONU<\/strong><\/strong><br>&#8211;<a href=\"https:\/\/revistapontica.com\/wp-content\/uploads\/2026\/04\/583-Pontica-23-1990-GH.-POENARU-BORDEA-R.-OCHESEANU-A.-SMARANDA-A.-DIACONU-\u2013-Un-tezaur-de-monede-de-bronz-din-vremea-imparatului-Constantin-cel-Mare-descoperit-la-Tomis.pdf\" data-type=\"link\" data-id=\"https:\/\/revistapontica.com\/wp-content\/uploads\/2026\/04\/583-Pontica-23-1990-GH.-POENARU-BORDEA-R.-OCHESEANU-A.-SMARANDA-A.-DIACONU-\u2013-Un-tezaur-de-monede-de-bronz-din-vremea-imparatului-Constantin-cel-Mare-descoperit-la-Tomis.pdf\">view the PDF version<\/a>&#8211;<\/p>\n\n\n\n<hr class=\"wp-block-separator has-alpha-channel-opacity\"\/>\n\n\n\n<details class=\"wp-block-details is-layout-flow wp-block-details-is-layout-flow\"><summary>Tezaurul de monede romane t\u00e2rzii descoperit la Be\u015ftepe<\/summary>\n<p><\/p>\n<\/details>\n\n\n\n<p class=\"has-text-align-center\"><strong>GHEORGHE POENARU-BORDEA, RADU OCHE\u015eEANU<br><\/strong>&#8211;<a href=\"https:\/\/revistapontica.com\/wp-content\/uploads\/2026\/04\/584-Pontica-23-1990-GHEORGHE-POENARU-BORDEA-RADU-OCHESEANU-\u2013-Tezaurul-de-monede-romane-tarzii-descoperit-la-Bestepe.pdf\" data-type=\"link\" data-id=\"https:\/\/revistapontica.com\/wp-content\/uploads\/2026\/04\/584-Pontica-23-1990-GHEORGHE-POENARU-BORDEA-RADU-OCHESEANU-\u2013-Tezaurul-de-monede-romane-tarzii-descoperit-la-Bestepe.pdf\">view the PDF version<\/a>&#8211;<\/p>\n\n\n\n<hr class=\"wp-block-separator has-alpha-channel-opacity\"\/>\n\n\n\n<details class=\"wp-block-details is-layout-flow wp-block-details-is-layout-flow\"><summary>Sigilii bizantine inedite din Dobrogea (III)<\/summary>\n<p><\/p>\n<\/details>\n\n\n\n<p class=\"has-text-align-center\"><strong><strong>ION BARNEA<\/strong><\/strong><br>&#8211;<a href=\"https:\/\/revistapontica.com\/wp-content\/uploads\/2026\/04\/585-Pontica-23-1990-ION-BARNEA-\u2013-Sigilii-bizantine-inedite-din-Dobrogea-III.pdf\" data-type=\"link\" data-id=\"https:\/\/revistapontica.com\/wp-content\/uploads\/2026\/04\/585-Pontica-23-1990-ION-BARNEA-\u2013-Sigilii-bizantine-inedite-din-Dobrogea-III.pdf\">view the PDF version<\/a>&#8211;<\/p>\n\n\n\n<hr class=\"wp-block-separator has-alpha-channel-opacity\"\/>\n\n\n\n<details class=\"wp-block-details is-layout-flow wp-block-details-is-layout-flow\"><summary>S\u0103p\u0103turile arheologice de salvare din zona nordic\u0103 a necropolei tumulare de la Callatis<\/summary>\n<p><\/p>\n<\/details>\n\n\n\n<p class=\"has-text-align-center\"><strong><strong>OCTAVIAN BOUNEGRU, ELENA B\u00c2RL\u0102DEANU<\/strong><\/strong><br>&#8211;<a href=\"https:\/\/revistapontica.com\/wp-content\/uploads\/2026\/04\/586-Pontica-23-1990-OCTAVIAN-BOUNEGRU-ELENA-BARLADEANU-\u2013-Sapaturile-arheologice-de-salvare-din-zona-nordica-a-necropolei-tumulare-de-la-Callatis.pdf\" data-type=\"link\" data-id=\"https:\/\/revistapontica.com\/wp-content\/uploads\/2026\/04\/586-Pontica-23-1990-OCTAVIAN-BOUNEGRU-ELENA-BARLADEANU-\u2013-Sapaturile-arheologice-de-salvare-din-zona-nordica-a-necropolei-tumulare-de-la-Callatis.pdf\">view the PDF version<\/a>&#8211;<\/p>\n\n\n\n<hr class=\"wp-block-separator has-alpha-channel-opacity\"\/>\n\n\n\n<details class=\"wp-block-details is-layout-flow wp-block-details-is-layout-flow\"><summary>Un morm\u00e2nt de secolul IV \u00ee.e.n. de la C\u0103scioarele, punctul \u201eGhe\u0163\u0103rie\u201d (jud. C\u0103l\u0103ra\u015fi)<\/summary>\n<p><\/p>\n<\/details>\n\n\n\n<p class=\"has-text-align-center\"><strong><strong>MIRCEA MUNTEANU<\/strong><\/strong><br>&#8211;<a href=\"https:\/\/revistapontica.com\/wp-content\/uploads\/2026\/04\/587-Pontica-23-1990-MIRCEA-MUNTEANU-\u2013-Un-mormant-de-secolul-IV-i.e.n.-de-la-Cascioarele-punctul-\u201eGhetarie-jud.-Calarasi.pdf\" data-type=\"link\" data-id=\"https:\/\/revistapontica.com\/wp-content\/uploads\/2026\/04\/587-Pontica-23-1990-MIRCEA-MUNTEANU-\u2013-Un-mormant-de-secolul-IV-i.e.n.-de-la-Cascioarele-punctul-\u201eGhetarie-jud.-Calarasi.pdf\">view the PDF version<\/a>&#8211;<\/p>\n\n\n\n<hr class=\"wp-block-separator has-alpha-channel-opacity\"\/>\n\n\n\n<details class=\"wp-block-details is-layout-flow wp-block-details-is-layout-flow\"><summary>Un medalion de la Commodus descoperit la Tomis<\/summary>\n<p><\/p>\n<\/details>\n\n\n\n<p class=\"has-text-align-center\"><strong><strong>COSTEL CHIRIAC<\/strong><\/strong><br>&#8211;<a href=\"https:\/\/revistapontica.com\/wp-content\/uploads\/2026\/04\/588-Pontica-23-1990-COSTEL-CHIRIAC-\u2013-Un-medalion-de-la-Commodus-descoperit-la-Tomis.pdf\" data-type=\"link\" data-id=\"https:\/\/revistapontica.com\/wp-content\/uploads\/2026\/04\/588-Pontica-23-1990-COSTEL-CHIRIAC-\u2013-Un-medalion-de-la-Commodus-descoperit-la-Tomis.pdf\">view the PDF version<\/a>&#8211;<\/p>\n\n\n\n<hr class=\"wp-block-separator has-alpha-channel-opacity\"\/>\n\n\n\n<details class=\"wp-block-details is-layout-flow wp-block-details-is-layout-flow\"><summary>Studiu privind inciden\u0163a afec\u0163iunilor dentare \u00een epoca romano-bizantin\u0103 la Tomis<\/summary>\n<p><\/p>\n<\/details>\n\n\n\n<p class=\"has-text-align-center\"><strong>\u015eTEFAN CERNEGA, MIHAI BUCOVAL\u0102<\/strong><br>&#8211;<a href=\"https:\/\/revistapontica.com\/wp-content\/uploads\/2026\/04\/589-Pontica-23-1990-STEFAN-CERNEGA-MIHAI-BUCOVALA-\u2013-Studiu-privind-incidenta-afectiunilor-dentare-in-epoca-romano-bizantina-la-Tomis.pdf\" data-type=\"link\" data-id=\"https:\/\/revistapontica.com\/wp-content\/uploads\/2026\/04\/589-Pontica-23-1990-STEFAN-CERNEGA-MIHAI-BUCOVALA-\u2013-Studiu-privind-incidenta-afectiunilor-dentare-in-epoca-romano-bizantina-la-Tomis.pdf\">view the PDF version<\/a>&#8211;<\/p>\n\n\n\n<hr class=\"wp-block-separator has-alpha-channel-opacity\"\/>\n\n\n\n<details class=\"wp-block-details is-layout-flow wp-block-details-is-layout-flow\"><summary>Pandantiv foliaceu descoperit \u00een Dobrogea<\/summary>\n<p><\/p>\n<\/details>\n\n\n\n<p class=\"has-text-align-center\"><strong><strong>TUDOR PAPASIMA<\/strong><\/strong><br>&#8211;<a href=\"https:\/\/revistapontica.com\/wp-content\/uploads\/2026\/04\/590-Pontica-23-1990-TUDOR-PAPASIMA-\u2013-Pandantiv-foliaceu-descoperit-in-Dobrogea.pdf\" data-type=\"link\" data-id=\"https:\/\/revistapontica.com\/wp-content\/uploads\/2026\/04\/590-Pontica-23-1990-TUDOR-PAPASIMA-\u2013-Pandantiv-foliaceu-descoperit-in-Dobrogea.pdf\">view the PDF version<\/a>&#8211;<\/p>\n\n\n\n<hr class=\"wp-block-separator has-alpha-channel-opacity\"\/>\n\n\n\n<details class=\"wp-block-details is-layout-flow wp-block-details-is-layout-flow\"><summary>Din nou despre producerea local\u0103 a ceramicii glazurate cu decor \u00een sgraffito la P\u0103cuiul lui Soare<\/summary>\n<p><\/p>\n<\/details>\n\n\n\n<p class=\"has-text-align-center\"><strong><strong>TUDOR PAPASIMA<\/strong><\/strong><br>&#8211;<a href=\"https:\/\/revistapontica.com\/wp-content\/uploads\/2026\/04\/591-Pontica-23-1990-TUDOR-PAPASIMA-\u2013-Din-nou-despre-producerea-locala-a-ceramicii-glazurate-cu-decor-in-sgraffito-la-Pacuiul-lui-Soare.pdf\" data-type=\"link\" data-id=\"https:\/\/revistapontica.com\/wp-content\/uploads\/2026\/04\/591-Pontica-23-1990-TUDOR-PAPASIMA-\u2013-Din-nou-despre-producerea-locala-a-ceramicii-glazurate-cu-decor-in-sgraffito-la-Pacuiul-lui-Soare.pdf\">view the PDF version<\/a>&#8211;<\/p>\n\n\n\n<hr class=\"wp-block-separator has-alpha-channel-opacity\"\/>\n\n\n\n<details class=\"wp-block-details is-layout-flow wp-block-details-is-layout-flow\"><summary>Bibliografia ovidian\u0103 \u00een Rom\u00e2nia (1957-1971)<\/summary>\n<p><\/p>\n<\/details>\n\n\n\n<p class=\"has-text-align-center\"><strong><strong>NICOLAE LASCU \u2013 <\/strong><\/strong><br>&#8211;<a href=\"https:\/\/revistapontica.com\/wp-content\/uploads\/2026\/04\/592-Pontica-23-1990-NICOLAE-LASCU-\u2013-Bibliografia-ovidiana-in-Romania-1957-1971.pdf\" data-type=\"link\" data-id=\"https:\/\/revistapontica.com\/wp-content\/uploads\/2026\/04\/592-Pontica-23-1990-NICOLAE-LASCU-\u2013-Bibliografia-ovidiana-in-Romania-1957-1971.pdf\">view the PDF version<\/a>&#8211;<\/p>","protected":false},"excerpt":{"rendered":"<p>SUMAR&#8211;deschide varianta PDF&#8211; EUGEN COM\u015eA&#8211;deschide varianta PDF&#8211; PUIU HA\u015eOTTI&#8211;deschide varianta PDF&#8211; ADRIAN R\u0102DULESCU \u2013 &#8211;deschide varianta PDF&#8211; A. R\u0102DULESCU, M. B\u0102RBULESCU, L. BUZOIANU&#8211;deschide varianta PDF&#8211; M. B\u0102RBULESCU, L. BUZOIANU, N. CHELU\u0162\u0102-GEORGESCU&#8211;deschide varianta PDF&#8211; MIHAI IRIMIA, NICULAE CONOVICI&#8211;deschide varianta PDF&#8211; RADU FLORESCU&#8211;deschide varianta PDF&#8211; ZAHARIA COVACEF&#8211;deschide varianta PDF&#8211; VIRGIL LUNGU, OCTAVIAN BOUNEGRU, ALEXANDRU AVRAM&#8211;deschide varianta PDF&#8211; [&hellip;]<\/p>\n","protected":false},"author":2,"featured_media":0,"comment_status":"closed","ping_status":"closed","sticky":false,"template":"","format":"standard","meta":{"footnotes":""},"categories":[18],"tags":[],"class_list":["post-1483","post","type-post","status-publish","format-standard","hentry","category-revista"],"_links":{"self":[{"href":"https:\/\/revistapontica.com\/en\/wp-json\/wp\/v2\/posts\/1483","targetHints":{"allow":["GET"]}}],"collection":[{"href":"https:\/\/revistapontica.com\/en\/wp-json\/wp\/v2\/posts"}],"about":[{"href":"https:\/\/revistapontica.com\/en\/wp-json\/wp\/v2\/types\/post"}],"author":[{"embeddable":true,"href":"https:\/\/revistapontica.com\/en\/wp-json\/wp\/v2\/users\/2"}],"replies":[{"embeddable":true,"href":"https:\/\/revistapontica.com\/en\/wp-json\/wp\/v2\/comments?post=1483"}],"version-history":[{"count":5,"href":"https:\/\/revistapontica.com\/en\/wp-json\/wp\/v2\/posts\/1483\/revisions"}],"predecessor-version":[{"id":2462,"href":"https:\/\/revistapontica.com\/en\/wp-json\/wp\/v2\/posts\/1483\/revisions\/2462"}],"wp:attachment":[{"href":"https:\/\/revistapontica.com\/en\/wp-json\/wp\/v2\/media?parent=1483"}],"wp:term":[{"taxonomy":"category","embeddable":true,"href":"https:\/\/revistapontica.com\/en\/wp-json\/wp\/v2\/categories?post=1483"},{"taxonomy":"post_tag","embeddable":true,"href":"https:\/\/revistapontica.com\/en\/wp-json\/wp\/v2\/tags?post=1483"}],"curies":[{"name":"wp","href":"https:\/\/api.w.org\/{rel}","templated":true}]}}