{"id":1487,"date":"2026-04-26T15:15:41","date_gmt":"2026-04-26T12:15:41","guid":{"rendered":"https:\/\/revistapontica.com\/?p=1487"},"modified":"2026-04-29T23:38:44","modified_gmt":"2026-04-29T20:38:44","slug":"pontica-nr-20-1987","status":"publish","type":"post","link":"https:\/\/revistapontica.com\/en\/pontica-nr-20-1987\/","title":{"rendered":"Pontica Nr. 20 (1987)"},"content":{"rendered":"<div class=\"wp-block-image\">\n<figure class=\"aligncenter size-large is-resized\"><img fetchpriority=\"high\" decoding=\"async\" width=\"710\" height=\"1024\" src=\"https:\/\/revistapontica.com\/wp-content\/uploads\/2026\/04\/pontica-20-710x1024.jpg\" alt=\"\" class=\"wp-image-1547\" style=\"width:548px;height:auto\" srcset=\"https:\/\/revistapontica.com\/wp-content\/uploads\/2026\/04\/pontica-20-710x1024.jpg 710w, https:\/\/revistapontica.com\/wp-content\/uploads\/2026\/04\/pontica-20-208x300.jpg 208w, https:\/\/revistapontica.com\/wp-content\/uploads\/2026\/04\/pontica-20-768x1108.jpg 768w, https:\/\/revistapontica.com\/wp-content\/uploads\/2026\/04\/pontica-20-8x12.jpg 8w, https:\/\/revistapontica.com\/wp-content\/uploads\/2026\/04\/pontica-20.jpg 832w\" sizes=\"(max-width: 710px) 100vw, 710px\" \/><\/figure>\n<\/div>\n\n\n<div style=\"height:50px\" aria-hidden=\"true\" class=\"wp-block-spacer\"><\/div>\n\n\n\n<div class=\"wp-block-buttons is-content-justification-center is-layout-flex wp-container-core-buttons-is-layout-16018d1d wp-block-buttons-is-layout-flex\">\n<div class=\"wp-block-button is-style-outline is-style-outline--1\"><a class=\"wp-block-button__link has-small-font-size has-custom-font-size wp-element-button\" href=\"https:\/\/revistapontica.com\/wp-content\/uploads\/2026\/04\/516-Pontica-20-1987.pdf\" style=\"border-top-left-radius:0px;border-top-right-radius:0px;border-bottom-left-radius:0px;border-bottom-right-radius:0px\"><strong>DESCHIDE PONTICA NR. 20 &#8211; VARIANTA COMPLET\u0102 \u00ceN FORMAT .PDF<\/strong> (87 Mb)<\/a><\/div>\n<\/div>\n\n\n\n<div style=\"height:50px\" aria-hidden=\"true\" class=\"wp-block-spacer\"><\/div>\n\n\n\n<p class=\"has-text-align-center\"><strong>SUMAR<\/strong><br>&#8211;<a href=\"https:\/\/revistapontica.com\/wp-content\/uploads\/2026\/04\/516-1-Pontica-20-1987-Sumar.pdf\" data-type=\"link\" data-id=\"https:\/\/revistapontica.com\/wp-content\/uploads\/2026\/04\/516-1-Pontica-20-1987-Sumar.pdf\">deschide varianta PDF<\/a>&#8211;<\/p>\n\n\n\n<hr class=\"wp-block-separator has-alpha-channel-opacity\"\/>\n\n\n\n<p class=\"has-text-align-center\"><strong>Lista abrevierilor<\/strong><br>&#8211;<a href=\"#\" data-type=\"link\" data-id=\"https:\/\/revistapontica.com\/wp-content\/uploads\/2026\/04\/1.2-2022.pdf\">desc<\/a><a href=\"https:\/\/revistapontica.com\/wp-content\/uploads\/2026\/04\/516-2-Pontica-20-1987-Lista-prescurtarilor.pdf\" data-type=\"link\" data-id=\"https:\/\/revistapontica.com\/wp-content\/uploads\/2026\/04\/516-2-Pontica-20-1987-Lista-prescurtarilor.pdf\">h<\/a><a href=\"#\" data-type=\"link\" data-id=\"https:\/\/revistapontica.com\/wp-content\/uploads\/2026\/04\/1.2-2022.pdf\">ide varianta PDF<\/a>&#8211;<\/p>\n\n\n\n<hr class=\"wp-block-separator has-alpha-channel-opacity\"\/>\n\n\n\n<details class=\"wp-block-details is-layout-flow wp-block-details-is-layout-flow\"><summary>Istoricul cercet\u0103rilor arheologice privind epoca neolitic\u0103 de pe teritoriul Dobrogei (1878-1944)<\/summary>\n<p><\/p>\n<\/details>\n\n\n\n<p class=\"has-text-align-center\"><strong><strong><strong><strong>EUGEN COM\u015eA<\/strong><\/strong><\/strong><\/strong><br>&#8211;<a href=\"https:\/\/revistapontica.com\/wp-content\/uploads\/2026\/04\/517-Pontica-20-1987-EUGEN-COMSA-\u2013-Istoricul-cercetarilor-arheologice-privind-epoca-neolitica-de-pe-teritoriul-Dobrogei-1878-1944.pdf\" data-type=\"link\" data-id=\"https:\/\/revistapontica.com\/wp-content\/uploads\/2026\/04\/517-Pontica-20-1987-EUGEN-COMSA-\u2013-Istoricul-cercetarilor-arheologice-privind-epoca-neolitica-de-pe-teritoriul-Dobrogei-1878-1944.pdf\">deschide varianta PDF<\/a>&#8211;<\/p>\n\n\n\n<hr class=\"wp-block-separator has-alpha-channel-opacity\"\/>\n\n\n\n<details class=\"wp-block-details is-layout-flow wp-block-details-is-layout-flow\"><summary>Sondajele din a\u015fezarea culturii Hamangia de la Medgidia \u2013 Satu Nou<\/summary>\n<p><\/p>\n<\/details>\n\n\n\n<p class=\"has-text-align-center\"><strong><strong><strong>PUIU HA\u015eOTTI<\/strong><\/strong><\/strong><br>&#8211;<a href=\"https:\/\/revistapontica.com\/wp-content\/uploads\/2026\/04\/518-Pontica-20-1987-PUIU-HASOTTI-\u2013-Sondajele-din-asezarea-culturii-Hamangia-de-la-Medgidia-\u2013-Satu-Nou.pdf\" data-type=\"link\" data-id=\"https:\/\/revistapontica.com\/wp-content\/uploads\/2026\/04\/518-Pontica-20-1987-PUIU-HASOTTI-\u2013-Sondajele-din-asezarea-culturii-Hamangia-de-la-Medgidia-\u2013-Satu-Nou.pdf\">deschide varianta PDF<\/a>&#8211;<\/p>\n\n\n\n<hr class=\"wp-block-separator has-alpha-channel-opacity\"\/>\n\n\n\n<details class=\"wp-block-details is-layout-flow wp-block-details-is-layout-flow\"><summary>Unele date cu privire la un lot de faun\u0103 descoperit \u00een a\u015fezarea eponim\u0103 de la Hamangia (Baia)<\/summary>\n<p><\/p>\n<\/details>\n\n\n\n<p class=\"has-text-align-center\"><strong><strong><strong>SERGIU HAIMOVICI<\/strong><\/strong><\/strong><br>&#8211;<a href=\"https:\/\/revistapontica.com\/wp-content\/uploads\/2026\/04\/519-Pontica-20-1987-SERGIU-HAIMOVICI-\u2013-Unele-date-cu-privire-la-un-lot-de-fauna-descoperit-in-asezarea-eponima-de-la-Hamangia-Baia.pdf\" data-type=\"link\" data-id=\"https:\/\/revistapontica.com\/wp-content\/uploads\/2026\/04\/519-Pontica-20-1987-SERGIU-HAIMOVICI-\u2013-Unele-date-cu-privire-la-un-lot-de-fauna-descoperit-in-asezarea-eponima-de-la-Hamangia-Baia.pdf\">deschide varianta PDF<\/a>&#8211;<\/p>\n\n\n\n<hr class=\"wp-block-separator has-alpha-channel-opacity\"\/>\n\n\n\n<details class=\"wp-block-details is-layout-flow wp-block-details-is-layout-flow\"><summary>Importuri amforice la Albe\u015fti (jud. Constan\u0163a) &#8211; Rhodos<\/summary>\n<p><\/p>\n<\/details>\n\n\n\n<p class=\"has-text-align-center\"><strong><strong><strong>ADRIAN R\u0102DULESCU, MARIA B\u0102RBULESCU, LIVIA BUZOIANU<\/strong><\/strong><\/strong><br>&#8211;<a href=\"https:\/\/revistapontica.com\/wp-content\/uploads\/2026\/04\/520-Pontica-20-1987-ADRIAN-RADULESCU-MARIA-BARBULESCU-LIVIA-BUZOIANU-\u2013-Importuri-amforice-la-Albesti-jud.-Constanta-Rhodos.pdf\" data-type=\"link\" data-id=\"https:\/\/revistapontica.com\/wp-content\/uploads\/2026\/04\/520-Pontica-20-1987-ADRIAN-RADULESCU-MARIA-BARBULESCU-LIVIA-BUZOIANU-\u2013-Importuri-amforice-la-Albesti-jud.-Constanta-Rhodos.pdf\">deschide varianta PDF<\/a>&#8211;<\/p>\n\n\n\n<hr class=\"wp-block-separator has-alpha-channel-opacity\"\/>\n\n\n\n<details class=\"wp-block-details is-layout-flow wp-block-details-is-layout-flow\"><summary>Tipuri de amfore elenistice descoperite \u00een a\u015fezarea greco-autohton\u0103 de la Albe\u015fti (jud. Constan\u0163a)<\/summary>\n<p><\/p>\n<\/details>\n\n\n\n<p class=\"has-text-align-center\"><strong><strong>MARIA B\u0102RBULESCU, LIVIA BUZOIANU, NICOLAE CHELU\u0162\u0102-GEORGESCU<\/strong><\/strong><br>&#8211;<a href=\"https:\/\/revistapontica.com\/wp-content\/uploads\/2026\/04\/521-Pontica-20-1987-MARIA-BARBULESCU-LIVIA-BUZOIANU-NICOLAE-CHELUTA-GEORGESCU-\u2013-Tipuri-de-amfore-elenistice-descoperite-in-asezarea-greco-autohtona-de-la-Albesti-jud.-Constant.pdf\" data-type=\"link\" data-id=\"https:\/\/revistapontica.com\/wp-content\/uploads\/2026\/04\/521-Pontica-20-1987-MARIA-BARBULESCU-LIVIA-BUZOIANU-NICOLAE-CHELUTA-GEORGESCU-\u2013-Tipuri-de-amfore-elenistice-descoperite-in-asezarea-greco-autohtona-de-la-Albesti-jud.-Constant.pdf\">deschide varianta PDF<\/a>&#8211;<\/p>\n\n\n\n<hr class=\"wp-block-separator has-alpha-channel-opacity\"\/>\n\n\n\n<details class=\"wp-block-details is-layout-flow wp-block-details-is-layout-flow\"><summary>Considera\u0163ii privind unele morminte tumulare din epoca roman\u0103 descoperite \u00een Dobrogea<\/summary>\n<p><\/p>\n<\/details>\n\n\n\n<p class=\"has-text-align-center\"><strong><strong>MIHAI IRIMIA<\/strong><\/strong><br>&#8211;<a href=\"https:\/\/revistapontica.com\/wp-content\/uploads\/2026\/04\/522-Pontica-20-1987-MIHAI-IRIMIA-\u2013-Consideratii-privind-unele-morminte-tumulare-din-epoca-romana-descoperite-in-Dobrogea.pdf\" data-type=\"link\" data-id=\"https:\/\/revistapontica.com\/wp-content\/uploads\/2026\/04\/522-Pontica-20-1987-MIHAI-IRIMIA-\u2013-Consideratii-privind-unele-morminte-tumulare-din-epoca-romana-descoperite-in-Dobrogea.pdf\">deschide varianta PDF<\/a>&#8211;<\/p>\n\n\n\n<hr class=\"wp-block-separator has-alpha-channel-opacity\"\/>\n\n\n\n<details class=\"wp-block-details is-layout-flow wp-block-details-is-layout-flow\"><summary>\u00cenceputurile organiz\u0103rii vamale \u00een Dobrogea roman\u0103<\/summary>\n<p><\/p>\n<\/details>\n\n\n\n<p class=\"has-text-align-center\"><strong><strong>OCTAVIAN BOUNEGRU<\/strong><\/strong><br>&#8211;<a href=\"https:\/\/revistapontica.com\/wp-content\/uploads\/2026\/04\/523-Pontica-20-1987-OCTAVIAN-BOUNEGRU-\u2013-Inceputurile-organizarii-vamale-in-Dobrogea-romana.pdf\" data-type=\"link\" data-id=\"https:\/\/revistapontica.com\/wp-content\/uploads\/2026\/04\/523-Pontica-20-1987-OCTAVIAN-BOUNEGRU-\u2013-Inceputurile-organizarii-vamale-in-Dobrogea-romana.pdf\">deschide varianta PDF<\/a>&#8211;<\/p>\n\n\n\n<hr class=\"wp-block-separator has-alpha-channel-opacity\"\/>\n\n\n\n<details class=\"wp-block-details is-layout-flow wp-block-details-is-layout-flow\"><summary>Tezaurul de monede romane t\u00e2rzii de la Straja (jud. Constan\u0163a)<\/summary>\n<p><\/p>\n<\/details>\n\n\n\n<p class=\"has-text-align-center\"><strong><strong>ANTOANETA VERTAN, RADU OCHE\u015eEANU<\/strong><\/strong><br>&#8211;<a href=\"https:\/\/revistapontica.com\/wp-content\/uploads\/2026\/04\/524-Pontica-20-1987-ANTOANETA-VERTAN-RADU-OCHESEANU-\u2013-Tezaurul-de-monede-romane-tarzii-de-la-Straja-jud.-Constanta.pdf\" data-type=\"link\" data-id=\"https:\/\/revistapontica.com\/wp-content\/uploads\/2026\/04\/524-Pontica-20-1987-ANTOANETA-VERTAN-RADU-OCHESEANU-\u2013-Tezaurul-de-monede-romane-tarzii-de-la-Straja-jud.-Constanta.pdf\">deschide varianta PDF<\/a>&#8211;<\/p>\n\n\n\n<hr class=\"wp-block-separator has-alpha-channel-opacity\"\/>\n\n\n\n<details class=\"wp-block-details is-layout-flow wp-block-details-is-layout-flow\"><summary>Despre monedele din tezaurul de la Suluc \u015fi alte contribu\u0163ii privind aceea\u015fi descoperire<\/summary>\n<p><\/p>\n<\/details>\n\n\n\n<p class=\"has-text-align-center\"><strong><strong>OCTAVIAN ILIESCU<\/strong><\/strong><br>&#8211;<a href=\"https:\/\/revistapontica.com\/wp-content\/uploads\/2026\/04\/525-Pontica-20-1987-OCTAVIAN-ILIESCU-\u2013-Despre-monedele-din-tezaurul-de-la-Suluc-si-alte-contributii-privind-aceeasi-descoperire.pdf\" data-type=\"link\" data-id=\"https:\/\/revistapontica.com\/wp-content\/uploads\/2026\/04\/525-Pontica-20-1987-OCTAVIAN-ILIESCU-\u2013-Despre-monedele-din-tezaurul-de-la-Suluc-si-alte-contributii-privind-aceeasi-descoperire.pdf\">deschide varianta PDF<\/a>&#8211;<\/p>\n\n\n\n<hr class=\"wp-block-separator has-alpha-channel-opacity\"\/>\n\n\n\n<details class=\"wp-block-details is-layout-flow wp-block-details-is-layout-flow\"><summary>O fibul\u0103 digitat\u0103 de la Tropaeum Traiani \u015fi c\u00e2teva considera\u0163ii asupra fibulelor de acest tip<\/summary>\n<p><\/p>\n<\/details>\n\n\n\n<p class=\"has-text-align-center\"><strong><strong>GH. PAPU<\/strong>C<\/strong><br>&#8211;<a href=\"https:\/\/revistapontica.com\/wp-content\/uploads\/2026\/04\/526-Pontica-20-1987-GH.-PAPUC-\u2013-O-fibula-digitata-de-la-Tropaeum-Traiani-si-cateva-consideratii-asupra-fibulelor-de-acest-tip.pdf\" data-type=\"link\" data-id=\"https:\/\/revistapontica.com\/wp-content\/uploads\/2026\/04\/526-Pontica-20-1987-GH.-PAPUC-\u2013-O-fibula-digitata-de-la-Tropaeum-Traiani-si-cateva-consideratii-asupra-fibulelor-de-acest-tip.pdf\">deschide varianta PDF<\/a>&#8211;<\/p>\n\n\n\n<hr class=\"wp-block-separator has-alpha-channel-opacity\"\/>\n\n\n\n<details class=\"wp-block-details is-layout-flow wp-block-details-is-layout-flow\"><summary>Typologie et terminologie de la c\u00e9ramique locale des VIIIe\u2013XIe si\u00e8cles \u2013 la zone du Bas-Danube<\/summary>\n<p><\/p>\n<\/details>\n\n\n\n<p class=\"has-text-align-center\"><strong><strong>VALERIU S\u00ceRBU<\/strong><\/strong><br>&#8211;<a href=\"https:\/\/revistapontica.com\/wp-content\/uploads\/2026\/04\/527-Pontica-20-1987-VALERIU-SIRBU-\u2013-Typologie-et-terminologie-de-la-ceramique-locale-des-VIIIe\u2013XIe-siecles-\u2013-la-zone-du-Bas-Danube.pdf\" data-type=\"link\" data-id=\"https:\/\/revistapontica.com\/wp-content\/uploads\/2026\/04\/527-Pontica-20-1987-VALERIU-SIRBU-\u2013-Typologie-et-terminologie-de-la-ceramique-locale-des-VIIIe\u2013XIe-siecles-\u2013-la-zone-du-Bas-Danube.pdf\">deschide varianta PDF<\/a>&#8211;<\/p>\n\n\n\n<hr class=\"wp-block-separator has-alpha-channel-opacity\"\/>\n\n\n\n<details class=\"wp-block-details is-layout-flow wp-block-details-is-layout-flow\"><summary>Date noi privind circula\u0163ia monetar\u0103 \u00een Dobrogea medieval\u0103<\/summary>\n<p><\/p>\n<\/details>\n\n\n\n<p class=\"has-text-align-center\"><strong><strong>GABRIEL CUSTUREA<\/strong><\/strong><br>&#8211;<a href=\"#\" data-type=\"link\" data-id=\"https:\/\/revistapontica.com\/wp-content\/uploads\/2026\/03\/1-2023.pdf\">deschi<\/a><a href=\"https:\/\/revistapontica.com\/wp-content\/uploads\/2026\/04\/528-Pontica-20-1987-GABRIEL-CUSTUREA-\u2013-Date-noi-privind-circulatia-monetara-in-Dobrogea-medievala.pdf\" data-type=\"link\" data-id=\"https:\/\/revistapontica.com\/wp-content\/uploads\/2026\/04\/528-Pontica-20-1987-GABRIEL-CUSTUREA-\u2013-Date-noi-privind-circulatia-monetara-in-Dobrogea-medievala.pdf\">d<\/a><a href=\"#\" data-type=\"link\" data-id=\"https:\/\/revistapontica.com\/wp-content\/uploads\/2026\/03\/1-2023.pdf\">e varianta PDF<\/a>&#8211;<\/p>\n\n\n\n<hr class=\"wp-block-separator has-alpha-channel-opacity\"\/>\n\n\n\n<details class=\"wp-block-details is-layout-flow wp-block-details-is-layout-flow\"><summary>Date privind circula\u0163ia c\u0103r\u0163ilor rom\u00e2ne\u015fti vechi din secolele al XVII-lea \u015fi al XVIII-lea aflate \u00een patrimoniul jude\u0163ului Constan\u0163a<\/summary>\n<p><\/p>\n<\/details>\n\n\n\n<p class=\"has-text-align-center\"><strong><strong>SIMONA SUCEVEANU<\/strong><br><\/strong>&#8211;<a href=\"https:\/\/revistapontica.com\/wp-content\/uploads\/2026\/04\/529-Pontica-20-1987-SIMONA-SUCEVEANU-\u2013-Date-privind-circulatia-cartilor-romanesti-vechi-din-secolele-al-XVII-lea-si-al-XVIII-lea-aflate-in-patrimoniul-judetului-Constanta.pdf\" data-type=\"link\" data-id=\"https:\/\/revistapontica.com\/wp-content\/uploads\/2026\/04\/529-Pontica-20-1987-SIMONA-SUCEVEANU-\u2013-Date-privind-circulatia-cartilor-romanesti-vechi-din-secolele-al-XVII-lea-si-al-XVIII-lea-aflate-in-patrimoniul-judetului-Constanta.pdf\">deschide varianta PDF<\/a>&#8211;<\/p>\n\n\n\n<hr class=\"wp-block-separator has-alpha-channel-opacity\"\/>\n\n\n\n<details class=\"wp-block-details is-layout-flow wp-block-details-is-layout-flow\"><summary>Construirea \u015fi r\u0103scump\u0103rarea liniei ferate Constan\u0163a-Cernavod\u0103<\/summary>\n<p><\/p>\n<\/details>\n\n\n\n<p class=\"has-text-align-center\"><strong><strong>ANNA MARIA DIANA, GEORGETA LUNGU<\/strong><\/strong><br>&#8211;<a href=\"https:\/\/revistapontica.com\/wp-content\/uploads\/2026\/04\/530-Pontica-20-1987-ANNA-MARIA-DIANA-GEORGETA-LUNGU-\u2013-Construirea-si-rascumpararea-liniei-ferate-Constanta-Cernavoda.pdf\" data-type=\"link\" data-id=\"https:\/\/revistapontica.com\/wp-content\/uploads\/2026\/04\/530-Pontica-20-1987-ANNA-MARIA-DIANA-GEORGETA-LUNGU-\u2013-Construirea-si-rascumpararea-liniei-ferate-Constanta-Cernavoda.pdf\">deschide varianta PDF<\/a>&#8211;<\/p>\n\n\n\n<hr class=\"wp-block-separator has-alpha-channel-opacity\"\/>\n\n\n\n<details class=\"wp-block-details is-layout-flow wp-block-details-is-layout-flow\"><summary>Din istoricul industriei rom\u00e2ne\u015fti interbelice. Principalele componente ale ramurilor de profil din Dobrogea (II)<\/summary>\n<p><\/p>\n<\/details>\n\n\n\n<p class=\"has-text-align-center\"><strong>ST. LASCU<br><\/strong>&#8211;<a href=\"https:\/\/revistapontica.com\/wp-content\/uploads\/2026\/04\/531-Pontica-20-1987-ST.-LASCU-\u2013-Din-istoricul-industriei-romanesti-interbelice.-Principalele-componente-ale-ramurilor-de-profil-din-Dobrogea-II.pdf\" data-type=\"link\" data-id=\"https:\/\/revistapontica.com\/wp-content\/uploads\/2026\/04\/531-Pontica-20-1987-ST.-LASCU-\u2013-Din-istoricul-industriei-romanesti-interbelice.-Principalele-componente-ale-ramurilor-de-profil-din-Dobrogea-II.pdf\">deschide varianta PDF<\/a>&#8211;<\/p>\n\n\n\n<hr class=\"wp-block-separator has-alpha-channel-opacity\"\/>\n\n\n\n<details class=\"wp-block-details is-layout-flow wp-block-details-is-layout-flow\"><summary>Din istoricul avia\u0163iei na\u0163ionale interbelice. Construirea primului hidroavion rom\u00e2nesc (\u201eGetta\u201d) \u2013 \u00eemprejur\u0103ri, implica\u0163ii, urm\u0103ri [&#8230;]<\/summary>\n<p><\/p>\n<\/details>\n\n\n\n<p class=\"has-text-align-center\"><strong><strong>GH. DUMITRA\u015eCU, ST. LASCU<\/strong><\/strong><br>&#8211;<a href=\"https:\/\/revistapontica.com\/wp-content\/uploads\/2026\/04\/532-Pontica-20-1987-GH.-DUMITRASCU-ST.-LASCU-\u2013-Din-istoricul-aviatiei-nationale-interbelice.-Construirea-primului-hidroavion-romanesc-\u201eGetta-\u2013-imprejurari-implicatii-urmari.pdf\" data-type=\"link\" data-id=\"https:\/\/revistapontica.com\/wp-content\/uploads\/2026\/04\/532-Pontica-20-1987-GH.-DUMITRASCU-ST.-LASCU-\u2013-Din-istoricul-aviatiei-nationale-interbelice.-Construirea-primului-hidroavion-romanesc-\u201eGetta-\u2013-imprejurari-implicatii-urmari.pdf\">deschide varianta PDF<\/a>&#8211;<\/p>\n\n\n\n<hr class=\"wp-block-separator has-alpha-channel-opacity\"\/>\n\n\n\n<details class=\"wp-block-details is-layout-flow wp-block-details-is-layout-flow\"><summary>Aplicarea reformei agrare. Structura propriet\u0103\u0163ii, produc\u0163ia \u015fi rentabilitatea gospod\u0103riilor rurale din jude\u0163ele Constan\u0163a \u015fi Tulcea \u00eentre [&#8230;]<\/summary>\n<p><\/p>\n<\/details>\n\n\n\n<p class=\"has-text-align-center\"><strong><strong>VALENTIN CIORBEA<\/strong><\/strong><br>&#8211;<a href=\"https:\/\/revistapontica.com\/wp-content\/uploads\/2026\/04\/533-Pontica-20-1987-VALENTIN-CIORBEA-\u2013-Aplicarea-reformei-agrare.-Structura-proprietatii-productia-si-rentabilitatea-gospodariilor-rurale-din-judetele-Constanta-si-Tulcea-intre-.pdf\" data-type=\"link\" data-id=\"https:\/\/revistapontica.com\/wp-content\/uploads\/2026\/04\/533-Pontica-20-1987-VALENTIN-CIORBEA-\u2013-Aplicarea-reformei-agrare.-Structura-proprietatii-productia-si-rentabilitatea-gospodariilor-rurale-din-judetele-Constanta-si-Tulcea-intre-.pdf\">deschide varianta PDF<\/a>&#8211;<\/p>\n\n\n\n<hr class=\"wp-block-separator has-alpha-channel-opacity\"\/>\n\n\n\n<details class=\"wp-block-details is-layout-flow wp-block-details-is-layout-flow\"><summary>Cercet\u0103ri perieghetice \u00een teritoriul Histriei (III)<\/summary>\n<p><\/p>\n<\/details>\n\n\n\n<p class=\"has-text-align-center\"><strong><strong>ALEXANDRU AVRAM, OCTAVIAN BOUNEGRU, COSTEL CHIRIAC<\/strong><\/strong><br>&#8211;<a href=\"https:\/\/revistapontica.com\/wp-content\/uploads\/2026\/04\/534-Pontica-20-1987-ALEXANDRU-AVRAM-OCTAVIAN-BOUNEGRU-COSTEL-CHIRIAC-\u2013-Cercetari-perieghetice-in-teritoriul-Histriei-III.pdf\" data-type=\"link\" data-id=\"https:\/\/revistapontica.com\/wp-content\/uploads\/2026\/04\/534-Pontica-20-1987-ALEXANDRU-AVRAM-OCTAVIAN-BOUNEGRU-COSTEL-CHIRIAC-\u2013-Cercetari-perieghetice-in-teritoriul-Histriei-III.pdf\">deschide varianta PDF<\/a>&#8211;<\/p>\n\n\n\n<hr class=\"wp-block-separator has-alpha-channel-opacity\"\/>\n\n\n\n<details class=\"wp-block-details is-layout-flow wp-block-details-is-layout-flow\"><summary>Contibu\u0163ii privind reprezent\u0103rile figurate ale zeului Marte \u00een Dobrogea roman\u0103<\/summary>\n<p><\/p>\n<\/details>\n\n\n\n<p class=\"has-text-align-center\"><strong><strong>Z. COVACEF<\/strong><\/strong><br>&#8211;<a href=\"https:\/\/revistapontica.com\/wp-content\/uploads\/2026\/04\/535-Pontica-20-1987-Z.-COVACEF-\u2013-Contibutii-privind-reprezentarile-figurate-ale-zeului-Marte-in-Dobrogea-romana.pdf\" data-type=\"link\" data-id=\"https:\/\/revistapontica.com\/wp-content\/uploads\/2026\/04\/535-Pontica-20-1987-Z.-COVACEF-\u2013-Contibutii-privind-reprezentarile-figurate-ale-zeului-Marte-in-Dobrogea-romana.pdf\">deschide varianta PDF<\/a>&#8211;<\/p>\n\n\n\n<hr class=\"wp-block-separator has-alpha-channel-opacity\"\/>\n\n\n\n<details class=\"wp-block-details is-layout-flow wp-block-details-is-layout-flow\"><summary>Morm\u00e2nt roman descoperit la I.A.S. Pietreni (com.Deleni, jud.Constan\u0163a)<\/summary>\n<p><\/p>\n<\/details>\n\n\n\n<p class=\"has-text-align-center\"><strong>TUDOR PAPASIMA<\/strong><br>&#8211;<a href=\"https:\/\/revistapontica.com\/wp-content\/uploads\/2026\/04\/536-Pontica-20-1987-TUDOR-PAPASIMA-\u2013-Mormant-roman-descoperit-la-I.A.S.-Pietreni-com.Deleni-jud.Constanta.pdf\" data-type=\"link\" data-id=\"https:\/\/revistapontica.com\/wp-content\/uploads\/2026\/04\/536-Pontica-20-1987-TUDOR-PAPASIMA-\u2013-Mormant-roman-descoperit-la-I.A.S.-Pietreni-com.Deleni-jud.Constanta.pdf\">deschide varianta PDF<\/a>&#8211;<\/p>\n\n\n\n<hr class=\"wp-block-separator has-alpha-channel-opacity\"\/>\n\n\n\n<details class=\"wp-block-details is-layout-flow wp-block-details-is-layout-flow\"><summary>Alt\u0103 tehnic\u0103 \u00een confec\u0163ionarea podoabelor la P\u0103cuiul lui Soare<\/summary>\n<p><\/p>\n<\/details>\n\n\n\n<p class=\"has-text-align-center\"><strong><strong>TUDOR PAPASIMA<\/strong><\/strong><br>&#8211;<a href=\"https:\/\/revistapontica.com\/wp-content\/uploads\/2026\/04\/537-Pontica-20-1987-TUDOR-PAPASIMA-\u2013-Alta-tehnica-in-confectionarea-podoabelor-la-Pacuiul-lui-Soare.pdf\" data-type=\"link\" data-id=\"https:\/\/revistapontica.com\/wp-content\/uploads\/2026\/04\/537-Pontica-20-1987-TUDOR-PAPASIMA-\u2013-Alta-tehnica-in-confectionarea-podoabelor-la-Pacuiul-lui-Soare.pdf\">deschide varianta PDF<\/a>&#8211;<\/p>\n\n\n\n<hr class=\"wp-block-separator has-alpha-channel-opacity\"\/>\n\n\n\n<details class=\"wp-block-details is-layout-flow wp-block-details-is-layout-flow\"><summary>Noi contribu\u0163ii la problema intelectualit\u0103\u0163ii rom\u00e2ne\u015fti din Dobrogea \u00eenainte de 1878. Studiu statistic<\/summary>\n<p><\/p>\n<\/details>\n\n\n\n<p class=\"has-text-align-center\"><strong><strong>GH. DUMITRA\u015eCU<\/strong><\/strong><br>&#8211;<a href=\"#\" data-type=\"link\" data-id=\"https:\/\/revistapontica.com\/wp-content\/uploads\/2026\/03\/21-2023.pdf\">deschide varian<\/a><a href=\"https:\/\/revistapontica.com\/wp-content\/uploads\/2026\/04\/538-Pontica-20-1987-GH.-DUMITRASCU-\u2013-Noi-contributii-la-problema-intelectualitatii-romanesti-din-Dobrogea-inainte-de-1878.-Studiu-statistic.pdf\" data-type=\"link\" data-id=\"https:\/\/revistapontica.com\/wp-content\/uploads\/2026\/04\/538-Pontica-20-1987-GH.-DUMITRASCU-\u2013-Noi-contributii-la-problema-intelectualitatii-romanesti-din-Dobrogea-inainte-de-1878.-Studiu-statistic.pdf\">t<\/a><a href=\"#\" data-type=\"link\" data-id=\"https:\/\/revistapontica.com\/wp-content\/uploads\/2026\/03\/21-2023.pdf\">a PDF<\/a>&#8211;<\/p>\n\n\n\n<hr class=\"wp-block-separator has-alpha-channel-opacity\"\/>\n\n\n\n<details class=\"wp-block-details is-layout-flow wp-block-details-is-layout-flow\"><summary>Preciz\u0103ri pe marginea unui studiu despre intelectualii rom\u00e2ni din Dobrogea<\/summary>\n<p><\/p>\n<\/details>\n\n\n\n<p class=\"has-text-align-center\"><strong><strong>E. DR\u0102GOI<\/strong><\/strong><br>&#8211;<a href=\"https:\/\/revistapontica.com\/wp-content\/uploads\/2026\/04\/539-Pontica-20-1987-E.-DRAGOI-\u2013-Precizari-pe-marginea-unui-studiu-despre-intelectualii-romani-din-Dobrogea.pdf\" data-type=\"link\" data-id=\"https:\/\/revistapontica.com\/wp-content\/uploads\/2026\/04\/539-Pontica-20-1987-E.-DRAGOI-\u2013-Precizari-pe-marginea-unui-studiu-despre-intelectualii-romani-din-Dobrogea.pdf\">deschide varianta PDF<\/a>&#8211;<\/p>\n\n\n\n<hr class=\"wp-block-separator has-alpha-channel-opacity\"\/>\n\n\n\n<details class=\"wp-block-details is-layout-flow wp-block-details-is-layout-flow\"><summary>C\u00e2teva m\u0103rturii privitoare la ap\u0103rarea patrimoniului arheologic dobrogean<\/summary>\n<p><\/p>\n<\/details>\n\n\n\n<p class=\"has-text-align-center\"><strong>IOAN OPRI\u015e<\/strong><br>&#8211;<a href=\"https:\/\/revistapontica.com\/wp-content\/uploads\/2026\/04\/540-Pontica-20-1987-IOAN-OPRIS-\u2013-Cateva-marturii-privitoare-la-apararea-patrimoniului-arheologic-dobrogean.pdf\" data-type=\"link\" data-id=\"https:\/\/revistapontica.com\/wp-content\/uploads\/2026\/04\/540-Pontica-20-1987-IOAN-OPRIS-\u2013-Cateva-marturii-privitoare-la-apararea-patrimoniului-arheologic-dobrogean.pdf\">deschide varianta PDF<\/a>&#8211;<\/p>\n\n\n\n<hr class=\"wp-block-separator has-alpha-channel-opacity\"\/>\n\n\n\n<details class=\"wp-block-details is-layout-flow wp-block-details-is-layout-flow\"><summary>Semnifica\u0163iile tipurilor \u015fi ornamenticii textilelor de interior rom\u00e2ne\u015fti din Dobrogea<\/summary>\n<p><\/p>\n<\/details>\n\n\n\n<p class=\"has-text-align-center\"><strong><strong>ILEANA PITRESCU<\/strong><\/strong><br>&#8211;<a href=\"#\" data-type=\"link\" data-id=\"https:\/\/revistapontica.com\/wp-content\/uploads\/2026\/03\/24-2023.pdf\">deschide variant<\/a><a href=\"https:\/\/revistapontica.com\/wp-content\/uploads\/2026\/04\/541-Pontica-20-1987-ILEANA-PITRESCU-\u2013-Semnificatiile-tipurilor-si-ornamenticii-textilelor-de-interior-romanesti-din-Dobrogea.pdf\" data-type=\"link\" data-id=\"https:\/\/revistapontica.com\/wp-content\/uploads\/2026\/04\/541-Pontica-20-1987-ILEANA-PITRESCU-\u2013-Semnificatiile-tipurilor-si-ornamenticii-textilelor-de-interior-romanesti-din-Dobrogea.pdf\">a<\/a><a href=\"#\" data-type=\"link\" data-id=\"https:\/\/revistapontica.com\/wp-content\/uploads\/2026\/03\/24-2023.pdf\"> PDF<\/a>&#8211;<\/p>\n\n\n\n<hr class=\"wp-block-separator has-alpha-channel-opacity\"\/>\n\n\n\n<details class=\"wp-block-details is-layout-flow wp-block-details-is-layout-flow\"><summary>Ovidiu \u015fi spiritul romantic<\/summary>\n<p><\/p>\n<\/details>\n\n\n\n<p class=\"has-text-align-center\"><strong><strong>OCTAVIAN GEORGESCU<\/strong><\/strong><br>&#8211;<a href=\"https:\/\/revistapontica.com\/wp-content\/uploads\/2026\/04\/542-Pontica-20-1987-OCTAVIAN-GEORGESCU-\u2013-Ovidiu-si-spiritul-romantic.pdf\" data-type=\"link\" data-id=\"https:\/\/revistapontica.com\/wp-content\/uploads\/2026\/04\/542-Pontica-20-1987-OCTAVIAN-GEORGESCU-\u2013-Ovidiu-si-spiritul-romantic.pdf\">deschide varianta PDF<\/a>&#8211;<\/p>\n\n\n\n<hr class=\"wp-block-separator has-alpha-channel-opacity\"\/>\n\n\n\n<details class=\"wp-block-details is-layout-flow wp-block-details-is-layout-flow\"><summary>Tomi nella poesia d\u2019esilio di Ovidio<\/summary>\n<p><\/p>\n<\/details>\n\n\n\n<p class=\"has-text-align-center\"><strong><strong>GIUSEPPINO MINCIONE<\/strong><\/strong><br>&#8211;<a href=\"https:\/\/revistapontica.com\/wp-content\/uploads\/2026\/04\/543-Pontica-20-1987-GIUSEPPINO-MINCIONE-\u2013-Tomi-nella-poesia-desilio-di-Ovidio.pdf\" data-type=\"link\" data-id=\"https:\/\/revistapontica.com\/wp-content\/uploads\/2026\/04\/543-Pontica-20-1987-GIUSEPPINO-MINCIONE-\u2013-Tomi-nella-poesia-desilio-di-Ovidio.pdf\">deschide varianta PDF<\/a>&#8211;<\/p>\n\n\n\n<hr class=\"wp-block-separator has-alpha-channel-opacity\"\/>\n\n\n\n<details class=\"wp-block-details is-layout-flow wp-block-details-is-layout-flow\"><summary>Corografia storica della Valle Subequana e di Superaequum. La Valle Subequana<\/summary>\n<p><\/p>\n<\/details>\n\n\n\n<p class=\"has-text-align-center\"><strong><strong>EMILIANO SPLENDORE<\/strong><\/strong><br>&#8211;<a href=\"https:\/\/revistapontica.com\/wp-content\/uploads\/2026\/04\/544-Pontica-20-1987-EMILIANO-SPLENDORE-\u2013-Corografia-storica-della-Valle-Subequana-e-di-Superaequum.-La-Valle-Subequana.pdf\" data-type=\"link\" data-id=\"https:\/\/revistapontica.com\/wp-content\/uploads\/2026\/04\/544-Pontica-20-1987-EMILIANO-SPLENDORE-\u2013-Corografia-storica-della-Valle-Subequana-e-di-Superaequum.-La-Valle-Subequana.pdf\">deschide varianta PDF<\/a>&#8211;<\/p>\n\n\n\n<hr class=\"wp-block-separator has-alpha-channel-opacity\"\/>\n\n\n\n<details class=\"wp-block-details is-layout-flow wp-block-details-is-layout-flow\"><summary>Vicus Andicus \u2013 \u201dThe Vergilian native village\u201d<\/summary>\n<p><\/p>\n<\/details>\n\n\n\n<p class=\"has-text-align-center\"><strong>DAVIDE NARDONI<\/strong><br>&#8211;<a href=\"https:\/\/revistapontica.com\/wp-content\/uploads\/2026\/04\/545-Pontica-20-1987-DAVIDE-NARDONI-\u2013-Vicus-Andicus-\u2013-The-Vergilian-native-village.pdf\" data-type=\"link\" data-id=\"https:\/\/revistapontica.com\/wp-content\/uploads\/2026\/04\/545-Pontica-20-1987-DAVIDE-NARDONI-\u2013-Vicus-Andicus-\u2013-The-Vergilian-native-village.pdf\">deschide varianta PDF<\/a>&#8211;<\/p>\n\n\n\n<hr class=\"wp-block-separator has-alpha-channel-opacity\"\/>\n\n\n\n<details class=\"wp-block-details is-layout-flow wp-block-details-is-layout-flow\"><summary>Recenzie &#8211; Renate Pillinger, Studien zu R\u00f6mischen Zwischengoldgl\u00e4sern, I. Geschichte der technik und das Problem der Authentizit\u00e4<\/summary>\n<p><\/p>\n<\/details>\n\n\n\n<p class=\"has-text-align-center\"><strong>C. M\u0102RGINEANU, M. BUCOVAL\u0102<\/strong><br>&#8211;<a href=\"https:\/\/revistapontica.com\/wp-content\/uploads\/2026\/04\/546-Pontica-20-1987-C.-MARGINEANU-M.-BUCOVALA-\u2013-Recenzie-Renate-Pillinger-Studien-zu-Romischen-Zwischengoldglasern-I.-Geschichte-der-technik-und-das-Problem-der-Authentizita.pdf\" data-type=\"link\" data-id=\"https:\/\/revistapontica.com\/wp-content\/uploads\/2026\/04\/546-Pontica-20-1987-C.-MARGINEANU-M.-BUCOVALA-\u2013-Recenzie-Renate-Pillinger-Studien-zu-Romischen-Zwischengoldglasern-I.-Geschichte-der-technik-und-das-Problem-der-Authentizita.pdf\">deschide varianta PDF<\/a>&#8211;<\/p>\n\n\n\n<hr class=\"wp-block-separator has-alpha-channel-opacity\"\/>\n\n\n\n<p class=\"has-text-align-center\"><strong>Necrolog &#8211; Academician Emil Condurachi (1912 \u2013 1987)<\/strong><br>&#8211;<a href=\"https:\/\/revistapontica.com\/wp-content\/uploads\/2026\/04\/547-Pontica-20-1987-Necrolog-Academician-Emil-Condurachi-1912-\u2013-1987.pdf\" data-type=\"link\" data-id=\"https:\/\/revistapontica.com\/wp-content\/uploads\/2026\/04\/547-Pontica-20-1987-Necrolog-Academician-Emil-Condurachi-1912-\u2013-1987.pdf\">deschide varianta PDF<\/a>&#8211;<\/p>\n","protected":false},"excerpt":{"rendered":"<p>SUMAR&#8211;deschide varianta PDF&#8211; Lista abrevierilor&#8211;deschide varianta PDF&#8211; EUGEN COM\u015eA&#8211;deschide varianta PDF&#8211; PUIU HA\u015eOTTI&#8211;deschide varianta PDF&#8211; SERGIU HAIMOVICI&#8211;deschide varianta PDF&#8211; ADRIAN R\u0102DULESCU, MARIA B\u0102RBULESCU, LIVIA BUZOIANU&#8211;deschide varianta PDF&#8211; MARIA B\u0102RBULESCU, LIVIA BUZOIANU, NICOLAE CHELU\u0162\u0102-GEORGESCU&#8211;deschide varianta PDF&#8211; MIHAI IRIMIA&#8211;deschide varianta PDF&#8211; OCTAVIAN BOUNEGRU&#8211;deschide varianta PDF&#8211; ANTOANETA VERTAN, RADU OCHE\u015eEANU&#8211;deschide varianta PDF&#8211; OCTAVIAN ILIESCU&#8211;deschide varianta PDF&#8211; GH. PAPUC&#8211;deschide [&hellip;]<\/p>\n","protected":false},"author":2,"featured_media":0,"comment_status":"closed","ping_status":"closed","sticky":false,"template":"","format":"standard","meta":{"footnotes":""},"categories":[18],"tags":[],"class_list":["post-1487","post","type-post","status-publish","format-standard","hentry","category-revista"],"_links":{"self":[{"href":"https:\/\/revistapontica.com\/en\/wp-json\/wp\/v2\/posts\/1487","targetHints":{"allow":["GET"]}}],"collection":[{"href":"https:\/\/revistapontica.com\/en\/wp-json\/wp\/v2\/posts"}],"about":[{"href":"https:\/\/revistapontica.com\/en\/wp-json\/wp\/v2\/types\/post"}],"author":[{"embeddable":true,"href":"https:\/\/revistapontica.com\/en\/wp-json\/wp\/v2\/users\/2"}],"replies":[{"embeddable":true,"href":"https:\/\/revistapontica.com\/en\/wp-json\/wp\/v2\/comments?post=1487"}],"version-history":[{"count":5,"href":"https:\/\/revistapontica.com\/en\/wp-json\/wp\/v2\/posts\/1487\/revisions"}],"predecessor-version":[{"id":2523,"href":"https:\/\/revistapontica.com\/en\/wp-json\/wp\/v2\/posts\/1487\/revisions\/2523"}],"wp:attachment":[{"href":"https:\/\/revistapontica.com\/en\/wp-json\/wp\/v2\/media?parent=1487"}],"wp:term":[{"taxonomy":"category","embeddable":true,"href":"https:\/\/revistapontica.com\/en\/wp-json\/wp\/v2\/categories?post=1487"},{"taxonomy":"post_tag","embeddable":true,"href":"https:\/\/revistapontica.com\/en\/wp-json\/wp\/v2\/tags?post=1487"}],"curies":[{"name":"wp","href":"https:\/\/api.w.org\/{rel}","templated":true}]}}