{"id":1489,"date":"2026-04-26T15:14:28","date_gmt":"2026-04-26T12:14:28","guid":{"rendered":"https:\/\/revistapontica.com\/?p=1489"},"modified":"2026-04-29T23:47:50","modified_gmt":"2026-04-29T20:47:50","slug":"pontica-nr-19-1986","status":"publish","type":"post","link":"https:\/\/revistapontica.com\/en\/pontica-nr-19-1986\/","title":{"rendered":"Pontica Nr. 19 (1986)"},"content":{"rendered":"<div class=\"wp-block-image\">\n<figure class=\"aligncenter size-large is-resized\"><img fetchpriority=\"high\" decoding=\"async\" width=\"710\" height=\"1024\" src=\"https:\/\/revistapontica.com\/wp-content\/uploads\/2026\/04\/pontica-19-710x1024.jpg\" alt=\"\" class=\"wp-image-1546\" style=\"width:548px;height:auto\" srcset=\"https:\/\/revistapontica.com\/wp-content\/uploads\/2026\/04\/pontica-19-710x1024.jpg 710w, https:\/\/revistapontica.com\/wp-content\/uploads\/2026\/04\/pontica-19-208x300.jpg 208w, https:\/\/revistapontica.com\/wp-content\/uploads\/2026\/04\/pontica-19-768x1108.jpg 768w, https:\/\/revistapontica.com\/wp-content\/uploads\/2026\/04\/pontica-19-8x12.jpg 8w, https:\/\/revistapontica.com\/wp-content\/uploads\/2026\/04\/pontica-19.jpg 832w\" sizes=\"(max-width: 710px) 100vw, 710px\" \/><\/figure>\n<\/div>\n\n\n<div style=\"height:50px\" aria-hidden=\"true\" class=\"wp-block-spacer\"><\/div>\n\n\n\n<div class=\"wp-block-buttons is-content-justification-center is-layout-flex wp-container-core-buttons-is-layout-16018d1d wp-block-buttons-is-layout-flex\">\n<div class=\"wp-block-button is-style-outline is-style-outline--1\"><a class=\"wp-block-button__link has-small-font-size has-custom-font-size wp-element-button\" href=\"https:\/\/revistapontica.com\/wp-content\/uploads\/2026\/04\/Pontica-19-1986.pdf\" style=\"border-top-left-radius:0px;border-top-right-radius:0px;border-bottom-left-radius:0px;border-bottom-right-radius:0px\"><strong>OPEN PONTICA NO. 19 \u2013 FULL VARIANT IN .PDF FORMAT<\/strong> (68 Mb)<\/a><\/div>\n<\/div>\n\n\n\n<div style=\"height:50px\" aria-hidden=\"true\" class=\"wp-block-spacer\"><\/div>\n\n\n\n<p class=\"has-text-align-center\"><strong>SUMMARY<\/strong><br>&#8211;<a href=\"https:\/\/revistapontica.com\/wp-content\/uploads\/2026\/04\/492-Pontica-19-1986-Sumar.pdf\" data-type=\"link\" data-id=\"https:\/\/revistapontica.com\/wp-content\/uploads\/2026\/04\/492-Pontica-19-1986-Sumar.pdf\">view the PDF version<\/a>&#8211;<\/p>\n\n\n\n<hr class=\"wp-block-separator has-alpha-channel-opacity\"\/>\n\n\n\n<p class=\"has-text-align-center\"><strong>Lista abrevierilor<\/strong><br>&#8211;<a href=\"https:\/\/revistapontica.com\/wp-content\/uploads\/2026\/04\/492-1Pontica-19-1986-Lista-prescurtarilor.pdf\" data-type=\"link\" data-id=\"https:\/\/revistapontica.com\/wp-content\/uploads\/2026\/04\/492-1Pontica-19-1986-Lista-prescurtarilor.pdf\">view the PDF version<\/a>&#8211;<\/p>\n\n\n\n<hr class=\"wp-block-separator has-alpha-channel-opacity\"\/>\n\n\n\n<details class=\"wp-block-details is-layout-flow wp-block-details-is-layout-flow\"><summary>Observa\u0163ii asupra plasticii culturii Hamangia<\/summary>\n<p><\/p>\n<\/details>\n\n\n\n<p class=\"has-text-align-center\"><strong><strong><strong><strong>PUIU HA\u015eOTTI<\/strong><\/strong><\/strong><\/strong><br>&#8211;<a href=\"https:\/\/revistapontica.com\/wp-content\/uploads\/2026\/04\/493-Pontica-19-1986-PUIU-HASOTTI-\u2013-Observatii-asupra-plasticii-culturii-Hamangia.pdf\" data-type=\"link\" data-id=\"https:\/\/revistapontica.com\/wp-content\/uploads\/2026\/04\/493-Pontica-19-1986-PUIU-HASOTTI-\u2013-Observatii-asupra-plasticii-culturii-Hamangia.pdf\">view the PDF version<\/a>&#8211;<\/p>\n\n\n\n<hr class=\"wp-block-separator has-alpha-channel-opacity\"\/>\n\n\n\n<details class=\"wp-block-details is-layout-flow wp-block-details-is-layout-flow\"><summary>Histria \u00een epoc\u0103 arhaic\u0103 (II)<\/summary>\n<p><\/p>\n<\/details>\n\n\n\n<p class=\"has-text-align-center\"><strong><strong><strong>PETRE ALEXANDRESCU<\/strong><\/strong><\/strong><br>&#8211;<a href=\"https:\/\/revistapontica.com\/wp-content\/uploads\/2026\/04\/494-Pontica-19-1986-PETRE-ALEXANDRESCU-\u2013-Histria-in-epoca-arhaica-II.pdf\" data-type=\"link\" data-id=\"https:\/\/revistapontica.com\/wp-content\/uploads\/2026\/04\/494-Pontica-19-1986-PETRE-ALEXANDRESCU-\u2013-Histria-in-epoca-arhaica-II.pdf\">view the PDF version<\/a>&#8211;<\/p>\n\n\n\n<hr class=\"wp-block-separator has-alpha-channel-opacity\"\/>\n\n\n\n<details class=\"wp-block-details is-layout-flow wp-block-details-is-layout-flow\"><summary>Importuri amforice la Albe\u015fti (jud. Constan\u0163a) &#8211; Heracleea Pontic\u0103<\/summary>\n<p><\/p>\n<\/details>\n\n\n\n<p class=\"has-text-align-center\"><strong><strong><strong>ADRIAN R\u0102DULESCU, MARIA B\u0102RBULESCU, LIVIA BUZOIANU<\/strong><\/strong><\/strong><br>&#8211;<a href=\"https:\/\/revistapontica.com\/wp-content\/uploads\/2026\/04\/495-Pontica-19-1986-ADRIAN-RADULESCU-MARIA-BARBULESCU-LIVIA-BUZOIANU-\u2013-Importuri-amforice-la-Albesti-jud.-Constanta-Heracleea-Pontica.pdf\" data-type=\"link\" data-id=\"https:\/\/revistapontica.com\/wp-content\/uploads\/2026\/04\/495-Pontica-19-1986-ADRIAN-RADULESCU-MARIA-BARBULESCU-LIVIA-BUZOIANU-\u2013-Importuri-amforice-la-Albesti-jud.-Constanta-Heracleea-Pontica.pdf\">view the PDF version<\/a>&#8211;<\/p>\n\n\n\n<hr class=\"wp-block-separator has-alpha-channel-opacity\"\/>\n\n\n\n<details class=\"wp-block-details is-layout-flow wp-block-details-is-layout-flow\"><summary>Importuri amforice la Albe\u015fti (jud. Constan\u0163a) &#8211; Thasos<\/summary>\n<p><\/p>\n<\/details>\n\n\n\n<p class=\"has-text-align-center\"><strong><strong><strong>MARIA B\u0102RBULESCU, LIVIA BUZOIANU, NICOLAE CHELU\u0162\u0102-GEORGESCU<\/strong><\/strong><\/strong><br>&#8211;<a href=\"https:\/\/revistapontica.com\/wp-content\/uploads\/2026\/04\/496-Pontica-19-1986-MARIA-BARBULESCU-LIVIA-BUZOIANU-NICOLAE-CHELUTA-GEORGESCU-\u2013-Importuri-amforice-la-Albesti-jud.-Constanta-Thasos.pdf\" data-type=\"link\" data-id=\"https:\/\/revistapontica.com\/wp-content\/uploads\/2026\/04\/496-Pontica-19-1986-MARIA-BARBULESCU-LIVIA-BUZOIANU-NICOLAE-CHELUTA-GEORGESCU-\u2013-Importuri-amforice-la-Albesti-jud.-Constanta-Thasos.pdf\">view the PDF version<\/a>&#8211;<\/p>\n\n\n\n<hr class=\"wp-block-separator has-alpha-channel-opacity\"\/>\n\n\n\n<details class=\"wp-block-details is-layout-flow wp-block-details-is-layout-flow\"><summary>C\u00e2teva descoperiri de denari romani republicani din Scythia Minor<\/summary>\n<p><\/p>\n<\/details>\n\n\n\n<p class=\"has-text-align-center\"><strong><strong>RADU OCHE\u015eEANU<\/strong><\/strong><br>&#8211;<a href=\"https:\/\/revistapontica.com\/wp-content\/uploads\/2026\/04\/497-Pontica-19-1986-RADU-OCHESEANU-\u2013-Cateva-descoperiri-de-denari-romani-republicani-din-Scythia-Minor.pdf\" data-type=\"link\" data-id=\"https:\/\/revistapontica.com\/wp-content\/uploads\/2026\/04\/497-Pontica-19-1986-RADU-OCHESEANU-\u2013-Cateva-descoperiri-de-denari-romani-republicani-din-Scythia-Minor.pdf\">view the PDF version<\/a>&#8211;<\/p>\n\n\n\n<hr class=\"wp-block-separator has-alpha-channel-opacity\"\/>\n\n\n\n<details class=\"wp-block-details is-layout-flow wp-block-details-is-layout-flow\"><summary>Contribu\u0163ii la cunoa\u015fterea complexelor funerare de incinera\u0163ie cu \u201erug-busta\u201d de epoc\u0103 elenistic\u0103 \u015fi roman\u0103 de la Tomis<\/summary>\n<p><\/p>\n<\/details>\n\n\n\n<p class=\"has-text-align-center\"><strong><strong>VIRGIL LUNGU, CONSTANTIN CHERA<\/strong><\/strong><br>&#8211;<a href=\"https:\/\/revistapontica.com\/wp-content\/uploads\/2026\/04\/498-Pontica-19-1986-VIRGIL-LUNGU-CONSTANTIN-CHERA-\u2013-Contributii-la-cunoasterea-complexelor-funerare-de-incineratie-cu-\u201erug-busta-de-epoca-elenistica-si-romana-de-la-Tomis.pdf\" data-type=\"link\" data-id=\"https:\/\/revistapontica.com\/wp-content\/uploads\/2026\/04\/498-Pontica-19-1986-VIRGIL-LUNGU-CONSTANTIN-CHERA-\u2013-Contributii-la-cunoasterea-complexelor-funerare-de-incineratie-cu-\u201erug-busta-de-epoca-elenistica-si-romana-de-la-Tomis.pdf\">view the PDF version<\/a>&#8211;<\/p>\n\n\n\n<hr class=\"wp-block-separator has-alpha-channel-opacity\"\/>\n\n\n\n<details class=\"wp-block-details is-layout-flow wp-block-details-is-layout-flow\"><summary>Considera\u0163ii asupra unui portret roman aflat \u00een colec\u0163iile Muzeului de Istorie Na\u0163ional\u0103 \u015fi Arheologie Constan\u0163a<\/summary>\n<p><\/p>\n<\/details>\n\n\n\n<p class=\"has-text-align-center\"><strong><strong>Z. COVACEF<\/strong><\/strong><br>&#8211;<a href=\"https:\/\/revistapontica.com\/wp-content\/uploads\/2026\/04\/499-Pontica-19-1986-Z.-COVACEF-\u2013-Consideratii-asupra-unui-portret-roman-aflat-in-colectiile-Muzeului-de-Istorie-Nationala-si-Arheologie-Constanta.pdf\" data-type=\"link\" data-id=\"https:\/\/revistapontica.com\/wp-content\/uploads\/2026\/04\/499-Pontica-19-1986-Z.-COVACEF-\u2013-Consideratii-asupra-unui-portret-roman-aflat-in-colectiile-Muzeului-de-Istorie-Nationala-si-Arheologie-Constanta.pdf\">view the PDF version<\/a>&#8211;<\/p>\n\n\n\n<hr class=\"wp-block-separator has-alpha-channel-opacity\"\/>\n\n\n\n<details class=\"wp-block-details is-layout-flow wp-block-details-is-layout-flow\"><summary>Tezaurul de la Sucidava \u2013 Izvoarele (jud. Constan\u0163a)<\/summary>\n<p><\/p>\n<\/details>\n\n\n\n<p class=\"has-text-align-center\"><strong><strong>ADRIAN R\u0102DULESCU, TRAIAN CLIANTE<\/strong><\/strong><br>&#8211;<a href=\"https:\/\/revistapontica.com\/wp-content\/uploads\/2026\/04\/500-Pontica-19-1986-ADRIAN-RADULESCU-TRAIAN-CLIANTE-\u2013-Tezaurul-de-la-Sucidava-\u2013-Izvoarele-jud.-Constanta.pdf\" data-type=\"link\" data-id=\"https:\/\/revistapontica.com\/wp-content\/uploads\/2026\/04\/500-Pontica-19-1986-ADRIAN-RADULESCU-TRAIAN-CLIANTE-\u2013-Tezaurul-de-la-Sucidava-\u2013-Izvoarele-jud.-Constanta.pdf\">view the PDF version<\/a>&#8211;<\/p>\n\n\n\n<hr class=\"wp-block-separator has-alpha-channel-opacity\"\/>\n\n\n\n<details class=\"wp-block-details is-layout-flow wp-block-details-is-layout-flow\"><summary>C\u00e2teva preciz\u0103ri \u00een leg\u0103tur\u0103 cu cetatea Tropaeum Traiani<\/summary>\n<p><\/p>\n<\/details>\n\n\n\n<p class=\"has-text-align-center\"><strong><strong>GHEORGHE PAPUC<\/strong><\/strong><br>&#8211;<a href=\"https:\/\/revistapontica.com\/wp-content\/uploads\/2026\/04\/501-Pontica-19-1986-GHEORGHE-PAPUC-\u2013-Cateva-precizari-in-legatura-cu-cetatea-Tropaeum-Traiani.pdf\" data-type=\"link\" data-id=\"https:\/\/revistapontica.com\/wp-content\/uploads\/2026\/04\/501-Pontica-19-1986-GHEORGHE-PAPUC-\u2013-Cateva-precizari-in-legatura-cu-cetatea-Tropaeum-Traiani.pdf\">view the PDF version<\/a>&#8211;<\/p>\n\n\n\n<hr class=\"wp-block-separator has-alpha-channel-opacity\"\/>\n\n\n\n<details class=\"wp-block-details is-layout-flow wp-block-details-is-layout-flow\"><summary>Limesul dun\u0103rean bizantin \u00een vremea dinastiilor isaurian\u0103 \u015fi macedonean\u0103<\/summary>\n<p><\/p>\n<\/details>\n\n\n\n<p class=\"has-text-align-center\"><strong><strong>RADU FLORESCU<\/strong><\/strong><br>&#8211;<a href=\"https:\/\/revistapontica.com\/wp-content\/uploads\/2026\/04\/502-Pontica-19-1986-RADU-FLORESCU-\u2013-Limesul-dunarean-bizantin-in-vremea-dinastiilor-isauriana-si-macedoneana.pdf\" data-type=\"link\" data-id=\"https:\/\/revistapontica.com\/wp-content\/uploads\/2026\/04\/502-Pontica-19-1986-RADU-FLORESCU-\u2013-Limesul-dunarean-bizantin-in-vremea-dinastiilor-isauriana-si-macedoneana.pdf\">view the PDF version<\/a>&#8211;<\/p>\n\n\n\n<hr class=\"wp-block-separator has-alpha-channel-opacity\"\/>\n\n\n\n<details class=\"wp-block-details is-layout-flow wp-block-details-is-layout-flow\"><summary>Morminte din epoca feudal\u0103-timpurie descoperite \u00een punctul Sitorman (com. M. Kog\u0103lniceanu, jud. Constan\u0163a)<\/summary>\n<p><\/p>\n<\/details>\n\n\n\n<p class=\"has-text-align-center\"><strong><strong>M. IRIMIA, TR. CLIANTE<\/strong><\/strong><br>&#8211;<a href=\"https:\/\/revistapontica.com\/wp-content\/uploads\/2026\/04\/503-Pontica-19-1986-M.-IRIMIA-TR.-CLIANTE-\u2013-Morminte-din-epoca-feudala-timpurie-descoperite-in-punctul-Sitorman-com.-M.-Kogalniceanu-jud.-Constanta.pdf\" data-type=\"link\" data-id=\"https:\/\/revistapontica.com\/wp-content\/uploads\/2026\/04\/503-Pontica-19-1986-M.-IRIMIA-TR.-CLIANTE-\u2013-Morminte-din-epoca-feudala-timpurie-descoperite-in-punctul-Sitorman-com.-M.-Kogalniceanu-jud.-Constanta.pdf\">view the PDF version<\/a>&#8211;<\/p>\n\n\n\n<hr class=\"wp-block-separator has-alpha-channel-opacity\"\/>\n\n\n\n<details class=\"wp-block-details is-layout-flow wp-block-details-is-layout-flow\"><summary>Nemul\u0163umiri \u015fi revolte \u0163\u0103r\u0103ne\u015fti \u00een Dobrogea la sf\u00e2r\u015fitul secolului al XIX-lea \u2013 \u00eenceputul secolului al XX-lea<\/summary>\n<p><\/p>\n<\/details>\n\n\n\n<p class=\"has-text-align-center\"><strong><strong>MARIAN VICOL<\/strong><\/strong><br>&#8211;<a href=\"https:\/\/revistapontica.com\/wp-content\/uploads\/2026\/04\/504-Pontica-19-1986-MARIAN-VICOL-\u2013-Nemultumiri-si-revolte-taranesti-in-Dobrogea-la-sfarsitul-secolului-al-XIX-lea-\u2013-inceputul-secolului-al-XX-lea.pdf\" data-type=\"link\" data-id=\"https:\/\/revistapontica.com\/wp-content\/uploads\/2026\/04\/504-Pontica-19-1986-MARIAN-VICOL-\u2013-Nemultumiri-si-revolte-taranesti-in-Dobrogea-la-sfarsitul-secolului-al-XIX-lea-\u2013-inceputul-secolului-al-XX-lea.pdf\">view the PDF version<\/a>&#8211;<\/p>\n\n\n\n<hr class=\"wp-block-separator has-alpha-channel-opacity\"\/>\n\n\n\n<details class=\"wp-block-details is-layout-flow wp-block-details-is-layout-flow\"><summary>Din istoricul industriei rom\u00e2ne\u015fti interbelice. Principalele componente ale ramurilor de profil din Dobrogea (I)<\/summary>\n<p><\/p>\n<\/details>\n\n\n\n<p class=\"has-text-align-center\"><strong><strong>STOICA LASCU<\/strong><br><\/strong>&#8211;<a href=\"https:\/\/revistapontica.com\/wp-content\/uploads\/2026\/04\/505-Pontica-19-1986-STOICA-LASCU-\u2013-Din-istoricul-industriei-romanesti-interbelice.-Principalele-componente-ale-ramurilor-de-profil-din-Dobrogea-I.pdf\" data-type=\"link\" data-id=\"https:\/\/revistapontica.com\/wp-content\/uploads\/2026\/04\/505-Pontica-19-1986-STOICA-LASCU-\u2013-Din-istoricul-industriei-romanesti-interbelice.-Principalele-componente-ale-ramurilor-de-profil-din-Dobrogea-I.pdf\">view the PDF version<\/a>&#8211;<\/p>\n\n\n\n<hr class=\"wp-block-separator has-alpha-channel-opacity\"\/>\n\n\n\n<details class=\"wp-block-details is-layout-flow wp-block-details-is-layout-flow\"><summary>Din istoricul avia\u0163iei na\u0163ionale interbelice. Construirea primului hidroavion rom\u00e2nesc (\u201eGetta\u201d) \u2013 \u00eemprejur\u0103ri, implica\u0163ii, urm\u0103ri<\/summary>\n<p><\/p>\n<\/details>\n\n\n\n<p class=\"has-text-align-center\"><strong><strong>GH. DUMITRA\u015eCU, S. LASCU<\/strong><\/strong><br>&#8211;<a href=\"https:\/\/revistapontica.com\/wp-content\/uploads\/2026\/04\/506-Pontica-19-1986-GH.-DUMITRASCU-S.-LASCU-\u2013-Din-istoricul-aviatiei-nationale-interbelice.-Construirea-primului-hidroavion-romanesc-\u201eGetta-\u2013-imprejurari-implicatii-urmari-.pdf\" data-type=\"link\" data-id=\"https:\/\/revistapontica.com\/wp-content\/uploads\/2026\/04\/506-Pontica-19-1986-GH.-DUMITRASCU-S.-LASCU-\u2013-Din-istoricul-aviatiei-nationale-interbelice.-Construirea-primului-hidroavion-romanesc-\u201eGetta-\u2013-imprejurari-implicatii-urmari-.pdf\">view the PDF version<\/a>&#8211;<\/p>\n\n\n\n<hr class=\"wp-block-separator has-alpha-channel-opacity\"\/>\n\n\n\n<details class=\"wp-block-details is-layout-flow wp-block-details-is-layout-flow\"><summary>Un sceptru apar\u0163in\u00e2nd epocii bronzului descoperit \u00een cetatea feudal\u0103 timpurie de la Capidava<\/summary>\n<p><\/p>\n<\/details>\n\n\n\n<p class=\"has-text-align-center\"><strong>IRINA CIOS<br><\/strong>&#8211;<a href=\"https:\/\/revistapontica.com\/wp-content\/uploads\/2026\/04\/507-Pontica-19-1986-IRINA-CIOS-\u2013-Un-sceptru-apartinand-epocii-bronzului-descoperit-in-cetatea-feudala-timpurie-de-la-Capidava.pdf\" data-type=\"link\" data-id=\"https:\/\/revistapontica.com\/wp-content\/uploads\/2026\/04\/507-Pontica-19-1986-IRINA-CIOS-\u2013-Un-sceptru-apartinand-epocii-bronzului-descoperit-in-cetatea-feudala-timpurie-de-la-Capidava.pdf\">view the PDF version<\/a>&#8211;<\/p>\n\n\n\n<hr class=\"wp-block-separator has-alpha-channel-opacity\"\/>\n\n\n\n<details class=\"wp-block-details is-layout-flow wp-block-details-is-layout-flow\"><summary>Cercet\u0103ri perieghetice \u00een teritoriul histrian (II)<\/summary>\n<p><\/p>\n<\/details>\n\n\n\n<p class=\"has-text-align-center\"><strong><strong>EMILIAN ALEXANDRESCU, ALEXANDRU AVRAM, OCTAVIAN BOUNEGRU, COSTEL CHIRIAC<\/strong><\/strong><br>&#8211;<a href=\"https:\/\/revistapontica.com\/wp-content\/uploads\/2026\/04\/508-Pontica-19-1986-EMILIAN-ALEXANDRESCU-ALEXANDRU-AVRAM-OCTAVIAN-BOUNEGRU-COSTEL-CHIRIAC-\u2013-Cercetari-perieghetice-in-teritoriul-histrian-II.pdf\" data-type=\"link\" data-id=\"https:\/\/revistapontica.com\/wp-content\/uploads\/2026\/04\/508-Pontica-19-1986-EMILIAN-ALEXANDRESCU-ALEXANDRU-AVRAM-OCTAVIAN-BOUNEGRU-COSTEL-CHIRIAC-\u2013-Cercetari-perieghetice-in-teritoriul-histrian-II.pdf\">view the PDF version<\/a>&#8211;<\/p>\n\n\n\n<hr class=\"wp-block-separator has-alpha-channel-opacity\"\/>\n\n\n\n<details class=\"wp-block-details is-layout-flow wp-block-details-is-layout-flow\"><summary>Cercet\u0103ri perieghetice pe \u0163\u0103rmul lacului Ta\u015faul (II)<\/summary>\n<p><\/p>\n<\/details>\n\n\n\n<p class=\"has-text-align-center\"><strong><strong>CRISTIAN MATEI<\/strong><\/strong><br>&#8211;<a href=\"https:\/\/revistapontica.com\/wp-content\/uploads\/2026\/04\/509-Pontica-19-1986-CRISTIAN-MATEI-\u2013-Cercetari-perieghetice-pe-tarmul-lacului-Tasaul-II.pdf\" data-type=\"link\" data-id=\"https:\/\/revistapontica.com\/wp-content\/uploads\/2026\/04\/509-Pontica-19-1986-CRISTIAN-MATEI-\u2013-Cercetari-perieghetice-pe-tarmul-lacului-Tasaul-II.pdf\">view the PDF version<\/a>&#8211;<\/p>\n\n\n\n<hr class=\"wp-block-separator has-alpha-channel-opacity\"\/>\n\n\n\n<details class=\"wp-block-details is-layout-flow wp-block-details-is-layout-flow\"><summary>Considera\u0163ii privind portul cet\u0103\u0163ii Callatis \u00een antichitate<\/summary>\n<p><\/p>\n<\/details>\n\n\n\n<p class=\"has-text-align-center\"><strong><strong>OCTAVIAN BOUNEGRU<\/strong><\/strong><br>&#8211;<a href=\"https:\/\/revistapontica.com\/wp-content\/uploads\/2026\/04\/510-Pontica-19-1986-OCTAVIAN-BOUNEGRU-\u2013-Consideratii-privind-portul-cetatii-Callatis-in-antichitate.pdf\" data-type=\"link\" data-id=\"https:\/\/revistapontica.com\/wp-content\/uploads\/2026\/04\/510-Pontica-19-1986-OCTAVIAN-BOUNEGRU-\u2013-Consideratii-privind-portul-cetatii-Callatis-in-antichitate.pdf\">view the PDF version<\/a>&#8211;<\/p>\n\n\n\n<hr class=\"wp-block-separator has-alpha-channel-opacity\"\/>\n\n\n\n<details class=\"wp-block-details is-layout-flow wp-block-details-is-layout-flow\"><summary>Unele aspecte privind penetra\u0163ia monedei bizantine \u00een Dobrogea \u00een secolele VII\u2013X<\/summary>\n<p><\/p>\n<\/details>\n\n\n\n<p class=\"has-text-align-center\"><strong><strong>GABRIEL CUSTUREA<\/strong><\/strong><br>&#8211;<a href=\"https:\/\/revistapontica.com\/wp-content\/uploads\/2026\/04\/511-Pontica-19-1986-GABRIEL-CUSTUREA-\u2013-Unele-aspecte-privind-penetratia-monedei-bizantine-in-Dobrogea-in-secolele-VII\u2013X.pdf\" data-type=\"link\" data-id=\"https:\/\/revistapontica.com\/wp-content\/uploads\/2026\/04\/511-Pontica-19-1986-GABRIEL-CUSTUREA-\u2013-Unele-aspecte-privind-penetratia-monedei-bizantine-in-Dobrogea-in-secolele-VII\u2013X.pdf\">view the PDF version<\/a>&#8211;<\/p>\n\n\n\n<hr class=\"wp-block-separator has-alpha-channel-opacity\"\/>\n\n\n\n<details class=\"wp-block-details is-layout-flow wp-block-details-is-layout-flow\"><summary>Bijuterii dobrogene \u2013 centura t\u0103t\u0103rasc\u0103 de tipul Caucaz-Ku\u0219ak<\/summary>\n<p><\/p>\n<\/details>\n\n\n\n<p class=\"has-text-align-center\"><strong>DOINEA P\u0102ULEANU<\/strong><br>&#8211;<a href=\"https:\/\/revistapontica.com\/wp-content\/uploads\/2026\/04\/512-Pontica-19-1986-DOINEA-PAULEANU-\u2013-Bijuterii-dobrogene-\u2013-centura-tatarasca-de-tipul-Caucaz-Kusak.pdf\" data-type=\"link\" data-id=\"https:\/\/revistapontica.com\/wp-content\/uploads\/2026\/04\/512-Pontica-19-1986-DOINEA-PAULEANU-\u2013-Bijuterii-dobrogene-\u2013-centura-tatarasca-de-tipul-Caucaz-Kusak.pdf\">view the PDF version<\/a>&#8211;<\/p>\n\n\n\n<hr class=\"wp-block-separator has-alpha-channel-opacity\"\/>\n\n\n\n<details class=\"wp-block-details is-layout-flow wp-block-details-is-layout-flow\"><summary>Aspecte privind dezvoltarea istoriografiei etnografice \u00een Dobrogea<\/summary>\n<p><\/p>\n<\/details>\n\n\n\n<p class=\"has-text-align-center\"><strong><strong>MARIA MAGIRU<\/strong><\/strong><br>&#8211;<a href=\"https:\/\/revistapontica.com\/wp-content\/uploads\/2026\/04\/513-Pontica-19-1986-MARIA-MAGIRU-\u2013-Aspecte-privind-dezvoltarea-istoriografiei-etnografice-in-Dobrogea.pdf\" data-type=\"link\" data-id=\"https:\/\/revistapontica.com\/wp-content\/uploads\/2026\/04\/513-Pontica-19-1986-MARIA-MAGIRU-\u2013-Aspecte-privind-dezvoltarea-istoriografiei-etnografice-in-Dobrogea.pdf\">view the PDF version<\/a>&#8211;<\/p>\n\n\n\n<hr class=\"wp-block-separator has-alpha-channel-opacity\"\/>\n\n\n\n<details class=\"wp-block-details is-layout-flow wp-block-details-is-layout-flow\"><summary>Descoperiri monetare \u00een Dobrogea (VII)<\/summary>\n<p><\/p>\n<\/details>\n\n\n\n<p class=\"has-text-align-center\"><strong><strong>ANTOANETA VERTAN, GABRIEL CUSTUREA<\/strong><\/strong><br>&#8211;<a href=\"https:\/\/revistapontica.com\/wp-content\/uploads\/2026\/04\/514-Pontica-19-1986-ANTOANETA-VERTAN-GABRIEL-CUSTUREA-\u2013-Descoperiri-monetare-in-Dobrogea-VII.pdf\" data-type=\"link\" data-id=\"https:\/\/revistapontica.com\/wp-content\/uploads\/2026\/04\/514-Pontica-19-1986-ANTOANETA-VERTAN-GABRIEL-CUSTUREA-\u2013-Descoperiri-monetare-in-Dobrogea-VII.pdf\">view the PDF version<\/a>&#8211;<\/p>\n\n\n\n<hr class=\"wp-block-separator has-alpha-channel-opacity\"\/>\n\n\n\n<details class=\"wp-block-details is-layout-flow wp-block-details-is-layout-flow\"><summary>Recenzie &#8211; Recherches sur les amphores grecques. Actes du colloque international organis\u00e9 par le Centre National de la Recherche Scientifique<\/summary>\n<p><\/p>\n<\/details>\n\n\n\n<p class=\"has-text-align-center\"><strong><strong>LIVIA BUZOIANU<\/strong><\/strong><br>&#8211;<a href=\"https:\/\/revistapontica.com\/wp-content\/uploads\/2026\/04\/515-Pontica-19-1986-LIVIA-BUZOIANU-\u2013-Recenzie-Recherches-sur-les-amphores-grecques.-Actes-du-colloque-international-organise-par-le-Centre-National-de-la-Recherche-Scientifique.pdf\" data-type=\"link\" data-id=\"https:\/\/revistapontica.com\/wp-content\/uploads\/2026\/04\/515-Pontica-19-1986-LIVIA-BUZOIANU-\u2013-Recenzie-Recherches-sur-les-amphores-grecques.-Actes-du-colloque-international-organise-par-le-Centre-National-de-la-Recherche-Scientifique.pdf\">view the PDF version<\/a>&#8211;<\/p>\n\n\n\n<hr class=\"wp-block-separator has-alpha-channel-opacity\"\/>\n\n\n\n<details class=\"wp-block-details is-layout-flow wp-block-details-is-layout-flow\"><summary>Recenzie &#8211; Fine, John V.A., The Early Medieval Balkans. A Critical Survey from the Sixth to the Late Twelfth Century<\/summary>\n<p><\/p>\n<\/details>\n\n\n\n<p class=\"has-text-align-center\"><strong>PETRE DIACONU<\/strong><br>&#8211;<a href=\"https:\/\/revistapontica.com\/wp-content\/uploads\/2026\/04\/516-Pontica-19-1986-PETRE-DIACONU-\u2013-Recenzie-Fine-John-V.A.-The-Early-Medieval-Balkans.-A-Critical-Survey-from-the-Sixth-to-the-Late-Twelfth-Century.pdf\" data-type=\"link\" data-id=\"https:\/\/revistapontica.com\/wp-content\/uploads\/2026\/04\/516-Pontica-19-1986-PETRE-DIACONU-\u2013-Recenzie-Fine-John-V.A.-The-Early-Medieval-Balkans.-A-Critical-Survey-from-the-Sixth-to-the-Late-Twelfth-Century.pdf\">view the PDF version<\/a>&#8211;<\/p>","protected":false},"excerpt":{"rendered":"<p>SUMAR&#8211;deschide varianta PDF&#8211; Lista abrevierilor&#8211;deschide varianta PDF&#8211; PUIU HA\u015eOTTI&#8211;deschide varianta PDF&#8211; PETRE ALEXANDRESCU&#8211;deschide varianta PDF&#8211; ADRIAN R\u0102DULESCU, MARIA B\u0102RBULESCU, LIVIA BUZOIANU&#8211;deschide varianta PDF&#8211; MARIA B\u0102RBULESCU, LIVIA BUZOIANU, NICOLAE CHELU\u0162\u0102-GEORGESCU&#8211;deschide varianta PDF&#8211; RADU OCHE\u015eEANU&#8211;deschide varianta PDF&#8211; VIRGIL LUNGU, CONSTANTIN CHERA&#8211;deschide varianta PDF&#8211; Z. COVACEF&#8211;deschide varianta PDF&#8211; ADRIAN R\u0102DULESCU, TRAIAN CLIANTE&#8211;deschide varianta PDF&#8211; GHEORGHE PAPUC&#8211;deschide varianta PDF&#8211; [&hellip;]<\/p>\n","protected":false},"author":2,"featured_media":0,"comment_status":"closed","ping_status":"closed","sticky":false,"template":"","format":"standard","meta":{"footnotes":""},"categories":[18],"tags":[],"class_list":["post-1489","post","type-post","status-publish","format-standard","hentry","category-revista"],"_links":{"self":[{"href":"https:\/\/revistapontica.com\/en\/wp-json\/wp\/v2\/posts\/1489","targetHints":{"allow":["GET"]}}],"collection":[{"href":"https:\/\/revistapontica.com\/en\/wp-json\/wp\/v2\/posts"}],"about":[{"href":"https:\/\/revistapontica.com\/en\/wp-json\/wp\/v2\/types\/post"}],"author":[{"embeddable":true,"href":"https:\/\/revistapontica.com\/en\/wp-json\/wp\/v2\/users\/2"}],"replies":[{"embeddable":true,"href":"https:\/\/revistapontica.com\/en\/wp-json\/wp\/v2\/comments?post=1489"}],"version-history":[{"count":5,"href":"https:\/\/revistapontica.com\/en\/wp-json\/wp\/v2\/posts\/1489\/revisions"}],"predecessor-version":[{"id":2551,"href":"https:\/\/revistapontica.com\/en\/wp-json\/wp\/v2\/posts\/1489\/revisions\/2551"}],"wp:attachment":[{"href":"https:\/\/revistapontica.com\/en\/wp-json\/wp\/v2\/media?parent=1489"}],"wp:term":[{"taxonomy":"category","embeddable":true,"href":"https:\/\/revistapontica.com\/en\/wp-json\/wp\/v2\/categories?post=1489"},{"taxonomy":"post_tag","embeddable":true,"href":"https:\/\/revistapontica.com\/en\/wp-json\/wp\/v2\/tags?post=1489"}],"curies":[{"name":"wp","href":"https:\/\/api.w.org\/{rel}","templated":true}]}}