{"id":1491,"date":"2026-04-26T15:13:38","date_gmt":"2026-04-26T12:13:38","guid":{"rendered":"https:\/\/revistapontica.com\/?p=1491"},"modified":"2026-04-29T23:59:50","modified_gmt":"2026-04-29T20:59:50","slug":"pontica-nr-18-1985","status":"publish","type":"post","link":"https:\/\/revistapontica.com\/en\/pontica-nr-18-1985\/","title":{"rendered":"Pontica Nr. 18 (1985)"},"content":{"rendered":"<div class=\"wp-block-image\">\n<figure class=\"aligncenter size-large is-resized\"><img fetchpriority=\"high\" decoding=\"async\" width=\"710\" height=\"1024\" src=\"https:\/\/revistapontica.com\/wp-content\/uploads\/2026\/04\/pontica-18-710x1024.jpg\" alt=\"\" class=\"wp-image-1545\" style=\"width:548px;height:auto\" srcset=\"https:\/\/revistapontica.com\/wp-content\/uploads\/2026\/04\/pontica-18-710x1024.jpg 710w, https:\/\/revistapontica.com\/wp-content\/uploads\/2026\/04\/pontica-18-208x300.jpg 208w, https:\/\/revistapontica.com\/wp-content\/uploads\/2026\/04\/pontica-18-768x1108.jpg 768w, https:\/\/revistapontica.com\/wp-content\/uploads\/2026\/04\/pontica-18-8x12.jpg 8w, https:\/\/revistapontica.com\/wp-content\/uploads\/2026\/04\/pontica-18.jpg 832w\" sizes=\"(max-width: 710px) 100vw, 710px\" \/><\/figure>\n<\/div>\n\n\n<div style=\"height:50px\" aria-hidden=\"true\" class=\"wp-block-spacer\"><\/div>\n\n\n\n<div class=\"wp-block-buttons is-content-justification-center is-layout-flex wp-container-core-buttons-is-layout-16018d1d wp-block-buttons-is-layout-flex\">\n<div class=\"wp-block-button is-style-outline is-style-outline--1\"><a class=\"wp-block-button__link has-small-font-size has-custom-font-size wp-element-button\" href=\"https:\/\/revistapontica.com\/wp-content\/uploads\/2026\/04\/Pontica-18-1985.pdf\" style=\"border-top-left-radius:0px;border-top-right-radius:0px;border-bottom-left-radius:0px;border-bottom-right-radius:0px\"><strong>OPEN PONTICA NO. 18 \u2013 FULL VARIANT IN .PDF FORMAT<\/strong> (75 Mb)<\/a><\/div>\n<\/div>\n\n\n\n<div style=\"height:50px\" aria-hidden=\"true\" class=\"wp-block-spacer\"><\/div>\n\n\n\n<p class=\"has-text-align-center\"><strong>SUMMARY<\/strong><br>&#8211;<a href=\"https:\/\/revistapontica.com\/wp-content\/uploads\/2026\/04\/Pontica-18-1985-Sumar.pdf\" data-type=\"link\" data-id=\"https:\/\/revistapontica.com\/wp-content\/uploads\/2026\/04\/Pontica-18-1985-Sumar.pdf\">view the PDF version<\/a>&#8211;<\/p>\n\n\n\n<hr class=\"wp-block-separator has-alpha-channel-opacity\"\/>\n\n\n\n<p class=\"has-text-align-center\"><strong>Lista abrevierilor<\/strong><br>&#8211;<a href=\"#\" data-type=\"link\" data-id=\"https:\/\/revistapontica.com\/wp-content\/uploads\/2026\/04\/1.2-2022.pdf\">deschide variant<\/a><a href=\"https:\/\/revistapontica.com\/wp-content\/uploads\/2026\/04\/Pontica-18-1985-Lista-prescurtarilor.pdf\" data-type=\"link\" data-id=\"https:\/\/revistapontica.com\/wp-content\/uploads\/2026\/04\/Pontica-18-1985-Lista-prescurtarilor.pdf\">a<\/a><a href=\"#\" data-type=\"link\" data-id=\"https:\/\/revistapontica.com\/wp-content\/uploads\/2026\/04\/1.2-2022.pdf\"> PDF<\/a>&#8211;<\/p>\n\n\n\n<hr class=\"wp-block-separator has-alpha-channel-opacity\"\/>\n\n\n\n<details class=\"wp-block-details is-layout-flow wp-block-details-is-layout-flow\"><summary>Sedimentarea litoral\u0103 \u00een zona Cap Midia \u2013 Cap Ivan<\/summary>\n<p><\/p>\n<\/details>\n\n\n\n<p class=\"has-text-align-center\"><strong><strong><strong><strong>GLICHERIE CARAIVAN<\/strong><\/strong><\/strong><\/strong><br>&#8211;<a href=\"https:\/\/revistapontica.com\/wp-content\/uploads\/2026\/04\/465-Pontica-18-1985-GLICHERIE-CARAIVAN-\u2013-Sedimentarea-litorala-in-zona-Cap-Midia-\u2013-Cap-Ivan.pdf\" data-type=\"link\" data-id=\"https:\/\/revistapontica.com\/wp-content\/uploads\/2026\/04\/465-Pontica-18-1985-GLICHERIE-CARAIVAN-\u2013-Sedimentarea-litorala-in-zona-Cap-Midia-\u2013-Cap-Ivan.pdf\">view the PDF version<\/a>&#8211;<\/p>\n\n\n\n<hr class=\"wp-block-separator has-alpha-channel-opacity\"\/>\n\n\n\n<details class=\"wp-block-details is-layout-flow wp-block-details-is-layout-flow\"><summary>Descoperiri paleolitice \u0219i epipaleolitice pe teritoriul comunei Lumina (jud. Constan\u021ba)<\/summary>\n<p><\/p>\n<\/details>\n\n\n\n<p class=\"has-text-align-center\"><strong><strong><strong>M. BRUDIU<\/strong><\/strong><\/strong><br>&#8211;<a href=\"https:\/\/revistapontica.com\/wp-content\/uploads\/2026\/04\/466-Pontica-18-1985-M.-BRUDIU-\u2013-Descoperiri-paleolitice-si-epipaleolitice-pe-teritoriul-comunei-Lumina-jud.-Constanta.pdf\" data-type=\"link\" data-id=\"https:\/\/revistapontica.com\/wp-content\/uploads\/2026\/04\/466-Pontica-18-1985-M.-BRUDIU-\u2013-Descoperiri-paleolitice-si-epipaleolitice-pe-teritoriul-comunei-Lumina-jud.-Constanta.pdf\">view the PDF version<\/a>&#8211;<\/p>\n\n\n\n<hr class=\"wp-block-separator has-alpha-channel-opacity\"\/>\n\n\n\n<details class=\"wp-block-details is-layout-flow wp-block-details-is-layout-flow\"><summary>Noi descoperiri privind plastica culturii Hamangia<\/summary>\n<p><\/p>\n<\/details>\n\n\n\n<p class=\"has-text-align-center\"><strong><strong><strong>PUIU HA\u015eOTTI<\/strong><\/strong><\/strong><br>&#8211;<a href=\"https:\/\/revistapontica.com\/wp-content\/uploads\/2026\/04\/467-Pontica-18-1985-PUIU-HASOTTI-\u2013-Noi-descoperiri-privind-plastica-culturii-Hamangia.pdf\" data-type=\"link\" data-id=\"https:\/\/revistapontica.com\/wp-content\/uploads\/2026\/04\/467-Pontica-18-1985-PUIU-HASOTTI-\u2013-Noi-descoperiri-privind-plastica-culturii-Hamangia.pdf\">view the PDF version<\/a>&#8211;<\/p>\n\n\n\n<hr class=\"wp-block-separator has-alpha-channel-opacity\"\/>\n\n\n\n<details class=\"wp-block-details is-layout-flow wp-block-details-is-layout-flow\"><summary>Noi cercet\u0103ri arheologice \u00een a\u0219ezarea culturii Hamangia de la Medgidia \u2013 \u201eCocoa\u0219e\u201d<\/summary>\n<p><\/p>\n<\/details>\n\n\n\n<p class=\"has-text-align-center\"><strong><strong><strong><strong><strong><strong>PUIU HA\u015eOTTI<\/strong><\/strong><\/strong><\/strong><\/strong><\/strong><br>&#8211;<a href=\"https:\/\/revistapontica.com\/wp-content\/uploads\/2026\/04\/468-Pontica-18-1985-PUIU-HASOTTI-\u2013-Noi-cercetari-arheologice-in-asezarea-culturii-Hamangia-de-la-Medgidia-\u2013-\u201eCocoase.pdf\" data-type=\"link\" data-id=\"https:\/\/revistapontica.com\/wp-content\/uploads\/2026\/04\/468-Pontica-18-1985-PUIU-HASOTTI-\u2013-Noi-cercetari-arheologice-in-asezarea-culturii-Hamangia-de-la-Medgidia-\u2013-\u201eCocoase.pdf\">view the PDF version<\/a>&#8211;<\/p>\n\n\n\n<hr class=\"wp-block-separator has-alpha-channel-opacity\"\/>\n\n\n\n<details class=\"wp-block-details is-layout-flow wp-block-details-is-layout-flow\"><summary>Histria \u00een epoca arhaic\u0103<\/summary>\n<p><\/p>\n<\/details>\n\n\n\n<p class=\"has-text-align-center\"><strong><strong>PETRE ALEXANDRESCU<\/strong><\/strong><br>&#8211;<a href=\"https:\/\/revistapontica.com\/wp-content\/uploads\/2026\/04\/469-Pontica-18-1985-PETRE-ALEXANDRESCU-\u2013-Histria-in-epoca-arhaica.pdf\" data-type=\"link\" data-id=\"https:\/\/revistapontica.com\/wp-content\/uploads\/2026\/04\/469-Pontica-18-1985-PETRE-ALEXANDRESCU-\u2013-Histria-in-epoca-arhaica.pdf\">view the PDF version<\/a>&#8211;<\/p>\n\n\n\n<hr class=\"wp-block-separator has-alpha-channel-opacity\"\/>\n\n\n\n<details class=\"wp-block-details is-layout-flow wp-block-details-is-layout-flow\"><summary>Observa\u0163ii privind importul amforelor \u0219tampilate \u00een sud-estul Dobrogei<\/summary>\n<p><\/p>\n<\/details>\n\n\n\n<p class=\"has-text-align-center\"><strong><strong>ADRIAN R\u0102DULESCU, MARIA B\u0102RBULESCU, LIVIA BUZOIANU<\/strong><\/strong><br>&#8211;<a href=\"https:\/\/revistapontica.com\/wp-content\/uploads\/2026\/04\/470-Pontica-18-1985-ADRIAN-RADULESCU-MARIA-BARBULESCU-LIVIA-BUZOIANU-\u2013-Observatii-privind-importul-amforelor-stampilate-in-sud-estul-Dobrogei.pdf\" data-type=\"link\" data-id=\"https:\/\/revistapontica.com\/wp-content\/uploads\/2026\/04\/470-Pontica-18-1985-ADRIAN-RADULESCU-MARIA-BARBULESCU-LIVIA-BUZOIANU-\u2013-Observatii-privind-importul-amforelor-stampilate-in-sud-estul-Dobrogei.pdf\">view the PDF version<\/a>&#8211;<\/p>\n\n\n\n<hr class=\"wp-block-separator has-alpha-channel-opacity\"\/>\n\n\n\n<details class=\"wp-block-details is-layout-flow wp-block-details-is-layout-flow\"><summary>\u015etampile de amfore inedite de la Callatis<\/summary>\n<p><\/p>\n<\/details>\n\n\n\n<p class=\"has-text-align-center\"><strong><strong>VALERIU S\u00ceRBU<\/strong><\/strong><br>&#8211;<a href=\"https:\/\/revistapontica.com\/wp-content\/uploads\/2026\/04\/471-Pontica-18-1985-VALERIU-SIRBU-\u2013-Stampile-de-amfore-inedite-de-la-Callatis.pdf\" data-type=\"link\" data-id=\"https:\/\/revistapontica.com\/wp-content\/uploads\/2026\/04\/471-Pontica-18-1985-VALERIU-SIRBU-\u2013-Stampile-de-amfore-inedite-de-la-Callatis.pdf\">view the PDF version<\/a>&#8211;<\/p>\n\n\n\n<hr class=\"wp-block-separator has-alpha-channel-opacity\"\/>\n\n\n\n<details class=\"wp-block-details is-layout-flow wp-block-details-is-layout-flow\"><summary>Statuete de teracot\u0103 dintr-un complex funerar descoperit la Callatis<\/summary>\n<p><\/p>\n<\/details>\n\n\n\n<p class=\"has-text-align-center\"><strong><strong>ELENA B\u00c2RL\u0102DEANU<\/strong><\/strong><br>&#8211;<a href=\"https:\/\/revistapontica.com\/wp-content\/uploads\/2026\/04\/472-Pontica-18-1985-ELENA-BARLADEANU-\u2013-Statuete-de-teracota-dintr-un-complex-funerar-descoperit-la-Callatis.pdf\" data-type=\"link\" data-id=\"https:\/\/revistapontica.com\/wp-content\/uploads\/2026\/04\/472-Pontica-18-1985-ELENA-BARLADEANU-\u2013-Statuete-de-teracota-dintr-un-complex-funerar-descoperit-la-Callatis.pdf\">view the PDF version<\/a>&#8211;<\/p>\n\n\n\n<hr class=\"wp-block-separator has-alpha-channel-opacity\"\/>\n\n\n\n<details class=\"wp-block-details is-layout-flow wp-block-details-is-layout-flow\"><summary>Un morm\u00eent de epoc\u0103 elenistic\u0103 descoperit la F\u0103g\u0103ra\u0219u Nou (com. Topolog, jud. Tulcea)<\/summary>\n<p><\/p>\n<\/details>\n\n\n\n<p class=\"has-text-align-center\"><strong><strong>FLORIN TOPOLEANU<\/strong><\/strong><br>&#8211;<a href=\"https:\/\/revistapontica.com\/wp-content\/uploads\/2026\/04\/473-Pontica-18-1985-FLORIN-TOPOLEANU-\u2013-Un-mormint-de-epoca-elenistica-descoperit-la-Fagarasu-Nou-com.-Topolog-jud.-Tulcea.pdf\" data-type=\"link\" data-id=\"https:\/\/revistapontica.com\/wp-content\/uploads\/2026\/04\/473-Pontica-18-1985-FLORIN-TOPOLEANU-\u2013-Un-mormint-de-epoca-elenistica-descoperit-la-Fagarasu-Nou-com.-Topolog-jud.-Tulcea.pdf\">view the PDF version<\/a>&#8211;<\/p>\n\n\n\n<hr class=\"wp-block-separator has-alpha-channel-opacity\"\/>\n\n\n\n<details class=\"wp-block-details is-layout-flow wp-block-details-is-layout-flow\"><summary>Monede thasiene descoperite la Ulmu (jud. C\u0103l\u0103ra\u0219i)<\/summary>\n<p><\/p>\n<\/details>\n\n\n\n<p class=\"has-text-align-center\"><strong><strong>MARIAN NEAGU<\/strong><\/strong><br>&#8211;<a href=\"https:\/\/revistapontica.com\/wp-content\/uploads\/2026\/04\/474-Pontica-18-1985-MARIAN-NEAGU-\u2013-Monede-thasiene-descoperite-la-Ulmu-jud.-Calarasi.pdf\" data-type=\"link\" data-id=\"https:\/\/revistapontica.com\/wp-content\/uploads\/2026\/04\/474-Pontica-18-1985-MARIAN-NEAGU-\u2013-Monede-thasiene-descoperite-la-Ulmu-jud.-Calarasi.pdf\">view the PDF version<\/a>&#8211;<\/p>\n\n\n\n<hr class=\"wp-block-separator has-alpha-channel-opacity\"\/>\n\n\n\n<details class=\"wp-block-details is-layout-flow wp-block-details-is-layout-flow\"><summary>Cercet\u0103ri perieghetice \u00een teritoriul Histriei (I)<\/summary>\n<p><\/p>\n<\/details>\n\n\n\n<p class=\"has-text-align-center\"><strong><strong>ALEXANDRU AVRAM, OCTAVIAN BOUNEGRU, COSTEL CHIRIAC<\/strong><\/strong><br>&#8211;<a href=\"https:\/\/revistapontica.com\/wp-content\/uploads\/2026\/04\/475-Pontica-18-1985-ALEXANDRU-AVRAM-OCTAVIAN-BOUNEGRU-COSTEL-CHIRIAC-\u2013-Cercetari-perieghetice-in-teritoriul-Histriei-I.pdf\" data-type=\"link\" data-id=\"https:\/\/revistapontica.com\/wp-content\/uploads\/2026\/04\/475-Pontica-18-1985-ALEXANDRU-AVRAM-OCTAVIAN-BOUNEGRU-COSTEL-CHIRIAC-\u2013-Cercetari-perieghetice-in-teritoriul-Histriei-I.pdf\">view the PDF version<\/a>&#8211;<\/p>\n\n\n\n<hr class=\"wp-block-separator has-alpha-channel-opacity\"\/>\n\n\n\n<details class=\"wp-block-details is-layout-flow wp-block-details-is-layout-flow\"><summary>Cercet\u0103ri perieghetice pe malul de sud al lacului Ta\u0219aul<\/summary>\n<p><\/p>\n<\/details>\n\n\n\n<p class=\"has-text-align-center\"><strong><strong>CRISTIAN MATEI<\/strong><\/strong><br>&#8211;<a href=\"https:\/\/revistapontica.com\/wp-content\/uploads\/2026\/04\/476-Pontica-18-1985-CRISTIAN-MATEI-\u2013-Cercetari-perieghetice-pe-malul-de-sud-al-lacului-Tasaul.pdf\" data-type=\"link\" data-id=\"https:\/\/revistapontica.com\/wp-content\/uploads\/2026\/04\/476-Pontica-18-1985-CRISTIAN-MATEI-\u2013-Cercetari-perieghetice-pe-malul-de-sud-al-lacului-Tasaul.pdf\">view the PDF version<\/a>&#8211;<\/p>\n\n\n\n<hr class=\"wp-block-separator has-alpha-channel-opacity\"\/>\n\n\n\n<details class=\"wp-block-details is-layout-flow wp-block-details-is-layout-flow\"><summary>\u00cen leg\u0103tur\u0103 cu unele tegule \u0219tampilate descoperite la Izvoarele (jud. Constan\u021ba)<\/summary>\n<p><\/p>\n<\/details>\n\n\n\n<p class=\"has-text-align-center\"><strong><strong>MIHAI IRIMIA<\/strong><br><\/strong>&#8211;<a href=\"https:\/\/revistapontica.com\/wp-content\/uploads\/2026\/04\/477-Pontica-18-1985-MIHAI-IRIMIA-\u2013-In-legatura-cu-unele-tegule-stampilate-descoperite-la-Izvoarele-jud.-Constanta.pdf\" data-type=\"link\" data-id=\"https:\/\/revistapontica.com\/wp-content\/uploads\/2026\/04\/477-Pontica-18-1985-MIHAI-IRIMIA-\u2013-In-legatura-cu-unele-tegule-stampilate-descoperite-la-Izvoarele-jud.-Constanta.pdf\">view the PDF version<\/a>&#8211;<\/p>\n\n\n\n<hr class=\"wp-block-separator has-alpha-channel-opacity\"\/>\n\n\n\n<details class=\"wp-block-details is-layout-flow wp-block-details-is-layout-flow\"><summary>Inscrip\u021bii pe mortaria din Dacia (II)<\/summary>\n<p><\/p>\n<\/details>\n\n\n\n<p class=\"has-text-align-center\"><strong><strong>CONSTANTIN C. PETOLESCU<\/strong><\/strong><br>&#8211;<a href=\"https:\/\/revistapontica.com\/wp-content\/uploads\/2026\/04\/478-Pontica-18-1985-CONSTANTIN-C.-PETOLESCU-\u2013-Inscriptii-pe-mortaria-din-Dacia-II.pdf\" data-type=\"link\" data-id=\"https:\/\/revistapontica.com\/wp-content\/uploads\/2026\/04\/478-Pontica-18-1985-CONSTANTIN-C.-PETOLESCU-\u2013-Inscriptii-pe-mortaria-din-Dacia-II.pdf\">view the PDF version<\/a>&#8211;<\/p>\n\n\n\n<hr class=\"wp-block-separator has-alpha-channel-opacity\"\/>\n\n\n\n<details class=\"wp-block-details is-layout-flow wp-block-details-is-layout-flow\"><summary>Arta funerar\u0103 \u00een Dacia roman\u0103 (I)<\/summary>\n<p><\/p>\n<\/details>\n\n\n\n<p class=\"has-text-align-center\"><strong>Z. COVACEF<br><\/strong>&#8211;<a href=\"https:\/\/revistapontica.com\/wp-content\/uploads\/2026\/04\/479-Pontica-18-1985-Z.-COVACEF-\u2013-Arta-funerara-in-Dacia-romana-I.pdf\" data-type=\"link\" data-id=\"https:\/\/revistapontica.com\/wp-content\/uploads\/2026\/04\/479-Pontica-18-1985-Z.-COVACEF-\u2013-Arta-funerara-in-Dacia-romana-I.pdf\">view the PDF version<\/a>&#8211;<\/p>\n\n\n\n<hr class=\"wp-block-separator has-alpha-channel-opacity\"\/>\n\n\n\n<details class=\"wp-block-details is-layout-flow wp-block-details-is-layout-flow\"><summary>Teracote de la Durostorum reprezent\u00eend-o pe Venus<\/summary>\n<p><\/p>\n<\/details>\n\n\n\n<p class=\"has-text-align-center\"><strong><strong>CRI\u0218AN MU\u0218E\u021aEANU, DAN ELEFTERESCU<\/strong><\/strong><br>&#8211;<a href=\"https:\/\/revistapontica.com\/wp-content\/uploads\/2026\/04\/480-Pontica-18-1985-CRISAN-MUSETEANU-DAN-ELEFTERESCU-\u2013-Teracote-de-la-Durostorum-reprezentind-o-pe-Venus.pdf\" data-type=\"link\" data-id=\"https:\/\/revistapontica.com\/wp-content\/uploads\/2026\/04\/480-Pontica-18-1985-CRISAN-MUSETEANU-DAN-ELEFTERESCU-\u2013-Teracote-de-la-Durostorum-reprezentind-o-pe-Venus.pdf\">view the PDF version<\/a>&#8211;<\/p>\n\n\n\n<hr class=\"wp-block-separator has-alpha-channel-opacity\"\/>\n\n\n\n<details class=\"wp-block-details is-layout-flow wp-block-details-is-layout-flow\"><summary>Monumente tomitane de \u0219coal\u0103 constantinopolian\u0103<\/summary>\n<p><\/p>\n<\/details>\n\n\n\n<p class=\"has-text-align-center\"><strong><strong>RADU FLORESCU<\/strong><\/strong><br>&#8211;<a href=\"https:\/\/revistapontica.com\/wp-content\/uploads\/2026\/04\/481-Pontica-18-1985-RADU-FLORESCU-\u2013-Monumente-tomitane-de-scoala-constantinopoliana.pdf\" data-type=\"link\" data-id=\"https:\/\/revistapontica.com\/wp-content\/uploads\/2026\/04\/481-Pontica-18-1985-RADU-FLORESCU-\u2013-Monumente-tomitane-de-scoala-constantinopoliana.pdf\">view the PDF version<\/a>&#8211;<\/p>\n\n\n\n<hr class=\"wp-block-separator has-alpha-channel-opacity\"\/>\n\n\n\n<details class=\"wp-block-details is-layout-flow wp-block-details-is-layout-flow\"><summary>Un complex funerar inedit de la Tomis<\/summary>\n<p><\/p>\n<\/details>\n\n\n\n<p class=\"has-text-align-center\"><strong><strong>CONSTANTIN CHERA, VIRGIL LUNGU<\/strong><\/strong><br>&#8211;<a href=\"https:\/\/revistapontica.com\/wp-content\/uploads\/2026\/04\/482-Pontica-18-1985-CONSTANTIN-CHERA-VIRGIL-LUNGU-\u2013-Un-complex-funerar-inedit-de-la-Tomis.pdf\" data-type=\"link\" data-id=\"https:\/\/revistapontica.com\/wp-content\/uploads\/2026\/04\/482-Pontica-18-1985-CONSTANTIN-CHERA-VIRGIL-LUNGU-\u2013-Un-complex-funerar-inedit-de-la-Tomis.pdf\">view the PDF version<\/a>&#8211;<\/p>\n\n\n\n<hr class=\"wp-block-separator has-alpha-channel-opacity\"\/>\n\n\n\n<details class=\"wp-block-details is-layout-flow wp-block-details-is-layout-flow\"><summary>Un morm\u00eent \u00een pl\u0103ci de calcar, de epoc\u0103 roman\u0103, de la Tomis<\/summary>\n<p><\/p>\n<\/details>\n\n\n\n<p class=\"has-text-align-center\"><strong><strong>VIRGIL LUNGU, CONSTANTIN CHERA<\/strong><\/strong><br>&#8211;<a href=\"https:\/\/revistapontica.com\/wp-content\/uploads\/2026\/04\/483-Pontica-18-1985-VIRGIL-LUNGU-CONSTANTIN-CHERA-\u2013-Un-mormint-in-placi-de-calcar-de-epoca-romana-de-la-Tomis.pdf\" data-type=\"link\" data-id=\"https:\/\/revistapontica.com\/wp-content\/uploads\/2026\/04\/483-Pontica-18-1985-VIRGIL-LUNGU-CONSTANTIN-CHERA-\u2013-Un-mormint-in-placi-de-calcar-de-epoca-romana-de-la-Tomis.pdf\">view the PDF version<\/a>&#8211;<\/p>\n\n\n\n<hr class=\"wp-block-separator has-alpha-channel-opacity\"\/>\n\n\n\n<details class=\"wp-block-details is-layout-flow wp-block-details-is-layout-flow\"><summary>Sigilii bizantine inedite din Dobrogea (II)<\/summary>\n<p><\/p>\n<\/details>\n\n\n\n<p class=\"has-text-align-center\"><strong>ION BARNEA<\/strong><br>&#8211;<a href=\"https:\/\/revistapontica.com\/wp-content\/uploads\/2026\/04\/484-Pontica-18-1985-ION-BARNEA-\u2013-Sigilii-bizantine-inedite-din-Dobrogea-II.pdf\" data-type=\"link\" data-id=\"https:\/\/revistapontica.com\/wp-content\/uploads\/2026\/04\/484-Pontica-18-1985-ION-BARNEA-\u2013-Sigilii-bizantine-inedite-din-Dobrogea-II.pdf\">view the PDF version<\/a>&#8211;<\/p>\n\n\n\n<hr class=\"wp-block-separator has-alpha-channel-opacity\"\/>\n\n\n\n<details class=\"wp-block-details is-layout-flow wp-block-details-is-layout-flow\"><summary>Unele considera\u021bii privind vasele de sticl\u0103 din burgul roman t\u00eerziu de la Topraichioi (jud. Tulcea)<\/summary>\n<p><\/p>\n<\/details>\n\n\n\n<p class=\"has-text-align-center\"><strong><strong>CRISTINA OPAI\u021a<\/strong><\/strong><br>&#8211;<a href=\"https:\/\/revistapontica.com\/wp-content\/uploads\/2026\/04\/485-Pontica-18-1985-CRISTINA-OPAIT-\u2013-Unele-consideratii-privind-vasele-de-sticla-din-burgul-roman-tirziu-de-la-Topraichioi-jud.-Tulcea.pdf\" data-type=\"link\" data-id=\"https:\/\/revistapontica.com\/wp-content\/uploads\/2026\/04\/485-Pontica-18-1985-CRISTINA-OPAIT-\u2013-Unele-consideratii-privind-vasele-de-sticla-din-burgul-roman-tirziu-de-la-Topraichioi-jud.-Tulcea.pdf\">view the PDF version<\/a>&#8211;<\/p>\n\n\n\n<hr class=\"wp-block-separator has-alpha-channel-opacity\"\/>\n\n\n\n<details class=\"wp-block-details is-layout-flow wp-block-details-is-layout-flow\"><summary>Intelectuali rom\u00e2ni din Dobrogea \u00eenainte de 1878. Studiu statistic<\/summary>\n<p><\/p>\n<\/details>\n\n\n\n<p class=\"has-text-align-center\"><strong><strong>GHEORGHE DUMITRA\u0218CU<\/strong><\/strong><br>&#8211;<a href=\"https:\/\/revistapontica.com\/wp-content\/uploads\/2026\/04\/486-Pontica-18-1985-GHEORGHE-DUMITRASCU-\u2013-Intelectuali-romani-din-Dobrogea-inainte-de-1878.-Studiu-statistic.pdf\" data-type=\"link\" data-id=\"https:\/\/revistapontica.com\/wp-content\/uploads\/2026\/04\/486-Pontica-18-1985-GHEORGHE-DUMITRASCU-\u2013-Intelectuali-romani-din-Dobrogea-inainte-de-1878.-Studiu-statistic.pdf\">view the PDF version<\/a>&#8211;<\/p>\n\n\n\n<hr class=\"wp-block-separator has-alpha-channel-opacity\"\/>\n\n\n\n<details class=\"wp-block-details is-layout-flow wp-block-details-is-layout-flow\"><summary>Scriitori str\u0103ini \u0219i Dobrogea (sec. XIX)<\/summary>\n<p><\/p>\n<\/details>\n\n\n\n<p class=\"has-text-align-center\"><strong><strong>ANNA-MARIA DIANA<\/strong><\/strong><br>&#8211;<a href=\"https:\/\/revistapontica.com\/wp-content\/uploads\/2026\/04\/487-Pontica-18-1985-ANNA-MARIA-DIANA-\u2013-Scriitori-straini-si-Dobrogea-sec.-XIX.pdf\" data-type=\"link\" data-id=\"https:\/\/revistapontica.com\/wp-content\/uploads\/2026\/04\/487-Pontica-18-1985-ANNA-MARIA-DIANA-\u2013-Scriitori-straini-si-Dobrogea-sec.-XIX.pdf\">view the PDF version<\/a>&#8211;<\/p>\n\n\n\n<hr class=\"wp-block-separator has-alpha-channel-opacity\"\/>\n\n\n\n<details class=\"wp-block-details is-layout-flow wp-block-details-is-layout-flow\"><summary>Din istoricul industriei rom\u00e2ne\u0219ti a materialelor de construc\u021bie \u2013 Fabrica de ciment de la Cernavoda (1899-1944)<\/summary>\n<p><\/p>\n<\/details>\n\n\n\n<p class=\"has-text-align-center\"><strong>STOICA LASCU<\/strong><br>&#8211;<a href=\"#\" data-type=\"link\" data-id=\"https:\/\/revistapontica.com\/wp-content\/uploads\/2026\/03\/23-2023.pdf\">deschide vari<\/a><a href=\"https:\/\/revistapontica.com\/wp-content\/uploads\/2026\/04\/488-Pontica-18-1985-STOICA-LASCU-\u2013-Din-istoricul-industriei-romanesti-a-materialelor-de-constructie-\u2013-Fabrica-de-ciment-de-la-Cernavoda-1899-1944.pdf\" data-type=\"link\" data-id=\"https:\/\/revistapontica.com\/wp-content\/uploads\/2026\/04\/488-Pontica-18-1985-STOICA-LASCU-\u2013-Din-istoricul-industriei-romanesti-a-materialelor-de-constructie-\u2013-Fabrica-de-ciment-de-la-Cernavoda-1899-1944.pdf\">a<\/a><a href=\"#\" data-type=\"link\" data-id=\"https:\/\/revistapontica.com\/wp-content\/uploads\/2026\/03\/23-2023.pdf\">nta PDF<\/a>&#8211;<\/p>\n\n\n\n<hr class=\"wp-block-separator has-alpha-channel-opacity\"\/>\n\n\n\n<details class=\"wp-block-details is-layout-flow wp-block-details-is-layout-flow\"><summary>Aspecte privind prezen\u021ba organizatoric\u0103 a partidelor burgheze \u00een jude\u021bul Constan\u021ba (1918-1938) (II)<\/summary>\n<p><\/p>\n<\/details>\n\n\n\n<p class=\"has-text-align-center\"><strong><strong><strong>STOICA LASCU<\/strong><\/strong><\/strong><br>&#8211;<a href=\"https:\/\/revistapontica.com\/wp-content\/uploads\/2026\/04\/489-Pontica-18-1985-STOICA-LASCU-\u2013-Aspecte-privind-prezenta-organizatorica-a-partidelor-burgheze-in-judetul-Constanta-1918-1938-II.pdf\" data-type=\"link\" data-id=\"https:\/\/revistapontica.com\/wp-content\/uploads\/2026\/04\/489-Pontica-18-1985-STOICA-LASCU-\u2013-Aspecte-privind-prezenta-organizatorica-a-partidelor-burgheze-in-judetul-Constanta-1918-1938-II.pdf\">view the PDF version<\/a>&#8211;<\/p>\n\n\n\n<hr class=\"wp-block-separator has-alpha-channel-opacity\"\/>\n\n\n\n<details class=\"wp-block-details is-layout-flow wp-block-details-is-layout-flow\"><summary>Aprecieri privind situa\u021bia social-economic\u0103 a jude\u021bului Tulcea \u00een lumina unui Raport al Prefecturii din anul 1928<\/summary>\n<p><\/p>\n<\/details>\n\n\n\n<p class=\"has-text-align-center\"><strong><strong><strong>STOICA LASCU<\/strong><\/strong><\/strong><br>&#8211;<a href=\"https:\/\/revistapontica.com\/wp-content\/uploads\/2026\/04\/490-Pontica-18-1985-STOICA-LASCU-\u2013-Aprecieri-privind-situatia-social-economica-a-judetului-Tulcea-in-lumina-unui-Raport-al-Prefecturii-din-anul-1928.pdf\" data-type=\"link\" data-id=\"https:\/\/revistapontica.com\/wp-content\/uploads\/2026\/04\/490-Pontica-18-1985-STOICA-LASCU-\u2013-Aprecieri-privind-situatia-social-economica-a-judetului-Tulcea-in-lumina-unui-Raport-al-Prefecturii-din-anul-1928.pdf\">view the PDF version<\/a>&#8211;<\/p>\n\n\n\n<hr class=\"wp-block-separator has-alpha-channel-opacity\"\/>\n\n\n\n<details class=\"wp-block-details is-layout-flow wp-block-details-is-layout-flow\"><summary>Documente de arhiv\u0103 \u0219i pres\u0103 despre refacerea economic\u0103 a jude\u021bului Constan\u021ba (1944-1948)<\/summary>\n<p><\/p>\n<\/details>\n\n\n\n<p class=\"has-text-align-center\"><strong><strong>NICOLINA URSU<\/strong><\/strong><br>&#8211;<a href=\"https:\/\/revistapontica.com\/wp-content\/uploads\/2026\/04\/491-Pontica-18-1985-NICOLINA-URSU-\u2013-Documente-de-arhiva-si-presa-despre-refacerea-economica-a-judetului-Constanta-1944-1948.pdf\" data-type=\"link\" data-id=\"https:\/\/revistapontica.com\/wp-content\/uploads\/2026\/04\/491-Pontica-18-1985-NICOLINA-URSU-\u2013-Documente-de-arhiva-si-presa-despre-refacerea-economica-a-judetului-Constanta-1944-1948.pdf\">view the PDF version<\/a>&#8211;<\/p>\n\n\n\n<hr class=\"wp-block-separator has-alpha-channel-opacity\"\/>\n\n\n\n<details class=\"wp-block-details is-layout-flow wp-block-details-is-layout-flow\"><summary>LOUIS ROBERT (1904 \u2013 1985)<\/summary>\n<p><\/p>\n<\/details>\n\n\n\n<p class=\"has-text-align-center\"><strong><strong>EMILIAN POPESCU<\/strong><\/strong><br>&#8211;<a href=\"https:\/\/revistapontica.com\/wp-content\/uploads\/2026\/04\/492-Pontica-18-1985-EMILIAN-POPESCU-\u2013-LOUIS-ROBERT-1904-\u2013-1985.pdf\" data-type=\"link\" data-id=\"https:\/\/revistapontica.com\/wp-content\/uploads\/2026\/04\/492-Pontica-18-1985-EMILIAN-POPESCU-\u2013-LOUIS-ROBERT-1904-\u2013-1985.pdf\">view the PDF version<\/a>&#8211;<\/p>","protected":false},"excerpt":{"rendered":"<p>SUMAR&#8211;deschide varianta PDF&#8211; Lista abrevierilor&#8211;deschide varianta PDF&#8211; GLICHERIE CARAIVAN&#8211;deschide varianta PDF&#8211; M. BRUDIU&#8211;deschide varianta PDF&#8211; PUIU HA\u015eOTTI&#8211;deschide varianta PDF&#8211; PUIU HA\u015eOTTI&#8211;deschide varianta PDF&#8211; PETRE ALEXANDRESCU&#8211;deschide varianta PDF&#8211; ADRIAN R\u0102DULESCU, MARIA B\u0102RBULESCU, LIVIA BUZOIANU&#8211;deschide varianta PDF&#8211; VALERIU S\u00ceRBU&#8211;deschide varianta PDF&#8211; ELENA B\u00c2RL\u0102DEANU&#8211;deschide varianta PDF&#8211; FLORIN TOPOLEANU&#8211;deschide varianta PDF&#8211; MARIAN NEAGU&#8211;deschide varianta PDF&#8211; ALEXANDRU AVRAM, OCTAVIAN BOUNEGRU, [&hellip;]<\/p>\n","protected":false},"author":2,"featured_media":0,"comment_status":"closed","ping_status":"closed","sticky":false,"template":"","format":"standard","meta":{"footnotes":""},"categories":[18],"tags":[],"class_list":["post-1491","post","type-post","status-publish","format-standard","hentry","category-revista"],"_links":{"self":[{"href":"https:\/\/revistapontica.com\/en\/wp-json\/wp\/v2\/posts\/1491","targetHints":{"allow":["GET"]}}],"collection":[{"href":"https:\/\/revistapontica.com\/en\/wp-json\/wp\/v2\/posts"}],"about":[{"href":"https:\/\/revistapontica.com\/en\/wp-json\/wp\/v2\/types\/post"}],"author":[{"embeddable":true,"href":"https:\/\/revistapontica.com\/en\/wp-json\/wp\/v2\/users\/2"}],"replies":[{"embeddable":true,"href":"https:\/\/revistapontica.com\/en\/wp-json\/wp\/v2\/comments?post=1491"}],"version-history":[{"count":5,"href":"https:\/\/revistapontica.com\/en\/wp-json\/wp\/v2\/posts\/1491\/revisions"}],"predecessor-version":[{"id":2583,"href":"https:\/\/revistapontica.com\/en\/wp-json\/wp\/v2\/posts\/1491\/revisions\/2583"}],"wp:attachment":[{"href":"https:\/\/revistapontica.com\/en\/wp-json\/wp\/v2\/media?parent=1491"}],"wp:term":[{"taxonomy":"category","embeddable":true,"href":"https:\/\/revistapontica.com\/en\/wp-json\/wp\/v2\/categories?post=1491"},{"taxonomy":"post_tag","embeddable":true,"href":"https:\/\/revistapontica.com\/en\/wp-json\/wp\/v2\/tags?post=1491"}],"curies":[{"name":"wp","href":"https:\/\/api.w.org\/{rel}","templated":true}]}}