{"id":1493,"date":"2026-04-26T15:12:48","date_gmt":"2026-04-26T12:12:48","guid":{"rendered":"https:\/\/revistapontica.com\/?p=1493"},"modified":"2026-04-30T00:11:33","modified_gmt":"2026-04-29T21:11:33","slug":"pontica-nr-17-1984","status":"publish","type":"post","link":"https:\/\/revistapontica.com\/en\/pontica-nr-17-1984\/","title":{"rendered":"Pontica Nr. 17 (1984)"},"content":{"rendered":"<div class=\"wp-block-image\">\n<figure class=\"aligncenter size-large is-resized\"><img fetchpriority=\"high\" decoding=\"async\" width=\"710\" height=\"1024\" src=\"https:\/\/revistapontica.com\/wp-content\/uploads\/2026\/04\/pontica-17-710x1024.jpg\" alt=\"\" class=\"wp-image-1544\" style=\"width:548px;height:auto\" srcset=\"https:\/\/revistapontica.com\/wp-content\/uploads\/2026\/04\/pontica-17-710x1024.jpg 710w, https:\/\/revistapontica.com\/wp-content\/uploads\/2026\/04\/pontica-17-208x300.jpg 208w, https:\/\/revistapontica.com\/wp-content\/uploads\/2026\/04\/pontica-17-768x1108.jpg 768w, https:\/\/revistapontica.com\/wp-content\/uploads\/2026\/04\/pontica-17-8x12.jpg 8w, https:\/\/revistapontica.com\/wp-content\/uploads\/2026\/04\/pontica-17.jpg 832w\" sizes=\"(max-width: 710px) 100vw, 710px\" \/><\/figure>\n<\/div>\n\n\n<div style=\"height:50px\" aria-hidden=\"true\" class=\"wp-block-spacer\"><\/div>\n\n\n\n<div class=\"wp-block-buttons is-content-justification-center is-layout-flex wp-container-core-buttons-is-layout-16018d1d wp-block-buttons-is-layout-flex\">\n<div class=\"wp-block-button is-style-outline is-style-outline--1\"><a class=\"wp-block-button__link has-small-font-size has-custom-font-size wp-element-button\" href=\"https:\/\/revistapontica.com\/wp-content\/uploads\/2026\/04\/Pontica-17-1984.pdf\" style=\"border-top-left-radius:0px;border-top-right-radius:0px;border-bottom-left-radius:0px;border-bottom-right-radius:0px\"><strong>OPEN PONTICA NO. 17 \u2013 FULL VARIANT IN .PDF FORMAT<\/strong> (58 Mb)<\/a><\/div>\n<\/div>\n\n\n\n<div style=\"height:50px\" aria-hidden=\"true\" class=\"wp-block-spacer\"><\/div>\n\n\n\n<p class=\"has-text-align-center\"><strong>SUMMARY<\/strong><br>&#8211;<a href=\"https:\/\/revistapontica.com\/wp-content\/uploads\/2026\/04\/Pontica-17-1984-Sumar.pdf\" data-type=\"link\" data-id=\"https:\/\/revistapontica.com\/wp-content\/uploads\/2026\/04\/Pontica-17-1984-Sumar.pdf\">view the PDF version<\/a>&#8211;<\/p>\n\n\n\n<hr class=\"wp-block-separator has-alpha-channel-opacity\"\/>\n\n\n\n<p class=\"has-text-align-center\"><strong>Lista abrevierilor<\/strong><br>&#8211;<a href=\"https:\/\/revistapontica.com\/wp-content\/uploads\/2026\/04\/Pontica-17-1984-Lista-prescurtarilor.pdf\" data-type=\"link\" data-id=\"https:\/\/revistapontica.com\/wp-content\/uploads\/2026\/04\/Pontica-17-1984-Lista-prescurtarilor.pdf\">view the PDF version<\/a>&#8211;<\/p>\n\n\n\n<hr class=\"wp-block-separator has-alpha-channel-opacity\"\/>\n\n\n\n<details class=\"wp-block-details is-layout-flow wp-block-details-is-layout-flow\"><summary>Realiz\u0103ri ale cercet\u0103rii arheologice, istorice \u015fi muzeologice \u00een Dobrogea, \u00een cei 40 de ani de la revolu\u0163ia de eliberare social\u0103<\/summary>\n<p><\/p>\n<\/details>\n\n\n\n<p class=\"has-text-align-center\"><strong><strong><strong><strong>ADRIAN R\u0102DULESCU<\/strong><\/strong><\/strong><\/strong><br>&#8211;<a href=\"https:\/\/revistapontica.com\/wp-content\/uploads\/2026\/04\/436-Pontica-17-1984-ADRIAN-RADULESCU-\u2013-Realizari-ale-cercetarii-arheologice-istorice-si-muzeologice-in-Dobrogea-in-cei-40-de-ani-de-la-revolutia-de-eliberare-sociala.pdf\" data-type=\"link\" data-id=\"https:\/\/revistapontica.com\/wp-content\/uploads\/2026\/04\/436-Pontica-17-1984-ADRIAN-RADULESCU-\u2013-Realizari-ale-cercetarii-arheologice-istorice-si-muzeologice-in-Dobrogea-in-cei-40-de-ani-de-la-revolutia-de-eliberare-sociala.pdf\">view the PDF version<\/a>&#8211;<\/p>\n\n\n\n<hr class=\"wp-block-separator has-alpha-channel-opacity\"\/>\n\n\n\n<details class=\"wp-block-details is-layout-flow wp-block-details-is-layout-flow\"><summary>Figurines d\u2019os prismatiques d\u2019\u00e9poque n\u00e9olitique en Roumanie<\/summary>\n<p><\/p>\n<\/details>\n\n\n\n<p class=\"has-text-align-center\"><strong><strong><strong>EUGEN COM\u015eA<\/strong><\/strong><\/strong><br>&#8211;<a href=\"https:\/\/revistapontica.com\/wp-content\/uploads\/2026\/04\/437-Pontica-17-1984-EUGEN-COMSA-\u2013-Figurines-dos-prismatiques-depoque-neolitique-en-Roumanie.pdf\" data-type=\"link\" data-id=\"https:\/\/revistapontica.com\/wp-content\/uploads\/2026\/04\/437-Pontica-17-1984-EUGEN-COMSA-\u2013-Figurines-dos-prismatiques-depoque-neolitique-en-Roumanie.pdf\">view the PDF version<\/a>&#8211;<\/p>\n\n\n\n<hr class=\"wp-block-separator has-alpha-channel-opacity\"\/>\n\n\n\n<details class=\"wp-block-details is-layout-flow wp-block-details-is-layout-flow\"><summary>Noi date privind difuziunea comunit\u0103\u0163ilor culturii Hamangia<\/summary>\n<p><\/p>\n<\/details>\n\n\n\n<p class=\"has-text-align-center\"><strong><strong><strong>PUIU HA\u015eOTTI<\/strong><\/strong><\/strong><br>&#8211;<a href=\"https:\/\/revistapontica.com\/wp-content\/uploads\/2026\/04\/438-Pontica-17-1984-PUIU-HASOTTI-\u2013-Noi-date-privind-difuziunea-comunitatilor-culturii-Hamangia.pdf\" data-type=\"link\" data-id=\"https:\/\/revistapontica.com\/wp-content\/uploads\/2026\/04\/438-Pontica-17-1984-PUIU-HASOTTI-\u2013-Noi-date-privind-difuziunea-comunitatilor-culturii-Hamangia.pdf\">view the PDF version<\/a>&#8211;<\/p>\n\n\n\n<hr class=\"wp-block-separator has-alpha-channel-opacity\"\/>\n\n\n\n<details class=\"wp-block-details is-layout-flow wp-block-details-is-layout-flow\"><summary>Descoperiri \u00eent\u00eempl\u0103toare \u00een a\u015fezarea neolitic\u0103 de la T\u00eergu\u015for \u201eSitorman\u201d<\/summary>\n<p><\/p>\n<\/details>\n\n\n\n<p class=\"has-text-align-center\"><strong><strong><strong><strong><strong><strong>PUIU HA\u015eOTTI, WILI WISO\u0218ENSKI<\/strong><\/strong><\/strong><\/strong><\/strong><\/strong><br>&#8211;<a href=\"https:\/\/revistapontica.com\/wp-content\/uploads\/2026\/04\/439-Pontica-17-1984-PUIU-HASOTTI-WILI-WISOSENSKI-\u2013-Descoperiri-intimplatoare-in-asezarea-neolitica-de-la-Tirgusor-\u201eSitorman.pdf\" data-type=\"link\" data-id=\"https:\/\/revistapontica.com\/wp-content\/uploads\/2026\/04\/439-Pontica-17-1984-PUIU-HASOTTI-WILI-WISOSENSKI-\u2013-Descoperiri-intimplatoare-in-asezarea-neolitica-de-la-Tirgusor-\u201eSitorman.pdf\">view the PDF version<\/a>&#8211;<\/p>\n\n\n\n<hr class=\"wp-block-separator has-alpha-channel-opacity\"\/>\n\n\n\n<details class=\"wp-block-details is-layout-flow wp-block-details-is-layout-flow\"><summary>Despre \u00eenceputurile importului de amfore \u015ftampilate \u00een cet\u0103\u0163ile grece\u015fti Tomis \u015fi Callatis<\/summary>\n<p><\/p>\n<\/details>\n\n\n\n<p class=\"has-text-align-center\"><strong><strong>LIVIA BUZOIANU<\/strong><\/strong><br>&#8211;<a href=\"https:\/\/revistapontica.com\/wp-content\/uploads\/2026\/04\/440-Pontica-17-1984-LIVIA-BUZOIANU-\u2013-Despre-inceputurile-importului-de-amfore-stampilate-in-cetatile-grecesti-Tomis-si-Callatis.pdf\" data-type=\"link\" data-id=\"https:\/\/revistapontica.com\/wp-content\/uploads\/2026\/04\/440-Pontica-17-1984-LIVIA-BUZOIANU-\u2013-Despre-inceputurile-importului-de-amfore-stampilate-in-cetatile-grecesti-Tomis-si-Callatis.pdf\">view the PDF version<\/a>&#8211;<\/p>\n\n\n\n<hr class=\"wp-block-separator has-alpha-channel-opacity\"\/>\n\n\n\n<details class=\"wp-block-details is-layout-flow wp-block-details-is-layout-flow\"><summary>O inscriptie tomitan\u0103 \u201eredescoperit\u0103\u201d (SEG. I, 2, 332)<\/summary>\n<p><\/p>\n<\/details>\n\n\n\n<p class=\"has-text-align-center\"><strong><strong>MARIA B\u0102RBULESCU-MUNTEANU, ADRIAN R\u0102DULESCU<\/strong><\/strong><br>&#8211;<a href=\"https:\/\/revistapontica.com\/wp-content\/uploads\/2026\/04\/441-Pontica-17-1984-MARIA-BARBULESCU-MUNTEANU-ADRIAN-RADULESCU-\u2013-O-inscriptie-tomitana-\u201eredescoperita-SEG.-I-2-332.pdf\" data-type=\"link\" data-id=\"https:\/\/revistapontica.com\/wp-content\/uploads\/2026\/04\/441-Pontica-17-1984-MARIA-BARBULESCU-MUNTEANU-ADRIAN-RADULESCU-\u2013-O-inscriptie-tomitana-\u201eredescoperita-SEG.-I-2-332.pdf\">view the PDF version<\/a>&#8211;<\/p>\n\n\n\n<hr class=\"wp-block-separator has-alpha-channel-opacity\"\/>\n\n\n\n<details class=\"wp-block-details is-layout-flow wp-block-details-is-layout-flow\"><summary>Inscrip\u021bii pe mortaria din Moesia Inferior (I)<\/summary>\n<p><\/p>\n<\/details>\n\n\n\n<p class=\"has-text-align-center\"><strong><strong>CONSTANTIN PETOLESCU<\/strong><\/strong><br>&#8211;<a href=\"https:\/\/revistapontica.com\/wp-content\/uploads\/2026\/04\/442-Pontica-17-1984-CONSTANTIN-PETOLESCU-\u2013-Inscriptii-pe-mortaria-din-Moesia-Inferior-I.pdf\" data-type=\"link\" data-id=\"https:\/\/revistapontica.com\/wp-content\/uploads\/2026\/04\/442-Pontica-17-1984-CONSTANTIN-PETOLESCU-\u2013-Inscriptii-pe-mortaria-din-Moesia-Inferior-I.pdf\">view the PDF version<\/a>&#8211;<\/p>\n\n\n\n<hr class=\"wp-block-separator has-alpha-channel-opacity\"\/>\n\n\n\n<details class=\"wp-block-details is-layout-flow wp-block-details-is-layout-flow\"><summary>Considera\u021bii asupra unui monument funerar figurat descoperit \u00een necropola tomitan\u0103 de sec II e.n<\/summary>\n<p><\/p>\n<\/details>\n\n\n\n<p class=\"has-text-align-center\"><strong><strong>ZAHARIA COVACEF<\/strong><\/strong><br>&#8211;<a href=\"https:\/\/revistapontica.com\/wp-content\/uploads\/2026\/04\/443-Pontica-17-1984-ZAHARIA-COVACEF-\u2013-Consideratii-asupra-unui-monument-funerar-figurat-descoperit-in-necropola-tomitana-de-sec-II-e.n.pdf\" data-type=\"link\" data-id=\"https:\/\/revistapontica.com\/wp-content\/uploads\/2026\/04\/443-Pontica-17-1984-ZAHARIA-COVACEF-\u2013-Consideratii-asupra-unui-monument-funerar-figurat-descoperit-in-necropola-tomitana-de-sec-II-e.n.pdf\">view the PDF version<\/a>&#8211;<\/p>\n\n\n\n<hr class=\"wp-block-separator has-alpha-channel-opacity\"\/>\n\n\n\n<details class=\"wp-block-details is-layout-flow wp-block-details-is-layout-flow\"><summary>Cercet\u0103ri arheologice din a\u0219ezarea roman\u0103 rural\u0103 de la Histria B<\/summary>\n<p><\/p>\n<\/details>\n\n\n\n<p class=\"has-text-align-center\"><strong><strong>VIRGIL LUNGU, OCTAVIAN BOUNEGRU, ALEXANDRU AVRAM<\/strong><\/strong><br>&#8211;<a href=\"https:\/\/revistapontica.com\/wp-content\/uploads\/2026\/04\/444-Pontica-17-1984-VIRGIL-LUNGU-OCTAVIAN-BOUNEGRU-ALEXANDRU-AVRAM-\u2013-Cercetari-arheologice-din-asezarea-romana-rurala-de-la-Histria-B.pdf\" data-type=\"link\" data-id=\"https:\/\/revistapontica.com\/wp-content\/uploads\/2026\/04\/444-Pontica-17-1984-VIRGIL-LUNGU-OCTAVIAN-BOUNEGRU-ALEXANDRU-AVRAM-\u2013-Cercetari-arheologice-din-asezarea-romana-rurala-de-la-Histria-B.pdf\">view the PDF version<\/a>&#8211;<\/p>\n\n\n\n<hr class=\"wp-block-separator has-alpha-channel-opacity\"\/>\n\n\n\n<details class=\"wp-block-details is-layout-flow wp-block-details-is-layout-flow\"><summary>Dacia \u0219i Moesia (Scythia) \u2013 p\u0103r\u021bi constitutive ale etnosului rom\u00e2nesc<\/summary>\n<p><\/p>\n<\/details>\n\n\n\n<p class=\"has-text-align-center\"><strong><strong>ADRIAN R\u0102DULESCU<\/strong><\/strong><br>&#8211;<a href=\"https:\/\/revistapontica.com\/wp-content\/uploads\/2026\/04\/445-Pontica-17-1984-ADRIAN-RADULESCU-\u2013-Dacia-si-Moesia-Scythia-\u2013-parti-constitutive-ale-etnosului-romanesc.pdf\" data-type=\"link\" data-id=\"https:\/\/revistapontica.com\/wp-content\/uploads\/2026\/04\/445-Pontica-17-1984-ADRIAN-RADULESCU-\u2013-Dacia-si-Moesia-Scythia-\u2013-parti-constitutive-ale-etnosului-romanesc.pdf\">view the PDF version<\/a>&#8211;<\/p>\n\n\n\n<hr class=\"wp-block-separator has-alpha-channel-opacity\"\/>\n\n\n\n<details class=\"wp-block-details is-layout-flow wp-block-details-is-layout-flow\"><summary>Noi descoperiri din necropolele tomitane<\/summary>\n<p><\/p>\n<\/details>\n\n\n\n<p class=\"has-text-align-center\"><strong><strong>CONSTANTIN CHERA-M\u0102RGINEANU, VIRGIL LUNGU<\/strong><\/strong><br>&#8211;<a href=\"https:\/\/revistapontica.com\/wp-content\/uploads\/2026\/04\/446-Pontica-17-1984-CONSTANTIN-CHERA-MARGINEANU-VIRGIL-LUNGU-\u2013-Noi-descoperiri-din-necropolele-tomitane.pdf\" data-type=\"link\" data-id=\"https:\/\/revistapontica.com\/wp-content\/uploads\/2026\/04\/446-Pontica-17-1984-CONSTANTIN-CHERA-MARGINEANU-VIRGIL-LUNGU-\u2013-Noi-descoperiri-din-necropolele-tomitane.pdf\">view the PDF version<\/a>&#8211;<\/p>\n\n\n\n<hr class=\"wp-block-separator has-alpha-channel-opacity\"\/>\n\n\n\n<details class=\"wp-block-details is-layout-flow wp-block-details-is-layout-flow\"><summary>C\u00eeteva descoperiri monetare din sec. IV e.n. \u00een Scythia Minor<\/summary>\n<p><\/p>\n<\/details>\n\n\n\n<p class=\"has-text-align-center\"><strong><strong>RADU OCHE\u0218EANU<\/strong><\/strong><br>&#8211;<a href=\"https:\/\/revistapontica.com\/wp-content\/uploads\/2026\/04\/447-Pontica-17-1984-RADU-OCHESEANU-\u2013-Citeva-descoperiri-monetare-din-sec.-IV-e.n.-in-Scythia-Minor.pdf\" data-type=\"link\" data-id=\"https:\/\/revistapontica.com\/wp-content\/uploads\/2026\/04\/447-Pontica-17-1984-RADU-OCHESEANU-\u2013-Citeva-descoperiri-monetare-din-sec.-IV-e.n.-in-Scythia-Minor.pdf\">view the PDF version<\/a>&#8211;<\/p>\n\n\n\n<hr class=\"wp-block-separator has-alpha-channel-opacity\"\/>\n\n\n\n<details class=\"wp-block-details is-layout-flow wp-block-details-is-layout-flow\"><summary>Date noi privind cercet\u0103rile arheologice de la Ovidiu (municipiul Constan\u021ba)<\/summary>\n<p><\/p>\n<\/details>\n\n\n\n<p class=\"has-text-align-center\"><strong><strong>MIHAI BUCOVAL\u0102, GHEORGHE PAPUC<\/strong><br><\/strong>&#8211;<a href=\"https:\/\/revistapontica.com\/wp-content\/uploads\/2026\/04\/448-Pontica-17-1984-MIHAI-BUCOVALA-GHEORGHE-PAPUC-\u2013-Date-noi-privind-cercetarile-arheologice-de-la-Ovidiu-municipiul-Constanta.pdf\" data-type=\"link\" data-id=\"https:\/\/revistapontica.com\/wp-content\/uploads\/2026\/04\/448-Pontica-17-1984-MIHAI-BUCOVALA-GHEORGHE-PAPUC-\u2013-Date-noi-privind-cercetarile-arheologice-de-la-Ovidiu-municipiul-Constanta.pdf\">view the PDF version<\/a>&#8211;<\/p>\n\n\n\n<hr class=\"wp-block-separator has-alpha-channel-opacity\"\/>\n\n\n\n<details class=\"wp-block-details is-layout-flow wp-block-details-is-layout-flow\"><summary>Documente vechi cre\u0219tine \u00een Dobrogea<\/summary>\n<p><\/p>\n<\/details>\n\n\n\n<p class=\"has-text-align-center\"><strong><strong>PETRE DIACONU<\/strong><\/strong><br>&#8211;<a href=\"https:\/\/revistapontica.com\/wp-content\/uploads\/2026\/04\/449-Pontica-17-1984-PETRE-DIACONU-\u2013-Documente-vechi-crestine-in-Dobrogea.pdf\" data-type=\"link\" data-id=\"https:\/\/revistapontica.com\/wp-content\/uploads\/2026\/04\/449-Pontica-17-1984-PETRE-DIACONU-\u2013-Documente-vechi-crestine-in-Dobrogea.pdf\">view the PDF version<\/a>&#8211;<\/p>\n\n\n\n<hr class=\"wp-block-separator has-alpha-channel-opacity\"\/>\n\n\n\n<details class=\"wp-block-details is-layout-flow wp-block-details-is-layout-flow\"><summary>Valea Carasu \u00een cartografia medieval\u0103<\/summary>\n<p><\/p>\n<\/details>\n\n\n\n<p class=\"has-text-align-center\"><strong>PANAIT I. PANAIT, ARISTIDE \u0218TEF\u0102NESCU<br><\/strong>&#8211;<a href=\"https:\/\/revistapontica.com\/wp-content\/uploads\/2026\/04\/450-Pontica-17-1984-PANAIT-I.-PANAIT-ARISTIDE-STEFANESCU-\u2013-Valea-Carasu-in-cartografia-medievala.pdf\" data-type=\"link\" data-id=\"https:\/\/revistapontica.com\/wp-content\/uploads\/2026\/04\/450-Pontica-17-1984-PANAIT-I.-PANAIT-ARISTIDE-STEFANESCU-\u2013-Valea-Carasu-in-cartografia-medievala.pdf\">view the PDF version<\/a>&#8211;<\/p>\n\n\n\n<hr class=\"wp-block-separator has-alpha-channel-opacity\"\/>\n\n\n\n<details class=\"wp-block-details is-layout-flow wp-block-details-is-layout-flow\"><summary>M\u0103rturii documentare privind ocupa\u021bia Puterilor Centrale \u00een Dobrogea (1916-1918)<\/summary>\n<p><\/p>\n<\/details>\n\n\n\n<p class=\"has-text-align-center\"><strong><strong>ADRIAN ST\u0102NESCU, STOICA LASCU<\/strong><\/strong><br>&#8211;<a href=\"https:\/\/revistapontica.com\/wp-content\/uploads\/2026\/04\/451-Pontica-17-1984-ADRIAN-STANESCU-STOICA-LASCU-\u2013-Marturii-documentare-privind-ocupatia-Puterilor-Centrale-in-Dobrogea-1916-1918.pdf\" data-type=\"link\" data-id=\"https:\/\/revistapontica.com\/wp-content\/uploads\/2026\/04\/451-Pontica-17-1984-ADRIAN-STANESCU-STOICA-LASCU-\u2013-Marturii-documentare-privind-ocupatia-Puterilor-Centrale-in-Dobrogea-1916-1918.pdf\">view the PDF version<\/a>&#8211;<\/p>\n\n\n\n<hr class=\"wp-block-separator has-alpha-channel-opacity\"\/>\n\n\n\n<details class=\"wp-block-details is-layout-flow wp-block-details-is-layout-flow\"><summary>Aspecte privind prezen\u021ba organizatoric\u0103 a partidelor burgheze \u00een jude\u021bul Constan\u021ba (1918-1938) (I)<\/summary>\n<p><\/p>\n<\/details>\n\n\n\n<p class=\"has-text-align-center\"><strong><strong>STOICA LASCU<\/strong><\/strong><br>&#8211;<a href=\"https:\/\/revistapontica.com\/wp-content\/uploads\/2026\/04\/452-Pontica-17-1984-STOICA-LASCU-\u2013-Aspecte-privind-prezenta-organizatorica-a-partidelor-burgheze-in-judetul-Constanta-1918-1938-I.pdf\" data-type=\"link\" data-id=\"https:\/\/revistapontica.com\/wp-content\/uploads\/2026\/04\/452-Pontica-17-1984-STOICA-LASCU-\u2013-Aspecte-privind-prezenta-organizatorica-a-partidelor-burgheze-in-judetul-Constanta-1918-1938-I.pdf\">view the PDF version<\/a>&#8211;<\/p>\n\n\n\n<hr class=\"wp-block-separator has-alpha-channel-opacity\"\/>\n\n\n\n<details class=\"wp-block-details is-layout-flow wp-block-details-is-layout-flow\"><summary>Aspecte ale vie\u0163ii economice tulcene reflectate \u00een documente de arhiv\u0103 (1918-1944)<\/summary>\n<p><\/p>\n<\/details>\n\n\n\n<p class=\"has-text-align-center\"><strong><strong>VALENTINA POSTELNICU<\/strong><\/strong><br>&#8211;<a href=\"https:\/\/revistapontica.com\/wp-content\/uploads\/2026\/04\/453-Pontica-17-1984-VALENTINA-POSTELNICU-\u2013-Aspecte-ale-vietii-economice-tulcene-reflectate-in-documente-de-arhiva-1918-1944.pdf\" data-type=\"link\" data-id=\"https:\/\/revistapontica.com\/wp-content\/uploads\/2026\/04\/453-Pontica-17-1984-VALENTINA-POSTELNICU-\u2013-Aspecte-ale-vietii-economice-tulcene-reflectate-in-documente-de-arhiva-1918-1944.pdf\">view the PDF version<\/a>&#8211;<\/p>\n\n\n\n<hr class=\"wp-block-separator has-alpha-channel-opacity\"\/>\n\n\n\n<details class=\"wp-block-details is-layout-flow wp-block-details-is-layout-flow\"><summary>M\u0103rturii de epoc\u0103 &#8211; procesul antifasci\u0219tilor const\u0103n\u0163eni (10- 16 decembrie 1936)<\/summary>\n<p><\/p>\n<\/details>\n\n\n\n<p class=\"has-text-align-center\"><strong><strong>VASILE SILEA<\/strong><\/strong><br>&#8211;<a href=\"https:\/\/revistapontica.com\/wp-content\/uploads\/2026\/04\/454-Pontica-17-1984-VASILE-SILEA-\u2013-Marturii-de-epoca-procesul-antifascistilor-constanteni-10-16-decembrie-1936.pdf\" data-type=\"link\" data-id=\"https:\/\/revistapontica.com\/wp-content\/uploads\/2026\/04\/454-Pontica-17-1984-VASILE-SILEA-\u2013-Marturii-de-epoca-procesul-antifascistilor-constanteni-10-16-decembrie-1936.pdf\">view the PDF version<\/a>&#8211;<\/p>\n\n\n\n<hr class=\"wp-block-separator has-alpha-channel-opacity\"\/>\n\n\n\n<details class=\"wp-block-details is-layout-flow wp-block-details-is-layout-flow\"><summary>M\u0103rturii de epoc\u0103 &#8211; procesul antifasci\u0219tilor din Constan\u021ba (octombrie 1943)<\/summary>\n<p><\/p>\n<\/details>\n\n\n\n<p class=\"has-text-align-center\"><strong>MARIN CIOCAN<\/strong><br>&#8211;<a href=\"https:\/\/revistapontica.com\/wp-content\/uploads\/2026\/04\/455-Pontica-17-1984-MARIN-CIOCAN-\u2013-Marturii-de-epoca-procesul-antifascistilor-din-Constanta-octombrie-1943.pdf\" data-type=\"link\" data-id=\"https:\/\/revistapontica.com\/wp-content\/uploads\/2026\/04\/455-Pontica-17-1984-MARIN-CIOCAN-\u2013-Marturii-de-epoca-procesul-antifascistilor-din-Constanta-octombrie-1943.pdf\">view the PDF version<\/a>&#8211;<\/p>\n\n\n\n<hr class=\"wp-block-separator has-alpha-channel-opacity\"\/>\n\n\n\n<details class=\"wp-block-details is-layout-flow wp-block-details-is-layout-flow\"><summary>Un medalion de chihlimbar descoperit la Nuf\u0103ru (jud. Tulcea)<\/summary>\n<p><\/p>\n<\/details>\n\n\n\n<p class=\"has-text-align-center\"><strong><strong>GHEORGHE M\u0102NUCU-ADAME\u015eTEANU<\/strong><\/strong><br>&#8211;<a href=\"https:\/\/revistapontica.com\/wp-content\/uploads\/2026\/04\/456-Pontica-17-1984-GHEORGHE-MANUCU-ADAMESTEANU-\u2013-Un-medalion-de-chihlimbar-descoperit-la-Nufaru-jud.-Tulcea.pdf\" data-type=\"link\" data-id=\"https:\/\/revistapontica.com\/wp-content\/uploads\/2026\/04\/456-Pontica-17-1984-GHEORGHE-MANUCU-ADAMESTEANU-\u2013-Un-medalion-de-chihlimbar-descoperit-la-Nufaru-jud.-Tulcea.pdf\">view the PDF version<\/a>&#8211;<\/p>\n\n\n\n<hr class=\"wp-block-separator has-alpha-channel-opacity\"\/>\n\n\n\n<details class=\"wp-block-details is-layout-flow wp-block-details-is-layout-flow\"><summary>Me\u015fte\u015fugul prelucr\u0103rii osului la P\u0103cuiul lui Soare<\/summary>\n<p><\/p>\n<\/details>\n\n\n\n<p class=\"has-text-align-center\"><strong><strong>ADRIAN PANAITESCU<\/strong><\/strong><br>&#8211;<a href=\"https:\/\/revistapontica.com\/wp-content\/uploads\/2026\/04\/457-Pontica-17-1984-ADRIAN-PANAITESCU-\u2013-Mestesugul-prelucrarii-osului-la-Pacuiul-lui-Soare.pdf\" data-type=\"link\" data-id=\"https:\/\/revistapontica.com\/wp-content\/uploads\/2026\/04\/457-Pontica-17-1984-ADRIAN-PANAITESCU-\u2013-Mestesugul-prelucrarii-osului-la-Pacuiul-lui-Soare.pdf\">view the PDF version<\/a>&#8211;<\/p>\n\n\n\n<hr class=\"wp-block-separator has-alpha-channel-opacity\"\/>\n\n\n\n<details class=\"wp-block-details is-layout-flow wp-block-details-is-layout-flow\"><summary>Un cuptor de ars oale din epoca feudal\u0103 timpurie<\/summary>\n<p><\/p>\n<\/details>\n\n\n\n<p class=\"has-text-align-center\"><strong><strong>TUDOR PAPASIMA, VASILE OPREA<\/strong><\/strong><br>&#8211;<a href=\"https:\/\/revistapontica.com\/wp-content\/uploads\/2026\/04\/458-Pontica-17-1984-TUDOR-PAPASIMA-VASILE-OPREA-\u2013-Un-cuptor-de-ars-oale-din-epoca-feudala-timpurie.pdf\" data-type=\"link\" data-id=\"https:\/\/revistapontica.com\/wp-content\/uploads\/2026\/04\/458-Pontica-17-1984-TUDOR-PAPASIMA-VASILE-OPREA-\u2013-Un-cuptor-de-ars-oale-din-epoca-feudala-timpurie.pdf\">view the PDF version<\/a>&#8211;<\/p>\n\n\n\n<hr class=\"wp-block-separator has-alpha-channel-opacity\"\/>\n\n\n\n<details class=\"wp-block-details is-layout-flow wp-block-details-is-layout-flow\"><summary>Imaginea litoralului rom\u00e2nesc pe harta nautic\u0103 a lui Iehuda Ben Zara (1497)<\/summary>\n<p><\/p>\n<\/details>\n\n\n\n<p class=\"has-text-align-center\"><strong>EUGEN GL\u00dcCK<\/strong><br>&#8211;<a href=\"https:\/\/revistapontica.com\/wp-content\/uploads\/2026\/04\/459-Pontica-17-1984-EUGEN-GLUCK-\u2013-Imaginea-litoralului-romanesc-pe-harta-nautica-a-lui-Iehuda-Ben-Zara-1497.pdf\" data-type=\"link\" data-id=\"https:\/\/revistapontica.com\/wp-content\/uploads\/2026\/04\/459-Pontica-17-1984-EUGEN-GLUCK-\u2013-Imaginea-litoralului-romanesc-pe-harta-nautica-a-lui-Iehuda-Ben-Zara-1497.pdf\">view the PDF version<\/a>&#8211;<\/p>\n\n\n\n<hr class=\"wp-block-separator has-alpha-channel-opacity\"\/>\n\n\n\n<details class=\"wp-block-details is-layout-flow wp-block-details-is-layout-flow\"><summary>Descoperiri monetare \u00een Dobrogea (VI)<\/summary>\n<p><\/p>\n<\/details>\n\n\n\n<p class=\"has-text-align-center\"><strong><strong>ANTOANETA VERTAN, GABRIEL CUSTUREA<\/strong><\/strong><br>&#8211;<a href=\"https:\/\/revistapontica.com\/wp-content\/uploads\/2026\/04\/460-Pontica-17-1984-ANTOANETA-VERTAN-GABRIEL-CUSTUREA-\u2013-Descoperiri-monetare-in-Dobrogea-VI.pdf\" data-type=\"link\" data-id=\"https:\/\/revistapontica.com\/wp-content\/uploads\/2026\/04\/460-Pontica-17-1984-ANTOANETA-VERTAN-GABRIEL-CUSTUREA-\u2013-Descoperiri-monetare-in-Dobrogea-VI.pdf\">view the PDF version<\/a>&#8211;<\/p>\n\n\n\n<hr class=\"wp-block-separator has-alpha-channel-opacity\"\/>\n\n\n\n<details class=\"wp-block-details is-layout-flow wp-block-details-is-layout-flow\"><summary>Recenzie &#8211; Em. Moscalu, Ceramica traco-getic\u0103<\/summary>\n<p><\/p>\n<\/details>\n\n\n\n<p class=\"has-text-align-center\"><strong><strong>MIHAI IRIMIA<\/strong><\/strong><br>&#8211;<a href=\"https:\/\/revistapontica.com\/wp-content\/uploads\/2026\/04\/461-Pontica-17-1984-MIHAI-IRIMIA-\u2013-Recenzie-Em.-Moscalu-Ceramica-traco-getica.pdf\" data-type=\"link\" data-id=\"https:\/\/revistapontica.com\/wp-content\/uploads\/2026\/04\/461-Pontica-17-1984-MIHAI-IRIMIA-\u2013-Recenzie-Em.-Moscalu-Ceramica-traco-getica.pdf\">view the PDF version<\/a>&#8211;<\/p>\n\n\n\n<hr class=\"wp-block-separator has-alpha-channel-opacity\"\/>\n\n\n\n<details class=\"wp-block-details is-layout-flow wp-block-details-is-layout-flow\"><summary>In memoriam &#8211; HADRIAN DAICOVICIU (1932-1984)<\/summary>\n<p><\/p>\n<\/details>\n\n\n\n<p class=\"has-text-align-center\"><strong><strong>ADRIAN R\u0102DULESCU<\/strong><\/strong><br>&#8211;<a href=\"https:\/\/revistapontica.com\/wp-content\/uploads\/2026\/04\/462-Pontica-17-1984-ADRIAN-RADULESCU-\u2013-In-memoriam-HADRIAN-DAICOVICIU-1932-1984.pdf\" data-type=\"link\" data-id=\"https:\/\/revistapontica.com\/wp-content\/uploads\/2026\/04\/462-Pontica-17-1984-ADRIAN-RADULESCU-\u2013-In-memoriam-HADRIAN-DAICOVICIU-1932-1984.pdf\">view the PDF version<\/a>&#8211;<\/p>\n\n\n\n<hr class=\"wp-block-separator has-alpha-channel-opacity\"\/>\n\n\n\n<details class=\"wp-block-details is-layout-flow wp-block-details-is-layout-flow\"><summary>In memoriam &#8211; AURIC\u0102 SIMION (1938-1984)<\/summary>\n<p><\/p>\n<\/details>\n\n\n\n<p class=\"has-text-align-center\"><strong><strong>GH. DUMITRA\u0218CU<\/strong><\/strong><br>&#8211;<a href=\"https:\/\/revistapontica.com\/wp-content\/uploads\/2026\/04\/463-Pontica-17-1984-GH.-DUMITRASCU-\u2013-In-memoriam-AURICA-SIMION-1938-1984.pdf\" data-type=\"link\" data-id=\"https:\/\/revistapontica.com\/wp-content\/uploads\/2026\/04\/463-Pontica-17-1984-GH.-DUMITRASCU-\u2013-In-memoriam-AURICA-SIMION-1938-1984.pdf\">view the PDF version<\/a>&#8211;<\/p>\n\n\n\n<hr class=\"wp-block-separator has-alpha-channel-opacity\"\/>\n\n\n\n<details class=\"wp-block-details is-layout-flow wp-block-details-is-layout-flow\"><summary>In memoriam &#8211; NICOLAE VLASSA (1934-1984)<\/summary>\n<p><\/p>\n<\/details>\n\n\n\n<p class=\"has-text-align-center\"><strong>PUIU HA\u0218OTTI<\/strong><br>&#8211;<a href=\"https:\/\/revistapontica.com\/wp-content\/uploads\/2026\/04\/464-Pontica-17-1984-PUIU-HASOTTI-\u2013-In-memoriam-NICOLAE-VLASSA-1934-1984.pdf\" data-type=\"link\" data-id=\"https:\/\/revistapontica.com\/wp-content\/uploads\/2026\/04\/464-Pontica-17-1984-PUIU-HASOTTI-\u2013-In-memoriam-NICOLAE-VLASSA-1934-1984.pdf\">view the PDF version<\/a>&#8211;<\/p>","protected":false},"excerpt":{"rendered":"<p>SUMAR&#8211;deschide varianta PDF&#8211; Lista abrevierilor&#8211;deschide varianta PDF&#8211; ADRIAN R\u0102DULESCU&#8211;deschide varianta PDF&#8211; EUGEN COM\u015eA&#8211;deschide varianta PDF&#8211; PUIU HA\u015eOTTI&#8211;deschide varianta PDF&#8211; PUIU HA\u015eOTTI, WILI WISO\u0218ENSKI&#8211;deschide varianta PDF&#8211; LIVIA BUZOIANU&#8211;deschide varianta PDF&#8211; MARIA B\u0102RBULESCU-MUNTEANU, ADRIAN R\u0102DULESCU&#8211;deschide varianta PDF&#8211; CONSTANTIN PETOLESCU&#8211;deschide varianta PDF&#8211; ZAHARIA COVACEF&#8211;deschide varianta PDF&#8211; VIRGIL LUNGU, OCTAVIAN BOUNEGRU, ALEXANDRU AVRAM&#8211;deschide varianta PDF&#8211; ADRIAN R\u0102DULESCU&#8211;deschide varianta PDF&#8211; [&hellip;]<\/p>\n","protected":false},"author":2,"featured_media":0,"comment_status":"closed","ping_status":"closed","sticky":false,"template":"","format":"standard","meta":{"footnotes":""},"categories":[18],"tags":[],"class_list":["post-1493","post","type-post","status-publish","format-standard","hentry","category-revista"],"_links":{"self":[{"href":"https:\/\/revistapontica.com\/en\/wp-json\/wp\/v2\/posts\/1493","targetHints":{"allow":["GET"]}}],"collection":[{"href":"https:\/\/revistapontica.com\/en\/wp-json\/wp\/v2\/posts"}],"about":[{"href":"https:\/\/revistapontica.com\/en\/wp-json\/wp\/v2\/types\/post"}],"author":[{"embeddable":true,"href":"https:\/\/revistapontica.com\/en\/wp-json\/wp\/v2\/users\/2"}],"replies":[{"embeddable":true,"href":"https:\/\/revistapontica.com\/en\/wp-json\/wp\/v2\/comments?post=1493"}],"version-history":[{"count":5,"href":"https:\/\/revistapontica.com\/en\/wp-json\/wp\/v2\/posts\/1493\/revisions"}],"predecessor-version":[{"id":2616,"href":"https:\/\/revistapontica.com\/en\/wp-json\/wp\/v2\/posts\/1493\/revisions\/2616"}],"wp:attachment":[{"href":"https:\/\/revistapontica.com\/en\/wp-json\/wp\/v2\/media?parent=1493"}],"wp:term":[{"taxonomy":"category","embeddable":true,"href":"https:\/\/revistapontica.com\/en\/wp-json\/wp\/v2\/categories?post=1493"},{"taxonomy":"post_tag","embeddable":true,"href":"https:\/\/revistapontica.com\/en\/wp-json\/wp\/v2\/tags?post=1493"}],"curies":[{"name":"wp","href":"https:\/\/api.w.org\/{rel}","templated":true}]}}