{"id":1497,"date":"2026-04-26T15:10:16","date_gmt":"2026-04-26T12:10:16","guid":{"rendered":"https:\/\/revistapontica.com\/?p=1497"},"modified":"2026-04-30T09:35:12","modified_gmt":"2026-04-30T06:35:12","slug":"pontica-nr-15-1982","status":"publish","type":"post","link":"https:\/\/revistapontica.com\/en\/pontica-nr-15-1982\/","title":{"rendered":"Pontica Nr. 15 (1982)"},"content":{"rendered":"<div class=\"wp-block-image\">\n<figure class=\"aligncenter size-large is-resized\"><img fetchpriority=\"high\" decoding=\"async\" width=\"707\" height=\"1024\" src=\"https:\/\/revistapontica.com\/wp-content\/uploads\/2026\/04\/pontica-15-707x1024.jpg\" alt=\"\" class=\"wp-image-1542\" style=\"width:548px;height:auto\" srcset=\"https:\/\/revistapontica.com\/wp-content\/uploads\/2026\/04\/pontica-15-707x1024.jpg 707w, https:\/\/revistapontica.com\/wp-content\/uploads\/2026\/04\/pontica-15-207x300.jpg 207w, https:\/\/revistapontica.com\/wp-content\/uploads\/2026\/04\/pontica-15-768x1112.jpg 768w, https:\/\/revistapontica.com\/wp-content\/uploads\/2026\/04\/pontica-15-8x12.jpg 8w, https:\/\/revistapontica.com\/wp-content\/uploads\/2026\/04\/pontica-15.jpg 829w\" sizes=\"(max-width: 707px) 100vw, 707px\" \/><\/figure>\n<\/div>\n\n\n<div style=\"height:50px\" aria-hidden=\"true\" class=\"wp-block-spacer\"><\/div>\n\n\n\n<div class=\"wp-block-buttons is-content-justification-center is-layout-flex wp-container-core-buttons-is-layout-16018d1d wp-block-buttons-is-layout-flex\">\n<div class=\"wp-block-button is-style-outline is-style-outline--1\"><a class=\"wp-block-button__link has-small-font-size has-custom-font-size wp-element-button\" href=\"https:\/\/revistapontica.com\/wp-content\/uploads\/2026\/04\/Pontica-15-1982.pdf\" style=\"border-top-left-radius:0px;border-top-right-radius:0px;border-bottom-left-radius:0px;border-bottom-right-radius:0px\"><strong>OPEN PONTICA NO. 15 \u2013 FULL VARIANT IN .PDF FORMAT<\/strong> (67 Mb)<\/a><\/div>\n<\/div>\n\n\n\n<div style=\"height:50px\" aria-hidden=\"true\" class=\"wp-block-spacer\"><\/div>\n\n\n\n<p class=\"has-text-align-center\"><strong>SUMMARY<\/strong><br>&#8211;<a href=\"https:\/\/revistapontica.com\/wp-content\/uploads\/2026\/04\/Pontica-15-1982-Sumar.pdf\" data-type=\"link\" data-id=\"https:\/\/revistapontica.com\/wp-content\/uploads\/2026\/04\/Pontica-15-1982-Sumar.pdf\">view the PDF version<\/a>&#8211;<\/p>\n\n\n\n<hr class=\"wp-block-separator has-alpha-channel-opacity\"\/>\n\n\n\n<p class=\"has-text-align-center\"><strong>Lista abrevierilor<\/strong><br>&#8211;<a href=\"https:\/\/revistapontica.com\/wp-content\/uploads\/2026\/04\/Pontica-15-1982-Lista-prescurtarilor.pdf\" data-type=\"link\" data-id=\"https:\/\/revistapontica.com\/wp-content\/uploads\/2026\/04\/Pontica-15-1982-Lista-prescurtarilor.pdf\">view the PDF version<\/a>&#8211;<\/p>\n\n\n\n<hr class=\"wp-block-separator has-alpha-channel-opacity\"\/>\n\n\n\n<details class=\"wp-block-details is-layout-flow wp-block-details-is-layout-flow\"><summary>Preistoria \u00een preocup\u0103rile lui Vasile P\u00e2rvan<\/summary>\n<p><\/p>\n<\/details>\n\n\n\n<p class=\"has-text-align-center\"><strong><strong><strong><strong>MIHAI IRIMIA<\/strong><\/strong><\/strong><\/strong><br>&#8211;<a href=\"https:\/\/revistapontica.com\/wp-content\/uploads\/2026\/04\/385-Pontica-15-1982-MIHAI-IRIMIA-\u2013-Preistoria-in-preocuparile-lui-Vasile-Parvan.pdf\" data-type=\"link\" data-id=\"https:\/\/revistapontica.com\/wp-content\/uploads\/2026\/04\/385-Pontica-15-1982-MIHAI-IRIMIA-\u2013-Preistoria-in-preocuparile-lui-Vasile-Parvan.pdf\">view the PDF version<\/a>&#8211;<\/p>\n\n\n\n<hr class=\"wp-block-separator has-alpha-channel-opacity\"\/>\n\n\n\n<details class=\"wp-block-details is-layout-flow wp-block-details-is-layout-flow\"><summary>Evolu\u0163ia zonei Mamaia \u00een Cuaternarul t\u00eerziu<\/summary>\n<p><\/p>\n<\/details>\n\n\n\n<p class=\"has-text-align-center\"><strong><strong><strong>CARAIVAN GLICHERIE<\/strong><\/strong><\/strong><br>&#8211;<a href=\"https:\/\/revistapontica.com\/wp-content\/uploads\/2026\/04\/386-Pontica-15-1982-CARAIVAN-GLICHERIE-\u2013-Evolutia-zonei-Mamaia-in-Cuaternarul-tirziu.pdf\" data-type=\"link\" data-id=\"https:\/\/revistapontica.com\/wp-content\/uploads\/2026\/04\/386-Pontica-15-1982-CARAIVAN-GLICHERIE-\u2013-Evolutia-zonei-Mamaia-in-Cuaternarul-tirziu.pdf\">view the PDF version<\/a>&#8211;<\/p>\n\n\n\n<hr class=\"wp-block-separator has-alpha-channel-opacity\"\/>\n\n\n\n<details class=\"wp-block-details is-layout-flow wp-block-details-is-layout-flow\"><summary>Aspecte privind \u00eenceputul epocii neolitice \u00een Dobrogea<\/summary>\n<p><\/p>\n<\/details>\n\n\n\n<p class=\"has-text-align-center\"><strong><strong><strong>PUIU HASOTTI<\/strong><\/strong><\/strong><br>&#8211;<a href=\"https:\/\/revistapontica.com\/wp-content\/uploads\/2026\/04\/387-Pontica-15-1982-PUIU-HASOTTI-\u2013-Aspecte-privind-inceputul-epocii-neolitice-in-Dobrogea.pdf\" data-type=\"link\" data-id=\"https:\/\/revistapontica.com\/wp-content\/uploads\/2026\/04\/387-Pontica-15-1982-PUIU-HASOTTI-\u2013-Aspecte-privind-inceputul-epocii-neolitice-in-Dobrogea.pdf\">view the PDF version<\/a>&#8211;<\/p>\n\n\n\n<hr class=\"wp-block-separator has-alpha-channel-opacity\"\/>\n\n\n\n<details class=\"wp-block-details is-layout-flow wp-block-details-is-layout-flow\"><summary>A propos de la couche pr\u00e9coloniale de Mesambria<\/summary>\n<p><\/p>\n<\/details>\n\n\n\n<p class=\"has-text-align-center\"><strong><strong><strong>PETRE ALEXANDRESCU, SEBASTIAN MORINTZ<\/strong><\/strong><\/strong><br>&#8211;<a href=\"https:\/\/revistapontica.com\/wp-content\/uploads\/2026\/04\/388-Pontica-15-1982-PETRE-ALEXANDRESCU-SEBASTIAN-MORINTZ-\u2013-A-propos-de-la-couche-precoloniale-de-Mesambria.pdf\" data-type=\"link\" data-id=\"https:\/\/revistapontica.com\/wp-content\/uploads\/2026\/04\/388-Pontica-15-1982-PETRE-ALEXANDRESCU-SEBASTIAN-MORINTZ-\u2013-A-propos-de-la-couche-precoloniale-de-Mesambria.pdf\">view the PDF version<\/a>&#8211;<\/p>\n\n\n\n<hr class=\"wp-block-separator has-alpha-channel-opacity\"\/>\n\n\n\n<details class=\"wp-block-details is-layout-flow wp-block-details-is-layout-flow\"><summary>Date privind cultivarea vi\u0163ei de vie la traco-daci (sec. VI \u00ee.e.n.-sec. I e.n.) \u00een lumina cercet\u0103rilor arheologice<\/summary>\n<p><\/p>\n<\/details>\n\n\n\n<p class=\"has-text-align-center\"><strong>MARIA COM\u015eA<\/strong><br>&#8211;<a href=\"https:\/\/revistapontica.com\/wp-content\/uploads\/2026\/04\/389-Pontica-15-1982-MARIA-COMSA-\u2013-Date-privind-cultivarea-vitei-de-vie-la-traco-daci-sec.-VI-i.e.n.-sec.-I-e.n.-in-lumina-cercetarilor-arheologice.pdf\" data-type=\"link\" data-id=\"https:\/\/revistapontica.com\/wp-content\/uploads\/2026\/04\/389-Pontica-15-1982-MARIA-COMSA-\u2013-Date-privind-cultivarea-vitei-de-vie-la-traco-daci-sec.-VI-i.e.n.-sec.-I-e.n.-in-lumina-cercetarilor-arheologice.pdf\">view the PDF version<\/a>&#8211;<\/p>\n\n\n\n<hr class=\"wp-block-separator has-alpha-channel-opacity\"\/>\n\n\n\n<details class=\"wp-block-details is-layout-flow wp-block-details-is-layout-flow\"><summary>\u00cendeletniciri ale geto-dacilor din centrul C\u00eempiei Rom\u00e2ne<\/summary>\n<p><\/p>\n<\/details>\n\n\n\n<p class=\"has-text-align-center\"><strong><strong>MIOARA TURCU<\/strong><\/strong><br>&#8211;<a href=\"https:\/\/revistapontica.com\/wp-content\/uploads\/2026\/04\/390-Pontica-15-1982-MIOARA-TURCU-\u2013-Indeletniciri-ale-geto-dacilor-din-centrul-Cimpiei-Romane.pdf\" data-type=\"link\" data-id=\"https:\/\/revistapontica.com\/wp-content\/uploads\/2026\/04\/390-Pontica-15-1982-MIOARA-TURCU-\u2013-Indeletniciri-ale-geto-dacilor-din-centrul-Cimpiei-Romane.pdf\">view the PDF version<\/a>&#8211;<\/p>\n\n\n\n<hr class=\"wp-block-separator has-alpha-channel-opacity\"\/>\n\n\n\n<details class=\"wp-block-details is-layout-flow wp-block-details-is-layout-flow\"><summary>Roata, simbol solar pe monedele histriene<\/summary>\n<p><\/p>\n<\/details>\n\n\n\n<p class=\"has-text-align-center\"><strong><strong>BUCUR MITREA<\/strong><\/strong><br>&#8211;<a href=\"https:\/\/revistapontica.com\/wp-content\/uploads\/2026\/04\/391-Pontica-15-1982-BUCUR-MITREA-\u2013-Roata-simbol-solar-pe-monedele-histriene.pdf\" data-type=\"link\" data-id=\"https:\/\/revistapontica.com\/wp-content\/uploads\/2026\/04\/391-Pontica-15-1982-BUCUR-MITREA-\u2013-Roata-simbol-solar-pe-monedele-histriene.pdf\">view the PDF version<\/a>&#8211;<\/p>\n\n\n\n<hr class=\"wp-block-separator has-alpha-channel-opacity\"\/>\n\n\n\n<details class=\"wp-block-details is-layout-flow wp-block-details-is-layout-flow\"><summary>Importuri grece\u015fti \u00een C\u00eempia Br\u0103ilei (sec. V-I \u00ee.e.n.)<\/summary>\n<p><\/p>\n<\/details>\n\n\n\n<p class=\"has-text-align-center\"><strong><strong>VALERIU S\u00ceRBU<\/strong><\/strong><br>&#8211;<a href=\"https:\/\/revistapontica.com\/wp-content\/uploads\/2026\/04\/392-Pontica-15-1982-VALERIU-SIRBU-\u2013-Importuri-grecesti-in-Cimpia-Brailei-sec.-V-I-i.e.n.pdf\" data-type=\"link\" data-id=\"https:\/\/revistapontica.com\/wp-content\/uploads\/2026\/04\/392-Pontica-15-1982-VALERIU-SIRBU-\u2013-Importuri-grecesti-in-Cimpia-Brailei-sec.-V-I-i.e.n.pdf\">view the PDF version<\/a>&#8211;<\/p>\n\n\n\n<hr class=\"wp-block-separator has-alpha-channel-opacity\"\/>\n\n\n\n<details class=\"wp-block-details is-layout-flow wp-block-details-is-layout-flow\"><summary>Amfore antice ap\u0103rute \u00eentr-un morm\u00eent tumular de la Topalu (jud. Constan\u0163a)<\/summary>\n<p><\/p>\n<\/details>\n\n\n\n<p class=\"has-text-align-center\"><strong><strong>MIHAI IRIMIA, NICOLAE CHELU\u0162\u0102-GEORGESCU<\/strong><\/strong><br>&#8211;<a href=\"https:\/\/revistapontica.com\/wp-content\/uploads\/2026\/04\/393-Pontica-15-1982-MIHAI-IRIMIA-NICOLAE-CHELUTA-GEORGESCU-\u2013-Amfore-antice-aparute-intr-un-mormint-tumular-de-la-Topalu-jud.-Constanta.pdf\" data-type=\"link\" data-id=\"https:\/\/revistapontica.com\/wp-content\/uploads\/2026\/04\/393-Pontica-15-1982-MIHAI-IRIMIA-NICOLAE-CHELUTA-GEORGESCU-\u2013-Amfore-antice-aparute-intr-un-mormint-tumular-de-la-Topalu-jud.-Constanta.pdf\">view the PDF version<\/a>&#8211;<\/p>\n\n\n\n<hr class=\"wp-block-separator has-alpha-channel-opacity\"\/>\n\n\n\n<details class=\"wp-block-details is-layout-flow wp-block-details-is-layout-flow\"><summary> Importul amforelor thasiene la Tomis \u00een perioada elenistic\u0103<\/summary>\n<p><\/p>\n<\/details>\n\n\n\n<p class=\"has-text-align-center\"><strong><strong>LIVIA BUZOIAN<\/strong>U<\/strong><br>&#8211;<a href=\"https:\/\/revistapontica.com\/wp-content\/uploads\/2026\/04\/394-Pontica-15-1982-LIVIA-BUZOIANU-\u2013-Importul-amforelor-thasiene-la-Tomis-in-perioada-elenistica.pdf\" data-type=\"link\" data-id=\"https:\/\/revistapontica.com\/wp-content\/uploads\/2026\/04\/394-Pontica-15-1982-LIVIA-BUZOIANU-\u2013-Importul-amforelor-thasiene-la-Tomis-in-perioada-elenistica.pdf\">view the PDF version<\/a>&#8211;<\/p>\n\n\n\n<hr class=\"wp-block-separator has-alpha-channel-opacity\"\/>\n\n\n\n<details class=\"wp-block-details is-layout-flow wp-block-details-is-layout-flow\"><summary>Colonia Ulpia Zermizegetusa pe o inscrip\u0163ie din Dobrogea<\/summary>\n<p><\/p>\n<\/details>\n\n\n\n<p class=\"has-text-align-center\"><strong><strong>MARIA B\u0102RBULESCU-MUNTEANU, ADRIAN R\u0102DULESCU<\/strong><\/strong><br>&#8211;<a href=\"https:\/\/revistapontica.com\/wp-content\/uploads\/2026\/04\/395-Pontica-15-1982-MARIA-BARBULESCU-MUNTEANU-ADRIAN-RADULESCU-\u2013-Colonia-Ulpia-Zermizegetusa-pe-o-inscriptie-din-Dobrogea.pdf\" data-type=\"link\" data-id=\"https:\/\/revistapontica.com\/wp-content\/uploads\/2026\/04\/395-Pontica-15-1982-MARIA-BARBULESCU-MUNTEANU-ADRIAN-RADULESCU-\u2013-Colonia-Ulpia-Zermizegetusa-pe-o-inscriptie-din-Dobrogea.pdf\">view the PDF version<\/a>&#8211;<\/p>\n\n\n\n<hr class=\"wp-block-separator has-alpha-channel-opacity\"\/>\n\n\n\n<details class=\"wp-block-details is-layout-flow wp-block-details-is-layout-flow\"><summary>Despre apeductele Tomisului<\/summary>\n<p><\/p>\n<\/details>\n\n\n\n<p class=\"has-text-align-center\"><strong><strong>GHEORGHE PAPUC<\/strong><\/strong><br>&#8211;<a href=\"https:\/\/revistapontica.com\/wp-content\/uploads\/2026\/04\/396-Pontica-15-1982-GHEORGHE-PAPUC-\u2013-Despre-apeductele-Tomisului.pdf\" data-type=\"link\" data-id=\"https:\/\/revistapontica.com\/wp-content\/uploads\/2026\/04\/396-Pontica-15-1982-GHEORGHE-PAPUC-\u2013-Despre-apeductele-Tomisului.pdf\">view the PDF version<\/a>&#8211;<\/p>\n\n\n\n<hr class=\"wp-block-separator has-alpha-channel-opacity\"\/>\n\n\n\n<details class=\"wp-block-details is-layout-flow wp-block-details-is-layout-flow\"><summary>Contribu\u0163ii la cunoa\u015fterea unei necropole cre\u015ftine a Tomisului (I)<\/summary>\n<p><\/p>\n<\/details>\n\n\n\n<p class=\"has-text-align-center\"><strong><strong>VIRGIL LUNGU, CONSTANTIN CHERA-M\u0102RGINEANU<\/strong><br><\/strong>&#8211;<a href=\"https:\/\/revistapontica.com\/wp-content\/uploads\/2026\/04\/397-Pontica-15-1982-VIRGIL-LUNGU-CONSTANTIN-CHERA-MARGINEANU-\u2013-Contributii-la-cunoasterea-unei-necropole-crestine-a-Tomisului-I.pdf\" data-type=\"link\" data-id=\"https:\/\/revistapontica.com\/wp-content\/uploads\/2026\/04\/397-Pontica-15-1982-VIRGIL-LUNGU-CONSTANTIN-CHERA-MARGINEANU-\u2013-Contributii-la-cunoasterea-unei-necropole-crestine-a-Tomisului-I.pdf\">view the PDF version<\/a>&#8211;<\/p>\n\n\n\n<hr class=\"wp-block-separator has-alpha-channel-opacity\"\/>\n\n\n\n<details class=\"wp-block-details is-layout-flow wp-block-details-is-layout-flow\"><summary>Sigilii bizantine de la Durostorum-Dorostolon<\/summary>\n<p><\/p>\n<\/details>\n\n\n\n<p class=\"has-text-align-center\"><strong><strong>ION BARNEA<\/strong><\/strong><br>&#8211;<a href=\"https:\/\/revistapontica.com\/wp-content\/uploads\/2026\/04\/398-Pontica-15-1982-ION-BARNEA-\u2013-Sigilii-bizantine-de-la-Durostorum-Dorostolon.pdf\" data-type=\"link\" data-id=\"https:\/\/revistapontica.com\/wp-content\/uploads\/2026\/04\/398-Pontica-15-1982-ION-BARNEA-\u2013-Sigilii-bizantine-de-la-Durostorum-Dorostolon.pdf\">view the PDF version<\/a>&#8211;<\/p>\n\n\n\n<hr class=\"wp-block-separator has-alpha-channel-opacity\"\/>\n\n\n\n<details class=\"wp-block-details is-layout-flow wp-block-details-is-layout-flow\"><summary>O nou\u0103 figurin\u0103 Cernavod\u0103 III descoperit\u0103 \u00een sud-vestul Dobrogei<\/summary>\n<p><\/p>\n<\/details>\n\n\n\n<p class=\"has-text-align-center\"><strong>MARIAN NEAGU, ION MUNTEANU, VASILE OPREA<br><\/strong>&#8211;<a href=\"https:\/\/revistapontica.com\/wp-content\/uploads\/2026\/04\/399-Pontica-15-1982-MARIAN-NEAGU-ION-MUNTEANU-VASILE-OPREA-\u2013-O-noua-figurina-Cernavoda-III-descoperita-in-sud-vestul-Dobrogei.pdf\" data-type=\"link\" data-id=\"https:\/\/revistapontica.com\/wp-content\/uploads\/2026\/04\/399-Pontica-15-1982-MARIAN-NEAGU-ION-MUNTEANU-VASILE-OPREA-\u2013-O-noua-figurina-Cernavoda-III-descoperita-in-sud-vestul-Dobrogei.pdf\">view the PDF version<\/a>&#8211;<\/p>\n\n\n\n<hr class=\"wp-block-separator has-alpha-channel-opacity\"\/>\n\n\n\n<details class=\"wp-block-details is-layout-flow wp-block-details-is-layout-flow\"><summary>Opai\u0163e grece\u015fti \u015fi romane din colec\u0163iile Muzeului Br\u0103ila<\/summary>\n<p><\/p>\n<\/details>\n\n\n\n<p class=\"has-text-align-center\"><strong><strong>NICOLAE HAR\u021aUCHE, OCTAVIAN BOUNEGRU<\/strong><\/strong><br>&#8211;<a href=\"https:\/\/revistapontica.com\/wp-content\/uploads\/2026\/04\/400-Pontica-15-1982-NICOLAE-HARTUCHE-OCTAVIAN-BOUNEGRU-\u2013-Opaite-grecesti-si-romane-din-colectiile-Muzeului-Braila.pdf\" data-type=\"link\" data-id=\"https:\/\/revistapontica.com\/wp-content\/uploads\/2026\/04\/400-Pontica-15-1982-NICOLAE-HARTUCHE-OCTAVIAN-BOUNEGRU-\u2013-Opaite-grecesti-si-romane-din-colectiile-Muzeului-Braila.pdf\">view the PDF version<\/a>&#8211;<\/p>\n\n\n\n<hr class=\"wp-block-separator has-alpha-channel-opacity\"\/>\n\n\n\n<details class=\"wp-block-details is-layout-flow wp-block-details-is-layout-flow\"><summary>Vase \u015fi obiecte de bronz romane timpurii din Tomis<\/summary>\n<p><\/p>\n<\/details>\n\n\n\n<p class=\"has-text-align-center\"><strong><strong>MIHAI BUCOVAL\u0102<\/strong><\/strong><br>&#8211;<a href=\"https:\/\/revistapontica.com\/wp-content\/uploads\/2026\/04\/401-Pontica-15-1982-MIHAI-BUCOVALA-\u2013-Vase-si-obiecte-de-bronz-romane-timpurii-din-Tomis.pdf\" data-type=\"link\" data-id=\"https:\/\/revistapontica.com\/wp-content\/uploads\/2026\/04\/401-Pontica-15-1982-MIHAI-BUCOVALA-\u2013-Vase-si-obiecte-de-bronz-romane-timpurii-din-Tomis.pdf\">view the PDF version<\/a>&#8211;<\/p>\n\n\n\n<hr class=\"wp-block-separator has-alpha-channel-opacity\"\/>\n\n\n\n<details class=\"wp-block-details is-layout-flow wp-block-details-is-layout-flow\"><summary>Despre cronologia fortifica\u0163iilor romane de la Barbo\u0219i<\/summary>\n<p><\/p>\n<\/details>\n\n\n\n<p class=\"has-text-align-center\"><strong><strong>LIVIU PETCULESCU<\/strong><\/strong><br>&#8211;<a href=\"https:\/\/revistapontica.com\/wp-content\/uploads\/2026\/04\/402-Pontica-15-1982-LIVIU-PETCULESCU-\u2013-Despre-cronologia-fortificatiilor-romane-de-la-Barbosi.pdf\" data-type=\"link\" data-id=\"https:\/\/revistapontica.com\/wp-content\/uploads\/2026\/04\/402-Pontica-15-1982-LIVIU-PETCULESCU-\u2013-Despre-cronologia-fortificatiilor-romane-de-la-Barbosi.pdf\">view the PDF version<\/a>&#8211;<\/p>\n\n\n\n<hr class=\"wp-block-separator has-alpha-channel-opacity\"\/>\n\n\n\n<details class=\"wp-block-details is-layout-flow wp-block-details-is-layout-flow\"><summary>C\u00eeteva fragmente sculpturale din sud-vestul Dobrogei<\/summary>\n<p><\/p>\n<\/details>\n\n\n\n<p class=\"has-text-align-center\"><strong><strong>CRI\u015eAN MU\u015eE\u021aEANU<\/strong><\/strong><br>&#8211;<a href=\"https:\/\/revistapontica.com\/wp-content\/uploads\/2026\/04\/403-Pontica-15-1982-CRISAN-MUSETEANU-\u2013-Citeva-fragmente-sculpturale-din-sud-vestul-Dobrogei.pdf\" data-type=\"link\" data-id=\"https:\/\/revistapontica.com\/wp-content\/uploads\/2026\/04\/403-Pontica-15-1982-CRISAN-MUSETEANU-\u2013-Citeva-fragmente-sculpturale-din-sud-vestul-Dobrogei.pdf\">view the PDF version<\/a>&#8211;<\/p>\n\n\n\n<hr class=\"wp-block-separator has-alpha-channel-opacity\"\/>\n\n\n\n<details class=\"wp-block-details is-layout-flow wp-block-details-is-layout-flow\"><summary>Tipare de la P\u0103cuiul lui Soare pentru ob\u021binerea de obiecte de podoab\u0103 \u00een tehnica pres\u0103rii<\/summary>\n<p><\/p>\n<\/details>\n\n\n\n<p class=\"has-text-align-center\"><strong>PETRE DIACONU, ADRIAN PANAITESCU<\/strong><br>&#8211;<a href=\"https:\/\/revistapontica.com\/wp-content\/uploads\/2026\/04\/404-Pontica-15-1982-PETRE-DIACONU-ADRIAN-PANAITESCU-\u2013-Tipare-de-la-Pacuiul-lui-Soare-pentru-obtinerea-de-obiecte-de-podoaba-in-tehnica-presarii.pdf\" data-type=\"link\" data-id=\"https:\/\/revistapontica.com\/wp-content\/uploads\/2026\/04\/404-Pontica-15-1982-PETRE-DIACONU-ADRIAN-PANAITESCU-\u2013-Tipare-de-la-Pacuiul-lui-Soare-pentru-obtinerea-de-obiecte-de-podoaba-in-tehnica-presarii.pdf\">view the PDF version<\/a>&#8211;<\/p>\n\n\n\n<hr class=\"wp-block-separator has-alpha-channel-opacity\"\/>\n\n\n\n<details class=\"wp-block-details is-layout-flow wp-block-details-is-layout-flow\"><summary>Publius Vergilius Maro despre traci, ge\u0163i \u015fi daci<\/summary>\n<p><\/p>\n<\/details>\n\n\n\n<p class=\"has-text-align-center\"><strong><strong>IOAN MICU<\/strong><\/strong><br>&#8211;<a href=\"https:\/\/revistapontica.com\/wp-content\/uploads\/2026\/04\/405-Pontica-15-1982-IOAN-MICU-\u2013-Publius-Vergilius-Maro-despre-traci-geti-si-daci.pdf\" data-type=\"link\" data-id=\"https:\/\/revistapontica.com\/wp-content\/uploads\/2026\/04\/405-Pontica-15-1982-IOAN-MICU-\u2013-Publius-Vergilius-Maro-despre-traci-geti-si-daci.pdf\">view the PDF version<\/a>&#8211;<\/p>\n\n\n\n<hr class=\"wp-block-separator has-alpha-channel-opacity\"\/>\n\n\n\n<details class=\"wp-block-details is-layout-flow wp-block-details-is-layout-flow\"><summary>Descoperiri monetare \u00een Dobrogea (IV)<\/summary>\n<p><\/p>\n<\/details>\n\n\n\n<p class=\"has-text-align-center\"><strong><strong>ANTOANETA VERTAN, GABRIEL CUSTUREA<\/strong><\/strong><br>&#8211;<a href=\"https:\/\/revistapontica.com\/wp-content\/uploads\/2026\/04\/406-Pontica-15-1982-ANTOANETA-VERTAN-GABRIEL-CUSTUREA-\u2013-Descoperiri-monetare-in-Dobrogea-IV.pdf\" data-type=\"link\" data-id=\"https:\/\/revistapontica.com\/wp-content\/uploads\/2026\/04\/406-Pontica-15-1982-ANTOANETA-VERTAN-GABRIEL-CUSTUREA-\u2013-Descoperiri-monetare-in-Dobrogea-IV.pdf\">view the PDF version<\/a>&#8211;<\/p>\n\n\n\n<hr class=\"wp-block-separator has-alpha-channel-opacity\"\/>\n\n\n\n<details class=\"wp-block-details is-layout-flow wp-block-details-is-layout-flow\"><summary>Dare de seam\u0103 asupra activit\u0103\u0163ii Muzeului de istorie na\u0163ional\u0103 \u015fi arheologie Constan\u0163a, \u00een perioada noiembrie 1980 \u2013 noiembrie 1981<\/summary>\n<p><\/p>\n<\/details>\n\n\n\n<p class=\"has-text-align-center\"><strong><strong>ADRIAN R\u0102DULESCU<\/strong><\/strong><br>&#8211;<a href=\"https:\/\/revistapontica.com\/wp-content\/uploads\/2026\/04\/407-Pontica-15-1982-ADRIAN-RADULESCU-\u2013-Dare-de-seama-asupra-activitatii-Muzeului-de-istorie-nationala-si-arheologie-Constanta-in-perioada-noiembrie-1980-\u2013-noiembrie-1981.pdf\" data-type=\"link\" data-id=\"https:\/\/revistapontica.com\/wp-content\/uploads\/2026\/04\/407-Pontica-15-1982-ADRIAN-RADULESCU-\u2013-Dare-de-seama-asupra-activitatii-Muzeului-de-istorie-nationala-si-arheologie-Constanta-in-perioada-noiembrie-1980-\u2013-noiembrie-1981.pdf\">view the PDF version<\/a>&#8211;<\/p>\n\n\n\n<hr class=\"wp-block-separator has-alpha-channel-opacity\"\/>\n\n\n\n<details class=\"wp-block-details is-layout-flow wp-block-details-is-layout-flow\"><summary>Sesiunea \u015ftiin\u0163ific\u0103 a Muzeului de istorie na\u0163ional\u0103 \u015fi arheologie Constan\u021ba, 23-25 noiembrie 1981<\/summary>\n<p><\/p>\n<\/details>\n\n\n\n<p class=\"has-text-align-center\"><strong>CONSTANTIN CHERA-M\u0102RGINEANU<\/strong><br>&#8211;<a href=\"https:\/\/revistapontica.com\/wp-content\/uploads\/2026\/04\/408-Pontica-15-1982-CONSTANTIN-CHERA-MARGINEANU-\u2013-Sesiunea-stiintifica-a-Muzeului-de-istorie-nationala-si-arheologie-Constanta-23-25-noiembrie-1981.pdf\" data-type=\"link\" data-id=\"https:\/\/revistapontica.com\/wp-content\/uploads\/2026\/04\/408-Pontica-15-1982-CONSTANTIN-CHERA-MARGINEANU-\u2013-Sesiunea-stiintifica-a-Muzeului-de-istorie-nationala-si-arheologie-Constanta-23-25-noiembrie-1981.pdf\">view the PDF version<\/a>&#8211;<\/p>\n\n\n\n<hr class=\"wp-block-separator has-alpha-channel-opacity\"\/>\n\n\n\n<details class=\"wp-block-details is-layout-flow wp-block-details-is-layout-flow\"><summary>Necrolog &#8211; Profesor doctor docent Dumitru Tudor (20 mai 1908 &#8211; 30 ianuarie 1982)<\/summary>\n<p><\/p>\n<\/details>\n\n\n\n<p class=\"has-text-align-center\"><strong><strong>MIHAI BUCOVAL\u0102<\/strong><\/strong><br>&#8211;<a href=\"https:\/\/revistapontica.com\/wp-content\/uploads\/2026\/04\/409-Pontica-15-1982-MIHAI-BUCOVALA-\u2013-Necrolog-Profesor-doctor-docent-Dumitru-Tudor-20-mai-1908-30-ianuarie-1982.pdf\" data-type=\"link\" data-id=\"https:\/\/revistapontica.com\/wp-content\/uploads\/2026\/04\/409-Pontica-15-1982-MIHAI-BUCOVALA-\u2013-Necrolog-Profesor-doctor-docent-Dumitru-Tudor-20-mai-1908-30-ianuarie-1982.pdf\">view the PDF version<\/a>&#8211;<\/p>","protected":false},"excerpt":{"rendered":"<p>SUMAR&#8211;deschide varianta PDF&#8211; Lista abrevierilor&#8211;deschide varianta PDF&#8211; MIHAI IRIMIA&#8211;deschide varianta PDF&#8211; CARAIVAN GLICHERIE&#8211;deschide varianta PDF&#8211; PUIU HASOTTI&#8211;deschide varianta PDF&#8211; PETRE ALEXANDRESCU, SEBASTIAN MORINTZ&#8211;deschide varianta PDF&#8211; MARIA COM\u015eA&#8211;deschide varianta PDF&#8211; MIOARA TURCU&#8211;deschide varianta PDF&#8211; BUCUR MITREA&#8211;deschide varianta PDF&#8211; VALERIU S\u00ceRBU&#8211;deschide varianta PDF&#8211; MIHAI IRIMIA, NICOLAE CHELU\u0162\u0102-GEORGESCU&#8211;deschide varianta PDF&#8211; LIVIA BUZOIANU&#8211;deschide varianta PDF&#8211; MARIA B\u0102RBULESCU-MUNTEANU, ADRIAN R\u0102DULESCU&#8211;deschide [&hellip;]<\/p>\n","protected":false},"author":2,"featured_media":0,"comment_status":"closed","ping_status":"closed","sticky":false,"template":"","format":"standard","meta":{"footnotes":""},"categories":[18],"tags":[],"class_list":["post-1497","post","type-post","status-publish","format-standard","hentry","category-revista"],"_links":{"self":[{"href":"https:\/\/revistapontica.com\/en\/wp-json\/wp\/v2\/posts\/1497","targetHints":{"allow":["GET"]}}],"collection":[{"href":"https:\/\/revistapontica.com\/en\/wp-json\/wp\/v2\/posts"}],"about":[{"href":"https:\/\/revistapontica.com\/en\/wp-json\/wp\/v2\/types\/post"}],"author":[{"embeddable":true,"href":"https:\/\/revistapontica.com\/en\/wp-json\/wp\/v2\/users\/2"}],"replies":[{"embeddable":true,"href":"https:\/\/revistapontica.com\/en\/wp-json\/wp\/v2\/comments?post=1497"}],"version-history":[{"count":5,"href":"https:\/\/revistapontica.com\/en\/wp-json\/wp\/v2\/posts\/1497\/revisions"}],"predecessor-version":[{"id":2675,"href":"https:\/\/revistapontica.com\/en\/wp-json\/wp\/v2\/posts\/1497\/revisions\/2675"}],"wp:attachment":[{"href":"https:\/\/revistapontica.com\/en\/wp-json\/wp\/v2\/media?parent=1497"}],"wp:term":[{"taxonomy":"category","embeddable":true,"href":"https:\/\/revistapontica.com\/en\/wp-json\/wp\/v2\/categories?post=1497"},{"taxonomy":"post_tag","embeddable":true,"href":"https:\/\/revistapontica.com\/en\/wp-json\/wp\/v2\/tags?post=1497"}],"curies":[{"name":"wp","href":"https:\/\/api.w.org\/{rel}","templated":true}]}}