{"id":1501,"date":"2026-04-26T15:08:40","date_gmt":"2026-04-26T12:08:40","guid":{"rendered":"https:\/\/revistapontica.com\/?p=1501"},"modified":"2026-04-30T10:33:05","modified_gmt":"2026-04-30T07:33:05","slug":"pontica-nr-13-1980","status":"publish","type":"post","link":"https:\/\/revistapontica.com\/en\/pontica-nr-13-1980\/","title":{"rendered":"Pontica Nr. 13 (1980)"},"content":{"rendered":"<div class=\"wp-block-image\">\n<figure class=\"aligncenter size-large is-resized\"><img fetchpriority=\"high\" decoding=\"async\" width=\"687\" height=\"1024\" src=\"https:\/\/revistapontica.com\/wp-content\/uploads\/2026\/04\/pontica-13-687x1024.jpg\" alt=\"\" class=\"wp-image-1540\" style=\"width:548px;height:auto\" srcset=\"https:\/\/revistapontica.com\/wp-content\/uploads\/2026\/04\/pontica-13-687x1024.jpg 687w, https:\/\/revistapontica.com\/wp-content\/uploads\/2026\/04\/pontica-13-201x300.jpg 201w, https:\/\/revistapontica.com\/wp-content\/uploads\/2026\/04\/pontica-13-768x1145.jpg 768w, https:\/\/revistapontica.com\/wp-content\/uploads\/2026\/04\/pontica-13-8x12.jpg 8w, https:\/\/revistapontica.com\/wp-content\/uploads\/2026\/04\/pontica-13.jpg 805w\" sizes=\"(max-width: 687px) 100vw, 687px\" \/><\/figure>\n<\/div>\n\n\n<div style=\"height:50px\" aria-hidden=\"true\" class=\"wp-block-spacer\"><\/div>\n\n\n\n<div class=\"wp-block-buttons is-content-justification-center is-layout-flex wp-container-core-buttons-is-layout-16018d1d wp-block-buttons-is-layout-flex\">\n<div class=\"wp-block-button is-style-outline is-style-outline--1\"><a class=\"wp-block-button__link has-small-font-size has-custom-font-size wp-element-button\" href=\"https:\/\/revistapontica.com\/wp-content\/uploads\/2026\/04\/Pontica-13-1980.pdf\" style=\"border-top-left-radius:0px;border-top-right-radius:0px;border-bottom-left-radius:0px;border-bottom-right-radius:0px\"><strong>OPEN PONTICA NO. 13 \u2013 FULL VARIANT IN .PDF FORMAT<\/strong> (86 Mb)<\/a><\/div>\n<\/div>\n\n\n\n<div style=\"height:50px\" aria-hidden=\"true\" class=\"wp-block-spacer\"><\/div>\n\n\n\n<p class=\"has-text-align-center\"><strong>SUMMARY<\/strong><br>&#8211;<a href=\"https:\/\/revistapontica.com\/wp-content\/uploads\/2026\/04\/Pontica-13-1980-Sumar.pdf\" data-type=\"link\" data-id=\"https:\/\/revistapontica.com\/wp-content\/uploads\/2026\/04\/Pontica-13-1980-Sumar.pdf\">view the PDF version<\/a>&#8211;<\/p>\n\n\n\n<hr class=\"wp-block-separator has-alpha-channel-opacity\"\/>\n\n\n\n<p class=\"has-text-align-center\"><strong><strong><strong><strong><strong>Lista abrevierilor<\/strong><\/strong><\/strong><\/strong><\/strong><br>&#8211;<a href=\"https:\/\/revistapontica.com\/wp-content\/uploads\/2026\/04\/Pontica-13-1980-Lista-prescurtarilor.pdf\" data-type=\"link\" data-id=\"https:\/\/revistapontica.com\/wp-content\/uploads\/2026\/04\/Pontica-13-1980-Lista-prescurtarilor.pdf\">view the PDF version<\/a>&#8211;<\/p>\n\n\n\n<hr class=\"wp-block-separator has-alpha-channel-opacity\"\/>\n\n\n\n<details class=\"wp-block-details is-layout-flow wp-block-details-is-layout-flow\"><summary>Cuv\u00e2nt \u00eenainte<\/summary>\n<p><\/p>\n<\/details>\n\n\n\n<p class=\"has-text-align-center\"><strong>ELENA BORODI<\/strong><br>&#8211;<a href=\"https:\/\/revistapontica.com\/wp-content\/uploads\/2026\/04\/Pontica-13-1980-Cuvant-inainte-ELENA-BORODI.pdf\" data-type=\"link\" data-id=\"https:\/\/revistapontica.com\/wp-content\/uploads\/2026\/04\/Pontica-13-1980-Cuvant-inainte-ELENA-BORODI.pdf\">view the PDF version<\/a>&#8211;<\/p>\n\n\n\n<hr class=\"wp-block-separator has-alpha-channel-opacity\"\/>\n\n\n\n<p class=\"has-text-align-center\"><strong>Cuvinte \u0163inute cu prilejul s\u0103rb\u0103toririi centenarului Muzeului de Istorie Na\u0163ional\u0103 \u015fi Arheologie din Constan\u0163a<\/strong><br>&#8211;<a href=\"#\" data-type=\"link\" data-id=\"https:\/\/revistapontica.com\/wp-content\/uploads\/2026\/04\/1.1-sumar-pontica-2022.pdf\">deschide var<\/a><a href=\"https:\/\/revistapontica.com\/wp-content\/uploads\/2026\/04\/Pontica-13-1980-Cuvinte-tinute-cu-prilejul-sarbatoririi-centenarului-Muzeului-de-Istorie-Nationala-si-Arheologie-din-Constanta.pdf\" data-type=\"link\" data-id=\"https:\/\/revistapontica.com\/wp-content\/uploads\/2026\/04\/Pontica-13-1980-Cuvinte-tinute-cu-prilejul-sarbatoririi-centenarului-Muzeului-de-Istorie-Nationala-si-Arheologie-din-Constanta.pdf\">i<\/a><a href=\"#\" data-type=\"link\" data-id=\"https:\/\/revistapontica.com\/wp-content\/uploads\/2026\/04\/1.1-sumar-pontica-2022.pdf\">anta PDF<\/a>&#8211;<\/p>\n\n\n\n<hr class=\"wp-block-separator has-alpha-channel-opacity\"\/>\n\n\n\n<details class=\"wp-block-details is-layout-flow wp-block-details-is-layout-flow\"><summary>Centenarul Muzeului de Istorie Na\u021bional\u0103 \u0219i Arheologie Constan\u021ba (1879-1979) \u2013 Prinos de recuno\u0219tin\u021b\u0103 <\/summary>\n<p><\/p>\n<\/details>\n\n\n\n<p class=\"has-text-align-center\"><strong>ADRIAN R\u0102DULESCU<\/strong><br>&#8211;<a href=\"https:\/\/revistapontica.com\/wp-content\/uploads\/2026\/04\/Pontica-13-1980-Centenarul-Muzeului-de-Istorie-Nationala-si-Arheologie-Constanta-1879-1979-\u2013-Prinos-de-recunostinta-ADRIAN-RADULESCU.pdf\" data-type=\"link\" data-id=\"https:\/\/revistapontica.com\/wp-content\/uploads\/2026\/04\/Pontica-13-1980-Centenarul-Muzeului-de-Istorie-Nationala-si-Arheologie-Constanta-1879-1979-\u2013-Prinos-de-recunostinta-ADRIAN-RADULESCU.pdf\">view the PDF version<\/a>&#8211;<\/p>\n\n\n\n<hr class=\"wp-block-separator has-alpha-channel-opacity\"\/>\n\n\n\n<details class=\"wp-block-details is-layout-flow wp-block-details-is-layout-flow\"><summary>C\u00eeteva observa\u0163ii \u00een leg\u0103tur\u0103 cu prima migra\u0163ie a triburilor stepelor nord-pontice la apus de Prut<\/summary>\n<p><\/p>\n<\/details>\n\n\n\n<p class=\"has-text-align-center\"><strong><strong><strong><strong>VLADIMIR DUMITRESCU<\/strong><\/strong><\/strong><\/strong><br>&#8211;<a href=\"https:\/\/revistapontica.com\/wp-content\/uploads\/2026\/04\/329-Pontica-13-1980-VLADIMIR-DUMITRESCU-\u2013-Citeva-observatii-in-legatura-cu-prima-migratie-a-triburilor-stepelor-nord-pontice-la-apus-de-Prut.pdf\" data-type=\"link\" data-id=\"https:\/\/revistapontica.com\/wp-content\/uploads\/2026\/04\/329-Pontica-13-1980-VLADIMIR-DUMITRESCU-\u2013-Citeva-observatii-in-legatura-cu-prima-migratie-a-triburilor-stepelor-nord-pontice-la-apus-de-Prut.pdf\">view the PDF version<\/a>&#8211;<\/p>\n\n\n\n<hr class=\"wp-block-separator has-alpha-channel-opacity\"\/>\n\n\n\n<details class=\"wp-block-details is-layout-flow wp-block-details-is-layout-flow\"><summary>Despre obiectele de mobilier din epoca neolitic\u0103 de pe teritoriul Rom\u00e2niei<\/summary>\n<p><\/p>\n<\/details>\n\n\n\n<p class=\"has-text-align-center\"><strong><strong><strong>EUGEN COM\u015eA<\/strong><\/strong><\/strong><br>&#8211;<a href=\"https:\/\/revistapontica.com\/wp-content\/uploads\/2026\/04\/330-Pontica-13-1980-EUGEN-COMSA-\u2013-Despre-obiectele-de-mobilier-din-epoca-neolitica-de-pe-teritoriul-Romaniei.pdf\" data-type=\"link\" data-id=\"https:\/\/revistapontica.com\/wp-content\/uploads\/2026\/04\/330-Pontica-13-1980-EUGEN-COMSA-\u2013-Despre-obiectele-de-mobilier-din-epoca-neolitica-de-pe-teritoriul-Romaniei.pdf\">view the PDF version<\/a>&#8211;<\/p>\n\n\n\n<hr class=\"wp-block-separator has-alpha-channel-opacity\"\/>\n\n\n\n<details class=\"wp-block-details is-layout-flow wp-block-details-is-layout-flow\"><summary>Unele aspecte ale leg\u0103turilor dintre neo-eneoliticul rom\u00e2nesc \u015fi culturile egeice \u015fi microasiatice<\/summary>\n<p><\/p>\n<\/details>\n\n\n\n<p class=\"has-text-align-center\"><strong><strong><strong>SILVIA MARINESCU-B\u00ceLCU<\/strong><\/strong><\/strong><br>&#8211;<a href=\"https:\/\/revistapontica.com\/wp-content\/uploads\/2026\/04\/331-Pontica-13-1980-SILVIA-MARINESCU-BILCU-\u2013-Unele-aspecte-ale-legaturilor-dintre-neo-eneoliticul-romanesc-si-culturile-egeice-si-microasiatice.pdf\" data-type=\"link\" data-id=\"https:\/\/revistapontica.com\/wp-content\/uploads\/2026\/04\/331-Pontica-13-1980-SILVIA-MARINESCU-BILCU-\u2013-Unele-aspecte-ale-legaturilor-dintre-neo-eneoliticul-romanesc-si-culturile-egeice-si-microasiatice.pdf\">view the PDF version<\/a>&#8211;<\/p>\n\n\n\n<hr class=\"wp-block-separator has-alpha-channel-opacity\"\/>\n\n\n\n<details class=\"wp-block-details is-layout-flow wp-block-details-is-layout-flow\"><summary>Date noi privind a\u015fez\u0103rile getice din Dobrogea \u00een a doua epoc\u0103 a fierului<\/summary>\n<p><\/p>\n<\/details>\n\n\n\n<p class=\"has-text-align-center\"><strong><strong><strong>MIHAI IRIMIA<\/strong><\/strong><\/strong><br>&#8211;<a href=\"https:\/\/revistapontica.com\/wp-content\/uploads\/2026\/04\/332-Pontica-13-1980-MIHAI-IRIMIA-\u2013-Date-noi-privind-asezarile-getice-din-Dobrogea-in-a-doua-epoca-a-fierului.pdf\" data-type=\"link\" data-id=\"https:\/\/revistapontica.com\/wp-content\/uploads\/2026\/04\/332-Pontica-13-1980-MIHAI-IRIMIA-\u2013-Date-noi-privind-asezarile-getice-din-Dobrogea-in-a-doua-epoca-a-fierului.pdf\">view the PDF version<\/a>&#8211;<\/p>\n\n\n\n<hr class=\"wp-block-separator has-alpha-channel-opacity\"\/>\n\n\n\n<details class=\"wp-block-details is-layout-flow wp-block-details-is-layout-flow\"><summary>\u015etampile rhodiene de la Edificiul roman cu mozaic<\/summary>\n<p><\/p>\n<\/details>\n\n\n\n<p class=\"has-text-align-center\"><strong><strong>LIVIA BUZOIANU<\/strong><\/strong><br>&#8211;<a href=\"https:\/\/revistapontica.com\/wp-content\/uploads\/2026\/04\/333-Pontica-13-1980-LIVIA-BUZOIANU-\u2013-Stampile-rhodiene-de-la-Edificiul-roman-cu-mozaic.pdf\" data-type=\"link\" data-id=\"https:\/\/revistapontica.com\/wp-content\/uploads\/2026\/04\/333-Pontica-13-1980-LIVIA-BUZOIANU-\u2013-Stampile-rhodiene-de-la-Edificiul-roman-cu-mozaic.pdf\">view the PDF version<\/a>&#8211;<\/p>\n\n\n\n<hr class=\"wp-block-separator has-alpha-channel-opacity\"\/>\n\n\n\n<details class=\"wp-block-details is-layout-flow wp-block-details-is-layout-flow\"><summary>St\u00eelpi miliari inedi\u0163i din Scythia Minor<\/summary>\n<p><\/p>\n<\/details>\n\n\n\n<p class=\"has-text-align-center\"><strong><strong>M. B\u0102RBULESCU, A. R\u0102DULESCU<\/strong><\/strong><br>&#8211;<a href=\"https:\/\/revistapontica.com\/wp-content\/uploads\/2026\/04\/334-Pontica-13-1980-M.-BARBULESCU-A.-RADULESCU-\u2013-Stilpi-miliari-inediti-din-Scythia-Minor.pdf\" data-type=\"link\" data-id=\"https:\/\/revistapontica.com\/wp-content\/uploads\/2026\/04\/334-Pontica-13-1980-M.-BARBULESCU-A.-RADULESCU-\u2013-Stilpi-miliari-inediti-din-Scythia-Minor.pdf\">view the PDF version<\/a>&#8211;<\/p>\n\n\n\n<hr class=\"wp-block-separator has-alpha-channel-opacity\"\/>\n\n\n\n<details class=\"wp-block-details is-layout-flow wp-block-details-is-layout-flow\"><summary>Observa\u0163ii asupra unor caracteristici ale artei sculpturale din Scythia Minor \u00een lumina unor noi descoperiri<\/summary>\n<p><\/p>\n<\/details>\n\n\n\n<p class=\"has-text-align-center\"><strong><strong>ZAHARIA COVACEF<\/strong><\/strong><br>&#8211;<a href=\"https:\/\/revistapontica.com\/wp-content\/uploads\/2026\/04\/335-Pontica-13-1980-ZAHARIA-COVACEF-\u2013-Observatii-asupra-unor-caracteristici-ale-artei-sculpturale-din-Scythia-Minor-in-lumina-unor-noi-descoperiri.pdf\" data-type=\"link\" data-id=\"https:\/\/revistapontica.com\/wp-content\/uploads\/2026\/04\/335-Pontica-13-1980-ZAHARIA-COVACEF-\u2013-Observatii-asupra-unor-caracteristici-ale-artei-sculpturale-din-Scythia-Minor-in-lumina-unor-noi-descoperiri.pdf\">view the PDF version<\/a>&#8211;<\/p>\n\n\n\n<hr class=\"wp-block-separator has-alpha-channel-opacity\"\/>\n\n\n\n<details class=\"wp-block-details is-layout-flow wp-block-details-is-layout-flow\"><summary>Gr\u0103din\u0103ritul \u00een mileniul I e.n. pe teritoriul Rom\u00e2niei<\/summary>\n<p><\/p>\n<\/details>\n\n\n\n<p class=\"has-text-align-center\"><strong><strong>MARIA COM\u015eA<\/strong><\/strong><br>&#8211;<a href=\"https:\/\/revistapontica.com\/wp-content\/uploads\/2026\/04\/336-Pontica-13-1980-MARIA-COMSA-\u2013-Gradinaritul-in-mileniul-I-e.n.-pe-teritoriul-Romaniei.pdf\" data-type=\"link\" data-id=\"https:\/\/revistapontica.com\/wp-content\/uploads\/2026\/04\/336-Pontica-13-1980-MARIA-COMSA-\u2013-Gradinaritul-in-mileniul-I-e.n.-pe-teritoriul-Romaniei.pdf\">view the PDF version<\/a>&#8211;<\/p>\n\n\n\n<hr class=\"wp-block-separator has-alpha-channel-opacity\"\/>\n\n\n\n<details class=\"wp-block-details is-layout-flow wp-block-details-is-layout-flow\"><summary>Cariera de piatr\u0103 din secolul al X-lea de la Cernavod\u0103<\/summary>\n<p><\/p>\n<\/details>\n\n\n\n<p class=\"has-text-align-center\"><strong><strong>PETRE DIACONU<\/strong><\/strong><br>&#8211;<a href=\"https:\/\/revistapontica.com\/wp-content\/uploads\/2026\/04\/337-Pontica-13-1980-PETRE-DIACONU-\u2013-Cariera-de-piatra-din-secolul-al-X-lea-de-la-Cernavoda.pdf\" data-type=\"link\" data-id=\"https:\/\/revistapontica.com\/wp-content\/uploads\/2026\/04\/337-Pontica-13-1980-PETRE-DIACONU-\u2013-Cariera-de-piatra-din-secolul-al-X-lea-de-la-Cernavoda.pdf\">view the PDF version<\/a>&#8211;<\/p>\n\n\n\n<hr class=\"wp-block-separator has-alpha-channel-opacity\"\/>\n\n\n\n<details class=\"wp-block-details is-layout-flow wp-block-details-is-layout-flow\"><summary>A\u015fezarea apar\u0163in\u00eend culturii Hamangia de la Medgidia &#8211; Satu Nou<\/summary>\n<p><\/p>\n<\/details>\n\n\n\n<p class=\"has-text-align-center\"><strong><strong>PUIU HA\u015eOTTI<\/strong><\/strong><br>&#8211;<a href=\"https:\/\/revistapontica.com\/wp-content\/uploads\/2026\/04\/338-Pontica-13-1980-PUIU-HASOTTI-\u2013-Asezarea-apartinind-culturii-Hamangia-de-la-Medgidia-Satu-Nou.pdf\" data-type=\"link\" data-id=\"https:\/\/revistapontica.com\/wp-content\/uploads\/2026\/04\/338-Pontica-13-1980-PUIU-HASOTTI-\u2013-Asezarea-apartinind-culturii-Hamangia-de-la-Medgidia-Satu-Nou.pdf\">view the PDF version<\/a>&#8211;<\/p>\n\n\n\n<hr class=\"wp-block-separator has-alpha-channel-opacity\"\/>\n\n\n\n<details class=\"wp-block-details is-layout-flow wp-block-details-is-layout-flow\"><summary>Noi descoperiri \u00een necropolele callatiene (I)<\/summary>\n<p><\/p>\n<\/details>\n\n\n\n<p class=\"has-text-align-center\"><strong><strong>ELENA B\u00c2RL\u0102DEANU-ZAVATIN<\/strong><\/strong><br>&#8211;<a href=\"https:\/\/revistapontica.com\/wp-content\/uploads\/2026\/04\/339-Pontica-13-1980-ELENA-BARLADEANU-ZAVATIN-\u2013-Noi-descoperiri-in-necropolele-callatiene-I.pdf\" data-type=\"link\" data-id=\"https:\/\/revistapontica.com\/wp-content\/uploads\/2026\/04\/339-Pontica-13-1980-ELENA-BARLADEANU-ZAVATIN-\u2013-Noi-descoperiri-in-necropolele-callatiene-I.pdf\">view the PDF version<\/a>&#8211;<\/p>\n\n\n\n<hr class=\"wp-block-separator has-alpha-channel-opacity\"\/>\n\n\n\n<details class=\"wp-block-details is-layout-flow wp-block-details-is-layout-flow\"><summary>Comunic\u0103ri epigrafice (X)<\/summary>\n<p><\/p>\n<\/details>\n\n\n\n<p class=\"has-text-align-center\"><strong><strong>DUMITRU TUDOR<\/strong><\/strong><br>&#8211;<a href=\"https:\/\/revistapontica.com\/wp-content\/uploads\/2026\/04\/340-Pontica-13-1980-DUMITRU-TUDOR-\u2013-Comunicari-epigrafice-X.pdf\" data-type=\"link\" data-id=\"https:\/\/revistapontica.com\/wp-content\/uploads\/2026\/04\/340-Pontica-13-1980-DUMITRU-TUDOR-\u2013-Comunicari-epigrafice-X.pdf\">view the PDF version<\/a>&#8211;<\/p>\n\n\n\n<hr class=\"wp-block-separator has-alpha-channel-opacity\"\/>\n\n\n\n<details class=\"wp-block-details is-layout-flow wp-block-details-is-layout-flow\"><summary>Raport preliminar asupra cercet\u0103rilor arheologice din sectorul V al cet\u0103\u0163ii Capidava<\/summary>\n<p><\/p>\n<\/details>\n\n\n\n<p class=\"has-text-align-center\"><strong><strong>ZAHARIA COVACEF<\/strong><br><\/strong>&#8211;<a href=\"https:\/\/revistapontica.com\/wp-content\/uploads\/2026\/04\/341-Pontica-13-1980-ZAHARIA-COVACEF-\u2013-Raport-preliminar-asupra-cercetarilor-arheologice-din-sectorul-V-al-cetatii-Capidava.pdf\" data-type=\"link\" data-id=\"https:\/\/revistapontica.com\/wp-content\/uploads\/2026\/04\/341-Pontica-13-1980-ZAHARIA-COVACEF-\u2013-Raport-preliminar-asupra-cercetarilor-arheologice-din-sectorul-V-al-cetatii-Capidava.pdf\">view the PDF version<\/a>&#8211;<\/p>\n\n\n\n<hr class=\"wp-block-separator has-alpha-channel-opacity\"\/>\n\n\n\n<details class=\"wp-block-details is-layout-flow wp-block-details-is-layout-flow\"><summary>Cercet\u0103rile arheologice de la Ovidiu &#8211; municipiul Constan\u0163a<\/summary>\n<p><\/p>\n<\/details>\n\n\n\n<p class=\"has-text-align-center\"><strong><strong>M. BUCOVAL\u0102, GH. PAPUC<\/strong><\/strong><br>&#8211;<a href=\"https:\/\/revistapontica.com\/wp-content\/uploads\/2026\/04\/342-Pontica-13-1980-M.-BUCOVALA-GH.-PAPUC-\u2013-Cercetarile-arheologice-de-la-Ovidiu-municipiul-Constanta.pdf\" data-type=\"link\" data-id=\"https:\/\/revistapontica.com\/wp-content\/uploads\/2026\/04\/342-Pontica-13-1980-M.-BUCOVALA-GH.-PAPUC-\u2013-Cercetarile-arheologice-de-la-Ovidiu-municipiul-Constanta.pdf\">view the PDF version<\/a>&#8211;<\/p>\n\n\n\n<hr class=\"wp-block-separator has-alpha-channel-opacity\"\/>\n\n\n\n<details class=\"wp-block-details is-layout-flow wp-block-details-is-layout-flow\"><summary>Date noi privind feudalismul timpuriu \u00een zona comunei Castelu<\/summary>\n<p><\/p>\n<\/details>\n\n\n\n<p class=\"has-text-align-center\"><strong>ADRIAN PANAITESCU<br><\/strong>&#8211;<a href=\"https:\/\/revistapontica.com\/wp-content\/uploads\/2026\/04\/343-Pontica-13-1980-ADRIAN-PANAITESCU-\u2013-Date-noi-privind-feudalismul-timpuriu-in-zona-comunei-Castelu.pdf\" data-type=\"link\" data-id=\"https:\/\/revistapontica.com\/wp-content\/uploads\/2026\/04\/343-Pontica-13-1980-ADRIAN-PANAITESCU-\u2013-Date-noi-privind-feudalismul-timpuriu-in-zona-comunei-Castelu.pdf\">view the PDF version<\/a>&#8211;<\/p>\n\n\n\n<hr class=\"wp-block-separator has-alpha-channel-opacity\"\/>\n\n\n\n<details class=\"wp-block-details is-layout-flow wp-block-details-is-layout-flow\"><summary>Figurine gumelni\u0163ene descoperite \u00een B\u0103r\u0103gan<\/summary>\n<p><\/p>\n<\/details>\n\n\n\n<p class=\"has-text-align-center\"><strong><strong>MARIAN NEAGU<\/strong><\/strong><br>&#8211;<a href=\"https:\/\/revistapontica.com\/wp-content\/uploads\/2026\/04\/344-Pontica-13-1980-MARIAN-NEAGU-\u2013-Figurine-gumelnitene-descoperite-in-Baragan.pdf\" data-type=\"link\" data-id=\"https:\/\/revistapontica.com\/wp-content\/uploads\/2026\/04\/344-Pontica-13-1980-MARIAN-NEAGU-\u2013-Figurine-gumelnitene-descoperite-in-Baragan.pdf\">view the PDF version<\/a>&#8211;<\/p>\n\n\n\n<hr class=\"wp-block-separator has-alpha-channel-opacity\"\/>\n\n\n\n<details class=\"wp-block-details is-layout-flow wp-block-details-is-layout-flow\"><summary>Noi date \u00een leg\u0103tur\u0103 cu circula\u0163ia drahmei histriene \u00een Dobrogea<\/summary>\n<p><\/p>\n<\/details>\n\n\n\n<p class=\"has-text-align-center\"><strong><strong>TEODOR PAPASIMA<\/strong><\/strong><br>&#8211;<a href=\"https:\/\/revistapontica.com\/wp-content\/uploads\/2026\/04\/345-Pontica-13-1980-TEODOR-PAPASIMA-\u2013-Noi-date-in-legatura-cu-circulatia-drahmei-histriene-in-Dobrogea.pdf\" data-type=\"link\" data-id=\"https:\/\/revistapontica.com\/wp-content\/uploads\/2026\/04\/345-Pontica-13-1980-TEODOR-PAPASIMA-\u2013-Noi-date-in-legatura-cu-circulatia-drahmei-histriene-in-Dobrogea.pdf\">view the PDF version<\/a>&#8211;<\/p>\n\n\n\n<hr class=\"wp-block-separator has-alpha-channel-opacity\"\/>\n\n\n\n<details class=\"wp-block-details is-layout-flow wp-block-details-is-layout-flow\"><summary>Considera\u0163ii asupra aliment\u0103rii cu ap\u0103 a ora\u015felor-cet\u0103\u0163i Histria, Tomis \u015fi Callatis<\/summary>\n<p><\/p>\n<\/details>\n\n\n\n<p class=\"has-text-align-center\"><strong><strong>MARCU BOTZAN<\/strong><\/strong><br>&#8211;<a href=\"https:\/\/revistapontica.com\/wp-content\/uploads\/2026\/04\/346-Pontica-13-1980-MARCU-BOTZAN-\u2013-Consideratii-asupra-alimentarii-cu-apa-a-oraselor-cetati-Histria-Tomis-si-Callatis.pdf\" data-type=\"link\" data-id=\"https:\/\/revistapontica.com\/wp-content\/uploads\/2026\/04\/346-Pontica-13-1980-MARCU-BOTZAN-\u2013-Consideratii-asupra-alimentarii-cu-apa-a-oraselor-cetati-Histria-Tomis-si-Callatis.pdf\">view the PDF version<\/a>&#8211;<\/p>\n\n\n\n<hr class=\"wp-block-separator has-alpha-channel-opacity\"\/>\n\n\n\n<details class=\"wp-block-details is-layout-flow wp-block-details-is-layout-flow\"><summary>O groap\u0103 menajer\u0103 din secolul II e.n. din teritoriul municipiului Durostorum<\/summary>\n<p><\/p>\n<\/details>\n\n\n\n<p class=\"has-text-align-center\"><strong><strong>VASILE CULIC\u0102<\/strong><\/strong><br>&#8211;<a href=\"https:\/\/revistapontica.com\/wp-content\/uploads\/2026\/04\/347-Pontica-13-1980-VASILE-CULICA-\u2013-O-groapa-menajera-din-secolul-II-e.n.-din-teritoriul-municipiului-Durostorum.pdf\" data-type=\"link\" data-id=\"https:\/\/revistapontica.com\/wp-content\/uploads\/2026\/04\/347-Pontica-13-1980-VASILE-CULICA-\u2013-O-groapa-menajera-din-secolul-II-e.n.-din-teritoriul-municipiului-Durostorum.pdf\">view the PDF version<\/a>&#8211;<\/p>\n\n\n\n<hr class=\"wp-block-separator has-alpha-channel-opacity\"\/>\n\n\n\n<details class=\"wp-block-details is-layout-flow wp-block-details-is-layout-flow\"><summary>Tezaurul monetar de la Mangalia din vremea lui Gordian al III-lea<\/summary>\n<p><\/p>\n<\/details>\n\n\n\n<p class=\"has-text-align-center\"><strong>ANTOANETA VERTAN<\/strong><br>&#8211;<a href=\"https:\/\/revistapontica.com\/wp-content\/uploads\/2026\/04\/348-Pontica-13-1980-ANTOANETA-VERTAN-\u2013-Tezaurul-monetar-de-la-Mangalia-din-vremea-lui-Gordian-al-III-lea.pdf\" data-type=\"link\" data-id=\"https:\/\/revistapontica.com\/wp-content\/uploads\/2026\/04\/348-Pontica-13-1980-ANTOANETA-VERTAN-\u2013-Tezaurul-monetar-de-la-Mangalia-din-vremea-lui-Gordian-al-III-lea.pdf\">view the PDF version<\/a>&#8211;<\/p>\n\n\n\n<hr class=\"wp-block-separator has-alpha-channel-opacity\"\/>\n\n\n\n<details class=\"wp-block-details is-layout-flow wp-block-details-is-layout-flow\"><summary>Monede otomane descoperite la Constan\u021ba (sec. XV-XVI)<\/summary>\n<p><\/p>\n<\/details>\n\n\n\n<p class=\"has-text-align-center\"><strong><strong>GABRIEL CUSTUREA<\/strong><\/strong><br>&#8211;<a href=\"https:\/\/revistapontica.com\/wp-content\/uploads\/2026\/04\/349-Pontica-13-1980-GABRIEL-CUSTUREA-\u2013-Monede-otomane-descoperite-la-Constanta-sec.-XV-XVI.pdf\" data-type=\"link\" data-id=\"https:\/\/revistapontica.com\/wp-content\/uploads\/2026\/04\/349-Pontica-13-1980-GABRIEL-CUSTUREA-\u2013-Monede-otomane-descoperite-la-Constanta-sec.-XV-XVI.pdf\">view the PDF version<\/a>&#8211;<\/p>\n\n\n\n<hr class=\"wp-block-separator has-alpha-channel-opacity\"\/>\n\n\n\n<details class=\"wp-block-details is-layout-flow wp-block-details-is-layout-flow\"><summary>Descoperiri monetare \u00een Dobrogea (II)<\/summary>\n<p><\/p>\n<\/details>\n\n\n\n<p class=\"has-text-align-center\"><strong><strong>A. VERTAN, G. CUSTUREA<\/strong><\/strong><br>&#8211;<a href=\"https:\/\/revistapontica.com\/wp-content\/uploads\/2026\/04\/350-Pontica-13-1980-A.-VERTAN-G.-CUSTUREA-\u2013-Descoperiri-monetare-in-Dobrogea-II.pdf\" data-type=\"link\" data-id=\"https:\/\/revistapontica.com\/wp-content\/uploads\/2026\/04\/350-Pontica-13-1980-A.-VERTAN-G.-CUSTUREA-\u2013-Descoperiri-monetare-in-Dobrogea-II.pdf\">view the PDF version<\/a>&#8211;<\/p>\n\n\n\n<hr class=\"wp-block-separator has-alpha-channel-opacity\"\/>\n\n\n\n<details class=\"wp-block-details is-layout-flow wp-block-details-is-layout-flow\"><summary>Sesiunea \u015ftiin\u0163ific\u0103 a Muzeului de istorie na\u0163ional\u0103 \u015fi arheologie Constan\u0163a (6-8 noiembrie 1979)<\/summary>\n<p><\/p>\n<\/details>\n\n\n\n<p class=\"has-text-align-center\"><strong><strong>C. CHERA-M\u0102RGINEANU<\/strong><\/strong><br>&#8211;<a href=\"https:\/\/revistapontica.com\/wp-content\/uploads\/2026\/04\/351-Pontica-13-1980-C.-CHERA-MARGINEANU-\u2013-Sesiunea-stiintifica-a-Muzeului-de-istorie-nationala-si-arheologie-Constanta-6-8-noiembrie-1979.pdf\" data-type=\"link\" data-id=\"https:\/\/revistapontica.com\/wp-content\/uploads\/2026\/04\/351-Pontica-13-1980-C.-CHERA-MARGINEANU-\u2013-Sesiunea-stiintifica-a-Muzeului-de-istorie-nationala-si-arheologie-Constanta-6-8-noiembrie-1979.pdf\">view the PDF version<\/a>&#8211;<\/p>\n\n\n\n<hr class=\"wp-block-separator has-alpha-channel-opacity\"\/>\n\n\n\n<details class=\"wp-block-details is-layout-flow wp-block-details-is-layout-flow\"><summary>Recenzie &#8211; Lexikon des Mittelalters<\/summary>\n<p><\/p>\n<\/details>\n\n\n\n<p class=\"has-text-align-center\"><strong>PETRE DIACONU<\/strong><br>&#8211;<a href=\"https:\/\/revistapontica.com\/wp-content\/uploads\/2026\/04\/352-Pontica-13-1980-PETRE-DIACONU-\u2013-Recenzie-Lexikon-des-Mittelalters.pdf\" data-type=\"link\" data-id=\"https:\/\/revistapontica.com\/wp-content\/uploads\/2026\/04\/352-Pontica-13-1980-PETRE-DIACONU-\u2013-Recenzie-Lexikon-des-Mittelalters.pdf\">view the PDF version<\/a>&#8211;<\/p>\n\n\n\n<hr class=\"wp-block-separator has-alpha-channel-opacity\"\/>\n\n\n\n<details class=\"wp-block-details is-layout-flow wp-block-details-is-layout-flow\"><summary>Recenzie &#8211; De la Dun\u0103re la Mare. M\u0103rturii istorice \u015fi monumente de art\u0103 cre\u015ftin\u0103<\/summary>\n<p><\/p>\n<\/details>\n\n\n\n<p class=\"has-text-align-center\"><strong><strong>PETRE DIACONU<\/strong><\/strong><br>&#8211;<a href=\"https:\/\/revistapontica.com\/wp-content\/uploads\/2026\/04\/353-Pontica-13-1980-PETRE-DIACONU-\u2013-Recenzie-De-la-Dunare-la-Mare.-Marturii-istorice-si-monumente-de-arta-crestina.pdf\" data-type=\"link\" data-id=\"https:\/\/revistapontica.com\/wp-content\/uploads\/2026\/04\/353-Pontica-13-1980-PETRE-DIACONU-\u2013-Recenzie-De-la-Dunare-la-Mare.-Marturii-istorice-si-monumente-de-arta-crestina.pdf\">view the PDF version<\/a>&#8211;<\/p>","protected":false},"excerpt":{"rendered":"<p>SUMAR&#8211;deschide varianta PDF&#8211; Lista abrevierilor&#8211;deschide varianta PDF&#8211; ELENA BORODI&#8211;deschide varianta PDF&#8211; Cuvinte \u0163inute cu prilejul s\u0103rb\u0103toririi centenarului Muzeului de Istorie Na\u0163ional\u0103 \u015fi Arheologie din Constan\u0163a&#8211;deschide varianta PDF&#8211; ADRIAN R\u0102DULESCU&#8211;deschide varianta PDF&#8211; VLADIMIR DUMITRESCU&#8211;deschide varianta PDF&#8211; EUGEN COM\u015eA&#8211;deschide varianta PDF&#8211; SILVIA MARINESCU-B\u00ceLCU&#8211;deschide varianta PDF&#8211; MIHAI IRIMIA&#8211;deschide varianta PDF&#8211; LIVIA BUZOIANU&#8211;deschide varianta PDF&#8211; M. B\u0102RBULESCU, A. R\u0102DULESCU&#8211;deschide [&hellip;]<\/p>\n","protected":false},"author":2,"featured_media":0,"comment_status":"closed","ping_status":"closed","sticky":false,"template":"","format":"standard","meta":{"footnotes":""},"categories":[18],"tags":[],"class_list":["post-1501","post","type-post","status-publish","format-standard","hentry","category-revista"],"_links":{"self":[{"href":"https:\/\/revistapontica.com\/en\/wp-json\/wp\/v2\/posts\/1501","targetHints":{"allow":["GET"]}}],"collection":[{"href":"https:\/\/revistapontica.com\/en\/wp-json\/wp\/v2\/posts"}],"about":[{"href":"https:\/\/revistapontica.com\/en\/wp-json\/wp\/v2\/types\/post"}],"author":[{"embeddable":true,"href":"https:\/\/revistapontica.com\/en\/wp-json\/wp\/v2\/users\/2"}],"replies":[{"embeddable":true,"href":"https:\/\/revistapontica.com\/en\/wp-json\/wp\/v2\/comments?post=1501"}],"version-history":[{"count":5,"href":"https:\/\/revistapontica.com\/en\/wp-json\/wp\/v2\/posts\/1501\/revisions"}],"predecessor-version":[{"id":2742,"href":"https:\/\/revistapontica.com\/en\/wp-json\/wp\/v2\/posts\/1501\/revisions\/2742"}],"wp:attachment":[{"href":"https:\/\/revistapontica.com\/en\/wp-json\/wp\/v2\/media?parent=1501"}],"wp:term":[{"taxonomy":"category","embeddable":true,"href":"https:\/\/revistapontica.com\/en\/wp-json\/wp\/v2\/categories?post=1501"},{"taxonomy":"post_tag","embeddable":true,"href":"https:\/\/revistapontica.com\/en\/wp-json\/wp\/v2\/tags?post=1501"}],"curies":[{"name":"wp","href":"https:\/\/api.w.org\/{rel}","templated":true}]}}