{"id":1503,"date":"2026-04-26T15:07:52","date_gmt":"2026-04-26T12:07:52","guid":{"rendered":"https:\/\/revistapontica.com\/?p=1503"},"modified":"2026-04-30T11:00:02","modified_gmt":"2026-04-30T08:00:02","slug":"pontica-nr-12-1979","status":"publish","type":"post","link":"https:\/\/revistapontica.com\/en\/pontica-nr-12-1979\/","title":{"rendered":"Pontica Nr. 12 (1979)"},"content":{"rendered":"<div class=\"wp-block-image\">\n<figure class=\"aligncenter size-large is-resized\"><img fetchpriority=\"high\" decoding=\"async\" width=\"708\" height=\"1024\" src=\"https:\/\/revistapontica.com\/wp-content\/uploads\/2026\/04\/pontica-12-708x1024.jpg\" alt=\"\" class=\"wp-image-1539\" style=\"width:548px;height:auto\" srcset=\"https:\/\/revistapontica.com\/wp-content\/uploads\/2026\/04\/pontica-12-708x1024.jpg 708w, https:\/\/revistapontica.com\/wp-content\/uploads\/2026\/04\/pontica-12-208x300.jpg 208w, https:\/\/revistapontica.com\/wp-content\/uploads\/2026\/04\/pontica-12-768x1110.jpg 768w, https:\/\/revistapontica.com\/wp-content\/uploads\/2026\/04\/pontica-12-8x12.jpg 8w, https:\/\/revistapontica.com\/wp-content\/uploads\/2026\/04\/pontica-12.jpg 830w\" sizes=\"(max-width: 708px) 100vw, 708px\" \/><\/figure>\n<\/div>\n\n\n<div style=\"height:50px\" aria-hidden=\"true\" class=\"wp-block-spacer\"><\/div>\n\n\n\n<div class=\"wp-block-buttons is-content-justification-center is-layout-flex wp-container-core-buttons-is-layout-16018d1d wp-block-buttons-is-layout-flex\">\n<div class=\"wp-block-button is-style-outline is-style-outline--1\"><a class=\"wp-block-button__link has-small-font-size has-custom-font-size wp-element-button\" href=\"https:\/\/revistapontica.com\/wp-content\/uploads\/2026\/04\/Pontica-12-1979.pdf\" style=\"border-top-left-radius:0px;border-top-right-radius:0px;border-bottom-left-radius:0px;border-bottom-right-radius:0px\"><strong>OPEN PONTICA NO. 12 \u2013 FULL VARIANT IN .PDF FORMAT<\/strong> (78 Mb)<\/a><\/div>\n<\/div>\n\n\n\n<div style=\"height:50px\" aria-hidden=\"true\" class=\"wp-block-spacer\"><\/div>\n\n\n\n<p class=\"has-text-align-center\"><strong>SUMMARY<\/strong><br>&#8211;<a href=\"https:\/\/revistapontica.com\/wp-content\/uploads\/2026\/04\/Pontica-12-1979-Sumar.pdf\" data-type=\"link\" data-id=\"https:\/\/revistapontica.com\/wp-content\/uploads\/2026\/04\/Pontica-12-1979-Sumar.pdf\">view the PDF version<\/a>&#8211;<\/p>\n\n\n\n<hr class=\"wp-block-separator has-alpha-channel-opacity\"\/>\n\n\n\n<p class=\"has-text-align-center\"><strong>Lista abrevierilor<\/strong><br>&#8211;<a href=\"https:\/\/revistapontica.com\/wp-content\/uploads\/2026\/04\/Pontica-12-1979-Lista-prescurtarilor.pdf\" data-type=\"link\" data-id=\"https:\/\/revistapontica.com\/wp-content\/uploads\/2026\/04\/Pontica-12-1979-Lista-prescurtarilor.pdf\">view the PDF version<\/a>&#8211;<\/p>\n\n\n\n<hr class=\"wp-block-separator has-alpha-channel-opacity\"\/>\n\n\n\n<details class=\"wp-block-details is-layout-flow wp-block-details-is-layout-flow\"><summary>Le Mus\u00e9e d&#8217;histoire nationale et d&#8217;arch\u00e9ologie de Constantza<\/summary>\n<p><\/p>\n<\/details>\n\n\n\n<p class=\"has-text-align-center\"><strong><strong><strong><strong>Z. COVACEF, N. MIHAIL, A. POP, A.V. R\u0102DULESCU<\/strong><\/strong><\/strong><\/strong><br>&#8211;<a href=\"https:\/\/revistapontica.com\/wp-content\/uploads\/2026\/04\/303-Pontica-12-1979-Z.-COVACEF-N.-MIHAIL-A.-POP-A.V.-RADULESCU-\u2013-Le-Musee-dhistoire-nationale-et-darcheologie-de-Constantza.pdf\" data-type=\"link\" data-id=\"https:\/\/revistapontica.com\/wp-content\/uploads\/2026\/04\/303-Pontica-12-1979-Z.-COVACEF-N.-MIHAIL-A.-POP-A.V.-RADULESCU-\u2013-Le-Musee-dhistoire-nationale-et-darcheologie-de-Constantza.pdf\">view the PDF version<\/a>&#8211;<\/p>\n\n\n\n<hr class=\"wp-block-separator has-alpha-channel-opacity\"\/>\n\n\n\n<details class=\"wp-block-details is-layout-flow wp-block-details-is-layout-flow\"><summary>Descoperiri noi \u00een cimitirul getic de la Bugeac, com. Ostrov (1972, 1977-1978). Raport preliminar<\/summary>\n<p><\/p>\n<\/details>\n\n\n\n<p class=\"has-text-align-center\"><strong><strong><strong>M. IRIMIA<\/strong><\/strong><\/strong><br>&#8211;<a href=\"https:\/\/revistapontica.com\/wp-content\/uploads\/2026\/04\/304-Pontica-12-1979-M.-IRIMIA-\u2013-Descoperiri-noi-in-cimitirul-getic-de-la-Bugeac-com.-Ostrov-1972-1977-1978.-Raport-preliminar.pdf\" data-type=\"link\" data-id=\"https:\/\/revistapontica.com\/wp-content\/uploads\/2026\/04\/304-Pontica-12-1979-M.-IRIMIA-\u2013-Descoperiri-noi-in-cimitirul-getic-de-la-Bugeac-com.-Ostrov-1972-1977-1978.-Raport-preliminar.pdf\">view the PDF version<\/a>&#8211;<\/p>\n\n\n\n<hr class=\"wp-block-separator has-alpha-channel-opacity\"\/>\n\n\n\n<details class=\"wp-block-details is-layout-flow wp-block-details-is-layout-flow\"><summary>Noi \u015ftampile de amfore de la Callatis<\/summary>\n<p><\/p>\n<\/details>\n\n\n\n<p class=\"has-text-align-center\"><strong><strong><strong>L. BUZOIANU<\/strong><\/strong><\/strong><br>&#8211;<a href=\"https:\/\/revistapontica.com\/wp-content\/uploads\/2026\/04\/305-Pontica-12-1979-L.-BUZOIANU-\u2013-Noi-stampile-de-amfore-de-la-Callatis.pdf\" data-type=\"link\" data-id=\"https:\/\/revistapontica.com\/wp-content\/uploads\/2026\/04\/305-Pontica-12-1979-L.-BUZOIANU-\u2013-Noi-stampile-de-amfore-de-la-Callatis.pdf\">view the PDF version<\/a>&#8211;<\/p>\n\n\n\n<hr class=\"wp-block-separator has-alpha-channel-opacity\"\/>\n\n\n\n<details class=\"wp-block-details is-layout-flow wp-block-details-is-layout-flow\"><summary>S\u0103p\u0103turile arheologice de salvare \u00een zona \u0219antierului naval de la Mangalia (1974)<\/summary>\n<p><\/p>\n<\/details>\n\n\n\n<p class=\"has-text-align-center\"><strong><strong><strong>C. PREDA, E. B\u00ceRL\u0102DEANU<\/strong><\/strong><\/strong><br>&#8211;<a href=\"https:\/\/revistapontica.com\/wp-content\/uploads\/2026\/04\/306-Pontica-12-1979-C.-PREDA-E.-BIRLADEANU-\u2013-Sapaturile-arheologice-de-salvare-in-zona-santierului-naval-de-la-Mangalia-1974.pdf\" data-type=\"link\" data-id=\"https:\/\/revistapontica.com\/wp-content\/uploads\/2026\/04\/306-Pontica-12-1979-C.-PREDA-E.-BIRLADEANU-\u2013-Sapaturile-arheologice-de-salvare-in-zona-santierului-naval-de-la-Mangalia-1974.pdf\">view the PDF version<\/a>&#8211;<\/p>\n\n\n\n<hr class=\"wp-block-separator has-alpha-channel-opacity\"\/>\n\n\n\n<details class=\"wp-block-details is-layout-flow wp-block-details-is-layout-flow\"><summary>Despre burii de pe Trofeul de la Adamclisi<\/summary>\n<p><\/p>\n<\/details>\n\n\n\n<p class=\"has-text-align-center\"><strong><strong>R. VULPE<\/strong><\/strong><br>&#8211;<a href=\"https:\/\/revistapontica.com\/wp-content\/uploads\/2026\/04\/307-Pontica-12-1979-R.-VULPE-\u2013-Despre-burii-de-pe-Trofeul-de-la-Adamclisi.pdf\" data-type=\"link\" data-id=\"https:\/\/revistapontica.com\/wp-content\/uploads\/2026\/04\/307-Pontica-12-1979-R.-VULPE-\u2013-Despre-burii-de-pe-Trofeul-de-la-Adamclisi.pdf\">view the PDF version<\/a>&#8211;<\/p>\n\n\n\n<hr class=\"wp-block-separator has-alpha-channel-opacity\"\/>\n\n\n\n<details class=\"wp-block-details is-layout-flow wp-block-details-is-layout-flow\"><summary>\u00cen leg\u0103tur\u0103 cu cariera lui C. Arrius Antonius<\/summary>\n<p><\/p>\n<\/details>\n\n\n\n<p class=\"has-text-align-center\"><strong><strong>D. TUDOR<\/strong><\/strong><br>&#8211;<a href=\"https:\/\/revistapontica.com\/wp-content\/uploads\/2026\/04\/308-Pontica-12-1979-D.-TUDOR-\u2013-In-legatura-cu-cariera-lui-C.-Arrius-Antonius.pdf\" data-type=\"link\" data-id=\"https:\/\/revistapontica.com\/wp-content\/uploads\/2026\/04\/308-Pontica-12-1979-D.-TUDOR-\u2013-In-legatura-cu-cariera-lui-C.-Arrius-Antonius.pdf\">view the PDF version<\/a>&#8211;<\/p>\n\n\n\n<hr class=\"wp-block-separator has-alpha-channel-opacity\"\/>\n\n\n\n<details class=\"wp-block-details is-layout-flow wp-block-details-is-layout-flow\"><summary>Dacorum fraturm \u00een inscrip\u0163ia lui Tib. Plautius Silvanus Aelianus<\/summary>\n<p><\/p>\n<\/details>\n\n\n\n<p class=\"has-text-align-center\"><strong><strong>N. GOSTAR<\/strong><\/strong><br>&#8211;<a href=\"https:\/\/revistapontica.com\/wp-content\/uploads\/2026\/04\/309-Pontica-12-1979-N.-GOSTAR-\u2013-Dacorum-fraturm-in-inscriptia-lui-Tib.-Plautius-Silvanus-Aelianus.pdf\" data-type=\"link\" data-id=\"https:\/\/revistapontica.com\/wp-content\/uploads\/2026\/04\/309-Pontica-12-1979-N.-GOSTAR-\u2013-Dacorum-fraturm-in-inscriptia-lui-Tib.-Plautius-Silvanus-Aelianus.pdf\">view the PDF version<\/a>&#8211;<\/p>\n\n\n\n<hr class=\"wp-block-separator has-alpha-channel-opacity\"\/>\n\n\n\n<details class=\"wp-block-details is-layout-flow wp-block-details-is-layout-flow\"><summary>Portretul lui Caracalla descoperit la Ostrov (jud. Constan\u021ba)<\/summary>\n<p><\/p>\n<\/details>\n\n\n\n<p class=\"has-text-align-center\"><strong><strong>Z. COVACEF<\/strong><\/strong><br>&#8211;<a href=\"https:\/\/revistapontica.com\/wp-content\/uploads\/2026\/04\/310-Pontica-12-1979-Z.-COVACEF-\u2013-Portretul-lui-Caracalla-descoperit-la-Ostrov-jud.-Constanta.pdf\" data-type=\"link\" data-id=\"https:\/\/revistapontica.com\/wp-content\/uploads\/2026\/04\/310-Pontica-12-1979-Z.-COVACEF-\u2013-Portretul-lui-Caracalla-descoperit-la-Ostrov-jud.-Constanta.pdf\">view the PDF version<\/a>&#8211;<\/p>\n\n\n\n<hr class=\"wp-block-separator has-alpha-channel-opacity\"\/>\n\n\n\n<details class=\"wp-block-details is-layout-flow wp-block-details-is-layout-flow\"><summary>Plumburi comerciale din cetatea romano-bizantin\u0103 de la Izvoarele<\/summary>\n<p><\/p>\n<\/details>\n\n\n\n<p class=\"has-text-align-center\"><strong><strong>V. CULIC\u0102<\/strong><\/strong><br>&#8211;<a href=\"https:\/\/revistapontica.com\/wp-content\/uploads\/2026\/04\/311-Pontica-12-1979-V.-CULICA-\u2013-Plumburi-comerciale-din-cetatea-romano-bizantina-de-la-Izvoarele.pdf\" data-type=\"link\" data-id=\"https:\/\/revistapontica.com\/wp-content\/uploads\/2026\/04\/311-Pontica-12-1979-V.-CULICA-\u2013-Plumburi-comerciale-din-cetatea-romano-bizantina-de-la-Izvoarele.pdf\">view the PDF version<\/a>&#8211;<\/p>\n\n\n\n<hr class=\"wp-block-separator has-alpha-channel-opacity\"\/>\n\n\n\n<details class=\"wp-block-details is-layout-flow wp-block-details-is-layout-flow\"><summary>Ceramic\u0103 alanic\u0103 din secolul al VIII-lea descoperit\u0103 \u00een centrul Dobrogei<\/summary>\n<p><\/p>\n<\/details>\n\n\n\n<p class=\"has-text-align-center\"><strong><strong>M. COM\u015eA<\/strong><\/strong><br>&#8211;<a href=\"https:\/\/revistapontica.com\/wp-content\/uploads\/2026\/04\/312-Pontica-12-1979-M.-COMSA-\u2013-Ceramica-alanica-din-secolul-al-VIII-lea-descoperita-in-centrul-Dobrogei.pdf\" data-type=\"link\" data-id=\"https:\/\/revistapontica.com\/wp-content\/uploads\/2026\/04\/312-Pontica-12-1979-M.-COMSA-\u2013-Ceramica-alanica-din-secolul-al-VIII-lea-descoperita-in-centrul-Dobrogei.pdf\">view the PDF version<\/a>&#8211;<\/p>\n\n\n\n<hr class=\"wp-block-separator has-alpha-channel-opacity\"\/>\n\n\n\n<details class=\"wp-block-details is-layout-flow wp-block-details-is-layout-flow\"><summary>Studiul preliminar al faunei descoperite \u00een a\u015fezarea feudal\u0103 timpurie de la Capidava<\/summary>\n<p><\/p>\n<\/details>\n\n\n\n<p class=\"has-text-align-center\"><strong><strong>S. HAIMOVICI, R. URECHE<\/strong><\/strong><br>&#8211;<a href=\"https:\/\/revistapontica.com\/wp-content\/uploads\/2026\/04\/313-Pontica-12-1979-S.-HAIMOVICI-R.-URECHE-\u2013-Studiul-preliminar-al-faunei-descoperite-in-asezarea-feudala-timpurie-de-la-Capidava.pdf\" data-type=\"link\" data-id=\"https:\/\/revistapontica.com\/wp-content\/uploads\/2026\/04\/313-Pontica-12-1979-S.-HAIMOVICI-R.-URECHE-\u2013-Studiul-preliminar-al-faunei-descoperite-in-asezarea-feudala-timpurie-de-la-Capidava.pdf\">view the PDF version<\/a>&#8211;<\/p>\n\n\n\n<hr class=\"wp-block-separator has-alpha-channel-opacity\"\/>\n\n\n\n<details class=\"wp-block-details is-layout-flow wp-block-details-is-layout-flow\"><summary>Observa\u0163ii din secolul trecut asupra unor construc\u0163ii antice din Dobrogea<\/summary>\n<p><\/p>\n<\/details>\n\n\n\n<p class=\"has-text-align-center\"><strong><strong>M. BOTZAN<\/strong><\/strong><br>&#8211;<a href=\"https:\/\/revistapontica.com\/wp-content\/uploads\/2026\/04\/314-Pontica-12-1979-M.-BOTZAN-\u2013-Observatii-din-secolul-trecut-asupra-unor-constructii-antice-din-Dobrogea.pdf\" data-type=\"link\" data-id=\"https:\/\/revistapontica.com\/wp-content\/uploads\/2026\/04\/314-Pontica-12-1979-M.-BOTZAN-\u2013-Observatii-din-secolul-trecut-asupra-unor-constructii-antice-din-Dobrogea.pdf\">view the PDF version<\/a>&#8211;<\/p>\n\n\n\n<hr class=\"wp-block-separator has-alpha-channel-opacity\"\/>\n\n\n\n<details class=\"wp-block-details is-layout-flow wp-block-details-is-layout-flow\"><summary>Considerations demographiques relatives \u00e0 la zone centrale de la Dobrudja \u00e1 la fin du VIIe si\u00e8cle<\/summary>\n<p><\/p>\n<\/details>\n\n\n\n<p class=\"has-text-align-center\"><strong><strong>TH. GEMIL<\/strong><br><\/strong>&#8211;<a href=\"https:\/\/revistapontica.com\/wp-content\/uploads\/2026\/04\/315-Pontica-12-1979-TH.-GEMIL-\u2013-Considerations-demographiques-relatives-a-la-zone-centrale-de-la-Dobrudja-a-la-fin-du-VIIe-siecle.pdf\" data-type=\"link\" data-id=\"https:\/\/revistapontica.com\/wp-content\/uploads\/2026\/04\/315-Pontica-12-1979-TH.-GEMIL-\u2013-Considerations-demographiques-relatives-a-la-zone-centrale-de-la-Dobrudja-a-la-fin-du-VIIe-siecle.pdf\">view the PDF version<\/a>&#8211;<\/p>\n\n\n\n<hr class=\"wp-block-separator has-alpha-channel-opacity\"\/>\n\n\n\n<details class=\"wp-block-details is-layout-flow wp-block-details-is-layout-flow\"><summary>Unele dale cu privire la a\u015fezarea getic\u0103 de la sf\u00e2r\u015fitul primei epoci a fierului de la Poarta Alb\u0103<\/summary>\n<p><\/p>\n<\/details>\n\n\n\n<p class=\"has-text-align-center\"><strong><strong>E. COM\u015eA<\/strong><\/strong><br>&#8211;<a href=\"https:\/\/revistapontica.com\/wp-content\/uploads\/2026\/04\/316-Pontica-12-1979-E.-COMSA-\u2013-Unele-dale-cu-privire-la-asezarea-getica-de-la-sfarsitul-primei-epoci-a-fierului-de-la-Poarta-Alba.pdf\" data-type=\"link\" data-id=\"https:\/\/revistapontica.com\/wp-content\/uploads\/2026\/04\/316-Pontica-12-1979-E.-COMSA-\u2013-Unele-dale-cu-privire-la-asezarea-getica-de-la-sfarsitul-primei-epoci-a-fierului-de-la-Poarta-Alba.pdf\">view the PDF version<\/a>&#8211;<\/p>\n\n\n\n<hr class=\"wp-block-separator has-alpha-channel-opacity\"\/>\n\n\n\n<details class=\"wp-block-details is-layout-flow wp-block-details-is-layout-flow\"><summary>A\u015fezarea daco-roman\u0103 de la Straja<\/summary>\n<p><\/p>\n<\/details>\n\n\n\n<p class=\"has-text-align-center\"><strong>M. TZONY<br><\/strong>&#8211;<a href=\"https:\/\/revistapontica.com\/wp-content\/uploads\/2026\/04\/317-Pontica-12-1979-M.-TZONY-\u2013-Asezarea-daco-romana-de-la-Straja.pdf\" data-type=\"link\" data-id=\"https:\/\/revistapontica.com\/wp-content\/uploads\/2026\/04\/317-Pontica-12-1979-M.-TZONY-\u2013-Asezarea-daco-romana-de-la-Straja.pdf\">view the PDF version<\/a>&#8211;<\/p>\n\n\n\n<hr class=\"wp-block-separator has-alpha-channel-opacity\"\/>\n\n\n\n<details class=\"wp-block-details is-layout-flow wp-block-details-is-layout-flow\"><summary>Descoperiri pe Via Forensis a municipiului Tropaeum Traiani<\/summary>\n<p><\/p>\n<\/details>\n\n\n\n<p class=\"has-text-align-center\"><strong><strong>A. PANAITESCU<\/strong><\/strong><br>&#8211;<a href=\"https:\/\/revistapontica.com\/wp-content\/uploads\/2026\/04\/318-Pontica-12-1979-A.-PANAITESCU-\u2013-Descoperiri-pe-Via-Forensis-a-municipiului-Tropaeum-Traiani.pdf\" data-type=\"link\" data-id=\"https:\/\/revistapontica.com\/wp-content\/uploads\/2026\/04\/318-Pontica-12-1979-A.-PANAITESCU-\u2013-Descoperiri-pe-Via-Forensis-a-municipiului-Tropaeum-Traiani.pdf\">view the PDF version<\/a>&#8211;<\/p>\n\n\n\n<hr class=\"wp-block-separator has-alpha-channel-opacity\"\/>\n\n\n\n<details class=\"wp-block-details is-layout-flow wp-block-details-is-layout-flow\"><summary>Tipar pentru turnat cercei de la P\u0103cuiul lui Soare<\/summary>\n<p><\/p>\n<\/details>\n\n\n\n<p class=\"has-text-align-center\"><strong><strong>V. CULIC\u0102<\/strong><\/strong><br>&#8211;<a href=\"https:\/\/revistapontica.com\/wp-content\/uploads\/2026\/04\/319-Pontica-12-1979-V.-CULICA-\u2013-Tipar-pentru-turnat-cercei-de-la-Pacuiul-lui-Soare.pdf\" data-type=\"link\" data-id=\"https:\/\/revistapontica.com\/wp-content\/uploads\/2026\/04\/319-Pontica-12-1979-V.-CULICA-\u2013-Tipar-pentru-turnat-cercei-de-la-Pacuiul-lui-Soare.pdf\">view the PDF version<\/a>&#8211;<\/p>\n\n\n\n<hr class=\"wp-block-separator has-alpha-channel-opacity\"\/>\n\n\n\n<details class=\"wp-block-details is-layout-flow wp-block-details-is-layout-flow\"><summary>Aspecte ale vie\u0163ii economice \u00een Dobrogea \u00een a doua jum\u0103tate a secolului al XVII-lea \u00een lumina tezaurului monetar de la Viile<\/summary>\n<p><\/p>\n<\/details>\n\n\n\n<p class=\"has-text-align-center\"><strong><strong>G. CUSTUREA, A. MURAT<\/strong><\/strong><br>&#8211;<a href=\"https:\/\/revistapontica.com\/wp-content\/uploads\/2026\/04\/320-Pontica-12-1979-G.-CUSTUREA-A.-MURAT-\u2013-Aspecte-ale-vietii-economice-in-Dobrogea-in-a-doua-jumatate-a-secolului-al-XVII-lea-in-lumina-tezaurului-monetar-de-la-Viile.pdf\" data-type=\"link\" data-id=\"https:\/\/revistapontica.com\/wp-content\/uploads\/2026\/04\/320-Pontica-12-1979-G.-CUSTUREA-A.-MURAT-\u2013-Aspecte-ale-vietii-economice-in-Dobrogea-in-a-doua-jumatate-a-secolului-al-XVII-lea-in-lumina-tezaurului-monetar-de-la-Viile.pdf\">view the PDF version<\/a>&#8211;<\/p>\n\n\n\n<hr class=\"wp-block-separator has-alpha-channel-opacity\"\/>\n\n\n\n<details class=\"wp-block-details is-layout-flow wp-block-details-is-layout-flow\"><summary>\u201eAmor patriae\u201d la Ovidiu<\/summary>\n<p><\/p>\n<\/details>\n\n\n\n<p class=\"has-text-align-center\"><strong><strong>\u015eT. CUCU<\/strong><\/strong><br>&#8211;<a href=\"https:\/\/revistapontica.com\/wp-content\/uploads\/2026\/04\/321-Pontica-12-1979-ST.-CUCU-\u2013-\u201eAmor-patriae-la-Ovidiu.pdf\" data-type=\"link\" data-id=\"https:\/\/revistapontica.com\/wp-content\/uploads\/2026\/04\/321-Pontica-12-1979-ST.-CUCU-\u2013-\u201eAmor-patriae-la-Ovidiu.pdf\">view the PDF version<\/a>&#8211;<\/p>\n\n\n\n<hr class=\"wp-block-separator has-alpha-channel-opacity\"\/>\n\n\n\n<details class=\"wp-block-details is-layout-flow wp-block-details-is-layout-flow\"><summary>Descoperiri monetare din Dobrogea (I)<\/summary>\n<p><\/p>\n<\/details>\n\n\n\n<p class=\"has-text-align-center\"><strong>A. VERTAN, G. CUSTUREA<\/strong><br>&#8211;<a href=\"https:\/\/revistapontica.com\/wp-content\/uploads\/2026\/04\/322-Pontica-12-1979-A.-VERTAN-G.-CUSTUREA-\u2013-Descoperiri-monetare-din-Dobrogea-I.pdf\" data-type=\"link\" data-id=\"https:\/\/revistapontica.com\/wp-content\/uploads\/2026\/04\/322-Pontica-12-1979-A.-VERTAN-G.-CUSTUREA-\u2013-Descoperiri-monetare-din-Dobrogea-I.pdf\">view the PDF version<\/a>&#8211;<\/p>\n\n\n\n<hr class=\"wp-block-separator has-alpha-channel-opacity\"\/>\n\n\n\n<details class=\"wp-block-details is-layout-flow wp-block-details-is-layout-flow\"><summary>Noi morminte din necropolele Tomisului<\/summary>\n<p><\/p>\n<\/details>\n\n\n\n<p class=\"has-text-align-center\"><strong><strong>C. CHERA-M\u0102RGINEANU<\/strong><\/strong><br>&#8211;<a href=\"https:\/\/revistapontica.com\/wp-content\/uploads\/2026\/04\/323-Pontica-12-1979-C.-CHERA-MARGINEANU-\u2013-Noi-morminte-din-necropolele-Tomisului.pdf\" data-type=\"link\" data-id=\"https:\/\/revistapontica.com\/wp-content\/uploads\/2026\/04\/323-Pontica-12-1979-C.-CHERA-MARGINEANU-\u2013-Noi-morminte-din-necropolele-Tomisului.pdf\">view the PDF version<\/a>&#8211;<\/p>\n\n\n\n<hr class=\"wp-block-separator has-alpha-channel-opacity\"\/>\n\n\n\n<details class=\"wp-block-details is-layout-flow wp-block-details-is-layout-flow\"><summary>Din trecutul Muzeului de Istorie Na\u0163ional\u0103 \u015fi Arheologie din Constan\u0163a (1935 \u2013 1948)<\/summary>\n<p><\/p>\n<\/details>\n\n\n\n<p class=\"has-text-align-center\"><strong><strong>IOAN MICU<\/strong><\/strong><br>&#8211;<a href=\"https:\/\/revistapontica.com\/wp-content\/uploads\/2026\/04\/324-Pontica-12-1979-IOAN-MICU-\u2013-Din-trecutul-Muzeului-de-Istorie-Nationala-si-Arheologie-din-Constanta-1935-\u2013-1948.pdf\" data-type=\"link\" data-id=\"https:\/\/revistapontica.com\/wp-content\/uploads\/2026\/04\/324-Pontica-12-1979-IOAN-MICU-\u2013-Din-trecutul-Muzeului-de-Istorie-Nationala-si-Arheologie-din-Constanta-1935-\u2013-1948.pdf\">view the PDF version<\/a>&#8211;<\/p>\n\n\n\n<hr class=\"wp-block-separator has-alpha-channel-opacity\"\/>\n\n\n\n<details class=\"wp-block-details is-layout-flow wp-block-details-is-layout-flow\"><summary>AI XI-lea Congres Interna\u0163ional de Arheologie Clasic\u0103<\/summary>\n<p><\/p>\n<\/details>\n\n\n\n<p class=\"has-text-align-center\"><strong><strong>N. GUDEA<\/strong><\/strong><br>&#8211;<a href=\"https:\/\/revistapontica.com\/wp-content\/uploads\/2026\/04\/325-Pontica-12-1979-N.-GUDEA-\u2013-AI-XI-lea-Congres-International-de-Arheologie-Clasica.pdf\" data-type=\"link\" data-id=\"https:\/\/revistapontica.com\/wp-content\/uploads\/2026\/04\/325-Pontica-12-1979-N.-GUDEA-\u2013-AI-XI-lea-Congres-International-de-Arheologie-Clasica.pdf\">view the PDF version<\/a>&#8211;<\/p>\n\n\n\n<hr class=\"wp-block-separator has-alpha-channel-opacity\"\/>\n\n\n\n<details class=\"wp-block-details is-layout-flow wp-block-details-is-layout-flow\"><summary>Sesiunea \u015ftiin\u0163ific\u0103 a Muzeului de Istorie \u015fi Arheologie Constan\u0163a \u2013 23-25 octombrie 1978<\/summary>\n<p><\/p>\n<\/details>\n\n\n\n<p class=\"has-text-align-center\"><strong>C. CHERA-M\u0102RGINEANU<\/strong><br>&#8211;<a href=\"#\" data-type=\"link\" data-id=\"https:\/\/revistapontica.com\/wp-content\/uploads\/2026\/03\/23-2023.pdf\">view the PDF version<\/a>&#8211;<\/p>\n\n\n\n<hr class=\"wp-block-separator has-alpha-channel-opacity\"\/>\n\n\n\n<details class=\"wp-block-details is-layout-flow wp-block-details-is-layout-flow\"><summary>Dare de seam\u0103 asupra activit\u0103\u0163ii Muzeului de Istorie Na\u0163ional\u0103 \u015fi Arheologie Constan\u0163a<\/summary>\n<p><\/p>\n<\/details>\n\n\n\n<p class=\"has-text-align-center\"><strong><strong>A. R\u0102DULESCU<\/strong><\/strong><br>&#8211;<a href=\"https:\/\/revistapontica.com\/wp-content\/uploads\/2026\/04\/327-Pontica-12-1979-A.-RADULESCU-\u2013-Dare-de-seama-asupra-activitatii-Muzeului-de-Istorie-Nationala-si-Arheologie-Constanta.pdf\" data-type=\"link\" data-id=\"https:\/\/revistapontica.com\/wp-content\/uploads\/2026\/04\/327-Pontica-12-1979-A.-RADULESCU-\u2013-Dare-de-seama-asupra-activitatii-Muzeului-de-Istorie-Nationala-si-Arheologie-Constanta.pdf\">view the PDF version<\/a>&#8211;<\/p>\n\n\n\n<hr class=\"wp-block-separator has-alpha-channel-opacity\"\/>\n\n\n\n<details class=\"wp-block-details is-layout-flow wp-block-details-is-layout-flow\"><summary>Necrolog &#8211; Nicolae Gostar (1922 \u2013 1978)<\/summary>\n<p><\/p>\n<\/details>\n\n\n\n<p class=\"has-text-align-center\"><strong><strong>A. PANAITESCU<\/strong><\/strong><br>&#8211;<a href=\"https:\/\/revistapontica.com\/wp-content\/uploads\/2026\/04\/328-Pontica-12-1979-A.-PANAITESCU-\u2013-Necrolog-Nicolae-Gostar-1922-\u2013-1978.pdf\" data-type=\"link\" data-id=\"https:\/\/revistapontica.com\/wp-content\/uploads\/2026\/04\/328-Pontica-12-1979-A.-PANAITESCU-\u2013-Necrolog-Nicolae-Gostar-1922-\u2013-1978.pdf\">view the PDF version<\/a>&#8211;<\/p>","protected":false},"excerpt":{"rendered":"<p>SUMAR&#8211;deschide varianta PDF&#8211; Lista abrevierilor&#8211;deschide varianta PDF&#8211; Z. COVACEF, N. MIHAIL, A. POP, A.V. R\u0102DULESCU&#8211;deschide varianta PDF&#8211; M. IRIMIA&#8211;deschide varianta PDF&#8211; L. BUZOIANU&#8211;deschide varianta PDF&#8211; C. PREDA, E. B\u00ceRL\u0102DEANU&#8211;deschide varianta PDF&#8211; R. VULPE&#8211;deschide varianta PDF&#8211; D. TUDOR&#8211;deschide varianta PDF&#8211; N. GOSTAR&#8211;deschide varianta PDF&#8211; Z. COVACEF&#8211;deschide varianta PDF&#8211; V. CULIC\u0102&#8211;deschide varianta PDF&#8211; M. COM\u015eA&#8211;deschide varianta PDF&#8211; [&hellip;]<\/p>\n","protected":false},"author":2,"featured_media":0,"comment_status":"closed","ping_status":"closed","sticky":false,"template":"","format":"standard","meta":{"footnotes":""},"categories":[18],"tags":[],"class_list":["post-1503","post","type-post","status-publish","format-standard","hentry","category-revista"],"_links":{"self":[{"href":"https:\/\/revistapontica.com\/en\/wp-json\/wp\/v2\/posts\/1503","targetHints":{"allow":["GET"]}}],"collection":[{"href":"https:\/\/revistapontica.com\/en\/wp-json\/wp\/v2\/posts"}],"about":[{"href":"https:\/\/revistapontica.com\/en\/wp-json\/wp\/v2\/types\/post"}],"author":[{"embeddable":true,"href":"https:\/\/revistapontica.com\/en\/wp-json\/wp\/v2\/users\/2"}],"replies":[{"embeddable":true,"href":"https:\/\/revistapontica.com\/en\/wp-json\/wp\/v2\/comments?post=1503"}],"version-history":[{"count":5,"href":"https:\/\/revistapontica.com\/en\/wp-json\/wp\/v2\/posts\/1503\/revisions"}],"predecessor-version":[{"id":2772,"href":"https:\/\/revistapontica.com\/en\/wp-json\/wp\/v2\/posts\/1503\/revisions\/2772"}],"wp:attachment":[{"href":"https:\/\/revistapontica.com\/en\/wp-json\/wp\/v2\/media?parent=1503"}],"wp:term":[{"taxonomy":"category","embeddable":true,"href":"https:\/\/revistapontica.com\/en\/wp-json\/wp\/v2\/categories?post=1503"},{"taxonomy":"post_tag","embeddable":true,"href":"https:\/\/revistapontica.com\/en\/wp-json\/wp\/v2\/tags?post=1503"}],"curies":[{"name":"wp","href":"https:\/\/api.w.org\/{rel}","templated":true}]}}