{"id":1505,"date":"2026-04-26T15:06:09","date_gmt":"2026-04-26T12:06:09","guid":{"rendered":"https:\/\/revistapontica.com\/?p=1505"},"modified":"2026-04-30T11:34:01","modified_gmt":"2026-04-30T08:34:01","slug":"pontica-nr-11-1978","status":"publish","type":"post","link":"https:\/\/revistapontica.com\/en\/pontica-nr-11-1978\/","title":{"rendered":"Pontica Nr. 11 (1978)"},"content":{"rendered":"<div class=\"wp-block-image\">\n<figure class=\"aligncenter size-large is-resized\"><img fetchpriority=\"high\" decoding=\"async\" width=\"708\" height=\"1024\" src=\"https:\/\/revistapontica.com\/wp-content\/uploads\/2026\/04\/pontica-11-708x1024.jpg\" alt=\"\" class=\"wp-image-1538\" style=\"width:548px;height:auto\" srcset=\"https:\/\/revistapontica.com\/wp-content\/uploads\/2026\/04\/pontica-11-708x1024.jpg 708w, https:\/\/revistapontica.com\/wp-content\/uploads\/2026\/04\/pontica-11-208x300.jpg 208w, https:\/\/revistapontica.com\/wp-content\/uploads\/2026\/04\/pontica-11-768x1110.jpg 768w, https:\/\/revistapontica.com\/wp-content\/uploads\/2026\/04\/pontica-11-8x12.jpg 8w, https:\/\/revistapontica.com\/wp-content\/uploads\/2026\/04\/pontica-11.jpg 830w\" sizes=\"(max-width: 708px) 100vw, 708px\" \/><\/figure>\n<\/div>\n\n\n<div style=\"height:50px\" aria-hidden=\"true\" class=\"wp-block-spacer\"><\/div>\n\n\n\n<div class=\"wp-block-buttons is-content-justification-center is-layout-flex wp-container-core-buttons-is-layout-16018d1d wp-block-buttons-is-layout-flex\">\n<div class=\"wp-block-button is-style-outline is-style-outline--1\"><a class=\"wp-block-button__link has-small-font-size has-custom-font-size wp-element-button\" href=\"https:\/\/revistapontica.com\/wp-content\/uploads\/2026\/04\/Pontica-11-1978.pdf\" style=\"border-top-left-radius:0px;border-top-right-radius:0px;border-bottom-left-radius:0px;border-bottom-right-radius:0px\"><strong>OPEN PONTICA NO. 11 \u2013 FULL VARIANT IN .PDF FORMAT<\/strong> (82 Mb)<\/a><\/div>\n<\/div>\n\n\n\n<div style=\"height:50px\" aria-hidden=\"true\" class=\"wp-block-spacer\"><\/div>\n\n\n\n<p class=\"has-text-align-center\"><strong>SUMMARY<\/strong><br>&#8211;<a href=\"https:\/\/revistapontica.com\/wp-content\/uploads\/2026\/04\/Pontica-11-1978-Sumar.pdf\" data-type=\"link\" data-id=\"https:\/\/revistapontica.com\/wp-content\/uploads\/2026\/04\/Pontica-11-1978-Sumar.pdf\">view the PDF version<\/a>&#8211;<\/p>\n\n\n\n<hr class=\"wp-block-separator has-alpha-channel-opacity\"\/>\n\n\n\n<p class=\"has-text-align-center\"><strong>Lista abrevierilor<\/strong><br>&#8211;<a href=\"https:\/\/revistapontica.com\/wp-content\/uploads\/2026\/04\/Pontica-11-1978-Lista-prescurtarilor.pdf\" data-type=\"link\" data-id=\"https:\/\/revistapontica.com\/wp-content\/uploads\/2026\/04\/Pontica-11-1978-Lista-prescurtarilor.pdf\">view the PDF version<\/a>&#8211;<\/p>\n\n\n\n<hr class=\"wp-block-separator has-alpha-channel-opacity\"\/>\n\n\n\n<details class=\"wp-block-details is-layout-flow wp-block-details-is-layout-flow\"><summary>Cronic\u0103 muzeologic\u0103 pe malul m\u0103rii<\/summary>\n<p><\/p>\n<\/details>\n\n\n\n<p class=\"has-text-align-center\"><strong><strong><strong>A. V. R\u0102DULESCU<\/strong><\/strong><\/strong><br>&#8211;<a href=\"https:\/\/revistapontica.com\/wp-content\/uploads\/2026\/04\/270-Pontica-11-1978-A.-V.-RADULESCU-\u2013-Cronica-muzeologica-pe-malul-marii.pdf\" data-type=\"link\" data-id=\"https:\/\/revistapontica.com\/wp-content\/uploads\/2026\/04\/270-Pontica-11-1978-A.-V.-RADULESCU-\u2013-Cronica-muzeologica-pe-malul-marii.pdf\">view the PDF version<\/a>&#8211;<\/p>\n\n\n\n<hr class=\"wp-block-separator has-alpha-channel-opacity\"\/>\n\n\n\n<details class=\"wp-block-details is-layout-flow wp-block-details-is-layout-flow\"><summary>Necesitatea \u0219i importan\u0163a unui muzeu de istorie \u015fi arheologie la Medgidia<\/summary>\n<p><\/p>\n<\/details>\n\n\n\n<p class=\"has-text-align-center\"><strong><strong><strong><strong><strong><strong>A. V. R\u0102DULESCU<\/strong><\/strong><\/strong><\/strong><\/strong><\/strong><br>&#8211;<a href=\"https:\/\/revistapontica.com\/wp-content\/uploads\/2026\/04\/271-Pontica-11-1978-A.-V.-RADULESCU-\u2013-Necesitatea-si-importanta-unui-muzeu-de-istorie-si-arheologie-la-Medgidia.pdf\" data-type=\"link\" data-id=\"https:\/\/revistapontica.com\/wp-content\/uploads\/2026\/04\/271-Pontica-11-1978-A.-V.-RADULESCU-\u2013-Necesitatea-si-importanta-unui-muzeu-de-istorie-si-arheologie-la-Medgidia.pdf\">view the PDF version<\/a>&#8211;<\/p>\n\n\n\n<hr class=\"wp-block-separator has-alpha-channel-opacity\"\/>\n\n\n\n<details class=\"wp-block-details is-layout-flow wp-block-details-is-layout-flow\"><summary>Considera\u0163ii cu privire la mormintele cu ocru de pe teritoriul Dobrogei<\/summary>\n<p><\/p>\n<\/details>\n\n\n\n<p class=\"has-text-align-center\"><strong><strong><strong>E. COM\u015eA<\/strong><\/strong><\/strong><br>&#8211;<a href=\"https:\/\/revistapontica.com\/wp-content\/uploads\/2026\/04\/272-Pontica-11-1978-E.-COMSA-\u2013-Consideratii-cu-privire-la-mormintele-cu-ocru-de-pe-teritoriul-Dobrogei.pdf\" data-type=\"link\" data-id=\"https:\/\/revistapontica.com\/wp-content\/uploads\/2026\/04\/272-Pontica-11-1978-E.-COMSA-\u2013-Consideratii-cu-privire-la-mormintele-cu-ocru-de-pe-teritoriul-Dobrogei.pdf\">view the PDF version<\/a>&#8211;<\/p>\n\n\n\n<hr class=\"wp-block-separator has-alpha-channel-opacity\"\/>\n\n\n\n<details class=\"wp-block-details is-layout-flow wp-block-details-is-layout-flow\"><summary>C\u0103l\u0103toria lui Herodot \u00een Marea Neagr\u0103<\/summary>\n<p><\/p>\n<\/details>\n\n\n\n<p class=\"has-text-align-center\"><strong><strong>P. ALEXANDRESCU<\/strong><\/strong><br>&#8211;<a href=\"https:\/\/revistapontica.com\/wp-content\/uploads\/2026\/04\/273-Pontica-11-1978-P.-ALEXANDRESCU-\u2013-Calatoria-lui-Herodot-in-Marea-Neagra.pdf\" data-type=\"link\" data-id=\"https:\/\/revistapontica.com\/wp-content\/uploads\/2026\/04\/273-Pontica-11-1978-P.-ALEXANDRESCU-\u2013-Calatoria-lui-Herodot-in-Marea-Neagra.pdf\">view the PDF version<\/a>&#8211;<\/p>\n\n\n\n<hr class=\"wp-block-separator has-alpha-channel-opacity\"\/>\n\n\n\n<details class=\"wp-block-details is-layout-flow wp-block-details-is-layout-flow\"><summary>Ceramic\u0103 Lat\u00e8ne timpurie din zona b\u0103l\u0163ii Ialomi\u021bei<\/summary>\n<p><\/p>\n<\/details>\n\n\n\n<p class=\"has-text-align-center\"><strong><strong>N. CONOVICI<\/strong><\/strong><br>&#8211;<a href=\"https:\/\/revistapontica.com\/wp-content\/uploads\/2026\/04\/274-Pontica-11-1978-N.-CONOVICI-\u2013-Ceramica-Latene-timpurie-din-zona-baltii-Ialomitei.pdf\" data-type=\"link\" data-id=\"https:\/\/revistapontica.com\/wp-content\/uploads\/2026\/04\/274-Pontica-11-1978-N.-CONOVICI-\u2013-Ceramica-Latene-timpurie-din-zona-baltii-Ialomitei.pdf\">view the PDF version<\/a>&#8211;<\/p>\n\n\n\n<hr class=\"wp-block-separator has-alpha-channel-opacity\"\/>\n\n\n\n<details class=\"wp-block-details is-layout-flow wp-block-details-is-layout-flow\"><summary>Date noi privind morm\u00eentul getic de la Doroban\u0163u (Jud. Ialomi\u0163a)<\/summary>\n<p><\/p>\n<\/details>\n\n\n\n<p class=\"has-text-align-center\"><strong><strong>N. CONOVICI, L. GEORGESCU<\/strong><\/strong><br>&#8211;<a href=\"https:\/\/revistapontica.com\/wp-content\/uploads\/2026\/04\/275-Pontica-11-1978-N.-CONOVICI-L.-GEORGESCU-\u2013-Date-noi-privind-mormintul-getic-de-la-Dorobantu-Jud.-Ialomita.pdf\" data-type=\"link\" data-id=\"https:\/\/revistapontica.com\/wp-content\/uploads\/2026\/04\/275-Pontica-11-1978-N.-CONOVICI-L.-GEORGESCU-\u2013-Date-noi-privind-mormintul-getic-de-la-Dorobantu-Jud.-Ialomita.pdf\">view the PDF version<\/a>&#8211;<\/p>\n\n\n\n<hr class=\"wp-block-separator has-alpha-channel-opacity\"\/>\n\n\n\n<details class=\"wp-block-details is-layout-flow wp-block-details-is-layout-flow\"><summary>Zalmoxis \u015fi cercet\u0103rile lui Mircea Eliade<\/summary>\n<p><\/p>\n<\/details>\n\n\n\n<p class=\"has-text-align-center\"><strong><strong>P. ALEXANDRESCU<\/strong><\/strong><br>&#8211;<a href=\"https:\/\/revistapontica.com\/wp-content\/uploads\/2026\/04\/276-Pontica-11-1978-P.-ALEXANDRESCU-\u2013-Zalmoxis-si-cercetarile-lui-Mircea-Eliade.pdf\" data-type=\"link\" data-id=\"https:\/\/revistapontica.com\/wp-content\/uploads\/2026\/04\/276-Pontica-11-1978-P.-ALEXANDRESCU-\u2013-Zalmoxis-si-cercetarile-lui-Mircea-Eliade.pdf\">view the PDF version<\/a>&#8211;<\/p>\n\n\n\n<hr class=\"wp-block-separator has-alpha-channel-opacity\"\/>\n\n\n\n<details class=\"wp-block-details is-layout-flow wp-block-details-is-layout-flow\"><summary>Aspecte ale circula\u0163iei monedei grece\u015fti \u00een Dobrogea de nord (sec. VI \u00ee .e.n. \u2013 I e.n.)<\/summary>\n<p><\/p>\n<\/details>\n\n\n\n<p class=\"has-text-align-center\"><strong><strong>E. OBERLANDER-T\u00c2RNOVEANU<\/strong><\/strong><br>&#8211;<a href=\"https:\/\/revistapontica.com\/wp-content\/uploads\/2026\/04\/277-Pontica-11-1978-E.-OBERLANDER-TARNOVEANU-\u2013-Aspecte-ale-circulatiei-monedei-grecesti-in-Dobrogea-de-nord-sec.-VI-i-.e.n.-\u2013-I-e.n.pdf\" data-type=\"link\" data-id=\"https:\/\/revistapontica.com\/wp-content\/uploads\/2026\/04\/277-Pontica-11-1978-E.-OBERLANDER-TARNOVEANU-\u2013-Aspecte-ale-circulatiei-monedei-grecesti-in-Dobrogea-de-nord-sec.-VI-i-.e.n.-\u2013-I-e.n.pdf\">view the PDF version<\/a>&#8211;<\/p>\n\n\n\n<hr class=\"wp-block-separator has-alpha-channel-opacity\"\/>\n\n\n\n<details class=\"wp-block-details is-layout-flow wp-block-details-is-layout-flow\"><summary>Monede pontice la daco-ge\u0163ii lui Burebista<\/summary>\n<p><\/p>\n<\/details>\n\n\n\n<p class=\"has-text-align-center\"><strong><strong>B. MITREA<\/strong><\/strong><br>&#8211;<a href=\"https:\/\/revistapontica.com\/wp-content\/uploads\/2026\/04\/278-Pontica-11-1978-B.-MITREA-\u2013-Monede-pontice-la-daco-getii-lui-Burebista.pdf\" data-type=\"link\" data-id=\"https:\/\/revistapontica.com\/wp-content\/uploads\/2026\/04\/278-Pontica-11-1978-B.-MITREA-\u2013-Monede-pontice-la-daco-getii-lui-Burebista.pdf\">view the PDF version<\/a>&#8211;<\/p>\n\n\n\n<hr class=\"wp-block-separator has-alpha-channel-opacity\"\/>\n\n\n\n<details class=\"wp-block-details is-layout-flow wp-block-details-is-layout-flow\"><summary>Streufunde aus Isaccea<\/summary>\n<p><\/p>\n<\/details>\n\n\n\n<p class=\"has-text-align-center\"><strong><strong>S. SCHULTZ<\/strong><\/strong><br>&#8211;<a href=\"https:\/\/revistapontica.com\/wp-content\/uploads\/2026\/04\/279-Pontica-11-1978-S.-SCHULTZ-\u2013-Streufunde-aus-Isaccea.pdf\" data-type=\"link\" data-id=\"https:\/\/revistapontica.com\/wp-content\/uploads\/2026\/04\/279-Pontica-11-1978-S.-SCHULTZ-\u2013-Streufunde-aus-Isaccea.pdf\">view the PDF version<\/a>&#8211;<\/p>\n\n\n\n<hr class=\"wp-block-separator has-alpha-channel-opacity\"\/>\n\n\n\n<details class=\"wp-block-details is-layout-flow wp-block-details-is-layout-flow\"><summary>Oglinzi romane din plumb de la Durostorum<\/summary>\n<p><\/p>\n<\/details>\n\n\n\n<p class=\"has-text-align-center\"><strong><strong>C. MU\u015eE\u021aEANU, D. ELEFTERESCU<\/strong><\/strong><br>&#8211;<a href=\"https:\/\/revistapontica.com\/wp-content\/uploads\/2026\/04\/280-Pontica-11-1978-C.-MUSETEANU-D.-ELEFTERESCU-\u2013-Oglinzi-romane-din-plumb-de-la-Durostorum.pdf\" data-type=\"link\" data-id=\"https:\/\/revistapontica.com\/wp-content\/uploads\/2026\/04\/280-Pontica-11-1978-C.-MUSETEANU-D.-ELEFTERESCU-\u2013-Oglinzi-romane-din-plumb-de-la-Durostorum.pdf\">view the PDF version<\/a>&#8211;<\/p>\n\n\n\n<hr class=\"wp-block-separator has-alpha-channel-opacity\"\/>\n\n\n\n<details class=\"wp-block-details is-layout-flow wp-block-details-is-layout-flow\"><summary>Cu privire la lag\u0103rul legiunii a XI-a Claudia la Dun\u0103rea de jos<\/summary>\n<p><\/p>\n<\/details>\n\n\n\n<p class=\"has-text-align-center\"><strong><strong>V. CULIC\u0102<\/strong><br><\/strong>&#8211;<a href=\"https:\/\/revistapontica.com\/wp-content\/uploads\/2026\/04\/281-Pontica-11-1978-V.-CULICA-\u2013-Cu-privire-la-lagarul-legiunii-a-XI-a-Claudia-la-Dunarea-de-jos.pdf\" data-type=\"link\" data-id=\"https:\/\/revistapontica.com\/wp-content\/uploads\/2026\/04\/281-Pontica-11-1978-V.-CULICA-\u2013-Cu-privire-la-lagarul-legiunii-a-XI-a-Claudia-la-Dunarea-de-jos.pdf\">view the PDF version<\/a>&#8211;<\/p>\n\n\n\n<hr class=\"wp-block-separator has-alpha-channel-opacity\"\/>\n\n\n\n<details class=\"wp-block-details is-layout-flow wp-block-details-is-layout-flow\"><summary>Aspect inedit de manifestare a cultului Cavalerului Trac<\/summary>\n<p><\/p>\n<\/details>\n\n\n\n<p class=\"has-text-align-center\"><strong><strong>Z. COVACEF<\/strong><\/strong><br>&#8211;<a href=\"https:\/\/revistapontica.com\/wp-content\/uploads\/2026\/04\/282-Pontica-11-1978-Z.-COVACEF-\u2013-Aspect-inedit-de-manifestare-a-cultului-Cavalerului-Trac.pdf\" data-type=\"link\" data-id=\"https:\/\/revistapontica.com\/wp-content\/uploads\/2026\/04\/282-Pontica-11-1978-Z.-COVACEF-\u2013-Aspect-inedit-de-manifestare-a-cultului-Cavalerului-Trac.pdf\">view the PDF version<\/a>&#8211;<\/p>\n\n\n\n<hr class=\"wp-block-separator has-alpha-channel-opacity\"\/>\n\n\n\n<details class=\"wp-block-details is-layout-flow wp-block-details-is-layout-flow\"><summary>Inscrip\u0163ii recent descoperite \u00een Scythia Minor<\/summary>\n<p><\/p>\n<\/details>\n\n\n\n<p class=\"has-text-align-center\"><strong>M. B\u0102RBULESCU-MUNTEANU<br><\/strong>&#8211;<a href=\"https:\/\/revistapontica.com\/wp-content\/uploads\/2026\/04\/283-Pontica-11-1978-M.-BARBULESCU-MUNTEANU-\u2013-Inscriptii-recent-descoperite-in-Scythia-Minor.pdf\" data-type=\"link\" data-id=\"https:\/\/revistapontica.com\/wp-content\/uploads\/2026\/04\/283-Pontica-11-1978-M.-BARBULESCU-MUNTEANU-\u2013-Inscriptii-recent-descoperite-in-Scythia-Minor.pdf\">view the PDF version<\/a>&#8211;<\/p>\n\n\n\n<hr class=\"wp-block-separator has-alpha-channel-opacity\"\/>\n\n\n\n<details class=\"wp-block-details is-layout-flow wp-block-details-is-layout-flow\"><summary>Un morm\u00eent de epoc\u0103 roman\u0103 descoperit pe raza comunei Ostrov<\/summary>\n<p><\/p>\n<\/details>\n\n\n\n<p class=\"has-text-align-center\"><strong><strong>C. CHERA-M\u0102RGINEANU<\/strong><\/strong><br>&#8211;<a href=\"https:\/\/revistapontica.com\/wp-content\/uploads\/2026\/04\/284-Pontica-11-1978-C.-CHERA-MARGINEANU-\u2013-Un-mormint-de-epoca-romana-descoperit-pe-raza-comunei-Ostrov.pdf\" data-type=\"link\" data-id=\"https:\/\/revistapontica.com\/wp-content\/uploads\/2026\/04\/284-Pontica-11-1978-C.-CHERA-MARGINEANU-\u2013-Un-mormint-de-epoca-romana-descoperit-pe-raza-comunei-Ostrov.pdf\">view the PDF version<\/a>&#8211;<\/p>\n\n\n\n<hr class=\"wp-block-separator has-alpha-channel-opacity\"\/>\n\n\n\n<details class=\"wp-block-details is-layout-flow wp-block-details-is-layout-flow\"><summary>Dobrogea \u00een vremea lui Gallienus<\/summary>\n<p><\/p>\n<\/details>\n\n\n\n<p class=\"has-text-align-center\"><strong><strong>V. BARBU<\/strong><\/strong><br>&#8211;<a href=\"https:\/\/revistapontica.com\/wp-content\/uploads\/2026\/04\/285-Pontica-11-1978-V.-BARBU-\u2013-Dobrogea-in-vremea-lui-Gallienus.pdf\" data-type=\"link\" data-id=\"https:\/\/revistapontica.com\/wp-content\/uploads\/2026\/04\/285-Pontica-11-1978-V.-BARBU-\u2013-Dobrogea-in-vremea-lui-Gallienus.pdf\">view the PDF version<\/a>&#8211;<\/p>\n\n\n\n<hr class=\"wp-block-separator has-alpha-channel-opacity\"\/>\n\n\n\n<details class=\"wp-block-details is-layout-flow wp-block-details-is-layout-flow\"><summary>Dedicace en l\u2019honneur de Valentinien<\/summary>\n<p><\/p>\n<\/details>\n\n\n\n<p class=\"has-text-align-center\"><strong><strong>A. V. R\u0102DULESCU<\/strong><\/strong><br>&#8211;<a href=\"https:\/\/revistapontica.com\/wp-content\/uploads\/2026\/04\/286-Pontica-11-1978-A.-V.-RADULESCU-\u2013-Dedicace-en-lhonneur-de-Valentinien.pdf\" data-type=\"link\" data-id=\"https:\/\/revistapontica.com\/wp-content\/uploads\/2026\/04\/286-Pontica-11-1978-A.-V.-RADULESCU-\u2013-Dedicace-en-lhonneur-de-Valentinien.pdf\">view the PDF version<\/a>&#8211;<\/p>\n\n\n\n<hr class=\"wp-block-separator has-alpha-channel-opacity\"\/>\n\n\n\n<details class=\"wp-block-details is-layout-flow wp-block-details-is-layout-flow\"><summary>Descoperiri arheologice diverse de la Sacidava<\/summary>\n<p><\/p>\n<\/details>\n\n\n\n<p class=\"has-text-align-center\"><strong><strong>C. SCORPAN<\/strong><\/strong><br>&#8211;<a href=\"https:\/\/revistapontica.com\/wp-content\/uploads\/2026\/04\/287-Pontica-11-1978-C.-SCORPAN-\u2013-Descoperiri-arheologice-diverse-de-la-Sacidava.pdf\" data-type=\"link\" data-id=\"https:\/\/revistapontica.com\/wp-content\/uploads\/2026\/04\/287-Pontica-11-1978-C.-SCORPAN-\u2013-Descoperiri-arheologice-diverse-de-la-Sacidava.pdf\">view the PDF version<\/a>&#8211;<\/p>\n\n\n\n<hr class=\"wp-block-separator has-alpha-channel-opacity\"\/>\n\n\n\n<details class=\"wp-block-details is-layout-flow wp-block-details-is-layout-flow\"><summary>Bazilica \u201esimpl\u0103\u201d (A) de la Tropaeum Traiani<\/summary>\n<p><\/p>\n<\/details>\n\n\n\n<p class=\"has-text-align-center\"><strong>I. BARNEA<\/strong><br>&#8211;<a href=\"https:\/\/revistapontica.com\/wp-content\/uploads\/2026\/04\/288-Pontica-11-1978-I.-BARNEA-\u2013-Bazilica-\u201esimpla-A-de-la-Tropaeum-Traiani.pdf\" data-type=\"link\" data-id=\"https:\/\/revistapontica.com\/wp-content\/uploads\/2026\/04\/288-Pontica-11-1978-I.-BARNEA-\u2013-Bazilica-\u201esimpla-A-de-la-Tropaeum-Traiani.pdf\">view the PDF version<\/a>&#8211;<\/p>\n\n\n\n<hr class=\"wp-block-separator has-alpha-channel-opacity\"\/>\n\n\n\n<details class=\"wp-block-details is-layout-flow wp-block-details-is-layout-flow\"><summary>Analiza antropologic\u0103 a osemintelor descoperite \u00een cripta basilicii \u201esimple\u201d (A) de la Tropaeum Traiani<\/summary>\n<p><\/p>\n<\/details>\n\n\n\n<p class=\"has-text-align-center\"><strong><strong>N. MIRI\u021aOIU, D. NICOL\u0102ESCU-PLOP\u015eOR<\/strong><\/strong><br>&#8211;<a href=\"https:\/\/revistapontica.com\/wp-content\/uploads\/2026\/04\/289-Pontica-11-1978-N.-MIRITOIU-D.-NICOLAESCU-PLOPSOR-\u2013-Analiza-antropologica-a-osemintelor-descoperite-in-cripta-basilicii-\u201esimple-A-de-la-Tropaeum-Traiani.pdf\" data-type=\"link\" data-id=\"https:\/\/revistapontica.com\/wp-content\/uploads\/2026\/04\/289-Pontica-11-1978-N.-MIRITOIU-D.-NICOLAESCU-PLOPSOR-\u2013-Analiza-antropologica-a-osemintelor-descoperite-in-cripta-basilicii-\u201esimple-A-de-la-Tropaeum-Traiani.pdf\">view the PDF version<\/a>&#8211;<\/p>\n\n\n\n<hr class=\"wp-block-separator has-alpha-channel-opacity\"\/>\n\n\n\n<details class=\"wp-block-details is-layout-flow wp-block-details-is-layout-flow\"><summary>Reconstruirea antropologic\u0103 vital\u0103 a fe\u0163ei craniului \u201eA\u201d din cripta bazilicii \u201esimple\u201d (A) de la Tropaeum Traiani<\/summary>\n<p><\/p>\n<\/details>\n\n\n\n<p class=\"has-text-align-center\"><strong><strong>C. RI\u015eCU\u0162IA, I. RI\u015eCU\u021aIA<\/strong><\/strong><br>&#8211;<a href=\"https:\/\/revistapontica.com\/wp-content\/uploads\/2026\/04\/290-Pontica-11-1978-C.-RISCUTIA-I.-RISCUTIA-\u2013-Reconstruirea-antropologica-vitala-a-fetei-craniului-\u201eA-din-cripta-bazilicii-\u201esimple-A-de-la-Tropaeum-Traiani.pdf\" data-type=\"link\" data-id=\"https:\/\/revistapontica.com\/wp-content\/uploads\/2026\/04\/290-Pontica-11-1978-C.-RISCUTIA-I.-RISCUTIA-\u2013-Reconstruirea-antropologica-vitala-a-fetei-craniului-\u201eA-din-cripta-bazilicii-\u201esimple-A-de-la-Tropaeum-Traiani.pdf\">view the PDF version<\/a>&#8211;<\/p>\n\n\n\n<hr class=\"wp-block-separator has-alpha-channel-opacity\"\/>\n\n\n\n<details class=\"wp-block-details is-layout-flow wp-block-details-is-layout-flow\"><summary>Considera\u0163ii asupra tipului de locuin\u0163e feudale de la Capidava \u015fi elemente specifice amenaj\u0103rii interiorului lor<\/summary>\n<p><\/p>\n<\/details>\n\n\n\n<p class=\"has-text-align-center\"><strong><strong>N. CHELU\u0162\u0102-GEORGESCU<\/strong><\/strong><br>&#8211;<a href=\"https:\/\/revistapontica.com\/wp-content\/uploads\/2026\/04\/291-Pontica-11-1978-N.-CHELUTA-GEORGESCU-\u2013-Consideratii-asupra-tipului-de-locuinte-feudale-de-la-Capidava-si-elemente-specifice-amenajarii-interiorului-lor.pdf\" data-type=\"link\" data-id=\"https:\/\/revistapontica.com\/wp-content\/uploads\/2026\/04\/291-Pontica-11-1978-N.-CHELUTA-GEORGESCU-\u2013-Consideratii-asupra-tipului-de-locuinte-feudale-de-la-Capidava-si-elemente-specifice-amenajarii-interiorului-lor.pdf\">view the PDF version<\/a>&#8211;<\/p>\n\n\n\n<hr class=\"wp-block-separator has-alpha-channel-opacity\"\/>\n\n\n\n<details class=\"wp-block-details is-layout-flow wp-block-details-is-layout-flow\"><summary>Un topor cu ceaf\u0103 cilindric\u0103 de la F\u0103g\u0103ra\u015f (jud. Sibiu)<\/summary>\n<p><\/p>\n<\/details>\n\n\n\n<p class=\"has-text-align-center\"><strong>M. IRIMIA<\/strong><br>&#8211;<a href=\"https:\/\/revistapontica.com\/wp-content\/uploads\/2026\/04\/292-Pontica-11-1978-M.-IRIMIA-\u2013-Un-topor-cu-ceafa-cilindrica-de-la-Fagaras-jud.-Sibiu.pdf\" data-type=\"link\" data-id=\"https:\/\/revistapontica.com\/wp-content\/uploads\/2026\/04\/292-Pontica-11-1978-M.-IRIMIA-\u2013-Un-topor-cu-ceafa-cilindrica-de-la-Fagaras-jud.-Sibiu.pdf\">view the PDF version<\/a>&#8211;<\/p>\n\n\n\n<hr class=\"wp-block-separator has-alpha-channel-opacity\"\/>\n\n\n\n<details class=\"wp-block-details is-layout-flow wp-block-details-is-layout-flow\"><summary>Un tezaur de denari romani imperiali descoperit la Medgidia<\/summary>\n<p><\/p>\n<\/details>\n\n\n\n<p class=\"has-text-align-center\"><strong><strong>A. VERTAN<\/strong><\/strong><br>&#8211;<a href=\"https:\/\/revistapontica.com\/wp-content\/uploads\/2026\/04\/293-Pontica-11-1978-A.-VERTAN-\u2013-Un-tezaur-de-denari-romani-imperiali-descoperit-la-Medgidia.pdf\" data-type=\"link\" data-id=\"https:\/\/revistapontica.com\/wp-content\/uploads\/2026\/04\/293-Pontica-11-1978-A.-VERTAN-\u2013-Un-tezaur-de-denari-romani-imperiali-descoperit-la-Medgidia.pdf\">view the PDF version<\/a>&#8211;<\/p>\n\n\n\n<hr class=\"wp-block-separator has-alpha-channel-opacity\"\/>\n\n\n\n<details class=\"wp-block-details is-layout-flow wp-block-details-is-layout-flow\"><summary>Un teasc roman descoperit la Potaissa<\/summary>\n<p><\/p>\n<\/details>\n\n\n\n<p class=\"has-text-align-center\"><strong><strong>Z. MILEA, C. LUCA<\/strong><\/strong><br>&#8211;<a href=\"https:\/\/revistapontica.com\/wp-content\/uploads\/2026\/04\/294-Pontica-11-1978-Z.-MILEA-C.-LUCA-\u2013-Un-teasc-roman-descoperit-la-Potaissa.pdf\" data-type=\"link\" data-id=\"https:\/\/revistapontica.com\/wp-content\/uploads\/2026\/04\/294-Pontica-11-1978-Z.-MILEA-C.-LUCA-\u2013-Un-teasc-roman-descoperit-la-Potaissa.pdf\">view the PDF version<\/a>&#8211;<\/p>\n\n\n\n<hr class=\"wp-block-separator has-alpha-channel-opacity\"\/>\n\n\n\n<details class=\"wp-block-details is-layout-flow wp-block-details-is-layout-flow\"><summary>Contribu\u0163ii la cunoa\u015fterea valului mare de p\u0103m\u00eent din Dobrogea<\/summary>\n<p><\/p>\n<\/details>\n\n\n\n<p class=\"has-text-align-center\"><strong><strong>A. PANAITESCU<\/strong><\/strong><br>&#8211;<a href=\"https:\/\/revistapontica.com\/wp-content\/uploads\/2026\/04\/295-Pontica-11-1978-A.-PANAITESCU-\u2013-Contributii-la-cunoasterea-valului-mare-de-pamint-din-Dobrogea.pdf\" data-type=\"link\" data-id=\"https:\/\/revistapontica.com\/wp-content\/uploads\/2026\/04\/295-Pontica-11-1978-A.-PANAITESCU-\u2013-Contributii-la-cunoasterea-valului-mare-de-pamint-din-Dobrogea.pdf\">view the PDF version<\/a>&#8211;<\/p>\n\n\n\n<hr class=\"wp-block-separator has-alpha-channel-opacity\"\/>\n\n\n\n<details class=\"wp-block-details is-layout-flow wp-block-details-is-layout-flow\"><summary>O carier\u0103 de sec. X la Medgidia<\/summary>\n<p><\/p>\n<\/details>\n\n\n\n<p class=\"has-text-align-center\"><strong><strong>A. PANAITESCU<\/strong><\/strong><br>&#8211;<a href=\"https:\/\/revistapontica.com\/wp-content\/uploads\/2026\/04\/296-Pontica-11-1978-A.-PANAITESCU-\u2013-O-cariera-de-sec.-X-la-Medgidia.pdf\" data-type=\"link\" data-id=\"https:\/\/revistapontica.com\/wp-content\/uploads\/2026\/04\/296-Pontica-11-1978-A.-PANAITESCU-\u2013-O-cariera-de-sec.-X-la-Medgidia.pdf\">view the PDF version<\/a>&#8211;<\/p>\n\n\n\n<hr class=\"wp-block-separator has-alpha-channel-opacity\"\/>\n\n\n\n<details class=\"wp-block-details is-layout-flow wp-block-details-is-layout-flow\"><summary>Tezaurul monetar de la Cernavod\u0103 (sec. XVII-XVIII)<\/summary>\n<p><\/p>\n<\/details>\n\n\n\n<p class=\"has-text-align-center\"><strong>G. CUSTUREA<\/strong><br>&#8211;<a href=\"https:\/\/revistapontica.com\/wp-content\/uploads\/2026\/04\/297-Pontica-11-1978-G.-CUSTUREA-\u2013-Tezaurul-monetar-de-la-Cernavoda-sec.-XVII-XVIII.pdf\" data-type=\"link\" data-id=\"https:\/\/revistapontica.com\/wp-content\/uploads\/2026\/04\/297-Pontica-11-1978-G.-CUSTUREA-\u2013-Tezaurul-monetar-de-la-Cernavoda-sec.-XVII-XVIII.pdf\">view the PDF version<\/a>&#8211;<\/p>\n\n\n\n<hr class=\"wp-block-separator has-alpha-channel-opacity\"\/>\n\n\n\n<details class=\"wp-block-details is-layout-flow wp-block-details-is-layout-flow\"><summary>Taxinomia numelor proprii \u00een cartea I din \u201eMetamorfozele\u201d lui Ovidiu<\/summary>\n<p><\/p>\n<\/details>\n\n\n\n<p class=\"has-text-align-center\"><strong>L. BUZOIANU<\/strong><br>&#8211;<a href=\"https:\/\/revistapontica.com\/wp-content\/uploads\/2026\/04\/298-Pontica-11-1978-L.-BUZOIANU-\u2013-Taxinomia-numelor-proprii-in-cartea-I-din-\u201eMetamorfozele-lui-Ovidiu.pdf\" data-type=\"link\" data-id=\"https:\/\/revistapontica.com\/wp-content\/uploads\/2026\/04\/298-Pontica-11-1978-L.-BUZOIANU-\u2013-Taxinomia-numelor-proprii-in-cartea-I-din-\u201eMetamorfozele-lui-Ovidiu.pdf\">view the PDF version<\/a>&#8211;<\/p>\n\n\n\n<hr class=\"wp-block-separator has-alpha-channel-opacity\"\/>\n\n\n\n<details class=\"wp-block-details is-layout-flow wp-block-details-is-layout-flow\"><summary>\u201eArs\u201d \u015fi \u201eperennitas\u201d \u00een concep\u0163ia lui Ovidiu<\/summary>\n<p><\/p>\n<\/details>\n\n\n\n<p class=\"has-text-align-center\"><strong>\u015eT. CUCU<\/strong><br>&#8211;<a href=\"https:\/\/revistapontica.com\/wp-content\/uploads\/2026\/04\/299-Pontica-11-1978-ST.-CUCU-\u2013-\u201eArs-si-\u201eperennitas-in-conceptia-lui-Ovidiu.pdf\" data-type=\"link\" data-id=\"https:\/\/revistapontica.com\/wp-content\/uploads\/2026\/04\/299-Pontica-11-1978-ST.-CUCU-\u2013-\u201eArs-si-\u201eperennitas-in-conceptia-lui-Ovidiu.pdf\">view the PDF version<\/a>&#8211;<\/p>\n\n\n\n<hr class=\"wp-block-separator has-alpha-channel-opacity\"\/>\n\n\n\n<details class=\"wp-block-details is-layout-flow wp-block-details-is-layout-flow\"><summary>Al. Odobescu \u015fi Ovidiu<\/summary>\n<p><\/p>\n<\/details>\n\n\n\n<p class=\"has-text-align-center\"><strong>N. LASCU<\/strong><br>&#8211;<a href=\"https:\/\/revistapontica.com\/wp-content\/uploads\/2026\/04\/300-Pontica-11-1978-N.-LASCU-\u2013-Al.-Odobescu-si-Ovidiu.pdf\" data-type=\"link\" data-id=\"https:\/\/revistapontica.com\/wp-content\/uploads\/2026\/04\/300-Pontica-11-1978-N.-LASCU-\u2013-Al.-Odobescu-si-Ovidiu.pdf\">view the PDF version<\/a>&#8211;<\/p>\n\n\n\n<hr class=\"wp-block-separator has-alpha-channel-opacity\"\/>\n\n\n\n<details class=\"wp-block-details is-layout-flow wp-block-details-is-layout-flow\"><summary>Dare de seam\u0103 asupra activit\u0103\u0163ii Muzeului de arheologie Constan\u021ba \u00een perioada 22 octombrie 1976 \u2013 21 octombrie 1977<\/summary>\n<p><\/p>\n<\/details>\n\n\n\n<p class=\"has-text-align-center\"><strong>A. V. R\u0102DULESCU<\/strong><br>&#8211;<a href=\"https:\/\/revistapontica.com\/wp-content\/uploads\/2026\/04\/301-Pontica-11-1978-A.-V.-RADULESCU-\u2013-Dare-de-seama-asupra-activitatii-Muzeului-de-arheologie-Constanta-in-perioada-22-octombrie-1976-\u2013-21-octombrie-1977.pdf\" data-type=\"link\" data-id=\"https:\/\/revistapontica.com\/wp-content\/uploads\/2026\/04\/301-Pontica-11-1978-A.-V.-RADULESCU-\u2013-Dare-de-seama-asupra-activitatii-Muzeului-de-arheologie-Constanta-in-perioada-22-octombrie-1976-\u2013-21-octombrie-1977.pdf\">view the PDF version<\/a>&#8211;<\/p>\n\n\n\n<hr class=\"wp-block-separator has-alpha-channel-opacity\"\/>\n\n\n\n<details class=\"wp-block-details is-layout-flow wp-block-details-is-layout-flow\"><summary>Sesiunea \u015ftiin\u0163ific\u0103 a Muzeului de istorie<\/summary>\n<p><\/p>\n<\/details>\n\n\n\n<p class=\"has-text-align-center\"><strong>C. CHERA-M\u0102RGINEANU<\/strong><br>&#8211;<a href=\"https:\/\/revistapontica.com\/wp-content\/uploads\/2026\/04\/302-Pontica-11-1978-C.-CHERA-MARGINEANU-\u2013-Sesiunea-stiintifica-a-Muzeului-de-istorie.pdf\" data-type=\"link\" data-id=\"https:\/\/revistapontica.com\/wp-content\/uploads\/2026\/04\/302-Pontica-11-1978-C.-CHERA-MARGINEANU-\u2013-Sesiunea-stiintifica-a-Muzeului-de-istorie.pdf\">view the PDF version<\/a>&#8211;<\/p>","protected":false},"excerpt":{"rendered":"<p>SUMAR&#8211;deschide varianta PDF&#8211; Lista abrevierilor&#8211;deschide varianta PDF&#8211; A. V. R\u0102DULESCU&#8211;deschide varianta PDF&#8211; A. V. R\u0102DULESCU&#8211;deschide varianta PDF&#8211; E. COM\u015eA&#8211;deschide varianta PDF&#8211; P. ALEXANDRESCU&#8211;deschide varianta PDF&#8211; N. CONOVICI&#8211;deschide varianta PDF&#8211; N. CONOVICI, L. GEORGESCU&#8211;deschide varianta PDF&#8211; P. ALEXANDRESCU&#8211;deschide varianta PDF&#8211; E. OBERLANDER-T\u00c2RNOVEANU&#8211;deschide varianta PDF&#8211; B. MITREA&#8211;deschide varianta PDF&#8211; S. SCHULTZ&#8211;deschide varianta PDF&#8211; C. MU\u015eE\u021aEANU, D. ELEFTERESCU&#8211;deschide [&hellip;]<\/p>\n","protected":false},"author":2,"featured_media":0,"comment_status":"closed","ping_status":"closed","sticky":false,"template":"","format":"standard","meta":{"footnotes":""},"categories":[18],"tags":[],"class_list":["post-1505","post","type-post","status-publish","format-standard","hentry","category-revista"],"_links":{"self":[{"href":"https:\/\/revistapontica.com\/en\/wp-json\/wp\/v2\/posts\/1505","targetHints":{"allow":["GET"]}}],"collection":[{"href":"https:\/\/revistapontica.com\/en\/wp-json\/wp\/v2\/posts"}],"about":[{"href":"https:\/\/revistapontica.com\/en\/wp-json\/wp\/v2\/types\/post"}],"author":[{"embeddable":true,"href":"https:\/\/revistapontica.com\/en\/wp-json\/wp\/v2\/users\/2"}],"replies":[{"embeddable":true,"href":"https:\/\/revistapontica.com\/en\/wp-json\/wp\/v2\/comments?post=1505"}],"version-history":[{"count":5,"href":"https:\/\/revistapontica.com\/en\/wp-json\/wp\/v2\/posts\/1505\/revisions"}],"predecessor-version":[{"id":2809,"href":"https:\/\/revistapontica.com\/en\/wp-json\/wp\/v2\/posts\/1505\/revisions\/2809"}],"wp:attachment":[{"href":"https:\/\/revistapontica.com\/en\/wp-json\/wp\/v2\/media?parent=1505"}],"wp:term":[{"taxonomy":"category","embeddable":true,"href":"https:\/\/revistapontica.com\/en\/wp-json\/wp\/v2\/categories?post=1505"},{"taxonomy":"post_tag","embeddable":true,"href":"https:\/\/revistapontica.com\/en\/wp-json\/wp\/v2\/tags?post=1505"}],"curies":[{"name":"wp","href":"https:\/\/api.w.org\/{rel}","templated":true}]}}