{"id":1507,"date":"2026-04-26T15:05:21","date_gmt":"2026-04-26T12:05:21","guid":{"rendered":"https:\/\/revistapontica.com\/?p=1507"},"modified":"2026-04-30T11:58:20","modified_gmt":"2026-04-30T08:58:20","slug":"pontica-nr-10-1977","status":"publish","type":"post","link":"https:\/\/revistapontica.com\/en\/pontica-nr-10-1977\/","title":{"rendered":"Pontica Nr. 10 (1977)"},"content":{"rendered":"<div class=\"wp-block-image\">\n<figure class=\"aligncenter size-large is-resized\"><img fetchpriority=\"high\" decoding=\"async\" width=\"708\" height=\"1024\" src=\"https:\/\/revistapontica.com\/wp-content\/uploads\/2026\/04\/pontica-10-708x1024.jpg\" alt=\"\" class=\"wp-image-1537\" style=\"width:548px;height:auto\" srcset=\"https:\/\/revistapontica.com\/wp-content\/uploads\/2026\/04\/pontica-10-708x1024.jpg 708w, https:\/\/revistapontica.com\/wp-content\/uploads\/2026\/04\/pontica-10-208x300.jpg 208w, https:\/\/revistapontica.com\/wp-content\/uploads\/2026\/04\/pontica-10-768x1110.jpg 768w, https:\/\/revistapontica.com\/wp-content\/uploads\/2026\/04\/pontica-10-8x12.jpg 8w, https:\/\/revistapontica.com\/wp-content\/uploads\/2026\/04\/pontica-10.jpg 830w\" sizes=\"(max-width: 708px) 100vw, 708px\" \/><\/figure>\n<\/div>\n\n\n<div style=\"height:50px\" aria-hidden=\"true\" class=\"wp-block-spacer\"><\/div>\n\n\n\n<div class=\"wp-block-buttons is-content-justification-center is-layout-flex wp-container-core-buttons-is-layout-16018d1d wp-block-buttons-is-layout-flex\">\n<div class=\"wp-block-button is-style-outline is-style-outline--1\"><a class=\"wp-block-button__link has-small-font-size has-custom-font-size wp-element-button\" href=\"https:\/\/revistapontica.com\/wp-content\/uploads\/2026\/04\/pontica-10-1977.pdf\" style=\"border-top-left-radius:0px;border-top-right-radius:0px;border-bottom-left-radius:0px;border-bottom-right-radius:0px\"><strong>DESCHIDE PONTICA NR. 10 &#8211; VARIANTA COMPLET\u0102 \u00ceN FORMAT .PDF<\/strong> (101 Mb)<\/a><\/div>\n<\/div>\n\n\n\n<div style=\"height:50px\" aria-hidden=\"true\" class=\"wp-block-spacer\"><\/div>\n\n\n\n<p class=\"has-text-align-center\"><strong>SUMAR<\/strong><br>&#8211;<a href=\"https:\/\/revistapontica.com\/wp-content\/uploads\/2026\/04\/Pontica-10-1977-Sumar.pdf\" data-type=\"link\" data-id=\"https:\/\/revistapontica.com\/wp-content\/uploads\/2026\/04\/Pontica-10-1977-Sumar.pdf\">deschide varianta PDF<\/a>&#8211;<\/p>\n\n\n\n<hr class=\"wp-block-separator has-alpha-channel-opacity\"\/>\n\n\n\n<p class=\"has-text-align-center\"><strong>Lista abrevierilor<\/strong><br>&#8211;<a href=\"https:\/\/revistapontica.com\/wp-content\/uploads\/2026\/04\/Pontica-10-1977-Lista-prescurtarilor.pdf\" data-type=\"link\" data-id=\"https:\/\/revistapontica.com\/wp-content\/uploads\/2026\/04\/Pontica-10-1977-Lista-prescurtarilor.pdf\">deschide varianta PDF<\/a>&#8211;<\/p>\n\n\n\n<hr class=\"wp-block-separator has-alpha-channel-opacity\"\/>\n\n\n\n<details class=\"wp-block-details is-layout-flow wp-block-details-is-layout-flow\"><summary>Un act de semnifica\u021bie patriotic\u0103 reconstituirea monumentului triumfal de la Adamclisi<\/summary>\n<p><\/p>\n<\/details>\n\n\n\n<p class=\"has-text-align-center\"><strong><strong><strong><strong>A. R\u0102DULESCU<\/strong><\/strong><\/strong><\/strong><br>&#8211;<a href=\"https:\/\/revistapontica.com\/wp-content\/uploads\/2026\/04\/231-Pontica-10-1977-A.-RADULESCU-\u2013-Un-act-de-semnificatie-patriotica-reconstituirea-monumentului-triumfal-de-la-Adamclisi.pdf\" data-type=\"link\" data-id=\"https:\/\/revistapontica.com\/wp-content\/uploads\/2026\/04\/231-Pontica-10-1977-A.-RADULESCU-\u2013-Un-act-de-semnificatie-patriotica-reconstituirea-monumentului-triumfal-de-la-Adamclisi.pdf\">deschide varianta PDF<\/a>&#8211;<\/p>\n\n\n\n<hr class=\"wp-block-separator has-alpha-channel-opacity\"\/>\n\n\n\n<details class=\"wp-block-details is-layout-flow wp-block-details-is-layout-flow\"><summary>Conservarea \u0219i valorificarea muzeistic\u0103 a monumentului Tropaeum Traiani<\/summary>\n<p><\/p>\n<\/details>\n\n\n\n<p class=\"has-text-align-center\"><strong><strong><strong>DAN RUSOVAN<\/strong><\/strong><\/strong><br>&#8211;<a href=\"https:\/\/revistapontica.com\/wp-content\/uploads\/2026\/04\/232-Pontica-10-1977-DAN-RUSOVAN-\u2013-Conservarea-si-valorificarea-muzeistica-a-monumentului-Tropaeum-Traiani.pdf\" data-type=\"link\" data-id=\"https:\/\/revistapontica.com\/wp-content\/uploads\/2026\/04\/232-Pontica-10-1977-DAN-RUSOVAN-\u2013-Conservarea-si-valorificarea-muzeistica-a-monumentului-Tropaeum-Traiani.pdf\">deschide varianta PDF<\/a>&#8211;<\/p>\n\n\n\n<hr class=\"wp-block-separator has-alpha-channel-opacity\"\/>\n\n\n\n<details class=\"wp-block-details is-layout-flow wp-block-details-is-layout-flow\"><summary>Complexul muzeistic Tropaeum Traiani \u0219i influen\u021ba lui asupra dezvolt\u0103rii localit\u0103\u021bii \u0219i teritoriului \u00eenconjur\u0103tor<\/summary>\n<p><\/p>\n<\/details>\n\n\n\n<p class=\"has-text-align-center\"><strong><strong><strong>GH. DUMITRA\u0218CU<\/strong><\/strong><\/strong><br>&#8211;<a href=\"https:\/\/revistapontica.com\/wp-content\/uploads\/2026\/04\/233-Pontica-10-1977-GH.-DUMITRASCU-\u2013-Complexul-muzeistic-Tropaeum-Traiani-si-influenta-lui-asupra-dezvoltarii-localitatii-si-teritoriului-inconjurator.pdf\" data-type=\"link\" data-id=\"https:\/\/revistapontica.com\/wp-content\/uploads\/2026\/04\/233-Pontica-10-1977-GH.-DUMITRASCU-\u2013-Complexul-muzeistic-Tropaeum-Traiani-si-influenta-lui-asupra-dezvoltarii-localitatii-si-teritoriului-inconjurator.pdf\">deschide varianta PDF<\/a>&#8211;<\/p>\n\n\n\n<hr class=\"wp-block-separator has-alpha-channel-opacity\"\/>\n\n\n\n<details class=\"wp-block-details is-layout-flow wp-block-details-is-layout-flow\"><summary>Les Roumains et la Mer<\/summary>\n<p><\/p>\n<\/details>\n\n\n\n<p class=\"has-text-align-center\"><strong><strong><strong>RADU VULPE<\/strong><\/strong><\/strong><br>&#8211;<a href=\"https:\/\/revistapontica.com\/wp-content\/uploads\/2026\/04\/234-Pontica-10-1977-RADU-VULPE-\u2013-Les-Roumains-et-la-Mer.pdf\" data-type=\"link\" data-id=\"https:\/\/revistapontica.com\/wp-content\/uploads\/2026\/04\/234-Pontica-10-1977-RADU-VULPE-\u2013-Les-Roumains-et-la-Mer.pdf\">deschide varianta PDF<\/a>&#8211;<\/p>\n\n\n\n<hr class=\"wp-block-separator has-alpha-channel-opacity\"\/>\n\n\n\n<details class=\"wp-block-details is-layout-flow wp-block-details-is-layout-flow\"><summary>Unele probleme ale plasticii antropomorfe neo-eneolitice din Rom\u00e2nia \u0219i rela\u021biile ei cu Mediterana oriental\u0103<\/summary>\n<p><\/p>\n<\/details>\n\n\n\n<p class=\"has-text-align-center\"><strong><strong>S. MARINESCU-B\u00ceLCU<\/strong><\/strong><br>&#8211;<a href=\"https:\/\/revistapontica.com\/wp-content\/uploads\/2026\/04\/235-Pontica-10-1977-S.-MARINESCU-BILCU-\u2013-Unele-probleme-ale-plasticii-antropomorfe-neo-eneolitice-din-Romania-si-relatiile-ei-cu-Mediterana-orientala.pdf\" data-type=\"link\" data-id=\"https:\/\/revistapontica.com\/wp-content\/uploads\/2026\/04\/235-Pontica-10-1977-S.-MARINESCU-BILCU-\u2013-Unele-probleme-ale-plasticii-antropomorfe-neo-eneolitice-din-Romania-si-relatiile-ei-cu-Mediterana-orientala.pdf\">deschide varianta PDF<\/a>&#8211;<\/p>\n\n\n\n<hr class=\"wp-block-separator has-alpha-channel-opacity\"\/>\n\n\n\n<details class=\"wp-block-details is-layout-flow wp-block-details-is-layout-flow\"><summary>Despre figurinele \u201een violon\u201ddin aria culturii Gumelni\u021ba<\/summary>\n<p><\/p>\n<\/details>\n\n\n\n<p class=\"has-text-align-center\"><strong><strong>EUG. COM\u0218A<\/strong><\/strong><br>&#8211;<a href=\"https:\/\/revistapontica.com\/wp-content\/uploads\/2026\/04\/236-Pontica-10-1977-EUG.-COMSA\u2013-Despre-figurinele-\u201een-violondin-aria-culturii-Gumelnita.pdf\" data-type=\"link\" data-id=\"https:\/\/revistapontica.com\/wp-content\/uploads\/2026\/04\/236-Pontica-10-1977-EUG.-COMSA\u2013-Despre-figurinele-\u201een-violondin-aria-culturii-Gumelnita.pdf\">deschide varianta PDF<\/a>&#8211;<\/p>\n\n\n\n<hr class=\"wp-block-separator has-alpha-channel-opacity\"\/>\n\n\n\n<details class=\"wp-block-details is-layout-flow wp-block-details-is-layout-flow\"><summary>\u0218tiri despre \u00eenceputurile ora\u0219ului Constan\u021ba<\/summary>\n<p><\/p>\n<\/details>\n\n\n\n<p class=\"has-text-align-center\"><strong><strong>A. R\u0102DULESCU<\/strong><\/strong><br>&#8211;<a href=\"https:\/\/revistapontica.com\/wp-content\/uploads\/2026\/04\/237-Pontica-10-1977-A.-RADULESCU-\u2013-Stiri-despre-inceputurile-orasului-Constanta.pdf\" data-type=\"link\" data-id=\"https:\/\/revistapontica.com\/wp-content\/uploads\/2026\/04\/237-Pontica-10-1977-A.-RADULESCU-\u2013-Stiri-despre-inceputurile-orasului-Constanta.pdf\">deschide varianta PDF<\/a>&#8211;<\/p>\n\n\n\n<hr class=\"wp-block-separator has-alpha-channel-opacity\"\/>\n\n\n\n<details class=\"wp-block-details is-layout-flow wp-block-details-is-layout-flow\"><summary>C\u00e2teva considera\u021bii pe marginea unor toponimice din dreapta Dun\u0103rii de Jos (zona Ostrov \u2013 Cochirleni)<\/summary>\n<p><\/p>\n<\/details>\n\n\n\n<p class=\"has-text-align-center\"><strong><strong>P. DIACONU<\/strong><\/strong><br>&#8211;<a href=\"https:\/\/revistapontica.com\/wp-content\/uploads\/2026\/04\/238-Pontica-10-1977-P.-DIACONU-\u2013-Cateva-consideratii-pe-marginea-unor-toponimice-din-dreapta-Dunarii-de-Jos-zona-Ostrov-\u2013-Cochirleni.pdf\" data-type=\"link\" data-id=\"https:\/\/revistapontica.com\/wp-content\/uploads\/2026\/04\/238-Pontica-10-1977-P.-DIACONU-\u2013-Cateva-consideratii-pe-marginea-unor-toponimice-din-dreapta-Dunarii-de-Jos-zona-Ostrov-\u2013-Cochirleni.pdf\">deschide varianta PDF<\/a>&#8211;<\/p>\n\n\n\n<hr class=\"wp-block-separator has-alpha-channel-opacity\"\/>\n\n\n\n<details class=\"wp-block-details is-layout-flow wp-block-details-is-layout-flow\"><summary>Dobrogea lui Burebista<\/summary>\n<p><\/p>\n<\/details>\n\n\n\n<p class=\"has-text-align-center\"><strong><strong>A. R\u0102DULESCU<\/strong><\/strong><br>&#8211;<a href=\"https:\/\/revistapontica.com\/wp-content\/uploads\/2026\/04\/239-Pontica-10-1977-A.-RADULESCU-\u2013-Dobrogea-lui-Burebista.pdf\" data-type=\"link\" data-id=\"https:\/\/revistapontica.com\/wp-content\/uploads\/2026\/04\/239-Pontica-10-1977-A.-RADULESCU-\u2013-Dobrogea-lui-Burebista.pdf\">deschide varianta PDF<\/a>&#8211;<\/p>\n\n\n\n<hr class=\"wp-block-separator has-alpha-channel-opacity\"\/>\n\n\n\n<details class=\"wp-block-details is-layout-flow wp-block-details-is-layout-flow\"><summary>Antroponomastic\u0103 geto-dac\u0103 \u00een context indo-european<\/summary>\n<p><\/p>\n<\/details>\n\n\n\n<p class=\"has-text-align-center\"><strong><strong>C. DOMINTE<\/strong><\/strong><br>&#8211;<a href=\"https:\/\/revistapontica.com\/wp-content\/uploads\/2026\/04\/240-Pontica-10-1977-C.-DOMINTE-\u2013-Antroponomastica-geto-daca-in-context-indo-european.pdf\" data-type=\"link\" data-id=\"https:\/\/revistapontica.com\/wp-content\/uploads\/2026\/04\/240-Pontica-10-1977-C.-DOMINTE-\u2013-Antroponomastica-geto-daca-in-context-indo-european.pdf\">deschide varianta PDF<\/a>&#8211;<\/p>\n\n\n\n<hr class=\"wp-block-separator has-alpha-channel-opacity\"\/>\n\n\n\n<details class=\"wp-block-details is-layout-flow wp-block-details-is-layout-flow\"><summary>Inscrip\u021bii inedite din Tomis \u0219i Callatis<\/summary>\n<p><\/p>\n<\/details>\n\n\n\n<p class=\"has-text-align-center\"><strong><strong>M. MUNTEANU, A. R\u0102DULESCU<\/strong><\/strong><br>&#8211;<a href=\"https:\/\/revistapontica.com\/wp-content\/uploads\/2026\/04\/241-Pontica-10-1977-M.-MUNTEANU-A.-RADULESCU-\u2013-Inscriptii-inedite-din-Tomis-si-Callatis.pdf\" data-type=\"link\" data-id=\"https:\/\/revistapontica.com\/wp-content\/uploads\/2026\/04\/241-Pontica-10-1977-M.-MUNTEANU-A.-RADULESCU-\u2013-Inscriptii-inedite-din-Tomis-si-Callatis.pdf\">deschide varianta PDF<\/a>&#8211;<\/p>\n\n\n\n<hr class=\"wp-block-separator has-alpha-channel-opacity\"\/>\n\n\n\n<details class=\"wp-block-details is-layout-flow wp-block-details-is-layout-flow\"><summary>Atest\u0103ri arheologice ale practicilor medicale \u00een Dobrogea<\/summary>\n<p><\/p>\n<\/details>\n\n\n\n<p class=\"has-text-align-center\"><strong><strong>M. BUCOVAL\u0102<\/strong><\/strong><br>&#8211;<a href=\"https:\/\/revistapontica.com\/wp-content\/uploads\/2026\/04\/242-Pontica-10-1977-M.-BUCOVALA-\u2013-Atestari-arheologice-ale-practicilor-medicale-in-Dobrogea.pdf\" data-type=\"link\" data-id=\"https:\/\/revistapontica.com\/wp-content\/uploads\/2026\/04\/242-Pontica-10-1977-M.-BUCOVALA-\u2013-Atestari-arheologice-ale-practicilor-medicale-in-Dobrogea.pdf\">deschide varianta PDF<\/a>&#8211;<\/p>\n\n\n\n<hr class=\"wp-block-separator has-alpha-channel-opacity\"\/>\n\n\n\n<details class=\"wp-block-details is-layout-flow wp-block-details-is-layout-flow\"><summary>Contribu\u021bii la tipologia juridic\u0103 a exploat\u0103rilor agricole din ora\u0219ele vest-pontice<\/summary>\n<p><\/p>\n<\/details>\n\n\n\n<p class=\"has-text-align-center\"><strong><strong>AL. SUCEVEANU<\/strong><br><\/strong>&#8211;<a href=\"https:\/\/revistapontica.com\/wp-content\/uploads\/2026\/04\/243-Pontica-10-1977-AL.-SUCEVEANU-\u2013-Contributii-la-tipologia-juridica-a-exploatarilor-agricole-din-orasele-vest-pontice.pdf\" data-type=\"link\" data-id=\"https:\/\/revistapontica.com\/wp-content\/uploads\/2026\/04\/243-Pontica-10-1977-AL.-SUCEVEANU-\u2013-Contributii-la-tipologia-juridica-a-exploatarilor-agricole-din-orasele-vest-pontice.pdf\">deschide varianta PDF<\/a>&#8211;<\/p>\n\n\n\n<hr class=\"wp-block-separator has-alpha-channel-opacity\"\/>\n\n\n\n<details class=\"wp-block-details is-layout-flow wp-block-details-is-layout-flow\"><summary>Zeii Sabazios \u0219i Zbelsurdos la Drobeta<\/summary>\n<p><\/p>\n<\/details>\n\n\n\n<p class=\"has-text-align-center\"><strong><strong>D. TUDOR<\/strong><\/strong><br>&#8211;<a href=\"https:\/\/revistapontica.com\/wp-content\/uploads\/2026\/04\/244-Pontica-10-1977-D.-TUDOR-\u2013-Zeii-Sabazios-si-Zbelsurdos-la-Drobeta.pdf\" data-type=\"link\" data-id=\"https:\/\/revistapontica.com\/wp-content\/uploads\/2026\/04\/244-Pontica-10-1977-D.-TUDOR-\u2013-Zeii-Sabazios-si-Zbelsurdos-la-Drobeta.pdf\">deschide varianta PDF<\/a>&#8211;<\/p>\n\n\n\n<hr class=\"wp-block-separator has-alpha-channel-opacity\"\/>\n\n\n\n<details class=\"wp-block-details is-layout-flow wp-block-details-is-layout-flow\"><summary>\u00cen leg\u0103tur\u0103 cu o necropol\u0103 din epoca roman\u0103 timpurie la Callatis<\/summary>\n<p><\/p>\n<\/details>\n\n\n\n<p class=\"has-text-align-center\"><strong>E. B\u00c2RL\u0102DEANU<br><\/strong>&#8211;<a href=\"https:\/\/revistapontica.com\/wp-content\/uploads\/2026\/04\/245-Pontica-10-1977-E.-BARLADEANU-\u2013-In-legatura-cu-o-necropola-din-epoca-romana-timpurie-la-Callatis.pdf\" data-type=\"link\" data-id=\"https:\/\/revistapontica.com\/wp-content\/uploads\/2026\/04\/245-Pontica-10-1977-E.-BARLADEANU-\u2013-In-legatura-cu-o-necropola-din-epoca-romana-timpurie-la-Callatis.pdf\">deschide varianta PDF<\/a>&#8211;<\/p>\n\n\n\n<hr class=\"wp-block-separator has-alpha-channel-opacity\"\/>\n\n\n\n<details class=\"wp-block-details is-layout-flow wp-block-details-is-layout-flow\"><summary>Daco-romanii la curbura Carpa\u021bilor<\/summary>\n<p><\/p>\n<\/details>\n\n\n\n<p class=\"has-text-align-center\"><strong><strong>GH. DIACONU<\/strong><\/strong><br>&#8211;<a href=\"https:\/\/revistapontica.com\/wp-content\/uploads\/2026\/04\/246-Pontica-10-1977-GH.-DIACONU-\u2013-Daco-romanii-la-curbura-Carpatilor.pdf\" data-type=\"link\" data-id=\"https:\/\/revistapontica.com\/wp-content\/uploads\/2026\/04\/246-Pontica-10-1977-GH.-DIACONU-\u2013-Daco-romanii-la-curbura-Carpatilor.pdf\">deschide varianta PDF<\/a>&#8211;<\/p>\n\n\n\n<hr class=\"wp-block-separator has-alpha-channel-opacity\"\/>\n\n\n\n<details class=\"wp-block-details is-layout-flow wp-block-details-is-layout-flow\"><summary>Stele funerare inedite de la Sacidava<\/summary>\n<p><\/p>\n<\/details>\n\n\n\n<p class=\"has-text-align-center\"><strong><strong>C. SCORPAN<\/strong><\/strong><br>&#8211;<a href=\"https:\/\/revistapontica.com\/wp-content\/uploads\/2026\/04\/247-Pontica-10-1977-C.-SCORPAN-\u2013-Stele-funerare-inedite-de-la-Sacidava.pdf\" data-type=\"link\" data-id=\"https:\/\/revistapontica.com\/wp-content\/uploads\/2026\/04\/247-Pontica-10-1977-C.-SCORPAN-\u2013-Stele-funerare-inedite-de-la-Sacidava.pdf\">deschide varianta PDF<\/a>&#8211;<\/p>\n\n\n\n<hr class=\"wp-block-separator has-alpha-channel-opacity\"\/>\n\n\n\n<details class=\"wp-block-details is-layout-flow wp-block-details-is-layout-flow\"><summary>\u00cen leg\u0103tur\u0103 cu zonele de ac\u021biune ale legiunilor moesice pe teritoriul Dobrogei<\/summary>\n<p><\/p>\n<\/details>\n\n\n\n<p class=\"has-text-align-center\"><strong><strong>A. ARICESCU<\/strong><\/strong><br>&#8211;<a href=\"https:\/\/revistapontica.com\/wp-content\/uploads\/2026\/04\/248-Pontica-10-1977-A.-ARICESCU-\u2013-In-legatura-cu-zonele-de-actiune-ale-legiunilor-moesice-pe-teritoriul-Dobrogei.pdf\" data-type=\"link\" data-id=\"https:\/\/revistapontica.com\/wp-content\/uploads\/2026\/04\/248-Pontica-10-1977-A.-ARICESCU-\u2013-In-legatura-cu-zonele-de-actiune-ale-legiunilor-moesice-pe-teritoriul-Dobrogei.pdf\">deschide varianta PDF<\/a>&#8211;<\/p>\n\n\n\n<hr class=\"wp-block-separator has-alpha-channel-opacity\"\/>\n\n\n\n<details class=\"wp-block-details is-layout-flow wp-block-details-is-layout-flow\"><summary>Geme din Muzeul de istorie na\u021bional\u0103 \u0219i arheologie Constan\u021ba<\/summary>\n<p><\/p>\n<\/details>\n\n\n\n<p class=\"has-text-align-center\"><strong><strong>Z. COVACEF, C. CHERA-M\u0102RGINEANU<\/strong><\/strong><br>&#8211;<a href=\"https:\/\/revistapontica.com\/wp-content\/uploads\/2026\/04\/249-Pontica-10-1977-Z.-COVACEF-C.-CHERA-MARGINEANU-\u2013-Geme-din-Muzeul-de-istorie-nationala-si-arheologie-Constanta.pdf\" data-type=\"link\" data-id=\"https:\/\/revistapontica.com\/wp-content\/uploads\/2026\/04\/249-Pontica-10-1977-Z.-COVACEF-C.-CHERA-MARGINEANU-\u2013-Geme-din-Muzeul-de-istorie-nationala-si-arheologie-Constanta.pdf\">deschide varianta PDF<\/a>&#8211;<\/p>\n\n\n\n<hr class=\"wp-block-separator has-alpha-channel-opacity\"\/>\n\n\n\n<details class=\"wp-block-details is-layout-flow wp-block-details-is-layout-flow\"><summary>Necropole de epoc\u0103 roman\u0103 \u00een ora\u0219ele Pontului St\u00eeng; caracteristici tipologice<\/summary>\n<p><\/p>\n<\/details>\n\n\n\n<p class=\"has-text-align-center\"><strong>V. BARBU<\/strong><br>&#8211;<a href=\"https:\/\/revistapontica.com\/wp-content\/uploads\/2026\/04\/250-Pontica-10-1977-V.-BARBU-\u2013-Necropole-de-epoca-romana-in-orasele-Pontului-Sting-caracteristici-tipologice.pdf\" data-type=\"link\" data-id=\"https:\/\/revistapontica.com\/wp-content\/uploads\/2026\/04\/250-Pontica-10-1977-V.-BARBU-\u2013-Necropole-de-epoca-romana-in-orasele-Pontului-Sting-caracteristici-tipologice.pdf\">deschide varianta PDF<\/a>&#8211;<\/p>\n\n\n\n<hr class=\"wp-block-separator has-alpha-channel-opacity\"\/>\n\n\n\n<details class=\"wp-block-details is-layout-flow wp-block-details-is-layout-flow\"><summary>Dacia \u00een epoca lui Constantin cel Mare \u0219i a urma\u0219ilor s\u0103i<\/summary>\n<p><\/p>\n<\/details>\n\n\n\n<p class=\"has-text-align-center\"><strong><strong>M. COM\u0218A<\/strong><\/strong><br>&#8211;<a href=\"https:\/\/revistapontica.com\/wp-content\/uploads\/2026\/04\/251-Pontica-10-1977-M.-COMSA-\u2013-Dacia-in-epoca-lui-Constantin-cel-Mare-si-a-urmasilor-sai.pdf\" data-type=\"link\" data-id=\"https:\/\/revistapontica.com\/wp-content\/uploads\/2026\/04\/251-Pontica-10-1977-M.-COMSA-\u2013-Dacia-in-epoca-lui-Constantin-cel-Mare-si-a-urmasilor-sai.pdf\">deschide varianta PDF<\/a>&#8211;<\/p>\n\n\n\n<hr class=\"wp-block-separator has-alpha-channel-opacity\"\/>\n\n\n\n<details class=\"wp-block-details is-layout-flow wp-block-details-is-layout-flow\"><summary>Rezultate ale s\u0103p\u0103turilor arheologice de la Sacidava (1974, 1976)<\/summary>\n<p><\/p>\n<\/details>\n\n\n\n<p class=\"has-text-align-center\"><strong><strong>C. SCORPAN<\/strong><\/strong><br>&#8211;<a href=\"https:\/\/revistapontica.com\/wp-content\/uploads\/2026\/04\/252-Pontica-10-1977-C.-SCORPAN-\u2013-Rezultate-ale-sapaturilor-arheologice-de-la-Sacidava-1974-1976.pdf\" data-type=\"link\" data-id=\"https:\/\/revistapontica.com\/wp-content\/uploads\/2026\/04\/252-Pontica-10-1977-C.-SCORPAN-\u2013-Rezultate-ale-sapaturilor-arheologice-de-la-Sacidava-1974-1976.pdf\">deschide varianta PDF<\/a>&#8211;<\/p>\n\n\n\n<hr class=\"wp-block-separator has-alpha-channel-opacity\"\/>\n\n\n\n<details class=\"wp-block-details is-layout-flow wp-block-details-is-layout-flow\"><summary>Contribu\u021bii la topografia Tomisului \u00een sec. VI e.n<\/summary>\n<p><\/p>\n<\/details>\n\n\n\n<p class=\"has-text-align-center\"><strong><strong>N. CHELU\u021a\u0102-GEORGESCU<\/strong><\/strong><br>&#8211;<a href=\"https:\/\/revistapontica.com\/wp-content\/uploads\/2026\/04\/253-Pontica-10-1977-N.-CHELUTA-GEORGESCU-\u2013-Contributii-la-topografia-Tomisului-in-sec.-VI-e.n.pdf\" data-type=\"link\" data-id=\"https:\/\/revistapontica.com\/wp-content\/uploads\/2026\/04\/253-Pontica-10-1977-N.-CHELUTA-GEORGESCU-\u2013-Contributii-la-topografia-Tomisului-in-sec.-VI-e.n.pdf\">deschide varianta PDF<\/a>&#8211;<\/p>\n\n\n\n<hr class=\"wp-block-separator has-alpha-channel-opacity\"\/>\n\n\n\n<details class=\"wp-block-details is-layout-flow wp-block-details-is-layout-flow\"><summary>Cetatea Tropaeum Traiani \u00een lumina ultimelor s\u0103p\u0103turi arheologice<\/summary>\n<p><\/p>\n<\/details>\n\n\n\n<p class=\"has-text-align-center\"><strong>I. BARNEA<\/strong><br>&#8211;<a href=\"https:\/\/revistapontica.com\/wp-content\/uploads\/2026\/04\/254-Pontica-10-1977-I.-BARNEA-\u2013-Cetatea-Tropaeum-Traiani-in-lumina-ultimelor-sapaturi-arheologice.pdf\" data-type=\"link\" data-id=\"https:\/\/revistapontica.com\/wp-content\/uploads\/2026\/04\/254-Pontica-10-1977-I.-BARNEA-\u2013-Cetatea-Tropaeum-Traiani-in-lumina-ultimelor-sapaturi-arheologice.pdf\">deschide varianta PDF<\/a>&#8211;<\/p>\n\n\n\n<hr class=\"wp-block-separator has-alpha-channel-opacity\"\/>\n\n\n\n<details class=\"wp-block-details is-layout-flow wp-block-details-is-layout-flow\"><summary>Note de epigrafie romano-bizantin\u0103<\/summary>\n<p><\/p>\n<\/details>\n\n\n\n<p class=\"has-text-align-center\"><strong><strong>I. BARNEA \u2013 <\/strong><\/strong><br>&#8211;<a href=\"https:\/\/revistapontica.com\/wp-content\/uploads\/2026\/04\/255-Pontica-10-1977-I.-BARNEA-\u2013-Note-de-epigrafie-romano-bizantina.pdf\" data-type=\"link\" data-id=\"https:\/\/revistapontica.com\/wp-content\/uploads\/2026\/04\/255-Pontica-10-1977-I.-BARNEA-\u2013-Note-de-epigrafie-romano-bizantina.pdf\">deschide varianta PDF<\/a>&#8211;<\/p>\n\n\n\n<hr class=\"wp-block-separator has-alpha-channel-opacity\"\/>\n\n\n\n<details class=\"wp-block-details is-layout-flow wp-block-details-is-layout-flow\"><summary>Tezaurul de aur de la Moigrad<\/summary>\n<p><\/p>\n<\/details>\n\n\n\n<p class=\"has-text-align-center\"><strong><strong>K. HOREDT<\/strong><\/strong><br>&#8211;<a href=\"https:\/\/revistapontica.com\/wp-content\/uploads\/2026\/04\/256-Pontica-10-1977-K.-HOREDT-\u2013-Tezaurul-de-aur-de-la-Moigrad.pdf\" data-type=\"link\" data-id=\"https:\/\/revistapontica.com\/wp-content\/uploads\/2026\/04\/256-Pontica-10-1977-K.-HOREDT-\u2013-Tezaurul-de-aur-de-la-Moigrad.pdf\">deschide varianta PDF<\/a>&#8211;<\/p>\n\n\n\n<hr class=\"wp-block-separator has-alpha-channel-opacity\"\/>\n\n\n\n<details class=\"wp-block-details is-layout-flow wp-block-details-is-layout-flow\"><summary>Un topor de bronz descoperit la Gr\u0103dina<\/summary>\n<p><\/p>\n<\/details>\n\n\n\n<p class=\"has-text-align-center\"><strong><strong>M. IRIMIA<\/strong><\/strong><br>&#8211;<a href=\"https:\/\/revistapontica.com\/wp-content\/uploads\/2026\/04\/257-Pontica-10-1977-M.-IRIMIA-\u2013-Un-topor-de-bronz-descoperit-la-Gradina.pdf\" data-type=\"link\" data-id=\"https:\/\/revistapontica.com\/wp-content\/uploads\/2026\/04\/257-Pontica-10-1977-M.-IRIMIA-\u2013-Un-topor-de-bronz-descoperit-la-Gradina.pdf\">deschide varianta PDF<\/a>&#8211;<\/p>\n\n\n\n<hr class=\"wp-block-separator has-alpha-channel-opacity\"\/>\n\n\n\n<details class=\"wp-block-details is-layout-flow wp-block-details-is-layout-flow\"><summary>M\u0103rturii din epoca bronzului pe teritoriul din nordul Dobrogei<\/summary>\n<p><\/p>\n<\/details>\n\n\n\n<p class=\"has-text-align-center\"><strong><strong>E L\u0102ZURIC\u0102<\/strong><\/strong><br>&#8211;<a href=\"https:\/\/revistapontica.com\/wp-content\/uploads\/2026\/04\/258-Pontica-10-1977-E-LAZURICA-\u2013-Marturii-din-epoca-bronzului-pe-teritoriul-din-nordul-Dobrogei.pdf\" data-type=\"link\" data-id=\"https:\/\/revistapontica.com\/wp-content\/uploads\/2026\/04\/258-Pontica-10-1977-E-LAZURICA-\u2013-Marturii-din-epoca-bronzului-pe-teritoriul-din-nordul-Dobrogei.pdf\">deschide varianta PDF<\/a>&#8211;<\/p>\n\n\n\n<hr class=\"wp-block-separator has-alpha-channel-opacity\"\/>\n\n\n\n<details class=\"wp-block-details is-layout-flow wp-block-details-is-layout-flow\"><summary>Aegyssus, 1976. Raport preliminar<\/summary>\n<p><\/p>\n<\/details>\n\n\n\n<p class=\"has-text-align-center\"><strong>A. OPAI\u021a<\/strong><br>&#8211;<a href=\"https:\/\/revistapontica.com\/wp-content\/uploads\/2026\/04\/259-Pontica-10-1977-A.-OPAIT-\u2013-Aegyssus-1976.-Raport-preliminar.pdf\" data-type=\"link\" data-id=\"https:\/\/revistapontica.com\/wp-content\/uploads\/2026\/04\/259-Pontica-10-1977-A.-OPAIT-\u2013-Aegyssus-1976.-Raport-preliminar.pdf\">deschide varianta PDF<\/a>&#8211;<\/p>\n\n\n\n<hr class=\"wp-block-separator has-alpha-channel-opacity\"\/>\n\n\n\n<details class=\"wp-block-details is-layout-flow wp-block-details-is-layout-flow\"><summary>O biografie rom\u00e2neasc\u0103 inedit\u0103 a lui Ovidiu<\/summary>\n<p><\/p>\n<\/details>\n\n\n\n<p class=\"has-text-align-center\"><strong>N. LASCU<\/strong><br>&#8211;<a href=\"https:\/\/revistapontica.com\/wp-content\/uploads\/2026\/04\/260-Pontica-10-1977-N.-LASCU-\u2013-O-biografie-romaneasca-inedita-a-lui-Ovidiu.pdf\" data-type=\"link\" data-id=\"https:\/\/revistapontica.com\/wp-content\/uploads\/2026\/04\/260-Pontica-10-1977-N.-LASCU-\u2013-O-biografie-romaneasca-inedita-a-lui-Ovidiu.pdf\">deschide varianta PDF<\/a>&#8211;<\/p>\n\n\n\n<hr class=\"wp-block-separator has-alpha-channel-opacity\"\/>\n\n\n\n<details class=\"wp-block-details is-layout-flow wp-block-details-is-layout-flow\"><summary>Cercet\u0103ri perieghetice pe malul M\u0103rii Negre \u00eentre Constan\u021ba \u0219i Vama Veche<\/summary>\n<p><\/p>\n<\/details>\n\n\n\n<p class=\"has-text-align-center\"><strong>V. BORONEAN\u021a<\/strong><br>&#8211;<a href=\"https:\/\/revistapontica.com\/wp-content\/uploads\/2026\/04\/261-Pontica-10-1977-V.-BORONEANT-\u2013-Cercetari-perieghetice-pe-malul-Marii-Negre-intre-Constanta-si-Vama-Veche.pdf\" data-type=\"link\" data-id=\"https:\/\/revistapontica.com\/wp-content\/uploads\/2026\/04\/261-Pontica-10-1977-V.-BORONEANT-\u2013-Cercetari-perieghetice-pe-malul-Marii-Negre-intre-Constanta-si-Vama-Veche.pdf\">deschide varianta PDF<\/a>&#8211;<\/p>\n\n\n\n<hr class=\"wp-block-separator has-alpha-channel-opacity\"\/>\n\n\n\n<details class=\"wp-block-details is-layout-flow wp-block-details-is-layout-flow\"><summary>Despre un st\u00e2lp miliar descoperit la m\u0103n\u0103stirea Saun<\/summary>\n<p><\/p>\n<\/details>\n\n\n\n<p class=\"has-text-align-center\"><strong>V. H. BAUMANN<\/strong><br>&#8211;<a href=\"https:\/\/revistapontica.com\/wp-content\/uploads\/2026\/04\/262-Pontica-10-1977-V.-H.-BAUMANN-\u2013-Despre-un-stalp-miliar-descoperit-la-manastirea-Saun.pdf\" data-type=\"link\" data-id=\"https:\/\/revistapontica.com\/wp-content\/uploads\/2026\/04\/262-Pontica-10-1977-V.-H.-BAUMANN-\u2013-Despre-un-stalp-miliar-descoperit-la-manastirea-Saun.pdf\">deschide varianta PDF<\/a>&#8211;<\/p>\n\n\n\n<hr class=\"wp-block-separator has-alpha-channel-opacity\"\/>\n\n\n\n<details class=\"wp-block-details is-layout-flow wp-block-details-is-layout-flow\"><summary>Un castru nou descoperit \u00een sistemul defensiv al Daciei romane castrul roman de la Feldioara<\/summary>\n<p><\/p>\n<\/details>\n\n\n\n<p class=\"has-text-align-center\"><strong>N. GUDEA, I. I. POP<\/strong><br>&#8211;<a href=\"https:\/\/revistapontica.com\/wp-content\/uploads\/2026\/04\/263-Pontica-10-1977-N.-GUDEA-I.-I.-POP-\u2013-Un-castru-nou-descoperit-in-sistemul-defensiv-al-Daciei-romane-castrul-roman-de-la-Feldioara.pdf\" data-type=\"link\" data-id=\"https:\/\/revistapontica.com\/wp-content\/uploads\/2026\/04\/263-Pontica-10-1977-N.-GUDEA-I.-I.-POP-\u2013-Un-castru-nou-descoperit-in-sistemul-defensiv-al-Daciei-romane-castrul-roman-de-la-Feldioara.pdf\">deschide varianta PDF<\/a>&#8211;<\/p>\n\n\n\n<hr class=\"wp-block-separator has-alpha-channel-opacity\"\/>\n\n\n\n<details class=\"wp-block-details is-layout-flow wp-block-details-is-layout-flow\"><summary>Morm\u00e2nt din epoca roman\u0103 la Tomis<\/summary>\n<p><\/p>\n<\/details>\n\n\n\n<p class=\"has-text-align-center\"><strong>A. PANAITESCU<\/strong><br>&#8211;<a href=\"https:\/\/revistapontica.com\/wp-content\/uploads\/2026\/04\/264-Pontica-10-1977-A.-PANAITESCU-\u2013-Mormant-din-epoca-romana-la-Tomis.pdf\" data-type=\"link\" data-id=\"https:\/\/revistapontica.com\/wp-content\/uploads\/2026\/04\/264-Pontica-10-1977-A.-PANAITESCU-\u2013-Mormant-din-epoca-romana-la-Tomis.pdf\">deschide varianta PDF<\/a>&#8211;<\/p>\n\n\n\n<hr class=\"wp-block-separator has-alpha-channel-opacity\"\/>\n\n\n\n<details class=\"wp-block-details is-layout-flow wp-block-details-is-layout-flow\"><summary>Contribu\u021biila problema r\u0103sp\u00e2ndirii carpilor la Dun\u0103rea de Jos<\/summary>\n<p><\/p>\n<\/details>\n\n\n\n<p class=\"has-text-align-center\"><strong>M. TZONY<\/strong><br>&#8211;<a href=\"https:\/\/revistapontica.com\/wp-content\/uploads\/2026\/04\/265-Pontica-10-1977-M.-TZONY-\u2013-Contributiila-problema-raspandirii-carpilor-la-Dunarea-de-Jos.pdf\" data-type=\"link\" data-id=\"https:\/\/revistapontica.com\/wp-content\/uploads\/2026\/04\/265-Pontica-10-1977-M.-TZONY-\u2013-Contributiila-problema-raspandirii-carpilor-la-Dunarea-de-Jos.pdf\">deschide varianta PDF<\/a>&#8211;<\/p>\n\n\n\n<hr class=\"wp-block-separator has-alpha-channel-opacity\"\/>\n\n\n\n<details class=\"wp-block-details is-layout-flow wp-block-details-is-layout-flow\"><summary>Descoperiri epigrafice noi \u00een cetatea Tropaeum Traiani<\/summary>\n<p><\/p>\n<\/details>\n\n\n\n<p class=\"has-text-align-center\"><strong>AL. BARNEA<\/strong><br>&#8211;<a href=\"https:\/\/revistapontica.com\/wp-content\/uploads\/2026\/04\/266-Pontica-10-1977-AL.-BARNEA-\u2013-Descoperiri-epigrafice-noi-in-cetatea-Tropaeum-Traiani.pdf\" data-type=\"link\" data-id=\"https:\/\/revistapontica.com\/wp-content\/uploads\/2026\/04\/266-Pontica-10-1977-AL.-BARNEA-\u2013-Descoperiri-epigrafice-noi-in-cetatea-Tropaeum-Traiani.pdf\">deschide varianta PDF<\/a>&#8211;<\/p>\n\n\n\n<hr class=\"wp-block-separator has-alpha-channel-opacity\"\/>\n\n\n\n<details class=\"wp-block-details is-layout-flow wp-block-details-is-layout-flow\"><summary>Considera\u021bii asupra perioadei de sf\u00e2r\u0219it a cet\u0103\u021bii Tropaeum Traiani<\/summary>\n<p><\/p>\n<\/details>\n\n\n\n<p class=\"has-text-align-center\"><strong>GH. PAPUC<\/strong><br>&#8211;<a href=\"https:\/\/revistapontica.com\/wp-content\/uploads\/2026\/04\/267-Pontica-10-1977-GH.-PAPUC-\u2013-Consideratii-asupra-perioadei-de-sfarsit-a-cetatii-Tropaeum-Traiani.pdf\" data-type=\"link\" data-id=\"https:\/\/revistapontica.com\/wp-content\/uploads\/2026\/04\/267-Pontica-10-1977-GH.-PAPUC-\u2013-Consideratii-asupra-perioadei-de-sfarsit-a-cetatii-Tropaeum-Traiani.pdf\">deschide varianta PDF<\/a>&#8211;<\/p>\n\n\n\n<hr class=\"wp-block-separator has-alpha-channel-opacity\"\/>\n\n\n\n<details class=\"wp-block-details is-layout-flow wp-block-details-is-layout-flow\"><summary>Informa\u021bii engleze din 1839 \u201eValul lui Traian\u201d din Dobrogea<\/summary>\n<p><\/p>\n<\/details>\n\n\n\n<p class=\"has-text-align-center\"><strong>S. IOSIPESCU<\/strong><br>&#8211;<a href=\"https:\/\/revistapontica.com\/wp-content\/uploads\/2026\/04\/268-Pontica-10-1977-S.-IOSIPESCU-\u2013-Informatii-engleze-din-1839-\u201eValul-lui-Traian-din-Dobrogea.pdf\" data-type=\"link\" data-id=\"https:\/\/revistapontica.com\/wp-content\/uploads\/2026\/04\/268-Pontica-10-1977-S.-IOSIPESCU-\u2013-Informatii-engleze-din-1839-\u201eValul-lui-Traian-din-Dobrogea.pdf\">deschide varianta PDF<\/a>&#8211;<\/p>\n\n\n\n<hr class=\"wp-block-separator has-alpha-channel-opacity\"\/>\n\n\n\n<details class=\"wp-block-details is-layout-flow wp-block-details-is-layout-flow\"><summary>JEN\u00d6 FLITZ \u0219i COL., Der r\u00f6mische Limes im Ungarn [&#8230;]<\/summary>\n<p><\/p>\n<\/details>\n\n\n\n<p class=\"has-text-align-center\"><strong>C. CHERA-M\u0102RGINEANU \u2013 <\/strong><br>&#8211;<a href=\"https:\/\/revistapontica.com\/wp-content\/uploads\/2026\/04\/269-Pontica-10-1977-C.-CHERA-MARGINEANU-\u2013-JENO-FLITZ-si-COL.-Der-romische-Limes-im-Ungarn.pdf\" data-type=\"link\" data-id=\"https:\/\/revistapontica.com\/wp-content\/uploads\/2026\/04\/269-Pontica-10-1977-C.-CHERA-MARGINEANU-\u2013-JENO-FLITZ-si-COL.-Der-romische-Limes-im-Ungarn.pdf\">deschide varianta PDF<\/a>&#8211;<\/p>\n","protected":false},"excerpt":{"rendered":"<p>SUMAR&#8211;deschide varianta PDF&#8211; Lista abrevierilor&#8211;deschide varianta PDF&#8211; A. R\u0102DULESCU&#8211;deschide varianta PDF&#8211; DAN RUSOVAN&#8211;deschide varianta PDF&#8211; GH. DUMITRA\u0218CU&#8211;deschide varianta PDF&#8211; RADU VULPE&#8211;deschide varianta PDF&#8211; S. MARINESCU-B\u00ceLCU&#8211;deschide varianta PDF&#8211; EUG. COM\u0218A&#8211;deschide varianta PDF&#8211; A. R\u0102DULESCU&#8211;deschide varianta PDF&#8211; P. DIACONU&#8211;deschide varianta PDF&#8211; A. R\u0102DULESCU&#8211;deschide varianta PDF&#8211; C. DOMINTE&#8211;deschide varianta PDF&#8211; M. MUNTEANU, A. R\u0102DULESCU&#8211;deschide varianta PDF&#8211; M. BUCOVAL\u0102&#8211;deschide [&hellip;]<\/p>\n","protected":false},"author":2,"featured_media":0,"comment_status":"closed","ping_status":"closed","sticky":false,"template":"","format":"standard","meta":{"footnotes":""},"categories":[18],"tags":[],"class_list":["post-1507","post","type-post","status-publish","format-standard","hentry","category-revista"],"_links":{"self":[{"href":"https:\/\/revistapontica.com\/en\/wp-json\/wp\/v2\/posts\/1507","targetHints":{"allow":["GET"]}}],"collection":[{"href":"https:\/\/revistapontica.com\/en\/wp-json\/wp\/v2\/posts"}],"about":[{"href":"https:\/\/revistapontica.com\/en\/wp-json\/wp\/v2\/types\/post"}],"author":[{"embeddable":true,"href":"https:\/\/revistapontica.com\/en\/wp-json\/wp\/v2\/users\/2"}],"replies":[{"embeddable":true,"href":"https:\/\/revistapontica.com\/en\/wp-json\/wp\/v2\/comments?post=1507"}],"version-history":[{"count":5,"href":"https:\/\/revistapontica.com\/en\/wp-json\/wp\/v2\/posts\/1507\/revisions"}],"predecessor-version":[{"id":2852,"href":"https:\/\/revistapontica.com\/en\/wp-json\/wp\/v2\/posts\/1507\/revisions\/2852"}],"wp:attachment":[{"href":"https:\/\/revistapontica.com\/en\/wp-json\/wp\/v2\/media?parent=1507"}],"wp:term":[{"taxonomy":"category","embeddable":true,"href":"https:\/\/revistapontica.com\/en\/wp-json\/wp\/v2\/categories?post=1507"},{"taxonomy":"post_tag","embeddable":true,"href":"https:\/\/revistapontica.com\/en\/wp-json\/wp\/v2\/tags?post=1507"}],"curies":[{"name":"wp","href":"https:\/\/api.w.org\/{rel}","templated":true}]}}