{"id":1511,"date":"2026-04-26T15:03:08","date_gmt":"2026-04-26T12:03:08","guid":{"rendered":"https:\/\/revistapontica.com\/?p=1511"},"modified":"2026-04-30T12:22:18","modified_gmt":"2026-04-30T09:22:18","slug":"pontica-nr-8-1975","status":"publish","type":"post","link":"https:\/\/revistapontica.com\/en\/pontica-nr-8-1975\/","title":{"rendered":"Pontica Nr. 8 (1975)"},"content":{"rendered":"<div class=\"wp-block-image\">\n<figure class=\"aligncenter size-large is-resized\"><img fetchpriority=\"high\" decoding=\"async\" width=\"709\" height=\"1024\" src=\"https:\/\/revistapontica.com\/wp-content\/uploads\/2026\/04\/pontica-8-709x1024.jpg\" alt=\"\" class=\"wp-image-1535\" style=\"width:548px;height:auto\" srcset=\"https:\/\/revistapontica.com\/wp-content\/uploads\/2026\/04\/pontica-8-709x1024.jpg 709w, https:\/\/revistapontica.com\/wp-content\/uploads\/2026\/04\/pontica-8-208x300.jpg 208w, https:\/\/revistapontica.com\/wp-content\/uploads\/2026\/04\/pontica-8-768x1109.jpg 768w, https:\/\/revistapontica.com\/wp-content\/uploads\/2026\/04\/pontica-8-8x12.jpg 8w, https:\/\/revistapontica.com\/wp-content\/uploads\/2026\/04\/pontica-8.jpg 831w\" sizes=\"(max-width: 709px) 100vw, 709px\" \/><\/figure>\n<\/div>\n\n\n<div style=\"height:50px\" aria-hidden=\"true\" class=\"wp-block-spacer\"><\/div>\n\n\n\n<div class=\"wp-block-buttons is-content-justification-center is-layout-flex wp-container-core-buttons-is-layout-16018d1d wp-block-buttons-is-layout-flex\">\n<div class=\"wp-block-button is-style-outline is-style-outline--1\"><a class=\"wp-block-button__link has-small-font-size has-custom-font-size wp-element-button\" href=\"https:\/\/revistapontica.com\/wp-content\/uploads\/2026\/04\/pontica-8-1975.pdf\" style=\"border-top-left-radius:0px;border-top-right-radius:0px;border-bottom-left-radius:0px;border-bottom-right-radius:0px\"><strong>OPEN PONTICA NO. 8 \u2013 FULL VARIANT IN .PDF FORMAT<\/strong> (105 Mb)<\/a><\/div>\n<\/div>\n\n\n\n<div style=\"height:50px\" aria-hidden=\"true\" class=\"wp-block-spacer\"><\/div>\n\n\n\n<p class=\"has-text-align-center\"><strong>SUMMARY<\/strong><br>&#8211;<a href=\"https:\/\/revistapontica.com\/wp-content\/uploads\/2026\/04\/Pontica-8-1975-Sumar.pdf\" data-type=\"link\" data-id=\"https:\/\/revistapontica.com\/wp-content\/uploads\/2026\/04\/Pontica-8-1975-Sumar.pdf\">view the PDF version<\/a>&#8211;<\/p>\n\n\n\n<hr class=\"wp-block-separator has-alpha-channel-opacity\"\/>\n\n\n\n<p class=\"has-text-align-center\"><strong>Lista abrevierilor<\/strong><br>&#8211;<a href=\"https:\/\/revistapontica.com\/wp-content\/uploads\/2026\/04\/Pontica-8-1975-Lista-prescurtarilor.pdf\" data-type=\"link\" data-id=\"https:\/\/revistapontica.com\/wp-content\/uploads\/2026\/04\/Pontica-8-1975-Lista-prescurtarilor.pdf\">view the PDF version<\/a>&#8211;<\/p>\n\n\n\n<hr class=\"wp-block-separator has-alpha-channel-opacity\"\/>\n\n\n\n<details class=\"wp-block-details is-layout-flow wp-block-details-is-layout-flow\"><summary>Rezultate preliminare ale s\u0103p\u0103turilor arheologice din Tomis (Parcul catedralei, 1971-1974)<\/summary>\n<p><\/p>\n<\/details>\n\n\n\n<p class=\"has-text-align-center\"><strong><strong><strong><strong>A. R\u0102DULESCU, C. SCORPAN<\/strong><\/strong><\/strong><\/strong><br>&#8211;<a href=\"https:\/\/revistapontica.com\/wp-content\/uploads\/2026\/04\/190-Pontica-8-1975-A.-RADULESCU-C.-SCORPAN-\u2013-Rezultate-preliminare-ale-sapaturilor-arheologice-din-Tomis-Parcul-catedralei-1971-1974.pdf\" data-type=\"link\" data-id=\"https:\/\/revistapontica.com\/wp-content\/uploads\/2026\/04\/190-Pontica-8-1975-A.-RADULESCU-C.-SCORPAN-\u2013-Rezultate-preliminare-ale-sapaturilor-arheologice-din-Tomis-Parcul-catedralei-1971-1974.pdf\">view the PDF version<\/a>&#8211;<\/p>\n\n\n\n<hr class=\"wp-block-separator has-alpha-channel-opacity\"\/>\n\n\n\n<details class=\"wp-block-details is-layout-flow wp-block-details-is-layout-flow\"><summary>S\u0103p\u0103turi de salvare de la Mangalia din 1972 \u2013 necropola callatian\u0103 din zona stadionului<\/summary>\n<p><\/p>\n<\/details>\n\n\n\n<p class=\"has-text-align-center\"><strong><strong><strong>C. PREDA, N. GEORGESCU<\/strong><\/strong><\/strong><br>&#8211;<a href=\"https:\/\/revistapontica.com\/wp-content\/uploads\/2026\/04\/191-Pontica-8-1975-C.-PREDA-N.-GEORGESCU-\u2013-Sapaturi-de-salvare-de-la-Mangalia-din-1972-\u2013-necropola-callatiana-din-zona-stadionului.pdf\" data-type=\"link\" data-id=\"https:\/\/revistapontica.com\/wp-content\/uploads\/2026\/04\/191-Pontica-8-1975-C.-PREDA-N.-GEORGESCU-\u2013-Sapaturi-de-salvare-de-la-Mangalia-din-1972-\u2013-necropola-callatiana-din-zona-stadionului.pdf\">view the PDF version<\/a>&#8211;<\/p>\n\n\n\n<hr class=\"wp-block-separator has-alpha-channel-opacity\"\/>\n\n\n\n<details class=\"wp-block-details is-layout-flow wp-block-details-is-layout-flow\"><summary>S\u0103p\u0103turile de la Capidava<\/summary>\n<p><\/p>\n<\/details>\n\n\n\n<p class=\"has-text-align-center\"><strong><strong><strong>R. FLORESCU, N. GEORGESCU<\/strong><\/strong><\/strong><br>&#8211;<a href=\"https:\/\/revistapontica.com\/wp-content\/uploads\/2026\/04\/192-Pontica-8-1975-R.-FLORESCU-N.-GEORGESCU-\u2013-Sapaturile-de-la-Capidava.pdf\" data-type=\"link\" data-id=\"https:\/\/revistapontica.com\/wp-content\/uploads\/2026\/04\/192-Pontica-8-1975-R.-FLORESCU-N.-GEORGESCU-\u2013-Sapaturile-de-la-Capidava.pdf\">view the PDF version<\/a>&#8211;<\/p>\n\n\n\n<hr class=\"wp-block-separator has-alpha-channel-opacity\"\/>\n\n\n\n<details class=\"wp-block-details is-layout-flow wp-block-details-is-layout-flow\"><summary>Observa\u021bii privind arheologia secolelor VII-V \u00ee.e.n. \u00een Dobrogea<\/summary>\n<p><\/p>\n<\/details>\n\n\n\n<p class=\"has-text-align-center\"><strong><strong><strong>M. IRIMIA<\/strong><\/strong><\/strong><br>&#8211;<a href=\"https:\/\/revistapontica.com\/wp-content\/uploads\/2026\/04\/193-Pontica-8-1975-M.-IRIMIA-\u2013-Observatii-privind-arheologia-secolelor-VII-V-i.e.n.-in-Dobrogea.pdf\" data-type=\"link\" data-id=\"https:\/\/revistapontica.com\/wp-content\/uploads\/2026\/04\/193-Pontica-8-1975-M.-IRIMIA-\u2013-Observatii-privind-arheologia-secolelor-VII-V-i.e.n.-in-Dobrogea.pdf\">view the PDF version<\/a>&#8211;<\/p>\n\n\n\n<hr class=\"wp-block-separator has-alpha-channel-opacity\"\/>\n\n\n\n<details class=\"wp-block-details is-layout-flow wp-block-details-is-layout-flow\"><summary>\u00cen leg\u0103tur\u0103 cu statutul juridic al ora\u0219ului Tomis \u00een epoca roman\u0103<\/summary>\n<p><\/p>\n<\/details>\n\n\n\n<p class=\"has-text-align-center\"><strong><strong>AL. SUCEVEANU<\/strong><\/strong><br>&#8211;<a href=\"https:\/\/revistapontica.com\/wp-content\/uploads\/2026\/04\/194-Pontica-8-1975-AL.-SUCEVEANU-\u2013-In-legatura-cu-statutul-juridic-al-orasului-Tomis-in-epoca-romana.pdf\" data-type=\"link\" data-id=\"https:\/\/revistapontica.com\/wp-content\/uploads\/2026\/04\/194-Pontica-8-1975-AL.-SUCEVEANU-\u2013-In-legatura-cu-statutul-juridic-al-orasului-Tomis-in-epoca-romana.pdf\">view the PDF version<\/a>&#8211;<\/p>\n\n\n\n<hr class=\"wp-block-separator has-alpha-channel-opacity\"\/>\n\n\n\n<details class=\"wp-block-details is-layout-flow wp-block-details-is-layout-flow\"><summary>Un tezaur monetar de la Filip Arabul \u00een Dobrogea<\/summary>\n<p><\/p>\n<\/details>\n\n\n\n<p class=\"has-text-align-center\"><strong><strong>B. MITREA, A. R\u0102DULESCU<\/strong><\/strong><br>&#8211;<a href=\"https:\/\/revistapontica.com\/wp-content\/uploads\/2026\/04\/195-Pontica-8-1975-B.-MITREA-A.-RADULESCU-\u2013-Un-tezaur-monetar-de-la-Filip-Arabul-in-Dobrogea.pdf\" data-type=\"link\" data-id=\"https:\/\/revistapontica.com\/wp-content\/uploads\/2026\/04\/195-Pontica-8-1975-B.-MITREA-A.-RADULESCU-\u2013-Un-tezaur-monetar-de-la-Filip-Arabul-in-Dobrogea.pdf\">view the PDF version<\/a>&#8211;<\/p>\n\n\n\n<hr class=\"wp-block-separator has-alpha-channel-opacity\"\/>\n\n\n\n<details class=\"wp-block-details is-layout-flow wp-block-details-is-layout-flow\"><summary>Descoperiri monetare \u00een satele Dobrogei romane (sec. I-III e.n.)<\/summary>\n<p><\/p>\n<\/details>\n\n\n\n<p class=\"has-text-align-center\"><strong><strong>M. MUNTEANU, R. OCHE\u0218EANU<\/strong><\/strong><br>&#8211;<a href=\"https:\/\/revistapontica.com\/wp-content\/uploads\/2026\/04\/196-Pontica-8-1975-M.-MUNTEANU-R.-OCHESEANU-\u2013-Descoperiri-monetare-in-satele-Dobrogei-romane-sec.-I-III-e.n.pdf\" data-type=\"link\" data-id=\"https:\/\/revistapontica.com\/wp-content\/uploads\/2026\/04\/196-Pontica-8-1975-M.-MUNTEANU-R.-OCHESEANU-\u2013-Descoperiri-monetare-in-satele-Dobrogei-romane-sec.-I-III-e.n.pdf\">view the PDF version<\/a>&#8211;<\/p>\n\n\n\n<hr class=\"wp-block-separator has-alpha-channel-opacity\"\/>\n\n\n\n<details class=\"wp-block-details is-layout-flow wp-block-details-is-layout-flow\"><summary>Plumburi comerciale din cetatea romano-bizantin\u0103 de la Izvoarele<\/summary>\n<p><\/p>\n<\/details>\n\n\n\n<p class=\"has-text-align-center\"><strong><strong>V. CULIC\u0102<\/strong><\/strong><br>&#8211;<a href=\"https:\/\/revistapontica.com\/wp-content\/uploads\/2026\/04\/197-Pontica-8-1975-V.-CULICA-\u2013-Plumburi-comerciale-din-cetatea-romano-bizantina-de-la-Izvoarele.pdf\" data-type=\"link\" data-id=\"https:\/\/revistapontica.com\/wp-content\/uploads\/2026\/04\/197-Pontica-8-1975-V.-CULICA-\u2013-Plumburi-comerciale-din-cetatea-romano-bizantina-de-la-Izvoarele.pdf\">view the PDF version<\/a>&#8211;<\/p>\n\n\n\n<hr class=\"wp-block-separator has-alpha-channel-opacity\"\/>\n\n\n\n<details class=\"wp-block-details is-layout-flow wp-block-details-is-layout-flow\"><summary>Cetatea romano-bizantin\u0103 de la Sacidava<\/summary>\n<p><\/p>\n<\/details>\n\n\n\n<p class=\"has-text-align-center\"><strong><strong>C. SCORPAN<\/strong><\/strong><br>&#8211;<a href=\"https:\/\/revistapontica.com\/wp-content\/uploads\/2026\/04\/198-Pontica-8-1975-C.-SCORPAN-\u2013-Cetatea-romano-bizantina-de-la-Sacidava.pdf\" data-type=\"link\" data-id=\"https:\/\/revistapontica.com\/wp-content\/uploads\/2026\/04\/198-Pontica-8-1975-C.-SCORPAN-\u2013-Cetatea-romano-bizantina-de-la-Sacidava.pdf\">view the PDF version<\/a>&#8211;<\/p>\n\n\n\n<hr class=\"wp-block-separator has-alpha-channel-opacity\"\/>\n\n\n\n<details class=\"wp-block-details is-layout-flow wp-block-details-is-layout-flow\"><summary>Drumul militar de la Noviodunum la Callatis \u00een lumina itinerariilor antice<\/summary>\n<p><\/p>\n<\/details>\n\n\n\n<p class=\"has-text-align-center\"><strong><strong>A. ARICESCU<\/strong><\/strong><br>&#8211;<a href=\"https:\/\/revistapontica.com\/wp-content\/uploads\/2026\/04\/199-Pontica-8-1975-A.-ARICESCU-\u2013-Drumul-militar-de-la-Noviodunum-la-Callatis-in-lumina-itinerariilor-antice.pdf\" data-type=\"link\" data-id=\"https:\/\/revistapontica.com\/wp-content\/uploads\/2026\/04\/199-Pontica-8-1975-A.-ARICESCU-\u2013-Drumul-militar-de-la-Noviodunum-la-Callatis-in-lumina-itinerariilor-antice.pdf\">view the PDF version<\/a>&#8211;<\/p>\n\n\n\n<hr class=\"wp-block-separator has-alpha-channel-opacity\"\/>\n\n\n\n<details class=\"wp-block-details is-layout-flow wp-block-details-is-layout-flow\"><summary>Contribu\u021bii la cunoa\u0219terea ceramicii de uz comun din Dobrogea<\/summary>\n<p><\/p>\n<\/details>\n\n\n\n<p class=\"has-text-align-center\"><strong><strong>A. R\u0102DULESCU<\/strong><\/strong><br>&#8211;<a href=\"https:\/\/revistapontica.com\/wp-content\/uploads\/2026\/04\/200-Pontica-8-1975-A.-RADULESCU-\u2013-Contributii-la-cunoasterea-ceramicii-de-uz-comun-din-Dobrogea.pdf\" data-type=\"link\" data-id=\"https:\/\/revistapontica.com\/wp-content\/uploads\/2026\/04\/200-Pontica-8-1975-A.-RADULESCU-\u2013-Contributii-la-cunoasterea-ceramicii-de-uz-comun-din-Dobrogea.pdf\">view the PDF version<\/a>&#8211;<\/p>\n\n\n\n<hr class=\"wp-block-separator has-alpha-channel-opacity\"\/>\n\n\n\n<details class=\"wp-block-details is-layout-flow wp-block-details-is-layout-flow\"><summary>Date noi cu privire la cronologia Capidavei romane t\u00e2rzii<\/summary>\n<p><\/p>\n<\/details>\n\n\n\n<p class=\"has-text-align-center\"><strong><strong>R. FLORESCU<\/strong><\/strong><br>&#8211;<a href=\"#\" data-type=\"link\" data-id=\"https:\/\/revistapontica.com\/wp-content\/uploads\/2026\/03\/1-2023.pdf\">deschide varian<\/a><a href=\"https:\/\/revistapontica.com\/wp-content\/uploads\/2026\/04\/201-Pontica-8-1975-R.-FLORESCU-\u2013-Date-noi-cu-privire-la-cronologia-Capidavei-romane-tarzii.pdf\" data-type=\"link\" data-id=\"https:\/\/revistapontica.com\/wp-content\/uploads\/2026\/04\/201-Pontica-8-1975-R.-FLORESCU-\u2013-Date-noi-cu-privire-la-cronologia-Capidavei-romane-tarzii.pdf\">t<\/a><a href=\"#\" data-type=\"link\" data-id=\"https:\/\/revistapontica.com\/wp-content\/uploads\/2026\/03\/1-2023.pdf\">a PDF<\/a>&#8211;<\/p>\n\n\n\n<hr class=\"wp-block-separator has-alpha-channel-opacity\"\/>\n\n\n\n<details class=\"wp-block-details is-layout-flow wp-block-details-is-layout-flow\"><summary>Un alt morm\u00e2nt din epoca elenistic\u0103 la Tomis<\/summary>\n<p><\/p>\n<\/details>\n\n\n\n<p class=\"has-text-align-center\"><strong><strong>M. BUCOVAL\u0102<\/strong><br><\/strong>&#8211;<a href=\"https:\/\/revistapontica.com\/wp-content\/uploads\/2026\/04\/202-Pontica-8-1975-M.-BUCOVALA-\u2013-Un-alt-mormant-din-epoca-elenistica-la-Tomis.pdf\" data-type=\"link\" data-id=\"https:\/\/revistapontica.com\/wp-content\/uploads\/2026\/04\/202-Pontica-8-1975-M.-BUCOVALA-\u2013-Un-alt-mormant-din-epoca-elenistica-la-Tomis.pdf\">view the PDF version<\/a>&#8211;<\/p>\n\n\n\n<hr class=\"wp-block-separator has-alpha-channel-opacity\"\/>\n\n\n\n<details class=\"wp-block-details is-layout-flow wp-block-details-is-layout-flow\"><summary>Inscrip\u021bii funerare inedite din Scythia Minor<\/summary>\n<p><\/p>\n<\/details>\n\n\n\n<p class=\"has-text-align-center\"><strong><strong>M. MUNTEANU<\/strong><\/strong><br>&#8211;<a href=\"https:\/\/revistapontica.com\/wp-content\/uploads\/2026\/04\/203-Pontica-8-1975-M.-MUNTEANU-\u2013-Inscriptii-funerare-inedite-din-Scythia-Minor.pdf\" data-type=\"link\" data-id=\"https:\/\/revistapontica.com\/wp-content\/uploads\/2026\/04\/203-Pontica-8-1975-M.-MUNTEANU-\u2013-Inscriptii-funerare-inedite-din-Scythia-Minor.pdf\">view the PDF version<\/a>&#8211;<\/p>\n\n\n\n<hr class=\"wp-block-separator has-alpha-channel-opacity\"\/>\n\n\n\n<details class=\"wp-block-details is-layout-flow wp-block-details-is-layout-flow\"><summary>Contribu\u021bii privind cultul lui Hercule \u00een Scythia Minor<\/summary>\n<p><\/p>\n<\/details>\n\n\n\n<p class=\"has-text-align-center\"><strong>Z. COVACEF<br><\/strong>&#8211;<a href=\"https:\/\/revistapontica.com\/wp-content\/uploads\/2026\/04\/204-Pontica-8-1975-Z.-COVACEF-\u2013-Contributii-privind-cultul-lui-Hercule-in-Scythia-Minor.pdf\" data-type=\"link\" data-id=\"https:\/\/revistapontica.com\/wp-content\/uploads\/2026\/04\/204-Pontica-8-1975-Z.-COVACEF-\u2013-Contributii-privind-cultul-lui-Hercule-in-Scythia-Minor.pdf\">view the PDF version<\/a>&#8211;<\/p>\n\n\n\n<hr class=\"wp-block-separator has-alpha-channel-opacity\"\/>\n\n\n\n<details class=\"wp-block-details is-layout-flow wp-block-details-is-layout-flow\"><summary>Monede grece\u0219ti, romane \u0219i bizantine descoperite \u00een Dobrogea (IV)<\/summary>\n<p><\/p>\n<\/details>\n\n\n\n<p class=\"has-text-align-center\"><strong><strong>R. OCHE\u0218EANU, GH. PAPUC<\/strong><\/strong><br>&#8211;<a href=\"https:\/\/revistapontica.com\/wp-content\/uploads\/2026\/04\/205-Pontica-8-1975-R.-OCHESEANU-GH.-PAPUC-\u2013-Monede-grecesti-romane-si-bizantine-descoperite-in-Dobrogea-IV.pdf\" data-type=\"link\" data-id=\"https:\/\/revistapontica.com\/wp-content\/uploads\/2026\/04\/205-Pontica-8-1975-R.-OCHESEANU-GH.-PAPUC-\u2013-Monede-grecesti-romane-si-bizantine-descoperite-in-Dobrogea-IV.pdf\">view the PDF version<\/a>&#8211;<\/p>\n\n\n\n<hr class=\"wp-block-separator has-alpha-channel-opacity\"\/>\n\n\n\n<p class=\"has-text-align-center\"><strong><strong>Sesiunea \u0219tiin\u021bific\u0103 a Muzeului de arheologie Constan\u021ba, 1974<\/strong><\/strong><br>&#8211;<a href=\"https:\/\/revistapontica.com\/wp-content\/uploads\/2026\/04\/206-Pontica-8-1975-Sesiunea-stiintifica-a-Muzeului-de-arheologie-Constanta-1974.pdf\" data-type=\"link\" data-id=\"https:\/\/revistapontica.com\/wp-content\/uploads\/2026\/04\/206-Pontica-8-1975-Sesiunea-stiintifica-a-Muzeului-de-arheologie-Constanta-1974.pdf\">view the PDF version<\/a>&#8211;<\/p>\n\n\n\n<hr class=\"wp-block-separator has-alpha-channel-opacity\"\/>\n\n\n\n<details class=\"wp-block-details is-layout-flow wp-block-details-is-layout-flow\"><summary>Al X-lea Congres interna\u021bional al Limesului Germania inferior, Xanten-Nijmegen 10-23 sept. 1974<\/summary>\n<p><\/p>\n<\/details>\n\n\n\n<p class=\"has-text-align-center\"><strong><strong>A. V. R\u0102DULESCU, A. ARICESCU<\/strong><\/strong><br>&#8211;<a href=\"https:\/\/revistapontica.com\/wp-content\/uploads\/2026\/04\/207-Pontica-8-1975-A.-V.-RADULESCU-A.-ARICESCU-\u2013-Al-X-lea-Congres-international-al-Limesului-Germania-inferior-Xanten-Nijmegen-10-23-sept.-1974.pdf\" data-type=\"link\" data-id=\"https:\/\/revistapontica.com\/wp-content\/uploads\/2026\/04\/207-Pontica-8-1975-A.-V.-RADULESCU-A.-ARICESCU-\u2013-Al-X-lea-Congres-international-al-Limesului-Germania-inferior-Xanten-Nijmegen-10-23-sept.-1974.pdf\">view the PDF version<\/a>&#8211;<\/p>\n\n\n\n<hr class=\"wp-block-separator has-alpha-channel-opacity\"\/>\n\n\n\n<details class=\"wp-block-details is-layout-flow wp-block-details-is-layout-flow\"><summary>Prof. I. B\u0102NESCU<\/summary>\n<p><\/p>\n<\/details>\n\n\n\n<p class=\"has-text-align-center\"><strong><strong>GH. C. FILIP<\/strong><\/strong><br>&#8211;<a href=\"https:\/\/revistapontica.com\/wp-content\/uploads\/2026\/04\/208-Pontica-8-1975-GH.-C.-FILIP-\u2013-Prof.-I.-BANESCU.pdf\" data-type=\"link\" data-id=\"https:\/\/revistapontica.com\/wp-content\/uploads\/2026\/04\/208-Pontica-8-1975-GH.-C.-FILIP-\u2013-Prof.-I.-BANESCU.pdf\">view the PDF version<\/a>&#8211;<\/p>\n\n\n\n<hr class=\"wp-block-separator has-alpha-channel-opacity\"\/>\n\n\n\n<details class=\"wp-block-details is-layout-flow wp-block-details-is-layout-flow\"><summary>Necrolog \u2013 ION NESTOR<\/summary>\n<p><\/p>\n<\/details>\n\n\n\n<p class=\"has-text-align-center\"><strong>A. R\u0102DULESCU<\/strong><br>&#8211;<a href=\"https:\/\/revistapontica.com\/wp-content\/uploads\/2026\/04\/209-Pontica-8-1975-A.-RADULESCU-\u2013-Necrolog-\u2013-ION-NESTOR.pdf\" data-type=\"link\" data-id=\"https:\/\/revistapontica.com\/wp-content\/uploads\/2026\/04\/209-Pontica-8-1975-A.-RADULESCU-\u2013-Necrolog-\u2013-ION-NESTOR.pdf\">view the PDF version<\/a>&#8211;<\/p>","protected":false},"excerpt":{"rendered":"<p>SUMAR&#8211;deschide varianta PDF&#8211; Lista abrevierilor&#8211;deschide varianta PDF&#8211; A. R\u0102DULESCU, C. SCORPAN&#8211;deschide varianta PDF&#8211; C. PREDA, N. GEORGESCU&#8211;deschide varianta PDF&#8211; R. FLORESCU, N. GEORGESCU&#8211;deschide varianta PDF&#8211; M. IRIMIA&#8211;deschide varianta PDF&#8211; AL. SUCEVEANU&#8211;deschide varianta PDF&#8211; B. MITREA, A. R\u0102DULESCU&#8211;deschide varianta PDF&#8211; M. MUNTEANU, R. OCHE\u0218EANU&#8211;deschide varianta PDF&#8211; V. CULIC\u0102&#8211;deschide varianta PDF&#8211; C. SCORPAN&#8211;deschide varianta PDF&#8211; A. ARICESCU&#8211;deschide [&hellip;]<\/p>\n","protected":false},"author":2,"featured_media":0,"comment_status":"closed","ping_status":"closed","sticky":false,"template":"","format":"standard","meta":{"footnotes":""},"categories":[18],"tags":[],"class_list":["post-1511","post","type-post","status-publish","format-standard","hentry","category-revista"],"_links":{"self":[{"href":"https:\/\/revistapontica.com\/en\/wp-json\/wp\/v2\/posts\/1511","targetHints":{"allow":["GET"]}}],"collection":[{"href":"https:\/\/revistapontica.com\/en\/wp-json\/wp\/v2\/posts"}],"about":[{"href":"https:\/\/revistapontica.com\/en\/wp-json\/wp\/v2\/types\/post"}],"author":[{"embeddable":true,"href":"https:\/\/revistapontica.com\/en\/wp-json\/wp\/v2\/users\/2"}],"replies":[{"embeddable":true,"href":"https:\/\/revistapontica.com\/en\/wp-json\/wp\/v2\/comments?post=1511"}],"version-history":[{"count":5,"href":"https:\/\/revistapontica.com\/en\/wp-json\/wp\/v2\/posts\/1511\/revisions"}],"predecessor-version":[{"id":2901,"href":"https:\/\/revistapontica.com\/en\/wp-json\/wp\/v2\/posts\/1511\/revisions\/2901"}],"wp:attachment":[{"href":"https:\/\/revistapontica.com\/en\/wp-json\/wp\/v2\/media?parent=1511"}],"wp:term":[{"taxonomy":"category","embeddable":true,"href":"https:\/\/revistapontica.com\/en\/wp-json\/wp\/v2\/categories?post=1511"},{"taxonomy":"post_tag","embeddable":true,"href":"https:\/\/revistapontica.com\/en\/wp-json\/wp\/v2\/tags?post=1511"}],"curies":[{"name":"wp","href":"https:\/\/api.w.org\/{rel}","templated":true}]}}