{"id":1515,"date":"2026-04-26T15:01:31","date_gmt":"2026-04-26T12:01:31","guid":{"rendered":"https:\/\/revistapontica.com\/?p=1515"},"modified":"2026-04-30T12:54:15","modified_gmt":"2026-04-30T09:54:15","slug":"pontica-nr-6-1973","status":"publish","type":"post","link":"https:\/\/revistapontica.com\/en\/pontica-nr-6-1973\/","title":{"rendered":"Pontica Nr. 6 (1973)"},"content":{"rendered":"<div class=\"wp-block-image\">\n<figure class=\"aligncenter size-large is-resized\"><img fetchpriority=\"high\" decoding=\"async\" width=\"708\" height=\"1024\" src=\"https:\/\/revistapontica.com\/wp-content\/uploads\/2026\/04\/pontica-6-708x1024.jpg\" alt=\"\" class=\"wp-image-1533\" style=\"width:548px;height:auto\" srcset=\"https:\/\/revistapontica.com\/wp-content\/uploads\/2026\/04\/pontica-6-708x1024.jpg 708w, https:\/\/revistapontica.com\/wp-content\/uploads\/2026\/04\/pontica-6-208x300.jpg 208w, https:\/\/revistapontica.com\/wp-content\/uploads\/2026\/04\/pontica-6-768x1110.jpg 768w, https:\/\/revistapontica.com\/wp-content\/uploads\/2026\/04\/pontica-6-8x12.jpg 8w, https:\/\/revistapontica.com\/wp-content\/uploads\/2026\/04\/pontica-6.jpg 830w\" sizes=\"(max-width: 708px) 100vw, 708px\" \/><\/figure>\n<\/div>\n\n\n<div style=\"height:50px\" aria-hidden=\"true\" class=\"wp-block-spacer\"><\/div>\n\n\n\n<div class=\"wp-block-buttons is-content-justification-center is-layout-flex wp-container-core-buttons-is-layout-16018d1d wp-block-buttons-is-layout-flex\">\n<div class=\"wp-block-button is-style-outline is-style-outline--1\"><a class=\"wp-block-button__link has-small-font-size has-custom-font-size wp-element-button\" href=\"https:\/\/revistapontica.com\/wp-content\/uploads\/2026\/04\/Pontica-6-1973.pdf\" style=\"border-top-left-radius:0px;border-top-right-radius:0px;border-bottom-left-radius:0px;border-bottom-right-radius:0px\"><strong>OPEN PONTICA NO. 6 \u2013 FULL VARIANT IN .PDF FORMAT<\/strong> (89 Mb)<\/a><\/div>\n<\/div>\n\n\n\n<div style=\"height:50px\" aria-hidden=\"true\" class=\"wp-block-spacer\"><\/div>\n\n\n\n<p class=\"has-text-align-center\"><strong>SUMMARY<\/strong><br>&#8211;<a href=\"https:\/\/revistapontica.com\/wp-content\/uploads\/2026\/04\/Pontica-6-1973-Sumar.pdf\" data-type=\"link\" data-id=\"https:\/\/revistapontica.com\/wp-content\/uploads\/2026\/04\/Pontica-6-1973-Sumar.pdf\">view the PDF version<\/a>&#8211;<\/p>\n\n\n\n<hr class=\"wp-block-separator has-alpha-channel-opacity\"\/>\n\n\n\n<p class=\"has-text-align-center\"><strong>Lista abrevierilor<\/strong><br>&#8211;<a href=\"https:\/\/revistapontica.com\/wp-content\/uploads\/2026\/04\/Pontica-6-1973-Lista-prescurtarilor.pdf\" data-type=\"link\" data-id=\"https:\/\/revistapontica.com\/wp-content\/uploads\/2026\/04\/Pontica-6-1973-Lista-prescurtarilor.pdf\">view the PDF version<\/a>&#8211;<\/p>\n\n\n\n<hr class=\"wp-block-separator has-alpha-channel-opacity\"\/>\n\n\n\n<details class=\"wp-block-details is-layout-flow wp-block-details-is-layout-flow\"><summary>Descoperiri noi privind popula\u0163ia autohton\u0103 a Dobrogei \u015fi leg\u0103turile ei cu coloniile grece\u015fti (sec. V-I \u00ee.e.n.)<\/summary>\n<p><\/p>\n<\/details>\n\n\n\n<p class=\"has-text-align-center\"><strong><strong><strong><strong>M. IRIMIA<\/strong><\/strong><\/strong><\/strong><br>&#8211;<a href=\"https:\/\/revistapontica.com\/wp-content\/uploads\/2026\/04\/135-Pontica-6-1973-M.-IRIMIA-\u2013-Descoperiri-noi-privind-populatia-autohtona-a-Dobrogei-si-legaturile-ei-cu-coloniile-grecesti-sec.-V-I-i.e.n.pdf\" data-type=\"link\" data-id=\"https:\/\/revistapontica.com\/wp-content\/uploads\/2026\/04\/135-Pontica-6-1973-M.-IRIMIA-\u2013-Descoperiri-noi-privind-populatia-autohtona-a-Dobrogei-si-legaturile-ei-cu-coloniile-grecesti-sec.-V-I-i.e.n.pdf\">view the PDF version<\/a>&#8211;<\/p>\n\n\n\n<hr class=\"wp-block-separator has-alpha-channel-opacity\"\/>\n\n\n\n<details class=\"wp-block-details is-layout-flow wp-block-details-is-layout-flow\"><summary>Les divinit\u00e9s du Panth\u00e9on gr\u00e9co-romain dans les villages de la Dobroudja romaine<\/summary>\n<p><\/p>\n<\/details>\n\n\n\n<p class=\"has-text-align-center\"><strong><strong><strong>M. MUNTEANU<\/strong><\/strong><\/strong><br>&#8211;<a href=\"https:\/\/revistapontica.com\/wp-content\/uploads\/2026\/04\/136-Pontica-6-1973-M.-MUNTEANU-\u2013-Les-divinites-du-Pantheon-greco-romain-dans-les-villages-de-la-Dobroudja-romaine.pdf\" data-type=\"link\" data-id=\"https:\/\/revistapontica.com\/wp-content\/uploads\/2026\/04\/136-Pontica-6-1973-M.-MUNTEANU-\u2013-Les-divinites-du-Pantheon-greco-romain-dans-les-villages-de-la-Dobroudja-romaine.pdf\">view the PDF version<\/a>&#8211;<\/p>\n\n\n\n<hr class=\"wp-block-separator has-alpha-channel-opacity\"\/>\n\n\n\n<details class=\"wp-block-details is-layout-flow wp-block-details-is-layout-flow\"><summary>Contribution \u00e0 l\u2019\u00e9tude du culte de Sol-Mithra en Scythie Mineure<\/summary>\n<p><\/p>\n<\/details>\n\n\n\n<p class=\"has-text-align-center\"><strong><strong><strong>Z. COVACEF, AL. BARNEA<\/strong><\/strong><\/strong><br>&#8211;<a href=\"https:\/\/revistapontica.com\/wp-content\/uploads\/2026\/04\/137-Pontica-6-1973-Z.-COVACEF-AL.-BARNEA-\u2013-Contribution-a-letude-du-culte-de-Sol-Mithra-en-Scythie-Mineure.pdf\" data-type=\"link\" data-id=\"https:\/\/revistapontica.com\/wp-content\/uploads\/2026\/04\/137-Pontica-6-1973-Z.-COVACEF-AL.-BARNEA-\u2013-Contribution-a-letude-du-culte-de-Sol-Mithra-en-Scythie-Mineure.pdf\">view the PDF version<\/a>&#8211;<\/p>\n\n\n\n<hr class=\"wp-block-separator has-alpha-channel-opacity\"\/>\n\n\n\n<details class=\"wp-block-details is-layout-flow wp-block-details-is-layout-flow\"><summary>Medalioane ceramice descoperite \u00eentr-un morm\u00eent de epoc\u0103 roman\u0103 la Tomis<\/summary>\n<p><\/p>\n<\/details>\n\n\n\n<p class=\"has-text-align-center\"><strong><strong><strong>M. BUCOVAL\u0102<\/strong><\/strong><\/strong><br>&#8211;<a href=\"https:\/\/revistapontica.com\/wp-content\/uploads\/2026\/04\/138-Pontica-6-1973-M.-BUCOVALA-\u2013-Medalioane-ceramice-descoperite-intr-un-mormint-de-epoca-romana-la-Tomis.pdf\" data-type=\"link\" data-id=\"https:\/\/revistapontica.com\/wp-content\/uploads\/2026\/04\/138-Pontica-6-1973-M.-BUCOVALA-\u2013-Medalioane-ceramice-descoperite-intr-un-mormint-de-epoca-romana-la-Tomis.pdf\">view the PDF version<\/a>&#8211;<\/p>\n\n\n\n<hr class=\"wp-block-separator has-alpha-channel-opacity\"\/>\n\n\n\n<details class=\"wp-block-details is-layout-flow wp-block-details-is-layout-flow\"><summary>Not\u0103 despre inscrip\u0163ia lui Helius descoperit\u0103 la Topologu<\/summary>\n<p><\/p>\n<\/details>\n\n\n\n<p class=\"has-text-align-center\"><strong><strong>A. ARICESCU<\/strong><\/strong><br>&#8211;<a href=\"https:\/\/revistapontica.com\/wp-content\/uploads\/2026\/04\/139-Pontica-6-1973-A.-ARICESCU-\u2013-Nota-despre-inscriptia-lui-Helius-descoperita-la-Topologu.pdf\" data-type=\"link\" data-id=\"https:\/\/revistapontica.com\/wp-content\/uploads\/2026\/04\/139-Pontica-6-1973-A.-ARICESCU-\u2013-Nota-despre-inscriptia-lui-Helius-descoperita-la-Topologu.pdf\">view the PDF version<\/a>&#8211;<\/p>\n\n\n\n<hr class=\"wp-block-separator has-alpha-channel-opacity\"\/>\n\n\n\n<details class=\"wp-block-details is-layout-flow wp-block-details-is-layout-flow\"><summary>Le caract\u00e8re chtonien du culte de Dionysos. St\u00e8le fun\u00e9raire dionysiaque<\/summary>\n<p><\/p>\n<\/details>\n\n\n\n<p class=\"has-text-align-center\"><strong><strong>Z. COVACEF<\/strong><\/strong><br>&#8211;<a href=\"https:\/\/revistapontica.com\/wp-content\/uploads\/2026\/04\/140-Pontica-6-1973-Z.-COVACEF-\u2013-Le-caractere-chtonien-du-culte-de-Dionysos.-Stele-funeraire-dionysiaque.pdf\" data-type=\"link\" data-id=\"https:\/\/revistapontica.com\/wp-content\/uploads\/2026\/04\/140-Pontica-6-1973-Z.-COVACEF-\u2013-Le-caractere-chtonien-du-culte-de-Dionysos.-Stele-funeraire-dionysiaque.pdf\">view the PDF version<\/a>&#8211;<\/p>\n\n\n\n<hr class=\"wp-block-separator has-alpha-channel-opacity\"\/>\n\n\n\n<details class=\"wp-block-details is-layout-flow wp-block-details-is-layout-flow\"><summary>Nouvelles donn\u00e9es sur l\u2019\u00e9dification de la cit\u00e9 de Tropaeum Trajani<\/summary>\n<p><\/p>\n<\/details>\n\n\n\n<p class=\"has-text-align-center\"><strong><strong>GH. PAPUC<\/strong><\/strong><br>&#8211;<a href=\"https:\/\/revistapontica.com\/wp-content\/uploads\/2026\/04\/141-Pontica-6-1973-GH.-PAPUC-\u2013-Nouvelles-donnees-sur-ledification-de-la-cite-de-Tropaeum-Trajani.pdf\" data-type=\"link\" data-id=\"https:\/\/revistapontica.com\/wp-content\/uploads\/2026\/04\/141-Pontica-6-1973-GH.-PAPUC-\u2013-Nouvelles-donnees-sur-ledification-de-la-cite-de-Tropaeum-Trajani.pdf\">view the PDF version<\/a>&#8211;<\/p>\n\n\n\n<hr class=\"wp-block-separator has-alpha-channel-opacity\"\/>\n\n\n\n<details class=\"wp-block-details is-layout-flow wp-block-details-is-layout-flow\"><summary>Ateliere ceramice militare de-a lungul Dun\u0103rii de Jos<\/summary>\n<p><\/p>\n<\/details>\n\n\n\n<p class=\"has-text-align-center\"><strong><strong>A. V. R\u0102DULESCU<\/strong><\/strong><br>&#8211;<a href=\"https:\/\/revistapontica.com\/wp-content\/uploads\/2026\/04\/142-Pontica-6-1973-A.-V.-RADULESCU-\u2013-Ateliere-ceramice-militare-de-a-lungul-Dunarii-de-Jos.pdf\" data-type=\"link\" data-id=\"https:\/\/revistapontica.com\/wp-content\/uploads\/2026\/04\/142-Pontica-6-1973-A.-V.-RADULESCU-\u2013-Ateliere-ceramice-militare-de-a-lungul-Dunarii-de-Jos.pdf\">view the PDF version<\/a>&#8211;<\/p>\n\n\n\n<hr class=\"wp-block-separator has-alpha-channel-opacity\"\/>\n\n\n\n<details class=\"wp-block-details is-layout-flow wp-block-details-is-layout-flow\"><summary>La continuit\u00e9 de la population et des traditions g\u00e8tes dans les conditions de la romanisation de la Scythie Mineure<\/summary>\n<p><\/p>\n<\/details>\n\n\n\n<p class=\"has-text-align-center\"><strong><strong>C. SCORPAN<\/strong><\/strong><br>&#8211;<a href=\"https:\/\/revistapontica.com\/wp-content\/uploads\/2026\/04\/143-Pontica-6-1973-C.-SCORPAN-\u2013-La-continuite-de-la-population-et-des-traditions-getes-dans-les-conditions-de-la-romanisation-de-la-Scythie-Mineure.pdf\" data-type=\"link\" data-id=\"https:\/\/revistapontica.com\/wp-content\/uploads\/2026\/04\/143-Pontica-6-1973-C.-SCORPAN-\u2013-La-continuite-de-la-population-et-des-traditions-getes-dans-les-conditions-de-la-romanisation-de-la-Scythie-Mineure.pdf\">view the PDF version<\/a>&#8211;<\/p>\n\n\n\n<hr class=\"wp-block-separator has-alpha-channel-opacity\"\/>\n\n\n\n<details class=\"wp-block-details is-layout-flow wp-block-details-is-layout-flow\"><summary>Ceramica roman\u0103 t\u00eerzie cu decor \u015ftampilat descoperit\u0103 la Edificiul roman cu mozaic din Tomis<\/summary>\n<p><\/p>\n<\/details>\n\n\n\n<p class=\"has-text-align-center\"><strong><strong>GH. PAPUC<\/strong><\/strong><br>&#8211;<a href=\"https:\/\/revistapontica.com\/wp-content\/uploads\/2026\/04\/144-Pontica-6-1973-GH.-PAPUC-\u2013-Ceramica-romana-tirzie-cu-decor-stampilat-descoperita-la-Edificiul-roman-cu-mozaic-din-Tomis.pdf\" data-type=\"link\" data-id=\"https:\/\/revistapontica.com\/wp-content\/uploads\/2026\/04\/144-Pontica-6-1973-GH.-PAPUC-\u2013-Ceramica-romana-tirzie-cu-decor-stampilat-descoperita-la-Edificiul-roman-cu-mozaic-din-Tomis.pdf\">view the PDF version<\/a>&#8211;<\/p>\n\n\n\n<hr class=\"wp-block-separator has-alpha-channel-opacity\"\/>\n\n\n\n<details class=\"wp-block-details is-layout-flow wp-block-details-is-layout-flow\"><summary>Amfore cu inscrip\u0163ii de la Edificiul roman cu mozaic din Tomis<\/summary>\n<p><\/p>\n<\/details>\n\n\n\n<p class=\"has-text-align-center\"><strong><strong>A. V. R\u0102DULESCU<\/strong><\/strong><br>&#8211;<a href=\"https:\/\/revistapontica.com\/wp-content\/uploads\/2026\/04\/145-Pontica-6-1973-A.-V.-RADULESCU-\u2013-Amfore-cu-inscriptii-de-la-Edificiul-roman-cu-mozaic-din-Tomis.pdf\" data-type=\"link\" data-id=\"https:\/\/revistapontica.com\/wp-content\/uploads\/2026\/04\/145-Pontica-6-1973-A.-V.-RADULESCU-\u2013-Amfore-cu-inscriptii-de-la-Edificiul-roman-cu-mozaic-din-Tomis.pdf\">view the PDF version<\/a>&#8211;<\/p>\n\n\n\n<hr class=\"wp-block-separator has-alpha-channel-opacity\"\/>\n\n\n\n<details class=\"wp-block-details is-layout-flow wp-block-details-is-layout-flow\"><summary>Tipi sconosciuti di lumini a olio romani e il problema di certe transmissioni nel primo feudallesimo<\/summary>\n<p><\/p>\n<\/details>\n\n\n\n<p class=\"has-text-align-center\"><strong><strong>C. SCORPAN<\/strong><\/strong><br>&#8211;<a href=\"https:\/\/revistapontica.com\/wp-content\/uploads\/2026\/04\/146-Pontica-6-1973-C.-SCORPAN-\u2013-Tipi-sconosciuti-di-lumini-a-olio-romani-e-il-problema-di-certe-transmissioni-nel-primo-feudallesimo.pdf\" data-type=\"link\" data-id=\"https:\/\/revistapontica.com\/wp-content\/uploads\/2026\/04\/146-Pontica-6-1973-C.-SCORPAN-\u2013-Tipi-sconosciuti-di-lumini-a-olio-romani-e-il-problema-di-certe-transmissioni-nel-primo-feudallesimo.pdf\">view the PDF version<\/a>&#8211;<\/p>\n\n\n\n<hr class=\"wp-block-separator has-alpha-channel-opacity\"\/>\n\n\n\n<details class=\"wp-block-details is-layout-flow wp-block-details-is-layout-flow\"><summary>De la \u201etorna, torna, fratre\u201d, la PETRE, numele unui rom\u00e2n dobrogean din secolul al X-lea<\/summary>\n<p><\/p>\n<\/details>\n\n\n\n<p class=\"has-text-align-center\"><strong><strong>VL. ROBU<\/strong><br><\/strong>&#8211;<a href=\"https:\/\/revistapontica.com\/wp-content\/uploads\/2026\/04\/147-Pontica-6-1973-VL.-ROBU-\u2013-De-la-\u201etorna-torna-fratre-la-PETRE-numele-unui-roman-dobrogean-din-secolul-al-X-lea.pdf\" data-type=\"link\" data-id=\"https:\/\/revistapontica.com\/wp-content\/uploads\/2026\/04\/147-Pontica-6-1973-VL.-ROBU-\u2013-De-la-\u201etorna-torna-fratre-la-PETRE-numele-unui-roman-dobrogean-din-secolul-al-X-lea.pdf\">view the PDF version<\/a>&#8211;<\/p>\n\n\n\n<hr class=\"wp-block-separator has-alpha-channel-opacity\"\/>\n\n\n\n<details class=\"wp-block-details is-layout-flow wp-block-details-is-layout-flow\"><summary>Un sarcofago di et\u00e0 romana scoperto nella necropoli tumulare di Callatis<\/summary>\n<p><\/p>\n<\/details>\n\n\n\n<p class=\"has-text-align-center\"><strong><strong>A. V. R\u0102DULESCU, EL. COMAN, C. STAVRU<\/strong><\/strong><br>&#8211;<a href=\"https:\/\/revistapontica.com\/wp-content\/uploads\/2026\/04\/148-Pontica-6-1973-A.-V.-RADULESCU-EL.-COMAN-C.-STAVRU-\u2013-Un-sarcofago-di-eta-romana-scoperto-nella-necropoli-tumulare-di-Callatis.pdf\" data-type=\"link\" data-id=\"https:\/\/revistapontica.com\/wp-content\/uploads\/2026\/04\/148-Pontica-6-1973-A.-V.-RADULESCU-EL.-COMAN-C.-STAVRU-\u2013-Un-sarcofago-di-eta-romana-scoperto-nella-necropoli-tumulare-di-Callatis.pdf\">view the PDF version<\/a>&#8211;<\/p>\n\n\n\n<hr class=\"wp-block-separator has-alpha-channel-opacity\"\/>\n\n\n\n<details class=\"wp-block-details is-layout-flow wp-block-details-is-layout-flow\"><summary>S\u0103p\u0103turile arheologice de la Sacidava.(1969 \u2013 1972)<\/summary>\n<p><\/p>\n<\/details>\n\n\n\n<p class=\"has-text-align-center\"><strong>C. SCORPAN<br><\/strong>&#8211;<a href=\"https:\/\/revistapontica.com\/wp-content\/uploads\/2026\/04\/149-Pontica-6-1973-C.-SCORPAN-\u2013-Sapaturile-arheologice-de-la-Sacidava.1969-\u2013-1972.pdf\" data-type=\"link\" data-id=\"https:\/\/revistapontica.com\/wp-content\/uploads\/2026\/04\/149-Pontica-6-1973-C.-SCORPAN-\u2013-Sapaturile-arheologice-de-la-Sacidava.1969-\u2013-1972.pdf\">view the PDF version<\/a>&#8211;<\/p>\n\n\n\n<hr class=\"wp-block-separator has-alpha-channel-opacity\"\/>\n\n\n\n<details class=\"wp-block-details is-layout-flow wp-block-details-is-layout-flow\"><summary>Recente cercet\u0103ri arheologice la Tomis (1971, 1972)<\/summary>\n<p><\/p>\n<\/details>\n\n\n\n<p class=\"has-text-align-center\"><strong><strong>A. V. R\u0102DULESCU \u015fi colaboratorii<\/strong><\/strong><br>&#8211;<a href=\"https:\/\/revistapontica.com\/wp-content\/uploads\/2026\/04\/150-Pontica-6-1973-A.-V.-RADULESCU-si-colaboratorii-\u2013-Recente-cercetari-arheologice-la-Tomis-1971-1972.pdf\" data-type=\"link\" data-id=\"https:\/\/revistapontica.com\/wp-content\/uploads\/2026\/04\/150-Pontica-6-1973-A.-V.-RADULESCU-si-colaboratorii-\u2013-Recente-cercetari-arheologice-la-Tomis-1971-1972.pdf\">view the PDF version<\/a>&#8211;<\/p>\n\n\n\n<hr class=\"wp-block-separator has-alpha-channel-opacity\"\/>\n\n\n\n<details class=\"wp-block-details is-layout-flow wp-block-details-is-layout-flow\"><summary>Monede grece\u015fti, romane \u015fi bizantine descoperite \u00een Dobrogea (II)<\/summary>\n<p><\/p>\n<\/details>\n\n\n\n<p class=\"has-text-align-center\"><strong><strong>R. OCHE\u0218EANU, GH. PAPUC<\/strong><\/strong><br>&#8211;<a href=\"https:\/\/revistapontica.com\/wp-content\/uploads\/2026\/04\/151-Pontica-6-1973-R.-OCHESEANU-GH.-PAPUC-\u2013-Monede-grecesti-romane-si-bizantine-descoperite-in-Dobrogea-II.pdf\" data-type=\"link\" data-id=\"https:\/\/revistapontica.com\/wp-content\/uploads\/2026\/04\/151-Pontica-6-1973-R.-OCHESEANU-GH.-PAPUC-\u2013-Monede-grecesti-romane-si-bizantine-descoperite-in-Dobrogea-II.pdf\">view the PDF version<\/a>&#8211;<\/p>\n\n\n\n<hr class=\"wp-block-separator has-alpha-channel-opacity\"\/>\n\n\n\n<details class=\"wp-block-details is-layout-flow wp-block-details-is-layout-flow\"><summary>Al IX-lea Congres interna\u0163ional de studii cu privire la frontierele Imperiului roman<\/summary>\n<p><\/p>\n<\/details>\n\n\n\n<p class=\"has-text-align-center\"><strong><strong>R. FLORESCU<\/strong><\/strong><br>&#8211;<a href=\"https:\/\/revistapontica.com\/wp-content\/uploads\/2026\/04\/152-Pontica-6-1973-R.-FLORESCU-\u2013-Al-IX-lea-Congres-international-de-studii-cu-privire-la-frontierele-Imperiului-roman.pdf\" data-type=\"link\" data-id=\"https:\/\/revistapontica.com\/wp-content\/uploads\/2026\/04\/152-Pontica-6-1973-R.-FLORESCU-\u2013-Al-IX-lea-Congres-international-de-studii-cu-privire-la-frontierele-Imperiului-roman.pdf\">view the PDF version<\/a>&#8211;<\/p>\n\n\n\n<hr class=\"wp-block-separator has-alpha-channel-opacity\"\/>\n\n\n\n<details class=\"wp-block-details is-layout-flow wp-block-details-is-layout-flow\"><summary>Bibliografia arheologic\u0103 a Dobrogei (1968 \u2013 1971)<\/summary>\n<p><\/p>\n<\/details>\n\n\n\n<p class=\"has-text-align-center\"><strong>Z. COVACEF<\/strong><br>&#8211;<a href=\"https:\/\/revistapontica.com\/wp-content\/uploads\/2026\/04\/153-Pontica-6-1973-Z.-COVACEF-\u2013-Bibliografia-arheologica-a-Dobrogei-1968-\u2013-1971.pdf\" data-type=\"link\" data-id=\"https:\/\/revistapontica.com\/wp-content\/uploads\/2026\/04\/153-Pontica-6-1973-Z.-COVACEF-\u2013-Bibliografia-arheologica-a-Dobrogei-1968-\u2013-1971.pdf\">view the PDF version<\/a>&#8211;<\/p>\n\n\n\n<hr class=\"wp-block-separator has-alpha-channel-opacity\"\/>\n\n\n\n<p class=\"has-text-align-center\"><strong><strong>Sesiunea \u015ftiin\u0163ific\u0103 a Muzeului de arheologie Constan\u0163a (16-18 octombrie 1970)<\/strong><\/strong><br>&#8211;<a href=\"https:\/\/revistapontica.com\/wp-content\/uploads\/2026\/04\/154-Pontica-6-1973-Sesiunea-stiintifica-a-Muzeului-de-arheologie-Constanta-16-18-octombrie-1970.pdf\" data-type=\"link\" data-id=\"https:\/\/revistapontica.com\/wp-content\/uploads\/2026\/04\/154-Pontica-6-1973-Sesiunea-stiintifica-a-Muzeului-de-arheologie-Constanta-16-18-octombrie-1970.pdf\">view the PDF version<\/a>&#8211;<\/p>\n\n\n\n<hr class=\"wp-block-separator has-alpha-channel-opacity\"\/>\n\n\n\n<p class=\"has-text-align-center\"><strong><strong>Sesiunea \u015ftiin\u0163ific\u0103 a Muzeului de arheologie Constan\u0163a (18-21 octombrie 1971)<\/strong><\/strong><br>&#8211;<a href=\"https:\/\/revistapontica.com\/wp-content\/uploads\/2026\/04\/155-Pontica-6-1973-Sesiunea-stiintifica-a-Muzeului-de-arheologie-Constanta-18-21-octombrie-1971.pdf\" data-type=\"link\" data-id=\"https:\/\/revistapontica.com\/wp-content\/uploads\/2026\/04\/155-Pontica-6-1973-Sesiunea-stiintifica-a-Muzeului-de-arheologie-Constanta-18-21-octombrie-1971.pdf\">view the PDF version<\/a>&#8211;<\/p>","protected":false},"excerpt":{"rendered":"<p>SUMAR&#8211;deschide varianta PDF&#8211; Lista abrevierilor&#8211;deschide varianta PDF&#8211; M. IRIMIA&#8211;deschide varianta PDF&#8211; M. MUNTEANU&#8211;deschide varianta PDF&#8211; Z. COVACEF, AL. BARNEA&#8211;deschide varianta PDF&#8211; M. BUCOVAL\u0102&#8211;deschide varianta PDF&#8211; A. ARICESCU&#8211;deschide varianta PDF&#8211; Z. COVACEF&#8211;deschide varianta PDF&#8211; GH. PAPUC&#8211;deschide varianta PDF&#8211; A. V. R\u0102DULESCU&#8211;deschide varianta PDF&#8211; C. SCORPAN&#8211;deschide varianta PDF&#8211; GH. PAPUC&#8211;deschide varianta PDF&#8211; A. V. R\u0102DULESCU&#8211;deschide varianta PDF&#8211; [&hellip;]<\/p>\n","protected":false},"author":2,"featured_media":0,"comment_status":"closed","ping_status":"closed","sticky":false,"template":"","format":"standard","meta":{"footnotes":""},"categories":[18],"tags":[],"class_list":["post-1515","post","type-post","status-publish","format-standard","hentry","category-revista"],"_links":{"self":[{"href":"https:\/\/revistapontica.com\/en\/wp-json\/wp\/v2\/posts\/1515","targetHints":{"allow":["GET"]}}],"collection":[{"href":"https:\/\/revistapontica.com\/en\/wp-json\/wp\/v2\/posts"}],"about":[{"href":"https:\/\/revistapontica.com\/en\/wp-json\/wp\/v2\/types\/post"}],"author":[{"embeddable":true,"href":"https:\/\/revistapontica.com\/en\/wp-json\/wp\/v2\/users\/2"}],"replies":[{"embeddable":true,"href":"https:\/\/revistapontica.com\/en\/wp-json\/wp\/v2\/comments?post=1515"}],"version-history":[{"count":5,"href":"https:\/\/revistapontica.com\/en\/wp-json\/wp\/v2\/posts\/1515\/revisions"}],"predecessor-version":[{"id":2963,"href":"https:\/\/revistapontica.com\/en\/wp-json\/wp\/v2\/posts\/1515\/revisions\/2963"}],"wp:attachment":[{"href":"https:\/\/revistapontica.com\/en\/wp-json\/wp\/v2\/media?parent=1515"}],"wp:term":[{"taxonomy":"category","embeddable":true,"href":"https:\/\/revistapontica.com\/en\/wp-json\/wp\/v2\/categories?post=1515"},{"taxonomy":"post_tag","embeddable":true,"href":"https:\/\/revistapontica.com\/en\/wp-json\/wp\/v2\/tags?post=1515"}],"curies":[{"name":"wp","href":"https:\/\/api.w.org\/{rel}","templated":true}]}}