{"id":1517,"date":"2026-04-26T15:00:42","date_gmt":"2026-04-26T12:00:42","guid":{"rendered":"https:\/\/revistapontica.com\/?p=1517"},"modified":"2026-04-30T13:07:56","modified_gmt":"2026-04-30T10:07:56","slug":"pontica-nr-5-1972","status":"publish","type":"post","link":"https:\/\/revistapontica.com\/en\/pontica-nr-5-1972\/","title":{"rendered":"Pontica Nr. 5 (1972)"},"content":{"rendered":"<div class=\"wp-block-image\">\n<figure class=\"aligncenter size-large is-resized\"><img fetchpriority=\"high\" decoding=\"async\" width=\"708\" height=\"1024\" src=\"https:\/\/revistapontica.com\/wp-content\/uploads\/2026\/04\/pontica-5-708x1024.jpg\" alt=\"\" class=\"wp-image-1532\" style=\"width:548px;height:auto\" srcset=\"https:\/\/revistapontica.com\/wp-content\/uploads\/2026\/04\/pontica-5-708x1024.jpg 708w, https:\/\/revistapontica.com\/wp-content\/uploads\/2026\/04\/pontica-5-208x300.jpg 208w, https:\/\/revistapontica.com\/wp-content\/uploads\/2026\/04\/pontica-5-768x1110.jpg 768w, https:\/\/revistapontica.com\/wp-content\/uploads\/2026\/04\/pontica-5-8x12.jpg 8w, https:\/\/revistapontica.com\/wp-content\/uploads\/2026\/04\/pontica-5.jpg 830w\" sizes=\"(max-width: 708px) 100vw, 708px\" \/><\/figure>\n<\/div>\n\n\n<div style=\"height:50px\" aria-hidden=\"true\" class=\"wp-block-spacer\"><\/div>\n\n\n\n<div class=\"wp-block-buttons is-content-justification-center is-layout-flex wp-container-core-buttons-is-layout-16018d1d wp-block-buttons-is-layout-flex\">\n<div class=\"wp-block-button is-style-outline is-style-outline--1\"><a class=\"wp-block-button__link has-small-font-size has-custom-font-size wp-element-button\" href=\"https:\/\/revistapontica.com\/wp-content\/uploads\/2026\/04\/1-pontica-5-1972.pdf\" style=\"border-top-left-radius:0px;border-top-right-radius:0px;border-bottom-left-radius:0px;border-bottom-right-radius:0px\"><strong>OPEN PONTICA NO. 5 \u2013 FULL VARIANT IN .PDF FORMAT<\/strong> (122 Mb)<\/a><\/div>\n<\/div>\n\n\n\n<div style=\"height:50px\" aria-hidden=\"true\" class=\"wp-block-spacer\"><\/div>\n\n\n\n<p class=\"has-text-align-center\"><strong>SUMMARY<\/strong><br>&#8211;<a href=\"https:\/\/revistapontica.com\/wp-content\/uploads\/2026\/04\/2-Pontica-5-1972-Sumar.pdf\" data-type=\"link\" data-id=\"https:\/\/revistapontica.com\/wp-content\/uploads\/2026\/04\/2-Pontica-5-1972-Sumar.pdf\">view the PDF version<\/a>&#8211;<\/p>\n\n\n\n<hr class=\"wp-block-separator has-alpha-channel-opacity\"\/>\n\n\n\n<p class=\"has-text-align-center\"><strong>Lista abrevierilor<\/strong><br>&#8211;<a href=\"https:\/\/revistapontica.com\/wp-content\/uploads\/2026\/04\/39-Pontica-5-1972-Lista-prescurtarilor.pdf\" data-type=\"link\" data-id=\"https:\/\/revistapontica.com\/wp-content\/uploads\/2026\/04\/39-Pontica-5-1972-Lista-prescurtarilor.pdf\">view the PDF version<\/a>&#8211;<\/p>\n\n\n\n<hr class=\"wp-block-separator has-alpha-channel-opacity\"\/>\n\n\n\n<details class=\"wp-block-details is-layout-flow wp-block-details-is-layout-flow\"><summary>Unele considera\u0163ii asupra paleoliticului mijlociu \u00een Dobrogea<\/summary>\n<p><\/p>\n<\/details>\n\n\n\n<p class=\"has-text-align-center\"><strong><strong><strong><strong>M. C\u00ceRCIUMARU, FL. MOGO\u0218ANU, AL. P\u0102UNESCU<\/strong><\/strong><\/strong><\/strong><br>&#8211;<a href=\"https:\/\/revistapontica.com\/wp-content\/uploads\/2026\/04\/3-Pontica-5-1972-M.-CIRCIUMARU-FL.-MOGOSANU-AL.-PAUNESCU-\u2013-Unele-consideratii-asupra-paleoliticului-mijlociu-in-Dobrogea.pdf\" data-type=\"link\" data-id=\"https:\/\/revistapontica.com\/wp-content\/uploads\/2026\/04\/3-Pontica-5-1972-M.-CIRCIUMARU-FL.-MOGOSANU-AL.-PAUNESCU-\u2013-Unele-consideratii-asupra-paleoliticului-mijlociu-in-Dobrogea.pdf\">view the PDF version<\/a>&#8211;<\/p>\n\n\n\n<hr class=\"wp-block-separator has-alpha-channel-opacity\"\/>\n\n\n\n<details class=\"wp-block-details is-layout-flow wp-block-details-is-layout-flow\"><summary>Asupra unor aspecte ale raporturilor dintre culturile Precucuteni \u0219i Hamangia<\/summary>\n<p><\/p>\n<\/details>\n\n\n\n<p class=\"has-text-align-center\"><strong><strong><strong>SILVIA MARINESCU B\u00ceLCU<\/strong><\/strong><\/strong><br>&#8211;<a href=\"https:\/\/revistapontica.com\/wp-content\/uploads\/2026\/04\/4-Pontica-5-1972-SILVIA-MARINESCU-BILCU-\u2013-Asupra-unor-aspecte-ale-raporturilor-dintre-culturile-Precucuteni-si-Hamangia.pdf\" data-type=\"link\" data-id=\"https:\/\/revistapontica.com\/wp-content\/uploads\/2026\/04\/4-Pontica-5-1972-SILVIA-MARINESCU-BILCU-\u2013-Asupra-unor-aspecte-ale-raporturilor-dintre-culturile-Precucuteni-si-Hamangia.pdf\">view the PDF version<\/a>&#8211;<\/p>\n\n\n\n<hr class=\"wp-block-separator has-alpha-channel-opacity\"\/>\n\n\n\n<details class=\"wp-block-details is-layout-flow wp-block-details-is-layout-flow\"><summary>Date cu privire la r\u0103sp\u00eendirea comunit\u0103\u0163ilor fazei de tranzi\u021bie de la cultura Boian la cultura Gumelni\u021ba pe teritoriul Dobrogei<\/summary>\n<p><\/p>\n<\/details>\n\n\n\n<p class=\"has-text-align-center\"><strong><strong><strong>E. COM\u015eA<\/strong><\/strong><\/strong><br>&#8211;<a href=\"https:\/\/revistapontica.com\/wp-content\/uploads\/2026\/04\/5-Pontica-5-1972-E.-COMSA-\u2013-Date-cu-privire-la-raspindirea-comunitatilor-fazei-de-tranzitie-de-la-cultura-Boian-la-cultura-Gumelnita-pe-teritoriul-Dobrogei.pdf\" data-type=\"link\" data-id=\"https:\/\/revistapontica.com\/wp-content\/uploads\/2026\/04\/5-Pontica-5-1972-E.-COMSA-\u2013-Date-cu-privire-la-raspindirea-comunitatilor-fazei-de-tranzitie-de-la-cultura-Boian-la-cultura-Gumelnita-pe-teritoriul-Dobrogei.pdf\">view the PDF version<\/a>&#8211;<\/p>\n\n\n\n<hr class=\"wp-block-separator has-alpha-channel-opacity\"\/>\n\n\n\n<details class=\"wp-block-details is-layout-flow wp-block-details-is-layout-flow\"><summary>Din nou despre sceptrele de piatr\u0103 \u00een form\u0103 de cap de cal<\/summary>\n<p><\/p>\n<\/details>\n\n\n\n<p class=\"has-text-align-center\"><strong><strong><strong>VL. DUMITRESCU<\/strong><\/strong><\/strong><br>&#8211;<a href=\"https:\/\/revistapontica.com\/wp-content\/uploads\/2026\/04\/6-Pontica-5-1972-VL.-DUMITRESCU-\u2013-Din-nou-despre-sceptrele-de-piatra-in-forma-de-cap-de-cal.pdf\" data-type=\"link\" data-id=\"https:\/\/revistapontica.com\/wp-content\/uploads\/2026\/04\/6-Pontica-5-1972-VL.-DUMITRESCU-\u2013-Din-nou-despre-sceptrele-de-piatra-in-forma-de-cap-de-cal.pdf\">view the PDF version<\/a>&#8211;<\/p>\n\n\n\n<hr class=\"wp-block-separator has-alpha-channel-opacity\"\/>\n\n\n\n<details class=\"wp-block-details is-layout-flow wp-block-details-is-layout-flow\"><summary>Probleme ale epocii bronzului \u00een Dobrogea<\/summary>\n<p><\/p>\n<\/details>\n\n\n\n<p class=\"has-text-align-center\"><strong><strong>S. MORINTZ<\/strong><\/strong><br>&#8211;<a href=\"https:\/\/revistapontica.com\/wp-content\/uploads\/2026\/04\/7-Pontica-5-1972-S.-MORINTZ-\u2013-Probleme-ale-epocii-bronzului-in-Dobrogea.pdf\" data-type=\"link\" data-id=\"https:\/\/revistapontica.com\/wp-content\/uploads\/2026\/04\/7-Pontica-5-1972-S.-MORINTZ-\u2013-Probleme-ale-epocii-bronzului-in-Dobrogea.pdf\">view the PDF version<\/a>&#8211;<\/p>\n\n\n\n<hr class=\"wp-block-separator has-alpha-channel-opacity\"\/>\n\n\n\n<details class=\"wp-block-details is-layout-flow wp-block-details-is-layout-flow\"><summary>Un nou aspect cultural de la sf\u00eer\u015fitul epocii bronzului la Dun\u0103rea de Jos<\/summary>\n<p><\/p>\n<\/details>\n\n\n\n<p class=\"has-text-align-center\"><strong><strong>N. HAR\u0162UCHE<\/strong><\/strong><br>&#8211;<a href=\"https:\/\/revistapontica.com\/wp-content\/uploads\/2026\/04\/8-Pontica-5-1972-N.-HARTUCHE-\u2013-Un-nou-aspect-cultural-de-la-sfirsitul-epocii-bronzului-la-Dunarea-de-Jos.pdf\" data-type=\"link\" data-id=\"https:\/\/revistapontica.com\/wp-content\/uploads\/2026\/04\/8-Pontica-5-1972-N.-HARTUCHE-\u2013-Un-nou-aspect-cultural-de-la-sfirsitul-epocii-bronzului-la-Dunarea-de-Jos.pdf\">view the PDF version<\/a>&#8211;<\/p>\n\n\n\n<hr class=\"wp-block-separator has-alpha-channel-opacity\"\/>\n\n\n\n<details class=\"wp-block-details is-layout-flow wp-block-details-is-layout-flow\"><summary>Tariverde \u2013 a\u015fezare b\u0103\u015ftina\u015f\u0103 sau factorie histrian\u0103<\/summary>\n<p><\/p>\n<\/details>\n\n\n\n<p class=\"has-text-align-center\"><strong><strong>C. PREDA<\/strong><\/strong><br>&#8211;<a href=\"https:\/\/revistapontica.com\/wp-content\/uploads\/2026\/04\/9-Pontica-5-1972-C.-PREDA-\u2013-Tariverde-\u2013-asezare-bastinasa-sau-factorie-histriana.pdf\" data-type=\"link\" data-id=\"https:\/\/revistapontica.com\/wp-content\/uploads\/2026\/04\/9-Pontica-5-1972-C.-PREDA-\u2013-Tariverde-\u2013-asezare-bastinasa-sau-factorie-histriana.pdf\">view the PDF version<\/a>&#8211;<\/p>\n\n\n\n<hr class=\"wp-block-separator has-alpha-channel-opacity\"\/>\n\n\n\n<details class=\"wp-block-details is-layout-flow wp-block-details-is-layout-flow\"><summary>Unele probleme politico-economice din Dobrogea secolelor V-IV \u00ee.e.n<\/summary>\n<p><\/p>\n<\/details>\n\n\n\n<p class=\"has-text-align-center\"><strong><strong>AL. SUCEVEANU<\/strong><\/strong><br>&#8211;<a href=\"https:\/\/revistapontica.com\/wp-content\/uploads\/2026\/04\/10-Pontica-5-1972-AL.-SUCEVEANU-\u2013-Unele-probleme-politico-economice-din-Dobrogea-secolelor-V-IV-i.e.n.pdf\" data-type=\"link\" data-id=\"https:\/\/revistapontica.com\/wp-content\/uploads\/2026\/04\/10-Pontica-5-1972-AL.-SUCEVEANU-\u2013-Unele-probleme-politico-economice-din-Dobrogea-secolelor-V-IV-i.e.n.pdf\">view the PDF version<\/a>&#8211;<\/p>\n\n\n\n<hr class=\"wp-block-separator has-alpha-channel-opacity\"\/>\n\n\n\n<details class=\"wp-block-details is-layout-flow wp-block-details-is-layout-flow\"><summary>Un morm\u00eent elenistic cu Kalpida de la Mangalia<\/summary>\n<p><\/p>\n<\/details>\n\n\n\n<p class=\"has-text-align-center\"><strong><strong>EL. ZAVATIN-COMAN<\/strong><\/strong><br>&#8211;<a href=\"https:\/\/revistapontica.com\/wp-content\/uploads\/2026\/04\/11-Pontica-5-1972-EL.-ZAVATIN-COMAN-\u2013-Un-mormint-elenistic-cu-Kalpida-de-la-Mangalia.pdf\" data-type=\"link\" data-id=\"https:\/\/revistapontica.com\/wp-content\/uploads\/2026\/04\/11-Pontica-5-1972-EL.-ZAVATIN-COMAN-\u2013-Un-mormint-elenistic-cu-Kalpida-de-la-Mangalia.pdf\">view the PDF version<\/a>&#8211;<\/p>\n\n\n\n<hr class=\"wp-block-separator has-alpha-channel-opacity\"\/>\n\n\n\n<details class=\"wp-block-details is-layout-flow wp-block-details-is-layout-flow\"><summary>Vase romane de bronz descoperite la Dervent, jud. Constan\u021ba<\/summary>\n<p><\/p>\n<\/details>\n\n\n\n<p class=\"has-text-align-center\"><strong><strong>M. BUCOVAL\u0102<\/strong><\/strong><br>&#8211;<a href=\"https:\/\/revistapontica.com\/wp-content\/uploads\/2026\/04\/12-Pontica-5-1972-M.-BUCOVALA-\u2013-Vase-romane-de-bronz-descoperite-la-Dervent-jud.-Constanta.pdf\" data-type=\"link\" data-id=\"https:\/\/revistapontica.com\/wp-content\/uploads\/2026\/04\/12-Pontica-5-1972-M.-BUCOVALA-\u2013-Vase-romane-de-bronz-descoperite-la-Dervent-jud.-Constanta.pdf\">view the PDF version<\/a>&#8211;<\/p>\n\n\n\n<hr class=\"wp-block-separator has-alpha-channel-opacity\"\/>\n\n\n\n<details class=\"wp-block-details is-layout-flow wp-block-details-is-layout-flow\"><summary>Sarma\u0163ii la Dun\u0103rea de Jos \u00een lumina ultimelor cercet\u0103ri<\/summary>\n<p><\/p>\n<\/details>\n\n\n\n<p class=\"has-text-align-center\"><strong><strong>GH. BICHIR<\/strong><\/strong><br>&#8211;<a href=\"https:\/\/revistapontica.com\/wp-content\/uploads\/2026\/04\/13-Pontica-5-1972-GH.-BICHIR-\u2013-Sarmatii-la-Dunarea-de-Jos-in-lumina-ultimelor-cercetari.pdf\" data-type=\"link\" data-id=\"https:\/\/revistapontica.com\/wp-content\/uploads\/2026\/04\/13-Pontica-5-1972-GH.-BICHIR-\u2013-Sarmatii-la-Dunarea-de-Jos-in-lumina-ultimelor-cercetari.pdf\">view the PDF version<\/a>&#8211;<\/p>\n\n\n\n<hr class=\"wp-block-separator has-alpha-channel-opacity\"\/>\n\n\n\n<details class=\"wp-block-details is-layout-flow wp-block-details-is-layout-flow\"><summary>Aspecte privind exploatarea pietrei \u00een Dobrogea roman\u0103<\/summary>\n<p><\/p>\n<\/details>\n\n\n\n<p class=\"has-text-align-center\"><strong><strong>A. R\u0102DULESCU<\/strong><\/strong><br>&#8211;<a href=\"https:\/\/revistapontica.com\/wp-content\/uploads\/2026\/04\/14-Pontica-5-1972-A.-RADULESCU-\u2013-Aspecte-privind-exploatarea-pietrei-in-Dobrogea-romana.pdf\" data-type=\"link\" data-id=\"https:\/\/revistapontica.com\/wp-content\/uploads\/2026\/04\/14-Pontica-5-1972-A.-RADULESCU-\u2013-Aspecte-privind-exploatarea-pietrei-in-Dobrogea-romana.pdf\">view the PDF version<\/a>&#8211;<\/p>\n\n\n\n<hr class=\"wp-block-separator has-alpha-channel-opacity\"\/>\n\n\n\n<details class=\"wp-block-details is-layout-flow wp-block-details-is-layout-flow\"><summary>Limita meridional\u0103 a provinciei Scythia<\/summary>\n<p><\/p>\n<\/details>\n\n\n\n<p class=\"has-text-align-center\"><strong><strong>R. VULPE<\/strong><br><\/strong>&#8211;<a href=\"#\" data-type=\"link\" data-id=\"https:\/\/revistapontica.com\/\">deschide varian<\/a><a href=\"https:\/\/revistapontica.com\/wp-content\/uploads\/2026\/04\/15-Pontica-5-1972-R.-VULPE-\u2013-Limita-meridionala-a-provinciei-Scythia.pdf\" data-type=\"link\" data-id=\"https:\/\/revistapontica.com\/wp-content\/uploads\/2026\/04\/15-Pontica-5-1972-R.-VULPE-\u2013-Limita-meridionala-a-provinciei-Scythia.pdf\">t<\/a><a href=\"#\" data-type=\"link\" data-id=\"https:\/\/revistapontica.com\/\">a PDF<\/a>&#8211;<\/p>\n\n\n\n<hr class=\"wp-block-separator has-alpha-channel-opacity\"\/>\n\n\n\n<details class=\"wp-block-details is-layout-flow wp-block-details-is-layout-flow\"><summary>Elemente barbare \u00een zona limesului Dun\u0103rii inferioare \u00een secolele III-IV e.n<\/summary>\n<p><\/p>\n<\/details>\n\n\n\n<p class=\"has-text-align-center\"><strong><strong>M. COM\u015eA<\/strong><\/strong><br>&#8211;<a href=\"https:\/\/revistapontica.com\/wp-content\/uploads\/2026\/04\/16-Pontica-5-1972-M.-COMSA-\u2013-Elemente-barbare-in-zona-limesului-Dunarii-inferioare-in-secolele-III-IV-e.n.pdf\" data-type=\"link\" data-id=\"https:\/\/revistapontica.com\/wp-content\/uploads\/2026\/04\/16-Pontica-5-1972-M.-COMSA-\u2013-Elemente-barbare-in-zona-limesului-Dunarii-inferioare-in-secolele-III-IV-e.n.pdf\">view the PDF version<\/a>&#8211;<\/p>\n\n\n\n<hr class=\"wp-block-separator has-alpha-channel-opacity\"\/>\n\n\n\n<details class=\"wp-block-details is-layout-flow wp-block-details-is-layout-flow\"><summary>Morminte romane la \u0218ipote, jud. Constan\u0163a<\/summary>\n<p><\/p>\n<\/details>\n\n\n\n<p class=\"has-text-align-center\"><strong>C. STAVRU<br><\/strong>&#8211;<a href=\"https:\/\/revistapontica.com\/wp-content\/uploads\/2026\/04\/17-Pontica-5-1972-C.-STAVRU-\u2013-Morminte-romane-la-Sipote-jud.-Constanta.pdf\" data-type=\"link\" data-id=\"https:\/\/revistapontica.com\/wp-content\/uploads\/2026\/04\/17-Pontica-5-1972-C.-STAVRU-\u2013-Morminte-romane-la-Sipote-jud.-Constanta.pdf\">view the PDF version<\/a>&#8211;<\/p>\n\n\n\n<hr class=\"wp-block-separator has-alpha-channel-opacity\"\/>\n\n\n\n<details class=\"wp-block-details is-layout-flow wp-block-details-is-layout-flow\"><summary>Rela\u0163iile provinciei Scythia Minor cu Asia Mic\u0103, Siria \u015fi Egiptul<\/summary>\n<p><\/p>\n<\/details>\n\n\n\n<p class=\"has-text-align-center\"><strong><strong>I. BARNEA<\/strong><\/strong><br>&#8211;<a href=\"https:\/\/revistapontica.com\/wp-content\/uploads\/2026\/04\/18-Pontica-5-1972-I.-BARNEA-\u2013-Relatiile-provinciei-Scythia-Minor-cu-Asia-Mica-Siria-si-Egiptul.pdf\" data-type=\"link\" data-id=\"https:\/\/revistapontica.com\/wp-content\/uploads\/2026\/04\/18-Pontica-5-1972-I.-BARNEA-\u2013-Relatiile-provinciei-Scythia-Minor-cu-Asia-Mica-Siria-si-Egiptul.pdf\">view the PDF version<\/a>&#8211;<\/p>\n\n\n\n<hr class=\"wp-block-separator has-alpha-channel-opacity\"\/>\n\n\n\n<details class=\"wp-block-details is-layout-flow wp-block-details-is-layout-flow\"><summary>Moneda m\u0103runt\u0103 romano-bizantin\u0103 din sec. V \u015fi unele replici de plumb de la Izvoarele, jud. Constan\u021ba<\/summary>\n<p><\/p>\n<\/details>\n\n\n\n<p class=\"has-text-align-center\"><strong><strong>V. CULIC\u0102<\/strong><\/strong><br>&#8211;<a href=\"https:\/\/revistapontica.com\/wp-content\/uploads\/2026\/04\/19-Pontica-5-1972-V.-CULICA-\u2013-Moneda-marunta-romano-bizantina-din-sec.-V-si-unele-replici-de-plumb-de-la-Izvoarele-jud.-Constanta.pdf\" data-type=\"link\" data-id=\"https:\/\/revistapontica.com\/wp-content\/uploads\/2026\/04\/19-Pontica-5-1972-V.-CULICA-\u2013-Moneda-marunta-romano-bizantina-din-sec.-V-si-unele-replici-de-plumb-de-la-Izvoarele-jud.-Constanta.pdf\">view the PDF version<\/a>&#8211;<\/p>\n\n\n\n<hr class=\"wp-block-separator has-alpha-channel-opacity\"\/>\n\n\n\n<details class=\"wp-block-details is-layout-flow wp-block-details-is-layout-flow\"><summary>Sacidava \u015fi unele probleme stratigrafico-cronologice ale limesului<\/summary>\n<p><\/p>\n<\/details>\n\n\n\n<p class=\"has-text-align-center\"><strong><strong>C. SCORPAN<\/strong><\/strong><br>&#8211;<a href=\"https:\/\/revistapontica.com\/wp-content\/uploads\/2026\/04\/20-Pontica-5-1972-C.-SCORPAN-\u2013-Sacidava-si-unele-probleme-stratigrafico-cronologice-ale-limesului.pdf\" data-type=\"link\" data-id=\"https:\/\/revistapontica.com\/wp-content\/uploads\/2026\/04\/20-Pontica-5-1972-C.-SCORPAN-\u2013-Sacidava-si-unele-probleme-stratigrafico-cronologice-ale-limesului.pdf\">view the PDF version<\/a>&#8211;<\/p>\n\n\n\n<hr class=\"wp-block-separator has-alpha-channel-opacity\"\/>\n\n\n\n<details class=\"wp-block-details is-layout-flow wp-block-details-is-layout-flow\"><summary>C\u00eeteva constat\u0103ri \u00een leg\u0103tur\u0103 cu valurile din Dobrogea<\/summary>\n<p><\/p>\n<\/details>\n\n\n\n<p class=\"has-text-align-center\"><strong><strong>P. DIACONU<\/strong><\/strong><br>&#8211;<a href=\"https:\/\/revistapontica.com\/wp-content\/uploads\/2026\/04\/21-Pontica-5-1972-P.-DIACONU-\u2013-Citeva-constatari-in-legatura-cu-valurile-din-Dobrogea.pdf\" data-type=\"link\" data-id=\"https:\/\/revistapontica.com\/wp-content\/uploads\/2026\/04\/21-Pontica-5-1972-P.-DIACONU-\u2013-Citeva-constatari-in-legatura-cu-valurile-din-Dobrogea.pdf\">view the PDF version<\/a>&#8211;<\/p>\n\n\n\n<hr class=\"wp-block-separator has-alpha-channel-opacity\"\/>\n\n\n\n<details class=\"wp-block-details is-layout-flow wp-block-details-is-layout-flow\"><summary>Problema st\u0103p\u00eenirii bizantine \u00een nordul Dobrogei \u00een sec. IX-XI<\/summary>\n<p><\/p>\n<\/details>\n\n\n\n<p class=\"has-text-align-center\"><strong>R. FLORESCU, R. CIOBANU<\/strong><br>&#8211;<a href=\"https:\/\/revistapontica.com\/wp-content\/uploads\/2026\/04\/22-Pontica-5-1972-R.-FLORESCU-R.-CIOBANU-\u2013-Problema-stapinirii-bizantine-in-nordul-Dobrogei-in-sec.-IX-XI.pdf\" data-type=\"link\" data-id=\"https:\/\/revistapontica.com\/wp-content\/uploads\/2026\/04\/22-Pontica-5-1972-R.-FLORESCU-R.-CIOBANU-\u2013-Problema-stapinirii-bizantine-in-nordul-Dobrogei-in-sec.-IX-XI.pdf\">view the PDF version<\/a>&#8211;<\/p>\n\n\n\n<hr class=\"wp-block-separator has-alpha-channel-opacity\"\/>\n\n\n\n<details class=\"wp-block-details is-layout-flow wp-block-details-is-layout-flow\"><summary>Situa\u021bia me\u015fte\u015fugurilor \u00een Dobrogea \u00een sec. X-XII<\/summary>\n<p><\/p>\n<\/details>\n\n\n\n<p class=\"has-text-align-center\"><strong><strong>D. V\u00ceLCEANU<\/strong><\/strong><br>&#8211;<a href=\"https:\/\/revistapontica.com\/wp-content\/uploads\/2026\/04\/23-Pontica-5-1972-D.-VILCEANU-\u2013-Situatia-mestesugurilor-in-Dobrogea-in-sec.-X-XII.pdf\" data-type=\"link\" data-id=\"https:\/\/revistapontica.com\/wp-content\/uploads\/2026\/04\/23-Pontica-5-1972-D.-VILCEANU-\u2013-Situatia-mestesugurilor-in-Dobrogea-in-sec.-X-XII.pdf\">view the PDF version<\/a>&#8211;<\/p>\n\n\n\n<hr class=\"wp-block-separator has-alpha-channel-opacity\"\/>\n\n\n\n<details class=\"wp-block-details is-layout-flow wp-block-details-is-layout-flow\"><summary>\u00cen jurul cronologiei scrisorilor lui Ovidiu din Pont<\/summary>\n<p><\/p>\n<\/details>\n\n\n\n<p class=\"has-text-align-center\"><strong><strong>D. M. PIPPIDI<\/strong><\/strong><br>&#8211;<a href=\"https:\/\/revistapontica.com\/wp-content\/uploads\/2026\/04\/24-Pontica-5-1972-D.-M.-PIPPIDI-\u2013-In-jurul-cronologiei-scrisorilor-lui-Ovidiu-din-Pont.pdf\" data-type=\"link\" data-id=\"https:\/\/revistapontica.com\/wp-content\/uploads\/2026\/04\/24-Pontica-5-1972-D.-M.-PIPPIDI-\u2013-In-jurul-cronologiei-scrisorilor-lui-Ovidiu-din-Pont.pdf\">view the PDF version<\/a>&#8211;<\/p>\n\n\n\n<hr class=\"wp-block-separator has-alpha-channel-opacity\"\/>\n\n\n\n<details class=\"wp-block-details is-layout-flow wp-block-details-is-layout-flow\"><summary>Informa\u0163iile date de Ovidiu despre popula\u021bia teritoriului rural al Dobrogei \u00een compara\u0163ie cu alte izvoare documentare<\/summary>\n<p><\/p>\n<\/details>\n\n\n\n<p class=\"has-text-align-center\"><strong><strong>M. MUNTEANU<\/strong><\/strong><br>&#8211;<a href=\"https:\/\/revistapontica.com\/wp-content\/uploads\/2026\/04\/25-Pontica-5-1972-M.-MUNTEANU-\u2013-Informatiile-date-de-Ovidiu-despre-populatia-teritoriului-rural-al-Dobrogei-in-comparatie-cu-alte-izvoare-documentare.pdf\" data-type=\"link\" data-id=\"https:\/\/revistapontica.com\/wp-content\/uploads\/2026\/04\/25-Pontica-5-1972-M.-MUNTEANU-\u2013-Informatiile-date-de-Ovidiu-despre-populatia-teritoriului-rural-al-Dobrogei-in-comparatie-cu-alte-izvoare-documentare.pdf\">view the PDF version<\/a>&#8211;<\/p>\n\n\n\n<hr class=\"wp-block-separator has-alpha-channel-opacity\"\/>\n\n\n\n<details class=\"wp-block-details is-layout-flow wp-block-details-is-layout-flow\"><summary>Despre zidul de ap\u0103rare al Tomisului \u00een vremea lui Ovidius<\/summary>\n<p><\/p>\n<\/details>\n\n\n\n<p class=\"has-text-align-center\"><strong>A. ARICESCU<\/strong><br>&#8211;<a href=\"https:\/\/revistapontica.com\/wp-content\/uploads\/2026\/04\/26-Pontica-5-1972-A.-ARICESCU-\u2013-Despre-zidul-de-aparare-al-Tomisului-in-vremea-lui-Ovidius.pdf\" data-type=\"link\" data-id=\"https:\/\/revistapontica.com\/wp-content\/uploads\/2026\/04\/26-Pontica-5-1972-A.-ARICESCU-\u2013-Despre-zidul-de-aparare-al-Tomisului-in-vremea-lui-Ovidius.pdf\">view the PDF version<\/a>&#8211;<\/p>\n\n\n\n<hr class=\"wp-block-separator has-alpha-channel-opacity\"\/>\n\n\n\n<details class=\"wp-block-details is-layout-flow wp-block-details-is-layout-flow\"><summary>C\u0103l\u0103tori italieni pe urmele lui Ovidiu la Tomis<\/summary>\n<p><\/p>\n<\/details>\n\n\n\n<p class=\"has-text-align-center\"><strong><strong>N. LASCU<\/strong><\/strong><br>&#8211;<a href=\"https:\/\/revistapontica.com\/wp-content\/uploads\/2026\/04\/27-Pontica-5-1972-N.-LASCU-\u2013-Calatori-italieni-pe-urmele-lui-Ovidiu-la-Tomis.pdf\" data-type=\"link\" data-id=\"https:\/\/revistapontica.com\/wp-content\/uploads\/2026\/04\/27-Pontica-5-1972-N.-LASCU-\u2013-Calatori-italieni-pe-urmele-lui-Ovidiu-la-Tomis.pdf\">view the PDF version<\/a>&#8211;<\/p>\n\n\n\n<hr class=\"wp-block-separator has-alpha-channel-opacity\"\/>\n\n\n\n<details class=\"wp-block-details is-layout-flow wp-block-details-is-layout-flow\"><summary>Un interpret al poetului Ovidiu &#8211; N. Iorga<\/summary>\n<p><\/p>\n<\/details>\n\n\n\n<p class=\"has-text-align-center\"><strong><strong>I. MICU<\/strong><\/strong><br>&#8211;<a href=\"https:\/\/revistapontica.com\/wp-content\/uploads\/2026\/04\/28-Pontica-5-1972-I.-MICU-\u2013-Un-interpret-al-poetului-Ovidiu-N.-Iorga.pdf\" data-type=\"link\" data-id=\"https:\/\/revistapontica.com\/wp-content\/uploads\/2026\/04\/28-Pontica-5-1972-I.-MICU-\u2013-Un-interpret-al-poetului-Ovidiu-N.-Iorga.pdf\">view the PDF version<\/a>&#8211;<\/p>\n\n\n\n<hr class=\"wp-block-separator has-alpha-channel-opacity\"\/>\n\n\n\n<details class=\"wp-block-details is-layout-flow wp-block-details-is-layout-flow\"><summary>Monede grece\u015fti, romane \u015fi bizantine descoperite \u00een Dobrogea (I)<\/summary>\n<p><\/p>\n<\/details>\n\n\n\n<p class=\"has-text-align-center\"><strong><strong>R. OCHE\u015eEANU, GH. PAPUC<\/strong><\/strong><br>&#8211;<a href=\"https:\/\/revistapontica.com\/wp-content\/uploads\/2026\/04\/29-Pontica-5-1972-R.-OCHESEANU-GH.-PAPUC-\u2013-Monede-grecesti-romane-si-bizantine-descoperite-in-Dobrogea-I.pdf\" data-type=\"link\" data-id=\"https:\/\/revistapontica.com\/wp-content\/uploads\/2026\/04\/29-Pontica-5-1972-R.-OCHESEANU-GH.-PAPUC-\u2013-Monede-grecesti-romane-si-bizantine-descoperite-in-Dobrogea-I.pdf\">view the PDF version<\/a>&#8211;<\/p>\n\n\n\n<hr class=\"wp-block-separator has-alpha-channel-opacity\"\/>\n\n\n\n<details class=\"wp-block-details is-layout-flow wp-block-details-is-layout-flow\"><summary>Monede rare \u015fi inedite din colec\u0163iile Muzeului de arheologie Constan\u021ba<\/summary>\n<p><\/p>\n<\/details>\n\n\n\n<p class=\"has-text-align-center\"><strong><strong>R. OCHE\u015eEANU<\/strong><\/strong><br>&#8211;<a href=\"https:\/\/revistapontica.com\/wp-content\/uploads\/2026\/04\/30-Pontica-5-1972-R.-OCHESEANU-\u2013-Monede-rare-si-inedite-din-colectiile-Muzeului-de-arheologie-Constanta.pdf\" data-type=\"link\" data-id=\"https:\/\/revistapontica.com\/wp-content\/uploads\/2026\/04\/30-Pontica-5-1972-R.-OCHESEANU-\u2013-Monede-rare-si-inedite-din-colectiile-Muzeului-de-arheologie-Constanta.pdf\">view the PDF version<\/a>&#8211;<\/p>\n\n\n\n<hr class=\"wp-block-separator has-alpha-channel-opacity\"\/>\n\n\n\n<details class=\"wp-block-details is-layout-flow wp-block-details-is-layout-flow\"><summary>Unele aspecte iconografice ale reliefurilor cavalerilor danubieni \u00een Scythia Minor<\/summary>\n<p><\/p>\n<\/details>\n\n\n\n<p class=\"has-text-align-center\"><strong>D. TUDOR<\/strong><br>&#8211;<a href=\"https:\/\/revistapontica.com\/wp-content\/uploads\/2026\/04\/31-Pontica-5-1972-D.-TUDOR-\u2013-Unele-aspecte-iconografice-ale-reliefurilor-cavalerilor-danubieni-in-Scythia-Minor.pdf\" data-type=\"link\" data-id=\"https:\/\/revistapontica.com\/wp-content\/uploads\/2026\/04\/31-Pontica-5-1972-D.-TUDOR-\u2013-Unele-aspecte-iconografice-ale-reliefurilor-cavalerilor-danubieni-in-Scythia-Minor.pdf\">view the PDF version<\/a>&#8211;<\/p>\n\n\n\n<hr class=\"wp-block-separator has-alpha-channel-opacity\"\/>\n\n\n\n<details class=\"wp-block-details is-layout-flow wp-block-details-is-layout-flow\"><summary>Reliefuri inedite din Muzeul de arheologie Constan\u0163a<\/summary>\n<p><\/p>\n<\/details>\n\n\n\n<p class=\"has-text-align-center\"><strong>Z. COVACEF<\/strong><br>&#8211;<a href=\"https:\/\/revistapontica.com\/wp-content\/uploads\/2026\/04\/32-Pontica-5-1972-Z.-COVACEF-\u2013-Reliefuri-inedite-din-Muzeul-de-arheologie-Constanta.pdf\" data-type=\"link\" data-id=\"https:\/\/revistapontica.com\/wp-content\/uploads\/2026\/04\/32-Pontica-5-1972-Z.-COVACEF-\u2013-Reliefuri-inedite-din-Muzeul-de-arheologie-Constanta.pdf\">view the PDF version<\/a>&#8211;<\/p>\n\n\n\n<hr class=\"wp-block-separator has-alpha-channel-opacity\"\/>\n\n\n\n<details class=\"wp-block-details is-layout-flow wp-block-details-is-layout-flow\"><summary>Solidus emis de Theodosius I, g\u0103sit \u00een nordul Dobrogei<\/summary>\n<p><\/p>\n<\/details>\n\n\n\n<p class=\"has-text-align-center\"><strong>OCT. ILIESCU<\/strong><br>&#8211;<a href=\"https:\/\/revistapontica.com\/wp-content\/uploads\/2026\/04\/33-Pontica-5-1972-OCT.-ILIESCU-\u2013-Solidus-emis-de-Theodosius-I-gasit-in-nordul-Dobrogei.pdf\" data-type=\"link\" data-id=\"https:\/\/revistapontica.com\/wp-content\/uploads\/2026\/04\/33-Pontica-5-1972-OCT.-ILIESCU-\u2013-Solidus-emis-de-Theodosius-I-gasit-in-nordul-Dobrogei.pdf\">view the PDF version<\/a>&#8211;<\/p>\n\n\n\n<hr class=\"wp-block-separator has-alpha-channel-opacity\"\/>\n\n\n\n<details class=\"wp-block-details is-layout-flow wp-block-details-is-layout-flow\"><summary>Un tezaur de la Theodosius I descoperit la Medgidia<\/summary>\n<p><\/p>\n<\/details>\n\n\n\n<p class=\"has-text-align-center\"><strong>R. OCHE\u015eEANU , A. DUMITRA\u015eCU<\/strong><br>&#8211;<a href=\"https:\/\/revistapontica.com\/wp-content\/uploads\/2026\/04\/34-Pontica-5-1972-R.-OCHESEANU-A.-DUMITRASCU-\u2013-Un-tezaur-de-la-Theodosius-I-descoperit-la-Medgidia.pdf\" data-type=\"link\" data-id=\"https:\/\/revistapontica.com\/wp-content\/uploads\/2026\/04\/34-Pontica-5-1972-R.-OCHESEANU-A.-DUMITRASCU-\u2013-Un-tezaur-de-la-Theodosius-I-descoperit-la-Medgidia.pdf\">view the PDF version<\/a>&#8211;<\/p>\n\n\n\n<hr class=\"wp-block-separator has-alpha-channel-opacity\"\/>\n\n\n\n<details class=\"wp-block-details is-layout-flow wp-block-details-is-layout-flow\"><summary>Considera\u021bii preliminare asupra bazilicii cre\u015ftine din satul Niculi\u021bel<\/summary>\n<p><\/p>\n<\/details>\n\n\n\n<p class=\"has-text-align-center\"><strong>V. BAUMANN<\/strong><br>&#8211;<a href=\"https:\/\/revistapontica.com\/wp-content\/uploads\/2026\/04\/35-Pontica-5-1972-V.-BAUMANN-\u2013-Consideratii-preliminare-asupra-bazilicii-crestine-din-satul-Niculitel.pdf\" data-type=\"link\" data-id=\"https:\/\/revistapontica.com\/wp-content\/uploads\/2026\/04\/35-Pontica-5-1972-V.-BAUMANN-\u2013-Consideratii-preliminare-asupra-bazilicii-crestine-din-satul-Niculitel.pdf\">view the PDF version<\/a>&#8211;<\/p>\n\n\n\n<hr class=\"wp-block-separator has-alpha-channel-opacity\"\/>\n\n\n\n<details class=\"wp-block-details is-layout-flow wp-block-details-is-layout-flow\"><summary>C\u00eeteva observa\u021bii asupra necropolei birituale de la Canlia, jud. Constan\u0163a<\/summary>\n<p><\/p>\n<\/details>\n\n\n\n<p class=\"has-text-align-center\"><strong>R. HARHOIU<\/strong><br>&#8211;<a href=\"https:\/\/revistapontica.com\/wp-content\/uploads\/2026\/04\/36-Pontica-5-1972-R.-HARHOIU-\u2013-Citeva-observatii-asupra-necropolei-birituale-de-la-Canlia-jud.-Constanta.pdf\" data-type=\"link\" data-id=\"https:\/\/revistapontica.com\/wp-content\/uploads\/2026\/04\/36-Pontica-5-1972-R.-HARHOIU-\u2013-Citeva-observatii-asupra-necropolei-birituale-de-la-Canlia-jud.-Constanta.pdf\">view the PDF version<\/a>&#8211;<\/p>\n\n\n\n<hr class=\"wp-block-separator has-alpha-channel-opacity\"\/>\n\n\n\n<details class=\"wp-block-details is-layout-flow wp-block-details-is-layout-flow\"><summary>Perspective ale muzeografiei dobrogene privind istoria medie<\/summary>\n<p><\/p>\n<\/details>\n\n\n\n<p class=\"has-text-align-center\"><strong>L. \u015eTEF\u0102NESCU<\/strong><br>&#8211;<a href=\"https:\/\/revistapontica.com\/wp-content\/uploads\/2026\/04\/37-Pontica-5-1972-L.-STEFANESCU-\u2013-Perspective-ale-muzeografiei-dobrogene-privind-istoria-medie.pdf\" data-type=\"link\" data-id=\"https:\/\/revistapontica.com\/wp-content\/uploads\/2026\/04\/37-Pontica-5-1972-L.-STEFANESCU-\u2013-Perspective-ale-muzeografiei-dobrogene-privind-istoria-medie.pdf\">view the PDF version<\/a>&#8211;<\/p>\n\n\n\n<hr class=\"wp-block-separator has-alpha-channel-opacity\"\/>\n\n\n\n<details class=\"wp-block-details is-layout-flow wp-block-details-is-layout-flow\"><summary>Necrolog &#8211; N. B\u0103nescu<\/summary>\n<p><\/p>\n<\/details>\n\n\n\n<p class=\"has-text-align-center\"><strong>P. DIACONU<\/strong><br>&#8211;<a href=\"https:\/\/revistapontica.com\/wp-content\/uploads\/2026\/04\/38-Pontica-5-1972-P.-DIACONU-\u2013-Necrolog-N.-Banescu.pdf\" data-type=\"link\" data-id=\"https:\/\/revistapontica.com\/wp-content\/uploads\/2026\/04\/38-Pontica-5-1972-P.-DIACONU-\u2013-Necrolog-N.-Banescu.pdf\">view the PDF version<\/a>&#8211;<\/p>","protected":false},"excerpt":{"rendered":"<p>SUMAR&#8211;deschide varianta PDF&#8211; Lista abrevierilor&#8211;deschide varianta PDF&#8211; M. C\u00ceRCIUMARU, FL. MOGO\u0218ANU, AL. P\u0102UNESCU&#8211;deschide varianta PDF&#8211; SILVIA MARINESCU B\u00ceLCU&#8211;deschide varianta PDF&#8211; E. COM\u015eA&#8211;deschide varianta PDF&#8211; VL. DUMITRESCU&#8211;deschide varianta PDF&#8211; S. MORINTZ&#8211;deschide varianta PDF&#8211; N. HAR\u0162UCHE&#8211;deschide varianta PDF&#8211; C. PREDA&#8211;deschide varianta PDF&#8211; AL. SUCEVEANU&#8211;deschide varianta PDF&#8211; EL. ZAVATIN-COMAN&#8211;deschide varianta PDF&#8211; M. BUCOVAL\u0102&#8211;deschide varianta PDF&#8211; GH. BICHIR&#8211;deschide varianta [&hellip;]<\/p>\n","protected":false},"author":2,"featured_media":0,"comment_status":"closed","ping_status":"closed","sticky":false,"template":"","format":"standard","meta":{"footnotes":""},"categories":[18],"tags":[],"class_list":["post-1517","post","type-post","status-publish","format-standard","hentry","category-revista"],"_links":{"self":[{"href":"https:\/\/revistapontica.com\/en\/wp-json\/wp\/v2\/posts\/1517","targetHints":{"allow":["GET"]}}],"collection":[{"href":"https:\/\/revistapontica.com\/en\/wp-json\/wp\/v2\/posts"}],"about":[{"href":"https:\/\/revistapontica.com\/en\/wp-json\/wp\/v2\/types\/post"}],"author":[{"embeddable":true,"href":"https:\/\/revistapontica.com\/en\/wp-json\/wp\/v2\/users\/2"}],"replies":[{"embeddable":true,"href":"https:\/\/revistapontica.com\/en\/wp-json\/wp\/v2\/comments?post=1517"}],"version-history":[{"count":5,"href":"https:\/\/revistapontica.com\/en\/wp-json\/wp\/v2\/posts\/1517\/revisions"}],"predecessor-version":[{"id":3003,"href":"https:\/\/revistapontica.com\/en\/wp-json\/wp\/v2\/posts\/1517\/revisions\/3003"}],"wp:attachment":[{"href":"https:\/\/revistapontica.com\/en\/wp-json\/wp\/v2\/media?parent=1517"}],"wp:term":[{"taxonomy":"category","embeddable":true,"href":"https:\/\/revistapontica.com\/en\/wp-json\/wp\/v2\/categories?post=1517"},{"taxonomy":"post_tag","embeddable":true,"href":"https:\/\/revistapontica.com\/en\/wp-json\/wp\/v2\/tags?post=1517"}],"curies":[{"name":"wp","href":"https:\/\/api.w.org\/{rel}","templated":true}]}}