{"id":1523,"date":"2026-04-26T14:57:17","date_gmt":"2026-04-26T11:57:17","guid":{"rendered":"https:\/\/revistapontica.com\/?p=1523"},"modified":"2026-04-30T13:50:13","modified_gmt":"2026-04-30T10:50:13","slug":"pontica-nr-2-1969","status":"publish","type":"post","link":"https:\/\/revistapontica.com\/en\/pontica-nr-2-1969\/","title":{"rendered":"Pontica Nr. 2 (1969)"},"content":{"rendered":"<div class=\"wp-block-image\">\n<figure class=\"aligncenter size-large is-resized\"><img fetchpriority=\"high\" decoding=\"async\" width=\"706\" height=\"1024\" src=\"https:\/\/revistapontica.com\/wp-content\/uploads\/2026\/04\/pontica-2-706x1024.jpg\" alt=\"\" class=\"wp-image-1529\" style=\"width:548px;height:auto\" srcset=\"https:\/\/revistapontica.com\/wp-content\/uploads\/2026\/04\/pontica-2-706x1024.jpg 706w, https:\/\/revistapontica.com\/wp-content\/uploads\/2026\/04\/pontica-2-207x300.jpg 207w, https:\/\/revistapontica.com\/wp-content\/uploads\/2026\/04\/pontica-2-768x1114.jpg 768w, https:\/\/revistapontica.com\/wp-content\/uploads\/2026\/04\/pontica-2-8x12.jpg 8w, https:\/\/revistapontica.com\/wp-content\/uploads\/2026\/04\/pontica-2.jpg 827w\" sizes=\"(max-width: 706px) 100vw, 706px\" \/><\/figure>\n<\/div>\n\n\n<div style=\"height:50px\" aria-hidden=\"true\" class=\"wp-block-spacer\"><\/div>\n\n\n\n<div class=\"wp-block-buttons is-content-justification-center is-layout-flex wp-container-core-buttons-is-layout-16018d1d wp-block-buttons-is-layout-flex\">\n<div class=\"wp-block-button is-style-outline is-style-outline--1\"><a class=\"wp-block-button__link has-small-font-size has-custom-font-size wp-element-button\" href=\"https:\/\/revistapontica.com\/wp-content\/uploads\/2026\/04\/0-Pontica-2-1969.pdf\" style=\"border-top-left-radius:0px;border-top-right-radius:0px;border-bottom-left-radius:0px;border-bottom-right-radius:0px\"><strong>OPEN PONTICA NO. 2 \u2013 FULL VARIANT IN .PDF FORMAT<\/strong> (67 Mb)<\/a><\/div>\n<\/div>\n\n\n\n<div style=\"height:50px\" aria-hidden=\"true\" class=\"wp-block-spacer\"><\/div>\n\n\n\n<p class=\"has-text-align-center\"><strong>SUMMARY<\/strong><br>&#8211;<a href=\"https:\/\/revistapontica.com\/wp-content\/uploads\/2026\/04\/0A-Pontice-2-1969-Sumar.pdf\" data-type=\"link\" data-id=\"https:\/\/revistapontica.com\/wp-content\/uploads\/2026\/04\/0A-Pontice-2-1969-Sumar.pdf\">view the PDF version<\/a>&#8211;<\/p>\n\n\n\n<hr class=\"wp-block-separator has-alpha-channel-opacity\"\/>\n\n\n\n<p class=\"has-text-align-center\"><strong>Lista abrevierilor<\/strong><br>&#8211;<a href=\"https:\/\/revistapontica.com\/wp-content\/uploads\/2026\/04\/0B-26-Pontice-2-1969-Lista-prescurtarilor.pdf\" data-type=\"link\" data-id=\"https:\/\/revistapontica.com\/wp-content\/uploads\/2026\/04\/0B-26-Pontice-2-1969-Lista-prescurtarilor.pdf\">view the PDF version<\/a>&#8211;<\/p>\n\n\n\n<hr class=\"wp-block-separator has-alpha-channel-opacity\"\/>\n\n\n\n<details class=\"wp-block-details is-layout-flow wp-block-details-is-layout-flow\"><summary>Arheologia Dobrogei la un sfert de veac de la eliberare<\/summary>\n<p><\/p>\n<\/details>\n\n\n\n<p class=\"has-text-align-center\"><strong><strong><strong><strong>D. F\u0102LTICEANU<\/strong><\/strong><\/strong><\/strong><br>&#8211;<a href=\"https:\/\/revistapontica.com\/wp-content\/uploads\/2026\/04\/1-Pontice-2-1969-D.-FALTICEANU-\u2013-Arheologia-Dobrogei-la-un-sfert-de-veac-de-la-eliberare.pdf\" data-type=\"link\" data-id=\"https:\/\/revistapontica.com\/wp-content\/uploads\/2026\/04\/1-Pontice-2-1969-D.-FALTICEANU-\u2013-Arheologia-Dobrogei-la-un-sfert-de-veac-de-la-eliberare.pdf\">view the PDF version<\/a>&#8211;<\/p>\n\n\n\n<hr class=\"wp-block-separator has-alpha-channel-opacity\"\/>\n\n\n\n<details class=\"wp-block-details is-layout-flow wp-block-details-is-layout-flow\"><summary>Muzeul de arheologie Constan\u0163a. Unele g\u00e2nduri \u015fi perspective pentru noul cincinal<\/summary>\n<p><\/p>\n<\/details>\n\n\n\n<p class=\"has-text-align-center\"><strong><strong><strong>A. R\u0102DULESCU<\/strong><\/strong><\/strong><br>&#8211;<a href=\"https:\/\/revistapontica.com\/wp-content\/uploads\/2026\/04\/2-Pontice-2-1969-A.-RADULESCU-\u2013-Muzeul-de-arheologie-Constanta.-Unele-ganduri-si-perspective-pentru-noul-cincinal.pdf\" data-type=\"link\" data-id=\"https:\/\/revistapontica.com\/wp-content\/uploads\/2026\/04\/2-Pontice-2-1969-A.-RADULESCU-\u2013-Muzeul-de-arheologie-Constanta.-Unele-ganduri-si-perspective-pentru-noul-cincinal.pdf\">view the PDF version<\/a>&#8211;<\/p>\n\n\n\n<hr class=\"wp-block-separator has-alpha-channel-opacity\"\/>\n\n\n\n<details class=\"wp-block-details is-layout-flow wp-block-details-is-layout-flow\"><summary>Noi cercet\u0103ri arheologice \u00een cimitirul II geto-dacic de la Bugeac<\/summary>\n<p><\/p>\n<\/details>\n\n\n\n<p class=\"has-text-align-center\"><strong><strong><strong>M. IRIMIA<\/strong><\/strong><\/strong><br>&#8211;<a href=\"https:\/\/revistapontica.com\/wp-content\/uploads\/2026\/04\/3-Pontice-2-1969-M.-IRIMIA-\u2013-Noi-cercetari-arheologice-in-cimitirul-II-geto-dacic-de-la-Bugeac.pdf\" data-type=\"link\" data-id=\"https:\/\/revistapontica.com\/wp-content\/uploads\/2026\/04\/3-Pontice-2-1969-M.-IRIMIA-\u2013-Noi-cercetari-arheologice-in-cimitirul-II-geto-dacic-de-la-Bugeac.pdf\">view the PDF version<\/a>&#8211;<\/p>\n\n\n\n<hr class=\"wp-block-separator has-alpha-channel-opacity\"\/>\n\n\n\n<details class=\"wp-block-details is-layout-flow wp-block-details-is-layout-flow\"><summary>S\u0103p\u0103turile arheologice din a\u015fezarea getic\u0103 de la Bugeac &#8211; Valea lui Marinciu<\/summary>\n<p><\/p>\n<\/details>\n\n\n\n<p class=\"has-text-align-center\"><strong><strong><strong>C. SCORPAN<\/strong><\/strong><\/strong><br>&#8211;<a href=\"https:\/\/revistapontica.com\/wp-content\/uploads\/2026\/04\/4-Pontice-2-1969-C.-SCORPAN-\u2013-Sapaturile-arheologice-din-asezarea-getica-de-la-Bugeac-Valea-lui-Marinciu.pdf\" data-type=\"link\" data-id=\"https:\/\/revistapontica.com\/wp-content\/uploads\/2026\/04\/4-Pontice-2-1969-C.-SCORPAN-\u2013-Sapaturile-arheologice-din-asezarea-getica-de-la-Bugeac-Valea-lui-Marinciu.pdf\">view the PDF version<\/a>&#8211;<\/p>\n\n\n\n<hr class=\"wp-block-separator has-alpha-channel-opacity\"\/>\n\n\n\n<details class=\"wp-block-details is-layout-flow wp-block-details-is-layout-flow\"><summary>Noi morminte paleocre\u015ftine la Mangalia<\/summary>\n<p><\/p>\n<\/details>\n\n\n\n<p class=\"has-text-align-center\"><strong><strong>C. ICONOMU<\/strong><\/strong><br>&#8211;<a href=\"https:\/\/revistapontica.com\/wp-content\/uploads\/2026\/04\/5-Pontice-2-1969-C.-ICONOMU-\u2013-Noi-morminte-paleocrestine-la-Mangalia.pdf\" data-type=\"link\" data-id=\"https:\/\/revistapontica.com\/wp-content\/uploads\/2026\/04\/5-Pontice-2-1969-C.-ICONOMU-\u2013-Noi-morminte-paleocrestine-la-Mangalia.pdf\">view the PDF version<\/a>&#8211;<\/p>\n\n\n\n<hr class=\"wp-block-separator has-alpha-channel-opacity\"\/>\n\n\n\n<details class=\"wp-block-details is-layout-flow wp-block-details-is-layout-flow\"><summary>Necropola de epoc\u0103 feudal-timpurie de la G\u00eerli\u0163a-Ostrov. S\u0103p\u0103turile efectuate \u00een anul 1969<\/summary>\n<p><\/p>\n<\/details>\n\n\n\n<p class=\"has-text-align-center\"><strong><strong>CORNELIU C\u00ceRJAN<\/strong><\/strong><br>&#8211;<a href=\"https:\/\/revistapontica.com\/wp-content\/uploads\/2026\/04\/6-Pontice-2-1969-CORNELIU-CIRJAN-\u2013-Necropola-de-epoca-feudal-timpurie-de-la-Girlita-Ostrov.-Sapaturile-efectuate-in-anul-1969.pdf\" data-type=\"link\" data-id=\"https:\/\/revistapontica.com\/wp-content\/uploads\/2026\/04\/6-Pontice-2-1969-CORNELIU-CIRJAN-\u2013-Necropola-de-epoca-feudal-timpurie-de-la-Girlita-Ostrov.-Sapaturile-efectuate-in-anul-1969.pdf\">view the PDF version<\/a>&#8211;<\/p>\n\n\n\n<hr class=\"wp-block-separator has-alpha-channel-opacity\"\/>\n\n\n\n<details class=\"wp-block-details is-layout-flow wp-block-details-is-layout-flow\"><summary>Sabia de bronz micenian\u0103 descoperit\u0103 la Medgidia<\/summary>\n<p><\/p>\n<\/details>\n\n\n\n<p class=\"has-text-align-center\"><strong><strong>M. IRIMIA, D. DUMITRA\u015eCU<\/strong><\/strong><br>&#8211;<a href=\"https:\/\/revistapontica.com\/wp-content\/uploads\/2026\/04\/7-Pontice-2-1969-M.-IRIMIA-D.-DUMITRASCU-\u2013-Sabia-de-bronz-miceniana-descoperita-la-Medgidia.pdf\" data-type=\"link\" data-id=\"https:\/\/revistapontica.com\/wp-content\/uploads\/2026\/04\/7-Pontice-2-1969-M.-IRIMIA-D.-DUMITRASCU-\u2013-Sabia-de-bronz-miceniana-descoperita-la-Medgidia.pdf\">view the PDF version<\/a>&#8211;<\/p>\n\n\n\n<hr class=\"wp-block-separator has-alpha-channel-opacity\"\/>\n\n\n\n<details class=\"wp-block-details is-layout-flow wp-block-details-is-layout-flow\"><summary>Note de istorie tomitan\u0103<\/summary>\n<p><\/p>\n<\/details>\n\n\n\n<p class=\"has-text-align-center\"><strong><strong>RADU VULPE<\/strong><\/strong><br>&#8211;<a href=\"https:\/\/revistapontica.com\/wp-content\/uploads\/2026\/04\/8-Pontice-2-1969-RADU-VULPE-\u2013-Note-de-istorie-tomitana.pdf\" data-type=\"link\" data-id=\"https:\/\/revistapontica.com\/wp-content\/uploads\/2026\/04\/8-Pontice-2-1969-RADU-VULPE-\u2013-Note-de-istorie-tomitana.pdf\">view the PDF version<\/a>&#8211;<\/p>\n\n\n\n<hr class=\"wp-block-separator has-alpha-channel-opacity\"\/>\n\n\n\n<details class=\"wp-block-details is-layout-flow wp-block-details-is-layout-flow\"><summary>Morm\u00e2ntul \u201eprinciar\u201d de la Agighiol \u015fi unele probleme ale artei traco-getice<\/summary>\n<p><\/p>\n<\/details>\n\n\n\n<p class=\"has-text-align-center\"><strong><strong>D. BERCIU<\/strong><\/strong><br>&#8211;<a href=\"https:\/\/revistapontica.com\/wp-content\/uploads\/2026\/04\/9-Pontice-2-1969-D.-BERCIU-\u2013-Mormantul-\u201eprinciar-de-la-Agighiol-si-unele-probleme-ale-artei-traco-getice.pdf\" data-type=\"link\" data-id=\"https:\/\/revistapontica.com\/wp-content\/uploads\/2026\/04\/9-Pontice-2-1969-D.-BERCIU-\u2013-Mormantul-\u201eprinciar-de-la-Agighiol-si-unele-probleme-ale-artei-traco-getice.pdf\">view the PDF version<\/a>&#8211;<\/p>\n\n\n\n<hr class=\"wp-block-separator has-alpha-channel-opacity\"\/>\n\n\n\n<details class=\"wp-block-details is-layout-flow wp-block-details-is-layout-flow\"><summary>Contribu\u0163ii la problema raporturilor scito-trace \u00een sec. IV \u00ee.e.n<\/summary>\n<p><\/p>\n<\/details>\n\n\n\n<p class=\"has-text-align-center\"><strong><strong>VLADIMIR ILIESCU<\/strong><\/strong><br>&#8211;<a href=\"https:\/\/revistapontica.com\/wp-content\/uploads\/2026\/04\/10-Pontice-2-1969-VLADIMIR-ILIESCU-\u2013-Contributii-la-problema-raporturilor-scito-trace-in-sec.-IV-i.e.n.pdf\" data-type=\"link\" data-id=\"https:\/\/revistapontica.com\/wp-content\/uploads\/2026\/04\/10-Pontice-2-1969-VLADIMIR-ILIESCU-\u2013-Contributii-la-problema-raporturilor-scito-trace-in-sec.-IV-i.e.n.pdf\">view the PDF version<\/a>&#8211;<\/p>\n\n\n\n<hr class=\"wp-block-separator has-alpha-channel-opacity\"\/>\n\n\n\n<details class=\"wp-block-details is-layout-flow wp-block-details-is-layout-flow\"><summary>Cadrane solare grece\u015fti \u015fi romane \u00een Dobrogea<\/summary>\n<p><\/p>\n<\/details>\n\n\n\n<p class=\"has-text-align-center\"><strong><strong>CONST. IONESCU C\u00c2RLIGEL<\/strong><\/strong><br>&#8211;<a href=\"https:\/\/revistapontica.com\/wp-content\/uploads\/2026\/04\/11-Pontice-2-1969-CONST.-IONESCU-CARLIGEL-\u2013-Cadrane-solare-grecesti-si-romane-in-Dobrogea.pdf\" data-type=\"link\" data-id=\"https:\/\/revistapontica.com\/wp-content\/uploads\/2026\/04\/11-Pontice-2-1969-CONST.-IONESCU-CARLIGEL-\u2013-Cadrane-solare-grecesti-si-romane-in-Dobrogea.pdf\">view the PDF version<\/a>&#8211;<\/p>\n\n\n\n<hr class=\"wp-block-separator has-alpha-channel-opacity\"\/>\n\n\n\n<details class=\"wp-block-details is-layout-flow wp-block-details-is-layout-flow\"><summary>Bolurile \u201emegariene\u201d din colec\u0163iile Muzeului de Arheologie Constan\u0163a<\/summary>\n<p><\/p>\n<\/details>\n\n\n\n<p class=\"has-text-align-center\"><strong><strong>RADU OCHE\u015eEANU<\/strong><\/strong><br>&#8211;<a href=\"https:\/\/revistapontica.com\/wp-content\/uploads\/2026\/04\/12-Pontice-2-1969-RADU-OCHESEANU-\u2013-Bolurile-\u201emegariene-din-colectiile-Muzeului-de-Arheologie-Constanta.pdf\" data-type=\"link\" data-id=\"https:\/\/revistapontica.com\/wp-content\/uploads\/2026\/04\/12-Pontice-2-1969-RADU-OCHESEANU-\u2013-Bolurile-\u201emegariene-din-colectiile-Muzeului-de-Arheologie-Constanta.pdf\">view the PDF version<\/a>&#8211;<\/p>\n\n\n\n<hr class=\"wp-block-separator has-alpha-channel-opacity\"\/>\n\n\n\n<details class=\"wp-block-details is-layout-flow wp-block-details-is-layout-flow\"><summary>Un fragment de epigram\u0103 greac\u0103 pentru Nikas\u00f3 din Callatis<\/summary>\n<p><\/p>\n<\/details>\n\n\n\n<p class=\"has-text-align-center\"><strong><strong>TH. SAUCIUC-S\u0102VEANU<\/strong><br><\/strong>&#8211;<a href=\"#\" data-type=\"link\" data-id=\"https:\/\/revistapontica.com\/\">deschide var<\/a><a href=\"https:\/\/revistapontica.com\/wp-content\/uploads\/2026\/04\/13-Pontice-2-1969-TH.-SAUCIUC-SAVEANU-\u2013-Un-fragment-de-epigrama-greaca-pentru-Nikaso-din-Callatis.pdf\" data-type=\"link\" data-id=\"https:\/\/revistapontica.com\/wp-content\/uploads\/2026\/04\/13-Pontice-2-1969-TH.-SAUCIUC-SAVEANU-\u2013-Un-fragment-de-epigrama-greaca-pentru-Nikaso-din-Callatis.pdf\">i<\/a><a href=\"#\" data-type=\"link\" data-id=\"https:\/\/revistapontica.com\/\">anta PDF<\/a>&#8211;<\/p>\n\n\n\n<hr class=\"wp-block-separator has-alpha-channel-opacity\"\/>\n\n\n\n<details class=\"wp-block-details is-layout-flow wp-block-details-is-layout-flow\"><summary> Imita\u0163ii getice dup\u0103 opai\u0163e greco-romane<\/summary>\n<p><\/p>\n<\/details>\n\n\n\n<p class=\"has-text-align-center\"><strong><strong>C. SCORPA<\/strong>N<\/strong><br>&#8211;<a href=\"https:\/\/revistapontica.com\/wp-content\/uploads\/2026\/04\/14-Pontice-2-1969-C.-SCORPAN-\u2013-Imitatii-getice-dupa-opaite-greco-romane.pdf\" data-type=\"link\" data-id=\"https:\/\/revistapontica.com\/wp-content\/uploads\/2026\/04\/14-Pontice-2-1969-C.-SCORPAN-\u2013-Imitatii-getice-dupa-opaite-greco-romane.pdf\">view the PDF version<\/a>&#8211;<\/p>\n\n\n\n<hr class=\"wp-block-separator has-alpha-channel-opacity\"\/>\n\n\n\n<details class=\"wp-block-details is-layout-flow wp-block-details-is-layout-flow\"><summary>Dou\u0103 note privind istoria Moesiei \u00een sec. I \u00ee.e.n<\/summary>\n<p><\/p>\n<\/details>\n\n\n\n<p class=\"has-text-align-center\"><strong>AL. SUCEVEANU<br><\/strong>&#8211;<a href=\"https:\/\/revistapontica.com\/wp-content\/uploads\/2026\/04\/15-Pontice-2-1969-AL.-SUCEVEANU-\u2013-Doua-note-privind-istoria-Moesiei-in-sec.-I-i.e.n.pdf\" data-type=\"link\" data-id=\"https:\/\/revistapontica.com\/wp-content\/uploads\/2026\/04\/15-Pontice-2-1969-AL.-SUCEVEANU-\u2013-Doua-note-privind-istoria-Moesiei-in-sec.-I-i.e.n.pdf\">view the PDF version<\/a>&#8211;<\/p>\n\n\n\n<hr class=\"wp-block-separator has-alpha-channel-opacity\"\/>\n\n\n\n<details class=\"wp-block-details is-layout-flow wp-block-details-is-layout-flow\"><summary>\u201eVilla lui Ovidiu\u201d de la Sulmona<\/summary>\n<p><\/p>\n<\/details>\n\n\n\n<p class=\"has-text-align-center\"><strong><strong>NICOLAE LASCU<\/strong><\/strong><br>&#8211;<a href=\"https:\/\/revistapontica.com\/wp-content\/uploads\/2026\/04\/16-Pontice-2-1969-NICOLAE-LASCU-\u2013-\u201eVilla-lui-Ovidiu-de-la-Sulmona.pdf\" data-type=\"link\" data-id=\"https:\/\/revistapontica.com\/wp-content\/uploads\/2026\/04\/16-Pontice-2-1969-NICOLAE-LASCU-\u2013-\u201eVilla-lui-Ovidiu-de-la-Sulmona.pdf\">view the PDF version<\/a>&#8211;<\/p>\n\n\n\n<hr class=\"wp-block-separator has-alpha-channel-opacity\"\/>\n\n\n\n<details class=\"wp-block-details is-layout-flow wp-block-details-is-layout-flow\"><summary>Tradi\u0163ii elenistice \u00een materialele funerare de epoc\u0103 roman\u0103 timpurie la Tomis<\/summary>\n<p><\/p>\n<\/details>\n\n\n\n<p class=\"has-text-align-center\"><strong><strong>M. BUCOVAL\u0102<\/strong><\/strong><br>&#8211;<a href=\"https:\/\/revistapontica.com\/wp-content\/uploads\/2026\/04\/17-Pontice-2-1969-M.-BUCOVALA-\u2013-Traditii-elenistice-in-materialele-funerare-de-epoca-romana-timpurie-la-Tomis.pdf\" data-type=\"link\" data-id=\"https:\/\/revistapontica.com\/wp-content\/uploads\/2026\/04\/17-Pontice-2-1969-M.-BUCOVALA-\u2013-Traditii-elenistice-in-materialele-funerare-de-epoca-romana-timpurie-la-Tomis.pdf\">view the PDF version<\/a>&#8211;<\/p>\n\n\n\n<hr class=\"wp-block-separator has-alpha-channel-opacity\"\/>\n\n\n\n<details class=\"wp-block-details is-layout-flow wp-block-details-is-layout-flow\"><summary>Ateliere me\u015fte\u015fug\u0103re\u015fti pentru ars materiale de construc\u0163ie din lut<\/summary>\n<p><\/p>\n<\/details>\n\n\n\n<p class=\"has-text-align-center\"><strong><strong>A. R\u0102DULESCU <\/strong><\/strong><br>&#8211;<a href=\"https:\/\/revistapontica.com\/wp-content\/uploads\/2026\/04\/18-Pontice-2-1969-A.-RADULESCU-\u2013-Ateliere-mestesugaresti-pentru-ars-materiale-de-constructie-din-lut.pdf\" data-type=\"link\" data-id=\"https:\/\/revistapontica.com\/wp-content\/uploads\/2026\/04\/18-Pontice-2-1969-A.-RADULESCU-\u2013-Ateliere-mestesugaresti-pentru-ars-materiale-de-constructie-din-lut.pdf\">view the PDF version<\/a>&#8211;<\/p>\n\n\n\n<hr class=\"wp-block-separator has-alpha-channel-opacity\"\/>\n\n\n\n<details class=\"wp-block-details is-layout-flow wp-block-details-is-layout-flow\"><summary>Obiecte de caracter cre\u015ftin din epoca romano-bizantin\u0103 g\u0103site la P\u00eerjoaia \u2013 Dobrogea<\/summary>\n<p><\/p>\n<\/details>\n\n\n\n<p class=\"has-text-align-center\"><strong><strong>V. CULIC\u0102<\/strong><\/strong><br>&#8211;<a href=\"https:\/\/revistapontica.com\/wp-content\/uploads\/2026\/04\/19-Pontice-2-1969-V.-CULICA-\u2013-Obiecte-de-caracter-crestin-din-epoca-romano-bizantina-gasite-la-Pirjoaia-\u2013-Dobrogea.pdf\" data-type=\"link\" data-id=\"https:\/\/revistapontica.com\/wp-content\/uploads\/2026\/04\/19-Pontice-2-1969-V.-CULICA-\u2013-Obiecte-de-caracter-crestin-din-epoca-romano-bizantina-gasite-la-Pirjoaia-\u2013-Dobrogea.pdf\">view the PDF version<\/a>&#8211;<\/p>\n\n\n\n<hr class=\"wp-block-separator has-alpha-channel-opacity\"\/>\n\n\n\n<details class=\"wp-block-details is-layout-flow wp-block-details-is-layout-flow\"><summary>Ceramica feudal-timpurie descoperit\u0103 pe teritoriul ora\u015fului Constan\u0163a<\/summary>\n<p><\/p>\n<\/details>\n\n\n\n<p class=\"has-text-align-center\"><strong>CORNELIU C\u00ceRJAN<\/strong><br>&#8211;<a href=\"https:\/\/revistapontica.com\/wp-content\/uploads\/2026\/04\/20-Pontice-2-1969-CORNELIU-CIRJAN-\u2013-Ceramica-feudal-timpurie-descoperita-pe-teritoriul-orasului-Constanta.pdf\" data-type=\"link\" data-id=\"https:\/\/revistapontica.com\/wp-content\/uploads\/2026\/04\/20-Pontice-2-1969-CORNELIU-CIRJAN-\u2013-Ceramica-feudal-timpurie-descoperita-pe-teritoriul-orasului-Constanta.pdf\">view the PDF version<\/a>&#8211;<\/p>\n\n\n\n<hr class=\"wp-block-separator has-alpha-channel-opacity\"\/>\n\n\n\n<details class=\"wp-block-details is-layout-flow wp-block-details-is-layout-flow\"><summary>Rolul cet\u0103\u0163ii din insula P\u0103cuiul lui Soare \u00een cadrul situa\u0163iei politice a Dobrogei la sf\u00e2r\u015fitul secolului X<\/summary>\n<p><\/p>\n<\/details>\n\n\n\n<p class=\"has-text-align-center\"><strong><strong>PETRE DIACONU<\/strong><\/strong><br>&#8211;<a href=\"https:\/\/revistapontica.com\/wp-content\/uploads\/2026\/04\/21-Pontice-2-1969-PETRE-DIACONU-\u2013-Rolul-cetatii-din-insula-Pacuiul-lui-Soare-in-cadrul-situatiei-politice-a-Dobrogei-la-sfarsitul-secolului-X.pdf\" data-type=\"link\" data-id=\"https:\/\/revistapontica.com\/wp-content\/uploads\/2026\/04\/21-Pontice-2-1969-PETRE-DIACONU-\u2013-Rolul-cetatii-din-insula-Pacuiul-lui-Soare-in-cadrul-situatiei-politice-a-Dobrogei-la-sfarsitul-secolului-X.pdf\">view the PDF version<\/a>&#8211;<\/p>\n\n\n\n<hr class=\"wp-block-separator has-alpha-channel-opacity\"\/>\n\n\n\n<details class=\"wp-block-details is-layout-flow wp-block-details-is-layout-flow\"><summary>Genovezii \u015fi rolul lor \u00een Dobrogea \u00een sec. XIV<\/summary>\n<p><\/p>\n<\/details>\n\n\n\n<p class=\"has-text-align-center\"><strong><strong>RADU \u015eTEFAN CIOBANU<\/strong><\/strong><br>&#8211;<a href=\"https:\/\/revistapontica.com\/wp-content\/uploads\/2026\/04\/22-Pontice-2-1969-RADU-STEFAN-CIOBANU-\u2013-Genovezii-si-rolul-lor-in-Dobrogea-in-sec.-XIV.pdf\" data-type=\"link\" data-id=\"https:\/\/revistapontica.com\/wp-content\/uploads\/2026\/04\/22-Pontice-2-1969-RADU-STEFAN-CIOBANU-\u2013-Genovezii-si-rolul-lor-in-Dobrogea-in-sec.-XIV.pdf\">view the PDF version<\/a>&#8211;<\/p>\n\n\n\n<hr class=\"wp-block-separator has-alpha-channel-opacity\"\/>\n\n\n\n<details class=\"wp-block-details is-layout-flow wp-block-details-is-layout-flow\"><summary>Un ora\u015f dobrogean disp\u0103rut \u2013 Ester<\/summary>\n<p><\/p>\n<\/details>\n\n\n\n<p class=\"has-text-align-center\"><strong><strong>T. MATEESCU<\/strong><\/strong><br>&#8211;<a href=\"https:\/\/revistapontica.com\/wp-content\/uploads\/2026\/04\/23-Pontice-2-1969-T.-MATEESCU-\u2013-Un-oras-dobrogean-disparut-\u2013-Ester.pdf\" data-type=\"link\" data-id=\"https:\/\/revistapontica.com\/wp-content\/uploads\/2026\/04\/23-Pontice-2-1969-T.-MATEESCU-\u2013-Un-oras-dobrogean-disparut-\u2013-Ester.pdf\">view the PDF version<\/a>&#8211;<\/p>\n\n\n\n<hr class=\"wp-block-separator has-alpha-channel-opacity\"\/>\n\n\n\n<p class=\"has-text-align-center\"><strong>Sesiunea \u015ftiin\u0163ific\u0103 de comunic\u0103ri \u015fi referate a Muzeului de Arheologie Constan\u0163a (15-17 august 1969)<\/strong><br>&#8211;<a href=\"https:\/\/revistapontica.com\/wp-content\/uploads\/2026\/04\/24-Pontice-2-1969-Sesiunea-stiintifica-de-comunicari-si-referate-a-Muzeului-de-Arheologie-Constanta-15-17-august-1969.pdf\" data-type=\"link\" data-id=\"https:\/\/revistapontica.com\/wp-content\/uploads\/2026\/04\/24-Pontice-2-1969-Sesiunea-stiintifica-de-comunicari-si-referate-a-Muzeului-de-Arheologie-Constanta-15-17-august-1969.pdf\">view the PDF version<\/a>&#8211;<\/p>\n\n\n\n<hr class=\"wp-block-separator has-alpha-channel-opacity\"\/>\n\n\n\n<details class=\"wp-block-details is-layout-flow wp-block-details-is-layout-flow\"><summary>Vasile Canarache (6 februarie 1896 &#8211; 4 august 1969)<\/summary>\n<p><\/p>\n<\/details>\n\n\n\n<p class=\"has-text-align-center\"><strong><strong>A. R\u0102DULESCU<\/strong><\/strong><br>&#8211;<a href=\"https:\/\/revistapontica.com\/wp-content\/uploads\/2026\/04\/25-Pontice-2-1969-A.-RADULESCU-\u2013-Vasile-Canarache-6-februarie-1896-4-august-1969.pdf\" data-type=\"link\" data-id=\"https:\/\/revistapontica.com\/wp-content\/uploads\/2026\/04\/25-Pontice-2-1969-A.-RADULESCU-\u2013-Vasile-Canarache-6-februarie-1896-4-august-1969.pdf\">view the PDF version<\/a>&#8211;<\/p>","protected":false},"excerpt":{"rendered":"<p>SUMAR&#8211;deschide varianta PDF&#8211; Lista abrevierilor&#8211;deschide varianta PDF&#8211; D. F\u0102LTICEANU&#8211;deschide varianta PDF&#8211; A. R\u0102DULESCU&#8211;deschide varianta PDF&#8211; M. IRIMIA&#8211;deschide varianta PDF&#8211; C. SCORPAN&#8211;deschide varianta PDF&#8211; C. ICONOMU&#8211;deschide varianta PDF&#8211; CORNELIU C\u00ceRJAN&#8211;deschide varianta PDF&#8211; M. IRIMIA, D. DUMITRA\u015eCU&#8211;deschide varianta PDF&#8211; RADU VULPE&#8211;deschide varianta PDF&#8211; D. BERCIU&#8211;deschide varianta PDF&#8211; VLADIMIR ILIESCU&#8211;deschide varianta PDF&#8211; CONST. IONESCU C\u00c2RLIGEL&#8211;deschide varianta PDF&#8211; RADU [&hellip;]<\/p>\n","protected":false},"author":2,"featured_media":0,"comment_status":"closed","ping_status":"closed","sticky":false,"template":"","format":"standard","meta":{"footnotes":""},"categories":[18],"tags":[],"class_list":["post-1523","post","type-post","status-publish","format-standard","hentry","category-revista"],"_links":{"self":[{"href":"https:\/\/revistapontica.com\/en\/wp-json\/wp\/v2\/posts\/1523","targetHints":{"allow":["GET"]}}],"collection":[{"href":"https:\/\/revistapontica.com\/en\/wp-json\/wp\/v2\/posts"}],"about":[{"href":"https:\/\/revistapontica.com\/en\/wp-json\/wp\/v2\/types\/post"}],"author":[{"embeddable":true,"href":"https:\/\/revistapontica.com\/en\/wp-json\/wp\/v2\/users\/2"}],"replies":[{"embeddable":true,"href":"https:\/\/revistapontica.com\/en\/wp-json\/wp\/v2\/comments?post=1523"}],"version-history":[{"count":5,"href":"https:\/\/revistapontica.com\/en\/wp-json\/wp\/v2\/posts\/1523\/revisions"}],"predecessor-version":[{"id":3093,"href":"https:\/\/revistapontica.com\/en\/wp-json\/wp\/v2\/posts\/1523\/revisions\/3093"}],"wp:attachment":[{"href":"https:\/\/revistapontica.com\/en\/wp-json\/wp\/v2\/media?parent=1523"}],"wp:term":[{"taxonomy":"category","embeddable":true,"href":"https:\/\/revistapontica.com\/en\/wp-json\/wp\/v2\/categories?post=1523"},{"taxonomy":"post_tag","embeddable":true,"href":"https:\/\/revistapontica.com\/en\/wp-json\/wp\/v2\/tags?post=1523"}],"curies":[{"name":"wp","href":"https:\/\/api.w.org\/{rel}","templated":true}]}}