{"id":1965,"date":"2026-04-26T15:45:31","date_gmt":"2026-04-26T12:45:31","guid":{"rendered":"https:\/\/revistapontica.com\/?p=1965"},"modified":"2026-04-30T14:45:05","modified_gmt":"2026-04-30T11:45:05","slug":"pontica-nr-52-supplementum-vi-2019","status":"publish","type":"post","link":"https:\/\/revistapontica.com\/en\/pontica-nr-52-supplementum-vi-2019\/","title":{"rendered":"Pontica Nr. 52 Supplementum VI (2019)"},"content":{"rendered":"<div class=\"wp-block-image\">\n<figure class=\"aligncenter size-large is-resized\"><img fetchpriority=\"high\" decoding=\"async\" width=\"725\" height=\"1024\" src=\"https:\/\/revistapontica.com\/wp-content\/uploads\/2026\/04\/sup-52-725x1024.jpg\" alt=\"\" class=\"wp-image-1955\" style=\"width:548px;height:auto\" srcset=\"https:\/\/revistapontica.com\/wp-content\/uploads\/2026\/04\/sup-52-725x1024.jpg 725w, https:\/\/revistapontica.com\/wp-content\/uploads\/2026\/04\/sup-52-213x300.jpg 213w, https:\/\/revistapontica.com\/wp-content\/uploads\/2026\/04\/sup-52-768x1084.jpg 768w, https:\/\/revistapontica.com\/wp-content\/uploads\/2026\/04\/sup-52-9x12.jpg 9w, https:\/\/revistapontica.com\/wp-content\/uploads\/2026\/04\/sup-52.jpg 850w\" sizes=\"(max-width: 725px) 100vw, 725px\" \/><\/figure>\n<\/div>\n\n\n<div style=\"height:50px\" aria-hidden=\"true\" class=\"wp-block-spacer\"><\/div>\n\n\n\n<div class=\"wp-block-buttons is-content-justification-center is-layout-flex wp-container-core-buttons-is-layout-16018d1d wp-block-buttons-is-layout-flex\">\n<div class=\"wp-block-button is-style-outline is-style-outline--1\"><a class=\"wp-block-button__link has-small-font-size has-custom-font-size wp-element-button\" href=\"https:\/\/revistapontica.com\/wp-content\/uploads\/2026\/04\/Pontica-52-Supplementum-VI-2019.pdf\" style=\"border-top-left-radius:0px;border-top-right-radius:0px;border-bottom-left-radius:0px;border-bottom-right-radius:0px\"><strong>OPEN SUPPLEMENTUM VI \u2013 COMPLETE VARIANT IN .PDF FORMAT<\/strong> (84 Mb)<\/a><\/div>\n<\/div>\n\n\n\n<div style=\"height:50px\" aria-hidden=\"true\" class=\"wp-block-spacer\"><\/div>\n\n\n\n<p class=\"has-text-align-center\"><strong>SUMMARY<\/strong><br>&#8211;<a href=\"https:\/\/revistapontica.com\/wp-content\/uploads\/2026\/04\/Pontica-52-Supplementum-VI-2019-Sumar.pdf\" data-type=\"link\" data-id=\"https:\/\/revistapontica.com\/wp-content\/uploads\/2026\/04\/Pontica-52-Supplementum-VI-2019-Sumar.pdf\">view the PDF version<\/a>&#8211;<\/p>\n\n\n\n<hr class=\"wp-block-separator has-alpha-channel-opacity\"\/>\n\n\n\n<p class=\"has-text-align-center\"><strong>Lista abrevierilor<\/strong><br>&#8211;<a href=\"https:\/\/revistapontica.com\/wp-content\/uploads\/2026\/04\/Pontica-52-Supplementum-VI-2019-Lista-abrevierilor.pdf\" data-type=\"link\" data-id=\"https:\/\/revistapontica.com\/wp-content\/uploads\/2026\/04\/Pontica-52-Supplementum-VI-2019-Lista-abrevierilor.pdf\">view the PDF version<\/a>&#8211;<\/p>\n\n\n\n<hr class=\"wp-block-separator has-alpha-channel-opacity\"\/>\n\n\n\n<details class=\"wp-block-details is-layout-flow wp-block-details-is-layout-flow\"><summary>MARIA B\u0102RBULESCU (1941-2019) (pag. 11-14)<\/summary>\n<p><\/p>\n<\/details>\n\n\n\n<p class=\"has-text-align-center\"><strong><strong><strong><strong>Livia BUZOIANU<\/strong><\/strong><\/strong><\/strong><br>&#8211;<a href=\"https:\/\/revistapontica.com\/wp-content\/uploads\/2026\/04\/1448-Pontica-52-Supplementum-VI-2019-Livia-BUZOIANU-MARIA-BARBULESCU-1941-2019-pag.-11-14.pdf\" data-type=\"link\" data-id=\"https:\/\/revistapontica.com\/wp-content\/uploads\/2026\/04\/1448-Pontica-52-Supplementum-VI-2019-Livia-BUZOIANU-MARIA-BARBULESCU-1941-2019-pag.-11-14.pdf\">view the PDF version<\/a>&#8211;<\/p>\n\n\n\n<hr class=\"wp-block-separator has-alpha-channel-opacity\"\/>\n\n\n\n<details class=\"wp-block-details is-layout-flow wp-block-details-is-layout-flow\"><summary>MARIA B\u0102RBULESCU \u2013 omul de \u0219tiin\u021b\u0103 \u0219i prietenul des\u0103v\u00e2r\u0219it (pag. 15-16)<\/summary>\n<p><\/p>\n<\/details>\n\n\n\n<p class=\"has-text-align-center\"><strong><strong><strong>Ioana BOGDAN C\u0102T\u0102NICIU<\/strong><\/strong><\/strong><br>&#8211;<a href=\"https:\/\/revistapontica.com\/wp-content\/uploads\/2026\/04\/1449-Pontica-52-Supplementum-VI-2019-Ioana-BOGDAN-CATANICIU-MARIA-BARBULESCU-\u2013-omul-de-stiinta-si-prietenul-desavarsit-pag.-15-16.pdf\" data-type=\"link\" data-id=\"https:\/\/revistapontica.com\/wp-content\/uploads\/2026\/04\/1449-Pontica-52-Supplementum-VI-2019-Ioana-BOGDAN-CATANICIU-MARIA-BARBULESCU-\u2013-omul-de-stiinta-si-prietenul-desavarsit-pag.-15-16.pdf\">view the PDF version<\/a>&#8211;<\/p>\n\n\n\n<hr class=\"wp-block-separator has-alpha-channel-opacity\"\/>\n\n\n\n<details class=\"wp-block-details is-layout-flow wp-block-details-is-layout-flow\"><summary>Notes \u00e9pigraphiques concernant quelques inscriptions grecques de la collection MINAC (pag. 19-29)<\/summary>\n<p><\/p>\n<\/details>\n\n\n\n<p class=\"has-text-align-center\"><strong><strong><strong>MARIA B\u0102RBULESCU<\/strong><\/strong><\/strong><br>&#8211;<a href=\"https:\/\/revistapontica.com\/wp-content\/uploads\/2026\/04\/1450-Pontica-52-Supplementum-VI-2019-MARIA-BARBULESCU-\u2013-Notes-epigraphiques-concernant-quelques-inscriptions-grecques-de-la-collection-MINAC-pag.-19-29.pdf\" data-type=\"link\" data-id=\"https:\/\/revistapontica.com\/wp-content\/uploads\/2026\/04\/1450-Pontica-52-Supplementum-VI-2019-MARIA-BARBULESCU-\u2013-Notes-epigraphiques-concernant-quelques-inscriptions-grecques-de-la-collection-MINAC-pag.-19-29.pdf\">view the PDF version<\/a>&#8211;<\/p>\n\n\n\n<hr class=\"wp-block-separator has-alpha-channel-opacity\"\/>\n\n\n\n<details class=\"wp-block-details is-layout-flow wp-block-details-is-layout-flow\"><summary>Br\u00e8ve intervention sur l\u02b9inscription de S\u0103cele (d\u00e9p. de Constan\u021ba) (pag. 31-33)<\/summary>\n<p><\/p>\n<\/details>\n\n\n\n<p class=\"has-text-align-center\"><strong><strong><strong>LIVIA BUZOIANU, MARIA B\u0102RBULESCU<\/strong><\/strong><\/strong><br>&#8211;<a href=\"https:\/\/revistapontica.com\/wp-content\/uploads\/2026\/04\/1451-Pontica-52-Supplementum-VI-2019-LIVIA-BUZOIANU-MARIA-BARBULESCU-\u2013-Breve-intervention-sur-l\u02b9inscription-de-Sacele-dep.-de-Constanta-pag.-31-33.pdf\" data-type=\"link\" data-id=\"https:\/\/revistapontica.com\/wp-content\/uploads\/2026\/04\/1451-Pontica-52-Supplementum-VI-2019-LIVIA-BUZOIANU-MARIA-BARBULESCU-\u2013-Breve-intervention-sur-l\u02b9inscription-de-Sacele-dep.-de-Constanta-pag.-31-33.pdf\">view the PDF version<\/a>&#8211;<\/p>\n\n\n\n<hr class=\"wp-block-separator has-alpha-channel-opacity\"\/>\n\n\n\n<details class=\"wp-block-details is-layout-flow wp-block-details-is-layout-flow\"><summary>Goodwill, Benevolence and Harmony around the Black Sea (pag. 37-52)<\/summary>\n<p><\/p>\n<\/details>\n\n\n\n<p class=\"has-text-align-center\"><strong><strong>LIGIA RUSCU<\/strong><\/strong><br>&#8211;<a href=\"https:\/\/revistapontica.com\/wp-content\/uploads\/2026\/04\/1452-Pontica-52-Supplementum-VI-2019-LIGIA-RUSCU-\u2013-Goodwill-Benevolence-and-Harmony-around-the-Black-Sea-pag.-37-52.pdf\" data-type=\"link\" data-id=\"https:\/\/revistapontica.com\/wp-content\/uploads\/2026\/04\/1452-Pontica-52-Supplementum-VI-2019-LIGIA-RUSCU-\u2013-Goodwill-Benevolence-and-Harmony-around-the-Black-Sea-pag.-37-52.pdf\">view the PDF version<\/a>&#8211;<\/p>\n\n\n\n<hr class=\"wp-block-separator has-alpha-channel-opacity\"\/>\n\n\n\n<details class=\"wp-block-details is-layout-flow wp-block-details-is-layout-flow\"><summary>Die ausw\u00e4rtigen Beziehungen pontischer Staaten auf Grundlage der Proxenieurkunden (pag. 53-69)<\/summary>\n<p><\/p>\n<\/details>\n\n\n\n<p class=\"has-text-align-center\"><strong><strong>VICTOR COJOCARU<\/strong><\/strong><br>&#8211;<a href=\"https:\/\/revistapontica.com\/wp-content\/uploads\/2026\/04\/1453-Pontica-52-Supplementum-VI-2019-VICTOR-COJOCARU-\u2013-Die-auswartigen-Beziehungen-pontischer-Staaten-auf-Grundlage-der-Proxenieurkunden-pag.-53-69.pdf\" data-type=\"link\" data-id=\"https:\/\/revistapontica.com\/wp-content\/uploads\/2026\/04\/1453-Pontica-52-Supplementum-VI-2019-VICTOR-COJOCARU-\u2013-Die-auswartigen-Beziehungen-pontischer-Staaten-auf-Grundlage-der-Proxenieurkunden-pag.-53-69.pdf\">view the PDF version<\/a>&#8211;<\/p>\n\n\n\n<hr class=\"wp-block-separator has-alpha-channel-opacity\"\/>\n\n\n\n<details class=\"wp-block-details is-layout-flow wp-block-details-is-layout-flow\"><summary>Livia Drusilla \u2013 influen\u021ba primei \u00eemp\u0103r\u0103tese (pag. 71-86)<\/summary>\n<p><\/p>\n<\/details>\n\n\n\n<p class=\"has-text-align-center\"><strong><strong>ANDREEA-RALUCA BARBO\u0218, DECEBAL NEDU<\/strong><\/strong><br>&#8211;<a href=\"https:\/\/revistapontica.com\/wp-content\/uploads\/2026\/04\/1454-Pontica-52-Supplementum-VI-2019-ANDREEA-RALUCA-BARBOS-DECEBAL-NEDU-\u2013-Livia-Drusilla-\u2013-influenta-primei-imparatese-pag.-71-86.pdf\" data-type=\"link\" data-id=\"https:\/\/revistapontica.com\/wp-content\/uploads\/2026\/04\/1454-Pontica-52-Supplementum-VI-2019-ANDREEA-RALUCA-BARBOS-DECEBAL-NEDU-\u2013-Livia-Drusilla-\u2013-influenta-primei-imparatese-pag.-71-86.pdf\">view the PDF version<\/a>&#8211;<\/p>\n\n\n\n<hr class=\"wp-block-separator has-alpha-channel-opacity\"\/>\n\n\n\n<details class=\"wp-block-details is-layout-flow wp-block-details-is-layout-flow\"><summary>Celebrare Romam, celebrare imperatorem, celebrare patriam &#8211; istorie \u0219i memorie \u00een Panegyrici Latini (sec. III-IV p. Chr.) (pag. 87)<\/summary>\n<p><\/p>\n<\/details>\n\n\n\n<p class=\"has-text-align-center\"><strong><strong>NELU ZUGRAVU<\/strong><\/strong><br>&#8211;<a href=\"https:\/\/revistapontica.com\/wp-content\/uploads\/2026\/04\/1455-Pontica-52-Supplementum-VI-2019-NELU-ZUGRAVU-\u2013-Celebrare-Romam-celebrare-imperatorem-celebrare-patriam-istorie-si-memorie-in-Panegyrici-Latini-sec.-III-IV-p.-Chr.-pag.-87.pdf\" data-type=\"link\" data-id=\"https:\/\/revistapontica.com\/wp-content\/uploads\/2026\/04\/1455-Pontica-52-Supplementum-VI-2019-NELU-ZUGRAVU-\u2013-Celebrare-Romam-celebrare-imperatorem-celebrare-patriam-istorie-si-memorie-in-Panegyrici-Latini-sec.-III-IV-p.-Chr.-pag.-87.pdf\">view the PDF version<\/a>&#8211;<\/p>\n\n\n\n<hr class=\"wp-block-separator has-alpha-channel-opacity\"\/>\n\n\n\n<details class=\"wp-block-details is-layout-flow wp-block-details-is-layout-flow\"><summary>Din nou despre Sf\u00e2ntul Emilian, martir la Durostorum (18 iulie 362) (pag. 109-114)<\/summary>\n<p><\/p>\n<\/details>\n\n\n\n<p class=\"has-text-align-center\"><strong><strong>EMILIAN POPESCU<\/strong><\/strong><br>&#8211;<a href=\"#\" data-type=\"link\" data-id=\"https:\/\/revistapontica.com\/wp-content\/uploads\/2026\/03\/1-2023.pdf\">deschide variant<\/a><a href=\"https:\/\/revistapontica.com\/wp-content\/uploads\/2026\/04\/1456-Pontica-52-Supplementum-VI-2019-EMILIAN-POPESCU-\u2013-Din-nou-despre-Sfantul-Emilian-martir-la-Durostorum-18-iulie-362-pag.-109-114.pdf\" data-type=\"link\" data-id=\"https:\/\/revistapontica.com\/wp-content\/uploads\/2026\/04\/1456-Pontica-52-Supplementum-VI-2019-EMILIAN-POPESCU-\u2013-Din-nou-despre-Sfantul-Emilian-martir-la-Durostorum-18-iulie-362-pag.-109-114.pdf\">a<\/a><a href=\"#\" data-type=\"link\" data-id=\"https:\/\/revistapontica.com\/wp-content\/uploads\/2026\/03\/1-2023.pdf\"> PDF<\/a>&#8211;<\/p>\n\n\n\n<hr class=\"wp-block-separator has-alpha-channel-opacity\"\/>\n\n\n\n<details class=\"wp-block-details is-layout-flow wp-block-details-is-layout-flow\"><summary>Notules sur quelques graffites grecs de Thasos, Thrace, Tyras et Phanagoria (pag. 117-132)<\/summary>\n<p><\/p>\n<\/details>\n\n\n\n<p class=\"has-text-align-center\"><strong><strong>DAN DANA, M\u0102D\u0102LINA DANA<\/strong><\/strong><br>&#8211;<a href=\"https:\/\/revistapontica.com\/wp-content\/uploads\/2026\/04\/1457-Pontica-52-Supplementum-VI-2019-DAN-DANA-MADALINA-DANA-\u2013-Notules-sur-quelques-graffites-grecs-de-Thasos-Thrace-Tyras-et-Phanagoria-pag.-117-132.pdf\" data-type=\"link\" data-id=\"https:\/\/revistapontica.com\/wp-content\/uploads\/2026\/04\/1457-Pontica-52-Supplementum-VI-2019-DAN-DANA-MADALINA-DANA-\u2013-Notules-sur-quelques-graffites-grecs-de-Thasos-Thrace-Tyras-et-Phanagoria-pag.-117-132.pdf\">view the PDF version<\/a>&#8211;<\/p>\n\n\n\n<hr class=\"wp-block-separator has-alpha-channel-opacity\"\/>\n\n\n\n<details class=\"wp-block-details is-layout-flow wp-block-details-is-layout-flow\"><summary>Noi \u0219tampile amforice din a\u0219ezarea de la Albe\u0219ti, jud. Constan\u021ba (campaniile arheologice 2008-2017) (pag. 133-170)<\/summary>\n<p><\/p>\n<\/details>\n\n\n\n<p class=\"has-text-align-center\"><strong><strong>LIVIA BUZOIANU<\/strong><\/strong><br>&#8211;<a href=\"https:\/\/revistapontica.com\/wp-content\/uploads\/2026\/04\/1458-Pontica-52-Supplementum-VI-2019-LIVIA-BUZOIANU-\u2013-Noi-stampile-amforice-din-asezarea-de-la-Albesti-jud.-Constanta-campaniile-arheologice-2008-2017-pag.-133-170.pdf\" data-type=\"link\" data-id=\"https:\/\/revistapontica.com\/wp-content\/uploads\/2026\/04\/1458-Pontica-52-Supplementum-VI-2019-LIVIA-BUZOIANU-\u2013-Noi-stampile-amforice-din-asezarea-de-la-Albesti-jud.-Constanta-campaniile-arheologice-2008-2017-pag.-133-170.pdf\">view the PDF version<\/a>&#8211;<\/p>\n\n\n\n<hr class=\"wp-block-separator has-alpha-channel-opacity\"\/>\n\n\n\n<details class=\"wp-block-details is-layout-flow wp-block-details-is-layout-flow\"><summary>Timbres amphoriques r\u00e9cemment d\u00e9couverts \u00e0 Tomis (2018-2019) (pag. 171-193)<\/summary>\n<p><\/p>\n<\/details>\n\n\n\n<p class=\"has-text-align-center\"><strong><strong>ALEXANDRA LI\u021aU, LAUREN\u021aIU CLIANTE<\/strong><\/strong><br>&#8211;<a href=\"https:\/\/revistapontica.com\/wp-content\/uploads\/2026\/04\/1459-Pontica-52-Supplementum-VI-2019-ALEXANDRA-LITU-LAURENTIU-CLIANTE-\u2013-Timbres-amphoriques-recemment-decouverts-a-Tomis-2018-2019-pag.-171-193.pdf\" data-type=\"link\" data-id=\"https:\/\/revistapontica.com\/wp-content\/uploads\/2026\/04\/1459-Pontica-52-Supplementum-VI-2019-ALEXANDRA-LITU-LAURENTIU-CLIANTE-\u2013-Timbres-amphoriques-recemment-decouverts-a-Tomis-2018-2019-pag.-171-193.pdf\">view the PDF version<\/a>&#8211;<\/p>\n\n\n\n<hr class=\"wp-block-separator has-alpha-channel-opacity\"\/>\n\n\n\n<details class=\"wp-block-details is-layout-flow wp-block-details-is-layout-flow\"><summary>Considera\u021bii cu privire la dou\u0103 \u0219tampile de amfore de Myrsileia din colec\u021bia Muzeului de Arheologie \u201eCallatis\u201d<\/summary>\n<p><\/p>\n<\/details>\n\n\n\n<p class=\"has-text-align-center\"><strong><strong>THIBAUT CASTELLI, MIHAI IONESCU<\/strong><\/strong><br>&#8211;<a href=\"https:\/\/revistapontica.com\/wp-content\/uploads\/2026\/04\/1460-Pontica-52-Supplementum-VI-2019-THIBAUT-CASTELLI-MIHAI-IONESCU-\u2013-Consideratii-cu-privire-la-doua-stampile-de-amfore-de-Myrsileia-din-colectia-Muzeului-de-Arheologie-\u201eCallatis-.pdf\" data-type=\"link\" data-id=\"https:\/\/revistapontica.com\/wp-content\/uploads\/2026\/04\/1460-Pontica-52-Supplementum-VI-2019-THIBAUT-CASTELLI-MIHAI-IONESCU-\u2013-Consideratii-cu-privire-la-doua-stampile-de-amfore-de-Myrsileia-din-colectia-Muzeului-de-Arheologie-\u201eCallatis-.pdf\">view the PDF version<\/a>&#8211;<\/p>\n\n\n\n<hr class=\"wp-block-separator has-alpha-channel-opacity\"\/>\n\n\n\n<details class=\"wp-block-details is-layout-flow wp-block-details-is-layout-flow\"><summary>\u0394\u03b5\u03ba\u03af\u03b2\u03b1\u03bb\u03bf\u03c2 &#8211; un nouveau timbre amphorique romain attest\u00e9 en Dacie (pag. 201-210)<\/summary>\n<p><\/p>\n<\/details>\n\n\n\n<p class=\"has-text-align-center\"><strong><strong>CONSTANTIN C. PETOLESCU, DOREL BONDOC<\/strong><br><\/strong>&#8211;<a href=\"https:\/\/revistapontica.com\/wp-content\/uploads\/2026\/04\/1461-Pontica-52-Supplementum-VI-2019-CONSTANTIN-C.-PETOLESCU-DOREL-BONDOC-\u2013-\u0394\u03b5\u03ba\u03af\u03b2\u03b1\u03bb\u03bf\u03c2-un-nouveau-timbre-amphorique-romain-atteste-en-Dacie-pag.-201-210.pdf\" data-type=\"link\" data-id=\"https:\/\/revistapontica.com\/wp-content\/uploads\/2026\/04\/1461-Pontica-52-Supplementum-VI-2019-CONSTANTIN-C.-PETOLESCU-DOREL-BONDOC-\u2013-\u0394\u03b5\u03ba\u03af\u03b2\u03b1\u03bb\u03bf\u03c2-un-nouveau-timbre-amphorique-romain-atteste-en-Dacie-pag.-201-210.pdf\">view the PDF version<\/a>&#8211;<\/p>\n\n\n\n<hr class=\"wp-block-separator has-alpha-channel-opacity\"\/>\n\n\n\n<details class=\"wp-block-details is-layout-flow wp-block-details-is-layout-flow\"><summary>Notes \u00e9pigraphiques (IX) (pag. 211-224)<\/summary>\n<p><\/p>\n<\/details>\n\n\n\n<p class=\"has-text-align-center\"><strong><strong>ALEXANDRU AVRAM<\/strong><\/strong><br>&#8211;<a href=\"https:\/\/revistapontica.com\/wp-content\/uploads\/2026\/04\/1462-Pontica-52-Supplementum-VI-2019-ALEXANDRU-AVRAM-\u2013-Notes-epigraphiques-IX-pag.-211-224.pdf\" data-type=\"link\" data-id=\"https:\/\/revistapontica.com\/wp-content\/uploads\/2026\/04\/1462-Pontica-52-Supplementum-VI-2019-ALEXANDRU-AVRAM-\u2013-Notes-epigraphiques-IX-pag.-211-224.pdf\">view the PDF version<\/a>&#8211;<\/p>\n\n\n\n<hr class=\"wp-block-separator has-alpha-channel-opacity\"\/>\n\n\n\n<details class=\"wp-block-details is-layout-flow wp-block-details-is-layout-flow\"><summary>Notes on Greek Inscriptions (I) (pag. 225-235)<\/summary>\n<p><\/p>\n<\/details>\n\n\n\n<p class=\"has-text-align-center\"><strong>DRAGO\u0218 H\u0102LMAGI<br><\/strong>&#8211;<a href=\"https:\/\/revistapontica.com\/wp-content\/uploads\/2026\/04\/1463-Pontica-52-Supplementum-VI-2019-DRAGOS-HALMAGI-\u2013-Notes-on-Greek-Inscriptions-I-pag.-225-235.pdf\" data-type=\"link\" data-id=\"https:\/\/revistapontica.com\/wp-content\/uploads\/2026\/04\/1463-Pontica-52-Supplementum-VI-2019-DRAGOS-HALMAGI-\u2013-Notes-on-Greek-Inscriptions-I-pag.-225-235.pdf\">view the PDF version<\/a>&#8211;<\/p>\n\n\n\n<hr class=\"wp-block-separator has-alpha-channel-opacity\"\/>\n\n\n\n<details class=\"wp-block-details is-layout-flow wp-block-details-is-layout-flow\"><summary>A Travelling Stone from Callatis (pag. 237-240)<\/summary>\n<p><\/p>\n<\/details>\n\n\n\n<p class=\"has-text-align-center\"><strong><strong>VALENTIN BOTTEZ, ALEXANDRA LI\u021aU<\/strong><\/strong><br>&#8211;<a href=\"https:\/\/revistapontica.com\/wp-content\/uploads\/2026\/04\/1464-Pontica-52-Supplementum-VI-2019-VALENTIN-BOTTEZ-ALEXANDRA-LITU-\u2013-A-Travelling-Stone-from-Callatis-pag.-237-240.pdf\" data-type=\"link\" data-id=\"https:\/\/revistapontica.com\/wp-content\/uploads\/2026\/04\/1464-Pontica-52-Supplementum-VI-2019-VALENTIN-BOTTEZ-ALEXANDRA-LITU-\u2013-A-Travelling-Stone-from-Callatis-pag.-237-240.pdf\">view the PDF version<\/a>&#8211;<\/p>\n\n\n\n<hr class=\"wp-block-separator has-alpha-channel-opacity\"\/>\n\n\n\n<details class=\"wp-block-details is-layout-flow wp-block-details-is-layout-flow\"><summary>Protogenes (pag. 241-243)<\/summary>\n<p><\/p>\n<\/details>\n\n\n\n<p class=\"has-text-align-center\"><strong><strong>ALEXANDRU BARNEA<\/strong><\/strong><br>&#8211;<a href=\"https:\/\/revistapontica.com\/wp-content\/uploads\/2026\/04\/1465-Pontica-52-Supplementum-VI-2019-ALEXANDRU-BARNEA-\u2013-Protogenes-pag.-241-243.pdf\" data-type=\"link\" data-id=\"https:\/\/revistapontica.com\/wp-content\/uploads\/2026\/04\/1465-Pontica-52-Supplementum-VI-2019-ALEXANDRU-BARNEA-\u2013-Protogenes-pag.-241-243.pdf\">view the PDF version<\/a>&#8211;<\/p>\n\n\n\n<hr class=\"wp-block-separator has-alpha-channel-opacity\"\/>\n\n\n\n<details class=\"wp-block-details is-layout-flow wp-block-details-is-layout-flow\"><summary>L\u02b9affranchi imp\u00e9rial Philomusus, croyant et \u00e9verg\u00e8te \u00e0 Sarmizegetusa (pag. 245-254)<\/summary>\n<p><\/p>\n<\/details>\n\n\n\n<p class=\"has-text-align-center\"><strong><strong>IOAN PISO, OVIDIU \u021aENTEA, FLORIAN MATEI POPESCU<\/strong><\/strong><br>&#8211;<a href=\"https:\/\/revistapontica.com\/wp-content\/uploads\/2026\/04\/1466-Pontica-52-Supplementum-VI-2019-IOAN-PISO-OVIDIU-TENTEA-FLORIAN-MATEI-POPESCU-\u2013-L\u02b9affranchi-imperial-Philomusus-croyant-et-evergete-a-Sarmizegetusa-pag.-245-254.pdf\" data-type=\"link\" data-id=\"https:\/\/revistapontica.com\/wp-content\/uploads\/2026\/04\/1466-Pontica-52-Supplementum-VI-2019-IOAN-PISO-OVIDIU-TENTEA-FLORIAN-MATEI-POPESCU-\u2013-L\u02b9affranchi-imperial-Philomusus-croyant-et-evergete-a-Sarmizegetusa-pag.-245-254.pdf\">view the PDF version<\/a>&#8211;<\/p>\n\n\n\n<hr class=\"wp-block-separator has-alpha-channel-opacity\"\/>\n\n\n\n<details class=\"wp-block-details is-layout-flow wp-block-details-is-layout-flow\"><summary>\u00c0 la recherche d\u02b9un Municipium Aurelium perdu (pag. 255-263)<\/summary>\n<p><\/p>\n<\/details>\n\n\n\n<p class=\"has-text-align-center\"><strong><strong>RADU ARDEVAN<\/strong><\/strong><br>&#8211;<a href=\"https:\/\/revistapontica.com\/wp-content\/uploads\/2026\/04\/1467-Pontica-52-Supplementum-VI-2019-RADU-ARDEVAN-\u2013-A-la-recherche-d\u02b9un-Municipium-Aurelium-perdu-pag.-255-263.pdf\" data-type=\"link\" data-id=\"https:\/\/revistapontica.com\/wp-content\/uploads\/2026\/04\/1467-Pontica-52-Supplementum-VI-2019-RADU-ARDEVAN-\u2013-A-la-recherche-d\u02b9un-Municipium-Aurelium-perdu-pag.-255-263.pdf\">view the PDF version<\/a>&#8211;<\/p>\n\n\n\n<hr class=\"wp-block-separator has-alpha-channel-opacity\"\/>\n\n\n\n<details class=\"wp-block-details is-layout-flow wp-block-details-is-layout-flow\"><summary>Two Fragmentary Inscriptions from Halmyris (pag. 265-270)<\/summary>\n<p><\/p>\n<\/details>\n\n\n\n<p class=\"has-text-align-center\"><strong>MIHAIL ZAHARIADE, JOHN KARAVAS<\/strong><br>&#8211;<a href=\"https:\/\/revistapontica.com\/wp-content\/uploads\/2026\/04\/1468-Pontica-52-Supplementum-VI-2019-MIHAIL-ZAHARIADE-JOHN-KARAVAS-\u2013-Two-Fragmentary-Inscriptions-from-Halmyris-pag.-265-270.pdf\" data-type=\"link\" data-id=\"https:\/\/revistapontica.com\/wp-content\/uploads\/2026\/04\/1468-Pontica-52-Supplementum-VI-2019-MIHAIL-ZAHARIADE-JOHN-KARAVAS-\u2013-Two-Fragmentary-Inscriptions-from-Halmyris-pag.-265-270.pdf\">view the PDF version<\/a>&#8211;<\/p>\n\n\n\n<hr class=\"wp-block-separator has-alpha-channel-opacity\"\/>\n\n\n\n<details class=\"wp-block-details is-layout-flow wp-block-details-is-layout-flow\"><summary>Ab Axiupoli VI milia passuum. Cetatea roman\u0103 de la Seimenii Mari (pag. 271-290)<\/summary>\n<p><\/p>\n<\/details>\n\n\n\n<p class=\"has-text-align-center\"><strong><strong>IOAN CAROL OPRI\u0218<\/strong><\/strong><br>&#8211;<a href=\"https:\/\/revistapontica.com\/wp-content\/uploads\/2026\/04\/1469-Pontica-52-Supplementum-VI-2019-IOAN-CAROL-OPRIS-\u2013-Ab-Axiupoli-VI-milia-passuum.-Cetatea-romana-de-la-Seimenii-Mari-pag.-271-290.pdf\" data-type=\"link\" data-id=\"https:\/\/revistapontica.com\/wp-content\/uploads\/2026\/04\/1469-Pontica-52-Supplementum-VI-2019-IOAN-CAROL-OPRIS-\u2013-Ab-Axiupoli-VI-milia-passuum.-Cetatea-romana-de-la-Seimenii-Mari-pag.-271-290.pdf\">view the PDF version<\/a>&#8211;<\/p>\n\n\n\n<hr class=\"wp-block-separator has-alpha-channel-opacity\"\/>\n\n\n\n<details class=\"wp-block-details is-layout-flow wp-block-details-is-layout-flow\"><summary>Dionysos en Limnais et le paysage du marais \u00e0 Orgam\u00e8 (II) (pag. 293-322)<\/summary>\n<p><\/p>\n<\/details>\n\n\n\n<p class=\"has-text-align-center\"><strong><strong>VASILICA LUNG<\/strong>U<\/strong><br>&#8211;<a href=\"https:\/\/revistapontica.com\/wp-content\/uploads\/2026\/04\/1470-Pontica-52-Supplementum-VI-2019-VASILICA-LUNGU-\u2013-Dionysos-en-Limnais-et-le-paysage-du-marais-a-Orgame-II-pag.-293-322.pdf\" data-type=\"link\" data-id=\"https:\/\/revistapontica.com\/wp-content\/uploads\/2026\/04\/1470-Pontica-52-Supplementum-VI-2019-VASILICA-LUNGU-\u2013-Dionysos-en-Limnais-et-le-paysage-du-marais-a-Orgame-II-pag.-293-322.pdf\">view the PDF version<\/a>&#8211;<\/p>\n\n\n\n<hr class=\"wp-block-separator has-alpha-channel-opacity\"\/>\n\n\n\n<details class=\"wp-block-details is-layout-flow wp-block-details-is-layout-flow\"><summary>Reprezent\u0103ri figurate ale Medusei la Callatis (pag. 323-335)<\/summary>\n<p><\/p>\n<\/details>\n\n\n\n<p class=\"has-text-align-center\"><strong><strong>LAUREN\u021aIU RADU<\/strong><\/strong><br>&#8211;<a href=\"https:\/\/revistapontica.com\/wp-content\/uploads\/2026\/04\/1471-Pontica-52-Supplementum-VI-2019-LAURENTIU-RADU-\u2013-Reprezentari-figurate-ale-Medusei-la-Callatis-pag.-323-335.pdf\" data-type=\"link\" data-id=\"https:\/\/revistapontica.com\/wp-content\/uploads\/2026\/04\/1471-Pontica-52-Supplementum-VI-2019-LAURENTIU-RADU-\u2013-Reprezentari-figurate-ale-Medusei-la-Callatis-pag.-323-335.pdf\">view the PDF version<\/a>&#8211;<\/p>\n\n\n\n<hr class=\"wp-block-separator has-alpha-channel-opacity\"\/>\n\n\n\n<details class=\"wp-block-details is-layout-flow wp-block-details-is-layout-flow\"><summary>Cataram\u0103 de centur\u0103 descoperit\u0103 \u00een fortifica\u021bia de la Albe\u0219ti (pag. 337-343)<\/summary>\n<p><\/p>\n<\/details>\n\n\n\n<p class=\"has-text-align-center\"><strong>NICOLAIE ALEXANDRU<\/strong><br>&#8211;<a href=\"https:\/\/revistapontica.com\/wp-content\/uploads\/2026\/04\/1472-Pontica-52-Supplementum-VI-2019-NICOLAIE-ALEXANDRU-\u2013-Catarama-de-centura-descoperita-in-fortificatia-de-la-Albesti-pag.-337-343.pdf\" data-type=\"link\" data-id=\"https:\/\/revistapontica.com\/wp-content\/uploads\/2026\/04\/1472-Pontica-52-Supplementum-VI-2019-NICOLAIE-ALEXANDRU-\u2013-Catarama-de-centura-descoperita-in-fortificatia-de-la-Albesti-pag.-337-343.pdf\">view the PDF version<\/a>&#8211;<\/p>\n\n\n\n<hr class=\"wp-block-separator has-alpha-channel-opacity\"\/>\n\n\n\n<details class=\"wp-block-details is-layout-flow wp-block-details-is-layout-flow\"><summary>Un vas uitat \u0219i redescoperit (pag. 345-352)<\/summary>\n<p><\/p>\n<\/details>\n\n\n\n<p class=\"has-text-align-center\"><strong><strong>MARIA ALEXANDRESCU VIANU<\/strong><\/strong><br>&#8211;<a href=\"https:\/\/revistapontica.com\/wp-content\/uploads\/2026\/04\/1473-Pontica-52-Supplementum-VI-2019-MARIA-ALEXANDRESCU-VIANU-\u2013-Un-vas-uitat-si-redescoperit-pag.-345-352.pdf\" data-type=\"link\" data-id=\"https:\/\/revistapontica.com\/wp-content\/uploads\/2026\/04\/1473-Pontica-52-Supplementum-VI-2019-MARIA-ALEXANDRESCU-VIANU-\u2013-Un-vas-uitat-si-redescoperit-pag.-345-352.pdf\">view the PDF version<\/a>&#8211;<\/p>\n\n\n\n<hr class=\"wp-block-separator has-alpha-channel-opacity\"\/>\n\n\n\n<details class=\"wp-block-details is-layout-flow wp-block-details-is-layout-flow\"><summary>Teracote din a\u0219ezarea civil\u0103 de la Ostrov (Durostorum), jude\u021bul Constan\u021ba (IV) (pag. 353-377)<\/summary>\n<p><\/p>\n<\/details>\n\n\n\n<p class=\"has-text-align-center\"><strong><strong>ADELA B\u00c2LT\u00c2C, CHRISTINA \u0218TIRBULESCU<\/strong><\/strong><br>&#8211;<a href=\"https:\/\/revistapontica.com\/wp-content\/uploads\/2026\/04\/1474-Pontica-52-Supplementum-VI-2019-ADELA-BALTAC-CHRISTINA-STIRBULESCU-\u2013-Teracote-din-asezarea-civila-de-la-Ostrov-Durostorum-judetul-Constanta-IV-pag.-353-377.pdf\" data-type=\"link\" data-id=\"https:\/\/revistapontica.com\/wp-content\/uploads\/2026\/04\/1474-Pontica-52-Supplementum-VI-2019-ADELA-BALTAC-CHRISTINA-STIRBULESCU-\u2013-Teracote-din-asezarea-civila-de-la-Ostrov-Durostorum-judetul-Constanta-IV-pag.-353-377.pdf\">view the PDF version<\/a>&#8211;<\/p>\n\n\n\n<hr class=\"wp-block-separator has-alpha-channel-opacity\"\/>\n\n\n\n<details class=\"wp-block-details is-layout-flow wp-block-details-is-layout-flow\"><summary>R\u00e4umliche Gliederung der Gr\u00e4berfelder von Tomis in hellenistischer und r\u00f6mischer Zeit (pag. 379-389)<\/summary>\n<p><\/p>\n<\/details>\n\n\n\n<p class=\"has-text-align-center\"><strong><strong>CONSTANTIN CHERA<\/strong><\/strong><br>&#8211;<a href=\"https:\/\/revistapontica.com\/wp-content\/uploads\/2026\/04\/1475-Pontica-52-Supplementum-VI-2019-CONSTANTIN-CHERA-\u2013-Raumliche-Gliederung-der-Graberfelder-von-Tomis-in-hellenistischer-und-romischer-Zeit-pag.-379-389.pdf\" data-type=\"link\" data-id=\"https:\/\/revistapontica.com\/wp-content\/uploads\/2026\/04\/1475-Pontica-52-Supplementum-VI-2019-CONSTANTIN-CHERA-\u2013-Raumliche-Gliederung-der-Graberfelder-von-Tomis-in-hellenistischer-und-romischer-Zeit-pag.-379-389.pdf\">view the PDF version<\/a>&#8211;<\/p>\n\n\n\n<hr class=\"wp-block-separator has-alpha-channel-opacity\"\/>\n\n\n\n<details class=\"wp-block-details is-layout-flow wp-block-details-is-layout-flow\"><summary>Edificii publice cu caracter comercial \u00een zona portului tomitan (pag. 391-407)<\/summary>\n<p><\/p>\n<\/details>\n\n\n\n<p class=\"has-text-align-center\"><strong><strong>IRINA SODOLEANU<\/strong><\/strong><br>&#8211;<a href=\"https:\/\/revistapontica.com\/wp-content\/uploads\/2026\/04\/1476-Pontica-52-Supplementum-VI-2019-IRINA-SODOLEANU-\u2013-Edificii-publice-cu-caracter-comercial-in-zona-portului-tomitan-pag.-391-407.pdf\" data-type=\"link\" data-id=\"https:\/\/revistapontica.com\/wp-content\/uploads\/2026\/04\/1476-Pontica-52-Supplementum-VI-2019-IRINA-SODOLEANU-\u2013-Edificii-publice-cu-caracter-comercial-in-zona-portului-tomitan-pag.-391-407.pdf\">view the PDF version<\/a>&#8211;<\/p>\n\n\n\n<hr class=\"wp-block-separator has-alpha-channel-opacity\"\/>\n\n\n\n<details class=\"wp-block-details is-layout-flow wp-block-details-is-layout-flow\"><summary>Considera\u021bii asupra zidului de incint\u0103 al Tomisului din antichitatea t\u00e2rzie \u00een contextul unor cercet\u0103ri recente (pag. 409-429)<\/summary>\n<p><\/p>\n<\/details>\n\n\n\n<p class=\"has-text-align-center\"><strong>OCTAVIAN MITROI<\/strong><br>&#8211;<a href=\"https:\/\/revistapontica.com\/wp-content\/uploads\/2026\/04\/1477-Pontica-52-Supplementum-VI-2019-OCTAVIAN-MITROI-\u2013-Consideratii-asupra-zidului-de-incinta-al-Tomisului-din-antichitatea-tarzie-in-contextul-unor-cercetari-recente-pag.-409-429.pdf\" data-type=\"link\" data-id=\"https:\/\/revistapontica.com\/wp-content\/uploads\/2026\/04\/1477-Pontica-52-Supplementum-VI-2019-OCTAVIAN-MITROI-\u2013-Consideratii-asupra-zidului-de-incinta-al-Tomisului-din-antichitatea-tarzie-in-contextul-unor-cercetari-recente-pag.-409-429.pdf\">view the PDF version<\/a>&#8211;<\/p>\n\n\n\n<hr class=\"wp-block-separator has-alpha-channel-opacity\"\/>\n\n\n\n<details class=\"wp-block-details is-layout-flow wp-block-details-is-layout-flow\"><summary>Dou\u0103 noi capace de teriac descoperite pe teritoriul Dobrogei (pag. 431-443)<\/summary>\n<p><\/p>\n<\/details>\n\n\n\n<p class=\"has-text-align-center\"><strong>GABRIEL CUSTUREA<\/strong><br>&#8211;<a href=\"https:\/\/revistapontica.com\/wp-content\/uploads\/2026\/04\/1478-Pontica-52-Supplementum-VI-2019-GABRIEL-CUSTUREA-\u2013-Doua-noi-capace-de-teriac-descoperite-pe-teritoriul-Dobrogei-pag.-431-443.pdf\" data-type=\"link\" data-id=\"https:\/\/revistapontica.com\/wp-content\/uploads\/2026\/04\/1478-Pontica-52-Supplementum-VI-2019-GABRIEL-CUSTUREA-\u2013-Doua-noi-capace-de-teriac-descoperite-pe-teritoriul-Dobrogei-pag.-431-443.pdf\">view the PDF version<\/a>&#8211;<\/p>","protected":false},"excerpt":{"rendered":"<p>SUMAR&#8211;deschide varianta PDF&#8211; Lista abrevierilor&#8211;deschide varianta PDF&#8211; Livia BUZOIANU&#8211;deschide varianta PDF&#8211; Ioana BOGDAN C\u0102T\u0102NICIU&#8211;deschide varianta PDF&#8211; MARIA B\u0102RBULESCU&#8211;deschide varianta PDF&#8211; LIVIA BUZOIANU, MARIA B\u0102RBULESCU&#8211;deschide varianta PDF&#8211; LIGIA RUSCU&#8211;deschide varianta PDF&#8211; VICTOR COJOCARU&#8211;deschide varianta PDF&#8211; ANDREEA-RALUCA BARBO\u0218, DECEBAL NEDU&#8211;deschide varianta PDF&#8211; NELU ZUGRAVU&#8211;deschide varianta PDF&#8211; EMILIAN POPESCU&#8211;deschide varianta PDF&#8211; DAN DANA, M\u0102D\u0102LINA DANA&#8211;deschide varianta PDF&#8211; LIVIA [&hellip;]<\/p>\n","protected":false},"author":2,"featured_media":0,"comment_status":"closed","ping_status":"closed","sticky":false,"template":"","format":"standard","meta":{"footnotes":""},"categories":[19],"tags":[],"class_list":["post-1965","post","type-post","status-publish","format-standard","hentry","category-supplementum"],"_links":{"self":[{"href":"https:\/\/revistapontica.com\/en\/wp-json\/wp\/v2\/posts\/1965","targetHints":{"allow":["GET"]}}],"collection":[{"href":"https:\/\/revistapontica.com\/en\/wp-json\/wp\/v2\/posts"}],"about":[{"href":"https:\/\/revistapontica.com\/en\/wp-json\/wp\/v2\/types\/post"}],"author":[{"embeddable":true,"href":"https:\/\/revistapontica.com\/en\/wp-json\/wp\/v2\/users\/2"}],"replies":[{"embeddable":true,"href":"https:\/\/revistapontica.com\/en\/wp-json\/wp\/v2\/comments?post=1965"}],"version-history":[{"count":3,"href":"https:\/\/revistapontica.com\/en\/wp-json\/wp\/v2\/posts\/1965\/revisions"}],"predecessor-version":[{"id":3171,"href":"https:\/\/revistapontica.com\/en\/wp-json\/wp\/v2\/posts\/1965\/revisions\/3171"}],"wp:attachment":[{"href":"https:\/\/revistapontica.com\/en\/wp-json\/wp\/v2\/media?parent=1965"}],"wp:term":[{"taxonomy":"category","embeddable":true,"href":"https:\/\/revistapontica.com\/en\/wp-json\/wp\/v2\/categories?post=1965"},{"taxonomy":"post_tag","embeddable":true,"href":"https:\/\/revistapontica.com\/en\/wp-json\/wp\/v2\/tags?post=1965"}],"curies":[{"name":"wp","href":"https:\/\/api.w.org\/{rel}","templated":true}]}}