{"id":1977,"date":"2026-04-26T15:36:23","date_gmt":"2026-04-26T12:36:23","guid":{"rendered":"https:\/\/revistapontica.com\/?p=1977"},"modified":"2026-04-30T15:22:31","modified_gmt":"2026-04-30T12:22:31","slug":"pontica-nr-46-supplementum-ii-2013","status":"publish","type":"post","link":"https:\/\/revistapontica.com\/en\/pontica-nr-46-supplementum-ii-2013\/","title":{"rendered":"Pontica Nr. 46 Supplementum II (2013)"},"content":{"rendered":"<div class=\"wp-block-image\">\n<figure class=\"aligncenter size-large is-resized\"><img fetchpriority=\"high\" decoding=\"async\" width=\"725\" height=\"1024\" src=\"https:\/\/revistapontica.com\/wp-content\/uploads\/2026\/04\/sup-46-725x1024.jpg\" alt=\"\" class=\"wp-image-1951\" style=\"width:548px;height:auto\" srcset=\"https:\/\/revistapontica.com\/wp-content\/uploads\/2026\/04\/sup-46-725x1024.jpg 725w, https:\/\/revistapontica.com\/wp-content\/uploads\/2026\/04\/sup-46-213x300.jpg 213w, https:\/\/revistapontica.com\/wp-content\/uploads\/2026\/04\/sup-46-768x1084.jpg 768w, https:\/\/revistapontica.com\/wp-content\/uploads\/2026\/04\/sup-46-9x12.jpg 9w, https:\/\/revistapontica.com\/wp-content\/uploads\/2026\/04\/sup-46.jpg 850w\" sizes=\"(max-width: 725px) 100vw, 725px\" \/><\/figure>\n<\/div>\n\n\n<div style=\"height:50px\" aria-hidden=\"true\" class=\"wp-block-spacer\"><\/div>\n\n\n\n<div class=\"wp-block-buttons is-content-justification-center is-layout-flex wp-container-core-buttons-is-layout-16018d1d wp-block-buttons-is-layout-flex\">\n<div class=\"wp-block-button is-style-outline is-style-outline--1\"><a class=\"wp-block-button__link has-small-font-size has-custom-font-size wp-element-button\" href=\"https:\/\/revistapontica.com\/wp-content\/uploads\/2026\/04\/Pontica-46-Supplementum-II-2013.pdf\" style=\"border-top-left-radius:0px;border-top-right-radius:0px;border-bottom-left-radius:0px;border-bottom-right-radius:0px\"><strong>OPEN SUPPLEMENTUM II \u2013 COMPLETE VARIANT IN .PDF FORMAT<\/strong> (80 Mb)<\/a><\/div>\n<\/div>\n\n\n\n<div style=\"height:50px\" aria-hidden=\"true\" class=\"wp-block-spacer\"><\/div>\n\n\n\n<p class=\"has-text-align-center\"><strong>SUMMARY<\/strong><br>&#8211;<a href=\"https:\/\/revistapontica.com\/wp-content\/uploads\/2026\/04\/Pontica-46-Supplementum-II-2013-Sumar.pdf\" data-type=\"link\" data-id=\"https:\/\/revistapontica.com\/wp-content\/uploads\/2026\/04\/Pontica-46-Supplementum-II-2013-Sumar.pdf\">view the PDF version<\/a>&#8211;<\/p>\n\n\n\n<hr class=\"wp-block-separator has-alpha-channel-opacity\"\/>\n\n\n\n<p class=\"has-text-align-center\"><strong><strong><strong><strong>Production et commerce amphorique en mer Noire \u2013 PATABS III. Argumentaire<\/strong><\/strong><\/strong><\/strong><br>&#8211;<a href=\"https:\/\/revistapontica.com\/wp-content\/uploads\/2026\/04\/1205-Pontica-46-Supplementum-II-2013-Production-et-commerce-amphorique-en-mer-Noire-\u2013-PATABS-III.-Argumentaire.pdf\" data-type=\"link\" data-id=\"https:\/\/revistapontica.com\/wp-content\/uploads\/2026\/04\/1205-Pontica-46-Supplementum-II-2013-Production-et-commerce-amphorique-en-mer-Noire-\u2013-PATABS-III.-Argumentaire.pdf\">view the PDF version<\/a>&#8211;<\/p>\n\n\n\n<hr class=\"wp-block-separator has-alpha-channel-opacity\"\/>\n\n\n\n<details class=\"wp-block-details is-layout-flow wp-block-details-is-layout-flow\"><summary>Yvon Garlan \u00e0 80 ans<\/summary>\n<p><\/p>\n<\/details>\n\n\n\n<p class=\"has-text-align-center\"><strong><strong><strong>ALEXANDRU AVRAM <\/strong><\/strong><\/strong><br>&#8211;<a href=\"https:\/\/revistapontica.com\/wp-content\/uploads\/2026\/04\/1206-Pontica-46-Supplementum-II-2013-ALEXANDRU-AVRAM-\u2013-Yvon-Garlan-a-80-ans.pdf\" data-type=\"link\" data-id=\"https:\/\/revistapontica.com\/wp-content\/uploads\/2026\/04\/1206-Pontica-46-Supplementum-II-2013-ALEXANDRU-AVRAM-\u2013-Yvon-Garlan-a-80-ans.pdf\">view the PDF version<\/a>&#8211;<\/p>\n\n\n\n<hr class=\"wp-block-separator has-alpha-channel-opacity\"\/>\n\n\n\n<details class=\"wp-block-details is-layout-flow wp-block-details-is-layout-flow\"><summary>Notes sur deux embl\u00e8mes de timbres amphoriques thasiens<\/summary>\n<p><\/p>\n<\/details>\n\n\n\n<p class=\"has-text-align-center\"><strong><strong><strong>JAN BOUZEK <\/strong><\/strong><\/strong><br>&#8211;<a href=\"https:\/\/revistapontica.com\/wp-content\/uploads\/2026\/04\/1207-Pontica-46-Supplementum-II-2013-JAN-BOUZEK-\u2013-Notes-sur-deux-emblemes-de-timbres-amphoriques-thasiens.pdf\" data-type=\"link\" data-id=\"https:\/\/revistapontica.com\/wp-content\/uploads\/2026\/04\/1207-Pontica-46-Supplementum-II-2013-JAN-BOUZEK-\u2013-Notes-sur-deux-emblemes-de-timbres-amphoriques-thasiens.pdf\">view the PDF version<\/a>&#8211;<\/p>\n\n\n\n<hr class=\"wp-block-separator has-alpha-channel-opacity\"\/>\n\n\n\n<details class=\"wp-block-details is-layout-flow wp-block-details-is-layout-flow\"><summary>Die Keramikstempel von Sinope und die Geschichte der Polis in der sp\u00e4tklassischen und hellenistischen Zeit<\/summary>\n<p><\/p>\n<\/details>\n\n\n\n<p class=\"has-text-align-center\"><strong><strong><strong>NIKOLAI JEFREMOW<\/strong><\/strong><\/strong><br>&#8211;<a href=\"#\" data-type=\"link\" data-id=\"https:\/\/revistapontica.com\/wp-content\/uploads\/2026\/04\/4-2022.pdf\">deschide varianta<\/a><a href=\"https:\/\/revistapontica.com\/wp-content\/uploads\/2026\/04\/1208-Pontica-46-Supplementum-II-2013-NIKOLAI-JEFREMOW-\u2013-Die-Keramikstempel-von-Sinope-und-die-Geschichte-der-Polis-in-der-spatklassischen-und-hellenistischen-Zeit.pdf\" data-type=\"link\" data-id=\"https:\/\/revistapontica.com\/wp-content\/uploads\/2026\/04\/1208-Pontica-46-Supplementum-II-2013-NIKOLAI-JEFREMOW-\u2013-Die-Keramikstempel-von-Sinope-und-die-Geschichte-der-Polis-in-der-spatklassischen-und-hellenistischen-Zeit.pdf\"> <\/a><a href=\"#\" data-type=\"link\" data-id=\"https:\/\/revistapontica.com\/wp-content\/uploads\/2026\/04\/4-2022.pdf\">PDF<\/a>&#8211;<\/p>\n\n\n\n<hr class=\"wp-block-separator has-alpha-channel-opacity\"\/>\n\n\n\n<details class=\"wp-block-details is-layout-flow wp-block-details-is-layout-flow\"><summary>Obtenir des chiffres pour l\u2019\u00e9conomie grecque &#8211; des monnaies aux amphores timbr\u00e9e<\/summary>\n<p><\/p>\n<\/details>\n\n\n\n<p class=\"has-text-align-center\"><strong><strong>MICHEL DEBIDOUR<\/strong><\/strong><br>&#8211;<a href=\"https:\/\/revistapontica.com\/wp-content\/uploads\/2026\/04\/1209-Pontica-46-Supplementum-II-2013-MICHEL-DEBIDOUR-\u2013-Obtenir-des-chiffres-pour-leconomie-grecque-des-monnaies-aux-amphores-timbree.pdf\" data-type=\"link\" data-id=\"https:\/\/revistapontica.com\/wp-content\/uploads\/2026\/04\/1209-Pontica-46-Supplementum-II-2013-MICHEL-DEBIDOUR-\u2013-Obtenir-des-chiffres-pour-leconomie-grecque-des-monnaies-aux-amphores-timbree.pdf\">view the PDF version<\/a>&#8211;<\/p>\n\n\n\n<hr class=\"wp-block-separator has-alpha-channel-opacity\"\/>\n\n\n\n<details class=\"wp-block-details is-layout-flow wp-block-details-is-layout-flow\"><summary>The Use life of Wine Amphorae<\/summary>\n<p><\/p>\n<\/details>\n\n\n\n<p class=\"has-text-align-center\"><strong><strong>S. YU. VNUKOV<\/strong><\/strong><br>&#8211;<a href=\"https:\/\/revistapontica.com\/wp-content\/uploads\/2026\/04\/1210-Pontica-46-Supplementum-II-2013-S.-YU.-VNUKOV-\u2013-The-Use-life-of-Wine-Amphorae.pdf\" data-type=\"link\" data-id=\"https:\/\/revistapontica.com\/wp-content\/uploads\/2026\/04\/1210-Pontica-46-Supplementum-II-2013-S.-YU.-VNUKOV-\u2013-The-Use-life-of-Wine-Amphorae.pdf\">view the PDF version<\/a>&#8211;<\/p>\n\n\n\n<hr class=\"wp-block-separator has-alpha-channel-opacity\"\/>\n\n\n\n<details class=\"wp-block-details is-layout-flow wp-block-details-is-layout-flow\"><summary>Transport Amphorae from Akanthos<\/summary>\n<p><\/p>\n<\/details>\n\n\n\n<p class=\"has-text-align-center\"><strong><strong>KONSTANTINOS FILIS<\/strong><\/strong><br>&#8211;<a href=\"https:\/\/revistapontica.com\/wp-content\/uploads\/2026\/04\/1211-Pontica-46-Supplementum-II-2013-KONSTANTINOS-FILIS-\u2013-Transport-Amphorae-from-Akanthos.pdf\" data-type=\"link\" data-id=\"https:\/\/revistapontica.com\/wp-content\/uploads\/2026\/04\/1211-Pontica-46-Supplementum-II-2013-KONSTANTINOS-FILIS-\u2013-Transport-Amphorae-from-Akanthos.pdf\">view the PDF version<\/a>&#8211;<\/p>\n\n\n\n<hr class=\"wp-block-separator has-alpha-channel-opacity\"\/>\n\n\n\n<details class=\"wp-block-details is-layout-flow wp-block-details-is-layout-flow\"><summary>Timbres amphoriques de Mend\u00e9 et de Cassandreia<\/summary>\n<p><\/p>\n<\/details>\n\n\n\n<p class=\"has-text-align-center\"><strong><strong>NATHAN BADOUD<\/strong><\/strong><br>&#8211;<a href=\"https:\/\/revistapontica.com\/wp-content\/uploads\/2026\/04\/1212-Pontica-46-Supplementum-II-2013-NATHAN-BADOUD-\u2013-Timbres-amphoriques-de-Mende-et-de-Cassandreia.pdf\" data-type=\"link\" data-id=\"https:\/\/revistapontica.com\/wp-content\/uploads\/2026\/04\/1212-Pontica-46-Supplementum-II-2013-NATHAN-BADOUD-\u2013-Timbres-amphoriques-de-Mende-et-de-Cassandreia.pdf\">view the PDF version<\/a>&#8211;<\/p>\n\n\n\n<hr class=\"wp-block-separator has-alpha-channel-opacity\"\/>\n\n\n\n<details class=\"wp-block-details is-layout-flow wp-block-details-is-layout-flow\"><summary>Stamps on Amphorae and Lagynoi Handles from the Island of Chios<\/summary>\n<p><\/p>\n<\/details>\n\n\n\n<p class=\"has-text-align-center\"><strong><strong>ARIS TSARAVOPOULOS, ANDREI OPAI\u021a, GELLY FRAGOU<\/strong><\/strong><br>&#8211;<a href=\"https:\/\/revistapontica.com\/wp-content\/uploads\/2026\/04\/1213-Pontica-46-Supplementum-II-2013-ARIS-TSARAVOPOULOS-ANDREI-OPAIT-GELLY-FRAGOU-\u2013-Stamps-on-Amphorae-and-Lagynoi-Handles-from-the-Island-of-Chios.pdf\" data-type=\"link\" data-id=\"https:\/\/revistapontica.com\/wp-content\/uploads\/2026\/04\/1213-Pontica-46-Supplementum-II-2013-ARIS-TSARAVOPOULOS-ANDREI-OPAIT-GELLY-FRAGOU-\u2013-Stamps-on-Amphorae-and-Lagynoi-Handles-from-the-Island-of-Chios.pdf\">view the PDF version<\/a>&#8211;<\/p>\n\n\n\n<hr class=\"wp-block-separator has-alpha-channel-opacity\"\/>\n\n\n\n<details class=\"wp-block-details is-layout-flow wp-block-details-is-layout-flow\"><summary>Le fabricant Diokl\u00e8s 2 et la place des femmes dans le syst\u00e8me de timbrage rhodien. <\/summary>\n<p><\/p>\n<\/details>\n\n\n\n<p class=\"has-text-align-center\"><strong><strong>NATHAN BADOUD, NATALIA MATEEVICI, TATIANA SAMOJLOVA<\/strong><\/strong><br>&#8211;<a href=\"https:\/\/revistapontica.com\/wp-content\/uploads\/2026\/04\/1214-Pontica-46-Supplementum-II-2013-NATHAN-BADOUD-NATALIA-MATEEVICI-TATIANA-SAMOJLOVA-\u2013-Le-fabricant-Diokles-2-et-la-place-des-femmes-dans-le-systeme-de-timbrage-rhodien.-A-propos.pdf\" data-type=\"link\" data-id=\"https:\/\/revistapontica.com\/wp-content\/uploads\/2026\/04\/1214-Pontica-46-Supplementum-II-2013-NATHAN-BADOUD-NATALIA-MATEEVICI-TATIANA-SAMOJLOVA-\u2013-Le-fabricant-Diokles-2-et-la-place-des-femmes-dans-le-systeme-de-timbrage-rhodien.-A-propos.pdf\">view the PDF version<\/a>&#8211;<\/p>\n\n\n\n<hr class=\"wp-block-separator has-alpha-channel-opacity\"\/>\n\n\n\n<details class=\"wp-block-details is-layout-flow wp-block-details-is-layout-flow\"><summary>Les ateliers implant\u00e9s sur la rive sud de la mer Noire un \u00e9tat de la question<\/summary>\n<p><\/p>\n<\/details>\n\n\n\n<p class=\"has-text-align-center\"><strong><strong>DOMINIQUE KASSAB TEZG\u00d6R<\/strong><\/strong><br>&#8211;<a href=\"https:\/\/revistapontica.com\/wp-content\/uploads\/2026\/04\/1215-Pontica-46-Supplementum-II-2013-DOMINIQUE-KASSAB-TEZGOR-\u2013-Les-ateliers-implantes-sur-la-rive-sud-de-la-mer-Noire-un-etat-de-la-question.pdf\" data-type=\"link\" data-id=\"https:\/\/revistapontica.com\/wp-content\/uploads\/2026\/04\/1215-Pontica-46-Supplementum-II-2013-DOMINIQUE-KASSAB-TEZGOR-\u2013-Les-ateliers-implantes-sur-la-rive-sud-de-la-mer-Noire-un-etat-de-la-question.pdf\">view the PDF version<\/a>&#8211;<\/p>\n\n\n\n<hr class=\"wp-block-separator has-alpha-channel-opacity\"\/>\n\n\n\n<details class=\"wp-block-details is-layout-flow wp-block-details-is-layout-flow\"><summary>Une nouvelle s\u00e9rie d\u2019amphores hell\u00e9nistiques &#8211; le type \u201cKouban\u201d<\/summary>\n<p><\/p>\n<\/details>\n\n\n\n<p class=\"has-text-align-center\"><strong><strong>N. YU. LIMBERIS, I. I. MAR\u010cENKO, S. JU. MONACHOV<\/strong><\/strong><br>&#8211;<a href=\"https:\/\/revistapontica.com\/wp-content\/uploads\/2026\/04\/1216-Pontica-46-Supplementum-II-2013-N.-YU.-LIMBERIS-I.-I.-MARCENKO-S.-JU.-MONACHOV-\u2013-Une-nouvelle-serie-damphores-hellenistiques-le-type-Kouban.pdf\" data-type=\"link\" data-id=\"https:\/\/revistapontica.com\/wp-content\/uploads\/2026\/04\/1216-Pontica-46-Supplementum-II-2013-N.-YU.-LIMBERIS-I.-I.-MARCENKO-S.-JU.-MONACHOV-\u2013-Une-nouvelle-serie-damphores-hellenistiques-le-type-Kouban.pdf\">view the PDF version<\/a>&#8211;<\/p>\n\n\n\n<hr class=\"wp-block-separator has-alpha-channel-opacity\"\/>\n\n\n\n<details class=\"wp-block-details is-layout-flow wp-block-details-is-layout-flow\"><summary>A Ceramic Amphorae Production Workshop of the First Half of the 3rd Century AD in Panticapaeum<\/summary>\n<p><\/p>\n<\/details>\n\n\n\n<p class=\"has-text-align-center\"><strong><strong>ALEKSANDER L. YERMOLIN, NICOLAJ F. FEDOSEEV<\/strong><br><\/strong>&#8211;<a href=\"#\" data-type=\"link\" data-id=\"https:\/\/revistapontica.com\/\">deschide <\/a><a href=\"https:\/\/revistapontica.com\/wp-content\/uploads\/2026\/04\/1217-Pontica-46-Supplementum-II-2013-ALEKSANDER-L.-YERMOLIN-NICOLAJ-F.-FEDOSEEV-\u2013-A-Ceramic-Amphorae-Production-Workshop-of-the-First-Half-of-the-3rd-Century-AD-in-Panticapaeum.pdf\" data-type=\"link\" data-id=\"https:\/\/revistapontica.com\/wp-content\/uploads\/2026\/04\/1217-Pontica-46-Supplementum-II-2013-ALEKSANDER-L.-YERMOLIN-NICOLAJ-F.-FEDOSEEV-\u2013-A-Ceramic-Amphorae-Production-Workshop-of-the-First-Half-of-the-3rd-Century-AD-in-Panticapaeum.pdf\">varianta PDF<\/a>&#8211;<\/p>\n\n\n\n<hr class=\"wp-block-separator has-alpha-channel-opacity\"\/>\n\n\n\n<details class=\"wp-block-details is-layout-flow wp-block-details-is-layout-flow\"><summary>Transport Amphoras of the Second Half of the 7th \u2013 Beginning of the 6th Cent. BC in Histria<\/summary>\n<p><\/p>\n<\/details>\n\n\n\n<p class=\"has-text-align-center\"><strong><strong>IULIAN B\u00ceRZESCU<\/strong><\/strong><br>&#8211;<a href=\"https:\/\/revistapontica.com\/wp-content\/uploads\/2026\/04\/1218-Pontica-46-Supplementum-II-2013-IULIAN-BIRZESCU-\u2013-Transport-Amphoras-of-the-Second-Half-of-the-7th-\u2013-Beginning-of-the-6th-Cent.-BC-in-Histria.pdf\" data-type=\"link\" data-id=\"https:\/\/revistapontica.com\/wp-content\/uploads\/2026\/04\/1218-Pontica-46-Supplementum-II-2013-IULIAN-BIRZESCU-\u2013-Transport-Amphoras-of-the-Second-Half-of-the-7th-\u2013-Beginning-of-the-6th-Cent.-BC-in-Histria.pdf\">deschide varia<\/a><a href=\"#\" data-type=\"link\" data-id=\"https:\/\/revistapontica.com\/wp-content\/uploads\/2026\/03\/13-2023.pdf\">nta PDF<\/a>&#8211;<\/p>\n\n\n\n<hr class=\"wp-block-separator has-alpha-channel-opacity\"\/>\n\n\n\n<details class=\"wp-block-details is-layout-flow wp-block-details-is-layout-flow\"><summary>Les fouilles anglo turques de l\u2019ancienne Smyrne (1948-1951) &#8211; archives de John Cook sur les amphores de transport<\/summary>\n<p><\/p>\n<\/details>\n\n\n\n<p class=\"has-text-align-center\"><strong>PIERRE DUPONT, VASILICA LUNGU<br><\/strong>&#8211;<a href=\"https:\/\/revistapontica.com\/wp-content\/uploads\/2026\/04\/1219-Pontica-46-Supplementum-II-2013-PIERRE-DUPONT-VASILICA-LUNGU-\u2013-Les-fouilles-anglo-turques-de-lancienne-Smyrne-1948-1951-archives-de-John-Cook-sur-les-amphores-de-transport.pdf\" data-type=\"link\" data-id=\"https:\/\/revistapontica.com\/wp-content\/uploads\/2026\/04\/1219-Pontica-46-Supplementum-II-2013-PIERRE-DUPONT-VASILICA-LUNGU-\u2013-Les-fouilles-anglo-turques-de-lancienne-Smyrne-1948-1951-archives-de-John-Cook-sur-les-amphores-de-transport.pdf\">view the PDF version<\/a>&#8211;<\/p>\n\n\n\n<hr class=\"wp-block-separator has-alpha-channel-opacity\"\/>\n\n\n\n<details class=\"wp-block-details is-layout-flow wp-block-details-is-layout-flow\"><summary>A New Deposit of Amphorae in the Dnieper Estuary (Last Quarter of the 4th Cent. BC)<\/summary>\n<p><\/p>\n<\/details>\n\n\n\n<p class=\"has-text-align-center\"><strong><strong>VALERYA BYLKOVA<\/strong><\/strong><br>&#8211;<a href=\"https:\/\/revistapontica.com\/wp-content\/uploads\/2026\/04\/1220-Pontica-46-Supplementum-II-2013-VALERYA-BYLKOVA-\u2013-A-New-Deposit-of-Amphorae-in-the-Dnieper-Estuary-Last-Quarter-of-the-4th-Cent.-BC.pdf\" data-type=\"link\" data-id=\"https:\/\/revistapontica.com\/wp-content\/uploads\/2026\/04\/1220-Pontica-46-Supplementum-II-2013-VALERYA-BYLKOVA-\u2013-A-New-Deposit-of-Amphorae-in-the-Dnieper-Estuary-Last-Quarter-of-the-4th-Cent.-BC.pdf\">view the PDF version<\/a>&#8211;<\/p>\n\n\n\n<hr class=\"wp-block-separator has-alpha-channel-opacity\"\/>\n\n\n\n<details class=\"wp-block-details is-layout-flow wp-block-details-is-layout-flow\"><summary>Timbres amphoriques d\u00e9couverts dans deux fermes de la chora d\u2019Olbia (fouilles 2003-2012)<\/summary>\n<p><\/p>\n<\/details>\n\n\n\n<p class=\"has-text-align-center\"><strong><strong>S. N. LYA\u0160CO, N. MATEEVICI, V. A. PAPANOVA<\/strong><\/strong><br>&#8211;<a href=\"https:\/\/revistapontica.com\/wp-content\/uploads\/2026\/04\/1221-Pontica-46-Supplementum-II-2013-S.-N.-LYASCO-N.-MATEEVICI-V.-A.-PAPANOVA-\u2013Timbres-amphoriques-decouverts-dans-deux-fermes-de-la-chora-dOlbia-fouilles-2003-2012.pdf\" data-type=\"link\" data-id=\"https:\/\/revistapontica.com\/wp-content\/uploads\/2026\/04\/1221-Pontica-46-Supplementum-II-2013-S.-N.-LYASCO-N.-MATEEVICI-V.-A.-PAPANOVA-\u2013Timbres-amphoriques-decouverts-dans-deux-fermes-de-la-chora-dOlbia-fouilles-2003-2012.pdf\">view the PDF version<\/a>&#8211;<\/p>\n\n\n\n<hr class=\"wp-block-separator has-alpha-channel-opacity\"\/>\n\n\n\n<details class=\"wp-block-details is-layout-flow wp-block-details-is-layout-flow\"><summary>D\u00e9couvertes sous marines de la zone du littoral roumain de la mer Noire<\/summary>\n<p><\/p>\n<\/details>\n\n\n\n<p class=\"has-text-align-center\"><strong><strong>LIVIA BUZOIANU<\/strong><\/strong><br>&#8211;<a href=\"https:\/\/revistapontica.com\/wp-content\/uploads\/2026\/04\/1222-Pontica-46-Supplementum-II-2013-LIVIA-BUZOIANU-\u2013-Decouvertes-sous-marines-de-la-zone-du-littoral-roumain-de-la-mer-Noire.pdf\" data-type=\"link\" data-id=\"https:\/\/revistapontica.com\/wp-content\/uploads\/2026\/04\/1222-Pontica-46-Supplementum-II-2013-LIVIA-BUZOIANU-\u2013-Decouvertes-sous-marines-de-la-zone-du-littoral-roumain-de-la-mer-Noire.pdf\">view the PDF version<\/a>&#8211;<\/p>\n\n\n\n<hr class=\"wp-block-separator has-alpha-channel-opacity\"\/>\n\n\n\n<details class=\"wp-block-details is-layout-flow wp-block-details-is-layout-flow\"><summary>Unpublished Greek Transport Amphorae Discovered at Tomis<\/summary>\n<p><\/p>\n<\/details>\n\n\n\n<p class=\"has-text-align-center\"><strong><strong>IRINA NASTASI<\/strong><\/strong><br>&#8211;<a href=\"https:\/\/revistapontica.com\/wp-content\/uploads\/2026\/04\/1223-Pontica-46-Supplementum-II-2013-IRINA-NASTASI-\u2013-Unpublished-Greek-Transport-Amphorae-Discovered-at-Tomis.pdf\" data-type=\"link\" data-id=\"https:\/\/revistapontica.com\/wp-content\/uploads\/2026\/04\/1223-Pontica-46-Supplementum-II-2013-IRINA-NASTASI-\u2013-Unpublished-Greek-Transport-Amphorae-Discovered-at-Tomis.pdf\">view the PDF version<\/a>&#8211;<\/p>\n\n\n\n<hr class=\"wp-block-separator has-alpha-channel-opacity\"\/>\n\n\n\n<details class=\"wp-block-details is-layout-flow wp-block-details-is-layout-flow\"><summary>On the Wine, Olive Oil and Fish Supply of the Countryside in Roman Dobrudja (1st-3rd Centuries AD)<\/summary>\n<p><\/p>\n<\/details>\n\n\n\n<p class=\"has-text-align-center\"><strong>ANDREI OPAI\u021a, DOREL PARASCHIV<\/strong><br>&#8211;<a href=\"https:\/\/revistapontica.com\/wp-content\/uploads\/2026\/04\/1224-Pontica-46-Supplementum-II-2013-ANDREI-OPAIT-DOREL-PARASCHIV-\u2013-On-the-Wine-Olive-Oil-and-Fish-Supply-of-the-Countryside-in-Roman-Dobrudja-1st-3rd-Centuries-AD.pdf\" data-type=\"link\" data-id=\"https:\/\/revistapontica.com\/wp-content\/uploads\/2026\/04\/1224-Pontica-46-Supplementum-II-2013-ANDREI-OPAIT-DOREL-PARASCHIV-\u2013-On-the-Wine-Olive-Oil-and-Fish-Supply-of-the-Countryside-in-Roman-Dobrudja-1st-3rd-Centuries-AD.pdf\">view the PDF version<\/a>&#8211;<\/p>\n\n\n\n<hr class=\"wp-block-separator has-alpha-channel-opacity\"\/>\n\n\n\n<details class=\"wp-block-details is-layout-flow wp-block-details-is-layout-flow\"><summary>Les amphores grecques du centre \u00e9trusque du Forcello (Bagnolo S. Vito, Mantoue, Italie), VIe-Ve si\u00e8cles av. J.-C. et<\/summary>\n<p><\/p>\n<\/details>\n\n\n\n<p class=\"has-text-align-center\"><strong><strong>RAFFAELE CARLO DE MARINIS<\/strong><\/strong><br>&#8211;<a href=\"https:\/\/revistapontica.com\/wp-content\/uploads\/2026\/04\/1225-Pontica-46-Supplementum-II-2013-RAFFAELE-CARLO-DE-MARINIS-\u2013-Les-amphores-grecques-du-centre-etrusque-du-Forcello-Bagnolo-S.-Vito-Mantoue-Italie-VIe-Ve-siecles-av.-J.-C.-et-.pdf\" data-type=\"link\" data-id=\"https:\/\/revistapontica.com\/wp-content\/uploads\/2026\/04\/1225-Pontica-46-Supplementum-II-2013-RAFFAELE-CARLO-DE-MARINIS-\u2013-Les-amphores-grecques-du-centre-etrusque-du-Forcello-Bagnolo-S.-Vito-Mantoue-Italie-VIe-Ve-siecles-av.-J.-C.-et-.pdf\">view the PDF version<\/a>&#8211;<\/p>\n\n\n\n<hr class=\"wp-block-separator has-alpha-channel-opacity\"\/>\n\n\n\n<details class=\"wp-block-details is-layout-flow wp-block-details-is-layout-flow\"><summary>Amphores de l\u2019\u00c9g\u00e9e du nord des IVe et IIIe si\u00e8cles avant l\u2019\u00e8re chr\u00e9tienne trouv\u00e9es au Levant sud<\/summary>\n<p><\/p>\n<\/details>\n\n\n\n<p class=\"has-text-align-center\"><strong><strong>ANELIA BOZKOVA<\/strong><\/strong><br>&#8211;<a href=\"https:\/\/revistapontica.com\/wp-content\/uploads\/2026\/04\/1226-Pontica-46-Supplementum-II-2013-ANELIA-BOZKOVA-\u2013-Amphores-de-lEgee-du-nord-des-IVe-et-IIIe-siecles-avant-lere-chretienne-trouvees-au-Levant-sud.pdf\" data-type=\"link\" data-id=\"https:\/\/revistapontica.com\/wp-content\/uploads\/2026\/04\/1226-Pontica-46-Supplementum-II-2013-ANELIA-BOZKOVA-\u2013-Amphores-de-lEgee-du-nord-des-IVe-et-IIIe-siecles-avant-lere-chretienne-trouvees-au-Levant-sud.pdf\">view the PDF version<\/a>&#8211;<\/p>\n\n\n\n<hr class=\"wp-block-separator has-alpha-channel-opacity\"\/>\n\n\n\n<details class=\"wp-block-details is-layout-flow wp-block-details-is-layout-flow\"><summary>Amphores de l\u2019\u00c9g\u00e9e du nord des IVe et IIIe si\u00e8cles avant l\u2019\u00e8re chr\u00e9tienne trouv\u00e9es au Levant sud<\/summary>\n<p><\/p>\n<\/details>\n\n\n\n<p class=\"has-text-align-center\"><strong><strong>GERALD FINKIELSZTEJN<\/strong><\/strong><br>&#8211;<a href=\"https:\/\/revistapontica.com\/wp-content\/uploads\/2026\/04\/1227-Pontica-46-Supplementum-II-2013-GERALD-FINKIELSZTEJN-\u2013-Amphores-de-lEgee-du-nord-des-IVe-et-IIIe-siecles-avant-lere-chretienne-trouvees-au-Levant-sud.pdf\" data-type=\"link\" data-id=\"https:\/\/revistapontica.com\/wp-content\/uploads\/2026\/04\/1227-Pontica-46-Supplementum-II-2013-GERALD-FINKIELSZTEJN-\u2013-Amphores-de-lEgee-du-nord-des-IVe-et-IIIe-siecles-avant-lere-chretienne-trouvees-au-Levant-sud.pdf\">view the PDF version<\/a>&#8211;<\/p>\n\n\n\n<hr class=\"wp-block-separator has-alpha-channel-opacity\"\/>\n\n\n\n<details class=\"wp-block-details is-layout-flow wp-block-details-is-layout-flow\"><summary>Magistrate Ceramic Stamping in Herakleia Pontike &#8211; New Hypotheses and Discrepancies<\/summary>\n<p><\/p>\n<\/details>\n\n\n\n<p class=\"has-text-align-center\"><strong>NATALIA A. PAVLI\u010cENKO<\/strong><br>&#8211;<a href=\"https:\/\/revistapontica.com\/wp-content\/uploads\/2026\/04\/1228-Pontica-46-Supplementum-II-2013-NATALIA-A.-PAVLICENKO-\u2013-Magistrate-Ceramic-Stamping-in-Herakleia-Pontike-New-Hypotheses-and-Discrepancies.pdf\" data-type=\"link\" data-id=\"https:\/\/revistapontica.com\/wp-content\/uploads\/2026\/04\/1228-Pontica-46-Supplementum-II-2013-NATALIA-A.-PAVLICENKO-\u2013-Magistrate-Ceramic-Stamping-in-Herakleia-Pontike-New-Hypotheses-and-Discrepancies.pdf\">view the PDF version<\/a>&#8211;<\/p>\n\n\n\n<hr class=\"wp-block-separator has-alpha-channel-opacity\"\/>\n\n\n\n<details class=\"wp-block-details is-layout-flow wp-block-details-is-layout-flow\"><summary>Les amphores de transport des nouveaux complexes ferm\u00e9s de la cit\u00e9 des Scythes \u2013 Elisavetovskoye<\/summary>\n<p><\/p>\n<\/details>\n\n\n\n<p class=\"has-text-align-center\"><strong><strong>VIKTOR KOPYLOV, ALEXANDRE KOVALENKO<\/strong><\/strong><br>&#8211;<a href=\"https:\/\/revistapontica.com\/wp-content\/uploads\/2026\/04\/1229-Pontica-46-Supplementum-II-2013-VIKTOR-KOPYLOV-ALEXANDRE-KOVALENKO-\u2013-Les-amphores-de-transport-des-nouveaux-complexes-fermes-de-la-cite-des-Scythes-\u2013-Elisavetovskoye.pdf\" data-type=\"link\" data-id=\"https:\/\/revistapontica.com\/wp-content\/uploads\/2026\/04\/1229-Pontica-46-Supplementum-II-2013-VIKTOR-KOPYLOV-ALEXANDRE-KOVALENKO-\u2013-Les-amphores-de-transport-des-nouveaux-complexes-fermes-de-la-cite-des-Scythes-\u2013-Elisavetovskoye.pdf\">view the PDF version<\/a>&#8211;<\/p>\n\n\n\n<hr class=\"wp-block-separator has-alpha-channel-opacity\"\/>\n\n\n\n<details class=\"wp-block-details is-layout-flow wp-block-details-is-layout-flow\"><summary>Short and Long Distance Trade in Antiquity &#8211; the Case of the Thasian Wine Exports<\/summary>\n<p><\/p>\n<\/details>\n\n\n\n<p class=\"has-text-align-center\"><strong><strong>CHAVDAR TZOCHEV<\/strong><\/strong><br>&#8211;<a href=\"https:\/\/revistapontica.com\/wp-content\/uploads\/2026\/04\/1230-Pontica-46-Supplementum-II-2013-CHAVDAR-TZOCHEV-\u2013-Short-and-Long-Distance-Trade-in-Antiquity-the-Case-of-the-Thasian-Wine-Exports.pdf\" data-type=\"link\" data-id=\"https:\/\/revistapontica.com\/wp-content\/uploads\/2026\/04\/1230-Pontica-46-Supplementum-II-2013-CHAVDAR-TZOCHEV-\u2013-Short-and-Long-Distance-Trade-in-Antiquity-the-Case-of-the-Thasian-Wine-Exports.pdf\">view the PDF version<\/a>&#8211;<\/p>\n\n\n\n<hr class=\"wp-block-separator has-alpha-channel-opacity\"\/>\n\n\n\n<details class=\"wp-block-details is-layout-flow wp-block-details-is-layout-flow\"><summary>Les importations d\u2019ampores grecques de l\u2019\u00e9tablissement de Nadlimanskoe (analyse des timbres amphoriques)<\/summary>\n<p><\/p>\n<\/details>\n\n\n\n<p class=\"has-text-align-center\"><strong><strong>NATALIA MATEEVICI, EVGENIJA REDINA<\/strong><\/strong><br>&#8211;<a href=\"https:\/\/revistapontica.com\/wp-content\/uploads\/2026\/04\/1231-Pontica-46-Supplementum-II-2013-NATALIA-MATEEVICI-EVGENIJA-REDINA-\u2013-Les-importations-dampores-grecques-de-letablissement-de-Nadlimanskoe-analyse-des-timbres-amphoriques.pdf\" data-type=\"link\" data-id=\"https:\/\/revistapontica.com\/wp-content\/uploads\/2026\/04\/1231-Pontica-46-Supplementum-II-2013-NATALIA-MATEEVICI-EVGENIJA-REDINA-\u2013-Les-importations-dampores-grecques-de-letablissement-de-Nadlimanskoe-analyse-des-timbres-amphoriques.pdf\">view the PDF version<\/a>&#8211;<\/p>\n\n\n\n<hr class=\"wp-block-separator has-alpha-channel-opacity\"\/>\n\n\n\n<details class=\"wp-block-details is-layout-flow wp-block-details-is-layout-flow\"><summary>Die Rhodos\u2013Amphoren aus der getischen Siedlung von Satu Nou \u2013 \u201eValea lui Voicu\u201d (Gem. Oltina, Kr. Constan\u021ba)<\/summary>\n<p><\/p>\n<\/details>\n\n\n\n<p class=\"has-text-align-center\"><strong><strong>MIHAI IRIMIA<\/strong><\/strong><br>&#8211;<a href=\"https:\/\/revistapontica.com\/wp-content\/uploads\/2026\/04\/1232-Pontica-46-Supplementum-II-2013-MIHAI-IRIMIA-\u2013-Die-Rhodos\u2013Amphoren-aus-der-getischen-Siedlung-von-Satu-Nou-\u2013-\u201eValea-lui-Voicu-Gem.-Oltina-Kr.-Constanta.pdf\" data-type=\"link\" data-id=\"https:\/\/revistapontica.com\/wp-content\/uploads\/2026\/04\/1232-Pontica-46-Supplementum-II-2013-MIHAI-IRIMIA-\u2013-Die-Rhodos\u2013Amphoren-aus-der-getischen-Siedlung-von-Satu-Nou-\u2013-\u201eValea-lui-Voicu-Gem.-Oltina-Kr.-Constanta.pdf\">view the PDF version<\/a>&#8211;<\/p>\n\n\n\n<hr class=\"wp-block-separator has-alpha-channel-opacity\"\/>\n\n\n\n<details class=\"wp-block-details is-layout-flow wp-block-details-is-layout-flow\"><summary>Les timbres amphoriques de la collection Ion Mititelu du Mus\u00e9e National d\u2019Histoire de la Roumanie \u2013 Bucarest<\/summary>\n<p><\/p>\n<\/details>\n\n\n\n<p class=\"has-text-align-center\"><strong>NICULAE CONOVICI, VASILICA LUNGU<\/strong><br>&#8211;<a href=\"https:\/\/revistapontica.com\/wp-content\/uploads\/2026\/04\/1233-Pontica-46-Supplementum-II-2013-NICULAE-CONOVICI-VASILICA-LUNGU-\u2013-Les-timbres-amphoriques-de-la-collection-Ion-Mititelu-du-Musee-National-dHistoire-de-la-Roumanie-\u2013-Bucarest.pdf\" data-type=\"link\" data-id=\"https:\/\/revistapontica.com\/wp-content\/uploads\/2026\/04\/1233-Pontica-46-Supplementum-II-2013-NICULAE-CONOVICI-VASILICA-LUNGU-\u2013-Les-timbres-amphoriques-de-la-collection-Ion-Mititelu-du-Musee-National-dHistoire-de-la-Roumanie-\u2013-Bucarest.pdf\">view the PDF version<\/a>&#8211;<\/p>\n\n\n\n<hr class=\"wp-block-separator has-alpha-channel-opacity\"\/>\n\n\n\n<details class=\"wp-block-details is-layout-flow wp-block-details-is-layout-flow\"><summary>Amphores romaines tardives d\u00e9couvertes \u00e0 (L)ibida<\/summary>\n<p><\/p>\n<\/details>\n\n\n\n<p class=\"has-text-align-center\"><strong>DOREL PARASCHIV<\/strong><br>&#8211;<a href=\"https:\/\/revistapontica.com\/wp-content\/uploads\/2026\/04\/1234-Pontica-46-Supplementum-II-2013-DOREL-PARASCHIV-\u2013-Amphores-romaines-tardives-decouvertes-a-Libida.pdf\" data-type=\"link\" data-id=\"https:\/\/revistapontica.com\/wp-content\/uploads\/2026\/04\/1234-Pontica-46-Supplementum-II-2013-DOREL-PARASCHIV-\u2013-Amphores-romaines-tardives-decouvertes-a-Libida.pdf\">view the PDF version<\/a>&#8211;<\/p>\n\n\n\n<hr class=\"wp-block-separator has-alpha-channel-opacity\"\/>\n\n\n\n<details class=\"wp-block-details is-layout-flow wp-block-details-is-layout-flow\"><summary>Study of the Colchian Amphora of Early Byzantine Period<\/summary>\n<p><\/p>\n<\/details>\n\n\n\n<p class=\"has-text-align-center\"><strong>NINO INAISHVILI, MERAB KHALVASHI<\/strong><br>&#8211;<a href=\"https:\/\/revistapontica.com\/wp-content\/uploads\/2026\/04\/1235-Pontica-46-Supplementum-II-2013-NINO-INAISHVILI-MERAB-KHALVASHI-\u2013-Study-of-the-Colchian-Amphora-of-Early-Byzantine-Period.pdf\" data-type=\"link\" data-id=\"https:\/\/revistapontica.com\/wp-content\/uploads\/2026\/04\/1235-Pontica-46-Supplementum-II-2013-NINO-INAISHVILI-MERAB-KHALVASHI-\u2013-Study-of-the-Colchian-Amphora-of-Early-Byzantine-Period.pdf\">view the PDF version<\/a>&#8211;<\/p>\n\n\n\n<hr class=\"wp-block-separator has-alpha-channel-opacity\"\/>\n\n\n\n<details class=\"wp-block-details is-layout-flow wp-block-details-is-layout-flow\"><summary>Byzantine Patterns of Communication at the Lower Danube (The Amphora Evidence from Silistra)<\/summary>\n<p><\/p>\n<\/details>\n\n\n\n<p class=\"has-text-align-center\"><strong>EVELINA TODOROVA<\/strong><br>&#8211;<a href=\"https:\/\/revistapontica.com\/wp-content\/uploads\/2026\/04\/1236-Pontica-46-Supplementum-II-2013-EVELINA-TODOROVA-\u2013-Byzantine-Patterns-of-Communication-at-the-Lower-Danube-The-Amphora-Evidence-from-Silistra.pdf\" data-type=\"link\" data-id=\"https:\/\/revistapontica.com\/wp-content\/uploads\/2026\/04\/1236-Pontica-46-Supplementum-II-2013-EVELINA-TODOROVA-\u2013-Byzantine-Patterns-of-Communication-at-the-Lower-Danube-The-Amphora-Evidence-from-Silistra.pdf\">view the PDF version<\/a>&#8211;<\/p>\n\n\n\n<hr class=\"wp-block-separator has-alpha-channel-opacity\"\/>\n\n\n\n<details class=\"wp-block-details is-layout-flow wp-block-details-is-layout-flow\"><summary>Amphorae from a Roman Byzantine Edifice in Capidava<\/summary>\n<p><\/p>\n<\/details>\n\n\n\n<p class=\"has-text-align-center\"><strong>ZAHARIA COVACEF, TIBERIU POT\u00c2RNICHE<\/strong><br>&#8211;<a href=\"https:\/\/revistapontica.com\/wp-content\/uploads\/2026\/04\/1237-Pontica-46-Supplementum-II-2013-ZAHARIA-COVACEF-TIBERIU-POTARNICHE-\u2013-Amphorae-from-a-Roman-Byzantine-Edifice-in-Capidava.pdf\" data-type=\"link\" data-id=\"https:\/\/revistapontica.com\/wp-content\/uploads\/2026\/04\/1237-Pontica-46-Supplementum-II-2013-ZAHARIA-COVACEF-TIBERIU-POTARNICHE-\u2013-Amphorae-from-a-Roman-Byzantine-Edifice-in-Capidava.pdf\">view the PDF version<\/a>&#8211;<\/p>\n\n\n\n<hr class=\"wp-block-separator has-alpha-channel-opacity\"\/>\n\n\n\n<details class=\"wp-block-details is-layout-flow wp-block-details-is-layout-flow\"><summary>A Web based Information System of Pottery Fabrics in the Central Mediterranean (FACEM)<\/summary>\n<p><\/p>\n<\/details>\n\n\n\n<p class=\"has-text-align-center\"><strong>VERENA GASSNER, KURT SCHALLER<\/strong><br>&#8211;<a href=\"https:\/\/revistapontica.com\/wp-content\/uploads\/2026\/04\/1238-Pontica-46-Supplementum-II-2013-VERENA-GASSNER-KURT-SCHALLER-\u2013-A-Web-based-Information-System-of-Pottery-Fabrics-in-the-Central-Mediterranean-FACEM.pdf\" data-type=\"link\" data-id=\"https:\/\/revistapontica.com\/wp-content\/uploads\/2026\/04\/1238-Pontica-46-Supplementum-II-2013-VERENA-GASSNER-KURT-SCHALLER-\u2013-A-Web-based-Information-System-of-Pottery-Fabrics-in-the-Central-Mediterranean-FACEM.pdf\">view the PDF version<\/a>&#8211;<\/p>\n\n\n\n<hr class=\"wp-block-separator has-alpha-channel-opacity\"\/>\n\n\n\n<p class=\"has-text-align-center\"><strong>Abrevieri<\/strong><br>&#8211;<a href=\"https:\/\/revistapontica.com\/wp-content\/uploads\/2026\/04\/Pontica-46-Supplementum-II-2013-Abrevieri.pdf\" data-type=\"link\" data-id=\"https:\/\/revistapontica.com\/wp-content\/uploads\/2026\/04\/Pontica-46-Supplementum-II-2013-Abrevieri.pdf\">view the PDF version<\/a>&#8211;<\/p>\n\n\n\n<hr class=\"wp-block-separator has-alpha-channel-opacity\"\/>\n\n\n\n<p class=\"has-text-align-center\"><strong>Lista abrevierilor bibliografice<\/strong><br>&#8211;<a href=\"https:\/\/revistapontica.com\/wp-content\/uploads\/2026\/04\/Pontica-46-Supplementum-II-2013-Lista-abrevierilor-bibliografice.pdf\" data-type=\"link\" data-id=\"https:\/\/revistapontica.com\/wp-content\/uploads\/2026\/04\/Pontica-46-Supplementum-II-2013-Lista-abrevierilor-bibliografice.pdf\">view the PDF version<\/a>&#8211;<\/p>\n\n\n\n<hr class=\"wp-block-separator has-alpha-channel-opacity\"\/>\n\n\n\n<p class=\"has-text-align-center\"><strong>Lista autorilor<\/strong><br>&#8211;<a href=\"https:\/\/revistapontica.com\/wp-content\/uploads\/2026\/04\/Pontica-46-Supplementum-II-2013-Lista-autorilor.pdf\" data-type=\"link\" data-id=\"https:\/\/revistapontica.com\/wp-content\/uploads\/2026\/04\/Pontica-46-Supplementum-II-2013-Lista-autorilor.pdf\">view the PDF version<\/a>&#8211;<\/p>","protected":false},"excerpt":{"rendered":"<p>SUMAR&#8211;deschide varianta PDF&#8211; Production et commerce amphorique en mer Noire \u2013 PATABS III. Argumentaire&#8211;deschide varianta PDF&#8211; ALEXANDRU AVRAM &#8211;deschide varianta PDF&#8211; JAN BOUZEK &#8211;deschide varianta PDF&#8211; NIKOLAI JEFREMOW&#8211;deschide varianta PDF&#8211; MICHEL DEBIDOUR&#8211;deschide varianta PDF&#8211; S. YU. VNUKOV&#8211;deschide varianta PDF&#8211; KONSTANTINOS FILIS&#8211;deschide varianta PDF&#8211; NATHAN BADOUD&#8211;deschide varianta PDF&#8211; ARIS TSARAVOPOULOS, ANDREI OPAI\u021a, GELLY FRAGOU&#8211;deschide varianta PDF&#8211; [&hellip;]<\/p>\n","protected":false},"author":2,"featured_media":0,"comment_status":"closed","ping_status":"closed","sticky":false,"template":"","format":"standard","meta":{"footnotes":""},"categories":[19],"tags":[],"class_list":["post-1977","post","type-post","status-publish","format-standard","hentry","category-supplementum"],"_links":{"self":[{"href":"https:\/\/revistapontica.com\/en\/wp-json\/wp\/v2\/posts\/1977","targetHints":{"allow":["GET"]}}],"collection":[{"href":"https:\/\/revistapontica.com\/en\/wp-json\/wp\/v2\/posts"}],"about":[{"href":"https:\/\/revistapontica.com\/en\/wp-json\/wp\/v2\/types\/post"}],"author":[{"embeddable":true,"href":"https:\/\/revistapontica.com\/en\/wp-json\/wp\/v2\/users\/2"}],"replies":[{"embeddable":true,"href":"https:\/\/revistapontica.com\/en\/wp-json\/wp\/v2\/comments?post=1977"}],"version-history":[{"count":3,"href":"https:\/\/revistapontica.com\/en\/wp-json\/wp\/v2\/posts\/1977\/revisions"}],"predecessor-version":[{"id":3258,"href":"https:\/\/revistapontica.com\/en\/wp-json\/wp\/v2\/posts\/1977\/revisions\/3258"}],"wp:attachment":[{"href":"https:\/\/revistapontica.com\/en\/wp-json\/wp\/v2\/media?parent=1977"}],"wp:term":[{"taxonomy":"category","embeddable":true,"href":"https:\/\/revistapontica.com\/en\/wp-json\/wp\/v2\/categories?post=1977"},{"taxonomy":"post_tag","embeddable":true,"href":"https:\/\/revistapontica.com\/en\/wp-json\/wp\/v2\/tags?post=1977"}],"curies":[{"name":"wp","href":"https:\/\/api.w.org\/{rel}","templated":true}]}}